{"id":20605,"date":"2023-11-30T18:22:50","date_gmt":"2023-11-30T18:22:50","guid":{"rendered":"https:\/\/kibrisdakik.com\/index.php\/2023\/11\/30\/cumhurbaskani-tatar-gunes-enerjisinden-daha-etkin-sekilde-yararlanilmasi-sarttir\/"},"modified":"2023-11-30T18:22:50","modified_gmt":"2023-11-30T18:22:50","slug":"cumhurbaskani-tatar-gunes-enerjisinden-daha-etkin-sekilde-yararlanilmasi-sarttir","status":"publish","type":"post","link":"https:\/\/kibrisdakik.com\/?p=20605","title":{"rendered":"Cumhurba\u015fkan\u0131 Tatar: \u201cG\u00fcne\u015f enerjisinden daha etkin \u015fekilde yararlan\u0131lmas\u0131 \u015fartt\u0131r\u201d"},"content":{"rendered":"<p><img decoding=\"async\" src=\"https:\/\/www.kibristurk.com\/images\/haberler\/2023\/11\/cumhurbaskani-tatar-gunes-enerjisinden-daha-etkin-sekilde-yararlanilmasi-sarttir-1701366826.webp\" \/><\/p>\n<p>Cumhurba\u015fkan\u0131 Ersin Tatar, Kuzey K\u0131br\u0131s T\u00fcrk Cumhuriyeti ad\u0131na teknik uzman olarak g\u00f6rev yapan Ortado\u011fu Teknik \u00dcniversitesi \u00d6\u011fretim \u00dcyesi Prof. Dr. Murat Fahrio\u011flu ve Uluslararas\u0131 K\u0131br\u0131s \u00dcniversitesi \u00d6\u011fretim \u00dcyesi Prof. Dr. Serkan Abbaso\u011flu\u2019nu kabul etti.&nbsp;<\/p>\n<p>Cumhurba\u015fkanl\u0131\u011f\u0131\u2019ndan verilen bilgiye g\u00f6re, kabulde Cumhurba\u015fkan\u0131 Ersin Tatar\u2019\u0131n, Rum Liderle vard\u0131\u011f\u0131 mutabakat neticesinde ara b\u00f6lgede kurulmas\u0131 kararla\u015ft\u0131r\u0131lan fotovoltaik parka ili\u015fkin ba\u015flat\u0131lan \u00f6n fizibilite \u00e7al\u0131\u015fmas\u0131na dair gelinen son a\u015famayla ilgili brifing verdi.&nbsp;<\/p>\n<p>&nbsp;<\/p>\n<p>-Tatar: &#8220;G\u00fcne\u015f enerjisi santrali iki halk\u0131n da yarar\u0131na ve i\u015f birli\u011fi i\u00e7in \u00f6rnek model&#8221;&nbsp;<\/p>\n<p>Cumhurba\u015fkan\u0131 Tatar kabulde yapt\u0131\u011f\u0131 konu\u015fmada, K\u0131br\u0131s adas\u0131n\u0131n g\u00fcne\u015f enerjisi a\u00e7\u0131s\u0131ndan \u00e7ok avantajl\u0131 bir iklime sahip oldu\u011funu vurgulayarak, ara b\u00f6lgede kurulmas\u0131 \u00f6ng\u00f6r\u00fclen g\u00fcne\u015f enerjisi santralinin, iki taraf\u0131n, iki halk\u0131n ve adan\u0131n yarar\u0131na olaca\u011f\u0131n\u0131, ayn\u0131 zamanda i\u015f birli\u011fi i\u00e7in \u00f6rnek bir model te\u015fkil edece\u011fini ifade etti.&nbsp;<\/p>\n<p>Cumhurba\u015fkan\u0131 Tatar, elektrik enerjisinin iki taraf i\u00e7in ihtiya\u00e7 oldu\u011funu, bu projenin hayata ge\u00e7irilmesiyle ileride daha geni\u015f kapsaml\u0131 i\u015f birliklerine de imkan sa\u011flayaca\u011f\u0131n\u0131 belirterek, nihayetinde hedefin T\u00fcrkiye \u00fczerinden Avrupa Birli\u011fi enterkonnekte sistemine ba\u011flanmak oldu\u011funu, bu sayede g\u00fcne\u015f enerjisinden daha etkin \u015fekilde yararlan\u0131labilece\u011fini kaydetti.&nbsp;<\/p>\n<p>&nbsp;<\/p>\n","protected":false},"excerpt":{"rendered":"<p>Cumhurba\u015fkan\u0131 Ersin Tatar, Kuzey K\u0131br\u0131s T\u00fcrk Cumhuriyeti ad\u0131na teknik uzman olarak g\u00f6rev yapan Ortado\u011fu Teknik \u00dcniversitesi \u00d6\u011fretim \u00dcyesi Prof. Dr. Murat Fahrio\u011flu ve Uluslararas\u0131 K\u0131br\u0131s \u00dcniversitesi \u00d6\u011fretim \u00dcyesi Prof. Dr. Serkan Abbaso\u011flu\u2019nu kabul etti.&nbsp; Cumhurba\u015fkanl\u0131\u011f\u0131\u2019ndan verilen bilgiye g\u00f6re, kabulde Cumhurba\u015fkan\u0131 Ersin Tatar\u2019\u0131n, Rum Liderle vard\u0131\u011f\u0131 mutabakat neticesinde ara b\u00f6lgede kurulmas\u0131 kararla\u015ft\u0131r\u0131lan fotovoltaik parka ili\u015fkin ba\u015flat\u0131lan<\/p>\n","protected":false},"author":1,"featured_media":20606,"comment_status":"open","ping_status":"open","sticky":false,"template":"","format":"standard","meta":{"footnotes":""},"categories":[86],"tags":[],"class_list":["post-20605","post","type-post","status-publish","format-standard","has-post-thumbnail","hentry","category-turkiye"],"yoast_head":"<!-- This site is optimized with the Yoast SEO plugin v27.4 - https:\/\/yoast.com\/product\/yoast-seo-wordpress\/ -->\n<title>Cumhurba\u015fkan\u0131 Tatar: \u201cG\u00fcne\u015f enerjisinden daha etkin \u015fekilde yararlan\u0131lmas\u0131 \u015fartt\u0131r\u201d -<\/title>\n<meta name=\"robots\" content=\"index, follow, max-snippet:-1, max-image-preview:large, max-video-preview:-1\" \/>\n<link rel=\"canonical\" href=\"https:\/\/kibrisdakik.com\/?p=20605\" \/>\n<meta property=\"og:locale\" content=\"tr_TR\" \/>\n<meta property=\"og:type\" content=\"article\" \/>\n<meta property=\"og:title\" content=\"Cumhurba\u015fkan\u0131 Tatar: \u201cG\u00fcne\u015f enerjisinden daha etkin \u015fekilde yararlan\u0131lmas\u0131 \u015fartt\u0131r\u201d -\" \/>\n<meta property=\"og:description\" content=\"Cumhurba\u015fkan\u0131 Ersin Tatar, Kuzey K\u0131br\u0131s T\u00fcrk Cumhuriyeti ad\u0131na teknik uzman olarak g\u00f6rev yapan Ortado\u011fu Teknik \u00dcniversitesi \u00d6\u011fretim \u00dcyesi Prof. Dr. Murat Fahrio\u011flu ve Uluslararas\u0131 K\u0131br\u0131s \u00dcniversitesi \u00d6\u011fretim \u00dcyesi Prof. Dr. Serkan Abbaso\u011flu\u2019nu kabul etti.&nbsp; Cumhurba\u015fkanl\u0131\u011f\u0131\u2019ndan verilen bilgiye g\u00f6re, kabulde Cumhurba\u015fkan\u0131 Ersin Tatar\u2019\u0131n, Rum Liderle vard\u0131\u011f\u0131 mutabakat neticesinde ara b\u00f6lgede kurulmas\u0131 kararla\u015ft\u0131r\u0131lan fotovoltaik parka ili\u015fkin ba\u015flat\u0131lan\" \/>\n<meta property=\"og:url\" content=\"https:\/\/kibrisdakik.com\/?p=20605\" \/>\n<meta property=\"article:published_time\" content=\"2023-11-30T18:22:50+00:00\" \/>\n<meta property=\"og:image\" content=\"https:\/\/kibrisdakik.com\/wp-content\/uploads\/2023\/11\/cumhurbaskani-tatar-gunes-enerjisinden-daha-etkin-sekilde-yararlanilmasi-sarttir-1701366826.webp.webp\" \/>\n\t<meta property=\"og:image:width\" content=\"710\" \/>\n\t<meta property=\"og:image:height\" content=\"370\" \/>\n\t<meta property=\"og:image:type\" content=\"image\/webp\" \/>\n<meta name=\"author\" content=\"admin\" \/>\n<meta name=\"twitter:card\" content=\"summary_large_image\" \/>\n<meta name=\"twitter:label1\" content=\"Yazan:\" \/>\n\t<meta name=\"twitter:data1\" content=\"admin\" \/>\n\t<meta name=\"twitter:label2\" content=\"Tahmini okuma s\u00fcresi\" \/>\n\t<meta name=\"twitter:data2\" content=\"1 dakika\" \/>\n<script type=\"application\/ld+json\" class=\"yoast-schema-graph\">{\"@context\":\"https:\\\/\\\/schema.org\",\"@graph\":[{\"@type\":\"Article\",\"@id\":\"https:\\\/\\\/kibrisdakik.com\\\/?p=20605#article\",\"isPartOf\":{\"@id\":\"https:\\\/\\\/kibrisdakik.com\\\/?p=20605\"},\"author\":{\"name\":\"admin\",\"@id\":\"https:\\\/\\\/kibrisdakik.com\\\/#\\\/schema\\\/person\\\/9cd9d437bbb44f72b73ba127e06d8e79\"},\"headline\":\"Cumhurba\u015fkan\u0131 Tatar: \u201cG\u00fcne\u015f enerjisinden daha etkin \u015fekilde yararlan\u0131lmas\u0131 \u015fartt\u0131r\u201d\",\"datePublished\":\"2023-11-30T18:22:50+00:00\",\"mainEntityOfPage\":{\"@id\":\"https:\\\/\\\/kibrisdakik.com\\\/?p=20605\"},\"wordCount\":253,\"commentCount\":0,\"image\":{\"@id\":\"https:\\\/\\\/kibrisdakik.com\\\/?p=20605#primaryimage\"},\"thumbnailUrl\":\"https:\\\/\\\/kibrisdakik.com\\\/wp-content\\\/uploads\\\/2023\\\/11\\\/cumhurbaskani-tatar-gunes-enerjisinden-daha-etkin-sekilde-yararlanilmasi-sarttir-1701366826.webp.webp\",\"articleSection\":[\"T\u00fcrkiye\"],\"inLanguage\":\"tr\",\"potentialAction\":[{\"@type\":\"CommentAction\",\"name\":\"Comment\",\"target\":[\"https:\\\/\\\/kibrisdakik.com\\\/?p=20605#respond\"]}]},{\"@type\":\"WebPage\",\"@id\":\"https:\\\/\\\/kibrisdakik.com\\\/?p=20605\",\"url\":\"https:\\\/\\\/kibrisdakik.com\\\/?p=20605\",\"name\":\"Cumhurba\u015fkan\u0131 Tatar: \u201cG\u00fcne\u015f enerjisinden daha etkin \u015fekilde yararlan\u0131lmas\u0131 \u015fartt\u0131r\u201d -\",\"isPartOf\":{\"@id\":\"https:\\\/\\\/kibrisdakik.com\\\/#website\"},\"primaryImageOfPage\":{\"@id\":\"https:\\\/\\\/kibrisdakik.com\\\/?p=20605#primaryimage\"},\"image\":{\"@id\":\"https:\\\/\\\/kibrisdakik.com\\\/?p=20605#primaryimage\"},\"thumbnailUrl\":\"https:\\\/\\\/kibrisdakik.com\\\/wp-content\\\/uploads\\\/2023\\\/11\\\/cumhurbaskani-tatar-gunes-enerjisinden-daha-etkin-sekilde-yararlanilmasi-sarttir-1701366826.webp.webp\",\"datePublished\":\"2023-11-30T18:22:50+00:00\",\"author\":{\"@id\":\"https:\\\/\\\/kibrisdakik.com\\\/#\\\/schema\\\/person\\\/9cd9d437bbb44f72b73ba127e06d8e79\"},\"breadcrumb\":{\"@id\":\"https:\\\/\\\/kibrisdakik.com\\\/?p=20605#breadcrumb\"},\"inLanguage\":\"tr\",\"potentialAction\":[{\"@type\":\"ReadAction\",\"target\":[\"https:\\\/\\\/kibrisdakik.com\\\/?p=20605\"]}]},{\"@type\":\"ImageObject\",\"inLanguage\":\"tr\",\"@id\":\"https:\\\/\\\/kibrisdakik.com\\\/?p=20605#primaryimage\",\"url\":\"https:\\\/\\\/kibrisdakik.com\\\/wp-content\\\/uploads\\\/2023\\\/11\\\/cumhurbaskani-tatar-gunes-enerjisinden-daha-etkin-sekilde-yararlanilmasi-sarttir-1701366826.webp.webp\",\"contentUrl\":\"https:\\\/\\\/kibrisdakik.com\\\/wp-content\\\/uploads\\\/2023\\\/11\\\/cumhurbaskani-tatar-gunes-enerjisinden-daha-etkin-sekilde-yararlanilmasi-sarttir-1701366826.webp.webp\",\"width\":710,\"height\":370},{\"@type\":\"BreadcrumbList\",\"@id\":\"https:\\\/\\\/kibrisdakik.com\\\/?p=20605#breadcrumb\",\"itemListElement\":[{\"@type\":\"ListItem\",\"position\":1,\"name\":\"Home\",\"item\":\"https:\\\/\\\/kibrisdakik.com\\\/\"},{\"@type\":\"ListItem\",\"position\":2,\"name\":\"Cumhurba\u015fkan\u0131 Tatar: \u201cG\u00fcne\u015f enerjisinden daha etkin \u015fekilde yararlan\u0131lmas\u0131 \u015fartt\u0131r\u201d\"}]},{\"@type\":\"WebSite\",\"@id\":\"https:\\\/\\\/kibrisdakik.com\\\/#website\",\"url\":\"https:\\\/\\\/kibrisdakik.com\\\/\",\"name\":\"\",\"description\":\"Tam vaktinde haber\",\"potentialAction\":[{\"@type\":\"SearchAction\",\"target\":{\"@type\":\"EntryPoint\",\"urlTemplate\":\"https:\\\/\\\/kibrisdakik.com\\\/?s={search_term_string}\"},\"query-input\":{\"@type\":\"PropertyValueSpecification\",\"valueRequired\":true,\"valueName\":\"search_term_string\"}}],\"inLanguage\":\"tr\"},{\"@type\":\"Person\",\"@id\":\"https:\\\/\\\/kibrisdakik.com\\\/#\\\/schema\\\/person\\\/9cd9d437bbb44f72b73ba127e06d8e79\",\"name\":\"admin\",\"image\":{\"@type\":\"ImageObject\",\"inLanguage\":\"tr\",\"@id\":\"https:\\\/\\\/secure.gravatar.com\\\/avatar\\\/ccc17943b9d660506c869530f897617f7cb1c21a4bf30023f252596d83e1f007?s=96&d=mm&r=g\",\"url\":\"https:\\\/\\\/secure.gravatar.com\\\/avatar\\\/ccc17943b9d660506c869530f897617f7cb1c21a4bf30023f252596d83e1f007?s=96&d=mm&r=g\",\"contentUrl\":\"https:\\\/\\\/secure.gravatar.com\\\/avatar\\\/ccc17943b9d660506c869530f897617f7cb1c21a4bf30023f252596d83e1f007?s=96&d=mm&r=g\",\"caption\":\"admin\"},\"sameAs\":[\"https:\\\/\\\/kibrisdakik.com\"],\"url\":\"https:\\\/\\\/kibrisdakik.com\\\/?author=1\"}]}<\/script>\n<!-- \/ Yoast SEO plugin. -->","yoast_head_json":{"title":"Cumhurba\u015fkan\u0131 Tatar: \u201cG\u00fcne\u015f enerjisinden daha etkin \u015fekilde yararlan\u0131lmas\u0131 \u015fartt\u0131r\u201d -","robots":{"index":"index","follow":"follow","max-snippet":"max-snippet:-1","max-image-preview":"max-image-preview:large","max-video-preview":"max-video-preview:-1"},"canonical":"https:\/\/kibrisdakik.com\/?p=20605","og_locale":"tr_TR","og_type":"article","og_title":"Cumhurba\u015fkan\u0131 Tatar: \u201cG\u00fcne\u015f enerjisinden daha etkin \u015fekilde yararlan\u0131lmas\u0131 \u015fartt\u0131r\u201d -","og_description":"Cumhurba\u015fkan\u0131 Ersin Tatar, Kuzey K\u0131br\u0131s T\u00fcrk Cumhuriyeti ad\u0131na teknik uzman olarak g\u00f6rev yapan Ortado\u011fu Teknik \u00dcniversitesi \u00d6\u011fretim \u00dcyesi Prof. Dr. Murat Fahrio\u011flu ve Uluslararas\u0131 K\u0131br\u0131s \u00dcniversitesi \u00d6\u011fretim \u00dcyesi Prof. Dr. Serkan Abbaso\u011flu\u2019nu kabul etti.&nbsp; Cumhurba\u015fkanl\u0131\u011f\u0131\u2019ndan verilen bilgiye g\u00f6re, kabulde Cumhurba\u015fkan\u0131 Ersin Tatar\u2019\u0131n, Rum Liderle vard\u0131\u011f\u0131 mutabakat neticesinde ara b\u00f6lgede kurulmas\u0131 kararla\u015ft\u0131r\u0131lan fotovoltaik parka ili\u015fkin ba\u015flat\u0131lan","og_url":"https:\/\/kibrisdakik.com\/?p=20605","article_published_time":"2023-11-30T18:22:50+00:00","og_image":[{"width":710,"height":370,"url":"https:\/\/kibrisdakik.com\/wp-content\/uploads\/2023\/11\/cumhurbaskani-tatar-gunes-enerjisinden-daha-etkin-sekilde-yararlanilmasi-sarttir-1701366826.webp.webp","type":"image\/webp"}],"author":"admin","twitter_card":"summary_large_image","twitter_misc":{"Yazan:":"admin","Tahmini okuma s\u00fcresi":"1 dakika"},"schema":{"@context":"https:\/\/schema.org","@graph":[{"@type":"Article","@id":"https:\/\/kibrisdakik.com\/?p=20605#article","isPartOf":{"@id":"https:\/\/kibrisdakik.com\/?p=20605"},"author":{"name":"admin","@id":"https:\/\/kibrisdakik.com\/#\/schema\/person\/9cd9d437bbb44f72b73ba127e06d8e79"},"headline":"Cumhurba\u015fkan\u0131 Tatar: \u201cG\u00fcne\u015f enerjisinden daha etkin \u015fekilde yararlan\u0131lmas\u0131 \u015fartt\u0131r\u201d","datePublished":"2023-11-30T18:22:50+00:00","mainEntityOfPage":{"@id":"https:\/\/kibrisdakik.com\/?p=20605"},"wordCount":253,"commentCount":0,"image":{"@id":"https:\/\/kibrisdakik.com\/?p=20605#primaryimage"},"thumbnailUrl":"https:\/\/kibrisdakik.com\/wp-content\/uploads\/2023\/11\/cumhurbaskani-tatar-gunes-enerjisinden-daha-etkin-sekilde-yararlanilmasi-sarttir-1701366826.webp.webp","articleSection":["T\u00fcrkiye"],"inLanguage":"tr","potentialAction":[{"@type":"CommentAction","name":"Comment","target":["https:\/\/kibrisdakik.com\/?p=20605#respond"]}]},{"@type":"WebPage","@id":"https:\/\/kibrisdakik.com\/?p=20605","url":"https:\/\/kibrisdakik.com\/?p=20605","name":"Cumhurba\u015fkan\u0131 Tatar: \u201cG\u00fcne\u015f enerjisinden daha etkin \u015fekilde yararlan\u0131lmas\u0131 \u015fartt\u0131r\u201d -","isPartOf":{"@id":"https:\/\/kibrisdakik.com\/#website"},"primaryImageOfPage":{"@id":"https:\/\/kibrisdakik.com\/?p=20605#primaryimage"},"image":{"@id":"https:\/\/kibrisdakik.com\/?p=20605#primaryimage"},"thumbnailUrl":"https:\/\/kibrisdakik.com\/wp-content\/uploads\/2023\/11\/cumhurbaskani-tatar-gunes-enerjisinden-daha-etkin-sekilde-yararlanilmasi-sarttir-1701366826.webp.webp","datePublished":"2023-11-30T18:22:50+00:00","author":{"@id":"https:\/\/kibrisdakik.com\/#\/schema\/person\/9cd9d437bbb44f72b73ba127e06d8e79"},"breadcrumb":{"@id":"https:\/\/kibrisdakik.com\/?p=20605#breadcrumb"},"inLanguage":"tr","potentialAction":[{"@type":"ReadAction","target":["https:\/\/kibrisdakik.com\/?p=20605"]}]},{"@type":"ImageObject","inLanguage":"tr","@id":"https:\/\/kibrisdakik.com\/?p=20605#primaryimage","url":"https:\/\/kibrisdakik.com\/wp-content\/uploads\/2023\/11\/cumhurbaskani-tatar-gunes-enerjisinden-daha-etkin-sekilde-yararlanilmasi-sarttir-1701366826.webp.webp","contentUrl":"https:\/\/kibrisdakik.com\/wp-content\/uploads\/2023\/11\/cumhurbaskani-tatar-gunes-enerjisinden-daha-etkin-sekilde-yararlanilmasi-sarttir-1701366826.webp.webp","width":710,"height":370},{"@type":"BreadcrumbList","@id":"https:\/\/kibrisdakik.com\/?p=20605#breadcrumb","itemListElement":[{"@type":"ListItem","position":1,"name":"Home","item":"https:\/\/kibrisdakik.com\/"},{"@type":"ListItem","position":2,"name":"Cumhurba\u015fkan\u0131 Tatar: \u201cG\u00fcne\u015f enerjisinden daha etkin \u015fekilde yararlan\u0131lmas\u0131 \u015fartt\u0131r\u201d"}]},{"@type":"WebSite","@id":"https:\/\/kibrisdakik.com\/#website","url":"https:\/\/kibrisdakik.com\/","name":"","description":"Tam vaktinde haber","potentialAction":[{"@type":"SearchAction","target":{"@type":"EntryPoint","urlTemplate":"https:\/\/kibrisdakik.com\/?s={search_term_string}"},"query-input":{"@type":"PropertyValueSpecification","valueRequired":true,"valueName":"search_term_string"}}],"inLanguage":"tr"},{"@type":"Person","@id":"https:\/\/kibrisdakik.com\/#\/schema\/person\/9cd9d437bbb44f72b73ba127e06d8e79","name":"admin","image":{"@type":"ImageObject","inLanguage":"tr","@id":"https:\/\/secure.gravatar.com\/avatar\/ccc17943b9d660506c869530f897617f7cb1c21a4bf30023f252596d83e1f007?s=96&d=mm&r=g","url":"https:\/\/secure.gravatar.com\/avatar\/ccc17943b9d660506c869530f897617f7cb1c21a4bf30023f252596d83e1f007?s=96&d=mm&r=g","contentUrl":"https:\/\/secure.gravatar.com\/avatar\/ccc17943b9d660506c869530f897617f7cb1c21a4bf30023f252596d83e1f007?s=96&d=mm&r=g","caption":"admin"},"sameAs":["https:\/\/kibrisdakik.com"],"url":"https:\/\/kibrisdakik.com\/?author=1"}]}},"_links":{"self":[{"href":"https:\/\/kibrisdakik.com\/index.php?rest_route=\/wp\/v2\/posts\/20605","targetHints":{"allow":["GET"]}}],"collection":[{"href":"https:\/\/kibrisdakik.com\/index.php?rest_route=\/wp\/v2\/posts"}],"about":[{"href":"https:\/\/kibrisdakik.com\/index.php?rest_route=\/wp\/v2\/types\/post"}],"author":[{"embeddable":true,"href":"https:\/\/kibrisdakik.com\/index.php?rest_route=\/wp\/v2\/users\/1"}],"replies":[{"embeddable":true,"href":"https:\/\/kibrisdakik.com\/index.php?rest_route=%2Fwp%2Fv2%2Fcomments&post=20605"}],"version-history":[{"count":0,"href":"https:\/\/kibrisdakik.com\/index.php?rest_route=\/wp\/v2\/posts\/20605\/revisions"}],"wp:featuredmedia":[{"embeddable":true,"href":"https:\/\/kibrisdakik.com\/index.php?rest_route=\/wp\/v2\/media\/20606"}],"wp:attachment":[{"href":"https:\/\/kibrisdakik.com\/index.php?rest_route=%2Fwp%2Fv2%2Fmedia&parent=20605"}],"wp:term":[{"taxonomy":"category","embeddable":true,"href":"https:\/\/kibrisdakik.com\/index.php?rest_route=%2Fwp%2Fv2%2Fcategories&post=20605"},{"taxonomy":"post_tag","embeddable":true,"href":"https:\/\/kibrisdakik.com\/index.php?rest_route=%2Fwp%2Fv2%2Ftags&post=20605"}],"curies":[{"name":"wp","href":"https:\/\/api.w.org\/{rel}","templated":true}]}}