{"id":20685,"date":"2023-12-01T13:22:00","date_gmt":"2023-12-01T13:22:00","guid":{"rendered":"https:\/\/kibrisdakik.com\/index.php\/2023\/12\/01\/komitede-maliye-bakanligi-butcesi-gorusuluyor\/"},"modified":"2023-12-01T13:22:00","modified_gmt":"2023-12-01T13:22:00","slug":"komitede-maliye-bakanligi-butcesi-gorusuluyor","status":"publish","type":"post","link":"https:\/\/kibrisdakik.com\/?p=20685","title":{"rendered":"Komitede Maliye Bakanl\u0131\u011f\u0131 b\u00fct\u00e7esi g\u00f6r\u00fc\u015f\u00fcl\u00fcyor"},"content":{"rendered":"<p><img decoding=\"async\" src=\"https:\/\/www.kibristurk.com\/images\/haberler\/2023\/12\/komitede-maliye-bakanligi-butcesi-gorusuluyor-1701437012.webp\" \/><\/p>\n<p style=\"text-align:left\"><span style=\"font-size:14px\"><span style=\"font-family:Arial,Helvetica,sans-serif\"><span style=\"color:#000000\"><span style=\"background-color:#ffffff\">2024 Mali Y\u0131l\u0131 Merkezi Devlet Y\u00f6netimi B\u00fct\u00e7e Yasa Tasar\u0131s\u0131&#8217;n\u0131n g\u00f6r\u00fc\u015fmeleri bug\u00fcn tamamlan\u0131yor.&nbsp;&nbsp;<span style=\"color:black\">Remiye Canaltay ba\u015fkanl\u0131\u011f\u0131nda saat 12.20 s\u0131ralar\u0131nda ba\u015flayan k<\/span>omitede ilk olarak, 38 milyar 048 Milyon 116 Bin 500 TL \u00f6dene\u011fi olan Maliye Bakanl\u0131\u011f\u0131 b\u00fct\u00e7esi ele al\u0131nd\u0131.<\/span><\/span><\/span><\/span><\/p>\n<p style=\"text-align:left\">&nbsp;<\/p>\n<p style=\"text-align:left\"><span style=\"font-size:14px\"><span style=\"font-family:Arial,Helvetica,sans-serif\"><span style=\"color:#000000\"><span style=\"background-color:#ffffff\"><span style=\"color:#000000\">Ekonomi, Maliye, B\u00fct\u00e7e ve Plan Komitesi&nbsp;Ba\u015fkan\u0131<\/span>&nbsp;Resmiye Canaltay toplant\u0131n\u0131n ba\u015f\u0131nda yapt\u0131\u011f\u0131 konu\u015fmada, d\u00fcn toplumsal dayan\u0131\u015fma i\u00e7in b\u00fct\u00e7e g\u00f6r\u00fc\u015fmelerine ara verdiklerini belirterek, Gazima\u011fusa\u2019da \u015eampiyon Melekler i\u00e7in d\u00fczenlenen y\u00fcr\u00fcy\u00fc\u015fe kat\u0131lmak i\u00e7in b\u00fct\u00e7e g\u00f6r\u00fc\u015fmelerini bug\u00fcne ertelediklerini kaydetti.<\/span><\/span><\/span><\/span><\/p>\n<p style=\"text-align:left\"><span style=\"font-size:14px\"><span style=\"font-family:Arial,Helvetica,sans-serif\"><span style=\"color:#000000\"><span style=\"background-color:#ffffff\">-Toros<\/span><\/span><\/span><\/span><\/p>\n<p style=\"text-align:left\"><span style=\"font-size:14px\"><span style=\"font-family:Arial,Helvetica,sans-serif\"><span style=\"color:#000000\"><span style=\"background-color:#ffffff\">\u0130lk s\u00f6z\u00fc alan CTP Milletvekili Fikri Toros, mali yap\u0131 analiz edilirken, \u00fclkenin ekonomik g\u00f6stergelerine bak\u0131lmas\u0131 gerekti\u011fini s\u00f6yleyerek, yakla\u015f\u0131k y\u00fczde 80 enflasyon oran\u0131n\u0131n hakim oldu\u011fu bir y\u0131l ge\u00e7irildi\u011fine i\u015faret etti.<\/span><\/span><\/span><\/span><\/p>\n<p style=\"text-align:left\"><span style=\"font-size:14px\"><span style=\"font-family:Arial,Helvetica,sans-serif\"><span style=\"color:#000000\"><span style=\"background-color:#ffffff\">\u00dclkenin n\u00fcfus yap\u0131s\u0131 hakk\u0131nda bilgi veren Toros, di\u011fer ada ekonomileriyle k\u0131yaslamalar yapt\u0131. \u00dclkenin neden potansiyelinin gerisinde seyretti\u011finin iyi analiz edilerek, belirlenmesi gerekti\u011fine dikkat \u00e7eken Toros, adan\u0131n siyasi belirsizli\u011finin bunun ba\u015fl\u0131ca sebeplerinden oldu\u011funu kaydetti.<\/span><\/span><\/span><\/span><\/p>\n<p style=\"text-align:left\">&nbsp;<\/p>\n<p style=\"text-align:left\"><span style=\"font-size:14px\"><span style=\"font-family:Arial,Helvetica,sans-serif\"><span style=\"color:#000000\"><span style=\"background-color:#ffffff\">\u00dclkenin a\u015f\u0131r\u0131 enflasyondan etkilenerek neredeyse stagflasyon seviyesine geldi\u011fini ifade eden Toros, bunun anlam\u0131n\u0131n ise ekonominin neredeyse dura\u011fan hale geldi\u011fi nokta oldu\u011funu s\u00f6yledi.<\/span><\/span><\/span><\/span><\/p>\n<p style=\"text-align:left\"><span style=\"font-size:14px\"><span style=\"font-family:Arial,Helvetica,sans-serif\"><span style=\"color:#000000\"><span style=\"background-color:#ffffff\">Toros, bu siyasi yap\u0131da ekonomiyi ve maliyeyi do\u011frudan etkileyen TL ile herhangi bir planlama yap\u0131lmas\u0131n\u0131n m\u00fcmk\u00fcn olmad\u0131\u011f\u0131n\u0131 vurgulayarak, TL kullan\u0131m\u0131 nedeniyle devlet b\u00fct\u00e7esinin \u00f6ng\u00f6r\u00fclebilirli\u011finin a\u015f\u0131r\u0131 zay\u0131f oldu\u011funu kaydetti.<\/span><\/span><\/span><\/span><\/p>\n<p style=\"text-align:left\"><span style=\"font-size:14px\"><span style=\"font-family:Arial,Helvetica,sans-serif\"><span style=\"color:#000000\"><span style=\"background-color:#ffffff\">Ekonomimizin \u00fczerine yaslanabilece\u011fi tek enstr\u00fcman\u0131n maliye politikalar\u0131 oldu\u011funa i\u015faret eden Toros, \u00fclkede elle tutulabilir bir maliye politikas\u0131n\u0131n olu\u015fturulamamas\u0131n\u0131 ele\u015ftirdi.<\/span><\/span><\/span><\/span><\/p>\n<p style=\"text-align:left\"><span style=\"font-size:14px\"><span style=\"font-family:Arial,Helvetica,sans-serif\"><span style=\"color:#000000\"><span style=\"background-color:#ffffff\">Devletin i\u00e7 bor\u00e7lanma y\u00f6nelimine de de\u011finen Toros, Maliye Bakanl\u0131\u011f\u0131n\u0131n gelirlerini art\u0131r\u0131p, mali disiplin yaratmas\u0131 gereklili\u011fine i\u015faret etti.<\/span><\/span><\/span><\/span><\/p>\n<p style=\"text-align:left\"><span style=\"font-size:14px\"><span style=\"font-family:Arial,Helvetica,sans-serif\"><span style=\"color:#000000\"><span style=\"background-color:#ffffff\">\u00dclkede sanal bet, foreks, cripto para gibi konulardaki d\u00fczensizli\u011fe dikkat \u00e7eken Toros, bu konudaki ilgili yasal d\u00fczenlemelerin bir an \u00f6nce yap\u0131lmas\u0131 temennisinde bulundu.<\/span><\/span><\/span><\/span><\/p>\n<p style=\"text-align:left\"><span style=\"font-size:14px\"><span style=\"font-family:Arial,Helvetica,sans-serif\"><span style=\"color:#000000\"><span style=\"background-color:#ffffff\">Mali disiplinin bir ekonomik hedef gibi g\u00f6r\u00fclmemesi gerekti\u011fine i\u015faret eden Toros, bu sistemin mali y\u00f6nden s\u00fcrd\u00fcr\u00fclebilir olmad\u0131\u011f\u0131n\u0131 kaydetti.<\/span><\/span><\/span><\/span><\/p>\n<p style=\"text-align:left\"><span style=\"font-size:14px\"><span style=\"font-family:Arial,Helvetica,sans-serif\"><span style=\"color:#000000\"><span style=\"background-color:#ffffff\">B\u00fct\u00e7e rakamlar\u0131na ve ger\u00e7ek enflasyon oranlar\u0131na dikkat \u00e7eken Toros, bu rakamlar\u0131n ne istikrar, ne s\u00fcrd\u00fcr\u00fclebilirlik sunabilece\u011fine i\u015faret etti.<\/span><\/span><\/span><\/span><\/p>\n<p style=\"text-align:left\"><span style=\"font-size:14px\"><span style=\"font-family:Arial,Helvetica,sans-serif\"><span style=\"color:#000000\"><span style=\"background-color:#ffffff\">Maliye Bakanl\u0131\u011f\u0131n\u0131n politikalar\u0131n\u0131 dinamik bir \u015fekilde y\u00f6netmesi gerekti\u011fine vurgu yapan Toros, T\u00fcrkiye\u2019de para ve faiz politikalar\u0131n\u0131n seyri de de\u011ferlendirildi\u011finde ortaya koyulan b\u00fct\u00e7edeki oranlar\u0131n yeterli gelmeyece\u011fine inan\u00e7 belirtti.<\/span><\/span><\/span><\/span><\/p>\n<p style=\"text-align:left\"><span style=\"font-size:14px\"><span style=\"font-family:Arial,Helvetica,sans-serif\"><span style=\"color:#000000\"><span style=\"background-color:#ffffff\">Umudunun mahalli gelirlerin reel anlamda artmas\u0131 oldu\u011funu ifade eden Toros, Maliye Bakanl\u0131\u011f\u0131 b\u00fct\u00e7esinde yer alan baz\u0131 kalemleri de\u011ferlendirdi.<\/span><\/span><\/span><\/span><\/p>\n<p style=\"text-align:left\"><span style=\"font-size:14px\"><span style=\"font-family:Arial,Helvetica,sans-serif\"><span style=\"color:#000000\"><span style=\"background-color:#ffffff\">Vergi reformu yap\u0131lmas\u0131 gerekti\u011fini, \u00e7ok kazanandan \u00e7ok, az kazanandan az vergi al\u0131nmas\u0131 gerekti\u011fini vurgulayan Toros, i\u00e7 piyasada 5 milyar\u0131n alt\u0131nda KDV topland\u0131\u011f\u0131n\u0131 ancak ithalattan al\u0131nan KDV\u2019ye bak\u0131ld\u0131\u011f\u0131 zaman rakamlarda bir \u00e7eli\u015fkinin ortaya \u00e7\u0131kt\u0131\u011f\u0131n\u0131 ve bunun da kay\u0131t d\u0131\u015f\u0131l\u0131\u011f\u0131n\u0131n \u00e7ok y\u00fcksek seviyelere \u00e7\u0131kt\u0131\u011f\u0131n\u0131n bir g\u00f6stergesi oldu\u011funu s\u00f6yledi.<\/span><\/span><\/span><\/span><\/p>\n<p style=\"text-align:left\"><span style=\"font-size:14px\"><span style=\"font-family:Arial,Helvetica,sans-serif\"><span style=\"color:#000000\"><span style=\"background-color:#ffffff\">Toros, \u00fclkede kay\u0131t d\u0131\u015f\u0131l\u0131\u011f\u0131n, tolore edilebilirli\u011fin \u00e7ok \u00fcst\u00fcnde oldu\u011funu ve kay\u0131t d\u0131\u015f\u0131l\u0131kla m\u00fccadelenin \u015fart oldu\u011funu vurgulad\u0131.<\/span><\/span><\/span><\/span><\/p>\n<p style=\"text-align:left\"><span style=\"font-size:14px\"><span style=\"font-family:Arial,Helvetica,sans-serif\"><span style=\"color:#000000\"><span style=\"background-color:#ffffff\">Devletin kamu bor\u00e7 stokunun artmaya devam etti\u011fini belirten Toros, kamu bor\u00e7lar\u0131n\u0131n azalt\u0131lmas\u0131n\u0131n her h\u00fck\u00fcmetin g\u00f6revleri i\u00e7inde olmas\u0131 gerekti\u011fini s\u00f6yledi.<\/span><\/span><\/span><\/span><\/p>\n<p style=\"text-align:left\"><span style=\"font-size:14px\"><span style=\"font-family:Arial,Helvetica,sans-serif\"><span style=\"color:#000000\"><span style=\"background-color:#ffffff\">Toros, 2024 y\u0131l\u0131n\u0131n bir \u00f6nceki y\u0131llardan daha b\u00fcy\u00fck zorluklar i\u00e7erece\u011fini ifade ederek, b\u00fct\u00e7eye katk\u0131 koyan herkese te\u015fekk\u00fcr etti.<\/span><\/span><\/span><\/span><\/p>\n<p style=\"text-align:left\"><span style=\"font-size:14px\"><span style=\"font-family:Arial,Helvetica,sans-serif\"><span style=\"color:#000000\"><span style=\"background-color:#ffffff\">-Bar\u00e7\u0131n<\/span><\/span><\/span><\/span><\/p>\n<p style=\"text-align:left\"><span style=\"font-size:14px\"><span style=\"font-family:Arial,Helvetica,sans-serif\"><span style=\"color:#000000\"><span style=\"background-color:#ffffff\">CTP Milletvekili Devrim Bar\u00e7\u0131n da, yap\u0131lan ele\u015ftirilen bakanl\u0131\u011f\u0131n ortaya koydu\u011fu ideolojiye y\u00f6nelik oldu\u011funa i\u015faret ederek, Maliye Bakanl\u0131\u011f\u0131n\u0131n ger\u00e7ek\u00e7i bir b\u00fct\u00e7e ortaya koymad\u0131\u011f\u0131n\u0131 ileri s\u00fcrd\u00fc.<\/span><\/span><\/span><\/span><\/p>\n<p style=\"text-align:left\"><span style=\"font-size:14px\"><span style=\"font-family:Arial,Helvetica,sans-serif\"><span style=\"color:#000000\"><span style=\"background-color:#ffffff\">Maliye Bakanl\u0131\u011f\u0131n\u0131n ortaya koydu\u011fu eksi b\u00fct\u00e7eyi ele\u015ftiren Bar\u00e7\u0131n, 2023 y\u0131l\u0131nda bakanl\u0131\u011f\u0131n gelir gizledi\u011fini savundu.<\/span><\/span><\/span><\/span><\/p>\n<p style=\"text-align:left\"><span style=\"font-size:14px\"><span style=\"font-family:Arial,Helvetica,sans-serif\"><span style=\"color:#000000\"><span style=\"background-color:#ffffff\">2023 ger\u00e7ekle\u015fme tahmininde b\u00fct\u00e7enin art\u0131da bitece\u011fini, bunun sonucu da Maliye Bakanl\u0131\u011f\u0131n\u0131n verilerinden ula\u015ft\u0131klar\u0131n\u0131 ifade eden Bar\u00e7\u0131n, b\u00fct\u00e7enin eksi de\u011fil art\u0131da bitecek olmas\u0131n\u0131n ba\u015far\u0131 de\u011fil, ba\u015far\u0131s\u0131zl\u0131k oldu\u011funu, \u00e7\u00fcnk\u00fc bunun toplumun yat\u0131r\u0131m ihtiyac\u0131ndan \u00e7al\u0131nd\u0131\u011f\u0131 anlam\u0131na geldi\u011fini savundu.<\/span><\/span><\/span><\/span><\/p>\n<p style=\"text-align:left\"><span style=\"font-size:14px\"><span style=\"font-family:Arial,Helvetica,sans-serif\"><span style=\"color:#000000\"><span style=\"background-color:#ffffff\">Maliyeye cari giderler i\u00e7in T\u00fcrkiye\u2019den para gelmedi\u011fini belirten Bar\u00e7\u0131n, \u201cTopluma do\u011frular\u0131 s\u00f6yleyin. T\u00fcrkiye bize para yollam\u0131yor ve yollamadan da bu b\u00fct\u00e7e \u015fu an ayaktad\u0131r deyin\u201d dedi.<\/span><\/span><\/span><\/span><\/p>\n<p style=\"text-align:left\"><span style=\"font-size:14px\"><span style=\"font-family:Arial,Helvetica,sans-serif\"><span style=\"color:#000000\"><span style=\"background-color:#ffffff\">2024 gider-gelir dengesini de de\u011ferlendiren Bar\u00e7\u0131n, Maliye Bakan\u0131 \u00d6zdemir Berova\u2019y\u0131 da ele\u015ftirerek, bu b\u00fct\u00e7enin hangi yasa kurallar\u0131yla haz\u0131rlanmas\u0131 gerekti\u011fini bilmesi gerekti\u011fini kaydetti.<\/span><\/span><\/span><\/span><\/p>\n<p style=\"text-align:left\"><span style=\"font-size:14px\"><span style=\"font-family:Arial,Helvetica,sans-serif\"><span style=\"color:#000000\"><span style=\"background-color:#ffffff\">\u201cB\u00fct\u00e7e Yasas\u0131\u2019n\u0131n \u00f6ng\u00f6rd\u00fc\u011f\u00fc geliri kimse kafas\u0131na g\u00f6re azaltamaz\u201d diyen Bar\u00e7\u0131n, b\u00fct\u00e7enin i\u00e7eri\u011finde yer alan baz\u0131 rakamlar konusunda sorgulamalar yapt\u0131 ve yetkililerden bilgi talep etti.<\/span><\/span><\/span><\/span><\/p>\n","protected":false},"excerpt":{"rendered":"<p>2024 Mali Y\u0131l\u0131 Merkezi Devlet Y\u00f6netimi B\u00fct\u00e7e Yasa Tasar\u0131s\u0131&#8217;n\u0131n g\u00f6r\u00fc\u015fmeleri bug\u00fcn tamamlan\u0131yor.&nbsp;&nbsp;Remiye Canaltay ba\u015fkanl\u0131\u011f\u0131nda saat 12.20 s\u0131ralar\u0131nda ba\u015flayan komitede ilk olarak, 38 milyar 048 Milyon 116 Bin 500 TL \u00f6dene\u011fi olan Maliye Bakanl\u0131\u011f\u0131 b\u00fct\u00e7esi ele al\u0131nd\u0131. &nbsp; Ekonomi, Maliye, B\u00fct\u00e7e ve Plan Komitesi&nbsp;Ba\u015fkan\u0131&nbsp;Resmiye Canaltay toplant\u0131n\u0131n ba\u015f\u0131nda yapt\u0131\u011f\u0131 konu\u015fmada, d\u00fcn toplumsal dayan\u0131\u015fma i\u00e7in b\u00fct\u00e7e g\u00f6r\u00fc\u015fmelerine ara<\/p>\n","protected":false},"author":1,"featured_media":20686,"comment_status":"open","ping_status":"open","sticky":false,"template":"","format":"standard","meta":{"footnotes":""},"categories":[1],"tags":[],"class_list":["post-20685","post","type-post","status-publish","format-standard","has-post-thumbnail","hentry","category-gundem"],"yoast_head":"<!-- This site is optimized with the Yoast SEO plugin v27.5 - https:\/\/yoast.com\/product\/yoast-seo-wordpress\/ -->\n<title>Komitede Maliye Bakanl\u0131\u011f\u0131 b\u00fct\u00e7esi g\u00f6r\u00fc\u015f\u00fcl\u00fcyor -<\/title>\n<meta name=\"robots\" content=\"index, follow, max-snippet:-1, max-image-preview:large, max-video-preview:-1\" \/>\n<link rel=\"canonical\" href=\"https:\/\/kibrisdakik.com\/?p=20685\" \/>\n<meta property=\"og:locale\" content=\"tr_TR\" \/>\n<meta property=\"og:type\" content=\"article\" \/>\n<meta property=\"og:title\" content=\"Komitede Maliye Bakanl\u0131\u011f\u0131 b\u00fct\u00e7esi g\u00f6r\u00fc\u015f\u00fcl\u00fcyor -\" \/>\n<meta property=\"og:description\" content=\"2024 Mali Y\u0131l\u0131 Merkezi Devlet Y\u00f6netimi B\u00fct\u00e7e Yasa Tasar\u0131s\u0131&#8217;n\u0131n g\u00f6r\u00fc\u015fmeleri bug\u00fcn tamamlan\u0131yor.&nbsp;&nbsp;Remiye Canaltay ba\u015fkanl\u0131\u011f\u0131nda saat 12.20 s\u0131ralar\u0131nda ba\u015flayan komitede ilk olarak, 38 milyar 048 Milyon 116 Bin 500 TL \u00f6dene\u011fi olan Maliye Bakanl\u0131\u011f\u0131 b\u00fct\u00e7esi ele al\u0131nd\u0131. &nbsp; Ekonomi, Maliye, B\u00fct\u00e7e ve Plan Komitesi&nbsp;Ba\u015fkan\u0131&nbsp;Resmiye Canaltay toplant\u0131n\u0131n ba\u015f\u0131nda yapt\u0131\u011f\u0131 konu\u015fmada, d\u00fcn toplumsal dayan\u0131\u015fma i\u00e7in b\u00fct\u00e7e g\u00f6r\u00fc\u015fmelerine ara\" \/>\n<meta property=\"og:url\" content=\"https:\/\/kibrisdakik.com\/?p=20685\" \/>\n<meta property=\"article:published_time\" content=\"2023-12-01T13:22:00+00:00\" \/>\n<meta property=\"og:image\" content=\"https:\/\/kibrisdakik.com\/wp-content\/uploads\/2023\/12\/komitede-maliye-bakanligi-butcesi-gorusuluyor-1701437012.webp.webp\" \/>\n\t<meta property=\"og:image:width\" content=\"710\" \/>\n\t<meta property=\"og:image:height\" content=\"370\" \/>\n\t<meta property=\"og:image:type\" content=\"image\/webp\" \/>\n<meta name=\"author\" content=\"admin\" \/>\n<meta name=\"twitter:card\" content=\"summary_large_image\" \/>\n<meta name=\"twitter:label1\" content=\"Yazan:\" \/>\n\t<meta name=\"twitter:data1\" content=\"admin\" \/>\n\t<meta name=\"twitter:label2\" content=\"Tahmini okuma s\u00fcresi\" \/>\n\t<meta name=\"twitter:data2\" content=\"4 dakika\" \/>\n<script type=\"application\/ld+json\" class=\"yoast-schema-graph\">{\"@context\":\"https:\\\/\\\/schema.org\",\"@graph\":[{\"@type\":\"Article\",\"@id\":\"https:\\\/\\\/kibrisdakik.com\\\/?p=20685#article\",\"isPartOf\":{\"@id\":\"https:\\\/\\\/kibrisdakik.com\\\/?p=20685\"},\"author\":{\"name\":\"admin\",\"@id\":\"https:\\\/\\\/kibrisdakik.com\\\/#\\\/schema\\\/person\\\/9cd9d437bbb44f72b73ba127e06d8e79\"},\"headline\":\"Komitede Maliye Bakanl\u0131\u011f\u0131 b\u00fct\u00e7esi g\u00f6r\u00fc\u015f\u00fcl\u00fcyor\",\"datePublished\":\"2023-12-01T13:22:00+00:00\",\"mainEntityOfPage\":{\"@id\":\"https:\\\/\\\/kibrisdakik.com\\\/?p=20685\"},\"wordCount\":886,\"commentCount\":0,\"image\":{\"@id\":\"https:\\\/\\\/kibrisdakik.com\\\/?p=20685#primaryimage\"},\"thumbnailUrl\":\"https:\\\/\\\/kibrisdakik.com\\\/wp-content\\\/uploads\\\/2023\\\/12\\\/komitede-maliye-bakanligi-butcesi-gorusuluyor-1701437012.webp.webp\",\"articleSection\":[\"G\u00fcndem\"],\"inLanguage\":\"tr\",\"potentialAction\":[{\"@type\":\"CommentAction\",\"name\":\"Comment\",\"target\":[\"https:\\\/\\\/kibrisdakik.com\\\/?p=20685#respond\"]}]},{\"@type\":\"WebPage\",\"@id\":\"https:\\\/\\\/kibrisdakik.com\\\/?p=20685\",\"url\":\"https:\\\/\\\/kibrisdakik.com\\\/?p=20685\",\"name\":\"Komitede Maliye Bakanl\u0131\u011f\u0131 b\u00fct\u00e7esi g\u00f6r\u00fc\u015f\u00fcl\u00fcyor -\",\"isPartOf\":{\"@id\":\"https:\\\/\\\/kibrisdakik.com\\\/#website\"},\"primaryImageOfPage\":{\"@id\":\"https:\\\/\\\/kibrisdakik.com\\\/?p=20685#primaryimage\"},\"image\":{\"@id\":\"https:\\\/\\\/kibrisdakik.com\\\/?p=20685#primaryimage\"},\"thumbnailUrl\":\"https:\\\/\\\/kibrisdakik.com\\\/wp-content\\\/uploads\\\/2023\\\/12\\\/komitede-maliye-bakanligi-butcesi-gorusuluyor-1701437012.webp.webp\",\"datePublished\":\"2023-12-01T13:22:00+00:00\",\"author\":{\"@id\":\"https:\\\/\\\/kibrisdakik.com\\\/#\\\/schema\\\/person\\\/9cd9d437bbb44f72b73ba127e06d8e79\"},\"breadcrumb\":{\"@id\":\"https:\\\/\\\/kibrisdakik.com\\\/?p=20685#breadcrumb\"},\"inLanguage\":\"tr\",\"potentialAction\":[{\"@type\":\"ReadAction\",\"target\":[\"https:\\\/\\\/kibrisdakik.com\\\/?p=20685\"]}]},{\"@type\":\"ImageObject\",\"inLanguage\":\"tr\",\"@id\":\"https:\\\/\\\/kibrisdakik.com\\\/?p=20685#primaryimage\",\"url\":\"https:\\\/\\\/kibrisdakik.com\\\/wp-content\\\/uploads\\\/2023\\\/12\\\/komitede-maliye-bakanligi-butcesi-gorusuluyor-1701437012.webp.webp\",\"contentUrl\":\"https:\\\/\\\/kibrisdakik.com\\\/wp-content\\\/uploads\\\/2023\\\/12\\\/komitede-maliye-bakanligi-butcesi-gorusuluyor-1701437012.webp.webp\",\"width\":710,\"height\":370},{\"@type\":\"BreadcrumbList\",\"@id\":\"https:\\\/\\\/kibrisdakik.com\\\/?p=20685#breadcrumb\",\"itemListElement\":[{\"@type\":\"ListItem\",\"position\":1,\"name\":\"Home\",\"item\":\"https:\\\/\\\/kibrisdakik.com\\\/\"},{\"@type\":\"ListItem\",\"position\":2,\"name\":\"Komitede Maliye Bakanl\u0131\u011f\u0131 b\u00fct\u00e7esi g\u00f6r\u00fc\u015f\u00fcl\u00fcyor\"}]},{\"@type\":\"WebSite\",\"@id\":\"https:\\\/\\\/kibrisdakik.com\\\/#website\",\"url\":\"https:\\\/\\\/kibrisdakik.com\\\/\",\"name\":\"\",\"description\":\"Tam vaktinde haber\",\"potentialAction\":[{\"@type\":\"SearchAction\",\"target\":{\"@type\":\"EntryPoint\",\"urlTemplate\":\"https:\\\/\\\/kibrisdakik.com\\\/?s={search_term_string}\"},\"query-input\":{\"@type\":\"PropertyValueSpecification\",\"valueRequired\":true,\"valueName\":\"search_term_string\"}}],\"inLanguage\":\"tr\"},{\"@type\":\"Person\",\"@id\":\"https:\\\/\\\/kibrisdakik.com\\\/#\\\/schema\\\/person\\\/9cd9d437bbb44f72b73ba127e06d8e79\",\"name\":\"admin\",\"image\":{\"@type\":\"ImageObject\",\"inLanguage\":\"tr\",\"@id\":\"https:\\\/\\\/secure.gravatar.com\\\/avatar\\\/ccc17943b9d660506c869530f897617f7cb1c21a4bf30023f252596d83e1f007?s=96&d=mm&r=g\",\"url\":\"https:\\\/\\\/secure.gravatar.com\\\/avatar\\\/ccc17943b9d660506c869530f897617f7cb1c21a4bf30023f252596d83e1f007?s=96&d=mm&r=g\",\"contentUrl\":\"https:\\\/\\\/secure.gravatar.com\\\/avatar\\\/ccc17943b9d660506c869530f897617f7cb1c21a4bf30023f252596d83e1f007?s=96&d=mm&r=g\",\"caption\":\"admin\"},\"sameAs\":[\"https:\\\/\\\/kibrisdakik.com\"],\"url\":\"https:\\\/\\\/kibrisdakik.com\\\/?author=1\"}]}<\/script>\n<!-- \/ Yoast SEO plugin. -->","yoast_head_json":{"title":"Komitede Maliye Bakanl\u0131\u011f\u0131 b\u00fct\u00e7esi g\u00f6r\u00fc\u015f\u00fcl\u00fcyor -","robots":{"index":"index","follow":"follow","max-snippet":"max-snippet:-1","max-image-preview":"max-image-preview:large","max-video-preview":"max-video-preview:-1"},"canonical":"https:\/\/kibrisdakik.com\/?p=20685","og_locale":"tr_TR","og_type":"article","og_title":"Komitede Maliye Bakanl\u0131\u011f\u0131 b\u00fct\u00e7esi g\u00f6r\u00fc\u015f\u00fcl\u00fcyor -","og_description":"2024 Mali Y\u0131l\u0131 Merkezi Devlet Y\u00f6netimi B\u00fct\u00e7e Yasa Tasar\u0131s\u0131&#8217;n\u0131n g\u00f6r\u00fc\u015fmeleri bug\u00fcn tamamlan\u0131yor.&nbsp;&nbsp;Remiye Canaltay ba\u015fkanl\u0131\u011f\u0131nda saat 12.20 s\u0131ralar\u0131nda ba\u015flayan komitede ilk olarak, 38 milyar 048 Milyon 116 Bin 500 TL \u00f6dene\u011fi olan Maliye Bakanl\u0131\u011f\u0131 b\u00fct\u00e7esi ele al\u0131nd\u0131. &nbsp; Ekonomi, Maliye, B\u00fct\u00e7e ve Plan Komitesi&nbsp;Ba\u015fkan\u0131&nbsp;Resmiye Canaltay toplant\u0131n\u0131n ba\u015f\u0131nda yapt\u0131\u011f\u0131 konu\u015fmada, d\u00fcn toplumsal dayan\u0131\u015fma i\u00e7in b\u00fct\u00e7e g\u00f6r\u00fc\u015fmelerine ara","og_url":"https:\/\/kibrisdakik.com\/?p=20685","article_published_time":"2023-12-01T13:22:00+00:00","og_image":[{"width":710,"height":370,"url":"https:\/\/kibrisdakik.com\/wp-content\/uploads\/2023\/12\/komitede-maliye-bakanligi-butcesi-gorusuluyor-1701437012.webp.webp","type":"image\/webp"}],"author":"admin","twitter_card":"summary_large_image","twitter_misc":{"Yazan:":"admin","Tahmini okuma s\u00fcresi":"4 dakika"},"schema":{"@context":"https:\/\/schema.org","@graph":[{"@type":"Article","@id":"https:\/\/kibrisdakik.com\/?p=20685#article","isPartOf":{"@id":"https:\/\/kibrisdakik.com\/?p=20685"},"author":{"name":"admin","@id":"https:\/\/kibrisdakik.com\/#\/schema\/person\/9cd9d437bbb44f72b73ba127e06d8e79"},"headline":"Komitede Maliye Bakanl\u0131\u011f\u0131 b\u00fct\u00e7esi g\u00f6r\u00fc\u015f\u00fcl\u00fcyor","datePublished":"2023-12-01T13:22:00+00:00","mainEntityOfPage":{"@id":"https:\/\/kibrisdakik.com\/?p=20685"},"wordCount":886,"commentCount":0,"image":{"@id":"https:\/\/kibrisdakik.com\/?p=20685#primaryimage"},"thumbnailUrl":"https:\/\/kibrisdakik.com\/wp-content\/uploads\/2023\/12\/komitede-maliye-bakanligi-butcesi-gorusuluyor-1701437012.webp.webp","articleSection":["G\u00fcndem"],"inLanguage":"tr","potentialAction":[{"@type":"CommentAction","name":"Comment","target":["https:\/\/kibrisdakik.com\/?p=20685#respond"]}]},{"@type":"WebPage","@id":"https:\/\/kibrisdakik.com\/?p=20685","url":"https:\/\/kibrisdakik.com\/?p=20685","name":"Komitede Maliye Bakanl\u0131\u011f\u0131 b\u00fct\u00e7esi g\u00f6r\u00fc\u015f\u00fcl\u00fcyor -","isPartOf":{"@id":"https:\/\/kibrisdakik.com\/#website"},"primaryImageOfPage":{"@id":"https:\/\/kibrisdakik.com\/?p=20685#primaryimage"},"image":{"@id":"https:\/\/kibrisdakik.com\/?p=20685#primaryimage"},"thumbnailUrl":"https:\/\/kibrisdakik.com\/wp-content\/uploads\/2023\/12\/komitede-maliye-bakanligi-butcesi-gorusuluyor-1701437012.webp.webp","datePublished":"2023-12-01T13:22:00+00:00","author":{"@id":"https:\/\/kibrisdakik.com\/#\/schema\/person\/9cd9d437bbb44f72b73ba127e06d8e79"},"breadcrumb":{"@id":"https:\/\/kibrisdakik.com\/?p=20685#breadcrumb"},"inLanguage":"tr","potentialAction":[{"@type":"ReadAction","target":["https:\/\/kibrisdakik.com\/?p=20685"]}]},{"@type":"ImageObject","inLanguage":"tr","@id":"https:\/\/kibrisdakik.com\/?p=20685#primaryimage","url":"https:\/\/kibrisdakik.com\/wp-content\/uploads\/2023\/12\/komitede-maliye-bakanligi-butcesi-gorusuluyor-1701437012.webp.webp","contentUrl":"https:\/\/kibrisdakik.com\/wp-content\/uploads\/2023\/12\/komitede-maliye-bakanligi-butcesi-gorusuluyor-1701437012.webp.webp","width":710,"height":370},{"@type":"BreadcrumbList","@id":"https:\/\/kibrisdakik.com\/?p=20685#breadcrumb","itemListElement":[{"@type":"ListItem","position":1,"name":"Home","item":"https:\/\/kibrisdakik.com\/"},{"@type":"ListItem","position":2,"name":"Komitede Maliye Bakanl\u0131\u011f\u0131 b\u00fct\u00e7esi g\u00f6r\u00fc\u015f\u00fcl\u00fcyor"}]},{"@type":"WebSite","@id":"https:\/\/kibrisdakik.com\/#website","url":"https:\/\/kibrisdakik.com\/","name":"","description":"Tam vaktinde haber","potentialAction":[{"@type":"SearchAction","target":{"@type":"EntryPoint","urlTemplate":"https:\/\/kibrisdakik.com\/?s={search_term_string}"},"query-input":{"@type":"PropertyValueSpecification","valueRequired":true,"valueName":"search_term_string"}}],"inLanguage":"tr"},{"@type":"Person","@id":"https:\/\/kibrisdakik.com\/#\/schema\/person\/9cd9d437bbb44f72b73ba127e06d8e79","name":"admin","image":{"@type":"ImageObject","inLanguage":"tr","@id":"https:\/\/secure.gravatar.com\/avatar\/ccc17943b9d660506c869530f897617f7cb1c21a4bf30023f252596d83e1f007?s=96&d=mm&r=g","url":"https:\/\/secure.gravatar.com\/avatar\/ccc17943b9d660506c869530f897617f7cb1c21a4bf30023f252596d83e1f007?s=96&d=mm&r=g","contentUrl":"https:\/\/secure.gravatar.com\/avatar\/ccc17943b9d660506c869530f897617f7cb1c21a4bf30023f252596d83e1f007?s=96&d=mm&r=g","caption":"admin"},"sameAs":["https:\/\/kibrisdakik.com"],"url":"https:\/\/kibrisdakik.com\/?author=1"}]}},"_links":{"self":[{"href":"https:\/\/kibrisdakik.com\/index.php?rest_route=\/wp\/v2\/posts\/20685","targetHints":{"allow":["GET"]}}],"collection":[{"href":"https:\/\/kibrisdakik.com\/index.php?rest_route=\/wp\/v2\/posts"}],"about":[{"href":"https:\/\/kibrisdakik.com\/index.php?rest_route=\/wp\/v2\/types\/post"}],"author":[{"embeddable":true,"href":"https:\/\/kibrisdakik.com\/index.php?rest_route=\/wp\/v2\/users\/1"}],"replies":[{"embeddable":true,"href":"https:\/\/kibrisdakik.com\/index.php?rest_route=%2Fwp%2Fv2%2Fcomments&post=20685"}],"version-history":[{"count":0,"href":"https:\/\/kibrisdakik.com\/index.php?rest_route=\/wp\/v2\/posts\/20685\/revisions"}],"wp:featuredmedia":[{"embeddable":true,"href":"https:\/\/kibrisdakik.com\/index.php?rest_route=\/wp\/v2\/media\/20686"}],"wp:attachment":[{"href":"https:\/\/kibrisdakik.com\/index.php?rest_route=%2Fwp%2Fv2%2Fmedia&parent=20685"}],"wp:term":[{"taxonomy":"category","embeddable":true,"href":"https:\/\/kibrisdakik.com\/index.php?rest_route=%2Fwp%2Fv2%2Fcategories&post=20685"},{"taxonomy":"post_tag","embeddable":true,"href":"https:\/\/kibrisdakik.com\/index.php?rest_route=%2Fwp%2Fv2%2Ftags&post=20685"}],"curies":[{"name":"wp","href":"https:\/\/api.w.org\/{rel}","templated":true}]}}