{"id":20699,"date":"2023-12-01T14:50:19","date_gmt":"2023-12-01T14:50:19","guid":{"rendered":"https:\/\/kibrisdakik.com\/index.php\/2023\/12\/01\/unal-ustel-biz-genclerimiz-icin-her-turlu-fedakarligi-yapacagiz\/"},"modified":"2023-12-01T14:50:19","modified_gmt":"2023-12-01T14:50:19","slug":"unal-ustel-biz-genclerimiz-icin-her-turlu-fedakarligi-yapacagiz","status":"publish","type":"post","link":"https:\/\/kibrisdakik.com\/?p=20699","title":{"rendered":"\u00dcnal \u00dcstel: Biz gen\u00e7lerimiz i\u00e7in her t\u00fcrl\u00fc fedakarl\u0131\u011f\u0131 yapaca\u011f\u0131z"},"content":{"rendered":"<p><img decoding=\"async\" src=\"https:\/\/www.kibristurk.com\/images\/haberler\/2023\/12\/unal-ustel-biz-genclerimiz-icin-her-turlu-fedakarligi-yapacagiz-1701439668.webp\" \/><\/p>\n<p>T\u00fcrkiye Cumhuriyeti taraf\u0131ndan finanse edilen S\u0131n\u0131r\u00fcst\u00fc Mormenek\u015fe k\u0131rsal kesim arsalar\u0131 su altyap\u0131 projesi ba\u015flad\u0131. Proje 310 parseli kaps\u0131yor.&nbsp;&nbsp;<\/p>\n<p>\u0130\u00e7i\u015fleri Bakan\u0131 Dursun O\u011fuz, t\u00f6rende yapt\u0131\u011f\u0131 konu\u015fmada, KKTC\u2019nin son zamanlarda \u00e7ok tart\u0131\u015f\u0131lan bir sorununa \u00e7\u00f6z\u00fcm bulmak amac\u0131yla ba\u015flat\u0131lan projenin hay\u0131rl\u0131 olmas\u0131n\u0131 temenni etti.&nbsp;&nbsp;<\/p>\n<p>\u0130skele\u2019nin \u00fclkede en \u00e7ok geli\u015fen bir b\u00f6lge oldu\u011funa i\u015faret eden O\u011fuz, gen\u00e7ler k\u00f6y\u00fcne yerle\u015fsin diye verilen k\u0131rsal kesim arsalar\u0131n\u0131n amac\u0131na uygun kullan\u0131lmas\u0131n\u0131 istedi.&nbsp;&nbsp;<\/p>\n<p>Altyap\u0131lar\u0131 eksik olan arsalar\u0131n altyap\u0131lar\u0131n\u0131n h\u0131zl\u0131 bir \u015fekilde tamamlanaca\u011f\u0131n\u0131 ve bundan dolay\u0131 ortaya konan mazeretlerin sona erece\u011fini ifade eden O\u011fuz, k\u0131rsal kesim arsalar\u0131n\u0131n hak sahipli\u011fi oldu\u011funu ve b\u00f6lgede yerle\u015fimi ama\u00e7lad\u0131\u011f\u0131n\u0131, ekonomik durumu olmayanlara verildi\u011fini anlatt\u0131, \u201cba\u015fka ama\u00e7la kullanmay\u0131n\u201d dedi.&nbsp;&nbsp;<\/p>\n<p>\u00c7ok talep oldu\u011funu ancak kaynaklar\u0131n azald\u0131\u011f\u0131n\u0131 ifade eden O\u011fuz, sosyal konuta y\u00f6nelik \u00e7al\u0131\u015fmalar\u0131n da devam etti\u011fini s\u00f6yledi.&nbsp;&nbsp;<\/p>\n<p>O\u011fuz, T\u00fcrkiye Cumhuriyeti h\u00fck\u00fcmeti ve b\u00fcy\u00fckel\u00e7ili\u011fe te\u015fekk\u00fcr etti.&nbsp;&nbsp;<\/p>\n<p>Projenin ba\u015flang\u0131c\u0131 nedeniyle S\u0131n\u0131r\u00fcst\u00fc k\u00f6y\u00fcnde t\u00f6ren d\u00fczenlendi. Sayg\u0131 duru\u015fu ve \u0130stiklal Mar\u015f\u0131 ile ba\u015flayan t\u00f6rene, Ba\u015fbakan \u00dcnal \u00dcstel, T\u00fcrkiye Cumhuriyeti Lefko\u015fa B\u00fcy\u00fckel\u00e7isi Metin Feyzio\u011flu, \u0130\u00e7i\u015fleri Bakan\u0131 Dursun O\u011fuz, Tar\u0131m ve Do\u011fal Kaynaklar Bakan\u0131 H\u00fcseyin \u00c7avu\u015f, Milli E\u011fitim Bakan\u0131 Naz\u0131m \u00c7avu\u015fo\u011flu, Sa\u011fl\u0131k Bakan\u0131 Hakan Din\u00e7y\u00fcrek, milletvekilleri, belediye ba\u015fkanlar\u0131 ile di\u011fer yetkililer ve vatanda\u015flar kat\u0131ld\u0131.&nbsp;&nbsp;<\/p>\n<p>T\u00fcrkiye Cumhuriyeti Lefko\u015fa B\u00fcy\u00fckel\u00e7isi Feyzio\u011flu da, T\u00fcrkiye Cumhuriyeti Cumhurba\u015fkan\u0131 Recep Tayyip Erdo\u011fan\u2019\u0131n selamlar\u0131n\u0131 iletti.&nbsp;&nbsp;<\/p>\n<p>Bu projenin \u00f6zel bir proje oldu\u011funu \u00e7\u00fcnk\u00fc Erdo\u011fan\u2019\u0131n kendisini buraya g\u00f6nderirken, k\u00f6ylere gitmesini, k\u0131rsal kesimi ihmal etmemesini ve halkla i\u00e7 i\u00e7e olmas\u0131n\u0131 istedi\u011fini anlatan Feyzio\u011flu, Ba\u015fbakan \u00dcstel\u2019in de bilgisi dahilinde, T\u00fcrkiye ve KKTC aras\u0131ndaki anla\u015fmalar kapsam\u0131nda, \u00fclkeyi daha da iyi noktaya nas\u0131l ta\u015f\u0131r\u0131z diye \u00e7al\u0131\u015ft\u0131klar\u0131n\u0131 ifade etti.&nbsp;&nbsp;<\/p>\n<p>S\u0131n\u0131r\u00fcst\u00fc k\u0131rsal kesim arsalar\u0131nda altyap\u0131 s\u0131k\u0131nt\u0131s\u0131 oldu\u011funu duyduktan sonra proje geli\u015ftirdiklerini belirten Feyzio\u011flu, S\u0131n\u0131r\u00fcst\u00fc Mormenek\u015fe k\u0131rsal kesim arsalar\u0131na y\u00f6nelik \u00e7al\u0131\u015fma yapt\u0131klar\u0131n\u0131, ancak bir k\u0131sm\u0131n\u0131 de\u011fil tamam\u0131n\u0131 yapmak i\u00e7in kaynak geli\u015ftirdiklerini s\u00f6yledi.&nbsp;&nbsp;<\/p>\n<p>Projenin 310 parseli kapsad\u0131\u011f\u0131n\u0131 ve bitece\u011fini ifade eden Feyzio\u011flu, yollar\u0131n da yap\u0131laca\u011f\u0131na i\u015faret etti.&nbsp;&nbsp;<\/p>\n<p>\u201cHayalimiz ortak gelece\u011fimiz bir\u201d slogan\u0131yla karde\u015flik hukuku i\u00e7erisinde KKTC ve K\u0131br\u0131s T\u00fcrk halk\u0131 i\u00e7in bu yat\u0131r\u0131mlar\u0131n yap\u0131ld\u0131\u011f\u0131n\u0131 ifade eden Feyzio\u011flu, devletin ilelebet ya\u015famas\u0131 i\u00e7in yapt\u0131klar\u0131 projelerin \u00fclkeye hay\u0131rl\u0131 u\u011furlu olmas\u0131n\u0131 diledi.&nbsp;&nbsp;<\/p>\n<p>Ba\u015fbakan \u00dcnal \u00dcstel de, h\u00fck\u00fcmet olarak kurulduklar\u0131 g\u00fcnden itibaren \u00fclkede eksik b\u0131rak\u0131lan ne varsa sonuna kadar takip edip bitirecekleri s\u00f6z\u00fcn\u00fc verdiklerini s\u00f6yledi.&nbsp;&nbsp;<\/p>\n<p>Su projesi, Ercan Havaliman\u0131, karayollar\u0131 projeleri gibi eksik kalan projeleri ele ald\u0131klar\u0131n\u0131 ve bitirdiklerini anlatan \u00dcstel, yapt\u0131klar\u0131 \u00e7al\u0131\u015fmalar\u0131 anlatt\u0131.&nbsp;&nbsp;<\/p>\n<p>\u00dcstel, bug\u00fcn de T\u00fcrkiye Cumhuriyeti ve Erdo\u011fan\u2019\u0131n katk\u0131lar\u0131yla gen\u00e7lerin susuz yapt\u0131\u011f\u0131 evlere su da\u011f\u0131t\u0131m\u0131 ger\u00e7ekle\u015ftirilece\u011fini, ard\u0131ndan da yollar\u0131n yap\u0131laca\u011f\u0131n\u0131 s\u00f6yledi.&nbsp;&nbsp;<\/p>\n<p>\u00d6nceli\u011fin yar\u0131m kalan projeler oldu\u011funu ancak gen\u00e7lerin \u00f6n planda tutuldu\u011funu i\u015faret eden \u00dcstel, gen\u00e7lerin \u00fclkesinde ya\u015famas\u0131, bu topraklara t\u0131rnaklar\u0131n\u0131 ge\u00e7irmesi i\u00e7in gereken her yat\u0131r\u0131m\u0131 yapacaklar\u0131n\u0131 kaydetti.&nbsp;&nbsp;<\/p>\n<p>K\u0131rsal kesim altyap\u0131 eksikliklerini gidereceklerini ifade eden \u00dcstel, k\u0131rsal kesime y\u00f6nelik d\u00fc\u015f\u00fck faizli kredi projeleri haz\u0131rlad\u0131klar\u0131n\u0131 da s\u00f6yledi.&nbsp;&nbsp;<\/p>\n<p>Gen\u00e7lerin \u00fclkesine vatan\u0131na bayra\u011f\u0131na sahip \u00e7\u0131kmas\u0131, \u00fclkesinde kalmas\u0131 i\u00e7in ilk ev projesi ile k\u0131rsal kesim kredisi sonras\u0131 sosyal konut projelerini de geli\u015ftireceklerini belirten \u00dcstel, 2024 y\u0131l\u0131nda 100 milyon TL\u2019lik bir kayna\u011f\u0131 k\u0131rsal kesim arsalar\u0131 altyap\u0131lar\u0131n\u0131n bitmesi i\u00e7in ay\u0131rd\u0131klar\u0131n\u0131 kaydetti.&nbsp;&nbsp;<\/p>\n<p>Sosyal konut projelerini de Anavatan\u2019\u0131n deste\u011fi ile hayata ge\u00e7ireceklerini ifade eden \u00dcstel, her zaman yanlar\u0131nda olan T\u00fcrkiye\u2019ye te\u015fekk\u00fcr etti.&nbsp;<\/p>\n<p>Yabanc\u0131lar\u0131n mal al\u0131m\u0131nda har\u00e7lar\u0131 y\u00fckselttiklerini ve buradan gelen gelirlerin bir k\u0131sm\u0131n\u0131 sosyal konut birimi ile Ta\u015f\u0131nmaz Mal Komisyonu&#8217;na aktard\u0131klar\u0131n\u0131 s\u00f6yleyen \u00dcstel, ellerinden gelen gayreti T\u00fcrkiye Cumhuriyeti ile birlikte ortaya koymaya devam edeceklerini, \u00fclkeyi altyap\u0131 olarak g\u00fc\u00e7lendirecek yat\u0131r\u0131mlara devam edeceklerini s\u00f6yledi. \u00dcstel, T\u00fcrkiye Cumhuriyeti&#8217;ne te\u015fekk\u00fcr etti. \u00dcstel, konu\u015fmas\u0131nda, TC B\u00fcy\u00fckel\u00e7ili\u011fi Kalk\u0131nma ve Ekonomik \u0130\u015f Birli\u011fi Ofisi&#8217;nin katk\u0131lar\u0131na da i\u015faret etti.&nbsp;<\/p>\n<p>Konu\u015fmalar\u0131n ard\u0131ndan buradaki t\u00f6ren sona erdi. Ba\u015fbakan \u00dcstel ile beraberindeki heyet ard\u0131ndan Mormenek\u015fe\u2019de \u00e7al\u0131\u015fmalar\u0131 devam eden altyap\u0131 projesinde incelemelerde bulundu.&nbsp;<\/p>\n","protected":false},"excerpt":{"rendered":"<p>T\u00fcrkiye Cumhuriyeti taraf\u0131ndan finanse edilen S\u0131n\u0131r\u00fcst\u00fc Mormenek\u015fe k\u0131rsal kesim arsalar\u0131 su altyap\u0131 projesi ba\u015flad\u0131. Proje 310 parseli kaps\u0131yor.&nbsp;&nbsp; \u0130\u00e7i\u015fleri Bakan\u0131 Dursun O\u011fuz, t\u00f6rende yapt\u0131\u011f\u0131 konu\u015fmada, KKTC\u2019nin son zamanlarda \u00e7ok tart\u0131\u015f\u0131lan bir sorununa \u00e7\u00f6z\u00fcm bulmak amac\u0131yla ba\u015flat\u0131lan projenin hay\u0131rl\u0131 olmas\u0131n\u0131 temenni etti.&nbsp;&nbsp; \u0130skele\u2019nin \u00fclkede en \u00e7ok geli\u015fen bir b\u00f6lge oldu\u011funa i\u015faret eden O\u011fuz, gen\u00e7ler k\u00f6y\u00fcne yerle\u015fsin<\/p>\n","protected":false},"author":1,"featured_media":20700,"comment_status":"open","ping_status":"open","sticky":false,"template":"","format":"standard","meta":{"footnotes":""},"categories":[1],"tags":[],"class_list":["post-20699","post","type-post","status-publish","format-standard","has-post-thumbnail","hentry","category-gundem"],"yoast_head":"<!-- This site is optimized with the Yoast SEO plugin v27.5 - https:\/\/yoast.com\/product\/yoast-seo-wordpress\/ -->\n<title>\u00dcnal \u00dcstel: Biz gen\u00e7lerimiz i\u00e7in her t\u00fcrl\u00fc fedakarl\u0131\u011f\u0131 yapaca\u011f\u0131z -<\/title>\n<meta name=\"robots\" content=\"index, follow, max-snippet:-1, max-image-preview:large, max-video-preview:-1\" \/>\n<link rel=\"canonical\" href=\"https:\/\/kibrisdakik.com\/?p=20699\" \/>\n<meta property=\"og:locale\" content=\"tr_TR\" \/>\n<meta property=\"og:type\" content=\"article\" \/>\n<meta property=\"og:title\" content=\"\u00dcnal \u00dcstel: Biz gen\u00e7lerimiz i\u00e7in her t\u00fcrl\u00fc fedakarl\u0131\u011f\u0131 yapaca\u011f\u0131z -\" \/>\n<meta property=\"og:description\" content=\"T\u00fcrkiye Cumhuriyeti taraf\u0131ndan finanse edilen S\u0131n\u0131r\u00fcst\u00fc Mormenek\u015fe k\u0131rsal kesim arsalar\u0131 su altyap\u0131 projesi ba\u015flad\u0131. Proje 310 parseli kaps\u0131yor.&nbsp;&nbsp; \u0130\u00e7i\u015fleri Bakan\u0131 Dursun O\u011fuz, t\u00f6rende yapt\u0131\u011f\u0131 konu\u015fmada, KKTC\u2019nin son zamanlarda \u00e7ok tart\u0131\u015f\u0131lan bir sorununa \u00e7\u00f6z\u00fcm bulmak amac\u0131yla ba\u015flat\u0131lan projenin hay\u0131rl\u0131 olmas\u0131n\u0131 temenni etti.&nbsp;&nbsp; \u0130skele\u2019nin \u00fclkede en \u00e7ok geli\u015fen bir b\u00f6lge oldu\u011funa i\u015faret eden O\u011fuz, gen\u00e7ler k\u00f6y\u00fcne yerle\u015fsin\" \/>\n<meta property=\"og:url\" content=\"https:\/\/kibrisdakik.com\/?p=20699\" \/>\n<meta property=\"article:published_time\" content=\"2023-12-01T14:50:19+00:00\" \/>\n<meta property=\"og:image\" content=\"https:\/\/kibrisdakik.com\/wp-content\/uploads\/2023\/12\/unal-ustel-biz-genclerimiz-icin-her-turlu-fedakarligi-yapacagiz-1701439668.webp.webp\" \/>\n\t<meta property=\"og:image:width\" content=\"710\" \/>\n\t<meta property=\"og:image:height\" content=\"370\" \/>\n\t<meta property=\"og:image:type\" content=\"image\/webp\" \/>\n<meta name=\"author\" content=\"admin\" \/>\n<meta name=\"twitter:card\" content=\"summary_large_image\" \/>\n<meta name=\"twitter:label1\" content=\"Yazan:\" \/>\n\t<meta name=\"twitter:data1\" content=\"admin\" \/>\n\t<meta name=\"twitter:label2\" content=\"Tahmini okuma s\u00fcresi\" \/>\n\t<meta name=\"twitter:data2\" content=\"5 dakika\" \/>\n<script type=\"application\/ld+json\" class=\"yoast-schema-graph\">{\"@context\":\"https:\\\/\\\/schema.org\",\"@graph\":[{\"@type\":\"Article\",\"@id\":\"https:\\\/\\\/kibrisdakik.com\\\/?p=20699#article\",\"isPartOf\":{\"@id\":\"https:\\\/\\\/kibrisdakik.com\\\/?p=20699\"},\"author\":{\"name\":\"admin\",\"@id\":\"https:\\\/\\\/kibrisdakik.com\\\/#\\\/schema\\\/person\\\/9cd9d437bbb44f72b73ba127e06d8e79\"},\"headline\":\"\u00dcnal \u00dcstel: Biz gen\u00e7lerimiz i\u00e7in her t\u00fcrl\u00fc fedakarl\u0131\u011f\u0131 yapaca\u011f\u0131z\",\"datePublished\":\"2023-12-01T14:50:19+00:00\",\"mainEntityOfPage\":{\"@id\":\"https:\\\/\\\/kibrisdakik.com\\\/?p=20699\"},\"wordCount\":927,\"commentCount\":0,\"image\":{\"@id\":\"https:\\\/\\\/kibrisdakik.com\\\/?p=20699#primaryimage\"},\"thumbnailUrl\":\"https:\\\/\\\/kibrisdakik.com\\\/wp-content\\\/uploads\\\/2023\\\/12\\\/unal-ustel-biz-genclerimiz-icin-her-turlu-fedakarligi-yapacagiz-1701439668.webp.webp\",\"articleSection\":[\"G\u00fcndem\"],\"inLanguage\":\"tr\",\"potentialAction\":[{\"@type\":\"CommentAction\",\"name\":\"Comment\",\"target\":[\"https:\\\/\\\/kibrisdakik.com\\\/?p=20699#respond\"]}]},{\"@type\":\"WebPage\",\"@id\":\"https:\\\/\\\/kibrisdakik.com\\\/?p=20699\",\"url\":\"https:\\\/\\\/kibrisdakik.com\\\/?p=20699\",\"name\":\"\u00dcnal \u00dcstel: Biz gen\u00e7lerimiz i\u00e7in her t\u00fcrl\u00fc fedakarl\u0131\u011f\u0131 yapaca\u011f\u0131z -\",\"isPartOf\":{\"@id\":\"https:\\\/\\\/kibrisdakik.com\\\/#website\"},\"primaryImageOfPage\":{\"@id\":\"https:\\\/\\\/kibrisdakik.com\\\/?p=20699#primaryimage\"},\"image\":{\"@id\":\"https:\\\/\\\/kibrisdakik.com\\\/?p=20699#primaryimage\"},\"thumbnailUrl\":\"https:\\\/\\\/kibrisdakik.com\\\/wp-content\\\/uploads\\\/2023\\\/12\\\/unal-ustel-biz-genclerimiz-icin-her-turlu-fedakarligi-yapacagiz-1701439668.webp.webp\",\"datePublished\":\"2023-12-01T14:50:19+00:00\",\"author\":{\"@id\":\"https:\\\/\\\/kibrisdakik.com\\\/#\\\/schema\\\/person\\\/9cd9d437bbb44f72b73ba127e06d8e79\"},\"breadcrumb\":{\"@id\":\"https:\\\/\\\/kibrisdakik.com\\\/?p=20699#breadcrumb\"},\"inLanguage\":\"tr\",\"potentialAction\":[{\"@type\":\"ReadAction\",\"target\":[\"https:\\\/\\\/kibrisdakik.com\\\/?p=20699\"]}]},{\"@type\":\"ImageObject\",\"inLanguage\":\"tr\",\"@id\":\"https:\\\/\\\/kibrisdakik.com\\\/?p=20699#primaryimage\",\"url\":\"https:\\\/\\\/kibrisdakik.com\\\/wp-content\\\/uploads\\\/2023\\\/12\\\/unal-ustel-biz-genclerimiz-icin-her-turlu-fedakarligi-yapacagiz-1701439668.webp.webp\",\"contentUrl\":\"https:\\\/\\\/kibrisdakik.com\\\/wp-content\\\/uploads\\\/2023\\\/12\\\/unal-ustel-biz-genclerimiz-icin-her-turlu-fedakarligi-yapacagiz-1701439668.webp.webp\",\"width\":710,\"height\":370},{\"@type\":\"BreadcrumbList\",\"@id\":\"https:\\\/\\\/kibrisdakik.com\\\/?p=20699#breadcrumb\",\"itemListElement\":[{\"@type\":\"ListItem\",\"position\":1,\"name\":\"Home\",\"item\":\"https:\\\/\\\/kibrisdakik.com\\\/\"},{\"@type\":\"ListItem\",\"position\":2,\"name\":\"\u00dcnal \u00dcstel: Biz gen\u00e7lerimiz i\u00e7in her t\u00fcrl\u00fc fedakarl\u0131\u011f\u0131 yapaca\u011f\u0131z\"}]},{\"@type\":\"WebSite\",\"@id\":\"https:\\\/\\\/kibrisdakik.com\\\/#website\",\"url\":\"https:\\\/\\\/kibrisdakik.com\\\/\",\"name\":\"\",\"description\":\"Tam vaktinde haber\",\"potentialAction\":[{\"@type\":\"SearchAction\",\"target\":{\"@type\":\"EntryPoint\",\"urlTemplate\":\"https:\\\/\\\/kibrisdakik.com\\\/?s={search_term_string}\"},\"query-input\":{\"@type\":\"PropertyValueSpecification\",\"valueRequired\":true,\"valueName\":\"search_term_string\"}}],\"inLanguage\":\"tr\"},{\"@type\":\"Person\",\"@id\":\"https:\\\/\\\/kibrisdakik.com\\\/#\\\/schema\\\/person\\\/9cd9d437bbb44f72b73ba127e06d8e79\",\"name\":\"admin\",\"image\":{\"@type\":\"ImageObject\",\"inLanguage\":\"tr\",\"@id\":\"https:\\\/\\\/secure.gravatar.com\\\/avatar\\\/ccc17943b9d660506c869530f897617f7cb1c21a4bf30023f252596d83e1f007?s=96&d=mm&r=g\",\"url\":\"https:\\\/\\\/secure.gravatar.com\\\/avatar\\\/ccc17943b9d660506c869530f897617f7cb1c21a4bf30023f252596d83e1f007?s=96&d=mm&r=g\",\"contentUrl\":\"https:\\\/\\\/secure.gravatar.com\\\/avatar\\\/ccc17943b9d660506c869530f897617f7cb1c21a4bf30023f252596d83e1f007?s=96&d=mm&r=g\",\"caption\":\"admin\"},\"sameAs\":[\"https:\\\/\\\/kibrisdakik.com\"],\"url\":\"https:\\\/\\\/kibrisdakik.com\\\/?author=1\"}]}<\/script>\n<!-- \/ Yoast SEO plugin. -->","yoast_head_json":{"title":"\u00dcnal \u00dcstel: Biz gen\u00e7lerimiz i\u00e7in her t\u00fcrl\u00fc fedakarl\u0131\u011f\u0131 yapaca\u011f\u0131z -","robots":{"index":"index","follow":"follow","max-snippet":"max-snippet:-1","max-image-preview":"max-image-preview:large","max-video-preview":"max-video-preview:-1"},"canonical":"https:\/\/kibrisdakik.com\/?p=20699","og_locale":"tr_TR","og_type":"article","og_title":"\u00dcnal \u00dcstel: Biz gen\u00e7lerimiz i\u00e7in her t\u00fcrl\u00fc fedakarl\u0131\u011f\u0131 yapaca\u011f\u0131z -","og_description":"T\u00fcrkiye Cumhuriyeti taraf\u0131ndan finanse edilen S\u0131n\u0131r\u00fcst\u00fc Mormenek\u015fe k\u0131rsal kesim arsalar\u0131 su altyap\u0131 projesi ba\u015flad\u0131. Proje 310 parseli kaps\u0131yor.&nbsp;&nbsp; \u0130\u00e7i\u015fleri Bakan\u0131 Dursun O\u011fuz, t\u00f6rende yapt\u0131\u011f\u0131 konu\u015fmada, KKTC\u2019nin son zamanlarda \u00e7ok tart\u0131\u015f\u0131lan bir sorununa \u00e7\u00f6z\u00fcm bulmak amac\u0131yla ba\u015flat\u0131lan projenin hay\u0131rl\u0131 olmas\u0131n\u0131 temenni etti.&nbsp;&nbsp; \u0130skele\u2019nin \u00fclkede en \u00e7ok geli\u015fen bir b\u00f6lge oldu\u011funa i\u015faret eden O\u011fuz, gen\u00e7ler k\u00f6y\u00fcne yerle\u015fsin","og_url":"https:\/\/kibrisdakik.com\/?p=20699","article_published_time":"2023-12-01T14:50:19+00:00","og_image":[{"width":710,"height":370,"url":"https:\/\/kibrisdakik.com\/wp-content\/uploads\/2023\/12\/unal-ustel-biz-genclerimiz-icin-her-turlu-fedakarligi-yapacagiz-1701439668.webp.webp","type":"image\/webp"}],"author":"admin","twitter_card":"summary_large_image","twitter_misc":{"Yazan:":"admin","Tahmini okuma s\u00fcresi":"5 dakika"},"schema":{"@context":"https:\/\/schema.org","@graph":[{"@type":"Article","@id":"https:\/\/kibrisdakik.com\/?p=20699#article","isPartOf":{"@id":"https:\/\/kibrisdakik.com\/?p=20699"},"author":{"name":"admin","@id":"https:\/\/kibrisdakik.com\/#\/schema\/person\/9cd9d437bbb44f72b73ba127e06d8e79"},"headline":"\u00dcnal \u00dcstel: Biz gen\u00e7lerimiz i\u00e7in her t\u00fcrl\u00fc fedakarl\u0131\u011f\u0131 yapaca\u011f\u0131z","datePublished":"2023-12-01T14:50:19+00:00","mainEntityOfPage":{"@id":"https:\/\/kibrisdakik.com\/?p=20699"},"wordCount":927,"commentCount":0,"image":{"@id":"https:\/\/kibrisdakik.com\/?p=20699#primaryimage"},"thumbnailUrl":"https:\/\/kibrisdakik.com\/wp-content\/uploads\/2023\/12\/unal-ustel-biz-genclerimiz-icin-her-turlu-fedakarligi-yapacagiz-1701439668.webp.webp","articleSection":["G\u00fcndem"],"inLanguage":"tr","potentialAction":[{"@type":"CommentAction","name":"Comment","target":["https:\/\/kibrisdakik.com\/?p=20699#respond"]}]},{"@type":"WebPage","@id":"https:\/\/kibrisdakik.com\/?p=20699","url":"https:\/\/kibrisdakik.com\/?p=20699","name":"\u00dcnal \u00dcstel: Biz gen\u00e7lerimiz i\u00e7in her t\u00fcrl\u00fc fedakarl\u0131\u011f\u0131 yapaca\u011f\u0131z -","isPartOf":{"@id":"https:\/\/kibrisdakik.com\/#website"},"primaryImageOfPage":{"@id":"https:\/\/kibrisdakik.com\/?p=20699#primaryimage"},"image":{"@id":"https:\/\/kibrisdakik.com\/?p=20699#primaryimage"},"thumbnailUrl":"https:\/\/kibrisdakik.com\/wp-content\/uploads\/2023\/12\/unal-ustel-biz-genclerimiz-icin-her-turlu-fedakarligi-yapacagiz-1701439668.webp.webp","datePublished":"2023-12-01T14:50:19+00:00","author":{"@id":"https:\/\/kibrisdakik.com\/#\/schema\/person\/9cd9d437bbb44f72b73ba127e06d8e79"},"breadcrumb":{"@id":"https:\/\/kibrisdakik.com\/?p=20699#breadcrumb"},"inLanguage":"tr","potentialAction":[{"@type":"ReadAction","target":["https:\/\/kibrisdakik.com\/?p=20699"]}]},{"@type":"ImageObject","inLanguage":"tr","@id":"https:\/\/kibrisdakik.com\/?p=20699#primaryimage","url":"https:\/\/kibrisdakik.com\/wp-content\/uploads\/2023\/12\/unal-ustel-biz-genclerimiz-icin-her-turlu-fedakarligi-yapacagiz-1701439668.webp.webp","contentUrl":"https:\/\/kibrisdakik.com\/wp-content\/uploads\/2023\/12\/unal-ustel-biz-genclerimiz-icin-her-turlu-fedakarligi-yapacagiz-1701439668.webp.webp","width":710,"height":370},{"@type":"BreadcrumbList","@id":"https:\/\/kibrisdakik.com\/?p=20699#breadcrumb","itemListElement":[{"@type":"ListItem","position":1,"name":"Home","item":"https:\/\/kibrisdakik.com\/"},{"@type":"ListItem","position":2,"name":"\u00dcnal \u00dcstel: Biz gen\u00e7lerimiz i\u00e7in her t\u00fcrl\u00fc fedakarl\u0131\u011f\u0131 yapaca\u011f\u0131z"}]},{"@type":"WebSite","@id":"https:\/\/kibrisdakik.com\/#website","url":"https:\/\/kibrisdakik.com\/","name":"","description":"Tam vaktinde haber","potentialAction":[{"@type":"SearchAction","target":{"@type":"EntryPoint","urlTemplate":"https:\/\/kibrisdakik.com\/?s={search_term_string}"},"query-input":{"@type":"PropertyValueSpecification","valueRequired":true,"valueName":"search_term_string"}}],"inLanguage":"tr"},{"@type":"Person","@id":"https:\/\/kibrisdakik.com\/#\/schema\/person\/9cd9d437bbb44f72b73ba127e06d8e79","name":"admin","image":{"@type":"ImageObject","inLanguage":"tr","@id":"https:\/\/secure.gravatar.com\/avatar\/ccc17943b9d660506c869530f897617f7cb1c21a4bf30023f252596d83e1f007?s=96&d=mm&r=g","url":"https:\/\/secure.gravatar.com\/avatar\/ccc17943b9d660506c869530f897617f7cb1c21a4bf30023f252596d83e1f007?s=96&d=mm&r=g","contentUrl":"https:\/\/secure.gravatar.com\/avatar\/ccc17943b9d660506c869530f897617f7cb1c21a4bf30023f252596d83e1f007?s=96&d=mm&r=g","caption":"admin"},"sameAs":["https:\/\/kibrisdakik.com"],"url":"https:\/\/kibrisdakik.com\/?author=1"}]}},"_links":{"self":[{"href":"https:\/\/kibrisdakik.com\/index.php?rest_route=\/wp\/v2\/posts\/20699","targetHints":{"allow":["GET"]}}],"collection":[{"href":"https:\/\/kibrisdakik.com\/index.php?rest_route=\/wp\/v2\/posts"}],"about":[{"href":"https:\/\/kibrisdakik.com\/index.php?rest_route=\/wp\/v2\/types\/post"}],"author":[{"embeddable":true,"href":"https:\/\/kibrisdakik.com\/index.php?rest_route=\/wp\/v2\/users\/1"}],"replies":[{"embeddable":true,"href":"https:\/\/kibrisdakik.com\/index.php?rest_route=%2Fwp%2Fv2%2Fcomments&post=20699"}],"version-history":[{"count":0,"href":"https:\/\/kibrisdakik.com\/index.php?rest_route=\/wp\/v2\/posts\/20699\/revisions"}],"wp:featuredmedia":[{"embeddable":true,"href":"https:\/\/kibrisdakik.com\/index.php?rest_route=\/wp\/v2\/media\/20700"}],"wp:attachment":[{"href":"https:\/\/kibrisdakik.com\/index.php?rest_route=%2Fwp%2Fv2%2Fmedia&parent=20699"}],"wp:term":[{"taxonomy":"category","embeddable":true,"href":"https:\/\/kibrisdakik.com\/index.php?rest_route=%2Fwp%2Fv2%2Fcategories&post=20699"},{"taxonomy":"post_tag","embeddable":true,"href":"https:\/\/kibrisdakik.com\/index.php?rest_route=%2Fwp%2Fv2%2Ftags&post=20699"}],"curies":[{"name":"wp","href":"https:\/\/api.w.org\/{rel}","templated":true}]}}