{"id":20765,"date":"2023-12-02T10:07:26","date_gmt":"2023-12-02T10:07:26","guid":{"rendered":"https:\/\/kibrisdakik.com\/index.php\/2023\/12\/02\/hasan-kilic-engelli-bireylerimizin-yasam-kalitesiyle-ilgili-calismalar-yetersiz-kalmaktadir\/"},"modified":"2023-12-02T10:07:26","modified_gmt":"2023-12-02T10:07:26","slug":"hasan-kilic-engelli-bireylerimizin-yasam-kalitesiyle-ilgili-calismalar-yetersiz-kalmaktadir","status":"publish","type":"post","link":"https:\/\/kibrisdakik.com\/?p=20765","title":{"rendered":"Hasan K\u0131l\u0131\u00e7: Engelli bireylerimizin ya\u015fam kalitesiyle ilgili \u00e7al\u0131\u015fmalar yetersiz kalmaktad\u0131r"},"content":{"rendered":"<p><img decoding=\"async\" src=\"https:\/\/www.kibristurk.com\/images\/haberler\/2023\/12\/hasan-kilic-engelli-bireylerimizin-yasam-kalitesiyle-ilgili-calismalar-yetersiz-kalmaktadir-1701510287.webp\" \/><\/p>\n<p>Do\u011fu Akdeniz \u00dcniversitesi&nbsp;(DA\u00dc) Rekt\u00f6r\u00fc Prof. Dr. Hasan K\u0131l\u0131\u00e7, 3 Aral\u0131k D\u00fcnya Engelliler G\u00fcn\u00fc dolay\u0131s\u0131yla bir mesaj yay\u0131mlad\u0131. Prof. Dr. K\u0131l\u0131\u00e7, s\u00f6z konusu mesaj\u0131nda \u015fu ifadelere yer verdi:<\/p>\n<p>\u201c3 Aral\u0131k tarihi; hayata engelli bireylerimizin penceresinden bakabilmek, engelli bireylerin sorunlar\u0131na dikkat \u00e7ekerek bu konularda toplumsal bilin\u00e7 ve fark\u0131ndal\u0131k yaratmak amac\u0131yla, Birle\u015fmi\u015f Milletler taraf\u0131ndan 1992 y\u0131l\u0131nda D\u00fcnya Engelliler G\u00fcn\u00fc olarak kabul edilmi\u015ftir.<\/p>\n<p>Ne yaz\u0131k ki \u00fclkemizde engelli bireylerimizin ya\u015fam kalitesiyle ilgili \u00e7al\u0131\u015fmalar yetersiz kalmakta, engelli bireylerimiz mevcut kent ya\u015famlar\u0131nda pek \u00e7ok zorlukla kar\u015f\u0131la\u015fmakta ve adapte olamamaktad\u0131r. Bu \u00fczerine d\u00fc\u015f\u00fcnmemiz ve sorunlara \u00e7\u00f6z\u00fcm \u00fcretmemiz gereken bir konudur. Tabii ki 3 Aral\u0131k\u2019ta engelli bireylerimiz i\u00e7in fark\u0131ndal\u0131k yaratmak \u00f6nemlidir. Ancak engelli bireylerimizin ya\u015fam kalitesini art\u0131rmak, onlar\u0131n sorunlar\u0131n\u0131 ve var olan e\u015fitsizlikleri ortadan kald\u0131rmak i\u00e7in her g\u00fcn \u00e7al\u0131\u015fmam\u0131z gerekmektedir.<\/p>\n<p>DA\u00dc, d\u00fcnyadaki geli\u015fmeleri yak\u0131ndan takip eden bir kurum olarak, ge\u00e7mi\u015f y\u00f6netimler d\u00f6neminde kamp\u00fcs\u00fcn\u00fc engelli dostu hale getirmek i\u00e7in pek \u00e7ok \u00e7al\u0131\u015fma yapm\u0131\u015f, bunun yan\u0131nda toplumda fark\u0131ndal\u0131k yaratmak ve toplumu bu konularda e\u011fitmek amac\u0131yla da \u00e7ok say\u0131da seminer, etkinlik, at\u00f6lye \u00e7al\u0131\u015fmas\u0131 d\u00fczenlemi\u015ftir. Bir devlet \u00fcniversitesi olarak di\u011fer konularda oldu\u011fu gibi b\u00f6ylesine \u00f6nemli bir konuda da topluma \u00f6nc\u00fcl\u00fck etmek, do\u011fru yolu g\u00f6stermek g\u00f6revlerimiz aras\u0131ndad\u0131r. Engelli bireylerimizin engellerini ortadan kald\u0131rarak kamp\u00fcs\u00fcm\u00fczde her noktaya rahatl\u0131kla eri\u015febilecekleri ortam\u0131 yaratmak i\u00e7in gerekli altyap\u0131y\u0131 uzun zaman \u00f6nce olu\u015fturmaya ba\u015flam\u0131\u015ft\u0131k.<\/p>\n<p>\u00dcniversitemizi her konuda oldu\u011fu gibi bu konuda da daha da ileriye g\u00f6t\u00fcrmek en \u00f6nemli hedeflerimiz aras\u0131ndad\u0131r. \u00d6nceki d\u00f6nemlerde engelli dostu kamp\u00fcs projesi belli bir noktaya getirilmi\u015fti. Ben ve ekibim de g\u00f6reve geldi\u011fimiz g\u00fcnden itibaren bu konuda da eksikliklerimizi tespit ederek t\u00fcm birimlerimiz ve imkanlar\u0131m\u0131zla bunlar\u0131n d\u00fczeltilmesi ve kamp\u00fcs\u00fcm\u00fcz\u00fcn daha iyi hale getirilmesi i\u00e7in projeler \u00fcretmeye devam edece\u011fimizi vurgulamak isterim.&nbsp;Do\u011fu Akdeniz \u00dcniversitesi\u2019nin engelli bireylerimizin hayat\u0131n\u0131 kolayla\u015ft\u0131rmak i\u00e7in \u00e7al\u0131\u015fmaya devam edece\u011fini bir kez daha ifade eder, hayat\u0131 zorla\u015ft\u0131ran t\u00fcm engellerin ortadan kalkaca\u011f\u0131 bir gelecek dilerim.&#8221;<\/p>\n","protected":false},"excerpt":{"rendered":"<p>Do\u011fu Akdeniz \u00dcniversitesi&nbsp;(DA\u00dc) Rekt\u00f6r\u00fc Prof. Dr. Hasan K\u0131l\u0131\u00e7, 3 Aral\u0131k D\u00fcnya Engelliler G\u00fcn\u00fc dolay\u0131s\u0131yla bir mesaj yay\u0131mlad\u0131. Prof. Dr. K\u0131l\u0131\u00e7, s\u00f6z konusu mesaj\u0131nda \u015fu ifadelere yer verdi: \u201c3 Aral\u0131k tarihi; hayata engelli bireylerimizin penceresinden bakabilmek, engelli bireylerin sorunlar\u0131na dikkat \u00e7ekerek bu konularda toplumsal bilin\u00e7 ve fark\u0131ndal\u0131k yaratmak amac\u0131yla, Birle\u015fmi\u015f Milletler taraf\u0131ndan 1992 y\u0131l\u0131nda D\u00fcnya Engelliler<\/p>\n","protected":false},"author":1,"featured_media":20766,"comment_status":"open","ping_status":"open","sticky":false,"template":"","format":"standard","meta":{"footnotes":""},"categories":[86],"tags":[],"class_list":["post-20765","post","type-post","status-publish","format-standard","has-post-thumbnail","hentry","category-turkiye"],"yoast_head":"<!-- This site is optimized with the Yoast SEO plugin v27.5 - https:\/\/yoast.com\/product\/yoast-seo-wordpress\/ -->\n<title>Hasan K\u0131l\u0131\u00e7: Engelli bireylerimizin ya\u015fam kalitesiyle ilgili \u00e7al\u0131\u015fmalar yetersiz kalmaktad\u0131r -<\/title>\n<meta name=\"robots\" content=\"index, follow, max-snippet:-1, max-image-preview:large, max-video-preview:-1\" \/>\n<link rel=\"canonical\" href=\"https:\/\/kibrisdakik.com\/?p=20765\" \/>\n<meta property=\"og:locale\" content=\"tr_TR\" \/>\n<meta property=\"og:type\" content=\"article\" \/>\n<meta property=\"og:title\" content=\"Hasan K\u0131l\u0131\u00e7: Engelli bireylerimizin ya\u015fam kalitesiyle ilgili \u00e7al\u0131\u015fmalar yetersiz kalmaktad\u0131r -\" \/>\n<meta property=\"og:description\" content=\"Do\u011fu Akdeniz \u00dcniversitesi&nbsp;(DA\u00dc) Rekt\u00f6r\u00fc Prof. Dr. Hasan K\u0131l\u0131\u00e7, 3 Aral\u0131k D\u00fcnya Engelliler G\u00fcn\u00fc dolay\u0131s\u0131yla bir mesaj yay\u0131mlad\u0131. Prof. Dr. K\u0131l\u0131\u00e7, s\u00f6z konusu mesaj\u0131nda \u015fu ifadelere yer verdi: \u201c3 Aral\u0131k tarihi; hayata engelli bireylerimizin penceresinden bakabilmek, engelli bireylerin sorunlar\u0131na dikkat \u00e7ekerek bu konularda toplumsal bilin\u00e7 ve fark\u0131ndal\u0131k yaratmak amac\u0131yla, Birle\u015fmi\u015f Milletler taraf\u0131ndan 1992 y\u0131l\u0131nda D\u00fcnya Engelliler\" \/>\n<meta property=\"og:url\" content=\"https:\/\/kibrisdakik.com\/?p=20765\" \/>\n<meta property=\"article:published_time\" content=\"2023-12-02T10:07:26+00:00\" \/>\n<meta property=\"og:image\" content=\"https:\/\/kibrisdakik.com\/wp-content\/uploads\/2023\/12\/hasan-kilic-engelli-bireylerimizin-yasam-kalitesiyle-ilgili-calismalar-yetersiz-kalmaktadir-1701510287.webp.webp\" \/>\n\t<meta property=\"og:image:width\" content=\"710\" \/>\n\t<meta property=\"og:image:height\" content=\"370\" \/>\n\t<meta property=\"og:image:type\" content=\"image\/webp\" \/>\n<meta name=\"author\" content=\"admin\" \/>\n<meta name=\"twitter:card\" content=\"summary_large_image\" \/>\n<meta name=\"twitter:label1\" content=\"Yazan:\" \/>\n\t<meta name=\"twitter:data1\" content=\"admin\" \/>\n\t<meta name=\"twitter:label2\" content=\"Tahmini okuma s\u00fcresi\" \/>\n\t<meta name=\"twitter:data2\" content=\"2 dakika\" \/>\n<script type=\"application\/ld+json\" class=\"yoast-schema-graph\">{\"@context\":\"https:\\\/\\\/schema.org\",\"@graph\":[{\"@type\":\"Article\",\"@id\":\"https:\\\/\\\/kibrisdakik.com\\\/?p=20765#article\",\"isPartOf\":{\"@id\":\"https:\\\/\\\/kibrisdakik.com\\\/?p=20765\"},\"author\":{\"name\":\"admin\",\"@id\":\"https:\\\/\\\/kibrisdakik.com\\\/#\\\/schema\\\/person\\\/9cd9d437bbb44f72b73ba127e06d8e79\"},\"headline\":\"Hasan K\u0131l\u0131\u00e7: Engelli bireylerimizin ya\u015fam kalitesiyle ilgili \u00e7al\u0131\u015fmalar yetersiz kalmaktad\u0131r\",\"datePublished\":\"2023-12-02T10:07:26+00:00\",\"mainEntityOfPage\":{\"@id\":\"https:\\\/\\\/kibrisdakik.com\\\/?p=20765\"},\"wordCount\":425,\"commentCount\":0,\"image\":{\"@id\":\"https:\\\/\\\/kibrisdakik.com\\\/?p=20765#primaryimage\"},\"thumbnailUrl\":\"https:\\\/\\\/kibrisdakik.com\\\/wp-content\\\/uploads\\\/2023\\\/12\\\/hasan-kilic-engelli-bireylerimizin-yasam-kalitesiyle-ilgili-calismalar-yetersiz-kalmaktadir-1701510287.webp.webp\",\"articleSection\":[\"T\u00fcrkiye\"],\"inLanguage\":\"tr\",\"potentialAction\":[{\"@type\":\"CommentAction\",\"name\":\"Comment\",\"target\":[\"https:\\\/\\\/kibrisdakik.com\\\/?p=20765#respond\"]}]},{\"@type\":\"WebPage\",\"@id\":\"https:\\\/\\\/kibrisdakik.com\\\/?p=20765\",\"url\":\"https:\\\/\\\/kibrisdakik.com\\\/?p=20765\",\"name\":\"Hasan K\u0131l\u0131\u00e7: Engelli bireylerimizin ya\u015fam kalitesiyle ilgili \u00e7al\u0131\u015fmalar yetersiz kalmaktad\u0131r -\",\"isPartOf\":{\"@id\":\"https:\\\/\\\/kibrisdakik.com\\\/#website\"},\"primaryImageOfPage\":{\"@id\":\"https:\\\/\\\/kibrisdakik.com\\\/?p=20765#primaryimage\"},\"image\":{\"@id\":\"https:\\\/\\\/kibrisdakik.com\\\/?p=20765#primaryimage\"},\"thumbnailUrl\":\"https:\\\/\\\/kibrisdakik.com\\\/wp-content\\\/uploads\\\/2023\\\/12\\\/hasan-kilic-engelli-bireylerimizin-yasam-kalitesiyle-ilgili-calismalar-yetersiz-kalmaktadir-1701510287.webp.webp\",\"datePublished\":\"2023-12-02T10:07:26+00:00\",\"author\":{\"@id\":\"https:\\\/\\\/kibrisdakik.com\\\/#\\\/schema\\\/person\\\/9cd9d437bbb44f72b73ba127e06d8e79\"},\"breadcrumb\":{\"@id\":\"https:\\\/\\\/kibrisdakik.com\\\/?p=20765#breadcrumb\"},\"inLanguage\":\"tr\",\"potentialAction\":[{\"@type\":\"ReadAction\",\"target\":[\"https:\\\/\\\/kibrisdakik.com\\\/?p=20765\"]}]},{\"@type\":\"ImageObject\",\"inLanguage\":\"tr\",\"@id\":\"https:\\\/\\\/kibrisdakik.com\\\/?p=20765#primaryimage\",\"url\":\"https:\\\/\\\/kibrisdakik.com\\\/wp-content\\\/uploads\\\/2023\\\/12\\\/hasan-kilic-engelli-bireylerimizin-yasam-kalitesiyle-ilgili-calismalar-yetersiz-kalmaktadir-1701510287.webp.webp\",\"contentUrl\":\"https:\\\/\\\/kibrisdakik.com\\\/wp-content\\\/uploads\\\/2023\\\/12\\\/hasan-kilic-engelli-bireylerimizin-yasam-kalitesiyle-ilgili-calismalar-yetersiz-kalmaktadir-1701510287.webp.webp\",\"width\":710,\"height\":370},{\"@type\":\"BreadcrumbList\",\"@id\":\"https:\\\/\\\/kibrisdakik.com\\\/?p=20765#breadcrumb\",\"itemListElement\":[{\"@type\":\"ListItem\",\"position\":1,\"name\":\"Home\",\"item\":\"https:\\\/\\\/kibrisdakik.com\\\/\"},{\"@type\":\"ListItem\",\"position\":2,\"name\":\"Hasan K\u0131l\u0131\u00e7: Engelli bireylerimizin ya\u015fam kalitesiyle ilgili \u00e7al\u0131\u015fmalar yetersiz kalmaktad\u0131r\"}]},{\"@type\":\"WebSite\",\"@id\":\"https:\\\/\\\/kibrisdakik.com\\\/#website\",\"url\":\"https:\\\/\\\/kibrisdakik.com\\\/\",\"name\":\"\",\"description\":\"Tam vaktinde haber\",\"potentialAction\":[{\"@type\":\"SearchAction\",\"target\":{\"@type\":\"EntryPoint\",\"urlTemplate\":\"https:\\\/\\\/kibrisdakik.com\\\/?s={search_term_string}\"},\"query-input\":{\"@type\":\"PropertyValueSpecification\",\"valueRequired\":true,\"valueName\":\"search_term_string\"}}],\"inLanguage\":\"tr\"},{\"@type\":\"Person\",\"@id\":\"https:\\\/\\\/kibrisdakik.com\\\/#\\\/schema\\\/person\\\/9cd9d437bbb44f72b73ba127e06d8e79\",\"name\":\"admin\",\"image\":{\"@type\":\"ImageObject\",\"inLanguage\":\"tr\",\"@id\":\"https:\\\/\\\/secure.gravatar.com\\\/avatar\\\/ccc17943b9d660506c869530f897617f7cb1c21a4bf30023f252596d83e1f007?s=96&d=mm&r=g\",\"url\":\"https:\\\/\\\/secure.gravatar.com\\\/avatar\\\/ccc17943b9d660506c869530f897617f7cb1c21a4bf30023f252596d83e1f007?s=96&d=mm&r=g\",\"contentUrl\":\"https:\\\/\\\/secure.gravatar.com\\\/avatar\\\/ccc17943b9d660506c869530f897617f7cb1c21a4bf30023f252596d83e1f007?s=96&d=mm&r=g\",\"caption\":\"admin\"},\"sameAs\":[\"https:\\\/\\\/kibrisdakik.com\"],\"url\":\"https:\\\/\\\/kibrisdakik.com\\\/?author=1\"}]}<\/script>\n<!-- \/ Yoast SEO plugin. -->","yoast_head_json":{"title":"Hasan K\u0131l\u0131\u00e7: Engelli bireylerimizin ya\u015fam kalitesiyle ilgili \u00e7al\u0131\u015fmalar yetersiz kalmaktad\u0131r -","robots":{"index":"index","follow":"follow","max-snippet":"max-snippet:-1","max-image-preview":"max-image-preview:large","max-video-preview":"max-video-preview:-1"},"canonical":"https:\/\/kibrisdakik.com\/?p=20765","og_locale":"tr_TR","og_type":"article","og_title":"Hasan K\u0131l\u0131\u00e7: Engelli bireylerimizin ya\u015fam kalitesiyle ilgili \u00e7al\u0131\u015fmalar yetersiz kalmaktad\u0131r -","og_description":"Do\u011fu Akdeniz \u00dcniversitesi&nbsp;(DA\u00dc) Rekt\u00f6r\u00fc Prof. Dr. Hasan K\u0131l\u0131\u00e7, 3 Aral\u0131k D\u00fcnya Engelliler G\u00fcn\u00fc dolay\u0131s\u0131yla bir mesaj yay\u0131mlad\u0131. Prof. Dr. K\u0131l\u0131\u00e7, s\u00f6z konusu mesaj\u0131nda \u015fu ifadelere yer verdi: \u201c3 Aral\u0131k tarihi; hayata engelli bireylerimizin penceresinden bakabilmek, engelli bireylerin sorunlar\u0131na dikkat \u00e7ekerek bu konularda toplumsal bilin\u00e7 ve fark\u0131ndal\u0131k yaratmak amac\u0131yla, Birle\u015fmi\u015f Milletler taraf\u0131ndan 1992 y\u0131l\u0131nda D\u00fcnya Engelliler","og_url":"https:\/\/kibrisdakik.com\/?p=20765","article_published_time":"2023-12-02T10:07:26+00:00","og_image":[{"width":710,"height":370,"url":"https:\/\/kibrisdakik.com\/wp-content\/uploads\/2023\/12\/hasan-kilic-engelli-bireylerimizin-yasam-kalitesiyle-ilgili-calismalar-yetersiz-kalmaktadir-1701510287.webp.webp","type":"image\/webp"}],"author":"admin","twitter_card":"summary_large_image","twitter_misc":{"Yazan:":"admin","Tahmini okuma s\u00fcresi":"2 dakika"},"schema":{"@context":"https:\/\/schema.org","@graph":[{"@type":"Article","@id":"https:\/\/kibrisdakik.com\/?p=20765#article","isPartOf":{"@id":"https:\/\/kibrisdakik.com\/?p=20765"},"author":{"name":"admin","@id":"https:\/\/kibrisdakik.com\/#\/schema\/person\/9cd9d437bbb44f72b73ba127e06d8e79"},"headline":"Hasan K\u0131l\u0131\u00e7: Engelli bireylerimizin ya\u015fam kalitesiyle ilgili \u00e7al\u0131\u015fmalar yetersiz kalmaktad\u0131r","datePublished":"2023-12-02T10:07:26+00:00","mainEntityOfPage":{"@id":"https:\/\/kibrisdakik.com\/?p=20765"},"wordCount":425,"commentCount":0,"image":{"@id":"https:\/\/kibrisdakik.com\/?p=20765#primaryimage"},"thumbnailUrl":"https:\/\/kibrisdakik.com\/wp-content\/uploads\/2023\/12\/hasan-kilic-engelli-bireylerimizin-yasam-kalitesiyle-ilgili-calismalar-yetersiz-kalmaktadir-1701510287.webp.webp","articleSection":["T\u00fcrkiye"],"inLanguage":"tr","potentialAction":[{"@type":"CommentAction","name":"Comment","target":["https:\/\/kibrisdakik.com\/?p=20765#respond"]}]},{"@type":"WebPage","@id":"https:\/\/kibrisdakik.com\/?p=20765","url":"https:\/\/kibrisdakik.com\/?p=20765","name":"Hasan K\u0131l\u0131\u00e7: Engelli bireylerimizin ya\u015fam kalitesiyle ilgili \u00e7al\u0131\u015fmalar yetersiz kalmaktad\u0131r -","isPartOf":{"@id":"https:\/\/kibrisdakik.com\/#website"},"primaryImageOfPage":{"@id":"https:\/\/kibrisdakik.com\/?p=20765#primaryimage"},"image":{"@id":"https:\/\/kibrisdakik.com\/?p=20765#primaryimage"},"thumbnailUrl":"https:\/\/kibrisdakik.com\/wp-content\/uploads\/2023\/12\/hasan-kilic-engelli-bireylerimizin-yasam-kalitesiyle-ilgili-calismalar-yetersiz-kalmaktadir-1701510287.webp.webp","datePublished":"2023-12-02T10:07:26+00:00","author":{"@id":"https:\/\/kibrisdakik.com\/#\/schema\/person\/9cd9d437bbb44f72b73ba127e06d8e79"},"breadcrumb":{"@id":"https:\/\/kibrisdakik.com\/?p=20765#breadcrumb"},"inLanguage":"tr","potentialAction":[{"@type":"ReadAction","target":["https:\/\/kibrisdakik.com\/?p=20765"]}]},{"@type":"ImageObject","inLanguage":"tr","@id":"https:\/\/kibrisdakik.com\/?p=20765#primaryimage","url":"https:\/\/kibrisdakik.com\/wp-content\/uploads\/2023\/12\/hasan-kilic-engelli-bireylerimizin-yasam-kalitesiyle-ilgili-calismalar-yetersiz-kalmaktadir-1701510287.webp.webp","contentUrl":"https:\/\/kibrisdakik.com\/wp-content\/uploads\/2023\/12\/hasan-kilic-engelli-bireylerimizin-yasam-kalitesiyle-ilgili-calismalar-yetersiz-kalmaktadir-1701510287.webp.webp","width":710,"height":370},{"@type":"BreadcrumbList","@id":"https:\/\/kibrisdakik.com\/?p=20765#breadcrumb","itemListElement":[{"@type":"ListItem","position":1,"name":"Home","item":"https:\/\/kibrisdakik.com\/"},{"@type":"ListItem","position":2,"name":"Hasan K\u0131l\u0131\u00e7: Engelli bireylerimizin ya\u015fam kalitesiyle ilgili \u00e7al\u0131\u015fmalar yetersiz kalmaktad\u0131r"}]},{"@type":"WebSite","@id":"https:\/\/kibrisdakik.com\/#website","url":"https:\/\/kibrisdakik.com\/","name":"","description":"Tam vaktinde haber","potentialAction":[{"@type":"SearchAction","target":{"@type":"EntryPoint","urlTemplate":"https:\/\/kibrisdakik.com\/?s={search_term_string}"},"query-input":{"@type":"PropertyValueSpecification","valueRequired":true,"valueName":"search_term_string"}}],"inLanguage":"tr"},{"@type":"Person","@id":"https:\/\/kibrisdakik.com\/#\/schema\/person\/9cd9d437bbb44f72b73ba127e06d8e79","name":"admin","image":{"@type":"ImageObject","inLanguage":"tr","@id":"https:\/\/secure.gravatar.com\/avatar\/ccc17943b9d660506c869530f897617f7cb1c21a4bf30023f252596d83e1f007?s=96&d=mm&r=g","url":"https:\/\/secure.gravatar.com\/avatar\/ccc17943b9d660506c869530f897617f7cb1c21a4bf30023f252596d83e1f007?s=96&d=mm&r=g","contentUrl":"https:\/\/secure.gravatar.com\/avatar\/ccc17943b9d660506c869530f897617f7cb1c21a4bf30023f252596d83e1f007?s=96&d=mm&r=g","caption":"admin"},"sameAs":["https:\/\/kibrisdakik.com"],"url":"https:\/\/kibrisdakik.com\/?author=1"}]}},"_links":{"self":[{"href":"https:\/\/kibrisdakik.com\/index.php?rest_route=\/wp\/v2\/posts\/20765","targetHints":{"allow":["GET"]}}],"collection":[{"href":"https:\/\/kibrisdakik.com\/index.php?rest_route=\/wp\/v2\/posts"}],"about":[{"href":"https:\/\/kibrisdakik.com\/index.php?rest_route=\/wp\/v2\/types\/post"}],"author":[{"embeddable":true,"href":"https:\/\/kibrisdakik.com\/index.php?rest_route=\/wp\/v2\/users\/1"}],"replies":[{"embeddable":true,"href":"https:\/\/kibrisdakik.com\/index.php?rest_route=%2Fwp%2Fv2%2Fcomments&post=20765"}],"version-history":[{"count":0,"href":"https:\/\/kibrisdakik.com\/index.php?rest_route=\/wp\/v2\/posts\/20765\/revisions"}],"wp:featuredmedia":[{"embeddable":true,"href":"https:\/\/kibrisdakik.com\/index.php?rest_route=\/wp\/v2\/media\/20766"}],"wp:attachment":[{"href":"https:\/\/kibrisdakik.com\/index.php?rest_route=%2Fwp%2Fv2%2Fmedia&parent=20765"}],"wp:term":[{"taxonomy":"category","embeddable":true,"href":"https:\/\/kibrisdakik.com\/index.php?rest_route=%2Fwp%2Fv2%2Fcategories&post=20765"},{"taxonomy":"post_tag","embeddable":true,"href":"https:\/\/kibrisdakik.com\/index.php?rest_route=%2Fwp%2Fv2%2Ftags&post=20765"}],"curies":[{"name":"wp","href":"https:\/\/api.w.org\/{rel}","templated":true}]}}