{"id":20789,"date":"2023-12-02T14:10:46","date_gmt":"2023-12-02T14:10:46","guid":{"rendered":"https:\/\/kibrisdakik.com\/index.php\/2023\/12\/02\/emiroglu-azerbaycanda-turk-dunyasinin-kultur-turizmine-bakis-acilari-konulu-uluslararasi-konferansa-katildi\/"},"modified":"2023-12-02T14:10:46","modified_gmt":"2023-12-02T14:10:46","slug":"emiroglu-azerbaycanda-turk-dunyasinin-kultur-turizmine-bakis-acilari-konulu-uluslararasi-konferansa-katildi","status":"publish","type":"post","link":"https:\/\/kibrisdakik.com\/?p=20789","title":{"rendered":"Emiro\u011flu Azerbaycan\u2019da &quot;T\u00fcrk D\u00fcnyas\u0131n\u0131n K\u00fclt\u00fcr Turizmine Bak\u0131\u015f A\u00e7\u0131lar\u0131&quot; konulu uluslararas\u0131 konferansa kat\u0131ld\u0131"},"content":{"rendered":"<p><img decoding=\"async\" src=\"https:\/\/www.kibristurk.com\/images\/haberler\/2023\/12\/emiroglu-azerbaycanda-turk-dunyasinin-kultur-turizmine-bakis-acilari-konulu-uluslararasi-konferansa-katildi-1701524670.webp\" \/><\/p>\n<p><span style=\"font-size:12pt\"><span style=\"background-color:white\"><span style=\"font-family:Calibri,sans-serif\"><span style=\"font-size:13.0pt\"><span style=\"color:black\">T\u00fcrk dili konu\u015fan \u00fclkelerin ortak turizm \u00fcr\u00fcnleri ve rotalar\u0131n\u0131n olu\u015fturulmas\u0131 konusunda fikir al\u0131\u015fveri\u015finde bulunmak ve i\u015f birli\u011fi olanaklar\u0131n\u0131 tart\u0131\u015fmak amac\u0131yla d\u00fczenlenen konferansa, Ba\u015fbakan Yard\u0131mc\u0131l\u0131\u011f\u0131, Turizm, K\u00fclt\u00fcr, Gen\u00e7lik ve \u00c7evre Bakanl\u0131\u011f\u0131, Turizm Tan\u0131tma ve Pazarlama Dairesi M\u00fcd\u00fcr\u00fc Mine Emiro\u011flu kat\u0131ld\u0131.<\/span><\/span><\/span><\/span><\/span><\/p>\n<p><span style=\"font-size:12pt\"><span style=\"background-color:white\"><span style=\"font-family:Calibri,sans-serif\"><span style=\"font-size:13.0pt\"><span style=\"color:black\">Bakanl\u0131ktan verilen bilgiye g\u00f6re, Kuzey K\u0131br\u0131s T\u00fcrk Cumhuriyeti\u2019nin TDT G\u00f6zlemci \u00dcye s\u0131fat\u0131yla kat\u0131ld\u0131\u011f\u0131 uluslararas\u0131 konferansa, Azerbaycan, T\u00fcrkiye, Kazakistan, K\u0131rg\u0131zistan, \u00d6zbekistan ve Macaristan&#8217;\u0131n resmi kurumlar\u0131n\u0131n temsilcileri, k\u00fclt\u00fcrel miras uzmanlar\u0131n\u0131n yan\u0131 s\u0131ra, Azerbaycan Devlet Turizm Ajans\u0131 Ba\u015fkan Yard\u0131mc\u0131s\u0131 Azade H\u00fcseynova ile \u015eu\u015fa \u015eehri Devlet Koruma Dairesi \u0130cra Direkt\u00f6r\u00fc Tural Novruzov da kat\u0131ld\u0131.<\/span><\/span><\/span><\/span><\/span><\/p>\n<p><span style=\"font-size:12pt\"><span style=\"background-color:white\"><span style=\"font-family:Calibri,sans-serif\"><span style=\"font-size:13.0pt\"><span style=\"color:black\">-Emiro\u011flu: \u201cKKTC\u2019nin k\u00fclt\u00fcrel zenginli\u011fi turizmin en \u00f6nemli arg\u00fcman\u0131d\u0131r\u201d<\/span><\/span><\/span><\/span><\/span><\/p>\n<p><span style=\"font-size:12pt\"><span style=\"background-color:white\"><span style=\"font-family:Calibri,sans-serif\"><span style=\"font-size:13.0pt\"><span style=\"color:black\">Ba\u015fbakan Yard\u0131mc\u0131l\u0131\u011f\u0131, Turizm, K\u00fclt\u00fcr, Gen\u00e7lik ve \u00c7evre Bakanl\u0131\u011f\u0131, Turizm Tan\u0131tma ve Pazarlama Dairesi M\u00fcd\u00fcr\u00fc Mine Emiro\u011flu, konferansta yapt\u0131\u011f\u0131 konu\u015fmada, KKTC\u2019nin k\u00fclt\u00fcrel zenginli\u011finin, turizmin en \u00f6nemli arg\u00fcman\u0131 oldu\u011funu belirterek, KKTC turizmi ve K\u0131br\u0131s T\u00fcrk k\u00fclt\u00fcr\u00fc hakk\u0131nda geni\u015f bilgiler verdi.<\/span><\/span><\/span><\/span><\/span><\/p>\n<p><span style=\"font-size:12pt\"><span style=\"background-color:white\"><span style=\"font-family:Calibri,sans-serif\"><span style=\"font-size:13.0pt\"><span style=\"color:black\">Emiro\u011flu konu\u015fmas\u0131nda t\u00fcm T\u00fcrk halklar\u0131n\u0131n ortak tarih, dil, k\u00fclt\u00fcr, gelenek ve de\u011ferleri temelinde \u00e7ok tarafl\u0131 i\u015f birli\u011fini ilerletme hususunda kararl\u0131 olduklar\u0131n\u0131 kaydetti ve farkl\u0131 co\u011frafyalarda ya\u015fayan T\u00fcrk halklar\u0131n farkl\u0131 k\u00fclt\u00fcrlerinin turizm sayesinde tan\u0131nabilece\u011fini kaydetti.<\/span><\/span><\/span><\/span><\/span><\/p>\n","protected":false},"excerpt":{"rendered":"<p>T\u00fcrk dili konu\u015fan \u00fclkelerin ortak turizm \u00fcr\u00fcnleri ve rotalar\u0131n\u0131n olu\u015fturulmas\u0131 konusunda fikir al\u0131\u015fveri\u015finde bulunmak ve i\u015f birli\u011fi olanaklar\u0131n\u0131 tart\u0131\u015fmak amac\u0131yla d\u00fczenlenen konferansa, Ba\u015fbakan Yard\u0131mc\u0131l\u0131\u011f\u0131, Turizm, K\u00fclt\u00fcr, Gen\u00e7lik ve \u00c7evre Bakanl\u0131\u011f\u0131, Turizm Tan\u0131tma ve Pazarlama Dairesi M\u00fcd\u00fcr\u00fc Mine Emiro\u011flu kat\u0131ld\u0131. Bakanl\u0131ktan verilen bilgiye g\u00f6re, Kuzey K\u0131br\u0131s T\u00fcrk Cumhuriyeti\u2019nin TDT G\u00f6zlemci \u00dcye s\u0131fat\u0131yla kat\u0131ld\u0131\u011f\u0131 uluslararas\u0131 konferansa, Azerbaycan,<\/p>\n","protected":false},"author":1,"featured_media":20790,"comment_status":"open","ping_status":"open","sticky":false,"template":"","format":"standard","meta":{"footnotes":""},"categories":[86],"tags":[],"class_list":["post-20789","post","type-post","status-publish","format-standard","has-post-thumbnail","hentry","category-turkiye"],"yoast_head":"<!-- This site is optimized with the Yoast SEO plugin v27.4 - https:\/\/yoast.com\/product\/yoast-seo-wordpress\/ -->\n<title>Emiro\u011flu Azerbaycan\u2019da &quot;T\u00fcrk D\u00fcnyas\u0131n\u0131n K\u00fclt\u00fcr Turizmine Bak\u0131\u015f A\u00e7\u0131lar\u0131&quot; konulu uluslararas\u0131 konferansa kat\u0131ld\u0131 -<\/title>\n<meta name=\"robots\" content=\"index, follow, max-snippet:-1, max-image-preview:large, max-video-preview:-1\" \/>\n<link rel=\"canonical\" href=\"https:\/\/kibrisdakik.com\/?p=20789\" \/>\n<meta property=\"og:locale\" content=\"tr_TR\" \/>\n<meta property=\"og:type\" content=\"article\" \/>\n<meta property=\"og:title\" content=\"Emiro\u011flu Azerbaycan\u2019da &quot;T\u00fcrk D\u00fcnyas\u0131n\u0131n K\u00fclt\u00fcr Turizmine Bak\u0131\u015f A\u00e7\u0131lar\u0131&quot; konulu uluslararas\u0131 konferansa kat\u0131ld\u0131 -\" \/>\n<meta property=\"og:description\" content=\"T\u00fcrk dili konu\u015fan \u00fclkelerin ortak turizm \u00fcr\u00fcnleri ve rotalar\u0131n\u0131n olu\u015fturulmas\u0131 konusunda fikir al\u0131\u015fveri\u015finde bulunmak ve i\u015f birli\u011fi olanaklar\u0131n\u0131 tart\u0131\u015fmak amac\u0131yla d\u00fczenlenen konferansa, Ba\u015fbakan Yard\u0131mc\u0131l\u0131\u011f\u0131, Turizm, K\u00fclt\u00fcr, Gen\u00e7lik ve \u00c7evre Bakanl\u0131\u011f\u0131, Turizm Tan\u0131tma ve Pazarlama Dairesi M\u00fcd\u00fcr\u00fc Mine Emiro\u011flu kat\u0131ld\u0131. Bakanl\u0131ktan verilen bilgiye g\u00f6re, Kuzey K\u0131br\u0131s T\u00fcrk Cumhuriyeti\u2019nin TDT G\u00f6zlemci \u00dcye s\u0131fat\u0131yla kat\u0131ld\u0131\u011f\u0131 uluslararas\u0131 konferansa, Azerbaycan,\" \/>\n<meta property=\"og:url\" content=\"https:\/\/kibrisdakik.com\/?p=20789\" \/>\n<meta property=\"article:published_time\" content=\"2023-12-02T14:10:46+00:00\" \/>\n<meta property=\"og:image\" content=\"https:\/\/kibrisdakik.com\/wp-content\/uploads\/2023\/12\/emiroglu-azerbaycanda-turk-dunyasinin-kultur-turizmine-bakis-acilari-konulu-uluslararasi-konferansa-katildi-1701524670.webp.webp\" \/>\n\t<meta property=\"og:image:width\" content=\"710\" \/>\n\t<meta property=\"og:image:height\" content=\"370\" \/>\n\t<meta property=\"og:image:type\" content=\"image\/webp\" \/>\n<meta name=\"author\" content=\"admin\" \/>\n<meta name=\"twitter:card\" content=\"summary_large_image\" \/>\n<meta name=\"twitter:label1\" content=\"Yazan:\" \/>\n\t<meta name=\"twitter:data1\" content=\"admin\" \/>\n\t<meta name=\"twitter:label2\" content=\"Tahmini okuma s\u00fcresi\" \/>\n\t<meta name=\"twitter:data2\" content=\"1 dakika\" \/>\n<script type=\"application\/ld+json\" class=\"yoast-schema-graph\">{\"@context\":\"https:\\\/\\\/schema.org\",\"@graph\":[{\"@type\":\"Article\",\"@id\":\"https:\\\/\\\/kibrisdakik.com\\\/?p=20789#article\",\"isPartOf\":{\"@id\":\"https:\\\/\\\/kibrisdakik.com\\\/?p=20789\"},\"author\":{\"name\":\"admin\",\"@id\":\"https:\\\/\\\/kibrisdakik.com\\\/#\\\/schema\\\/person\\\/9cd9d437bbb44f72b73ba127e06d8e79\"},\"headline\":\"Emiro\u011flu Azerbaycan\u2019da &quot;T\u00fcrk D\u00fcnyas\u0131n\u0131n K\u00fclt\u00fcr Turizmine Bak\u0131\u015f A\u00e7\u0131lar\u0131&quot; konulu uluslararas\u0131 konferansa kat\u0131ld\u0131\",\"datePublished\":\"2023-12-02T14:10:46+00:00\",\"mainEntityOfPage\":{\"@id\":\"https:\\\/\\\/kibrisdakik.com\\\/?p=20789\"},\"wordCount\":296,\"commentCount\":0,\"image\":{\"@id\":\"https:\\\/\\\/kibrisdakik.com\\\/?p=20789#primaryimage\"},\"thumbnailUrl\":\"https:\\\/\\\/kibrisdakik.com\\\/wp-content\\\/uploads\\\/2023\\\/12\\\/emiroglu-azerbaycanda-turk-dunyasinin-kultur-turizmine-bakis-acilari-konulu-uluslararasi-konferansa-katildi-1701524670.webp.webp\",\"articleSection\":[\"T\u00fcrkiye\"],\"inLanguage\":\"tr\",\"potentialAction\":[{\"@type\":\"CommentAction\",\"name\":\"Comment\",\"target\":[\"https:\\\/\\\/kibrisdakik.com\\\/?p=20789#respond\"]}]},{\"@type\":\"WebPage\",\"@id\":\"https:\\\/\\\/kibrisdakik.com\\\/?p=20789\",\"url\":\"https:\\\/\\\/kibrisdakik.com\\\/?p=20789\",\"name\":\"Emiro\u011flu Azerbaycan\u2019da &quot;T\u00fcrk D\u00fcnyas\u0131n\u0131n K\u00fclt\u00fcr Turizmine Bak\u0131\u015f A\u00e7\u0131lar\u0131&quot; konulu uluslararas\u0131 konferansa kat\u0131ld\u0131 -\",\"isPartOf\":{\"@id\":\"https:\\\/\\\/kibrisdakik.com\\\/#website\"},\"primaryImageOfPage\":{\"@id\":\"https:\\\/\\\/kibrisdakik.com\\\/?p=20789#primaryimage\"},\"image\":{\"@id\":\"https:\\\/\\\/kibrisdakik.com\\\/?p=20789#primaryimage\"},\"thumbnailUrl\":\"https:\\\/\\\/kibrisdakik.com\\\/wp-content\\\/uploads\\\/2023\\\/12\\\/emiroglu-azerbaycanda-turk-dunyasinin-kultur-turizmine-bakis-acilari-konulu-uluslararasi-konferansa-katildi-1701524670.webp.webp\",\"datePublished\":\"2023-12-02T14:10:46+00:00\",\"author\":{\"@id\":\"https:\\\/\\\/kibrisdakik.com\\\/#\\\/schema\\\/person\\\/9cd9d437bbb44f72b73ba127e06d8e79\"},\"breadcrumb\":{\"@id\":\"https:\\\/\\\/kibrisdakik.com\\\/?p=20789#breadcrumb\"},\"inLanguage\":\"tr\",\"potentialAction\":[{\"@type\":\"ReadAction\",\"target\":[\"https:\\\/\\\/kibrisdakik.com\\\/?p=20789\"]}]},{\"@type\":\"ImageObject\",\"inLanguage\":\"tr\",\"@id\":\"https:\\\/\\\/kibrisdakik.com\\\/?p=20789#primaryimage\",\"url\":\"https:\\\/\\\/kibrisdakik.com\\\/wp-content\\\/uploads\\\/2023\\\/12\\\/emiroglu-azerbaycanda-turk-dunyasinin-kultur-turizmine-bakis-acilari-konulu-uluslararasi-konferansa-katildi-1701524670.webp.webp\",\"contentUrl\":\"https:\\\/\\\/kibrisdakik.com\\\/wp-content\\\/uploads\\\/2023\\\/12\\\/emiroglu-azerbaycanda-turk-dunyasinin-kultur-turizmine-bakis-acilari-konulu-uluslararasi-konferansa-katildi-1701524670.webp.webp\",\"width\":710,\"height\":370},{\"@type\":\"BreadcrumbList\",\"@id\":\"https:\\\/\\\/kibrisdakik.com\\\/?p=20789#breadcrumb\",\"itemListElement\":[{\"@type\":\"ListItem\",\"position\":1,\"name\":\"Home\",\"item\":\"https:\\\/\\\/kibrisdakik.com\\\/\"},{\"@type\":\"ListItem\",\"position\":2,\"name\":\"Emiro\u011flu Azerbaycan\u2019da &quot;T\u00fcrk D\u00fcnyas\u0131n\u0131n K\u00fclt\u00fcr Turizmine Bak\u0131\u015f A\u00e7\u0131lar\u0131&quot; konulu uluslararas\u0131 konferansa kat\u0131ld\u0131\"}]},{\"@type\":\"WebSite\",\"@id\":\"https:\\\/\\\/kibrisdakik.com\\\/#website\",\"url\":\"https:\\\/\\\/kibrisdakik.com\\\/\",\"name\":\"\",\"description\":\"Tam vaktinde haber\",\"potentialAction\":[{\"@type\":\"SearchAction\",\"target\":{\"@type\":\"EntryPoint\",\"urlTemplate\":\"https:\\\/\\\/kibrisdakik.com\\\/?s={search_term_string}\"},\"query-input\":{\"@type\":\"PropertyValueSpecification\",\"valueRequired\":true,\"valueName\":\"search_term_string\"}}],\"inLanguage\":\"tr\"},{\"@type\":\"Person\",\"@id\":\"https:\\\/\\\/kibrisdakik.com\\\/#\\\/schema\\\/person\\\/9cd9d437bbb44f72b73ba127e06d8e79\",\"name\":\"admin\",\"image\":{\"@type\":\"ImageObject\",\"inLanguage\":\"tr\",\"@id\":\"https:\\\/\\\/secure.gravatar.com\\\/avatar\\\/ccc17943b9d660506c869530f897617f7cb1c21a4bf30023f252596d83e1f007?s=96&d=mm&r=g\",\"url\":\"https:\\\/\\\/secure.gravatar.com\\\/avatar\\\/ccc17943b9d660506c869530f897617f7cb1c21a4bf30023f252596d83e1f007?s=96&d=mm&r=g\",\"contentUrl\":\"https:\\\/\\\/secure.gravatar.com\\\/avatar\\\/ccc17943b9d660506c869530f897617f7cb1c21a4bf30023f252596d83e1f007?s=96&d=mm&r=g\",\"caption\":\"admin\"},\"sameAs\":[\"https:\\\/\\\/kibrisdakik.com\"],\"url\":\"https:\\\/\\\/kibrisdakik.com\\\/?author=1\"}]}<\/script>\n<!-- \/ Yoast SEO plugin. -->","yoast_head_json":{"title":"Emiro\u011flu Azerbaycan\u2019da &quot;T\u00fcrk D\u00fcnyas\u0131n\u0131n K\u00fclt\u00fcr Turizmine Bak\u0131\u015f A\u00e7\u0131lar\u0131&quot; konulu uluslararas\u0131 konferansa kat\u0131ld\u0131 -","robots":{"index":"index","follow":"follow","max-snippet":"max-snippet:-1","max-image-preview":"max-image-preview:large","max-video-preview":"max-video-preview:-1"},"canonical":"https:\/\/kibrisdakik.com\/?p=20789","og_locale":"tr_TR","og_type":"article","og_title":"Emiro\u011flu Azerbaycan\u2019da &quot;T\u00fcrk D\u00fcnyas\u0131n\u0131n K\u00fclt\u00fcr Turizmine Bak\u0131\u015f A\u00e7\u0131lar\u0131&quot; konulu uluslararas\u0131 konferansa kat\u0131ld\u0131 -","og_description":"T\u00fcrk dili konu\u015fan \u00fclkelerin ortak turizm \u00fcr\u00fcnleri ve rotalar\u0131n\u0131n olu\u015fturulmas\u0131 konusunda fikir al\u0131\u015fveri\u015finde bulunmak ve i\u015f birli\u011fi olanaklar\u0131n\u0131 tart\u0131\u015fmak amac\u0131yla d\u00fczenlenen konferansa, Ba\u015fbakan Yard\u0131mc\u0131l\u0131\u011f\u0131, Turizm, K\u00fclt\u00fcr, Gen\u00e7lik ve \u00c7evre Bakanl\u0131\u011f\u0131, Turizm Tan\u0131tma ve Pazarlama Dairesi M\u00fcd\u00fcr\u00fc Mine Emiro\u011flu kat\u0131ld\u0131. Bakanl\u0131ktan verilen bilgiye g\u00f6re, Kuzey K\u0131br\u0131s T\u00fcrk Cumhuriyeti\u2019nin TDT G\u00f6zlemci \u00dcye s\u0131fat\u0131yla kat\u0131ld\u0131\u011f\u0131 uluslararas\u0131 konferansa, Azerbaycan,","og_url":"https:\/\/kibrisdakik.com\/?p=20789","article_published_time":"2023-12-02T14:10:46+00:00","og_image":[{"width":710,"height":370,"url":"https:\/\/kibrisdakik.com\/wp-content\/uploads\/2023\/12\/emiroglu-azerbaycanda-turk-dunyasinin-kultur-turizmine-bakis-acilari-konulu-uluslararasi-konferansa-katildi-1701524670.webp.webp","type":"image\/webp"}],"author":"admin","twitter_card":"summary_large_image","twitter_misc":{"Yazan:":"admin","Tahmini okuma s\u00fcresi":"1 dakika"},"schema":{"@context":"https:\/\/schema.org","@graph":[{"@type":"Article","@id":"https:\/\/kibrisdakik.com\/?p=20789#article","isPartOf":{"@id":"https:\/\/kibrisdakik.com\/?p=20789"},"author":{"name":"admin","@id":"https:\/\/kibrisdakik.com\/#\/schema\/person\/9cd9d437bbb44f72b73ba127e06d8e79"},"headline":"Emiro\u011flu Azerbaycan\u2019da &quot;T\u00fcrk D\u00fcnyas\u0131n\u0131n K\u00fclt\u00fcr Turizmine Bak\u0131\u015f A\u00e7\u0131lar\u0131&quot; konulu uluslararas\u0131 konferansa kat\u0131ld\u0131","datePublished":"2023-12-02T14:10:46+00:00","mainEntityOfPage":{"@id":"https:\/\/kibrisdakik.com\/?p=20789"},"wordCount":296,"commentCount":0,"image":{"@id":"https:\/\/kibrisdakik.com\/?p=20789#primaryimage"},"thumbnailUrl":"https:\/\/kibrisdakik.com\/wp-content\/uploads\/2023\/12\/emiroglu-azerbaycanda-turk-dunyasinin-kultur-turizmine-bakis-acilari-konulu-uluslararasi-konferansa-katildi-1701524670.webp.webp","articleSection":["T\u00fcrkiye"],"inLanguage":"tr","potentialAction":[{"@type":"CommentAction","name":"Comment","target":["https:\/\/kibrisdakik.com\/?p=20789#respond"]}]},{"@type":"WebPage","@id":"https:\/\/kibrisdakik.com\/?p=20789","url":"https:\/\/kibrisdakik.com\/?p=20789","name":"Emiro\u011flu Azerbaycan\u2019da &quot;T\u00fcrk D\u00fcnyas\u0131n\u0131n K\u00fclt\u00fcr Turizmine Bak\u0131\u015f A\u00e7\u0131lar\u0131&quot; konulu uluslararas\u0131 konferansa kat\u0131ld\u0131 -","isPartOf":{"@id":"https:\/\/kibrisdakik.com\/#website"},"primaryImageOfPage":{"@id":"https:\/\/kibrisdakik.com\/?p=20789#primaryimage"},"image":{"@id":"https:\/\/kibrisdakik.com\/?p=20789#primaryimage"},"thumbnailUrl":"https:\/\/kibrisdakik.com\/wp-content\/uploads\/2023\/12\/emiroglu-azerbaycanda-turk-dunyasinin-kultur-turizmine-bakis-acilari-konulu-uluslararasi-konferansa-katildi-1701524670.webp.webp","datePublished":"2023-12-02T14:10:46+00:00","author":{"@id":"https:\/\/kibrisdakik.com\/#\/schema\/person\/9cd9d437bbb44f72b73ba127e06d8e79"},"breadcrumb":{"@id":"https:\/\/kibrisdakik.com\/?p=20789#breadcrumb"},"inLanguage":"tr","potentialAction":[{"@type":"ReadAction","target":["https:\/\/kibrisdakik.com\/?p=20789"]}]},{"@type":"ImageObject","inLanguage":"tr","@id":"https:\/\/kibrisdakik.com\/?p=20789#primaryimage","url":"https:\/\/kibrisdakik.com\/wp-content\/uploads\/2023\/12\/emiroglu-azerbaycanda-turk-dunyasinin-kultur-turizmine-bakis-acilari-konulu-uluslararasi-konferansa-katildi-1701524670.webp.webp","contentUrl":"https:\/\/kibrisdakik.com\/wp-content\/uploads\/2023\/12\/emiroglu-azerbaycanda-turk-dunyasinin-kultur-turizmine-bakis-acilari-konulu-uluslararasi-konferansa-katildi-1701524670.webp.webp","width":710,"height":370},{"@type":"BreadcrumbList","@id":"https:\/\/kibrisdakik.com\/?p=20789#breadcrumb","itemListElement":[{"@type":"ListItem","position":1,"name":"Home","item":"https:\/\/kibrisdakik.com\/"},{"@type":"ListItem","position":2,"name":"Emiro\u011flu Azerbaycan\u2019da &quot;T\u00fcrk D\u00fcnyas\u0131n\u0131n K\u00fclt\u00fcr Turizmine Bak\u0131\u015f A\u00e7\u0131lar\u0131&quot; konulu uluslararas\u0131 konferansa kat\u0131ld\u0131"}]},{"@type":"WebSite","@id":"https:\/\/kibrisdakik.com\/#website","url":"https:\/\/kibrisdakik.com\/","name":"","description":"Tam vaktinde haber","potentialAction":[{"@type":"SearchAction","target":{"@type":"EntryPoint","urlTemplate":"https:\/\/kibrisdakik.com\/?s={search_term_string}"},"query-input":{"@type":"PropertyValueSpecification","valueRequired":true,"valueName":"search_term_string"}}],"inLanguage":"tr"},{"@type":"Person","@id":"https:\/\/kibrisdakik.com\/#\/schema\/person\/9cd9d437bbb44f72b73ba127e06d8e79","name":"admin","image":{"@type":"ImageObject","inLanguage":"tr","@id":"https:\/\/secure.gravatar.com\/avatar\/ccc17943b9d660506c869530f897617f7cb1c21a4bf30023f252596d83e1f007?s=96&d=mm&r=g","url":"https:\/\/secure.gravatar.com\/avatar\/ccc17943b9d660506c869530f897617f7cb1c21a4bf30023f252596d83e1f007?s=96&d=mm&r=g","contentUrl":"https:\/\/secure.gravatar.com\/avatar\/ccc17943b9d660506c869530f897617f7cb1c21a4bf30023f252596d83e1f007?s=96&d=mm&r=g","caption":"admin"},"sameAs":["https:\/\/kibrisdakik.com"],"url":"https:\/\/kibrisdakik.com\/?author=1"}]}},"_links":{"self":[{"href":"https:\/\/kibrisdakik.com\/index.php?rest_route=\/wp\/v2\/posts\/20789","targetHints":{"allow":["GET"]}}],"collection":[{"href":"https:\/\/kibrisdakik.com\/index.php?rest_route=\/wp\/v2\/posts"}],"about":[{"href":"https:\/\/kibrisdakik.com\/index.php?rest_route=\/wp\/v2\/types\/post"}],"author":[{"embeddable":true,"href":"https:\/\/kibrisdakik.com\/index.php?rest_route=\/wp\/v2\/users\/1"}],"replies":[{"embeddable":true,"href":"https:\/\/kibrisdakik.com\/index.php?rest_route=%2Fwp%2Fv2%2Fcomments&post=20789"}],"version-history":[{"count":0,"href":"https:\/\/kibrisdakik.com\/index.php?rest_route=\/wp\/v2\/posts\/20789\/revisions"}],"wp:featuredmedia":[{"embeddable":true,"href":"https:\/\/kibrisdakik.com\/index.php?rest_route=\/wp\/v2\/media\/20790"}],"wp:attachment":[{"href":"https:\/\/kibrisdakik.com\/index.php?rest_route=%2Fwp%2Fv2%2Fmedia&parent=20789"}],"wp:term":[{"taxonomy":"category","embeddable":true,"href":"https:\/\/kibrisdakik.com\/index.php?rest_route=%2Fwp%2Fv2%2Fcategories&post=20789"},{"taxonomy":"post_tag","embeddable":true,"href":"https:\/\/kibrisdakik.com\/index.php?rest_route=%2Fwp%2Fv2%2Ftags&post=20789"}],"curies":[{"name":"wp","href":"https:\/\/api.w.org\/{rel}","templated":true}]}}