{"id":20815,"date":"2023-12-03T08:30:17","date_gmt":"2023-12-03T08:30:17","guid":{"rendered":"https:\/\/kibrisdakik.com\/index.php\/2023\/12\/03\/bugun-3-aralik-dunya-engelliler-gunu\/"},"modified":"2023-12-03T08:30:17","modified_gmt":"2023-12-03T08:30:17","slug":"bugun-3-aralik-dunya-engelliler-gunu","status":"publish","type":"post","link":"https:\/\/kibrisdakik.com\/?p=20815","title":{"rendered":"Bug\u00fcn 3 Aral\u0131k D\u00fcnya Engelliler G\u00fcn\u00fc\u2026"},"content":{"rendered":"<p><img decoding=\"async\" src=\"https:\/\/www.kibristurk.com\/images\/haberler\/2023\/12\/bugun-3-aralik-dunya-engelliler-gunu-1701591410.webp\" \/><\/p>\n<p>Bug\u00fcn 3 Aral\u0131k D\u00fcnya Engelliler G\u00fcn\u00fc\u2026&nbsp;<\/p>\n<p>G\u00fcn nedeniyle mesaj yay\u0131mlayan KKTC Engelliler Dayan\u0131\u015fma Derne\u011fi Ba\u015fkan\u0131 \u00d6mer Suay, 3 Aral\u0131k\u2019\u0131n kendileri a\u00e7\u0131s\u0131ndan sadece fark\u0131ndal\u0131k g\u00fcn\u00fc de\u011fil adeta azim ve m\u00fccadelenin sembol\u00fc niteli\u011finde oldu\u011funu vurgulad\u0131.&nbsp;<\/p>\n<p>Engelli bireylerin, sadece v\u00fccut ya da \u00e7evresel engellerle de\u011fil insanca ya\u015fam noktas\u0131nda kar\u015f\u0131lar\u0131na \u00e7\u0131kar\u0131lan engellemelerle de m\u00fccadele etmek durumunda kald\u0131\u011f\u0131na i\u015faret eden Suay, en temel insanca ya\u015fam haklar\u0131n\u0131n ba\u015f\u0131nda ise istihdam\u0131n geldi\u011fini ve tam 17 y\u0131ld\u0131r bu konuda s\u0131n\u0131fta kal\u0131nd\u0131\u011f\u0131n\u0131 belirtti.&nbsp;<\/p>\n<p>K\u0131br\u0131s Vak\u0131flar \u0130daresi haricinde devlet kurumlar\u0131 b\u00fcnyesine tek bir istihdam yap\u0131lmad\u0131\u011f\u0131n\u0131 bildiren Suay, y\u0131llard\u0131r m\u00fccadelesini verdikleri bu meselenin kanayan bir yaraya d\u00f6n\u00fc\u015ft\u00fc\u011f\u00fcn\u00fc ifade ederek kamuya 30 ki\u015filik istihdam listesi olu\u015ftu\u011funu \u00f6\u011frendiklerini a\u00e7\u0131klad\u0131.&nbsp;<\/p>\n<p>Suay, \u015f\u00f6yle devam etti:&nbsp;<\/p>\n<p>\u201cGelinen noktada, k\u00fc\u00e7\u00fck ama \u00f6nemli bir ad\u0131m at\u0131larak, kamu i\u00e7in 30 ki\u015filik ilk istihdam listesi olu\u015fturuldu\u011funu \u00f6\u011frendik. Ba\u015flang\u0131\u00e7 niteli\u011finde bir ad\u0131m olarak kabul etti\u011fimizi ve KKTC Engelliler Dayan\u0131\u015fma Derne\u011fi olarak belirlenen isimlerin istihdam durumlar\u0131n\u0131n takip\u00e7isi olaca\u011f\u0131m\u0131z\u0131 ifade etmek istiyorum.&nbsp;<\/p>\n<p>\u00c7ok say\u0131da \u00fcniversite mezunu, yeterlili\u011fini ziyadesiyle ortaya koymu\u015f engelli vatanda\u015f\u0131m\u0131z var. Listenin olu\u015fumu noktas\u0131nda \u00f6zellikle bu noktaya dikkat etmeye ve hem kendileri hem de \u00fclkeleri i\u00e7in faydal\u0131 olabilecek bireyleri \u00f6n plana \u00e7\u0131karmaya gayret ettik.&nbsp;<\/p>\n<p>\u0130nan\u0131yorum ki 17 y\u0131ll\u0131k s\u00fcrecin akabinde gelen bu ba\u015flang\u0131\u00e7 ad\u0131m\u0131n\u0131n devam\u0131 gelir ve engelli bireylerin en temel problemlerinden birine biraz olsun \u00e7\u00f6z\u00fcm \u00fcretmi\u015f oluruz.&nbsp;<\/p>\n<p>Bu y\u0131lki 3 Aral\u0131k D\u00fcnya Engelliler G\u00fcn\u00fcnde istihdam m\u00fcjdesiyle umutland\u0131k. \u0130n\u015fallah at\u0131lacak yeni ad\u0131mlarla da sevincimizi ve mutlulu\u011fumuzu ifade ederiz.\u201d&nbsp;<\/p>\n<p>&nbsp;<\/p>\n","protected":false},"excerpt":{"rendered":"<p>Bug\u00fcn 3 Aral\u0131k D\u00fcnya Engelliler G\u00fcn\u00fc\u2026&nbsp; G\u00fcn nedeniyle mesaj yay\u0131mlayan KKTC Engelliler Dayan\u0131\u015fma Derne\u011fi Ba\u015fkan\u0131 \u00d6mer Suay, 3 Aral\u0131k\u2019\u0131n kendileri a\u00e7\u0131s\u0131ndan sadece fark\u0131ndal\u0131k g\u00fcn\u00fc de\u011fil adeta azim ve m\u00fccadelenin sembol\u00fc niteli\u011finde oldu\u011funu vurgulad\u0131.&nbsp; Engelli bireylerin, sadece v\u00fccut ya da \u00e7evresel engellerle de\u011fil insanca ya\u015fam noktas\u0131nda kar\u015f\u0131lar\u0131na \u00e7\u0131kar\u0131lan engellemelerle de m\u00fccadele etmek durumunda kald\u0131\u011f\u0131na i\u015faret eden<\/p>\n","protected":false},"author":1,"featured_media":20816,"comment_status":"open","ping_status":"open","sticky":false,"template":"","format":"standard","meta":{"footnotes":""},"categories":[86],"tags":[],"class_list":["post-20815","post","type-post","status-publish","format-standard","has-post-thumbnail","hentry","category-turkiye"],"yoast_head":"<!-- This site is optimized with the Yoast SEO plugin v27.4 - https:\/\/yoast.com\/product\/yoast-seo-wordpress\/ -->\n<title>Bug\u00fcn 3 Aral\u0131k D\u00fcnya Engelliler G\u00fcn\u00fc\u2026 -<\/title>\n<meta name=\"robots\" content=\"index, follow, max-snippet:-1, max-image-preview:large, max-video-preview:-1\" \/>\n<link rel=\"canonical\" href=\"https:\/\/kibrisdakik.com\/?p=20815\" \/>\n<meta property=\"og:locale\" content=\"tr_TR\" \/>\n<meta property=\"og:type\" content=\"article\" \/>\n<meta property=\"og:title\" content=\"Bug\u00fcn 3 Aral\u0131k D\u00fcnya Engelliler G\u00fcn\u00fc\u2026 -\" \/>\n<meta property=\"og:description\" content=\"Bug\u00fcn 3 Aral\u0131k D\u00fcnya Engelliler G\u00fcn\u00fc\u2026&nbsp; G\u00fcn nedeniyle mesaj yay\u0131mlayan KKTC Engelliler Dayan\u0131\u015fma Derne\u011fi Ba\u015fkan\u0131 \u00d6mer Suay, 3 Aral\u0131k\u2019\u0131n kendileri a\u00e7\u0131s\u0131ndan sadece fark\u0131ndal\u0131k g\u00fcn\u00fc de\u011fil adeta azim ve m\u00fccadelenin sembol\u00fc niteli\u011finde oldu\u011funu vurgulad\u0131.&nbsp; Engelli bireylerin, sadece v\u00fccut ya da \u00e7evresel engellerle de\u011fil insanca ya\u015fam noktas\u0131nda kar\u015f\u0131lar\u0131na \u00e7\u0131kar\u0131lan engellemelerle de m\u00fccadele etmek durumunda kald\u0131\u011f\u0131na i\u015faret eden\" \/>\n<meta property=\"og:url\" content=\"https:\/\/kibrisdakik.com\/?p=20815\" \/>\n<meta property=\"article:published_time\" content=\"2023-12-03T08:30:17+00:00\" \/>\n<meta property=\"og:image\" content=\"https:\/\/kibrisdakik.com\/wp-content\/uploads\/2023\/12\/bugun-3-aralik-dunya-engelliler-gunu-1701591410.webp.webp\" \/>\n\t<meta property=\"og:image:width\" content=\"710\" \/>\n\t<meta property=\"og:image:height\" content=\"370\" \/>\n\t<meta property=\"og:image:type\" content=\"image\/webp\" \/>\n<meta name=\"author\" content=\"admin\" \/>\n<meta name=\"twitter:card\" content=\"summary_large_image\" \/>\n<meta name=\"twitter:label1\" content=\"Yazan:\" \/>\n\t<meta name=\"twitter:data1\" content=\"admin\" \/>\n\t<meta name=\"twitter:label2\" content=\"Tahmini okuma s\u00fcresi\" \/>\n\t<meta name=\"twitter:data2\" content=\"2 dakika\" \/>\n<script type=\"application\/ld+json\" class=\"yoast-schema-graph\">{\"@context\":\"https:\\\/\\\/schema.org\",\"@graph\":[{\"@type\":\"Article\",\"@id\":\"https:\\\/\\\/kibrisdakik.com\\\/?p=20815#article\",\"isPartOf\":{\"@id\":\"https:\\\/\\\/kibrisdakik.com\\\/?p=20815\"},\"author\":{\"name\":\"admin\",\"@id\":\"https:\\\/\\\/kibrisdakik.com\\\/#\\\/schema\\\/person\\\/9cd9d437bbb44f72b73ba127e06d8e79\"},\"headline\":\"Bug\u00fcn 3 Aral\u0131k D\u00fcnya Engelliler G\u00fcn\u00fc\u2026\",\"datePublished\":\"2023-12-03T08:30:17+00:00\",\"mainEntityOfPage\":{\"@id\":\"https:\\\/\\\/kibrisdakik.com\\\/?p=20815\"},\"wordCount\":342,\"commentCount\":0,\"image\":{\"@id\":\"https:\\\/\\\/kibrisdakik.com\\\/?p=20815#primaryimage\"},\"thumbnailUrl\":\"https:\\\/\\\/kibrisdakik.com\\\/wp-content\\\/uploads\\\/2023\\\/12\\\/bugun-3-aralik-dunya-engelliler-gunu-1701591410.webp.webp\",\"articleSection\":[\"T\u00fcrkiye\"],\"inLanguage\":\"tr\",\"potentialAction\":[{\"@type\":\"CommentAction\",\"name\":\"Comment\",\"target\":[\"https:\\\/\\\/kibrisdakik.com\\\/?p=20815#respond\"]}]},{\"@type\":\"WebPage\",\"@id\":\"https:\\\/\\\/kibrisdakik.com\\\/?p=20815\",\"url\":\"https:\\\/\\\/kibrisdakik.com\\\/?p=20815\",\"name\":\"Bug\u00fcn 3 Aral\u0131k D\u00fcnya Engelliler G\u00fcn\u00fc\u2026 -\",\"isPartOf\":{\"@id\":\"https:\\\/\\\/kibrisdakik.com\\\/#website\"},\"primaryImageOfPage\":{\"@id\":\"https:\\\/\\\/kibrisdakik.com\\\/?p=20815#primaryimage\"},\"image\":{\"@id\":\"https:\\\/\\\/kibrisdakik.com\\\/?p=20815#primaryimage\"},\"thumbnailUrl\":\"https:\\\/\\\/kibrisdakik.com\\\/wp-content\\\/uploads\\\/2023\\\/12\\\/bugun-3-aralik-dunya-engelliler-gunu-1701591410.webp.webp\",\"datePublished\":\"2023-12-03T08:30:17+00:00\",\"author\":{\"@id\":\"https:\\\/\\\/kibrisdakik.com\\\/#\\\/schema\\\/person\\\/9cd9d437bbb44f72b73ba127e06d8e79\"},\"breadcrumb\":{\"@id\":\"https:\\\/\\\/kibrisdakik.com\\\/?p=20815#breadcrumb\"},\"inLanguage\":\"tr\",\"potentialAction\":[{\"@type\":\"ReadAction\",\"target\":[\"https:\\\/\\\/kibrisdakik.com\\\/?p=20815\"]}]},{\"@type\":\"ImageObject\",\"inLanguage\":\"tr\",\"@id\":\"https:\\\/\\\/kibrisdakik.com\\\/?p=20815#primaryimage\",\"url\":\"https:\\\/\\\/kibrisdakik.com\\\/wp-content\\\/uploads\\\/2023\\\/12\\\/bugun-3-aralik-dunya-engelliler-gunu-1701591410.webp.webp\",\"contentUrl\":\"https:\\\/\\\/kibrisdakik.com\\\/wp-content\\\/uploads\\\/2023\\\/12\\\/bugun-3-aralik-dunya-engelliler-gunu-1701591410.webp.webp\",\"width\":710,\"height\":370},{\"@type\":\"BreadcrumbList\",\"@id\":\"https:\\\/\\\/kibrisdakik.com\\\/?p=20815#breadcrumb\",\"itemListElement\":[{\"@type\":\"ListItem\",\"position\":1,\"name\":\"Home\",\"item\":\"https:\\\/\\\/kibrisdakik.com\\\/\"},{\"@type\":\"ListItem\",\"position\":2,\"name\":\"Bug\u00fcn 3 Aral\u0131k D\u00fcnya Engelliler G\u00fcn\u00fc\u2026\"}]},{\"@type\":\"WebSite\",\"@id\":\"https:\\\/\\\/kibrisdakik.com\\\/#website\",\"url\":\"https:\\\/\\\/kibrisdakik.com\\\/\",\"name\":\"\",\"description\":\"Tam vaktinde haber\",\"potentialAction\":[{\"@type\":\"SearchAction\",\"target\":{\"@type\":\"EntryPoint\",\"urlTemplate\":\"https:\\\/\\\/kibrisdakik.com\\\/?s={search_term_string}\"},\"query-input\":{\"@type\":\"PropertyValueSpecification\",\"valueRequired\":true,\"valueName\":\"search_term_string\"}}],\"inLanguage\":\"tr\"},{\"@type\":\"Person\",\"@id\":\"https:\\\/\\\/kibrisdakik.com\\\/#\\\/schema\\\/person\\\/9cd9d437bbb44f72b73ba127e06d8e79\",\"name\":\"admin\",\"image\":{\"@type\":\"ImageObject\",\"inLanguage\":\"tr\",\"@id\":\"https:\\\/\\\/secure.gravatar.com\\\/avatar\\\/ccc17943b9d660506c869530f897617f7cb1c21a4bf30023f252596d83e1f007?s=96&d=mm&r=g\",\"url\":\"https:\\\/\\\/secure.gravatar.com\\\/avatar\\\/ccc17943b9d660506c869530f897617f7cb1c21a4bf30023f252596d83e1f007?s=96&d=mm&r=g\",\"contentUrl\":\"https:\\\/\\\/secure.gravatar.com\\\/avatar\\\/ccc17943b9d660506c869530f897617f7cb1c21a4bf30023f252596d83e1f007?s=96&d=mm&r=g\",\"caption\":\"admin\"},\"sameAs\":[\"https:\\\/\\\/kibrisdakik.com\"],\"url\":\"https:\\\/\\\/kibrisdakik.com\\\/?author=1\"}]}<\/script>\n<!-- \/ Yoast SEO plugin. -->","yoast_head_json":{"title":"Bug\u00fcn 3 Aral\u0131k D\u00fcnya Engelliler G\u00fcn\u00fc\u2026 -","robots":{"index":"index","follow":"follow","max-snippet":"max-snippet:-1","max-image-preview":"max-image-preview:large","max-video-preview":"max-video-preview:-1"},"canonical":"https:\/\/kibrisdakik.com\/?p=20815","og_locale":"tr_TR","og_type":"article","og_title":"Bug\u00fcn 3 Aral\u0131k D\u00fcnya Engelliler G\u00fcn\u00fc\u2026 -","og_description":"Bug\u00fcn 3 Aral\u0131k D\u00fcnya Engelliler G\u00fcn\u00fc\u2026&nbsp; G\u00fcn nedeniyle mesaj yay\u0131mlayan KKTC Engelliler Dayan\u0131\u015fma Derne\u011fi Ba\u015fkan\u0131 \u00d6mer Suay, 3 Aral\u0131k\u2019\u0131n kendileri a\u00e7\u0131s\u0131ndan sadece fark\u0131ndal\u0131k g\u00fcn\u00fc de\u011fil adeta azim ve m\u00fccadelenin sembol\u00fc niteli\u011finde oldu\u011funu vurgulad\u0131.&nbsp; Engelli bireylerin, sadece v\u00fccut ya da \u00e7evresel engellerle de\u011fil insanca ya\u015fam noktas\u0131nda kar\u015f\u0131lar\u0131na \u00e7\u0131kar\u0131lan engellemelerle de m\u00fccadele etmek durumunda kald\u0131\u011f\u0131na i\u015faret eden","og_url":"https:\/\/kibrisdakik.com\/?p=20815","article_published_time":"2023-12-03T08:30:17+00:00","og_image":[{"width":710,"height":370,"url":"https:\/\/kibrisdakik.com\/wp-content\/uploads\/2023\/12\/bugun-3-aralik-dunya-engelliler-gunu-1701591410.webp.webp","type":"image\/webp"}],"author":"admin","twitter_card":"summary_large_image","twitter_misc":{"Yazan:":"admin","Tahmini okuma s\u00fcresi":"2 dakika"},"schema":{"@context":"https:\/\/schema.org","@graph":[{"@type":"Article","@id":"https:\/\/kibrisdakik.com\/?p=20815#article","isPartOf":{"@id":"https:\/\/kibrisdakik.com\/?p=20815"},"author":{"name":"admin","@id":"https:\/\/kibrisdakik.com\/#\/schema\/person\/9cd9d437bbb44f72b73ba127e06d8e79"},"headline":"Bug\u00fcn 3 Aral\u0131k D\u00fcnya Engelliler G\u00fcn\u00fc\u2026","datePublished":"2023-12-03T08:30:17+00:00","mainEntityOfPage":{"@id":"https:\/\/kibrisdakik.com\/?p=20815"},"wordCount":342,"commentCount":0,"image":{"@id":"https:\/\/kibrisdakik.com\/?p=20815#primaryimage"},"thumbnailUrl":"https:\/\/kibrisdakik.com\/wp-content\/uploads\/2023\/12\/bugun-3-aralik-dunya-engelliler-gunu-1701591410.webp.webp","articleSection":["T\u00fcrkiye"],"inLanguage":"tr","potentialAction":[{"@type":"CommentAction","name":"Comment","target":["https:\/\/kibrisdakik.com\/?p=20815#respond"]}]},{"@type":"WebPage","@id":"https:\/\/kibrisdakik.com\/?p=20815","url":"https:\/\/kibrisdakik.com\/?p=20815","name":"Bug\u00fcn 3 Aral\u0131k D\u00fcnya Engelliler G\u00fcn\u00fc\u2026 -","isPartOf":{"@id":"https:\/\/kibrisdakik.com\/#website"},"primaryImageOfPage":{"@id":"https:\/\/kibrisdakik.com\/?p=20815#primaryimage"},"image":{"@id":"https:\/\/kibrisdakik.com\/?p=20815#primaryimage"},"thumbnailUrl":"https:\/\/kibrisdakik.com\/wp-content\/uploads\/2023\/12\/bugun-3-aralik-dunya-engelliler-gunu-1701591410.webp.webp","datePublished":"2023-12-03T08:30:17+00:00","author":{"@id":"https:\/\/kibrisdakik.com\/#\/schema\/person\/9cd9d437bbb44f72b73ba127e06d8e79"},"breadcrumb":{"@id":"https:\/\/kibrisdakik.com\/?p=20815#breadcrumb"},"inLanguage":"tr","potentialAction":[{"@type":"ReadAction","target":["https:\/\/kibrisdakik.com\/?p=20815"]}]},{"@type":"ImageObject","inLanguage":"tr","@id":"https:\/\/kibrisdakik.com\/?p=20815#primaryimage","url":"https:\/\/kibrisdakik.com\/wp-content\/uploads\/2023\/12\/bugun-3-aralik-dunya-engelliler-gunu-1701591410.webp.webp","contentUrl":"https:\/\/kibrisdakik.com\/wp-content\/uploads\/2023\/12\/bugun-3-aralik-dunya-engelliler-gunu-1701591410.webp.webp","width":710,"height":370},{"@type":"BreadcrumbList","@id":"https:\/\/kibrisdakik.com\/?p=20815#breadcrumb","itemListElement":[{"@type":"ListItem","position":1,"name":"Home","item":"https:\/\/kibrisdakik.com\/"},{"@type":"ListItem","position":2,"name":"Bug\u00fcn 3 Aral\u0131k D\u00fcnya Engelliler G\u00fcn\u00fc\u2026"}]},{"@type":"WebSite","@id":"https:\/\/kibrisdakik.com\/#website","url":"https:\/\/kibrisdakik.com\/","name":"","description":"Tam vaktinde haber","potentialAction":[{"@type":"SearchAction","target":{"@type":"EntryPoint","urlTemplate":"https:\/\/kibrisdakik.com\/?s={search_term_string}"},"query-input":{"@type":"PropertyValueSpecification","valueRequired":true,"valueName":"search_term_string"}}],"inLanguage":"tr"},{"@type":"Person","@id":"https:\/\/kibrisdakik.com\/#\/schema\/person\/9cd9d437bbb44f72b73ba127e06d8e79","name":"admin","image":{"@type":"ImageObject","inLanguage":"tr","@id":"https:\/\/secure.gravatar.com\/avatar\/ccc17943b9d660506c869530f897617f7cb1c21a4bf30023f252596d83e1f007?s=96&d=mm&r=g","url":"https:\/\/secure.gravatar.com\/avatar\/ccc17943b9d660506c869530f897617f7cb1c21a4bf30023f252596d83e1f007?s=96&d=mm&r=g","contentUrl":"https:\/\/secure.gravatar.com\/avatar\/ccc17943b9d660506c869530f897617f7cb1c21a4bf30023f252596d83e1f007?s=96&d=mm&r=g","caption":"admin"},"sameAs":["https:\/\/kibrisdakik.com"],"url":"https:\/\/kibrisdakik.com\/?author=1"}]}},"_links":{"self":[{"href":"https:\/\/kibrisdakik.com\/index.php?rest_route=\/wp\/v2\/posts\/20815","targetHints":{"allow":["GET"]}}],"collection":[{"href":"https:\/\/kibrisdakik.com\/index.php?rest_route=\/wp\/v2\/posts"}],"about":[{"href":"https:\/\/kibrisdakik.com\/index.php?rest_route=\/wp\/v2\/types\/post"}],"author":[{"embeddable":true,"href":"https:\/\/kibrisdakik.com\/index.php?rest_route=\/wp\/v2\/users\/1"}],"replies":[{"embeddable":true,"href":"https:\/\/kibrisdakik.com\/index.php?rest_route=%2Fwp%2Fv2%2Fcomments&post=20815"}],"version-history":[{"count":0,"href":"https:\/\/kibrisdakik.com\/index.php?rest_route=\/wp\/v2\/posts\/20815\/revisions"}],"wp:featuredmedia":[{"embeddable":true,"href":"https:\/\/kibrisdakik.com\/index.php?rest_route=\/wp\/v2\/media\/20816"}],"wp:attachment":[{"href":"https:\/\/kibrisdakik.com\/index.php?rest_route=%2Fwp%2Fv2%2Fmedia&parent=20815"}],"wp:term":[{"taxonomy":"category","embeddable":true,"href":"https:\/\/kibrisdakik.com\/index.php?rest_route=%2Fwp%2Fv2%2Fcategories&post=20815"},{"taxonomy":"post_tag","embeddable":true,"href":"https:\/\/kibrisdakik.com\/index.php?rest_route=%2Fwp%2Fv2%2Ftags&post=20815"}],"curies":[{"name":"wp","href":"https:\/\/api.w.org\/{rel}","templated":true}]}}