{"id":20847,"date":"2023-12-03T11:39:48","date_gmt":"2023-12-03T11:39:48","guid":{"rendered":"https:\/\/kibrisdakik.com\/index.php\/2023\/12\/03\/ozcinar-3-aralik-dunya-engelliler-gunu-dolayisiyla-mesaj-yayimladi\/"},"modified":"2023-12-03T11:39:48","modified_gmt":"2023-12-03T11:39:48","slug":"ozcinar-3-aralik-dunya-engelliler-gunu-dolayisiyla-mesaj-yayimladi","status":"publish","type":"post","link":"https:\/\/kibrisdakik.com\/?p=20847","title":{"rendered":"\u00d6z\u00e7\u0131nar, 3 Aral\u0131k D\u00fcnya Engelliler G\u00fcn\u00fc dolay\u0131s\u0131yla mesaj yay\u0131mlad\u0131"},"content":{"rendered":"<p><img decoding=\"async\" src=\"https:\/\/www.kibristurk.com\/images\/haberler\/2023\/12\/ozcinar-3-aralik-dunya-engelliler-gunu-dolayisiyla-mesaj-yayimladi-1701603195.webp\" \/><\/p>\n<p>K\u0131br\u0131s T\u00fcrk Belediyeler Birli\u011fi Ba\u015fkan\u0131&nbsp; ve G\u00fczelyurt Belediye Ba\u015fkan\u0131 Mahmut \u00d6z\u00e7\u0131nar, 3 Aral\u0131k D\u00fcnya Engelliler G\u00fcn\u00fc\u2019n\u00fcn, fark\u0131ndal\u0131k yaratmak ve toplumsal duyarl\u0131l\u0131k sa\u011flanmas\u0131 a\u00e7\u0131s\u0131ndan \u00f6nemli bir g\u00fcn oldu\u011funu kaydetti.&nbsp;<\/p>\n<p>\u00d6z\u00e7\u0131nar&nbsp; g\u00fcn nedeniyle yay\u0131mlad\u0131\u011f\u0131 mesaj\u0131nda, engelli vatanda\u015flar i\u00e7in, zorluklar\u0131 en aza indirerek, onlar i\u00e7in ya\u015fanabilir bir d\u00fcnya yaratman\u0131, en az engelsiz bireyler kadar e\u015fit ve \u00f6zg\u00fcr olabilmelerini sa\u011flaman\u0131n son derece \u00f6nemli oldu\u011funu belirtti. &nbsp;&nbsp;<\/p>\n<p>\u201cBizler, yerel y\u00f6netimler olarak, bu bilin\u00e7le \u00e7al\u0131\u015fmalar\u0131m\u0131z\u0131 s\u00fcrd\u00fcrmeye devam edece\u011fiz.\u201d ifadelerini kullanan \u00d6z\u00e7\u0131nar, empati kurup engelleri a\u015fmak ve herkesin ya\u015fam\u0131n her alan\u0131nda e\u015fit haklara sahip oldu\u011fu bir d\u00fcnya in\u015fa etmek i\u00e7in \u00e7al\u0131\u015fmak gerekti\u011fini kaydetti. &nbsp;&nbsp;<\/p>\n<p>\u00d6z\u00e7\u0131nar s\u00f6zlerini \u015f\u00f6yle tamamlad\u0131:&nbsp;<\/p>\n<p>\u201cUnutmayal\u0131m ki, ger\u00e7ek engel, sevgi, anlay\u0131\u015f ve dayan\u0131\u015fma eksikli\u011fidir. Hep birlikte \u00e7aba g\u00f6sterelim.\u201d&nbsp;<\/p>\n","protected":false},"excerpt":{"rendered":"<p>K\u0131br\u0131s T\u00fcrk Belediyeler Birli\u011fi Ba\u015fkan\u0131&nbsp; ve G\u00fczelyurt Belediye Ba\u015fkan\u0131 Mahmut \u00d6z\u00e7\u0131nar, 3 Aral\u0131k D\u00fcnya Engelliler G\u00fcn\u00fc\u2019n\u00fcn, fark\u0131ndal\u0131k yaratmak ve toplumsal duyarl\u0131l\u0131k sa\u011flanmas\u0131 a\u00e7\u0131s\u0131ndan \u00f6nemli bir g\u00fcn oldu\u011funu kaydetti.&nbsp; \u00d6z\u00e7\u0131nar&nbsp; g\u00fcn nedeniyle yay\u0131mlad\u0131\u011f\u0131 mesaj\u0131nda, engelli vatanda\u015flar i\u00e7in, zorluklar\u0131 en aza indirerek, onlar i\u00e7in ya\u015fanabilir bir d\u00fcnya yaratman\u0131, en az engelsiz bireyler kadar e\u015fit ve \u00f6zg\u00fcr olabilmelerini<\/p>\n","protected":false},"author":1,"featured_media":20848,"comment_status":"open","ping_status":"open","sticky":false,"template":"","format":"standard","meta":{"footnotes":""},"categories":[1],"tags":[],"class_list":["post-20847","post","type-post","status-publish","format-standard","has-post-thumbnail","hentry","category-gundem"],"yoast_head":"<!-- This site is optimized with the Yoast SEO plugin v27.5 - https:\/\/yoast.com\/product\/yoast-seo-wordpress\/ -->\n<title>\u00d6z\u00e7\u0131nar, 3 Aral\u0131k D\u00fcnya Engelliler G\u00fcn\u00fc dolay\u0131s\u0131yla mesaj yay\u0131mlad\u0131 -<\/title>\n<meta name=\"robots\" content=\"index, follow, max-snippet:-1, max-image-preview:large, max-video-preview:-1\" \/>\n<link rel=\"canonical\" href=\"https:\/\/kibrisdakik.com\/?p=20847\" \/>\n<meta property=\"og:locale\" content=\"tr_TR\" \/>\n<meta property=\"og:type\" content=\"article\" \/>\n<meta property=\"og:title\" content=\"\u00d6z\u00e7\u0131nar, 3 Aral\u0131k D\u00fcnya Engelliler G\u00fcn\u00fc dolay\u0131s\u0131yla mesaj yay\u0131mlad\u0131 -\" \/>\n<meta property=\"og:description\" content=\"K\u0131br\u0131s T\u00fcrk Belediyeler Birli\u011fi Ba\u015fkan\u0131&nbsp; ve G\u00fczelyurt Belediye Ba\u015fkan\u0131 Mahmut \u00d6z\u00e7\u0131nar, 3 Aral\u0131k D\u00fcnya Engelliler G\u00fcn\u00fc\u2019n\u00fcn, fark\u0131ndal\u0131k yaratmak ve toplumsal duyarl\u0131l\u0131k sa\u011flanmas\u0131 a\u00e7\u0131s\u0131ndan \u00f6nemli bir g\u00fcn oldu\u011funu kaydetti.&nbsp; \u00d6z\u00e7\u0131nar&nbsp; g\u00fcn nedeniyle yay\u0131mlad\u0131\u011f\u0131 mesaj\u0131nda, engelli vatanda\u015flar i\u00e7in, zorluklar\u0131 en aza indirerek, onlar i\u00e7in ya\u015fanabilir bir d\u00fcnya yaratman\u0131, en az engelsiz bireyler kadar e\u015fit ve \u00f6zg\u00fcr olabilmelerini\" \/>\n<meta property=\"og:url\" content=\"https:\/\/kibrisdakik.com\/?p=20847\" \/>\n<meta property=\"article:published_time\" content=\"2023-12-03T11:39:48+00:00\" \/>\n<meta property=\"og:image\" content=\"https:\/\/kibrisdakik.com\/wp-content\/uploads\/2023\/12\/ozcinar-3-aralik-dunya-engelliler-gunu-dolayisiyla-mesaj-yayimladi-1701603195.webp.webp\" \/>\n\t<meta property=\"og:image:width\" content=\"710\" \/>\n\t<meta property=\"og:image:height\" content=\"370\" \/>\n\t<meta property=\"og:image:type\" content=\"image\/webp\" \/>\n<meta name=\"author\" content=\"admin\" \/>\n<meta name=\"twitter:card\" content=\"summary_large_image\" \/>\n<meta name=\"twitter:label1\" content=\"Yazan:\" \/>\n\t<meta name=\"twitter:data1\" content=\"admin\" \/>\n\t<meta name=\"twitter:label2\" content=\"Tahmini okuma s\u00fcresi\" \/>\n\t<meta name=\"twitter:data2\" content=\"1 dakika\" \/>\n<script type=\"application\/ld+json\" class=\"yoast-schema-graph\">{\"@context\":\"https:\\\/\\\/schema.org\",\"@graph\":[{\"@type\":\"Article\",\"@id\":\"https:\\\/\\\/kibrisdakik.com\\\/?p=20847#article\",\"isPartOf\":{\"@id\":\"https:\\\/\\\/kibrisdakik.com\\\/?p=20847\"},\"author\":{\"name\":\"admin\",\"@id\":\"https:\\\/\\\/kibrisdakik.com\\\/#\\\/schema\\\/person\\\/9cd9d437bbb44f72b73ba127e06d8e79\"},\"headline\":\"\u00d6z\u00e7\u0131nar, 3 Aral\u0131k D\u00fcnya Engelliler G\u00fcn\u00fc dolay\u0131s\u0131yla mesaj yay\u0131mlad\u0131\",\"datePublished\":\"2023-12-03T11:39:48+00:00\",\"mainEntityOfPage\":{\"@id\":\"https:\\\/\\\/kibrisdakik.com\\\/?p=20847\"},\"wordCount\":198,\"commentCount\":0,\"image\":{\"@id\":\"https:\\\/\\\/kibrisdakik.com\\\/?p=20847#primaryimage\"},\"thumbnailUrl\":\"https:\\\/\\\/kibrisdakik.com\\\/wp-content\\\/uploads\\\/2023\\\/12\\\/ozcinar-3-aralik-dunya-engelliler-gunu-dolayisiyla-mesaj-yayimladi-1701603195.webp.webp\",\"articleSection\":[\"G\u00fcndem\"],\"inLanguage\":\"tr\",\"potentialAction\":[{\"@type\":\"CommentAction\",\"name\":\"Comment\",\"target\":[\"https:\\\/\\\/kibrisdakik.com\\\/?p=20847#respond\"]}]},{\"@type\":\"WebPage\",\"@id\":\"https:\\\/\\\/kibrisdakik.com\\\/?p=20847\",\"url\":\"https:\\\/\\\/kibrisdakik.com\\\/?p=20847\",\"name\":\"\u00d6z\u00e7\u0131nar, 3 Aral\u0131k D\u00fcnya Engelliler G\u00fcn\u00fc dolay\u0131s\u0131yla mesaj yay\u0131mlad\u0131 -\",\"isPartOf\":{\"@id\":\"https:\\\/\\\/kibrisdakik.com\\\/#website\"},\"primaryImageOfPage\":{\"@id\":\"https:\\\/\\\/kibrisdakik.com\\\/?p=20847#primaryimage\"},\"image\":{\"@id\":\"https:\\\/\\\/kibrisdakik.com\\\/?p=20847#primaryimage\"},\"thumbnailUrl\":\"https:\\\/\\\/kibrisdakik.com\\\/wp-content\\\/uploads\\\/2023\\\/12\\\/ozcinar-3-aralik-dunya-engelliler-gunu-dolayisiyla-mesaj-yayimladi-1701603195.webp.webp\",\"datePublished\":\"2023-12-03T11:39:48+00:00\",\"author\":{\"@id\":\"https:\\\/\\\/kibrisdakik.com\\\/#\\\/schema\\\/person\\\/9cd9d437bbb44f72b73ba127e06d8e79\"},\"breadcrumb\":{\"@id\":\"https:\\\/\\\/kibrisdakik.com\\\/?p=20847#breadcrumb\"},\"inLanguage\":\"tr\",\"potentialAction\":[{\"@type\":\"ReadAction\",\"target\":[\"https:\\\/\\\/kibrisdakik.com\\\/?p=20847\"]}]},{\"@type\":\"ImageObject\",\"inLanguage\":\"tr\",\"@id\":\"https:\\\/\\\/kibrisdakik.com\\\/?p=20847#primaryimage\",\"url\":\"https:\\\/\\\/kibrisdakik.com\\\/wp-content\\\/uploads\\\/2023\\\/12\\\/ozcinar-3-aralik-dunya-engelliler-gunu-dolayisiyla-mesaj-yayimladi-1701603195.webp.webp\",\"contentUrl\":\"https:\\\/\\\/kibrisdakik.com\\\/wp-content\\\/uploads\\\/2023\\\/12\\\/ozcinar-3-aralik-dunya-engelliler-gunu-dolayisiyla-mesaj-yayimladi-1701603195.webp.webp\",\"width\":710,\"height\":370},{\"@type\":\"BreadcrumbList\",\"@id\":\"https:\\\/\\\/kibrisdakik.com\\\/?p=20847#breadcrumb\",\"itemListElement\":[{\"@type\":\"ListItem\",\"position\":1,\"name\":\"Home\",\"item\":\"https:\\\/\\\/kibrisdakik.com\\\/\"},{\"@type\":\"ListItem\",\"position\":2,\"name\":\"\u00d6z\u00e7\u0131nar, 3 Aral\u0131k D\u00fcnya Engelliler G\u00fcn\u00fc dolay\u0131s\u0131yla mesaj yay\u0131mlad\u0131\"}]},{\"@type\":\"WebSite\",\"@id\":\"https:\\\/\\\/kibrisdakik.com\\\/#website\",\"url\":\"https:\\\/\\\/kibrisdakik.com\\\/\",\"name\":\"\",\"description\":\"Tam vaktinde haber\",\"potentialAction\":[{\"@type\":\"SearchAction\",\"target\":{\"@type\":\"EntryPoint\",\"urlTemplate\":\"https:\\\/\\\/kibrisdakik.com\\\/?s={search_term_string}\"},\"query-input\":{\"@type\":\"PropertyValueSpecification\",\"valueRequired\":true,\"valueName\":\"search_term_string\"}}],\"inLanguage\":\"tr\"},{\"@type\":\"Person\",\"@id\":\"https:\\\/\\\/kibrisdakik.com\\\/#\\\/schema\\\/person\\\/9cd9d437bbb44f72b73ba127e06d8e79\",\"name\":\"admin\",\"image\":{\"@type\":\"ImageObject\",\"inLanguage\":\"tr\",\"@id\":\"https:\\\/\\\/secure.gravatar.com\\\/avatar\\\/ccc17943b9d660506c869530f897617f7cb1c21a4bf30023f252596d83e1f007?s=96&d=mm&r=g\",\"url\":\"https:\\\/\\\/secure.gravatar.com\\\/avatar\\\/ccc17943b9d660506c869530f897617f7cb1c21a4bf30023f252596d83e1f007?s=96&d=mm&r=g\",\"contentUrl\":\"https:\\\/\\\/secure.gravatar.com\\\/avatar\\\/ccc17943b9d660506c869530f897617f7cb1c21a4bf30023f252596d83e1f007?s=96&d=mm&r=g\",\"caption\":\"admin\"},\"sameAs\":[\"https:\\\/\\\/kibrisdakik.com\"],\"url\":\"https:\\\/\\\/kibrisdakik.com\\\/?author=1\"}]}<\/script>\n<!-- \/ Yoast SEO plugin. -->","yoast_head_json":{"title":"\u00d6z\u00e7\u0131nar, 3 Aral\u0131k D\u00fcnya Engelliler G\u00fcn\u00fc dolay\u0131s\u0131yla mesaj yay\u0131mlad\u0131 -","robots":{"index":"index","follow":"follow","max-snippet":"max-snippet:-1","max-image-preview":"max-image-preview:large","max-video-preview":"max-video-preview:-1"},"canonical":"https:\/\/kibrisdakik.com\/?p=20847","og_locale":"tr_TR","og_type":"article","og_title":"\u00d6z\u00e7\u0131nar, 3 Aral\u0131k D\u00fcnya Engelliler G\u00fcn\u00fc dolay\u0131s\u0131yla mesaj yay\u0131mlad\u0131 -","og_description":"K\u0131br\u0131s T\u00fcrk Belediyeler Birli\u011fi Ba\u015fkan\u0131&nbsp; ve G\u00fczelyurt Belediye Ba\u015fkan\u0131 Mahmut \u00d6z\u00e7\u0131nar, 3 Aral\u0131k D\u00fcnya Engelliler G\u00fcn\u00fc\u2019n\u00fcn, fark\u0131ndal\u0131k yaratmak ve toplumsal duyarl\u0131l\u0131k sa\u011flanmas\u0131 a\u00e7\u0131s\u0131ndan \u00f6nemli bir g\u00fcn oldu\u011funu kaydetti.&nbsp; \u00d6z\u00e7\u0131nar&nbsp; g\u00fcn nedeniyle yay\u0131mlad\u0131\u011f\u0131 mesaj\u0131nda, engelli vatanda\u015flar i\u00e7in, zorluklar\u0131 en aza indirerek, onlar i\u00e7in ya\u015fanabilir bir d\u00fcnya yaratman\u0131, en az engelsiz bireyler kadar e\u015fit ve \u00f6zg\u00fcr olabilmelerini","og_url":"https:\/\/kibrisdakik.com\/?p=20847","article_published_time":"2023-12-03T11:39:48+00:00","og_image":[{"width":710,"height":370,"url":"https:\/\/kibrisdakik.com\/wp-content\/uploads\/2023\/12\/ozcinar-3-aralik-dunya-engelliler-gunu-dolayisiyla-mesaj-yayimladi-1701603195.webp.webp","type":"image\/webp"}],"author":"admin","twitter_card":"summary_large_image","twitter_misc":{"Yazan:":"admin","Tahmini okuma s\u00fcresi":"1 dakika"},"schema":{"@context":"https:\/\/schema.org","@graph":[{"@type":"Article","@id":"https:\/\/kibrisdakik.com\/?p=20847#article","isPartOf":{"@id":"https:\/\/kibrisdakik.com\/?p=20847"},"author":{"name":"admin","@id":"https:\/\/kibrisdakik.com\/#\/schema\/person\/9cd9d437bbb44f72b73ba127e06d8e79"},"headline":"\u00d6z\u00e7\u0131nar, 3 Aral\u0131k D\u00fcnya Engelliler G\u00fcn\u00fc dolay\u0131s\u0131yla mesaj yay\u0131mlad\u0131","datePublished":"2023-12-03T11:39:48+00:00","mainEntityOfPage":{"@id":"https:\/\/kibrisdakik.com\/?p=20847"},"wordCount":198,"commentCount":0,"image":{"@id":"https:\/\/kibrisdakik.com\/?p=20847#primaryimage"},"thumbnailUrl":"https:\/\/kibrisdakik.com\/wp-content\/uploads\/2023\/12\/ozcinar-3-aralik-dunya-engelliler-gunu-dolayisiyla-mesaj-yayimladi-1701603195.webp.webp","articleSection":["G\u00fcndem"],"inLanguage":"tr","potentialAction":[{"@type":"CommentAction","name":"Comment","target":["https:\/\/kibrisdakik.com\/?p=20847#respond"]}]},{"@type":"WebPage","@id":"https:\/\/kibrisdakik.com\/?p=20847","url":"https:\/\/kibrisdakik.com\/?p=20847","name":"\u00d6z\u00e7\u0131nar, 3 Aral\u0131k D\u00fcnya Engelliler G\u00fcn\u00fc dolay\u0131s\u0131yla mesaj yay\u0131mlad\u0131 -","isPartOf":{"@id":"https:\/\/kibrisdakik.com\/#website"},"primaryImageOfPage":{"@id":"https:\/\/kibrisdakik.com\/?p=20847#primaryimage"},"image":{"@id":"https:\/\/kibrisdakik.com\/?p=20847#primaryimage"},"thumbnailUrl":"https:\/\/kibrisdakik.com\/wp-content\/uploads\/2023\/12\/ozcinar-3-aralik-dunya-engelliler-gunu-dolayisiyla-mesaj-yayimladi-1701603195.webp.webp","datePublished":"2023-12-03T11:39:48+00:00","author":{"@id":"https:\/\/kibrisdakik.com\/#\/schema\/person\/9cd9d437bbb44f72b73ba127e06d8e79"},"breadcrumb":{"@id":"https:\/\/kibrisdakik.com\/?p=20847#breadcrumb"},"inLanguage":"tr","potentialAction":[{"@type":"ReadAction","target":["https:\/\/kibrisdakik.com\/?p=20847"]}]},{"@type":"ImageObject","inLanguage":"tr","@id":"https:\/\/kibrisdakik.com\/?p=20847#primaryimage","url":"https:\/\/kibrisdakik.com\/wp-content\/uploads\/2023\/12\/ozcinar-3-aralik-dunya-engelliler-gunu-dolayisiyla-mesaj-yayimladi-1701603195.webp.webp","contentUrl":"https:\/\/kibrisdakik.com\/wp-content\/uploads\/2023\/12\/ozcinar-3-aralik-dunya-engelliler-gunu-dolayisiyla-mesaj-yayimladi-1701603195.webp.webp","width":710,"height":370},{"@type":"BreadcrumbList","@id":"https:\/\/kibrisdakik.com\/?p=20847#breadcrumb","itemListElement":[{"@type":"ListItem","position":1,"name":"Home","item":"https:\/\/kibrisdakik.com\/"},{"@type":"ListItem","position":2,"name":"\u00d6z\u00e7\u0131nar, 3 Aral\u0131k D\u00fcnya Engelliler G\u00fcn\u00fc dolay\u0131s\u0131yla mesaj yay\u0131mlad\u0131"}]},{"@type":"WebSite","@id":"https:\/\/kibrisdakik.com\/#website","url":"https:\/\/kibrisdakik.com\/","name":"","description":"Tam vaktinde haber","potentialAction":[{"@type":"SearchAction","target":{"@type":"EntryPoint","urlTemplate":"https:\/\/kibrisdakik.com\/?s={search_term_string}"},"query-input":{"@type":"PropertyValueSpecification","valueRequired":true,"valueName":"search_term_string"}}],"inLanguage":"tr"},{"@type":"Person","@id":"https:\/\/kibrisdakik.com\/#\/schema\/person\/9cd9d437bbb44f72b73ba127e06d8e79","name":"admin","image":{"@type":"ImageObject","inLanguage":"tr","@id":"https:\/\/secure.gravatar.com\/avatar\/ccc17943b9d660506c869530f897617f7cb1c21a4bf30023f252596d83e1f007?s=96&d=mm&r=g","url":"https:\/\/secure.gravatar.com\/avatar\/ccc17943b9d660506c869530f897617f7cb1c21a4bf30023f252596d83e1f007?s=96&d=mm&r=g","contentUrl":"https:\/\/secure.gravatar.com\/avatar\/ccc17943b9d660506c869530f897617f7cb1c21a4bf30023f252596d83e1f007?s=96&d=mm&r=g","caption":"admin"},"sameAs":["https:\/\/kibrisdakik.com"],"url":"https:\/\/kibrisdakik.com\/?author=1"}]}},"_links":{"self":[{"href":"https:\/\/kibrisdakik.com\/index.php?rest_route=\/wp\/v2\/posts\/20847","targetHints":{"allow":["GET"]}}],"collection":[{"href":"https:\/\/kibrisdakik.com\/index.php?rest_route=\/wp\/v2\/posts"}],"about":[{"href":"https:\/\/kibrisdakik.com\/index.php?rest_route=\/wp\/v2\/types\/post"}],"author":[{"embeddable":true,"href":"https:\/\/kibrisdakik.com\/index.php?rest_route=\/wp\/v2\/users\/1"}],"replies":[{"embeddable":true,"href":"https:\/\/kibrisdakik.com\/index.php?rest_route=%2Fwp%2Fv2%2Fcomments&post=20847"}],"version-history":[{"count":0,"href":"https:\/\/kibrisdakik.com\/index.php?rest_route=\/wp\/v2\/posts\/20847\/revisions"}],"wp:featuredmedia":[{"embeddable":true,"href":"https:\/\/kibrisdakik.com\/index.php?rest_route=\/wp\/v2\/media\/20848"}],"wp:attachment":[{"href":"https:\/\/kibrisdakik.com\/index.php?rest_route=%2Fwp%2Fv2%2Fmedia&parent=20847"}],"wp:term":[{"taxonomy":"category","embeddable":true,"href":"https:\/\/kibrisdakik.com\/index.php?rest_route=%2Fwp%2Fv2%2Fcategories&post=20847"},{"taxonomy":"post_tag","embeddable":true,"href":"https:\/\/kibrisdakik.com\/index.php?rest_route=%2Fwp%2Fv2%2Ftags&post=20847"}],"curies":[{"name":"wp","href":"https:\/\/api.w.org\/{rel}","templated":true}]}}