{"id":21011,"date":"2023-12-04T19:22:57","date_gmt":"2023-12-04T19:22:57","guid":{"rendered":"https:\/\/kibrisdakik.com\/index.php\/2023\/12\/04\/yilmaz-enflasyonun-ne-zaman-dusecegini-acikladi\/"},"modified":"2023-12-04T19:22:57","modified_gmt":"2023-12-04T19:22:57","slug":"yilmaz-enflasyonun-ne-zaman-dusecegini-acikladi","status":"publish","type":"post","link":"https:\/\/kibrisdakik.com\/?p=21011","title":{"rendered":"Y\u0131lmaz enflasyonun ne zaman d\u00fc\u015fece\u011fini a\u00e7\u0131klad\u0131!"},"content":{"rendered":"<p><img decoding=\"async\" src=\"https:\/\/www.kibristurk.com\/images\/haberler\/2023\/12\/yilmaz-enflasyonun-ne-zaman-dusecegini-acikladi-1701702630.webp\" \/><\/p>\n<p>Y\u0131lmaz, sosyal medya hesab\u0131ndan yapt\u0131\u011f\u0131 a\u00e7\u0131klamada, T\u00dcFE&#8217;deki de\u011fi\u015fimin Kas\u0131m 2023&#8217;te bir \u00f6nceki aya g\u00f6re y\u00fczde 3,28, bir \u00f6nceki y\u0131l\u0131n ayn\u0131 ay\u0131na g\u00f6re y\u00fczde 61,98 oran\u0131nda ger\u00e7ekle\u015fti\u011fini belirtti.<\/p>\n<p>&nbsp;<\/p>\n<p>Enflasyonla m\u00fccadelede uygulad\u0131klar\u0131 para ve maliye politikalar\u0131 sayesinde ayl\u0131k bazda enflasyondaki d\u00fc\u015f\u00fc\u015f\u00fcn temmuzdan bu yana devam etti\u011fini bildiren Y\u0131lmaz, \u015funlar\u0131 kaydetti:<\/p>\n<p><em><strong>&#8220;Enflasyondaki d\u00fc\u015f\u00fc\u015f \u00e7ekirdek g\u00f6stergelerde ise \u00e7ok daha belirgindir. \u00c7ekirdek enflasyonun takibinde kullan\u0131lan &#8216;C&#8217; endeksinde temmuz ay\u0131ndaki art\u0131\u015f y\u00fczde 9,6&#8217;dan kas\u0131m ay\u0131nda y\u00fczde 1,96&#8217;ya gerilemi\u015ftir. Y\u0131ll\u0131k \u00e7ekirdek enflasyon kas\u0131m ay\u0131nda 69,89 ile yatay bir \u015fekilde seyretmi\u015ftir. Enflasyonla m\u00fccadelenin karal\u0131l\u0131kla devam etmesiyle birlikte a\u00e7\u0131klanan kas\u0131m ay\u0131 enflasyon ger\u00e7ekle\u015fmesi, Orta Vadeli Program&#8217;da \u00f6ng\u00f6rd\u00fc\u011f\u00fcm\u00fcz y\u0131l sonu hedefimizle uyumludur. Enflasyonda gelecek y\u0131l ortas\u0131ndan itibaren y\u0131ll\u0131k bazda belirgin d\u00fc\u015f\u00fc\u015f, 2026 y\u0131l\u0131nda ise tek haneyi hedefliyoruz. Enflasyonun d\u00fc\u015ft\u00fc\u011f\u00fc ortamda ise istikrar i\u00e7inde, b\u00fcy\u00fcme ve kal\u0131c\u0131 sosyal refah konusunda g\u00fc\u00e7l\u00fc bir \u015fekilde yolumuza devam edece\u011fiz.&#8221;<\/strong><\/em><\/p>\n","protected":false},"excerpt":{"rendered":"<p>Y\u0131lmaz, sosyal medya hesab\u0131ndan yapt\u0131\u011f\u0131 a\u00e7\u0131klamada, T\u00dcFE&#8217;deki de\u011fi\u015fimin Kas\u0131m 2023&#8217;te bir \u00f6nceki aya g\u00f6re y\u00fczde 3,28, bir \u00f6nceki y\u0131l\u0131n ayn\u0131 ay\u0131na g\u00f6re y\u00fczde 61,98 oran\u0131nda ger\u00e7ekle\u015fti\u011fini belirtti. &nbsp; Enflasyonla m\u00fccadelede uygulad\u0131klar\u0131 para ve maliye politikalar\u0131 sayesinde ayl\u0131k bazda enflasyondaki d\u00fc\u015f\u00fc\u015f\u00fcn temmuzdan bu yana devam etti\u011fini bildiren Y\u0131lmaz, \u015funlar\u0131 kaydetti: &#8220;Enflasyondaki d\u00fc\u015f\u00fc\u015f \u00e7ekirdek g\u00f6stergelerde ise \u00e7ok<\/p>\n","protected":false},"author":1,"featured_media":21012,"comment_status":"open","ping_status":"open","sticky":false,"template":"","format":"standard","meta":{"footnotes":""},"categories":[85],"tags":[],"class_list":["post-21011","post","type-post","status-publish","format-standard","has-post-thumbnail","hentry","category-spor"],"yoast_head":"<!-- This site is optimized with the Yoast SEO plugin v27.4 - https:\/\/yoast.com\/product\/yoast-seo-wordpress\/ -->\n<title>Y\u0131lmaz enflasyonun ne zaman d\u00fc\u015fece\u011fini a\u00e7\u0131klad\u0131! -<\/title>\n<meta name=\"robots\" content=\"index, follow, max-snippet:-1, max-image-preview:large, max-video-preview:-1\" \/>\n<link rel=\"canonical\" href=\"https:\/\/kibrisdakik.com\/?p=21011\" \/>\n<meta property=\"og:locale\" content=\"tr_TR\" \/>\n<meta property=\"og:type\" content=\"article\" \/>\n<meta property=\"og:title\" content=\"Y\u0131lmaz enflasyonun ne zaman d\u00fc\u015fece\u011fini a\u00e7\u0131klad\u0131! -\" \/>\n<meta property=\"og:description\" content=\"Y\u0131lmaz, sosyal medya hesab\u0131ndan yapt\u0131\u011f\u0131 a\u00e7\u0131klamada, T\u00dcFE&#8217;deki de\u011fi\u015fimin Kas\u0131m 2023&#8217;te bir \u00f6nceki aya g\u00f6re y\u00fczde 3,28, bir \u00f6nceki y\u0131l\u0131n ayn\u0131 ay\u0131na g\u00f6re y\u00fczde 61,98 oran\u0131nda ger\u00e7ekle\u015fti\u011fini belirtti. &nbsp; Enflasyonla m\u00fccadelede uygulad\u0131klar\u0131 para ve maliye politikalar\u0131 sayesinde ayl\u0131k bazda enflasyondaki d\u00fc\u015f\u00fc\u015f\u00fcn temmuzdan bu yana devam etti\u011fini bildiren Y\u0131lmaz, \u015funlar\u0131 kaydetti: &#8220;Enflasyondaki d\u00fc\u015f\u00fc\u015f \u00e7ekirdek g\u00f6stergelerde ise \u00e7ok\" \/>\n<meta property=\"og:url\" content=\"https:\/\/kibrisdakik.com\/?p=21011\" \/>\n<meta property=\"article:published_time\" content=\"2023-12-04T19:22:57+00:00\" \/>\n<meta property=\"og:image\" content=\"https:\/\/kibrisdakik.com\/wp-content\/uploads\/2023\/12\/yilmaz-enflasyonun-ne-zaman-dusecegini-acikladi-1701702630.webp.webp\" \/>\n\t<meta property=\"og:image:width\" content=\"710\" \/>\n\t<meta property=\"og:image:height\" content=\"370\" \/>\n\t<meta property=\"og:image:type\" content=\"image\/webp\" \/>\n<meta name=\"author\" content=\"admin\" \/>\n<meta name=\"twitter:card\" content=\"summary_large_image\" \/>\n<meta name=\"twitter:label1\" content=\"Yazan:\" \/>\n\t<meta name=\"twitter:data1\" content=\"admin\" \/>\n\t<meta name=\"twitter:label2\" content=\"Tahmini okuma s\u00fcresi\" \/>\n\t<meta name=\"twitter:data2\" content=\"1 dakika\" \/>\n<script type=\"application\/ld+json\" class=\"yoast-schema-graph\">{\"@context\":\"https:\\\/\\\/schema.org\",\"@graph\":[{\"@type\":\"Article\",\"@id\":\"https:\\\/\\\/kibrisdakik.com\\\/?p=21011#article\",\"isPartOf\":{\"@id\":\"https:\\\/\\\/kibrisdakik.com\\\/?p=21011\"},\"author\":{\"name\":\"admin\",\"@id\":\"https:\\\/\\\/kibrisdakik.com\\\/#\\\/schema\\\/person\\\/9cd9d437bbb44f72b73ba127e06d8e79\"},\"headline\":\"Y\u0131lmaz enflasyonun ne zaman d\u00fc\u015fece\u011fini a\u00e7\u0131klad\u0131!\",\"datePublished\":\"2023-12-04T19:22:57+00:00\",\"mainEntityOfPage\":{\"@id\":\"https:\\\/\\\/kibrisdakik.com\\\/?p=21011\"},\"wordCount\":203,\"commentCount\":0,\"image\":{\"@id\":\"https:\\\/\\\/kibrisdakik.com\\\/?p=21011#primaryimage\"},\"thumbnailUrl\":\"https:\\\/\\\/kibrisdakik.com\\\/wp-content\\\/uploads\\\/2023\\\/12\\\/yilmaz-enflasyonun-ne-zaman-dusecegini-acikladi-1701702630.webp.webp\",\"articleSection\":[\"Spor\"],\"inLanguage\":\"tr\",\"potentialAction\":[{\"@type\":\"CommentAction\",\"name\":\"Comment\",\"target\":[\"https:\\\/\\\/kibrisdakik.com\\\/?p=21011#respond\"]}]},{\"@type\":\"WebPage\",\"@id\":\"https:\\\/\\\/kibrisdakik.com\\\/?p=21011\",\"url\":\"https:\\\/\\\/kibrisdakik.com\\\/?p=21011\",\"name\":\"Y\u0131lmaz enflasyonun ne zaman d\u00fc\u015fece\u011fini a\u00e7\u0131klad\u0131! -\",\"isPartOf\":{\"@id\":\"https:\\\/\\\/kibrisdakik.com\\\/#website\"},\"primaryImageOfPage\":{\"@id\":\"https:\\\/\\\/kibrisdakik.com\\\/?p=21011#primaryimage\"},\"image\":{\"@id\":\"https:\\\/\\\/kibrisdakik.com\\\/?p=21011#primaryimage\"},\"thumbnailUrl\":\"https:\\\/\\\/kibrisdakik.com\\\/wp-content\\\/uploads\\\/2023\\\/12\\\/yilmaz-enflasyonun-ne-zaman-dusecegini-acikladi-1701702630.webp.webp\",\"datePublished\":\"2023-12-04T19:22:57+00:00\",\"author\":{\"@id\":\"https:\\\/\\\/kibrisdakik.com\\\/#\\\/schema\\\/person\\\/9cd9d437bbb44f72b73ba127e06d8e79\"},\"breadcrumb\":{\"@id\":\"https:\\\/\\\/kibrisdakik.com\\\/?p=21011#breadcrumb\"},\"inLanguage\":\"tr\",\"potentialAction\":[{\"@type\":\"ReadAction\",\"target\":[\"https:\\\/\\\/kibrisdakik.com\\\/?p=21011\"]}]},{\"@type\":\"ImageObject\",\"inLanguage\":\"tr\",\"@id\":\"https:\\\/\\\/kibrisdakik.com\\\/?p=21011#primaryimage\",\"url\":\"https:\\\/\\\/kibrisdakik.com\\\/wp-content\\\/uploads\\\/2023\\\/12\\\/yilmaz-enflasyonun-ne-zaman-dusecegini-acikladi-1701702630.webp.webp\",\"contentUrl\":\"https:\\\/\\\/kibrisdakik.com\\\/wp-content\\\/uploads\\\/2023\\\/12\\\/yilmaz-enflasyonun-ne-zaman-dusecegini-acikladi-1701702630.webp.webp\",\"width\":710,\"height\":370},{\"@type\":\"BreadcrumbList\",\"@id\":\"https:\\\/\\\/kibrisdakik.com\\\/?p=21011#breadcrumb\",\"itemListElement\":[{\"@type\":\"ListItem\",\"position\":1,\"name\":\"Home\",\"item\":\"https:\\\/\\\/kibrisdakik.com\\\/\"},{\"@type\":\"ListItem\",\"position\":2,\"name\":\"Y\u0131lmaz enflasyonun ne zaman d\u00fc\u015fece\u011fini a\u00e7\u0131klad\u0131!\"}]},{\"@type\":\"WebSite\",\"@id\":\"https:\\\/\\\/kibrisdakik.com\\\/#website\",\"url\":\"https:\\\/\\\/kibrisdakik.com\\\/\",\"name\":\"\",\"description\":\"Tam vaktinde haber\",\"potentialAction\":[{\"@type\":\"SearchAction\",\"target\":{\"@type\":\"EntryPoint\",\"urlTemplate\":\"https:\\\/\\\/kibrisdakik.com\\\/?s={search_term_string}\"},\"query-input\":{\"@type\":\"PropertyValueSpecification\",\"valueRequired\":true,\"valueName\":\"search_term_string\"}}],\"inLanguage\":\"tr\"},{\"@type\":\"Person\",\"@id\":\"https:\\\/\\\/kibrisdakik.com\\\/#\\\/schema\\\/person\\\/9cd9d437bbb44f72b73ba127e06d8e79\",\"name\":\"admin\",\"image\":{\"@type\":\"ImageObject\",\"inLanguage\":\"tr\",\"@id\":\"https:\\\/\\\/secure.gravatar.com\\\/avatar\\\/ccc17943b9d660506c869530f897617f7cb1c21a4bf30023f252596d83e1f007?s=96&d=mm&r=g\",\"url\":\"https:\\\/\\\/secure.gravatar.com\\\/avatar\\\/ccc17943b9d660506c869530f897617f7cb1c21a4bf30023f252596d83e1f007?s=96&d=mm&r=g\",\"contentUrl\":\"https:\\\/\\\/secure.gravatar.com\\\/avatar\\\/ccc17943b9d660506c869530f897617f7cb1c21a4bf30023f252596d83e1f007?s=96&d=mm&r=g\",\"caption\":\"admin\"},\"sameAs\":[\"https:\\\/\\\/kibrisdakik.com\"],\"url\":\"https:\\\/\\\/kibrisdakik.com\\\/?author=1\"}]}<\/script>\n<!-- \/ Yoast SEO plugin. -->","yoast_head_json":{"title":"Y\u0131lmaz enflasyonun ne zaman d\u00fc\u015fece\u011fini a\u00e7\u0131klad\u0131! -","robots":{"index":"index","follow":"follow","max-snippet":"max-snippet:-1","max-image-preview":"max-image-preview:large","max-video-preview":"max-video-preview:-1"},"canonical":"https:\/\/kibrisdakik.com\/?p=21011","og_locale":"tr_TR","og_type":"article","og_title":"Y\u0131lmaz enflasyonun ne zaman d\u00fc\u015fece\u011fini a\u00e7\u0131klad\u0131! -","og_description":"Y\u0131lmaz, sosyal medya hesab\u0131ndan yapt\u0131\u011f\u0131 a\u00e7\u0131klamada, T\u00dcFE&#8217;deki de\u011fi\u015fimin Kas\u0131m 2023&#8217;te bir \u00f6nceki aya g\u00f6re y\u00fczde 3,28, bir \u00f6nceki y\u0131l\u0131n ayn\u0131 ay\u0131na g\u00f6re y\u00fczde 61,98 oran\u0131nda ger\u00e7ekle\u015fti\u011fini belirtti. &nbsp; Enflasyonla m\u00fccadelede uygulad\u0131klar\u0131 para ve maliye politikalar\u0131 sayesinde ayl\u0131k bazda enflasyondaki d\u00fc\u015f\u00fc\u015f\u00fcn temmuzdan bu yana devam etti\u011fini bildiren Y\u0131lmaz, \u015funlar\u0131 kaydetti: &#8220;Enflasyondaki d\u00fc\u015f\u00fc\u015f \u00e7ekirdek g\u00f6stergelerde ise \u00e7ok","og_url":"https:\/\/kibrisdakik.com\/?p=21011","article_published_time":"2023-12-04T19:22:57+00:00","og_image":[{"width":710,"height":370,"url":"https:\/\/kibrisdakik.com\/wp-content\/uploads\/2023\/12\/yilmaz-enflasyonun-ne-zaman-dusecegini-acikladi-1701702630.webp.webp","type":"image\/webp"}],"author":"admin","twitter_card":"summary_large_image","twitter_misc":{"Yazan:":"admin","Tahmini okuma s\u00fcresi":"1 dakika"},"schema":{"@context":"https:\/\/schema.org","@graph":[{"@type":"Article","@id":"https:\/\/kibrisdakik.com\/?p=21011#article","isPartOf":{"@id":"https:\/\/kibrisdakik.com\/?p=21011"},"author":{"name":"admin","@id":"https:\/\/kibrisdakik.com\/#\/schema\/person\/9cd9d437bbb44f72b73ba127e06d8e79"},"headline":"Y\u0131lmaz enflasyonun ne zaman d\u00fc\u015fece\u011fini a\u00e7\u0131klad\u0131!","datePublished":"2023-12-04T19:22:57+00:00","mainEntityOfPage":{"@id":"https:\/\/kibrisdakik.com\/?p=21011"},"wordCount":203,"commentCount":0,"image":{"@id":"https:\/\/kibrisdakik.com\/?p=21011#primaryimage"},"thumbnailUrl":"https:\/\/kibrisdakik.com\/wp-content\/uploads\/2023\/12\/yilmaz-enflasyonun-ne-zaman-dusecegini-acikladi-1701702630.webp.webp","articleSection":["Spor"],"inLanguage":"tr","potentialAction":[{"@type":"CommentAction","name":"Comment","target":["https:\/\/kibrisdakik.com\/?p=21011#respond"]}]},{"@type":"WebPage","@id":"https:\/\/kibrisdakik.com\/?p=21011","url":"https:\/\/kibrisdakik.com\/?p=21011","name":"Y\u0131lmaz enflasyonun ne zaman d\u00fc\u015fece\u011fini a\u00e7\u0131klad\u0131! -","isPartOf":{"@id":"https:\/\/kibrisdakik.com\/#website"},"primaryImageOfPage":{"@id":"https:\/\/kibrisdakik.com\/?p=21011#primaryimage"},"image":{"@id":"https:\/\/kibrisdakik.com\/?p=21011#primaryimage"},"thumbnailUrl":"https:\/\/kibrisdakik.com\/wp-content\/uploads\/2023\/12\/yilmaz-enflasyonun-ne-zaman-dusecegini-acikladi-1701702630.webp.webp","datePublished":"2023-12-04T19:22:57+00:00","author":{"@id":"https:\/\/kibrisdakik.com\/#\/schema\/person\/9cd9d437bbb44f72b73ba127e06d8e79"},"breadcrumb":{"@id":"https:\/\/kibrisdakik.com\/?p=21011#breadcrumb"},"inLanguage":"tr","potentialAction":[{"@type":"ReadAction","target":["https:\/\/kibrisdakik.com\/?p=21011"]}]},{"@type":"ImageObject","inLanguage":"tr","@id":"https:\/\/kibrisdakik.com\/?p=21011#primaryimage","url":"https:\/\/kibrisdakik.com\/wp-content\/uploads\/2023\/12\/yilmaz-enflasyonun-ne-zaman-dusecegini-acikladi-1701702630.webp.webp","contentUrl":"https:\/\/kibrisdakik.com\/wp-content\/uploads\/2023\/12\/yilmaz-enflasyonun-ne-zaman-dusecegini-acikladi-1701702630.webp.webp","width":710,"height":370},{"@type":"BreadcrumbList","@id":"https:\/\/kibrisdakik.com\/?p=21011#breadcrumb","itemListElement":[{"@type":"ListItem","position":1,"name":"Home","item":"https:\/\/kibrisdakik.com\/"},{"@type":"ListItem","position":2,"name":"Y\u0131lmaz enflasyonun ne zaman d\u00fc\u015fece\u011fini a\u00e7\u0131klad\u0131!"}]},{"@type":"WebSite","@id":"https:\/\/kibrisdakik.com\/#website","url":"https:\/\/kibrisdakik.com\/","name":"","description":"Tam vaktinde haber","potentialAction":[{"@type":"SearchAction","target":{"@type":"EntryPoint","urlTemplate":"https:\/\/kibrisdakik.com\/?s={search_term_string}"},"query-input":{"@type":"PropertyValueSpecification","valueRequired":true,"valueName":"search_term_string"}}],"inLanguage":"tr"},{"@type":"Person","@id":"https:\/\/kibrisdakik.com\/#\/schema\/person\/9cd9d437bbb44f72b73ba127e06d8e79","name":"admin","image":{"@type":"ImageObject","inLanguage":"tr","@id":"https:\/\/secure.gravatar.com\/avatar\/ccc17943b9d660506c869530f897617f7cb1c21a4bf30023f252596d83e1f007?s=96&d=mm&r=g","url":"https:\/\/secure.gravatar.com\/avatar\/ccc17943b9d660506c869530f897617f7cb1c21a4bf30023f252596d83e1f007?s=96&d=mm&r=g","contentUrl":"https:\/\/secure.gravatar.com\/avatar\/ccc17943b9d660506c869530f897617f7cb1c21a4bf30023f252596d83e1f007?s=96&d=mm&r=g","caption":"admin"},"sameAs":["https:\/\/kibrisdakik.com"],"url":"https:\/\/kibrisdakik.com\/?author=1"}]}},"_links":{"self":[{"href":"https:\/\/kibrisdakik.com\/index.php?rest_route=\/wp\/v2\/posts\/21011","targetHints":{"allow":["GET"]}}],"collection":[{"href":"https:\/\/kibrisdakik.com\/index.php?rest_route=\/wp\/v2\/posts"}],"about":[{"href":"https:\/\/kibrisdakik.com\/index.php?rest_route=\/wp\/v2\/types\/post"}],"author":[{"embeddable":true,"href":"https:\/\/kibrisdakik.com\/index.php?rest_route=\/wp\/v2\/users\/1"}],"replies":[{"embeddable":true,"href":"https:\/\/kibrisdakik.com\/index.php?rest_route=%2Fwp%2Fv2%2Fcomments&post=21011"}],"version-history":[{"count":0,"href":"https:\/\/kibrisdakik.com\/index.php?rest_route=\/wp\/v2\/posts\/21011\/revisions"}],"wp:featuredmedia":[{"embeddable":true,"href":"https:\/\/kibrisdakik.com\/index.php?rest_route=\/wp\/v2\/media\/21012"}],"wp:attachment":[{"href":"https:\/\/kibrisdakik.com\/index.php?rest_route=%2Fwp%2Fv2%2Fmedia&parent=21011"}],"wp:term":[{"taxonomy":"category","embeddable":true,"href":"https:\/\/kibrisdakik.com\/index.php?rest_route=%2Fwp%2Fv2%2Fcategories&post=21011"},{"taxonomy":"post_tag","embeddable":true,"href":"https:\/\/kibrisdakik.com\/index.php?rest_route=%2Fwp%2Fv2%2Ftags&post=21011"}],"curies":[{"name":"wp","href":"https:\/\/api.w.org\/{rel}","templated":true}]}}