{"id":21019,"date":"2023-12-04T20:24:34","date_gmt":"2023-12-04T20:24:34","guid":{"rendered":"https:\/\/kibrisdakik.com\/index.php\/2023\/12\/04\/emine-erdogan-katarda-islam-sanatlari-muzesini-ziyaret-etti\/"},"modified":"2023-12-04T20:24:34","modified_gmt":"2023-12-04T20:24:34","slug":"emine-erdogan-katarda-islam-sanatlari-muzesini-ziyaret-etti","status":"publish","type":"post","link":"https:\/\/kibrisdakik.com\/?p=21019","title":{"rendered":"Emine Erdo\u011fan Katar&#039;da \u0130slam Sanatlar\u0131 M\u00fczesi&#039;ni ziyaret etti"},"content":{"rendered":"<p><\/p>\n<p>Cumhurba\u015fkan\u0131 Recep Tayyip Erdo\u011fan&#8217;\u0131n Katar ziyaretine e\u015flik eden e\u015fi Emine Erdo\u011fan, ba\u015fkent Doha&#8217;da \u0130slam Sanatlar\u0131 M\u00fczesi&#8217;ni ziyaret etti.<\/p>\n<p><img decoding=\"async\" alt=\"\" src=\"https:\/\/www.aa.com.tr\/uploads\/userFiles\/e1e8523d-4106-45e0-98bd-20afb1e8805a\/2%2Fdb744617-efff-4b25-a39f-1beccd45f9be.jpg\" \/><\/p>\n<p>Emine Erdo\u011fan, ziyarete ili\u015fkin sosyal medya hesab\u0131ndan yapt\u0131\u011f\u0131 payla\u015f\u0131mda, &#8220;Bir \u0130mparatorlu\u011fu \u015eekillendirmek: Safevi \u0130ran&#8217;\u0131ndan Tekstiller sergisini gezerek, eserler hakk\u0131nda bilgi ald\u0131m. Sergi, Safevi D\u00f6nemi \u0130ran&#8217;\u0131n\u0131n y\u00fckseli\u015fini \u015fekillendiren ipek kuma\u015f\u0131n\u0131n etkileyici yolculu\u011funu anlat\u0131yor. Her a\u015famas\u0131yla de\u011ferli ve nadide olan ipek hal\u0131lar ile tekstilleri yak\u0131ndan incelemekten mutluluk duydum.&#8221; ifadelerini kulland\u0131.<\/p>\n","protected":false},"excerpt":{"rendered":"<p>Cumhurba\u015fkan\u0131 Recep Tayyip Erdo\u011fan&#8217;\u0131n Katar ziyaretine e\u015flik eden e\u015fi Emine Erdo\u011fan, ba\u015fkent Doha&#8217;da \u0130slam Sanatlar\u0131 M\u00fczesi&#8217;ni ziyaret etti. Emine Erdo\u011fan, ziyarete ili\u015fkin sosyal medya hesab\u0131ndan yapt\u0131\u011f\u0131 payla\u015f\u0131mda, &#8220;Bir \u0130mparatorlu\u011fu \u015eekillendirmek: Safevi \u0130ran&#8217;\u0131ndan Tekstiller sergisini gezerek, eserler hakk\u0131nda bilgi ald\u0131m. Sergi, Safevi D\u00f6nemi \u0130ran&#8217;\u0131n\u0131n y\u00fckseli\u015fini \u015fekillendiren ipek kuma\u015f\u0131n\u0131n etkileyici yolculu\u011funu anlat\u0131yor. Her a\u015famas\u0131yla de\u011ferli ve nadide<\/p>\n","protected":false},"author":1,"featured_media":0,"comment_status":"open","ping_status":"open","sticky":false,"template":"","format":"standard","meta":{"footnotes":""},"categories":[85],"tags":[],"class_list":["post-21019","post","type-post","status-publish","format-standard","hentry","category-spor"],"yoast_head":"<!-- This site is optimized with the Yoast SEO plugin v27.4 - https:\/\/yoast.com\/product\/yoast-seo-wordpress\/ -->\n<title>Emine Erdo\u011fan Katar&#039;da \u0130slam Sanatlar\u0131 M\u00fczesi&#039;ni ziyaret etti -<\/title>\n<meta name=\"robots\" content=\"index, follow, max-snippet:-1, max-image-preview:large, max-video-preview:-1\" \/>\n<link rel=\"canonical\" href=\"https:\/\/kibrisdakik.com\/?p=21019\" \/>\n<meta property=\"og:locale\" content=\"tr_TR\" \/>\n<meta property=\"og:type\" content=\"article\" \/>\n<meta property=\"og:title\" content=\"Emine Erdo\u011fan Katar&#039;da \u0130slam Sanatlar\u0131 M\u00fczesi&#039;ni ziyaret etti -\" \/>\n<meta property=\"og:description\" content=\"Cumhurba\u015fkan\u0131 Recep Tayyip Erdo\u011fan&#8217;\u0131n Katar ziyaretine e\u015flik eden e\u015fi Emine Erdo\u011fan, ba\u015fkent Doha&#8217;da \u0130slam Sanatlar\u0131 M\u00fczesi&#8217;ni ziyaret etti. Emine Erdo\u011fan, ziyarete ili\u015fkin sosyal medya hesab\u0131ndan yapt\u0131\u011f\u0131 payla\u015f\u0131mda, &#8220;Bir \u0130mparatorlu\u011fu \u015eekillendirmek: Safevi \u0130ran&#8217;\u0131ndan Tekstiller sergisini gezerek, eserler hakk\u0131nda bilgi ald\u0131m. Sergi, Safevi D\u00f6nemi \u0130ran&#8217;\u0131n\u0131n y\u00fckseli\u015fini \u015fekillendiren ipek kuma\u015f\u0131n\u0131n etkileyici yolculu\u011funu anlat\u0131yor. Her a\u015famas\u0131yla de\u011ferli ve nadide\" \/>\n<meta property=\"og:url\" content=\"https:\/\/kibrisdakik.com\/?p=21019\" \/>\n<meta property=\"article:published_time\" content=\"2023-12-04T20:24:34+00:00\" \/>\n<meta property=\"og:image\" content=\"https:\/\/www.aa.com.tr\/uploads\/userFiles\/e1e8523d-4106-45e0-98bd-20afb1e8805a\/2%2Fdb744617-efff-4b25-a39f-1beccd45f9be.jpg\" \/>\n<meta name=\"author\" content=\"admin\" \/>\n<meta name=\"twitter:card\" content=\"summary_large_image\" \/>\n<meta name=\"twitter:label1\" content=\"Yazan:\" \/>\n\t<meta name=\"twitter:data1\" content=\"admin\" \/>\n<script type=\"application\/ld+json\" class=\"yoast-schema-graph\">{\"@context\":\"https:\\\/\\\/schema.org\",\"@graph\":[{\"@type\":\"Article\",\"@id\":\"https:\\\/\\\/kibrisdakik.com\\\/?p=21019#article\",\"isPartOf\":{\"@id\":\"https:\\\/\\\/kibrisdakik.com\\\/?p=21019\"},\"author\":{\"name\":\"admin\",\"@id\":\"https:\\\/\\\/kibrisdakik.com\\\/#\\\/schema\\\/person\\\/9cd9d437bbb44f72b73ba127e06d8e79\"},\"headline\":\"Emine Erdo\u011fan Katar&#039;da \u0130slam Sanatlar\u0131 M\u00fczesi&#039;ni ziyaret etti\",\"datePublished\":\"2023-12-04T20:24:34+00:00\",\"mainEntityOfPage\":{\"@id\":\"https:\\\/\\\/kibrisdakik.com\\\/?p=21019\"},\"wordCount\":108,\"commentCount\":0,\"image\":{\"@id\":\"https:\\\/\\\/kibrisdakik.com\\\/?p=21019#primaryimage\"},\"thumbnailUrl\":\"https:\\\/\\\/www.aa.com.tr\\\/uploads\\\/userFiles\\\/e1e8523d-4106-45e0-98bd-20afb1e8805a\\\/2%2Fdb744617-efff-4b25-a39f-1beccd45f9be.jpg\",\"articleSection\":[\"Spor\"],\"inLanguage\":\"tr\",\"potentialAction\":[{\"@type\":\"CommentAction\",\"name\":\"Comment\",\"target\":[\"https:\\\/\\\/kibrisdakik.com\\\/?p=21019#respond\"]}]},{\"@type\":\"WebPage\",\"@id\":\"https:\\\/\\\/kibrisdakik.com\\\/?p=21019\",\"url\":\"https:\\\/\\\/kibrisdakik.com\\\/?p=21019\",\"name\":\"Emine Erdo\u011fan Katar&#039;da \u0130slam Sanatlar\u0131 M\u00fczesi&#039;ni ziyaret etti -\",\"isPartOf\":{\"@id\":\"https:\\\/\\\/kibrisdakik.com\\\/#website\"},\"primaryImageOfPage\":{\"@id\":\"https:\\\/\\\/kibrisdakik.com\\\/?p=21019#primaryimage\"},\"image\":{\"@id\":\"https:\\\/\\\/kibrisdakik.com\\\/?p=21019#primaryimage\"},\"thumbnailUrl\":\"https:\\\/\\\/www.aa.com.tr\\\/uploads\\\/userFiles\\\/e1e8523d-4106-45e0-98bd-20afb1e8805a\\\/2%2Fdb744617-efff-4b25-a39f-1beccd45f9be.jpg\",\"datePublished\":\"2023-12-04T20:24:34+00:00\",\"author\":{\"@id\":\"https:\\\/\\\/kibrisdakik.com\\\/#\\\/schema\\\/person\\\/9cd9d437bbb44f72b73ba127e06d8e79\"},\"breadcrumb\":{\"@id\":\"https:\\\/\\\/kibrisdakik.com\\\/?p=21019#breadcrumb\"},\"inLanguage\":\"tr\",\"potentialAction\":[{\"@type\":\"ReadAction\",\"target\":[\"https:\\\/\\\/kibrisdakik.com\\\/?p=21019\"]}]},{\"@type\":\"ImageObject\",\"inLanguage\":\"tr\",\"@id\":\"https:\\\/\\\/kibrisdakik.com\\\/?p=21019#primaryimage\",\"url\":\"https:\\\/\\\/www.aa.com.tr\\\/uploads\\\/userFiles\\\/e1e8523d-4106-45e0-98bd-20afb1e8805a\\\/2%2Fdb744617-efff-4b25-a39f-1beccd45f9be.jpg\",\"contentUrl\":\"https:\\\/\\\/www.aa.com.tr\\\/uploads\\\/userFiles\\\/e1e8523d-4106-45e0-98bd-20afb1e8805a\\\/2%2Fdb744617-efff-4b25-a39f-1beccd45f9be.jpg\"},{\"@type\":\"BreadcrumbList\",\"@id\":\"https:\\\/\\\/kibrisdakik.com\\\/?p=21019#breadcrumb\",\"itemListElement\":[{\"@type\":\"ListItem\",\"position\":1,\"name\":\"Home\",\"item\":\"https:\\\/\\\/kibrisdakik.com\\\/\"},{\"@type\":\"ListItem\",\"position\":2,\"name\":\"Emine Erdo\u011fan Katar&#039;da \u0130slam Sanatlar\u0131 M\u00fczesi&#039;ni ziyaret etti\"}]},{\"@type\":\"WebSite\",\"@id\":\"https:\\\/\\\/kibrisdakik.com\\\/#website\",\"url\":\"https:\\\/\\\/kibrisdakik.com\\\/\",\"name\":\"\",\"description\":\"Tam vaktinde haber\",\"potentialAction\":[{\"@type\":\"SearchAction\",\"target\":{\"@type\":\"EntryPoint\",\"urlTemplate\":\"https:\\\/\\\/kibrisdakik.com\\\/?s={search_term_string}\"},\"query-input\":{\"@type\":\"PropertyValueSpecification\",\"valueRequired\":true,\"valueName\":\"search_term_string\"}}],\"inLanguage\":\"tr\"},{\"@type\":\"Person\",\"@id\":\"https:\\\/\\\/kibrisdakik.com\\\/#\\\/schema\\\/person\\\/9cd9d437bbb44f72b73ba127e06d8e79\",\"name\":\"admin\",\"image\":{\"@type\":\"ImageObject\",\"inLanguage\":\"tr\",\"@id\":\"https:\\\/\\\/secure.gravatar.com\\\/avatar\\\/ccc17943b9d660506c869530f897617f7cb1c21a4bf30023f252596d83e1f007?s=96&d=mm&r=g\",\"url\":\"https:\\\/\\\/secure.gravatar.com\\\/avatar\\\/ccc17943b9d660506c869530f897617f7cb1c21a4bf30023f252596d83e1f007?s=96&d=mm&r=g\",\"contentUrl\":\"https:\\\/\\\/secure.gravatar.com\\\/avatar\\\/ccc17943b9d660506c869530f897617f7cb1c21a4bf30023f252596d83e1f007?s=96&d=mm&r=g\",\"caption\":\"admin\"},\"sameAs\":[\"https:\\\/\\\/kibrisdakik.com\"],\"url\":\"https:\\\/\\\/kibrisdakik.com\\\/?author=1\"}]}<\/script>\n<!-- \/ Yoast SEO plugin. -->","yoast_head_json":{"title":"Emine Erdo\u011fan Katar&#039;da \u0130slam Sanatlar\u0131 M\u00fczesi&#039;ni ziyaret etti -","robots":{"index":"index","follow":"follow","max-snippet":"max-snippet:-1","max-image-preview":"max-image-preview:large","max-video-preview":"max-video-preview:-1"},"canonical":"https:\/\/kibrisdakik.com\/?p=21019","og_locale":"tr_TR","og_type":"article","og_title":"Emine Erdo\u011fan Katar&#039;da \u0130slam Sanatlar\u0131 M\u00fczesi&#039;ni ziyaret etti -","og_description":"Cumhurba\u015fkan\u0131 Recep Tayyip Erdo\u011fan&#8217;\u0131n Katar ziyaretine e\u015flik eden e\u015fi Emine Erdo\u011fan, ba\u015fkent Doha&#8217;da \u0130slam Sanatlar\u0131 M\u00fczesi&#8217;ni ziyaret etti. Emine Erdo\u011fan, ziyarete ili\u015fkin sosyal medya hesab\u0131ndan yapt\u0131\u011f\u0131 payla\u015f\u0131mda, &#8220;Bir \u0130mparatorlu\u011fu \u015eekillendirmek: Safevi \u0130ran&#8217;\u0131ndan Tekstiller sergisini gezerek, eserler hakk\u0131nda bilgi ald\u0131m. Sergi, Safevi D\u00f6nemi \u0130ran&#8217;\u0131n\u0131n y\u00fckseli\u015fini \u015fekillendiren ipek kuma\u015f\u0131n\u0131n etkileyici yolculu\u011funu anlat\u0131yor. Her a\u015famas\u0131yla de\u011ferli ve nadide","og_url":"https:\/\/kibrisdakik.com\/?p=21019","article_published_time":"2023-12-04T20:24:34+00:00","og_image":[{"url":"https:\/\/www.aa.com.tr\/uploads\/userFiles\/e1e8523d-4106-45e0-98bd-20afb1e8805a\/2%2Fdb744617-efff-4b25-a39f-1beccd45f9be.jpg","type":"","width":"","height":""}],"author":"admin","twitter_card":"summary_large_image","twitter_misc":{"Yazan:":"admin"},"schema":{"@context":"https:\/\/schema.org","@graph":[{"@type":"Article","@id":"https:\/\/kibrisdakik.com\/?p=21019#article","isPartOf":{"@id":"https:\/\/kibrisdakik.com\/?p=21019"},"author":{"name":"admin","@id":"https:\/\/kibrisdakik.com\/#\/schema\/person\/9cd9d437bbb44f72b73ba127e06d8e79"},"headline":"Emine Erdo\u011fan Katar&#039;da \u0130slam Sanatlar\u0131 M\u00fczesi&#039;ni ziyaret etti","datePublished":"2023-12-04T20:24:34+00:00","mainEntityOfPage":{"@id":"https:\/\/kibrisdakik.com\/?p=21019"},"wordCount":108,"commentCount":0,"image":{"@id":"https:\/\/kibrisdakik.com\/?p=21019#primaryimage"},"thumbnailUrl":"https:\/\/www.aa.com.tr\/uploads\/userFiles\/e1e8523d-4106-45e0-98bd-20afb1e8805a\/2%2Fdb744617-efff-4b25-a39f-1beccd45f9be.jpg","articleSection":["Spor"],"inLanguage":"tr","potentialAction":[{"@type":"CommentAction","name":"Comment","target":["https:\/\/kibrisdakik.com\/?p=21019#respond"]}]},{"@type":"WebPage","@id":"https:\/\/kibrisdakik.com\/?p=21019","url":"https:\/\/kibrisdakik.com\/?p=21019","name":"Emine Erdo\u011fan Katar&#039;da \u0130slam Sanatlar\u0131 M\u00fczesi&#039;ni ziyaret etti -","isPartOf":{"@id":"https:\/\/kibrisdakik.com\/#website"},"primaryImageOfPage":{"@id":"https:\/\/kibrisdakik.com\/?p=21019#primaryimage"},"image":{"@id":"https:\/\/kibrisdakik.com\/?p=21019#primaryimage"},"thumbnailUrl":"https:\/\/www.aa.com.tr\/uploads\/userFiles\/e1e8523d-4106-45e0-98bd-20afb1e8805a\/2%2Fdb744617-efff-4b25-a39f-1beccd45f9be.jpg","datePublished":"2023-12-04T20:24:34+00:00","author":{"@id":"https:\/\/kibrisdakik.com\/#\/schema\/person\/9cd9d437bbb44f72b73ba127e06d8e79"},"breadcrumb":{"@id":"https:\/\/kibrisdakik.com\/?p=21019#breadcrumb"},"inLanguage":"tr","potentialAction":[{"@type":"ReadAction","target":["https:\/\/kibrisdakik.com\/?p=21019"]}]},{"@type":"ImageObject","inLanguage":"tr","@id":"https:\/\/kibrisdakik.com\/?p=21019#primaryimage","url":"https:\/\/www.aa.com.tr\/uploads\/userFiles\/e1e8523d-4106-45e0-98bd-20afb1e8805a\/2%2Fdb744617-efff-4b25-a39f-1beccd45f9be.jpg","contentUrl":"https:\/\/www.aa.com.tr\/uploads\/userFiles\/e1e8523d-4106-45e0-98bd-20afb1e8805a\/2%2Fdb744617-efff-4b25-a39f-1beccd45f9be.jpg"},{"@type":"BreadcrumbList","@id":"https:\/\/kibrisdakik.com\/?p=21019#breadcrumb","itemListElement":[{"@type":"ListItem","position":1,"name":"Home","item":"https:\/\/kibrisdakik.com\/"},{"@type":"ListItem","position":2,"name":"Emine Erdo\u011fan Katar&#039;da \u0130slam Sanatlar\u0131 M\u00fczesi&#039;ni ziyaret etti"}]},{"@type":"WebSite","@id":"https:\/\/kibrisdakik.com\/#website","url":"https:\/\/kibrisdakik.com\/","name":"","description":"Tam vaktinde haber","potentialAction":[{"@type":"SearchAction","target":{"@type":"EntryPoint","urlTemplate":"https:\/\/kibrisdakik.com\/?s={search_term_string}"},"query-input":{"@type":"PropertyValueSpecification","valueRequired":true,"valueName":"search_term_string"}}],"inLanguage":"tr"},{"@type":"Person","@id":"https:\/\/kibrisdakik.com\/#\/schema\/person\/9cd9d437bbb44f72b73ba127e06d8e79","name":"admin","image":{"@type":"ImageObject","inLanguage":"tr","@id":"https:\/\/secure.gravatar.com\/avatar\/ccc17943b9d660506c869530f897617f7cb1c21a4bf30023f252596d83e1f007?s=96&d=mm&r=g","url":"https:\/\/secure.gravatar.com\/avatar\/ccc17943b9d660506c869530f897617f7cb1c21a4bf30023f252596d83e1f007?s=96&d=mm&r=g","contentUrl":"https:\/\/secure.gravatar.com\/avatar\/ccc17943b9d660506c869530f897617f7cb1c21a4bf30023f252596d83e1f007?s=96&d=mm&r=g","caption":"admin"},"sameAs":["https:\/\/kibrisdakik.com"],"url":"https:\/\/kibrisdakik.com\/?author=1"}]}},"_links":{"self":[{"href":"https:\/\/kibrisdakik.com\/index.php?rest_route=\/wp\/v2\/posts\/21019","targetHints":{"allow":["GET"]}}],"collection":[{"href":"https:\/\/kibrisdakik.com\/index.php?rest_route=\/wp\/v2\/posts"}],"about":[{"href":"https:\/\/kibrisdakik.com\/index.php?rest_route=\/wp\/v2\/types\/post"}],"author":[{"embeddable":true,"href":"https:\/\/kibrisdakik.com\/index.php?rest_route=\/wp\/v2\/users\/1"}],"replies":[{"embeddable":true,"href":"https:\/\/kibrisdakik.com\/index.php?rest_route=%2Fwp%2Fv2%2Fcomments&post=21019"}],"version-history":[{"count":0,"href":"https:\/\/kibrisdakik.com\/index.php?rest_route=\/wp\/v2\/posts\/21019\/revisions"}],"wp:attachment":[{"href":"https:\/\/kibrisdakik.com\/index.php?rest_route=%2Fwp%2Fv2%2Fmedia&parent=21019"}],"wp:term":[{"taxonomy":"category","embeddable":true,"href":"https:\/\/kibrisdakik.com\/index.php?rest_route=%2Fwp%2Fv2%2Fcategories&post=21019"},{"taxonomy":"post_tag","embeddable":true,"href":"https:\/\/kibrisdakik.com\/index.php?rest_route=%2Fwp%2Fv2%2Ftags&post=21019"}],"curies":[{"name":"wp","href":"https:\/\/api.w.org\/{rel}","templated":true}]}}