{"id":21022,"date":"2023-12-04T21:15:03","date_gmt":"2023-12-04T21:15:03","guid":{"rendered":"https:\/\/kibrisdakik.com\/index.php\/2023\/12\/04\/ab-yuksek-temsilcisi-borrell-gazzede-olanlari-katliam-olarak-niteledi\/"},"modified":"2023-12-04T21:15:03","modified_gmt":"2023-12-04T21:15:03","slug":"ab-yuksek-temsilcisi-borrell-gazzede-olanlari-katliam-olarak-niteledi","status":"publish","type":"post","link":"https:\/\/kibrisdakik.com\/?p=21022","title":{"rendered":"AB Y\u00fcksek Temsilcisi Borrell, Gazze&#039;de olanlar\u0131 &quot;katliam&quot; olarak niteledi"},"content":{"rendered":"<p><img decoding=\"async\" src=\"https:\/\/www.kibristurk.com\/images\/haberler\/2023\/12\/ab-yuksek-temsilcisi-borrell-gazzede-olanlari-katliam-olarak-niteledi-1701722106.webp\" \/><\/p>\n<p>Br\u00fcksel&#8217;de d\u00fczenlenen 25&#8217;inci \u0130nsan Haklar\u0131 Forumu&#8217;nda konu\u015fan Borrell, Gazze&#8217;deki duruma de\u011finerek &#8220;\u0130srail&#8217;in kendini savunmaya hakk\u0131 olsa da bu kadar sivil kay\u0131p verilmesini kimse kabul edemez.&#8221; dedi.<\/p>\n<p>Borrell, &#8220;7 Ekim&#8217;deki Hamas sald\u0131r\u0131s\u0131n\u0131n katliam oldu\u011funu ancak \u0130srail&#8217;in Gazze&#8217;deki eylemlerinin de katliam oldu\u011funu&#8221; belirterek, &#8220;Bir deh\u015fet di\u011ferini hakl\u0131 \u00e7\u0131karmaz.&#8221; s\u00f6ylemini yineledi.<\/p>\n<p>&#8220;Ka\u00e7 kurban var? Kimse bilmiyor. 15 bin deniliyor ama belki de y\u0131k\u0131nt\u0131lar\u0131n alt\u0131nda \u00e7ok daha fazlas\u0131 var.&#8221; diyen Borrell, uluslararas\u0131 camian\u0131n gitgide daha fazla ses \u00e7\u0131kard\u0131\u011f\u0131n\u0131 ve bu deh\u015fetin durdurulmas\u0131n\u0131 istedi\u011fini belirtti.<\/p>\n<p>Borrell, antisemitik olmadan \u0130srail&#8217;i ele\u015ftirmenin m\u00fcmk\u00fcn olmas\u0131 gerekti\u011fini kaydederek, &#8220;\u0130srail devletinin varl\u0131\u011f\u0131na kar\u015f\u0131 \u00e7\u0131kmadan iki devletli \u00e7\u00f6z\u00fcm\u00fc savunma hakk\u0131na sahip olmay\u0131 istiyorum.&#8221; ifadelerini kulland\u0131.<\/p>\n<p>AB Y\u00fcksek Temsilcisi, Bat\u0131 \u015eeria&#8217;daki yasa d\u0131\u015f\u0131 yerle\u015fimlerin ve Filistinlilere y\u00f6nelik \u015fiddetin durmas\u0131 gerekti\u011fi mesaj\u0131n\u0131 yineledi.<\/p>\n<h3>\u0130srail&#8217;in Gazze&#8217;yi i\u015fgalinde son durum<\/h3>\n<p>Hamas&#8217;\u0131n silahl\u0131 kanad\u0131 \u0130zzeddin el-Kassam Tugaylar\u0131, 7 Ekim sabah\u0131, \u0130srail&#8217;in &#8220;Filistinlilere ve ba\u015fta Mescid-i Aksa olmak \u00fczere kutsal de\u011ferlerine y\u00f6nelik s\u00fcrekli ihlallerine kar\u015f\u0131l\u0131k verme&#8221; gerek\u00e7esiyle kapsaml\u0131 sald\u0131r\u0131 d\u00fczenlerken \u0130srail ordusu da Gazze \u015eeridi&#8217;ne yo\u011fun hava bombard\u0131man\u0131 ba\u015flatt\u0131.<\/p>\n<p>\u0130srail\u2019de 7 Ekim\u2019deki sald\u0131r\u0131larda 310&#8217;dan fazlas\u0131 asker olmak \u00fczere 1200 \u0130sraillinin \u00f6ld\u00fc\u011f\u00fc, 5 bin 132 ki\u015finin yaraland\u0131\u011f\u0131 duyuruldu. \u0130srail ordusuna g\u00f6re, Gazze \u015eeridi&#8217;ne d\u00fczenlenen kara sald\u0131r\u0131lar\u0131nda 75, L\u00fcbnan s\u0131n\u0131r\u0131nda ise 6 \u0130srail askeri \u00f6ld\u00fcr\u00fcld\u00fc.<\/p>\n<p>Gazze\u2019deki h\u00fck\u00fcmete g\u00f6re, 7 Ekim&#8217;den bu yana Gazze \u015eeridi\u2019nde \u0130srail sald\u0131r\u0131lar\u0131nda \u00f6ld\u00fcr\u00fclen Filistinlilerin say\u0131s\u0131 6 bin 150&#8217;den fazlas\u0131 \u00e7ocuk ve 4 binden fazlas\u0131 kad\u0131n olmak \u00fczere 15 bin 899\u2019a y\u00fckseldi.<\/p>\n<p>\u0130\u015fgal alt\u0131ndaki Bat\u0131 \u015eeria ve Kud\u00fcs\u2019te de 7 Ekim&#8217;den bu yana \u0130srail g\u00fc\u00e7leri ve Yahudi yerle\u015fimcilerin sald\u0131r\u0131lar\u0131nda 259 Filistinli hayat\u0131n\u0131 kaybetti.<\/p>\n<p>\u0130srail ordusu, Gazze&#8217;de on binlerce yaral\u0131 ile sivilin s\u0131\u011f\u0131nd\u0131\u011f\u0131 onlarca hastaneyi zorla tahliye ettirmek i\u00e7in yerle\u015fkelerini ya da ana binalar\u0131n\u0131 vurdu, i\u015fgal s\u0131ras\u0131nda baz\u0131 hastaneleri bast\u0131.<\/p>\n<p>Sald\u0131r\u0131larda y\u00fczlerce ki\u015fi \u00f6ld\u00fc ve yaraland\u0131.<\/p>\n<p>\u0130srail ordusunun 8 Ekim&#8217;den bu yana L\u00fcbnan\u2019\u0131n g\u00fcneyine y\u00f6nelik sald\u0131r\u0131lar\u0131nda 22 sivil hayat\u0131n\u0131 kaybederken, Hizbullah ile s\u0131n\u0131rda girdi\u011fi \u00e7at\u0131\u015fmalarda ise 89 Hizbullah mensubu \u00f6ld\u00fc.<\/p>\n<h3>Hamas ile \u0130srail aras\u0131ndaki esir takas\u0131 mutabakat\u0131<\/h3>\n<p>\u0130srail ile Hamas aras\u0131ndaki \u00e7at\u0131\u015fmalara 4 g\u00fcn &#8220;insani ara&#8221; verilmesine ili\u015fkin uzla\u015fma, 24 Kas\u0131m Cuma g\u00fcn\u00fc saat 07.00&#8217;de (TS\u0130 08.00) uygulamaya girmi\u015f ve daha sonra 3 g\u00fcn daha uzat\u0131lm\u0131\u015ft\u0131.<\/p>\n<p>\u0130srail ile Hamas aras\u0131nda var\u0131lan esir takas\u0131 mutabakat\u0131 \u00e7er\u00e7evesinde Gazze \u015eeridi&#8217;nden 81 \u0130srailli esir, \u0130srail hapishanelerinden de 240 Filistinli esir serbest b\u0131rak\u0131ld\u0131.<\/p>\n<p>\u0130srail ordusu, 1 Aral\u0131k&#8217;ta &#8220;insani ara&#8221;n\u0131n bitmesinin hemen ard\u0131ndan Gazze \u015eeridi\u2019ne y\u00f6nelik sald\u0131r\u0131lar\u0131na yeniden ba\u015flad\u0131.<\/p>\n","protected":false},"excerpt":{"rendered":"<p>Br\u00fcksel&#8217;de d\u00fczenlenen 25&#8217;inci \u0130nsan Haklar\u0131 Forumu&#8217;nda konu\u015fan Borrell, Gazze&#8217;deki duruma de\u011finerek &#8220;\u0130srail&#8217;in kendini savunmaya hakk\u0131 olsa da bu kadar sivil kay\u0131p verilmesini kimse kabul edemez.&#8221; dedi. Borrell, &#8220;7 Ekim&#8217;deki Hamas sald\u0131r\u0131s\u0131n\u0131n katliam oldu\u011funu ancak \u0130srail&#8217;in Gazze&#8217;deki eylemlerinin de katliam oldu\u011funu&#8221; belirterek, &#8220;Bir deh\u015fet di\u011ferini hakl\u0131 \u00e7\u0131karmaz.&#8221; s\u00f6ylemini yineledi. &#8220;Ka\u00e7 kurban var? Kimse bilmiyor. 15 bin<\/p>\n","protected":false},"author":1,"featured_media":21023,"comment_status":"open","ping_status":"open","sticky":false,"template":"","format":"standard","meta":{"footnotes":""},"categories":[86],"tags":[],"class_list":["post-21022","post","type-post","status-publish","format-standard","has-post-thumbnail","hentry","category-turkiye"],"yoast_head":"<!-- This site is optimized with the Yoast SEO plugin v28.4 - https:\/\/yoast.com\/product\/yoast-seo-wordpress\/ -->\n<title>AB Y\u00fcksek Temsilcisi Borrell, Gazze&#039;de olanlar\u0131 &quot;katliam&quot; olarak niteledi -<\/title>\n<meta name=\"robots\" content=\"index, follow, max-snippet:-1, max-image-preview:large, max-video-preview:-1\" \/>\n<link rel=\"canonical\" href=\"https:\/\/kibrisdakik.com\/?p=21022\" \/>\n<meta property=\"og:locale\" content=\"tr_TR\" \/>\n<meta property=\"og:type\" content=\"article\" \/>\n<meta property=\"og:title\" content=\"AB Y\u00fcksek Temsilcisi Borrell, Gazze&#039;de olanlar\u0131 &quot;katliam&quot; olarak niteledi -\" \/>\n<meta property=\"og:description\" content=\"Br\u00fcksel&#8217;de d\u00fczenlenen 25&#8217;inci \u0130nsan Haklar\u0131 Forumu&#8217;nda konu\u015fan Borrell, Gazze&#8217;deki duruma de\u011finerek &#8220;\u0130srail&#8217;in kendini savunmaya hakk\u0131 olsa da bu kadar sivil kay\u0131p verilmesini kimse kabul edemez.&#8221; dedi. Borrell, &#8220;7 Ekim&#8217;deki Hamas sald\u0131r\u0131s\u0131n\u0131n katliam oldu\u011funu ancak \u0130srail&#8217;in Gazze&#8217;deki eylemlerinin de katliam oldu\u011funu&#8221; belirterek, &#8220;Bir deh\u015fet di\u011ferini hakl\u0131 \u00e7\u0131karmaz.&#8221; s\u00f6ylemini yineledi. &#8220;Ka\u00e7 kurban var? Kimse bilmiyor. 15 bin\" \/>\n<meta property=\"og:url\" content=\"https:\/\/kibrisdakik.com\/?p=21022\" \/>\n<meta property=\"article:published_time\" content=\"2023-12-04T21:15:03+00:00\" \/>\n<meta property=\"og:image\" content=\"https:\/\/kibrisdakik.com\/wp-content\/uploads\/2023\/12\/ab-yuksek-temsilcisi-borrell-gazzede-olanlari-katliam-olarak-niteledi-1701722106.webp.webp\" \/>\n\t<meta property=\"og:image:width\" content=\"710\" \/>\n\t<meta property=\"og:image:height\" content=\"370\" \/>\n\t<meta property=\"og:image:type\" content=\"image\/webp\" \/>\n<meta name=\"author\" content=\"admin\" \/>\n<meta name=\"twitter:card\" content=\"summary_large_image\" \/>\n<meta name=\"twitter:label1\" content=\"Yazan:\" \/>\n\t<meta name=\"twitter:data1\" content=\"admin\" \/>\n\t<meta name=\"twitter:label2\" content=\"Tahmini okuma s\u00fcresi\" \/>\n\t<meta name=\"twitter:data2\" content=\"2 dakika\" \/>\n<script type=\"application\/ld+json\" class=\"yoast-schema-graph\">{\"@context\":\"https:\\\/\\\/schema.org\",\"@graph\":[{\"@type\":\"Article\",\"@id\":\"https:\\\/\\\/kibrisdakik.com\\\/?p=21022#article\",\"isPartOf\":{\"@id\":\"https:\\\/\\\/kibrisdakik.com\\\/?p=21022\"},\"author\":{\"name\":\"admin\",\"@id\":\"https:\\\/\\\/kibrisdakik.com\\\/#\\\/schema\\\/person\\\/9cd9d437bbb44f72b73ba127e06d8e79\"},\"headline\":\"AB Y\u00fcksek Temsilcisi Borrell, Gazze&#039;de olanlar\u0131 &quot;katliam&quot; olarak niteledi\",\"datePublished\":\"2023-12-04T21:15:03+00:00\",\"mainEntityOfPage\":{\"@id\":\"https:\\\/\\\/kibrisdakik.com\\\/?p=21022\"},\"wordCount\":521,\"commentCount\":0,\"publisher\":{\"@id\":\"https:\\\/\\\/kibrisdakik.com\\\/#organization\"},\"image\":{\"@id\":\"https:\\\/\\\/kibrisdakik.com\\\/?p=21022#primaryimage\"},\"thumbnailUrl\":\"https:\\\/\\\/kibrisdakik.com\\\/wp-content\\\/uploads\\\/2023\\\/12\\\/ab-yuksek-temsilcisi-borrell-gazzede-olanlari-katliam-olarak-niteledi-1701722106.webp.webp\",\"articleSection\":[\"T\u00fcrkiye\"],\"inLanguage\":\"tr\",\"potentialAction\":[{\"@type\":\"CommentAction\",\"name\":\"Comment\",\"target\":[\"https:\\\/\\\/kibrisdakik.com\\\/?p=21022#respond\"]}]},{\"@type\":\"WebPage\",\"@id\":\"https:\\\/\\\/kibrisdakik.com\\\/?p=21022\",\"url\":\"https:\\\/\\\/kibrisdakik.com\\\/?p=21022\",\"name\":\"AB Y\u00fcksek Temsilcisi Borrell, Gazze&#039;de olanlar\u0131 &quot;katliam&quot; olarak niteledi -\",\"isPartOf\":{\"@id\":\"https:\\\/\\\/kibrisdakik.com\\\/#website\"},\"primaryImageOfPage\":{\"@id\":\"https:\\\/\\\/kibrisdakik.com\\\/?p=21022#primaryimage\"},\"image\":{\"@id\":\"https:\\\/\\\/kibrisdakik.com\\\/?p=21022#primaryimage\"},\"thumbnailUrl\":\"https:\\\/\\\/kibrisdakik.com\\\/wp-content\\\/uploads\\\/2023\\\/12\\\/ab-yuksek-temsilcisi-borrell-gazzede-olanlari-katliam-olarak-niteledi-1701722106.webp.webp\",\"datePublished\":\"2023-12-04T21:15:03+00:00\",\"breadcrumb\":{\"@id\":\"https:\\\/\\\/kibrisdakik.com\\\/?p=21022#breadcrumb\"},\"inLanguage\":\"tr\",\"potentialAction\":[{\"@type\":\"ReadAction\",\"target\":[\"https:\\\/\\\/kibrisdakik.com\\\/?p=21022\"]}]},{\"@type\":\"ImageObject\",\"inLanguage\":\"tr\",\"@id\":\"https:\\\/\\\/kibrisdakik.com\\\/?p=21022#primaryimage\",\"url\":\"https:\\\/\\\/kibrisdakik.com\\\/wp-content\\\/uploads\\\/2023\\\/12\\\/ab-yuksek-temsilcisi-borrell-gazzede-olanlari-katliam-olarak-niteledi-1701722106.webp.webp\",\"contentUrl\":\"https:\\\/\\\/kibrisdakik.com\\\/wp-content\\\/uploads\\\/2023\\\/12\\\/ab-yuksek-temsilcisi-borrell-gazzede-olanlari-katliam-olarak-niteledi-1701722106.webp.webp\",\"width\":710,\"height\":370},{\"@type\":\"BreadcrumbList\",\"@id\":\"https:\\\/\\\/kibrisdakik.com\\\/?p=21022#breadcrumb\",\"itemListElement\":[{\"@type\":\"ListItem\",\"position\":1,\"name\":\"Home\",\"item\":\"https:\\\/\\\/kibrisdakik.com\\\/\"},{\"@type\":\"ListItem\",\"position\":2,\"name\":\"AB Y\u00fcksek Temsilcisi Borrell, Gazze&#039;de olanlar\u0131 &quot;katliam&quot; olarak niteledi\"}]},{\"@type\":\"WebSite\",\"@id\":\"https:\\\/\\\/kibrisdakik.com\\\/#website\",\"url\":\"https:\\\/\\\/kibrisdakik.com\\\/\",\"name\":\"K\u0131br\u0131s Dakik\",\"description\":\"Tam vaktinde haber\",\"publisher\":{\"@id\":\"https:\\\/\\\/kibrisdakik.com\\\/#organization\"},\"potentialAction\":[{\"@type\":\"SearchAction\",\"target\":{\"@type\":\"EntryPoint\",\"urlTemplate\":\"https:\\\/\\\/kibrisdakik.com\\\/?s={search_term_string}\"},\"query-input\":{\"@type\":\"PropertyValueSpecification\",\"valueRequired\":true,\"valueName\":\"search_term_string\"}}],\"inLanguage\":\"tr\"},{\"@type\":\"Organization\",\"@id\":\"https:\\\/\\\/kibrisdakik.com\\\/#organization\",\"name\":\"K\u0131br\u0131s Dakik\",\"url\":\"https:\\\/\\\/kibrisdakik.com\\\/\",\"logo\":{\"@type\":\"ImageObject\",\"inLanguage\":\"tr\",\"@id\":\"https:\\\/\\\/kibrisdakik.com\\\/#\\\/schema\\\/logo\\\/image\\\/\",\"url\":\"https:\\\/\\\/kibrisdakik.com\\\/wp-content\\\/uploads\\\/2025\\\/10\\\/cropped-WhatsApp-Image-2025-10-02-at-12.58.31.jpeg\",\"contentUrl\":\"https:\\\/\\\/kibrisdakik.com\\\/wp-content\\\/uploads\\\/2025\\\/10\\\/cropped-WhatsApp-Image-2025-10-02-at-12.58.31.jpeg\",\"width\":1237,\"height\":190,\"caption\":\"K\u0131br\u0131s Dakik\"},\"image\":{\"@id\":\"https:\\\/\\\/kibrisdakik.com\\\/#\\\/schema\\\/logo\\\/image\\\/\"}},{\"@type\":\"Person\",\"@id\":\"https:\\\/\\\/kibrisdakik.com\\\/#\\\/schema\\\/person\\\/9cd9d437bbb44f72b73ba127e06d8e79\",\"name\":\"admin\",\"image\":{\"@type\":\"ImageObject\",\"inLanguage\":\"tr\",\"@id\":\"https:\\\/\\\/secure.gravatar.com\\\/avatar\\\/ccc17943b9d660506c869530f897617f7cb1c21a4bf30023f252596d83e1f007?s=96&d=mm&r=g\",\"url\":\"https:\\\/\\\/secure.gravatar.com\\\/avatar\\\/ccc17943b9d660506c869530f897617f7cb1c21a4bf30023f252596d83e1f007?s=96&d=mm&r=g\",\"contentUrl\":\"https:\\\/\\\/secure.gravatar.com\\\/avatar\\\/ccc17943b9d660506c869530f897617f7cb1c21a4bf30023f252596d83e1f007?s=96&d=mm&r=g\",\"caption\":\"admin\"},\"sameAs\":[\"https:\\\/\\\/kibrisdakik.com\"],\"url\":\"https:\\\/\\\/kibrisdakik.com\\\/?author=1\"}]}<\/script>\n<!-- \/ Yoast SEO plugin. -->","yoast_head_json":{"title":"AB Y\u00fcksek Temsilcisi Borrell, Gazze&#039;de olanlar\u0131 &quot;katliam&quot; olarak niteledi -","robots":{"index":"index","follow":"follow","max-snippet":"max-snippet:-1","max-image-preview":"max-image-preview:large","max-video-preview":"max-video-preview:-1"},"canonical":"https:\/\/kibrisdakik.com\/?p=21022","og_locale":"tr_TR","og_type":"article","og_title":"AB Y\u00fcksek Temsilcisi Borrell, Gazze&#039;de olanlar\u0131 &quot;katliam&quot; olarak niteledi -","og_description":"Br\u00fcksel&#8217;de d\u00fczenlenen 25&#8217;inci \u0130nsan Haklar\u0131 Forumu&#8217;nda konu\u015fan Borrell, Gazze&#8217;deki duruma de\u011finerek &#8220;\u0130srail&#8217;in kendini savunmaya hakk\u0131 olsa da bu kadar sivil kay\u0131p verilmesini kimse kabul edemez.&#8221; dedi. Borrell, &#8220;7 Ekim&#8217;deki Hamas sald\u0131r\u0131s\u0131n\u0131n katliam oldu\u011funu ancak \u0130srail&#8217;in Gazze&#8217;deki eylemlerinin de katliam oldu\u011funu&#8221; belirterek, &#8220;Bir deh\u015fet di\u011ferini hakl\u0131 \u00e7\u0131karmaz.&#8221; s\u00f6ylemini yineledi. &#8220;Ka\u00e7 kurban var? Kimse bilmiyor. 15 bin","og_url":"https:\/\/kibrisdakik.com\/?p=21022","article_published_time":"2023-12-04T21:15:03+00:00","og_image":[{"width":710,"height":370,"url":"https:\/\/kibrisdakik.com\/wp-content\/uploads\/2023\/12\/ab-yuksek-temsilcisi-borrell-gazzede-olanlari-katliam-olarak-niteledi-1701722106.webp.webp","type":"image\/webp"}],"author":"admin","twitter_card":"summary_large_image","twitter_misc":{"Yazan:":"admin","Tahmini okuma s\u00fcresi":"2 dakika"},"schema":{"@context":"https:\/\/schema.org","@graph":[{"@type":"Article","@id":"https:\/\/kibrisdakik.com\/?p=21022#article","isPartOf":{"@id":"https:\/\/kibrisdakik.com\/?p=21022"},"author":{"name":"admin","@id":"https:\/\/kibrisdakik.com\/#\/schema\/person\/9cd9d437bbb44f72b73ba127e06d8e79"},"headline":"AB Y\u00fcksek Temsilcisi Borrell, Gazze&#039;de olanlar\u0131 &quot;katliam&quot; olarak niteledi","datePublished":"2023-12-04T21:15:03+00:00","mainEntityOfPage":{"@id":"https:\/\/kibrisdakik.com\/?p=21022"},"wordCount":521,"commentCount":0,"publisher":{"@id":"https:\/\/kibrisdakik.com\/#organization"},"image":{"@id":"https:\/\/kibrisdakik.com\/?p=21022#primaryimage"},"thumbnailUrl":"https:\/\/kibrisdakik.com\/wp-content\/uploads\/2023\/12\/ab-yuksek-temsilcisi-borrell-gazzede-olanlari-katliam-olarak-niteledi-1701722106.webp.webp","articleSection":["T\u00fcrkiye"],"inLanguage":"tr","potentialAction":[{"@type":"CommentAction","name":"Comment","target":["https:\/\/kibrisdakik.com\/?p=21022#respond"]}]},{"@type":"WebPage","@id":"https:\/\/kibrisdakik.com\/?p=21022","url":"https:\/\/kibrisdakik.com\/?p=21022","name":"AB Y\u00fcksek Temsilcisi Borrell, Gazze&#039;de olanlar\u0131 &quot;katliam&quot; olarak niteledi -","isPartOf":{"@id":"https:\/\/kibrisdakik.com\/#website"},"primaryImageOfPage":{"@id":"https:\/\/kibrisdakik.com\/?p=21022#primaryimage"},"image":{"@id":"https:\/\/kibrisdakik.com\/?p=21022#primaryimage"},"thumbnailUrl":"https:\/\/kibrisdakik.com\/wp-content\/uploads\/2023\/12\/ab-yuksek-temsilcisi-borrell-gazzede-olanlari-katliam-olarak-niteledi-1701722106.webp.webp","datePublished":"2023-12-04T21:15:03+00:00","breadcrumb":{"@id":"https:\/\/kibrisdakik.com\/?p=21022#breadcrumb"},"inLanguage":"tr","potentialAction":[{"@type":"ReadAction","target":["https:\/\/kibrisdakik.com\/?p=21022"]}]},{"@type":"ImageObject","inLanguage":"tr","@id":"https:\/\/kibrisdakik.com\/?p=21022#primaryimage","url":"https:\/\/kibrisdakik.com\/wp-content\/uploads\/2023\/12\/ab-yuksek-temsilcisi-borrell-gazzede-olanlari-katliam-olarak-niteledi-1701722106.webp.webp","contentUrl":"https:\/\/kibrisdakik.com\/wp-content\/uploads\/2023\/12\/ab-yuksek-temsilcisi-borrell-gazzede-olanlari-katliam-olarak-niteledi-1701722106.webp.webp","width":710,"height":370},{"@type":"BreadcrumbList","@id":"https:\/\/kibrisdakik.com\/?p=21022#breadcrumb","itemListElement":[{"@type":"ListItem","position":1,"name":"Home","item":"https:\/\/kibrisdakik.com\/"},{"@type":"ListItem","position":2,"name":"AB Y\u00fcksek Temsilcisi Borrell, Gazze&#039;de olanlar\u0131 &quot;katliam&quot; olarak niteledi"}]},{"@type":"WebSite","@id":"https:\/\/kibrisdakik.com\/#website","url":"https:\/\/kibrisdakik.com\/","name":"K\u0131br\u0131s Dakik","description":"Tam vaktinde haber","publisher":{"@id":"https:\/\/kibrisdakik.com\/#organization"},"potentialAction":[{"@type":"SearchAction","target":{"@type":"EntryPoint","urlTemplate":"https:\/\/kibrisdakik.com\/?s={search_term_string}"},"query-input":{"@type":"PropertyValueSpecification","valueRequired":true,"valueName":"search_term_string"}}],"inLanguage":"tr"},{"@type":"Organization","@id":"https:\/\/kibrisdakik.com\/#organization","name":"K\u0131br\u0131s Dakik","url":"https:\/\/kibrisdakik.com\/","logo":{"@type":"ImageObject","inLanguage":"tr","@id":"https:\/\/kibrisdakik.com\/#\/schema\/logo\/image\/","url":"https:\/\/kibrisdakik.com\/wp-content\/uploads\/2025\/10\/cropped-WhatsApp-Image-2025-10-02-at-12.58.31.jpeg","contentUrl":"https:\/\/kibrisdakik.com\/wp-content\/uploads\/2025\/10\/cropped-WhatsApp-Image-2025-10-02-at-12.58.31.jpeg","width":1237,"height":190,"caption":"K\u0131br\u0131s Dakik"},"image":{"@id":"https:\/\/kibrisdakik.com\/#\/schema\/logo\/image\/"}},{"@type":"Person","@id":"https:\/\/kibrisdakik.com\/#\/schema\/person\/9cd9d437bbb44f72b73ba127e06d8e79","name":"admin","image":{"@type":"ImageObject","inLanguage":"tr","@id":"https:\/\/secure.gravatar.com\/avatar\/ccc17943b9d660506c869530f897617f7cb1c21a4bf30023f252596d83e1f007?s=96&d=mm&r=g","url":"https:\/\/secure.gravatar.com\/avatar\/ccc17943b9d660506c869530f897617f7cb1c21a4bf30023f252596d83e1f007?s=96&d=mm&r=g","contentUrl":"https:\/\/secure.gravatar.com\/avatar\/ccc17943b9d660506c869530f897617f7cb1c21a4bf30023f252596d83e1f007?s=96&d=mm&r=g","caption":"admin"},"sameAs":["https:\/\/kibrisdakik.com"],"url":"https:\/\/kibrisdakik.com\/?author=1"}]}},"_links":{"self":[{"href":"https:\/\/kibrisdakik.com\/index.php?rest_route=\/wp\/v2\/posts\/21022","targetHints":{"allow":["GET"]}}],"collection":[{"href":"https:\/\/kibrisdakik.com\/index.php?rest_route=\/wp\/v2\/posts"}],"about":[{"href":"https:\/\/kibrisdakik.com\/index.php?rest_route=\/wp\/v2\/types\/post"}],"author":[{"embeddable":true,"href":"https:\/\/kibrisdakik.com\/index.php?rest_route=\/wp\/v2\/users\/1"}],"replies":[{"embeddable":true,"href":"https:\/\/kibrisdakik.com\/index.php?rest_route=%2Fwp%2Fv2%2Fcomments&post=21022"}],"version-history":[{"count":0,"href":"https:\/\/kibrisdakik.com\/index.php?rest_route=\/wp\/v2\/posts\/21022\/revisions"}],"wp:featuredmedia":[{"embeddable":true,"href":"https:\/\/kibrisdakik.com\/index.php?rest_route=\/wp\/v2\/media\/21023"}],"wp:attachment":[{"href":"https:\/\/kibrisdakik.com\/index.php?rest_route=%2Fwp%2Fv2%2Fmedia&parent=21022"}],"wp:term":[{"taxonomy":"category","embeddable":true,"href":"https:\/\/kibrisdakik.com\/index.php?rest_route=%2Fwp%2Fv2%2Fcategories&post=21022"},{"taxonomy":"post_tag","embeddable":true,"href":"https:\/\/kibrisdakik.com\/index.php?rest_route=%2Fwp%2Fv2%2Ftags&post=21022"}],"curies":[{"name":"wp","href":"https:\/\/api.w.org\/{rel}","templated":true}]}}