{"id":21043,"date":"2023-12-05T07:28:39","date_gmt":"2023-12-05T07:28:39","guid":{"rendered":"https:\/\/kibrisdakik.com\/index.php\/2023\/12\/05\/alisana-yogun-ilgi\/"},"modified":"2023-12-05T07:28:39","modified_gmt":"2023-12-05T07:28:39","slug":"alisana-yogun-ilgi","status":"publish","type":"post","link":"https:\/\/kibrisdakik.com\/?p=21043","title":{"rendered":"Ali\u015fan&#039;a yo\u011fun ilgi \u00a0"},"content":{"rendered":"<p><img decoding=\"async\" src=\"https:\/\/www.kibristurk.com\/images\/haberler\/2023\/12\/alisana-yogun-ilgi-1701754924.webp\" \/><\/p>\n<p>\u015eark\u0131c\u0131 Ali\u015fan \u00f6nceki ak\u015fam K\u0131br\u0131s Girne&#8217;deki Chamada Prestige Hotel&#8217;de sahne ald\u0131. 1500 ki\u015finin takip etti\u011fi konserde Ali\u015fan, sevilen \u015fark\u0131lar\u0131n\u0131 K\u0131br\u0131sl\u0131lar ile hep bir a\u011f\u0131zdan s\u00f6yledi.<\/p>\n<p>Sahne \u00f6ncesi bas\u0131n mensuplar\u0131n\u0131n sorular\u0131n\u0131 yan\u0131tlayan \u015fark\u0131c\u0131ya ilk olarak 2023 y\u0131l\u0131n\u0131n kendisi i\u00e7in nas\u0131l ge\u00e7ti\u011fi ve yeni y\u0131ldan beklentileri soruldu. Ali\u015fan, &#8221; Benim i\u00e7in 2021 y\u0131l\u0131ndan sonras\u0131 \u00e7okta \u00f6zel de\u011fil. \u00d6nemli olan ailemin, benim, arkada\u015flar\u0131m sa\u011fl\u0131\u011f\u0131 yerindeyse benim i\u00e7in en \u00f6nemlisi odur. Biliyorsunuz Filistin&#8217;de 1.5 ayd\u0131r s\u00fcren bir i\u015fgal var. E\u011fer oradaki kan, sava\u015f, i\u015fgal onun da bir \u00f6nce son bulmas\u0131n\u0131 diliyorum. &#8221; dedi.&nbsp;<\/p>\n<p>Ceylan&#8217;la d\u00fcet geliyor.&nbsp;<\/p>\n<p>Repartuar\u0131nda sahne i\u00e7in kendi \u015fark\u0131lar\u0131n\u0131n yan\u0131 s\u0131ra bir \u00e7ok \u015fark\u0131ya yer veren Ali\u015fan, &#8221; Seyirciyi \u00e7ok g\u00fczel bir sahne bekliyor. Hem slow, hep hareketli \u015fark\u0131lar\u0131m\u0131z var&#8221; derken yeni bir d\u00fcet haz\u0131rl\u0131\u011f\u0131nda bahsetti. T\u00fcrk\u00fcc\u00fc Ceylan ile bir \u015fark\u0131 okudu\u011fu s\u00f6yleyen Ali\u015fan, &#8220;Ceylan ile harika bir d\u00fcet yapt\u0131k. \u015eark\u0131y\u0131 okuduk, bir tek klip kald\u0131. Onu da haftaya \u00e7ekece\u011fiz.&#8221; \u015feklinde konu\u015ftu.<\/p>\n<p>\u00dcnl\u00fc bir \u015fark\u0131c\u0131 param\u0131 \u00e7ald\u0131<\/p>\n<p>&nbsp;K\u0131br\u0131s sahnelerinde kendisine s\u0131k s\u0131k e\u015flik eden e\u015fi Buse Varol, dizi \u00e7ekimleri oldu\u011fu i\u00e7in gelmedi\u011fini belirten Al\u0131\u015fan&#8217;a &#8220;Ge\u00e7ti\u011fimiz g\u00fcnlerde bir \u00e7ok ki\u015finin doland\u0131r\u0131ld\u0131\u011f\u0131 haberi \u00e7\u0131kt\u0131. Sizinde ba\u015f\u0131n\u0131za b\u00f6yle \u015feyler geldimi?&#8221;sorusu y\u00f6neltildi. \u015eark\u0131c\u0131, ben \u00f6yle fon falan i\u015flerinden anlamam. B\u00f6yle \u015feylere para yat\u0131rmad\u0131m ama daha \u00f6nce sahneye \u00e7\u0131k\u0131\u015fta param\u0131 alamad\u0131\u011f\u0131m \u00e7ok oldu. Doland\u0131r\u0131ld\u0131\u011f\u0131m oldu. Hatta \u00fcnl\u00fc bir \u015fark\u0131c\u0131 arkada\u015f benim yerime konser paras\u0131n\u0131 alm\u0131\u015f. Bana konser ba\u011flam\u0131\u015flard\u0131 bundan yedi, sekiz y\u0131l \u00f6nce tam u\u00e7arken yani o gidece\u011fim yere u\u00e7arken konser paras\u0131 ondayd\u0131 alacakt\u0131k. Konser paras\u0131 bende u\u00e7a\u011fa binmeden yolluyorum dedi. Sonra bir daha ula\u015famad\u0131k.&#8221;<\/p>\n","protected":false},"excerpt":{"rendered":"<p>\u015eark\u0131c\u0131 Ali\u015fan \u00f6nceki ak\u015fam K\u0131br\u0131s Girne&#8217;deki Chamada Prestige Hotel&#8217;de sahne ald\u0131. 1500 ki\u015finin takip etti\u011fi konserde Ali\u015fan, sevilen \u015fark\u0131lar\u0131n\u0131 K\u0131br\u0131sl\u0131lar ile hep bir a\u011f\u0131zdan s\u00f6yledi. Sahne \u00f6ncesi bas\u0131n mensuplar\u0131n\u0131n sorular\u0131n\u0131 yan\u0131tlayan \u015fark\u0131c\u0131ya ilk olarak 2023 y\u0131l\u0131n\u0131n kendisi i\u00e7in nas\u0131l ge\u00e7ti\u011fi ve yeni y\u0131ldan beklentileri soruldu. Ali\u015fan, &#8221; Benim i\u00e7in 2021 y\u0131l\u0131ndan sonras\u0131 \u00e7okta \u00f6zel de\u011fil.<\/p>\n","protected":false},"author":1,"featured_media":21044,"comment_status":"open","ping_status":"open","sticky":false,"template":"","format":"standard","meta":{"footnotes":""},"categories":[1],"tags":[],"class_list":["post-21043","post","type-post","status-publish","format-standard","has-post-thumbnail","hentry","category-gundem"],"yoast_head":"<!-- This site is optimized with the Yoast SEO plugin v27.4 - https:\/\/yoast.com\/product\/yoast-seo-wordpress\/ -->\n<title>Ali\u015fan&#039;a yo\u011fun ilgi \u00a0 -<\/title>\n<meta name=\"robots\" content=\"index, follow, max-snippet:-1, max-image-preview:large, max-video-preview:-1\" \/>\n<link rel=\"canonical\" href=\"https:\/\/kibrisdakik.com\/?p=21043\" \/>\n<meta property=\"og:locale\" content=\"tr_TR\" \/>\n<meta property=\"og:type\" content=\"article\" \/>\n<meta property=\"og:title\" content=\"Ali\u015fan&#039;a yo\u011fun ilgi \u00a0 -\" \/>\n<meta property=\"og:description\" content=\"\u015eark\u0131c\u0131 Ali\u015fan \u00f6nceki ak\u015fam K\u0131br\u0131s Girne&#8217;deki Chamada Prestige Hotel&#8217;de sahne ald\u0131. 1500 ki\u015finin takip etti\u011fi konserde Ali\u015fan, sevilen \u015fark\u0131lar\u0131n\u0131 K\u0131br\u0131sl\u0131lar ile hep bir a\u011f\u0131zdan s\u00f6yledi. Sahne \u00f6ncesi bas\u0131n mensuplar\u0131n\u0131n sorular\u0131n\u0131 yan\u0131tlayan \u015fark\u0131c\u0131ya ilk olarak 2023 y\u0131l\u0131n\u0131n kendisi i\u00e7in nas\u0131l ge\u00e7ti\u011fi ve yeni y\u0131ldan beklentileri soruldu. Ali\u015fan, &#8221; Benim i\u00e7in 2021 y\u0131l\u0131ndan sonras\u0131 \u00e7okta \u00f6zel de\u011fil.\" \/>\n<meta property=\"og:url\" content=\"https:\/\/kibrisdakik.com\/?p=21043\" \/>\n<meta property=\"article:published_time\" content=\"2023-12-05T07:28:39+00:00\" \/>\n<meta property=\"og:image\" content=\"https:\/\/kibrisdakik.com\/wp-content\/uploads\/2023\/12\/alisana-yogun-ilgi-1701754924.webp.webp\" \/>\n\t<meta property=\"og:image:width\" content=\"710\" \/>\n\t<meta property=\"og:image:height\" content=\"370\" \/>\n\t<meta property=\"og:image:type\" content=\"image\/webp\" \/>\n<meta name=\"author\" content=\"admin\" \/>\n<meta name=\"twitter:card\" content=\"summary_large_image\" \/>\n<meta name=\"twitter:label1\" content=\"Yazan:\" \/>\n\t<meta name=\"twitter:data1\" content=\"admin\" \/>\n\t<meta name=\"twitter:label2\" content=\"Tahmini okuma s\u00fcresi\" \/>\n\t<meta name=\"twitter:data2\" content=\"2 dakika\" \/>\n<script type=\"application\/ld+json\" class=\"yoast-schema-graph\">{\"@context\":\"https:\\\/\\\/schema.org\",\"@graph\":[{\"@type\":\"Article\",\"@id\":\"https:\\\/\\\/kibrisdakik.com\\\/?p=21043#article\",\"isPartOf\":{\"@id\":\"https:\\\/\\\/kibrisdakik.com\\\/?p=21043\"},\"author\":{\"name\":\"admin\",\"@id\":\"https:\\\/\\\/kibrisdakik.com\\\/#\\\/schema\\\/person\\\/9cd9d437bbb44f72b73ba127e06d8e79\"},\"headline\":\"Ali\u015fan&#039;a yo\u011fun ilgi \u00a0\",\"datePublished\":\"2023-12-05T07:28:39+00:00\",\"mainEntityOfPage\":{\"@id\":\"https:\\\/\\\/kibrisdakik.com\\\/?p=21043\"},\"wordCount\":366,\"commentCount\":0,\"image\":{\"@id\":\"https:\\\/\\\/kibrisdakik.com\\\/?p=21043#primaryimage\"},\"thumbnailUrl\":\"https:\\\/\\\/kibrisdakik.com\\\/wp-content\\\/uploads\\\/2023\\\/12\\\/alisana-yogun-ilgi-1701754924.webp.webp\",\"articleSection\":[\"G\u00fcndem\"],\"inLanguage\":\"tr\",\"potentialAction\":[{\"@type\":\"CommentAction\",\"name\":\"Comment\",\"target\":[\"https:\\\/\\\/kibrisdakik.com\\\/?p=21043#respond\"]}]},{\"@type\":\"WebPage\",\"@id\":\"https:\\\/\\\/kibrisdakik.com\\\/?p=21043\",\"url\":\"https:\\\/\\\/kibrisdakik.com\\\/?p=21043\",\"name\":\"Ali\u015fan&#039;a yo\u011fun ilgi \u00a0 -\",\"isPartOf\":{\"@id\":\"https:\\\/\\\/kibrisdakik.com\\\/#website\"},\"primaryImageOfPage\":{\"@id\":\"https:\\\/\\\/kibrisdakik.com\\\/?p=21043#primaryimage\"},\"image\":{\"@id\":\"https:\\\/\\\/kibrisdakik.com\\\/?p=21043#primaryimage\"},\"thumbnailUrl\":\"https:\\\/\\\/kibrisdakik.com\\\/wp-content\\\/uploads\\\/2023\\\/12\\\/alisana-yogun-ilgi-1701754924.webp.webp\",\"datePublished\":\"2023-12-05T07:28:39+00:00\",\"author\":{\"@id\":\"https:\\\/\\\/kibrisdakik.com\\\/#\\\/schema\\\/person\\\/9cd9d437bbb44f72b73ba127e06d8e79\"},\"breadcrumb\":{\"@id\":\"https:\\\/\\\/kibrisdakik.com\\\/?p=21043#breadcrumb\"},\"inLanguage\":\"tr\",\"potentialAction\":[{\"@type\":\"ReadAction\",\"target\":[\"https:\\\/\\\/kibrisdakik.com\\\/?p=21043\"]}]},{\"@type\":\"ImageObject\",\"inLanguage\":\"tr\",\"@id\":\"https:\\\/\\\/kibrisdakik.com\\\/?p=21043#primaryimage\",\"url\":\"https:\\\/\\\/kibrisdakik.com\\\/wp-content\\\/uploads\\\/2023\\\/12\\\/alisana-yogun-ilgi-1701754924.webp.webp\",\"contentUrl\":\"https:\\\/\\\/kibrisdakik.com\\\/wp-content\\\/uploads\\\/2023\\\/12\\\/alisana-yogun-ilgi-1701754924.webp.webp\",\"width\":710,\"height\":370},{\"@type\":\"BreadcrumbList\",\"@id\":\"https:\\\/\\\/kibrisdakik.com\\\/?p=21043#breadcrumb\",\"itemListElement\":[{\"@type\":\"ListItem\",\"position\":1,\"name\":\"Home\",\"item\":\"https:\\\/\\\/kibrisdakik.com\\\/\"},{\"@type\":\"ListItem\",\"position\":2,\"name\":\"Ali\u015fan&#039;a yo\u011fun ilgi \u00a0\"}]},{\"@type\":\"WebSite\",\"@id\":\"https:\\\/\\\/kibrisdakik.com\\\/#website\",\"url\":\"https:\\\/\\\/kibrisdakik.com\\\/\",\"name\":\"\",\"description\":\"Tam vaktinde haber\",\"potentialAction\":[{\"@type\":\"SearchAction\",\"target\":{\"@type\":\"EntryPoint\",\"urlTemplate\":\"https:\\\/\\\/kibrisdakik.com\\\/?s={search_term_string}\"},\"query-input\":{\"@type\":\"PropertyValueSpecification\",\"valueRequired\":true,\"valueName\":\"search_term_string\"}}],\"inLanguage\":\"tr\"},{\"@type\":\"Person\",\"@id\":\"https:\\\/\\\/kibrisdakik.com\\\/#\\\/schema\\\/person\\\/9cd9d437bbb44f72b73ba127e06d8e79\",\"name\":\"admin\",\"image\":{\"@type\":\"ImageObject\",\"inLanguage\":\"tr\",\"@id\":\"https:\\\/\\\/secure.gravatar.com\\\/avatar\\\/ccc17943b9d660506c869530f897617f7cb1c21a4bf30023f252596d83e1f007?s=96&d=mm&r=g\",\"url\":\"https:\\\/\\\/secure.gravatar.com\\\/avatar\\\/ccc17943b9d660506c869530f897617f7cb1c21a4bf30023f252596d83e1f007?s=96&d=mm&r=g\",\"contentUrl\":\"https:\\\/\\\/secure.gravatar.com\\\/avatar\\\/ccc17943b9d660506c869530f897617f7cb1c21a4bf30023f252596d83e1f007?s=96&d=mm&r=g\",\"caption\":\"admin\"},\"sameAs\":[\"https:\\\/\\\/kibrisdakik.com\"],\"url\":\"https:\\\/\\\/kibrisdakik.com\\\/?author=1\"}]}<\/script>\n<!-- \/ Yoast SEO plugin. -->","yoast_head_json":{"title":"Ali\u015fan&#039;a yo\u011fun ilgi \u00a0 -","robots":{"index":"index","follow":"follow","max-snippet":"max-snippet:-1","max-image-preview":"max-image-preview:large","max-video-preview":"max-video-preview:-1"},"canonical":"https:\/\/kibrisdakik.com\/?p=21043","og_locale":"tr_TR","og_type":"article","og_title":"Ali\u015fan&#039;a yo\u011fun ilgi \u00a0 -","og_description":"\u015eark\u0131c\u0131 Ali\u015fan \u00f6nceki ak\u015fam K\u0131br\u0131s Girne&#8217;deki Chamada Prestige Hotel&#8217;de sahne ald\u0131. 1500 ki\u015finin takip etti\u011fi konserde Ali\u015fan, sevilen \u015fark\u0131lar\u0131n\u0131 K\u0131br\u0131sl\u0131lar ile hep bir a\u011f\u0131zdan s\u00f6yledi. Sahne \u00f6ncesi bas\u0131n mensuplar\u0131n\u0131n sorular\u0131n\u0131 yan\u0131tlayan \u015fark\u0131c\u0131ya ilk olarak 2023 y\u0131l\u0131n\u0131n kendisi i\u00e7in nas\u0131l ge\u00e7ti\u011fi ve yeni y\u0131ldan beklentileri soruldu. Ali\u015fan, &#8221; Benim i\u00e7in 2021 y\u0131l\u0131ndan sonras\u0131 \u00e7okta \u00f6zel de\u011fil.","og_url":"https:\/\/kibrisdakik.com\/?p=21043","article_published_time":"2023-12-05T07:28:39+00:00","og_image":[{"width":710,"height":370,"url":"https:\/\/kibrisdakik.com\/wp-content\/uploads\/2023\/12\/alisana-yogun-ilgi-1701754924.webp.webp","type":"image\/webp"}],"author":"admin","twitter_card":"summary_large_image","twitter_misc":{"Yazan:":"admin","Tahmini okuma s\u00fcresi":"2 dakika"},"schema":{"@context":"https:\/\/schema.org","@graph":[{"@type":"Article","@id":"https:\/\/kibrisdakik.com\/?p=21043#article","isPartOf":{"@id":"https:\/\/kibrisdakik.com\/?p=21043"},"author":{"name":"admin","@id":"https:\/\/kibrisdakik.com\/#\/schema\/person\/9cd9d437bbb44f72b73ba127e06d8e79"},"headline":"Ali\u015fan&#039;a yo\u011fun ilgi \u00a0","datePublished":"2023-12-05T07:28:39+00:00","mainEntityOfPage":{"@id":"https:\/\/kibrisdakik.com\/?p=21043"},"wordCount":366,"commentCount":0,"image":{"@id":"https:\/\/kibrisdakik.com\/?p=21043#primaryimage"},"thumbnailUrl":"https:\/\/kibrisdakik.com\/wp-content\/uploads\/2023\/12\/alisana-yogun-ilgi-1701754924.webp.webp","articleSection":["G\u00fcndem"],"inLanguage":"tr","potentialAction":[{"@type":"CommentAction","name":"Comment","target":["https:\/\/kibrisdakik.com\/?p=21043#respond"]}]},{"@type":"WebPage","@id":"https:\/\/kibrisdakik.com\/?p=21043","url":"https:\/\/kibrisdakik.com\/?p=21043","name":"Ali\u015fan&#039;a yo\u011fun ilgi \u00a0 -","isPartOf":{"@id":"https:\/\/kibrisdakik.com\/#website"},"primaryImageOfPage":{"@id":"https:\/\/kibrisdakik.com\/?p=21043#primaryimage"},"image":{"@id":"https:\/\/kibrisdakik.com\/?p=21043#primaryimage"},"thumbnailUrl":"https:\/\/kibrisdakik.com\/wp-content\/uploads\/2023\/12\/alisana-yogun-ilgi-1701754924.webp.webp","datePublished":"2023-12-05T07:28:39+00:00","author":{"@id":"https:\/\/kibrisdakik.com\/#\/schema\/person\/9cd9d437bbb44f72b73ba127e06d8e79"},"breadcrumb":{"@id":"https:\/\/kibrisdakik.com\/?p=21043#breadcrumb"},"inLanguage":"tr","potentialAction":[{"@type":"ReadAction","target":["https:\/\/kibrisdakik.com\/?p=21043"]}]},{"@type":"ImageObject","inLanguage":"tr","@id":"https:\/\/kibrisdakik.com\/?p=21043#primaryimage","url":"https:\/\/kibrisdakik.com\/wp-content\/uploads\/2023\/12\/alisana-yogun-ilgi-1701754924.webp.webp","contentUrl":"https:\/\/kibrisdakik.com\/wp-content\/uploads\/2023\/12\/alisana-yogun-ilgi-1701754924.webp.webp","width":710,"height":370},{"@type":"BreadcrumbList","@id":"https:\/\/kibrisdakik.com\/?p=21043#breadcrumb","itemListElement":[{"@type":"ListItem","position":1,"name":"Home","item":"https:\/\/kibrisdakik.com\/"},{"@type":"ListItem","position":2,"name":"Ali\u015fan&#039;a yo\u011fun ilgi \u00a0"}]},{"@type":"WebSite","@id":"https:\/\/kibrisdakik.com\/#website","url":"https:\/\/kibrisdakik.com\/","name":"","description":"Tam vaktinde haber","potentialAction":[{"@type":"SearchAction","target":{"@type":"EntryPoint","urlTemplate":"https:\/\/kibrisdakik.com\/?s={search_term_string}"},"query-input":{"@type":"PropertyValueSpecification","valueRequired":true,"valueName":"search_term_string"}}],"inLanguage":"tr"},{"@type":"Person","@id":"https:\/\/kibrisdakik.com\/#\/schema\/person\/9cd9d437bbb44f72b73ba127e06d8e79","name":"admin","image":{"@type":"ImageObject","inLanguage":"tr","@id":"https:\/\/secure.gravatar.com\/avatar\/ccc17943b9d660506c869530f897617f7cb1c21a4bf30023f252596d83e1f007?s=96&d=mm&r=g","url":"https:\/\/secure.gravatar.com\/avatar\/ccc17943b9d660506c869530f897617f7cb1c21a4bf30023f252596d83e1f007?s=96&d=mm&r=g","contentUrl":"https:\/\/secure.gravatar.com\/avatar\/ccc17943b9d660506c869530f897617f7cb1c21a4bf30023f252596d83e1f007?s=96&d=mm&r=g","caption":"admin"},"sameAs":["https:\/\/kibrisdakik.com"],"url":"https:\/\/kibrisdakik.com\/?author=1"}]}},"_links":{"self":[{"href":"https:\/\/kibrisdakik.com\/index.php?rest_route=\/wp\/v2\/posts\/21043","targetHints":{"allow":["GET"]}}],"collection":[{"href":"https:\/\/kibrisdakik.com\/index.php?rest_route=\/wp\/v2\/posts"}],"about":[{"href":"https:\/\/kibrisdakik.com\/index.php?rest_route=\/wp\/v2\/types\/post"}],"author":[{"embeddable":true,"href":"https:\/\/kibrisdakik.com\/index.php?rest_route=\/wp\/v2\/users\/1"}],"replies":[{"embeddable":true,"href":"https:\/\/kibrisdakik.com\/index.php?rest_route=%2Fwp%2Fv2%2Fcomments&post=21043"}],"version-history":[{"count":0,"href":"https:\/\/kibrisdakik.com\/index.php?rest_route=\/wp\/v2\/posts\/21043\/revisions"}],"wp:featuredmedia":[{"embeddable":true,"href":"https:\/\/kibrisdakik.com\/index.php?rest_route=\/wp\/v2\/media\/21044"}],"wp:attachment":[{"href":"https:\/\/kibrisdakik.com\/index.php?rest_route=%2Fwp%2Fv2%2Fmedia&parent=21043"}],"wp:term":[{"taxonomy":"category","embeddable":true,"href":"https:\/\/kibrisdakik.com\/index.php?rest_route=%2Fwp%2Fv2%2Fcategories&post=21043"},{"taxonomy":"post_tag","embeddable":true,"href":"https:\/\/kibrisdakik.com\/index.php?rest_route=%2Fwp%2Fv2%2Ftags&post=21043"}],"curies":[{"name":"wp","href":"https:\/\/api.w.org\/{rel}","templated":true}]}}