{"id":21051,"date":"2023-12-05T08:34:55","date_gmt":"2023-12-05T08:34:55","guid":{"rendered":"https:\/\/kibrisdakik.com\/index.php\/2023\/12\/05\/cumhurbaskani-tatar-5-aralik-dunya-kadin-haklari-gunu-dolayisiyla-mesaj-yayimladi-2\/"},"modified":"2023-12-05T08:34:55","modified_gmt":"2023-12-05T08:34:55","slug":"cumhurbaskani-tatar-5-aralik-dunya-kadin-haklari-gunu-dolayisiyla-mesaj-yayimladi-2","status":"publish","type":"post","link":"https:\/\/kibrisdakik.com\/?p=21051","title":{"rendered":"Cumhurba\u015fkan\u0131 Tatar 5 Aral\u0131k &quot;D\u00fcnya Kad\u0131n Haklar\u0131 G\u00fcn\u00fc&quot; dolay\u0131s\u0131yla mesaj yay\u0131mlad\u0131"},"content":{"rendered":"<p><img decoding=\"async\" src=\"https:\/\/www.kibristurk.com\/images\/haberler\/2023\/12\/cumhurbaskani-tatar-5-aralik-dunya-kadin-haklari-gunu-dolayisiyla-mesaj-yayimladi-1701763627.webp\" \/><\/p>\n<p style=\"text-align:left\"><span style=\"font-size:14px\"><span style=\"font-family:Arial,Helvetica,sans-serif\"><span style=\"color:#000000\"><span style=\"background-color:#ffffff\"><span style=\"color:#000000 !important\">Cumhurba\u015fkan\u0131 Tatar, \u201cAnayasa ve Se\u00e7im Kanunu\u2019nda yap\u0131lan de\u011fi\u015fiklik ile kad\u0131nlar\u0131n oy kullanabilmesi ve aday olabilmesi sa\u011fland\u0131. ulu \u00f6nder Mustafa Kemal Atat\u00fcrk\u2019\u00fcn liderli\u011finde yap\u0131lan bu devrim, kad\u0131nlar\u0131n toplumsal hayatta daha g\u00fc\u00e7l\u00fc \u015fekilde var olmas\u0131n\u0131 ve T\u00fcrk toplumunun \u00e7a\u011fda\u015fla\u015fmas\u0131 yolunda tarihi bir ad\u0131m at\u0131lmas\u0131n\u0131 sa\u011flam\u0131\u015ft\u0131r&#8221; ifadelerini kulland\u0131.<\/span><\/span><\/span><\/span><\/span><\/p>\n<p style=\"text-align:left\"><span style=\"font-size:14px\"><span style=\"font-family:Arial,Helvetica,sans-serif\"><span style=\"color:#000000\"><span style=\"background-color:#ffffff\"><span style=\"color:#000000 !important\">Kad\u0131n haklar\u0131 yolunda yap\u0131lan bu devrimin, d\u00fcnyaya emsal te\u015fkil etti\u011fini ifade eden Cumhurba\u015fkan\u0131 Tatar, Fransa, \u0130talya, \u0130svi\u00e7re, Yunanistan, Bel\u00e7ika, Romanya ve Bulgaristan gibi \u00fclkelerin T\u00fcrkiye Cumhuriyeti\u2019nden y\u0131llar sonra kad\u0131n vatanda\u015flar\u0131na bu hakk\u0131 tan\u0131d\u0131\u011f\u0131n\u0131 belirtti.&nbsp;<\/span><\/span><\/span><\/span><\/span><\/p>\n<p style=\"text-align:left\"><span style=\"font-size:14px\"><span style=\"font-family:Arial,Helvetica,sans-serif\"><span style=\"color:#000000\"><span style=\"background-color:#ffffff\"><span style=\"color:#000000 !important\">Cumhurba\u015fkan\u0131 Ersin Tatar, mesaj\u0131nda \u015fu ifadeleri kulland\u0131:<\/span><\/span><\/span><\/span><\/span><\/p>\n<p style=\"text-align:left\"><span style=\"font-size:14px\"><span style=\"font-family:Arial,Helvetica,sans-serif\"><span style=\"color:#000000\"><span style=\"background-color:#ffffff\"><span style=\"color:#000000 !important\">\u201cSiyasetten ekonomiye, k\u00fclt\u00fcr ve sanattan t\u00fcm karar alma mekanizmalar\u0131na, kad\u0131nlar\u0131m\u0131z\u0131n aktif kat\u0131l\u0131m\u0131n\u0131n artmas\u0131na y\u00f6nelik ortaya konan \u00e7abalar\u0131n, nas\u0131l \u00e7ok daha ileri noktalara ta\u015f\u0131nabilece\u011fi hususunda somut ve s\u00fcrd\u00fcr\u00fclebilir ad\u0131mlar atmak ad\u0131na \u00f6nemli bir f\u0131rsat olan b\u00f6ylesi anlaml\u0131 g\u00fcnlerde, toplumsal m\u00fccadele y\u0131llar\u0131ndan egemen devletimizin ilan\u0131na ve bug\u00fcnlere gelinen s\u00fcre\u00e7te kad\u0131nlar\u0131m\u0131z\u0131n ortaya koydu\u011fu yads\u0131namaz katk\u0131y\u0131 da hat\u0131rlamak ve hat\u0131rlatmak, tarihsel bir sorumluluktur.<\/span><\/span><\/span><\/span><\/span><\/p>\n<p style=\"text-align:left\"><span style=\"font-size:14px\"><span style=\"font-family:Arial,Helvetica,sans-serif\"><span style=\"color:#000000\"><span style=\"background-color:#ffffff\"><span style=\"color:#000000 !important\">Kad\u0131nlara y\u00f6nelik her t\u00fcrl\u00fc fiziksel, psikolojik \u015fiddet ve bezdirme \u00e7abalar\u0131n\u0131n \u00f6nlenmesine y\u00f6nelik ad\u0131mlar\u0131n at\u0131larak \u00f6zellikle \u015fiddet ma\u011fduru kad\u0131nlar\u0131n kendisini g\u00fcvende hissedece\u011fi kad\u0131n s\u0131\u011f\u0131nma evi say\u0131s\u0131n\u0131 art\u0131rmak, \u015fiddet ba\u015fta olmak \u00fczere kar\u015f\u0131la\u015ft\u0131klar\u0131 t\u00fcm sorunlara kapsay\u0131c\u0131 \u00e7\u00f6z\u00fcmler bulma noktas\u0131nda Anayasa\u2019n\u0131n bana verdi\u011fi yetki \u00e7er\u00e7evesinde elimden gelen t\u00fcm katk\u0131y\u0131 ortaya koymaya kararl\u0131 oldu\u011fuma dikkati \u00e7ekmek istiyorum.<\/span><\/span><\/span><\/span><\/span><\/p>\n<p style=\"text-align:left\"><span style=\"font-size:14px\"><span style=\"font-family:Arial,Helvetica,sans-serif\"><span style=\"color:#000000\"><span style=\"background-color:#ffffff\"><span style=\"color:#000000 !important\">T\u00fcrk kad\u0131n\u0131na, 89 y\u0131l \u00f6nce bug\u00fcn se\u00e7me ve se\u00e7ilme hakk\u0131n\u0131 kazand\u0131rarak att\u0131\u011f\u0131 b\u00fcy\u00fck ad\u0131mla t\u00fcm d\u00fcnyaya \u00f6rnek olan ulu \u00f6nderimiz Mustafa Kemal Atat\u00fcrk&#8217;\u00fc sayg\u0131yla an\u0131yor, t\u00fcm kad\u0131nlar\u0131m\u0131z\u0131n 5 Aral\u0131k D\u00fcnya Kad\u0131n Haklar\u0131 G\u00fcn\u00fc\u2019n\u00fc kutluyorum&#8221;.<\/span><\/span><\/span><\/span><\/span><\/p>\n","protected":false},"excerpt":{"rendered":"<p>Cumhurba\u015fkan\u0131 Tatar, \u201cAnayasa ve Se\u00e7im Kanunu\u2019nda yap\u0131lan de\u011fi\u015fiklik ile kad\u0131nlar\u0131n oy kullanabilmesi ve aday olabilmesi sa\u011fland\u0131. ulu \u00f6nder Mustafa Kemal Atat\u00fcrk\u2019\u00fcn liderli\u011finde yap\u0131lan bu devrim, kad\u0131nlar\u0131n toplumsal hayatta daha g\u00fc\u00e7l\u00fc \u015fekilde var olmas\u0131n\u0131 ve T\u00fcrk toplumunun \u00e7a\u011fda\u015fla\u015fmas\u0131 yolunda tarihi bir ad\u0131m at\u0131lmas\u0131n\u0131 sa\u011flam\u0131\u015ft\u0131r&#8221; ifadelerini kulland\u0131. Kad\u0131n haklar\u0131 yolunda yap\u0131lan bu devrimin, d\u00fcnyaya emsal te\u015fkil etti\u011fini<\/p>\n","protected":false},"author":1,"featured_media":21052,"comment_status":"open","ping_status":"open","sticky":false,"template":"","format":"standard","meta":{"footnotes":""},"categories":[1],"tags":[],"class_list":["post-21051","post","type-post","status-publish","format-standard","has-post-thumbnail","hentry","category-gundem"],"yoast_head":"<!-- This site is optimized with the Yoast SEO plugin v27.4 - https:\/\/yoast.com\/product\/yoast-seo-wordpress\/ -->\n<title>Cumhurba\u015fkan\u0131 Tatar 5 Aral\u0131k &quot;D\u00fcnya Kad\u0131n Haklar\u0131 G\u00fcn\u00fc&quot; dolay\u0131s\u0131yla mesaj yay\u0131mlad\u0131 -<\/title>\n<meta name=\"robots\" content=\"index, follow, max-snippet:-1, max-image-preview:large, max-video-preview:-1\" \/>\n<link rel=\"canonical\" href=\"https:\/\/kibrisdakik.com\/?p=21051\" \/>\n<meta property=\"og:locale\" content=\"tr_TR\" \/>\n<meta property=\"og:type\" content=\"article\" \/>\n<meta property=\"og:title\" content=\"Cumhurba\u015fkan\u0131 Tatar 5 Aral\u0131k &quot;D\u00fcnya Kad\u0131n Haklar\u0131 G\u00fcn\u00fc&quot; dolay\u0131s\u0131yla mesaj yay\u0131mlad\u0131 -\" \/>\n<meta property=\"og:description\" content=\"Cumhurba\u015fkan\u0131 Tatar, \u201cAnayasa ve Se\u00e7im Kanunu\u2019nda yap\u0131lan de\u011fi\u015fiklik ile kad\u0131nlar\u0131n oy kullanabilmesi ve aday olabilmesi sa\u011fland\u0131. ulu \u00f6nder Mustafa Kemal Atat\u00fcrk\u2019\u00fcn liderli\u011finde yap\u0131lan bu devrim, kad\u0131nlar\u0131n toplumsal hayatta daha g\u00fc\u00e7l\u00fc \u015fekilde var olmas\u0131n\u0131 ve T\u00fcrk toplumunun \u00e7a\u011fda\u015fla\u015fmas\u0131 yolunda tarihi bir ad\u0131m at\u0131lmas\u0131n\u0131 sa\u011flam\u0131\u015ft\u0131r&#8221; ifadelerini kulland\u0131. Kad\u0131n haklar\u0131 yolunda yap\u0131lan bu devrimin, d\u00fcnyaya emsal te\u015fkil etti\u011fini\" \/>\n<meta property=\"og:url\" content=\"https:\/\/kibrisdakik.com\/?p=21051\" \/>\n<meta property=\"article:published_time\" content=\"2023-12-05T08:34:55+00:00\" \/>\n<meta property=\"og:image\" content=\"https:\/\/kibrisdakik.com\/wp-content\/uploads\/2023\/12\/cumhurbaskani-tatar-5-aralik-dunya-kadin-haklari-gunu-dolayisiyla-mesaj-yayimladi-1701763627.webp.webp\" \/>\n\t<meta property=\"og:image:width\" content=\"710\" \/>\n\t<meta property=\"og:image:height\" content=\"370\" \/>\n\t<meta property=\"og:image:type\" content=\"image\/webp\" \/>\n<meta name=\"author\" content=\"admin\" \/>\n<meta name=\"twitter:card\" content=\"summary_large_image\" \/>\n<meta name=\"twitter:label1\" content=\"Yazan:\" \/>\n\t<meta name=\"twitter:data1\" content=\"admin\" \/>\n\t<meta name=\"twitter:label2\" content=\"Tahmini okuma s\u00fcresi\" \/>\n\t<meta name=\"twitter:data2\" content=\"2 dakika\" \/>\n<script type=\"application\/ld+json\" class=\"yoast-schema-graph\">{\"@context\":\"https:\\\/\\\/schema.org\",\"@graph\":[{\"@type\":\"Article\",\"@id\":\"https:\\\/\\\/kibrisdakik.com\\\/?p=21051#article\",\"isPartOf\":{\"@id\":\"https:\\\/\\\/kibrisdakik.com\\\/?p=21051\"},\"author\":{\"name\":\"admin\",\"@id\":\"https:\\\/\\\/kibrisdakik.com\\\/#\\\/schema\\\/person\\\/9cd9d437bbb44f72b73ba127e06d8e79\"},\"headline\":\"Cumhurba\u015fkan\u0131 Tatar 5 Aral\u0131k &quot;D\u00fcnya Kad\u0131n Haklar\u0131 G\u00fcn\u00fc&quot; dolay\u0131s\u0131yla mesaj yay\u0131mlad\u0131\",\"datePublished\":\"2023-12-05T08:34:55+00:00\",\"mainEntityOfPage\":{\"@id\":\"https:\\\/\\\/kibrisdakik.com\\\/?p=21051\"},\"wordCount\":399,\"commentCount\":0,\"image\":{\"@id\":\"https:\\\/\\\/kibrisdakik.com\\\/?p=21051#primaryimage\"},\"thumbnailUrl\":\"https:\\\/\\\/kibrisdakik.com\\\/wp-content\\\/uploads\\\/2023\\\/12\\\/cumhurbaskani-tatar-5-aralik-dunya-kadin-haklari-gunu-dolayisiyla-mesaj-yayimladi-1701763627.webp.webp\",\"articleSection\":[\"G\u00fcndem\"],\"inLanguage\":\"tr\",\"potentialAction\":[{\"@type\":\"CommentAction\",\"name\":\"Comment\",\"target\":[\"https:\\\/\\\/kibrisdakik.com\\\/?p=21051#respond\"]}]},{\"@type\":\"WebPage\",\"@id\":\"https:\\\/\\\/kibrisdakik.com\\\/?p=21051\",\"url\":\"https:\\\/\\\/kibrisdakik.com\\\/?p=21051\",\"name\":\"Cumhurba\u015fkan\u0131 Tatar 5 Aral\u0131k &quot;D\u00fcnya Kad\u0131n Haklar\u0131 G\u00fcn\u00fc&quot; dolay\u0131s\u0131yla mesaj yay\u0131mlad\u0131 -\",\"isPartOf\":{\"@id\":\"https:\\\/\\\/kibrisdakik.com\\\/#website\"},\"primaryImageOfPage\":{\"@id\":\"https:\\\/\\\/kibrisdakik.com\\\/?p=21051#primaryimage\"},\"image\":{\"@id\":\"https:\\\/\\\/kibrisdakik.com\\\/?p=21051#primaryimage\"},\"thumbnailUrl\":\"https:\\\/\\\/kibrisdakik.com\\\/wp-content\\\/uploads\\\/2023\\\/12\\\/cumhurbaskani-tatar-5-aralik-dunya-kadin-haklari-gunu-dolayisiyla-mesaj-yayimladi-1701763627.webp.webp\",\"datePublished\":\"2023-12-05T08:34:55+00:00\",\"author\":{\"@id\":\"https:\\\/\\\/kibrisdakik.com\\\/#\\\/schema\\\/person\\\/9cd9d437bbb44f72b73ba127e06d8e79\"},\"breadcrumb\":{\"@id\":\"https:\\\/\\\/kibrisdakik.com\\\/?p=21051#breadcrumb\"},\"inLanguage\":\"tr\",\"potentialAction\":[{\"@type\":\"ReadAction\",\"target\":[\"https:\\\/\\\/kibrisdakik.com\\\/?p=21051\"]}]},{\"@type\":\"ImageObject\",\"inLanguage\":\"tr\",\"@id\":\"https:\\\/\\\/kibrisdakik.com\\\/?p=21051#primaryimage\",\"url\":\"https:\\\/\\\/kibrisdakik.com\\\/wp-content\\\/uploads\\\/2023\\\/12\\\/cumhurbaskani-tatar-5-aralik-dunya-kadin-haklari-gunu-dolayisiyla-mesaj-yayimladi-1701763627.webp.webp\",\"contentUrl\":\"https:\\\/\\\/kibrisdakik.com\\\/wp-content\\\/uploads\\\/2023\\\/12\\\/cumhurbaskani-tatar-5-aralik-dunya-kadin-haklari-gunu-dolayisiyla-mesaj-yayimladi-1701763627.webp.webp\",\"width\":710,\"height\":370},{\"@type\":\"BreadcrumbList\",\"@id\":\"https:\\\/\\\/kibrisdakik.com\\\/?p=21051#breadcrumb\",\"itemListElement\":[{\"@type\":\"ListItem\",\"position\":1,\"name\":\"Home\",\"item\":\"https:\\\/\\\/kibrisdakik.com\\\/\"},{\"@type\":\"ListItem\",\"position\":2,\"name\":\"Cumhurba\u015fkan\u0131 Tatar 5 Aral\u0131k &quot;D\u00fcnya Kad\u0131n Haklar\u0131 G\u00fcn\u00fc&quot; dolay\u0131s\u0131yla mesaj yay\u0131mlad\u0131\"}]},{\"@type\":\"WebSite\",\"@id\":\"https:\\\/\\\/kibrisdakik.com\\\/#website\",\"url\":\"https:\\\/\\\/kibrisdakik.com\\\/\",\"name\":\"\",\"description\":\"Tam vaktinde haber\",\"potentialAction\":[{\"@type\":\"SearchAction\",\"target\":{\"@type\":\"EntryPoint\",\"urlTemplate\":\"https:\\\/\\\/kibrisdakik.com\\\/?s={search_term_string}\"},\"query-input\":{\"@type\":\"PropertyValueSpecification\",\"valueRequired\":true,\"valueName\":\"search_term_string\"}}],\"inLanguage\":\"tr\"},{\"@type\":\"Person\",\"@id\":\"https:\\\/\\\/kibrisdakik.com\\\/#\\\/schema\\\/person\\\/9cd9d437bbb44f72b73ba127e06d8e79\",\"name\":\"admin\",\"image\":{\"@type\":\"ImageObject\",\"inLanguage\":\"tr\",\"@id\":\"https:\\\/\\\/secure.gravatar.com\\\/avatar\\\/ccc17943b9d660506c869530f897617f7cb1c21a4bf30023f252596d83e1f007?s=96&d=mm&r=g\",\"url\":\"https:\\\/\\\/secure.gravatar.com\\\/avatar\\\/ccc17943b9d660506c869530f897617f7cb1c21a4bf30023f252596d83e1f007?s=96&d=mm&r=g\",\"contentUrl\":\"https:\\\/\\\/secure.gravatar.com\\\/avatar\\\/ccc17943b9d660506c869530f897617f7cb1c21a4bf30023f252596d83e1f007?s=96&d=mm&r=g\",\"caption\":\"admin\"},\"sameAs\":[\"https:\\\/\\\/kibrisdakik.com\"],\"url\":\"https:\\\/\\\/kibrisdakik.com\\\/?author=1\"}]}<\/script>\n<!-- \/ Yoast SEO plugin. -->","yoast_head_json":{"title":"Cumhurba\u015fkan\u0131 Tatar 5 Aral\u0131k &quot;D\u00fcnya Kad\u0131n Haklar\u0131 G\u00fcn\u00fc&quot; dolay\u0131s\u0131yla mesaj yay\u0131mlad\u0131 -","robots":{"index":"index","follow":"follow","max-snippet":"max-snippet:-1","max-image-preview":"max-image-preview:large","max-video-preview":"max-video-preview:-1"},"canonical":"https:\/\/kibrisdakik.com\/?p=21051","og_locale":"tr_TR","og_type":"article","og_title":"Cumhurba\u015fkan\u0131 Tatar 5 Aral\u0131k &quot;D\u00fcnya Kad\u0131n Haklar\u0131 G\u00fcn\u00fc&quot; dolay\u0131s\u0131yla mesaj yay\u0131mlad\u0131 -","og_description":"Cumhurba\u015fkan\u0131 Tatar, \u201cAnayasa ve Se\u00e7im Kanunu\u2019nda yap\u0131lan de\u011fi\u015fiklik ile kad\u0131nlar\u0131n oy kullanabilmesi ve aday olabilmesi sa\u011fland\u0131. ulu \u00f6nder Mustafa Kemal Atat\u00fcrk\u2019\u00fcn liderli\u011finde yap\u0131lan bu devrim, kad\u0131nlar\u0131n toplumsal hayatta daha g\u00fc\u00e7l\u00fc \u015fekilde var olmas\u0131n\u0131 ve T\u00fcrk toplumunun \u00e7a\u011fda\u015fla\u015fmas\u0131 yolunda tarihi bir ad\u0131m at\u0131lmas\u0131n\u0131 sa\u011flam\u0131\u015ft\u0131r&#8221; ifadelerini kulland\u0131. Kad\u0131n haklar\u0131 yolunda yap\u0131lan bu devrimin, d\u00fcnyaya emsal te\u015fkil etti\u011fini","og_url":"https:\/\/kibrisdakik.com\/?p=21051","article_published_time":"2023-12-05T08:34:55+00:00","og_image":[{"width":710,"height":370,"url":"https:\/\/kibrisdakik.com\/wp-content\/uploads\/2023\/12\/cumhurbaskani-tatar-5-aralik-dunya-kadin-haklari-gunu-dolayisiyla-mesaj-yayimladi-1701763627.webp.webp","type":"image\/webp"}],"author":"admin","twitter_card":"summary_large_image","twitter_misc":{"Yazan:":"admin","Tahmini okuma s\u00fcresi":"2 dakika"},"schema":{"@context":"https:\/\/schema.org","@graph":[{"@type":"Article","@id":"https:\/\/kibrisdakik.com\/?p=21051#article","isPartOf":{"@id":"https:\/\/kibrisdakik.com\/?p=21051"},"author":{"name":"admin","@id":"https:\/\/kibrisdakik.com\/#\/schema\/person\/9cd9d437bbb44f72b73ba127e06d8e79"},"headline":"Cumhurba\u015fkan\u0131 Tatar 5 Aral\u0131k &quot;D\u00fcnya Kad\u0131n Haklar\u0131 G\u00fcn\u00fc&quot; dolay\u0131s\u0131yla mesaj yay\u0131mlad\u0131","datePublished":"2023-12-05T08:34:55+00:00","mainEntityOfPage":{"@id":"https:\/\/kibrisdakik.com\/?p=21051"},"wordCount":399,"commentCount":0,"image":{"@id":"https:\/\/kibrisdakik.com\/?p=21051#primaryimage"},"thumbnailUrl":"https:\/\/kibrisdakik.com\/wp-content\/uploads\/2023\/12\/cumhurbaskani-tatar-5-aralik-dunya-kadin-haklari-gunu-dolayisiyla-mesaj-yayimladi-1701763627.webp.webp","articleSection":["G\u00fcndem"],"inLanguage":"tr","potentialAction":[{"@type":"CommentAction","name":"Comment","target":["https:\/\/kibrisdakik.com\/?p=21051#respond"]}]},{"@type":"WebPage","@id":"https:\/\/kibrisdakik.com\/?p=21051","url":"https:\/\/kibrisdakik.com\/?p=21051","name":"Cumhurba\u015fkan\u0131 Tatar 5 Aral\u0131k &quot;D\u00fcnya Kad\u0131n Haklar\u0131 G\u00fcn\u00fc&quot; dolay\u0131s\u0131yla mesaj yay\u0131mlad\u0131 -","isPartOf":{"@id":"https:\/\/kibrisdakik.com\/#website"},"primaryImageOfPage":{"@id":"https:\/\/kibrisdakik.com\/?p=21051#primaryimage"},"image":{"@id":"https:\/\/kibrisdakik.com\/?p=21051#primaryimage"},"thumbnailUrl":"https:\/\/kibrisdakik.com\/wp-content\/uploads\/2023\/12\/cumhurbaskani-tatar-5-aralik-dunya-kadin-haklari-gunu-dolayisiyla-mesaj-yayimladi-1701763627.webp.webp","datePublished":"2023-12-05T08:34:55+00:00","author":{"@id":"https:\/\/kibrisdakik.com\/#\/schema\/person\/9cd9d437bbb44f72b73ba127e06d8e79"},"breadcrumb":{"@id":"https:\/\/kibrisdakik.com\/?p=21051#breadcrumb"},"inLanguage":"tr","potentialAction":[{"@type":"ReadAction","target":["https:\/\/kibrisdakik.com\/?p=21051"]}]},{"@type":"ImageObject","inLanguage":"tr","@id":"https:\/\/kibrisdakik.com\/?p=21051#primaryimage","url":"https:\/\/kibrisdakik.com\/wp-content\/uploads\/2023\/12\/cumhurbaskani-tatar-5-aralik-dunya-kadin-haklari-gunu-dolayisiyla-mesaj-yayimladi-1701763627.webp.webp","contentUrl":"https:\/\/kibrisdakik.com\/wp-content\/uploads\/2023\/12\/cumhurbaskani-tatar-5-aralik-dunya-kadin-haklari-gunu-dolayisiyla-mesaj-yayimladi-1701763627.webp.webp","width":710,"height":370},{"@type":"BreadcrumbList","@id":"https:\/\/kibrisdakik.com\/?p=21051#breadcrumb","itemListElement":[{"@type":"ListItem","position":1,"name":"Home","item":"https:\/\/kibrisdakik.com\/"},{"@type":"ListItem","position":2,"name":"Cumhurba\u015fkan\u0131 Tatar 5 Aral\u0131k &quot;D\u00fcnya Kad\u0131n Haklar\u0131 G\u00fcn\u00fc&quot; dolay\u0131s\u0131yla mesaj yay\u0131mlad\u0131"}]},{"@type":"WebSite","@id":"https:\/\/kibrisdakik.com\/#website","url":"https:\/\/kibrisdakik.com\/","name":"","description":"Tam vaktinde haber","potentialAction":[{"@type":"SearchAction","target":{"@type":"EntryPoint","urlTemplate":"https:\/\/kibrisdakik.com\/?s={search_term_string}"},"query-input":{"@type":"PropertyValueSpecification","valueRequired":true,"valueName":"search_term_string"}}],"inLanguage":"tr"},{"@type":"Person","@id":"https:\/\/kibrisdakik.com\/#\/schema\/person\/9cd9d437bbb44f72b73ba127e06d8e79","name":"admin","image":{"@type":"ImageObject","inLanguage":"tr","@id":"https:\/\/secure.gravatar.com\/avatar\/ccc17943b9d660506c869530f897617f7cb1c21a4bf30023f252596d83e1f007?s=96&d=mm&r=g","url":"https:\/\/secure.gravatar.com\/avatar\/ccc17943b9d660506c869530f897617f7cb1c21a4bf30023f252596d83e1f007?s=96&d=mm&r=g","contentUrl":"https:\/\/secure.gravatar.com\/avatar\/ccc17943b9d660506c869530f897617f7cb1c21a4bf30023f252596d83e1f007?s=96&d=mm&r=g","caption":"admin"},"sameAs":["https:\/\/kibrisdakik.com"],"url":"https:\/\/kibrisdakik.com\/?author=1"}]}},"_links":{"self":[{"href":"https:\/\/kibrisdakik.com\/index.php?rest_route=\/wp\/v2\/posts\/21051","targetHints":{"allow":["GET"]}}],"collection":[{"href":"https:\/\/kibrisdakik.com\/index.php?rest_route=\/wp\/v2\/posts"}],"about":[{"href":"https:\/\/kibrisdakik.com\/index.php?rest_route=\/wp\/v2\/types\/post"}],"author":[{"embeddable":true,"href":"https:\/\/kibrisdakik.com\/index.php?rest_route=\/wp\/v2\/users\/1"}],"replies":[{"embeddable":true,"href":"https:\/\/kibrisdakik.com\/index.php?rest_route=%2Fwp%2Fv2%2Fcomments&post=21051"}],"version-history":[{"count":0,"href":"https:\/\/kibrisdakik.com\/index.php?rest_route=\/wp\/v2\/posts\/21051\/revisions"}],"wp:featuredmedia":[{"embeddable":true,"href":"https:\/\/kibrisdakik.com\/index.php?rest_route=\/wp\/v2\/media\/21052"}],"wp:attachment":[{"href":"https:\/\/kibrisdakik.com\/index.php?rest_route=%2Fwp%2Fv2%2Fmedia&parent=21051"}],"wp:term":[{"taxonomy":"category","embeddable":true,"href":"https:\/\/kibrisdakik.com\/index.php?rest_route=%2Fwp%2Fv2%2Fcategories&post=21051"},{"taxonomy":"post_tag","embeddable":true,"href":"https:\/\/kibrisdakik.com\/index.php?rest_route=%2Fwp%2Fv2%2Ftags&post=21051"}],"curies":[{"name":"wp","href":"https:\/\/api.w.org\/{rel}","templated":true}]}}