{"id":21061,"date":"2023-12-05T10:29:27","date_gmt":"2023-12-05T10:29:27","guid":{"rendered":"https:\/\/kibrisdakik.com\/index.php\/2023\/12\/05\/turk-kadinina-secme-ve-secilme-hakki-89-yil-once-bugun-verildi\/"},"modified":"2023-12-05T10:29:27","modified_gmt":"2023-12-05T10:29:27","slug":"turk-kadinina-secme-ve-secilme-hakki-89-yil-once-bugun-verildi","status":"publish","type":"post","link":"https:\/\/kibrisdakik.com\/?p=21061","title":{"rendered":"T\u00fcrk kad\u0131n\u0131na se\u00e7me ve se\u00e7ilme hakk\u0131 89 y\u0131l \u00f6nce bug\u00fcn verildi"},"content":{"rendered":"<p><\/p>\n<p><em>\u201cEy kahraman T\u00fcrk kad\u0131n\u0131! Sen yerde s\u00fcr\u00fcklenmeye de\u011fil, omuzlar \u00fczerinde g\u00f6klere y\u00fckselmeye lay\u0131ks\u0131n&#8230;\u201d<\/em><\/p>\n<p>T\u00fcrkiye Cumhuriyeti\u2019nin kurucusu Mustafa Kemal Atat\u00fcrk, t\u00fcm d\u00fcnyaya \u00f6rnek olacak ad\u0131mlarla kad\u0131nlara yeni bir bak\u0131\u015f a\u00e7\u0131s\u0131 kazand\u0131rd\u0131. Cumhuriyet\u2019in ilk y\u0131llar\u0131ndan itibaren kad\u0131nlar\u0131n siyasal ya\u015fama kat\u0131lmalar\u0131 y\u00f6n\u00fcnde bir dizi de\u011fi\u015fiklik yap\u0131ld\u0131.<\/p>\n<p><strong>T\u00fcrkiye, Avrupa\u2019ya \u00f6rnek oldu<\/strong><\/p>\n<p>1930 y\u0131l\u0131ndan itibaren \u00f6nce belediye se\u00e7imlerine kat\u0131lma, daha sonra k\u00f6ylerde muhtar olma ve ihtiyar meclislerine se\u00e7ilme hakk\u0131 tan\u0131nan kad\u0131nlar\u0131n, milletvekili se\u00e7me ve se\u00e7ilme hakk\u0131, 5 Aral\u0131k 1934\u2019te&nbsp;<a href=\"https:\/\/www.trthaber.com\/etiket\/anayasa\/\" target=\"_blank\" rel=\"noopener\">Anayasa<\/a>&nbsp;ve Se\u00e7im Kanunu\u2019nda yap\u0131lan yasa de\u011fi\u015fikli\u011fi ile tan\u0131nd\u0131.<\/p>\n<p>Anadolu kad\u0131n\u0131, se\u00e7me ve se\u00e7ilme hakk\u0131n\u0131 \u0130svi\u00e7reli kad\u0131nlardan 36, Frans\u0131z hemcinslerinden 11, Bel\u00e7ikal\u0131lardan ise 14 y\u0131l \u00f6nce elde etti.<\/p>\n<p>&nbsp;<\/p>\n<p><img decoding=\"async\" alt=\"T\u00fcrk kad\u0131n\u0131na se\u00e7me ve se\u00e7ilme hakk\u0131 89 y\u0131l \u00f6nce bug\u00fcn verildi\" src=\"https:\/\/www.trthaber.com\/dosyalar\/images\/sec%CC%A7me-ve-sec%CC%A7ilme(1).jpg\" \/><\/p>\n<p>&nbsp;<\/p>\n<p><strong>\u0130lk kad\u0131n belediye ba\u015fkan\u0131: Sadiye Han\u0131m<\/strong><\/p>\n<p>Se\u00e7me ve se\u00e7ilme ile ilgili ilk ad\u0131m 5 Kas\u0131m 1930\u2019da at\u0131ld\u0131. Se\u00e7im Kanunu\u2019nda yap\u0131lan de\u011fi\u015fiklikle kad\u0131nlara belediye se\u00e7imlerinde se\u00e7me ve se\u00e7ilme hakk\u0131 verildi.<\/p>\n<p>Kad\u0131nlar, bu siyasal haklar\u0131n\u0131 ayn\u0131 y\u0131l yap\u0131lan belediye se\u00e7imlerinde kulland\u0131. Artvin\u2019in Yusufeli il\u00e7esine ba\u011fl\u0131 K\u0131l\u0131\u00e7kaya beldesinde kad\u0131n belediye ba\u015fkan\u0131 se\u00e7ildi. Sadiye Han\u0131m, T\u00fcrkiye\u2019nin il\u00e7ede se\u00e7ilen ilk kad\u0131n belediye ba\u015fkan\u0131 olarak ad\u0131n\u0131 tarihe&nbsp;<a href=\"https:\/\/www.trthaber.com\/etiket\/altin\/\" target=\"_blank\" rel=\"noopener\">alt\u0131n<\/a>&nbsp;harflerle yazd\u0131rd\u0131.<\/p>\n<p>1933 y\u0131l\u0131nda ise kad\u0131nlara muhtar olma ve k\u00f6y heyetini se\u00e7me hakk\u0131 tan\u0131nd\u0131. T\u00fcrkiye\u2019nin ilk kad\u0131n muhtar\u0131 ise, Ayd\u0131n\u2019\u0131n \u00c7ine il\u00e7esine ba\u011fl\u0131 Demirdere K\u00f6y\u00fc\u2019nde yakla\u015f\u0131k 500 oy alarak se\u00e7imi kazanan G\u00fcl Esin Han\u0131m oldu.<\/p>\n<p>&nbsp;<\/p>\n<p><img decoding=\"async\" alt=\"T\u00fcrk kad\u0131n\u0131na se\u00e7me ve se\u00e7ilme hakk\u0131 89 y\u0131l \u00f6nce bug\u00fcn verildi\" src=\"https:\/\/www.trthaber.com\/dosyalar\/images\/AA-122396464(1)(1).jpg\" \/><\/p>\n<p>&nbsp;<\/p>\n<p>&nbsp;<\/p>\n<p><strong>T\u00fcrk kad\u0131n\u0131na se\u00e7me ve se\u00e7ilme hakk\u0131 Anayasa\u2019ya girdi<\/strong><\/p>\n<p>5 Aral\u0131k 1934\u2019te ise Anayasa&#8217;da yap\u0131lan de\u011fi\u015fiklikle T\u00fcrk kad\u0131n\u0131 milletvekili se\u00e7me ve se\u00e7ilme hakk\u0131na sahip oldu.<\/p>\n<p>Anayasa ve Se\u00e7im Kanunu\u2019nda yap\u0131lan de\u011fi\u015fiklik ile 317 \u00fcyeli Meclis\u2019te oylamaya kat\u0131lan 258 milletvekilinin oyuyla de\u011fi\u015fiklik \u00f6nerisi kabul edildi.<\/p>\n<p><strong>T\u00fcrkiye, 1 y\u0131l sonra kad\u0131n milletvekili say\u0131s\u0131yla d\u00fcnyada ikinci s\u0131radayd\u0131<\/strong><\/p>\n<p>Kad\u0131nlar\u0131n se\u00e7me-se\u00e7ilme hakk\u0131n\u0131 elde ettikten hemen sonra 1935 y\u0131l\u0131nda ger\u00e7ekle\u015fen ilk se\u00e7imlerde meclisteki 395 vekilin 18\u2019i kad\u0131nd\u0131. Bu da y\u00fczde 4,6\u2019l\u0131k bir oranla d\u00fcnyada ikinci s\u0131raya kar\u015f\u0131l\u0131k geliyordu.<\/p>\n<p>\u0130lk kad\u0131n milletvekilleri aras\u0131nda Hatice \u00d6zgener, Ferruh G\u00fcpg\u00fcp, \u015eekibe \u0130nsel, Sabiha G\u00f6k\u00e7\u00fcl, Mihri Pekta\u015f, Nakiye Elg\u00fcn gibi isimler \u00f6ne \u00e7\u0131kt\u0131. Sonraki y\u0131llarda ise, Halide Edip Ad\u0131var gibi milletvekilleri de Meclis k\u00fcrs\u00fcs\u00fcnde siyaset yapmaya devam etti.<\/p>\n<p>&nbsp;<\/p>\n<p><img decoding=\"async\" alt=\"T\u00fcrk kad\u0131n\u0131na se\u00e7me ve se\u00e7ilme hakk\u0131 89 y\u0131l \u00f6nce bug\u00fcn verildi\" src=\"https:\/\/www.trthaber.com\/dosyalar\/images\/AA-122687183.jpg\" \/><\/p>\n<p>&nbsp;<\/p>\n<p><strong>\u0130lk kad\u0131n il belediye ba\u015fkan\u0131: M\u00fcfide \u0130lhan<\/strong><\/p>\n<p>\u00c7ok partili siyasal ya\u015fama ge\u00e7ildikten sonra ilk kez bir \u015fehirde kad\u0131n belediye ba\u015fkan\u0131 se\u00e7ildi. 3 Eyl\u00fcl 1950 tarihinde yap\u0131lan yerel se\u00e7imlerde 27 \u00fcyesi bulunan&nbsp;<a href=\"https:\/\/www.trthaber.com\/etiket\/mersin\/\" target=\"_blank\" rel=\"noopener\">Mersin<\/a>&nbsp;Belediye Meclisine se\u00e7ilen M\u00fcfide \u0130lhan, ilk kad\u0131n il belediye ba\u015fkan\u0131 oldu.<\/p>\n<p>D\u00fcnyan\u0131n pek \u00e7ok geli\u015fmi\u015f \u00fclkesinde 1934 y\u0131l\u0131ndan \u00f6nce kad\u0131nlar\u0131n se\u00e7me ve se\u00e7ilme hakk\u0131na kavu\u015ftu\u011fu \u00fclke say\u0131s\u0131n\u0131n 28, fiilen milletvekili se\u00e7ildi\u011fi \u00fclke say\u0131s\u0131n\u0131n 17 oldu\u011fu g\u00f6z \u00f6n\u00fcne al\u0131nd\u0131\u011f\u0131nda, Atat\u00fcrk d\u00f6neminde elde edilen bu hakk\u0131n k\u0131ymeti daha net ortaya \u00e7\u0131k\u0131yor.<\/p>\n","protected":false},"excerpt":{"rendered":"<p>\u201cEy kahraman T\u00fcrk kad\u0131n\u0131! Sen yerde s\u00fcr\u00fcklenmeye de\u011fil, omuzlar \u00fczerinde g\u00f6klere y\u00fckselmeye lay\u0131ks\u0131n&#8230;\u201d T\u00fcrkiye Cumhuriyeti\u2019nin kurucusu Mustafa Kemal Atat\u00fcrk, t\u00fcm d\u00fcnyaya \u00f6rnek olacak ad\u0131mlarla kad\u0131nlara yeni bir bak\u0131\u015f a\u00e7\u0131s\u0131 kazand\u0131rd\u0131. Cumhuriyet\u2019in ilk y\u0131llar\u0131ndan itibaren kad\u0131nlar\u0131n siyasal ya\u015fama kat\u0131lmalar\u0131 y\u00f6n\u00fcnde bir dizi de\u011fi\u015fiklik yap\u0131ld\u0131. T\u00fcrkiye, Avrupa\u2019ya \u00f6rnek oldu 1930 y\u0131l\u0131ndan itibaren \u00f6nce belediye se\u00e7imlerine kat\u0131lma, daha<\/p>\n","protected":false},"author":1,"featured_media":21062,"comment_status":"open","ping_status":"open","sticky":false,"template":"","format":"standard","meta":{"footnotes":""},"categories":[79],"tags":[],"class_list":["post-21061","post","type-post","status-publish","format-standard","has-post-thumbnail","hentry","category-ekonomi"],"yoast_head":"<!-- This site is optimized with the Yoast SEO plugin v27.5 - https:\/\/yoast.com\/product\/yoast-seo-wordpress\/ -->\n<title>T\u00fcrk kad\u0131n\u0131na se\u00e7me ve se\u00e7ilme hakk\u0131 89 y\u0131l \u00f6nce bug\u00fcn verildi -<\/title>\n<meta name=\"robots\" content=\"index, follow, max-snippet:-1, max-image-preview:large, max-video-preview:-1\" \/>\n<link rel=\"canonical\" href=\"https:\/\/kibrisdakik.com\/?p=21061\" \/>\n<meta property=\"og:locale\" content=\"tr_TR\" \/>\n<meta property=\"og:type\" content=\"article\" \/>\n<meta property=\"og:title\" content=\"T\u00fcrk kad\u0131n\u0131na se\u00e7me ve se\u00e7ilme hakk\u0131 89 y\u0131l \u00f6nce bug\u00fcn verildi -\" \/>\n<meta property=\"og:description\" content=\"\u201cEy kahraman T\u00fcrk kad\u0131n\u0131! Sen yerde s\u00fcr\u00fcklenmeye de\u011fil, omuzlar \u00fczerinde g\u00f6klere y\u00fckselmeye lay\u0131ks\u0131n&#8230;\u201d T\u00fcrkiye Cumhuriyeti\u2019nin kurucusu Mustafa Kemal Atat\u00fcrk, t\u00fcm d\u00fcnyaya \u00f6rnek olacak ad\u0131mlarla kad\u0131nlara yeni bir bak\u0131\u015f a\u00e7\u0131s\u0131 kazand\u0131rd\u0131. Cumhuriyet\u2019in ilk y\u0131llar\u0131ndan itibaren kad\u0131nlar\u0131n siyasal ya\u015fama kat\u0131lmalar\u0131 y\u00f6n\u00fcnde bir dizi de\u011fi\u015fiklik yap\u0131ld\u0131. T\u00fcrkiye, Avrupa\u2019ya \u00f6rnek oldu 1930 y\u0131l\u0131ndan itibaren \u00f6nce belediye se\u00e7imlerine kat\u0131lma, daha\" \/>\n<meta property=\"og:url\" content=\"https:\/\/kibrisdakik.com\/?p=21061\" \/>\n<meta property=\"article:published_time\" content=\"2023-12-05T10:29:27+00:00\" \/>\n<meta property=\"og:image\" content=\"https:\/\/kibrisdakik.com\/wp-content\/uploads\/2023\/12\/secme-ve-secilme1-650x420.jpg\" \/>\n\t<meta property=\"og:image:width\" content=\"650\" \/>\n\t<meta property=\"og:image:height\" content=\"650\" \/>\n\t<meta property=\"og:image:type\" content=\"image\/jpeg\" \/>\n<meta name=\"author\" content=\"admin\" \/>\n<meta name=\"twitter:card\" content=\"summary_large_image\" \/>\n<meta name=\"twitter:label1\" content=\"Yazan:\" \/>\n\t<meta name=\"twitter:data1\" content=\"admin\" \/>\n\t<meta name=\"twitter:label2\" content=\"Tahmini okuma s\u00fcresi\" \/>\n\t<meta name=\"twitter:data2\" content=\"3 dakika\" \/>\n<script type=\"application\/ld+json\" class=\"yoast-schema-graph\">{\"@context\":\"https:\\\/\\\/schema.org\",\"@graph\":[{\"@type\":\"Article\",\"@id\":\"https:\\\/\\\/kibrisdakik.com\\\/?p=21061#article\",\"isPartOf\":{\"@id\":\"https:\\\/\\\/kibrisdakik.com\\\/?p=21061\"},\"author\":{\"name\":\"admin\",\"@id\":\"https:\\\/\\\/kibrisdakik.com\\\/#\\\/schema\\\/person\\\/9cd9d437bbb44f72b73ba127e06d8e79\"},\"headline\":\"T\u00fcrk kad\u0131n\u0131na se\u00e7me ve se\u00e7ilme hakk\u0131 89 y\u0131l \u00f6nce bug\u00fcn verildi\",\"datePublished\":\"2023-12-05T10:29:27+00:00\",\"mainEntityOfPage\":{\"@id\":\"https:\\\/\\\/kibrisdakik.com\\\/?p=21061\"},\"wordCount\":631,\"commentCount\":0,\"image\":{\"@id\":\"https:\\\/\\\/kibrisdakik.com\\\/?p=21061#primaryimage\"},\"thumbnailUrl\":\"https:\\\/\\\/kibrisdakik.com\\\/wp-content\\\/uploads\\\/2023\\\/12\\\/secme-ve-secilme1-650x420.jpg\",\"articleSection\":[\"Ekonomi\"],\"inLanguage\":\"tr\",\"potentialAction\":[{\"@type\":\"CommentAction\",\"name\":\"Comment\",\"target\":[\"https:\\\/\\\/kibrisdakik.com\\\/?p=21061#respond\"]}]},{\"@type\":\"WebPage\",\"@id\":\"https:\\\/\\\/kibrisdakik.com\\\/?p=21061\",\"url\":\"https:\\\/\\\/kibrisdakik.com\\\/?p=21061\",\"name\":\"T\u00fcrk kad\u0131n\u0131na se\u00e7me ve se\u00e7ilme hakk\u0131 89 y\u0131l \u00f6nce bug\u00fcn verildi -\",\"isPartOf\":{\"@id\":\"https:\\\/\\\/kibrisdakik.com\\\/#website\"},\"primaryImageOfPage\":{\"@id\":\"https:\\\/\\\/kibrisdakik.com\\\/?p=21061#primaryimage\"},\"image\":{\"@id\":\"https:\\\/\\\/kibrisdakik.com\\\/?p=21061#primaryimage\"},\"thumbnailUrl\":\"https:\\\/\\\/kibrisdakik.com\\\/wp-content\\\/uploads\\\/2023\\\/12\\\/secme-ve-secilme1-650x420.jpg\",\"datePublished\":\"2023-12-05T10:29:27+00:00\",\"author\":{\"@id\":\"https:\\\/\\\/kibrisdakik.com\\\/#\\\/schema\\\/person\\\/9cd9d437bbb44f72b73ba127e06d8e79\"},\"breadcrumb\":{\"@id\":\"https:\\\/\\\/kibrisdakik.com\\\/?p=21061#breadcrumb\"},\"inLanguage\":\"tr\",\"potentialAction\":[{\"@type\":\"ReadAction\",\"target\":[\"https:\\\/\\\/kibrisdakik.com\\\/?p=21061\"]}]},{\"@type\":\"ImageObject\",\"inLanguage\":\"tr\",\"@id\":\"https:\\\/\\\/kibrisdakik.com\\\/?p=21061#primaryimage\",\"url\":\"https:\\\/\\\/kibrisdakik.com\\\/wp-content\\\/uploads\\\/2023\\\/12\\\/secme-ve-secilme1-650x420.jpg\",\"contentUrl\":\"https:\\\/\\\/kibrisdakik.com\\\/wp-content\\\/uploads\\\/2023\\\/12\\\/secme-ve-secilme1-650x420.jpg\",\"width\":650,\"height\":650},{\"@type\":\"BreadcrumbList\",\"@id\":\"https:\\\/\\\/kibrisdakik.com\\\/?p=21061#breadcrumb\",\"itemListElement\":[{\"@type\":\"ListItem\",\"position\":1,\"name\":\"Home\",\"item\":\"https:\\\/\\\/kibrisdakik.com\\\/\"},{\"@type\":\"ListItem\",\"position\":2,\"name\":\"T\u00fcrk kad\u0131n\u0131na se\u00e7me ve se\u00e7ilme hakk\u0131 89 y\u0131l \u00f6nce bug\u00fcn verildi\"}]},{\"@type\":\"WebSite\",\"@id\":\"https:\\\/\\\/kibrisdakik.com\\\/#website\",\"url\":\"https:\\\/\\\/kibrisdakik.com\\\/\",\"name\":\"\",\"description\":\"Tam vaktinde haber\",\"potentialAction\":[{\"@type\":\"SearchAction\",\"target\":{\"@type\":\"EntryPoint\",\"urlTemplate\":\"https:\\\/\\\/kibrisdakik.com\\\/?s={search_term_string}\"},\"query-input\":{\"@type\":\"PropertyValueSpecification\",\"valueRequired\":true,\"valueName\":\"search_term_string\"}}],\"inLanguage\":\"tr\"},{\"@type\":\"Person\",\"@id\":\"https:\\\/\\\/kibrisdakik.com\\\/#\\\/schema\\\/person\\\/9cd9d437bbb44f72b73ba127e06d8e79\",\"name\":\"admin\",\"image\":{\"@type\":\"ImageObject\",\"inLanguage\":\"tr\",\"@id\":\"https:\\\/\\\/secure.gravatar.com\\\/avatar\\\/ccc17943b9d660506c869530f897617f7cb1c21a4bf30023f252596d83e1f007?s=96&d=mm&r=g\",\"url\":\"https:\\\/\\\/secure.gravatar.com\\\/avatar\\\/ccc17943b9d660506c869530f897617f7cb1c21a4bf30023f252596d83e1f007?s=96&d=mm&r=g\",\"contentUrl\":\"https:\\\/\\\/secure.gravatar.com\\\/avatar\\\/ccc17943b9d660506c869530f897617f7cb1c21a4bf30023f252596d83e1f007?s=96&d=mm&r=g\",\"caption\":\"admin\"},\"sameAs\":[\"https:\\\/\\\/kibrisdakik.com\"],\"url\":\"https:\\\/\\\/kibrisdakik.com\\\/?author=1\"}]}<\/script>\n<!-- \/ Yoast SEO plugin. -->","yoast_head_json":{"title":"T\u00fcrk kad\u0131n\u0131na se\u00e7me ve se\u00e7ilme hakk\u0131 89 y\u0131l \u00f6nce bug\u00fcn verildi -","robots":{"index":"index","follow":"follow","max-snippet":"max-snippet:-1","max-image-preview":"max-image-preview:large","max-video-preview":"max-video-preview:-1"},"canonical":"https:\/\/kibrisdakik.com\/?p=21061","og_locale":"tr_TR","og_type":"article","og_title":"T\u00fcrk kad\u0131n\u0131na se\u00e7me ve se\u00e7ilme hakk\u0131 89 y\u0131l \u00f6nce bug\u00fcn verildi -","og_description":"\u201cEy kahraman T\u00fcrk kad\u0131n\u0131! Sen yerde s\u00fcr\u00fcklenmeye de\u011fil, omuzlar \u00fczerinde g\u00f6klere y\u00fckselmeye lay\u0131ks\u0131n&#8230;\u201d T\u00fcrkiye Cumhuriyeti\u2019nin kurucusu Mustafa Kemal Atat\u00fcrk, t\u00fcm d\u00fcnyaya \u00f6rnek olacak ad\u0131mlarla kad\u0131nlara yeni bir bak\u0131\u015f a\u00e7\u0131s\u0131 kazand\u0131rd\u0131. Cumhuriyet\u2019in ilk y\u0131llar\u0131ndan itibaren kad\u0131nlar\u0131n siyasal ya\u015fama kat\u0131lmalar\u0131 y\u00f6n\u00fcnde bir dizi de\u011fi\u015fiklik yap\u0131ld\u0131. T\u00fcrkiye, Avrupa\u2019ya \u00f6rnek oldu 1930 y\u0131l\u0131ndan itibaren \u00f6nce belediye se\u00e7imlerine kat\u0131lma, daha","og_url":"https:\/\/kibrisdakik.com\/?p=21061","article_published_time":"2023-12-05T10:29:27+00:00","og_image":[{"width":650,"height":650,"url":"https:\/\/kibrisdakik.com\/wp-content\/uploads\/2023\/12\/secme-ve-secilme1-650x420.jpg","type":"image\/jpeg"}],"author":"admin","twitter_card":"summary_large_image","twitter_misc":{"Yazan:":"admin","Tahmini okuma s\u00fcresi":"3 dakika"},"schema":{"@context":"https:\/\/schema.org","@graph":[{"@type":"Article","@id":"https:\/\/kibrisdakik.com\/?p=21061#article","isPartOf":{"@id":"https:\/\/kibrisdakik.com\/?p=21061"},"author":{"name":"admin","@id":"https:\/\/kibrisdakik.com\/#\/schema\/person\/9cd9d437bbb44f72b73ba127e06d8e79"},"headline":"T\u00fcrk kad\u0131n\u0131na se\u00e7me ve se\u00e7ilme hakk\u0131 89 y\u0131l \u00f6nce bug\u00fcn verildi","datePublished":"2023-12-05T10:29:27+00:00","mainEntityOfPage":{"@id":"https:\/\/kibrisdakik.com\/?p=21061"},"wordCount":631,"commentCount":0,"image":{"@id":"https:\/\/kibrisdakik.com\/?p=21061#primaryimage"},"thumbnailUrl":"https:\/\/kibrisdakik.com\/wp-content\/uploads\/2023\/12\/secme-ve-secilme1-650x420.jpg","articleSection":["Ekonomi"],"inLanguage":"tr","potentialAction":[{"@type":"CommentAction","name":"Comment","target":["https:\/\/kibrisdakik.com\/?p=21061#respond"]}]},{"@type":"WebPage","@id":"https:\/\/kibrisdakik.com\/?p=21061","url":"https:\/\/kibrisdakik.com\/?p=21061","name":"T\u00fcrk kad\u0131n\u0131na se\u00e7me ve se\u00e7ilme hakk\u0131 89 y\u0131l \u00f6nce bug\u00fcn verildi -","isPartOf":{"@id":"https:\/\/kibrisdakik.com\/#website"},"primaryImageOfPage":{"@id":"https:\/\/kibrisdakik.com\/?p=21061#primaryimage"},"image":{"@id":"https:\/\/kibrisdakik.com\/?p=21061#primaryimage"},"thumbnailUrl":"https:\/\/kibrisdakik.com\/wp-content\/uploads\/2023\/12\/secme-ve-secilme1-650x420.jpg","datePublished":"2023-12-05T10:29:27+00:00","author":{"@id":"https:\/\/kibrisdakik.com\/#\/schema\/person\/9cd9d437bbb44f72b73ba127e06d8e79"},"breadcrumb":{"@id":"https:\/\/kibrisdakik.com\/?p=21061#breadcrumb"},"inLanguage":"tr","potentialAction":[{"@type":"ReadAction","target":["https:\/\/kibrisdakik.com\/?p=21061"]}]},{"@type":"ImageObject","inLanguage":"tr","@id":"https:\/\/kibrisdakik.com\/?p=21061#primaryimage","url":"https:\/\/kibrisdakik.com\/wp-content\/uploads\/2023\/12\/secme-ve-secilme1-650x420.jpg","contentUrl":"https:\/\/kibrisdakik.com\/wp-content\/uploads\/2023\/12\/secme-ve-secilme1-650x420.jpg","width":650,"height":650},{"@type":"BreadcrumbList","@id":"https:\/\/kibrisdakik.com\/?p=21061#breadcrumb","itemListElement":[{"@type":"ListItem","position":1,"name":"Home","item":"https:\/\/kibrisdakik.com\/"},{"@type":"ListItem","position":2,"name":"T\u00fcrk kad\u0131n\u0131na se\u00e7me ve se\u00e7ilme hakk\u0131 89 y\u0131l \u00f6nce bug\u00fcn verildi"}]},{"@type":"WebSite","@id":"https:\/\/kibrisdakik.com\/#website","url":"https:\/\/kibrisdakik.com\/","name":"","description":"Tam vaktinde haber","potentialAction":[{"@type":"SearchAction","target":{"@type":"EntryPoint","urlTemplate":"https:\/\/kibrisdakik.com\/?s={search_term_string}"},"query-input":{"@type":"PropertyValueSpecification","valueRequired":true,"valueName":"search_term_string"}}],"inLanguage":"tr"},{"@type":"Person","@id":"https:\/\/kibrisdakik.com\/#\/schema\/person\/9cd9d437bbb44f72b73ba127e06d8e79","name":"admin","image":{"@type":"ImageObject","inLanguage":"tr","@id":"https:\/\/secure.gravatar.com\/avatar\/ccc17943b9d660506c869530f897617f7cb1c21a4bf30023f252596d83e1f007?s=96&d=mm&r=g","url":"https:\/\/secure.gravatar.com\/avatar\/ccc17943b9d660506c869530f897617f7cb1c21a4bf30023f252596d83e1f007?s=96&d=mm&r=g","contentUrl":"https:\/\/secure.gravatar.com\/avatar\/ccc17943b9d660506c869530f897617f7cb1c21a4bf30023f252596d83e1f007?s=96&d=mm&r=g","caption":"admin"},"sameAs":["https:\/\/kibrisdakik.com"],"url":"https:\/\/kibrisdakik.com\/?author=1"}]}},"_links":{"self":[{"href":"https:\/\/kibrisdakik.com\/index.php?rest_route=\/wp\/v2\/posts\/21061","targetHints":{"allow":["GET"]}}],"collection":[{"href":"https:\/\/kibrisdakik.com\/index.php?rest_route=\/wp\/v2\/posts"}],"about":[{"href":"https:\/\/kibrisdakik.com\/index.php?rest_route=\/wp\/v2\/types\/post"}],"author":[{"embeddable":true,"href":"https:\/\/kibrisdakik.com\/index.php?rest_route=\/wp\/v2\/users\/1"}],"replies":[{"embeddable":true,"href":"https:\/\/kibrisdakik.com\/index.php?rest_route=%2Fwp%2Fv2%2Fcomments&post=21061"}],"version-history":[{"count":0,"href":"https:\/\/kibrisdakik.com\/index.php?rest_route=\/wp\/v2\/posts\/21061\/revisions"}],"wp:featuredmedia":[{"embeddable":true,"href":"https:\/\/kibrisdakik.com\/index.php?rest_route=\/wp\/v2\/media\/21062"}],"wp:attachment":[{"href":"https:\/\/kibrisdakik.com\/index.php?rest_route=%2Fwp%2Fv2%2Fmedia&parent=21061"}],"wp:term":[{"taxonomy":"category","embeddable":true,"href":"https:\/\/kibrisdakik.com\/index.php?rest_route=%2Fwp%2Fv2%2Fcategories&post=21061"},{"taxonomy":"post_tag","embeddable":true,"href":"https:\/\/kibrisdakik.com\/index.php?rest_route=%2Fwp%2Fv2%2Ftags&post=21061"}],"curies":[{"name":"wp","href":"https:\/\/api.w.org\/{rel}","templated":true}]}}