{"id":21069,"date":"2023-12-05T10:41:34","date_gmt":"2023-12-05T10:41:34","guid":{"rendered":"https:\/\/kibrisdakik.com\/index.php\/2023\/12\/05\/lefkosa-turk-belediyesinden-engelsiz-sanat-gecesi\/"},"modified":"2023-12-05T10:41:34","modified_gmt":"2023-12-05T10:41:34","slug":"lefkosa-turk-belediyesinden-engelsiz-sanat-gecesi","status":"publish","type":"post","link":"https:\/\/kibrisdakik.com\/?p=21069","title":{"rendered":"\u201cLefko\u015fa T\u00fcrk Belediyesi&#039;nden &quot;Engelsiz Sanat Gecesi\u201d"},"content":{"rendered":"<p><img decoding=\"async\" src=\"https:\/\/www.kibristurk.com\/images\/haberler\/2023\/12\/lefkosa-turk-belediyesinden-engelsiz-sanat-gecesi-1701770421.webp\" \/><\/p>\n<p style=\"text-align:left\"><span style=\"font-size:16px\"><span style=\"font-family:Merriweather,serif !important\"><span style=\"color:#000000\"><span style=\"background-color:#ffffff\">LTB\u2019den yap\u0131lan yaz\u0131l\u0131 a\u00e7\u0131klamaya g\u00f6re, \u201cLTB 7. Engelsiz Sanat Gecesi\u201d KT\u00d6S Salonu\u2019nda yer ald\u0131. Etkinli\u011fin ilk b\u00f6l\u00fcm\u00fcnde Rauf Raif Denkta\u015f G\u00f6rme Engelliler Okulu\u2019nun \u015fiir dinletisi, LTB Ritmorkestra\u2019dan orkestra dinletisi, Ye\u015filyurt \u00d6zel E\u011fitim Merkezi\u2019nin koro dinletisi, Mavi Sanat \u00f6\u011frencisi Enes Ye\u015fil\u2019den solo performans ve \u00d6ZEV\u2019den dans g\u00f6sterisi yer ald\u0131.<\/span><\/span><\/span><\/span><\/p>\n<p style=\"text-align:left\">&nbsp;<\/p>\n<p style=\"text-align:left\"><span style=\"font-size:16px\"><span style=\"font-family:Merriweather,serif !important\"><span style=\"color:#000000\"><span style=\"background-color:#ffffff\">Daha sonra Lefko\u015fa \u00d6zel E\u011fitim ve \u0130\u015f E\u011fitim Merkezi Koro Dinletisi, Alg\u0131m \u00d6zel E\u011fitim Merkezi Dans G\u00f6sterisi ve Girne \u00d6zel E\u011fitim Merkezi Beden Perk\u00fcsyonu ve Sahne \u015eov ile gece devam etti.<\/span><\/span><\/span><\/span><\/p>\n<p style=\"text-align:left\"><span style=\"font-size:16px\"><span style=\"font-family:Merriweather,serif !important\"><span style=\"color:#000000\"><span style=\"background-color:#ffffff\">Son b\u00f6l\u00fcmde ise \u00d6zg\u00fcr Ad\u0131mlar \u00d6zel E\u011fitim Merkezi\u2019nin Dans G\u00f6sterisi, LTB \u00c7ocuk Merkezi &amp; M\u00fczikA Sanat Okulu\u2019nun Piano Dinletisi ve Berto E\u011fitim Merkezi\u2019nin solo performanslar\u0131 yer ald\u0131.<\/span><\/span><\/span><\/span><\/p>\n<p style=\"text-align:left\"><span style=\"font-size:16px\"><span style=\"font-family:Merriweather,serif !important\"><span style=\"color:#000000\"><span style=\"background-color:#ffffff\">-Harmanc\u0131: \u201cBireylerde \u00f6z fark\u0131ndal\u0131\u011f\u0131n artmas\u0131 \u00f6nemli\u201d<\/span><\/span><\/span><\/span><\/p>\n<p style=\"text-align:left\"><span style=\"font-size:16px\"><span style=\"font-family:Merriweather,serif !important\"><span style=\"color:#000000\"><span style=\"background-color:#ffffff\">Etkinli\u011fin ba\u015f\u0131nda bir konu\u015fma yapan LTB Ba\u015fkan\u0131 Harmanc\u0131, bireylerde \u00f6z fark\u0131ndal\u0131\u011f\u0131n artmas\u0131n\u0131n \u00f6nemine i\u015faret etti ve \u201cNe yaparsak yapal\u0131m e\u011fer bireyler kendi kafalar\u0131ndaki engelleri kald\u0131rmazsa engel biz oluyoruz\u201d dedi.<\/span><\/span><\/span><\/span><\/p>\n<p style=\"text-align:left\"><span style=\"font-size:16px\"><span style=\"font-family:Merriweather,serif !important\"><span style=\"color:#000000\"><span style=\"background-color:#ffffff\">LTB\u2019nin bozuk bir engelli arac\u0131 ile bu yola \u00e7\u0131kt\u0131\u011f\u0131n\u0131, \u015fu anda ise t\u00fcm okullara engelsiz ula\u015f\u0131m sa\u011flayacak bir noktaya gelindi\u011fini belirten Ba\u015fkan Harmanc\u0131, Yeni D\u00fcnya Engelsiz Aktivite Merkezi ile \u00f6zel gereksinimli bireylere farkl\u0131 hizmetler verildi\u011fini kaydetti. Harmanc\u0131, bu alandaki hizmet yelpazesini artt\u0131rmay\u0131 ama\u00e7lad\u0131klar\u0131n\u0131 da s\u00f6yledi.<\/span><\/span><\/span><\/span><\/p>\n<p style=\"text-align:left\"><span style=\"font-size:16px\"><span style=\"font-family:Merriweather,serif !important\"><span style=\"color:#000000\"><span style=\"background-color:#ffffff\">Ba\u015fkan Harmanc\u0131 t\u00fcm kamu kurulu\u015flar\u0131 ve \u00f6zel \u015firketleri engelsiz aktiviteye te\u015fvik etmek i\u00e7in \u00e7al\u0131\u015ft\u0131klar\u0131n\u0131 da ifade etti.<\/span><\/span><\/span><\/span><\/p>\n<p style=\"text-align:left\"><span style=\"font-size:16px\"><span style=\"font-family:Merriweather,serif !important\"><span style=\"color:#000000\"><span style=\"background-color:#ffffff\">Daha sonra etkinli\u011fe kat\u0131lan merkezlere ve gecenin d\u00fczenlenmesine katk\u0131 koyan ki\u015fi ve kurumlara te\u015fekk\u00fcr belgeleri takdim edilerek g\u00f6sterilere ge\u00e7ildi.<\/span><\/span><\/span><\/span><\/p>\n","protected":false},"excerpt":{"rendered":"<p>LTB\u2019den yap\u0131lan yaz\u0131l\u0131 a\u00e7\u0131klamaya g\u00f6re, \u201cLTB 7. Engelsiz Sanat Gecesi\u201d KT\u00d6S Salonu\u2019nda yer ald\u0131. Etkinli\u011fin ilk b\u00f6l\u00fcm\u00fcnde Rauf Raif Denkta\u015f G\u00f6rme Engelliler Okulu\u2019nun \u015fiir dinletisi, LTB Ritmorkestra\u2019dan orkestra dinletisi, Ye\u015filyurt \u00d6zel E\u011fitim Merkezi\u2019nin koro dinletisi, Mavi Sanat \u00f6\u011frencisi Enes Ye\u015fil\u2019den solo performans ve \u00d6ZEV\u2019den dans g\u00f6sterisi yer ald\u0131. &nbsp; Daha sonra Lefko\u015fa \u00d6zel E\u011fitim ve<\/p>\n","protected":false},"author":1,"featured_media":21070,"comment_status":"open","ping_status":"open","sticky":false,"template":"","format":"standard","meta":{"footnotes":""},"categories":[85],"tags":[],"class_list":["post-21069","post","type-post","status-publish","format-standard","has-post-thumbnail","hentry","category-spor"],"yoast_head":"<!-- This site is optimized with the Yoast SEO plugin v27.5 - https:\/\/yoast.com\/product\/yoast-seo-wordpress\/ -->\n<title>\u201cLefko\u015fa T\u00fcrk Belediyesi&#039;nden &quot;Engelsiz Sanat Gecesi\u201d -<\/title>\n<meta name=\"robots\" content=\"index, follow, max-snippet:-1, max-image-preview:large, max-video-preview:-1\" \/>\n<link rel=\"canonical\" href=\"https:\/\/kibrisdakik.com\/?p=21069\" \/>\n<meta property=\"og:locale\" content=\"tr_TR\" \/>\n<meta property=\"og:type\" content=\"article\" \/>\n<meta property=\"og:title\" content=\"\u201cLefko\u015fa T\u00fcrk Belediyesi&#039;nden &quot;Engelsiz Sanat Gecesi\u201d -\" \/>\n<meta property=\"og:description\" content=\"LTB\u2019den yap\u0131lan yaz\u0131l\u0131 a\u00e7\u0131klamaya g\u00f6re, \u201cLTB 7. Engelsiz Sanat Gecesi\u201d KT\u00d6S Salonu\u2019nda yer ald\u0131. Etkinli\u011fin ilk b\u00f6l\u00fcm\u00fcnde Rauf Raif Denkta\u015f G\u00f6rme Engelliler Okulu\u2019nun \u015fiir dinletisi, LTB Ritmorkestra\u2019dan orkestra dinletisi, Ye\u015filyurt \u00d6zel E\u011fitim Merkezi\u2019nin koro dinletisi, Mavi Sanat \u00f6\u011frencisi Enes Ye\u015fil\u2019den solo performans ve \u00d6ZEV\u2019den dans g\u00f6sterisi yer ald\u0131. &nbsp; Daha sonra Lefko\u015fa \u00d6zel E\u011fitim ve\" \/>\n<meta property=\"og:url\" content=\"https:\/\/kibrisdakik.com\/?p=21069\" \/>\n<meta property=\"article:published_time\" content=\"2023-12-05T10:41:34+00:00\" \/>\n<meta property=\"og:image\" content=\"https:\/\/kibrisdakik.com\/wp-content\/uploads\/2023\/12\/lefkosa-turk-belediyesinden-engelsiz-sanat-gecesi-1701770421.webp.webp\" \/>\n\t<meta property=\"og:image:width\" content=\"710\" \/>\n\t<meta property=\"og:image:height\" content=\"370\" \/>\n\t<meta property=\"og:image:type\" content=\"image\/webp\" \/>\n<meta name=\"author\" content=\"admin\" \/>\n<meta name=\"twitter:card\" content=\"summary_large_image\" \/>\n<meta name=\"twitter:label1\" content=\"Yazan:\" \/>\n\t<meta name=\"twitter:data1\" content=\"admin\" \/>\n\t<meta name=\"twitter:label2\" content=\"Tahmini okuma s\u00fcresi\" \/>\n\t<meta name=\"twitter:data2\" content=\"2 dakika\" \/>\n<script type=\"application\/ld+json\" class=\"yoast-schema-graph\">{\"@context\":\"https:\\\/\\\/schema.org\",\"@graph\":[{\"@type\":\"Article\",\"@id\":\"https:\\\/\\\/kibrisdakik.com\\\/?p=21069#article\",\"isPartOf\":{\"@id\":\"https:\\\/\\\/kibrisdakik.com\\\/?p=21069\"},\"author\":{\"name\":\"admin\",\"@id\":\"https:\\\/\\\/kibrisdakik.com\\\/#\\\/schema\\\/person\\\/9cd9d437bbb44f72b73ba127e06d8e79\"},\"headline\":\"\u201cLefko\u015fa T\u00fcrk Belediyesi&#039;nden &quot;Engelsiz Sanat Gecesi\u201d\",\"datePublished\":\"2023-12-05T10:41:34+00:00\",\"mainEntityOfPage\":{\"@id\":\"https:\\\/\\\/kibrisdakik.com\\\/?p=21069\"},\"wordCount\":316,\"commentCount\":0,\"image\":{\"@id\":\"https:\\\/\\\/kibrisdakik.com\\\/?p=21069#primaryimage\"},\"thumbnailUrl\":\"https:\\\/\\\/kibrisdakik.com\\\/wp-content\\\/uploads\\\/2023\\\/12\\\/lefkosa-turk-belediyesinden-engelsiz-sanat-gecesi-1701770421.webp.webp\",\"articleSection\":[\"Spor\"],\"inLanguage\":\"tr\",\"potentialAction\":[{\"@type\":\"CommentAction\",\"name\":\"Comment\",\"target\":[\"https:\\\/\\\/kibrisdakik.com\\\/?p=21069#respond\"]}]},{\"@type\":\"WebPage\",\"@id\":\"https:\\\/\\\/kibrisdakik.com\\\/?p=21069\",\"url\":\"https:\\\/\\\/kibrisdakik.com\\\/?p=21069\",\"name\":\"\u201cLefko\u015fa T\u00fcrk Belediyesi&#039;nden &quot;Engelsiz Sanat Gecesi\u201d -\",\"isPartOf\":{\"@id\":\"https:\\\/\\\/kibrisdakik.com\\\/#website\"},\"primaryImageOfPage\":{\"@id\":\"https:\\\/\\\/kibrisdakik.com\\\/?p=21069#primaryimage\"},\"image\":{\"@id\":\"https:\\\/\\\/kibrisdakik.com\\\/?p=21069#primaryimage\"},\"thumbnailUrl\":\"https:\\\/\\\/kibrisdakik.com\\\/wp-content\\\/uploads\\\/2023\\\/12\\\/lefkosa-turk-belediyesinden-engelsiz-sanat-gecesi-1701770421.webp.webp\",\"datePublished\":\"2023-12-05T10:41:34+00:00\",\"author\":{\"@id\":\"https:\\\/\\\/kibrisdakik.com\\\/#\\\/schema\\\/person\\\/9cd9d437bbb44f72b73ba127e06d8e79\"},\"breadcrumb\":{\"@id\":\"https:\\\/\\\/kibrisdakik.com\\\/?p=21069#breadcrumb\"},\"inLanguage\":\"tr\",\"potentialAction\":[{\"@type\":\"ReadAction\",\"target\":[\"https:\\\/\\\/kibrisdakik.com\\\/?p=21069\"]}]},{\"@type\":\"ImageObject\",\"inLanguage\":\"tr\",\"@id\":\"https:\\\/\\\/kibrisdakik.com\\\/?p=21069#primaryimage\",\"url\":\"https:\\\/\\\/kibrisdakik.com\\\/wp-content\\\/uploads\\\/2023\\\/12\\\/lefkosa-turk-belediyesinden-engelsiz-sanat-gecesi-1701770421.webp.webp\",\"contentUrl\":\"https:\\\/\\\/kibrisdakik.com\\\/wp-content\\\/uploads\\\/2023\\\/12\\\/lefkosa-turk-belediyesinden-engelsiz-sanat-gecesi-1701770421.webp.webp\",\"width\":710,\"height\":370},{\"@type\":\"BreadcrumbList\",\"@id\":\"https:\\\/\\\/kibrisdakik.com\\\/?p=21069#breadcrumb\",\"itemListElement\":[{\"@type\":\"ListItem\",\"position\":1,\"name\":\"Home\",\"item\":\"https:\\\/\\\/kibrisdakik.com\\\/\"},{\"@type\":\"ListItem\",\"position\":2,\"name\":\"\u201cLefko\u015fa T\u00fcrk Belediyesi&#039;nden &quot;Engelsiz Sanat Gecesi\u201d\"}]},{\"@type\":\"WebSite\",\"@id\":\"https:\\\/\\\/kibrisdakik.com\\\/#website\",\"url\":\"https:\\\/\\\/kibrisdakik.com\\\/\",\"name\":\"\",\"description\":\"Tam vaktinde haber\",\"potentialAction\":[{\"@type\":\"SearchAction\",\"target\":{\"@type\":\"EntryPoint\",\"urlTemplate\":\"https:\\\/\\\/kibrisdakik.com\\\/?s={search_term_string}\"},\"query-input\":{\"@type\":\"PropertyValueSpecification\",\"valueRequired\":true,\"valueName\":\"search_term_string\"}}],\"inLanguage\":\"tr\"},{\"@type\":\"Person\",\"@id\":\"https:\\\/\\\/kibrisdakik.com\\\/#\\\/schema\\\/person\\\/9cd9d437bbb44f72b73ba127e06d8e79\",\"name\":\"admin\",\"image\":{\"@type\":\"ImageObject\",\"inLanguage\":\"tr\",\"@id\":\"https:\\\/\\\/secure.gravatar.com\\\/avatar\\\/ccc17943b9d660506c869530f897617f7cb1c21a4bf30023f252596d83e1f007?s=96&d=mm&r=g\",\"url\":\"https:\\\/\\\/secure.gravatar.com\\\/avatar\\\/ccc17943b9d660506c869530f897617f7cb1c21a4bf30023f252596d83e1f007?s=96&d=mm&r=g\",\"contentUrl\":\"https:\\\/\\\/secure.gravatar.com\\\/avatar\\\/ccc17943b9d660506c869530f897617f7cb1c21a4bf30023f252596d83e1f007?s=96&d=mm&r=g\",\"caption\":\"admin\"},\"sameAs\":[\"https:\\\/\\\/kibrisdakik.com\"],\"url\":\"https:\\\/\\\/kibrisdakik.com\\\/?author=1\"}]}<\/script>\n<!-- \/ Yoast SEO plugin. -->","yoast_head_json":{"title":"\u201cLefko\u015fa T\u00fcrk Belediyesi&#039;nden &quot;Engelsiz Sanat Gecesi\u201d -","robots":{"index":"index","follow":"follow","max-snippet":"max-snippet:-1","max-image-preview":"max-image-preview:large","max-video-preview":"max-video-preview:-1"},"canonical":"https:\/\/kibrisdakik.com\/?p=21069","og_locale":"tr_TR","og_type":"article","og_title":"\u201cLefko\u015fa T\u00fcrk Belediyesi&#039;nden &quot;Engelsiz Sanat Gecesi\u201d -","og_description":"LTB\u2019den yap\u0131lan yaz\u0131l\u0131 a\u00e7\u0131klamaya g\u00f6re, \u201cLTB 7. Engelsiz Sanat Gecesi\u201d KT\u00d6S Salonu\u2019nda yer ald\u0131. Etkinli\u011fin ilk b\u00f6l\u00fcm\u00fcnde Rauf Raif Denkta\u015f G\u00f6rme Engelliler Okulu\u2019nun \u015fiir dinletisi, LTB Ritmorkestra\u2019dan orkestra dinletisi, Ye\u015filyurt \u00d6zel E\u011fitim Merkezi\u2019nin koro dinletisi, Mavi Sanat \u00f6\u011frencisi Enes Ye\u015fil\u2019den solo performans ve \u00d6ZEV\u2019den dans g\u00f6sterisi yer ald\u0131. &nbsp; Daha sonra Lefko\u015fa \u00d6zel E\u011fitim ve","og_url":"https:\/\/kibrisdakik.com\/?p=21069","article_published_time":"2023-12-05T10:41:34+00:00","og_image":[{"width":710,"height":370,"url":"https:\/\/kibrisdakik.com\/wp-content\/uploads\/2023\/12\/lefkosa-turk-belediyesinden-engelsiz-sanat-gecesi-1701770421.webp.webp","type":"image\/webp"}],"author":"admin","twitter_card":"summary_large_image","twitter_misc":{"Yazan:":"admin","Tahmini okuma s\u00fcresi":"2 dakika"},"schema":{"@context":"https:\/\/schema.org","@graph":[{"@type":"Article","@id":"https:\/\/kibrisdakik.com\/?p=21069#article","isPartOf":{"@id":"https:\/\/kibrisdakik.com\/?p=21069"},"author":{"name":"admin","@id":"https:\/\/kibrisdakik.com\/#\/schema\/person\/9cd9d437bbb44f72b73ba127e06d8e79"},"headline":"\u201cLefko\u015fa T\u00fcrk Belediyesi&#039;nden &quot;Engelsiz Sanat Gecesi\u201d","datePublished":"2023-12-05T10:41:34+00:00","mainEntityOfPage":{"@id":"https:\/\/kibrisdakik.com\/?p=21069"},"wordCount":316,"commentCount":0,"image":{"@id":"https:\/\/kibrisdakik.com\/?p=21069#primaryimage"},"thumbnailUrl":"https:\/\/kibrisdakik.com\/wp-content\/uploads\/2023\/12\/lefkosa-turk-belediyesinden-engelsiz-sanat-gecesi-1701770421.webp.webp","articleSection":["Spor"],"inLanguage":"tr","potentialAction":[{"@type":"CommentAction","name":"Comment","target":["https:\/\/kibrisdakik.com\/?p=21069#respond"]}]},{"@type":"WebPage","@id":"https:\/\/kibrisdakik.com\/?p=21069","url":"https:\/\/kibrisdakik.com\/?p=21069","name":"\u201cLefko\u015fa T\u00fcrk Belediyesi&#039;nden &quot;Engelsiz Sanat Gecesi\u201d -","isPartOf":{"@id":"https:\/\/kibrisdakik.com\/#website"},"primaryImageOfPage":{"@id":"https:\/\/kibrisdakik.com\/?p=21069#primaryimage"},"image":{"@id":"https:\/\/kibrisdakik.com\/?p=21069#primaryimage"},"thumbnailUrl":"https:\/\/kibrisdakik.com\/wp-content\/uploads\/2023\/12\/lefkosa-turk-belediyesinden-engelsiz-sanat-gecesi-1701770421.webp.webp","datePublished":"2023-12-05T10:41:34+00:00","author":{"@id":"https:\/\/kibrisdakik.com\/#\/schema\/person\/9cd9d437bbb44f72b73ba127e06d8e79"},"breadcrumb":{"@id":"https:\/\/kibrisdakik.com\/?p=21069#breadcrumb"},"inLanguage":"tr","potentialAction":[{"@type":"ReadAction","target":["https:\/\/kibrisdakik.com\/?p=21069"]}]},{"@type":"ImageObject","inLanguage":"tr","@id":"https:\/\/kibrisdakik.com\/?p=21069#primaryimage","url":"https:\/\/kibrisdakik.com\/wp-content\/uploads\/2023\/12\/lefkosa-turk-belediyesinden-engelsiz-sanat-gecesi-1701770421.webp.webp","contentUrl":"https:\/\/kibrisdakik.com\/wp-content\/uploads\/2023\/12\/lefkosa-turk-belediyesinden-engelsiz-sanat-gecesi-1701770421.webp.webp","width":710,"height":370},{"@type":"BreadcrumbList","@id":"https:\/\/kibrisdakik.com\/?p=21069#breadcrumb","itemListElement":[{"@type":"ListItem","position":1,"name":"Home","item":"https:\/\/kibrisdakik.com\/"},{"@type":"ListItem","position":2,"name":"\u201cLefko\u015fa T\u00fcrk Belediyesi&#039;nden &quot;Engelsiz Sanat Gecesi\u201d"}]},{"@type":"WebSite","@id":"https:\/\/kibrisdakik.com\/#website","url":"https:\/\/kibrisdakik.com\/","name":"","description":"Tam vaktinde haber","potentialAction":[{"@type":"SearchAction","target":{"@type":"EntryPoint","urlTemplate":"https:\/\/kibrisdakik.com\/?s={search_term_string}"},"query-input":{"@type":"PropertyValueSpecification","valueRequired":true,"valueName":"search_term_string"}}],"inLanguage":"tr"},{"@type":"Person","@id":"https:\/\/kibrisdakik.com\/#\/schema\/person\/9cd9d437bbb44f72b73ba127e06d8e79","name":"admin","image":{"@type":"ImageObject","inLanguage":"tr","@id":"https:\/\/secure.gravatar.com\/avatar\/ccc17943b9d660506c869530f897617f7cb1c21a4bf30023f252596d83e1f007?s=96&d=mm&r=g","url":"https:\/\/secure.gravatar.com\/avatar\/ccc17943b9d660506c869530f897617f7cb1c21a4bf30023f252596d83e1f007?s=96&d=mm&r=g","contentUrl":"https:\/\/secure.gravatar.com\/avatar\/ccc17943b9d660506c869530f897617f7cb1c21a4bf30023f252596d83e1f007?s=96&d=mm&r=g","caption":"admin"},"sameAs":["https:\/\/kibrisdakik.com"],"url":"https:\/\/kibrisdakik.com\/?author=1"}]}},"_links":{"self":[{"href":"https:\/\/kibrisdakik.com\/index.php?rest_route=\/wp\/v2\/posts\/21069","targetHints":{"allow":["GET"]}}],"collection":[{"href":"https:\/\/kibrisdakik.com\/index.php?rest_route=\/wp\/v2\/posts"}],"about":[{"href":"https:\/\/kibrisdakik.com\/index.php?rest_route=\/wp\/v2\/types\/post"}],"author":[{"embeddable":true,"href":"https:\/\/kibrisdakik.com\/index.php?rest_route=\/wp\/v2\/users\/1"}],"replies":[{"embeddable":true,"href":"https:\/\/kibrisdakik.com\/index.php?rest_route=%2Fwp%2Fv2%2Fcomments&post=21069"}],"version-history":[{"count":0,"href":"https:\/\/kibrisdakik.com\/index.php?rest_route=\/wp\/v2\/posts\/21069\/revisions"}],"wp:featuredmedia":[{"embeddable":true,"href":"https:\/\/kibrisdakik.com\/index.php?rest_route=\/wp\/v2\/media\/21070"}],"wp:attachment":[{"href":"https:\/\/kibrisdakik.com\/index.php?rest_route=%2Fwp%2Fv2%2Fmedia&parent=21069"}],"wp:term":[{"taxonomy":"category","embeddable":true,"href":"https:\/\/kibrisdakik.com\/index.php?rest_route=%2Fwp%2Fv2%2Fcategories&post=21069"},{"taxonomy":"post_tag","embeddable":true,"href":"https:\/\/kibrisdakik.com\/index.php?rest_route=%2Fwp%2Fv2%2Ftags&post=21069"}],"curies":[{"name":"wp","href":"https:\/\/api.w.org\/{rel}","templated":true}]}}