{"id":21081,"date":"2023-12-05T11:42:53","date_gmt":"2023-12-05T11:42:53","guid":{"rendered":"https:\/\/kibrisdakik.com\/index.php\/2023\/12\/05\/kibris-turk-helliminin-2024te-guney-kibris-uzerinden-ihracatinin-baslanmasi-hedefleniyor\/"},"modified":"2023-12-05T11:42:53","modified_gmt":"2023-12-05T11:42:53","slug":"kibris-turk-helliminin-2024te-guney-kibris-uzerinden-ihracatinin-baslanmasi-hedefleniyor","status":"publish","type":"post","link":"https:\/\/kibrisdakik.com\/?p=21081","title":{"rendered":"K\u0131br\u0131s T\u00fcrk helliminin 2024\u2019te G\u00fcney K\u0131br\u0131s \u00fczerinden ihracat\u0131n\u0131n ba\u015flanmas\u0131 hedefleniyor"},"content":{"rendered":"<p><img decoding=\"async\" src=\"https:\/\/www.kibristurk.com\/images\/haberler\/2023\/12\/kibris-turk-helliminin-2024te-guney-kibris-uzerinden-ihracatinin-baslanmasi-hedefleniyor-1701769571.webp\" \/><\/p>\n<p>Avrupa Komisyonu &nbsp;Genel M\u00fcd\u00fcr Direkt\u00f6r Yard\u0131mc\u0131s\u0131 ve K\u0131br\u0131s \u00c7\u00f6z\u00fcm Destek Birimi Ba\u015fkan\u0131 Kjartan Bj\u00f6rnsson, K\u0131br\u0131sl\u0131 Rum ve K\u0131br\u0131sl\u0131 T\u00fcrk gazetecilerle Br\u00fcksel\u2019de bir araya gelerek Ye\u015fil Hat t\u00fcz\u00fc\u011f\u00fc, hellim, ve iki toplumlu giri\u015fimler konular\u0131nda a\u00e7\u0131klamalarda bulundu.<\/p>\n<p>Alithia ve di\u011fer gazeteler, Bj\u00f6rnsson\u2019un Br\u00fcksel\u2019de K\u0131br\u0131sl\u0131 Rum ve K\u0131br\u0131sl\u0131 T\u00fcrk gazetecilerle bir araya geldi\u011fini, toplant\u0131 s\u0131ras\u0131nda yapt\u0131\u011f\u0131 a\u00e7\u0131klamada, K\u0131br\u0131s T\u00fcrk helliminin 2024 y\u0131l\u0131 i\u00e7erisinde G\u00fcney K\u0131br\u0131s \u00fczerinden ihracat\u0131na ba\u015flanmas\u0131n\u0131 hedeflediklerini s\u00f6yledi\u011fini yazd\u0131lar.<\/p>\n<p>Habere g\u00f6re Bj\u00f6rnsson, Komisyon\u2019un hedefinin, K\u0131br\u0131sl\u0131 T\u00fcrkler taraf\u0131ndan Men\u015fe \u0130smi Korumal\u0131 \u00dcr\u00fcn (M\u0130K) patentine uygun olarak \u00fcretilen hellimlerin Ye\u015fil Hat t\u00fcz\u00fc\u011f\u00fc \u00e7er\u00e7evesinde G\u00fcney K\u0131br\u0131s \u00fczerinden ihra\u00e7 edilmesine 2024 y\u0131l\u0131n\u0131n haziran ay\u0131na kadar ba\u015flanmas\u0131 oldu\u011funu ifade etti.<\/p>\n<p>K\u0131br\u0131s T\u00fcrk toplumunun AB\u2019\u0131n sa\u011fl\u0131k kriterlerini ba\u015far\u0131l\u0131 bir \u015fekilde benimsemesini ve bunun K\u0131br\u0131s sorununun \u00e7\u00f6z\u00fcm\u00fc m\u00fczakerelerine katk\u0131da bulunmas\u0131n\u0131 umut etti\u011fini vurgulayan Bj\u00f6rnsson, kar\u015f\u0131l\u0131kl\u0131 ge\u00e7i\u015fler ve ticaretin artmas\u0131n\u0131n yan\u0131 s\u0131ra, hellimin de \u00f6zellikle bir umut mesaj\u0131 olaca\u011f\u0131n\u0131 savundu.<\/p>\n<p>Bj\u00f6rnsson, K\u0131br\u0131s T\u00fcrk toplumunun, AB kriterlerini benimseme yetisi ve iste\u011fi oldu\u011funu ve iki taraf\u0131n gazetecileri aras\u0131nda i\u015f birli\u011finin AB programlar\u0131 arac\u0131l\u0131\u011f\u0131yla artt\u0131r\u0131lmas\u0131n\u0131n iyi bir fikir oldu\u011funu vurgulayarak, yak\u0131n tarihte m\u00fctercim terc\u00fcmanlar aras\u0131nda yap\u0131lan iki toplumlu giri\u015fimin, siyasetin d\u0131\u015f\u0131ndaki teknik ve mesleki i\u015f birli\u011finin iyi bir \u00f6rne\u011fi oldu\u011funu ifade etti.<\/p>\n<p>Gazete, Bj\u00f6rnsson\u2019un konu\u015fmas\u0131nda, Komisyon\u2019un K\u0131br\u0131sl\u0131 T\u00fcrklere y\u00f6nelik destek programlar\u0131na ve g\u00fcven yarat\u0131c\u0131 \u00f6nlemlere yapt\u0131\u011f\u0131 katk\u0131lara geni\u015f \u015fekilde de\u011findi\u011fini belirtirken kar\u015f\u0131l\u0131kl\u0131 ge\u00e7i\u015fler ile ticaret rakamlar\u0131n\u0131 da dile getirdi\u011fini yazd\u0131.<\/p>\n<p>Bj\u00f6rnsson, 2022 y\u0131l\u0131nda kar\u015f\u0131l\u0131kl\u0131 ge\u00e7i\u015flerin 5 milyon 800 bin oldu\u011funu, ayn\u0131 y\u0131l Ye\u015fil Hat T\u00fcz\u00fc\u011f\u00fc&#8217;nden yap\u0131lan ticaretin ise rekor bir art\u0131\u015fla 14 milyon 600 bin Euro\u2019ya ula\u015ft\u0131\u011f\u0131n\u0131 s\u00f6yledi.<\/p>\n","protected":false},"excerpt":{"rendered":"<p>Avrupa Komisyonu &nbsp;Genel M\u00fcd\u00fcr Direkt\u00f6r Yard\u0131mc\u0131s\u0131 ve K\u0131br\u0131s \u00c7\u00f6z\u00fcm Destek Birimi Ba\u015fkan\u0131 Kjartan Bj\u00f6rnsson, K\u0131br\u0131sl\u0131 Rum ve K\u0131br\u0131sl\u0131 T\u00fcrk gazetecilerle Br\u00fcksel\u2019de bir araya gelerek Ye\u015fil Hat t\u00fcz\u00fc\u011f\u00fc, hellim, ve iki toplumlu giri\u015fimler konular\u0131nda a\u00e7\u0131klamalarda bulundu. Alithia ve di\u011fer gazeteler, Bj\u00f6rnsson\u2019un Br\u00fcksel\u2019de K\u0131br\u0131sl\u0131 Rum ve K\u0131br\u0131sl\u0131 T\u00fcrk gazetecilerle bir araya geldi\u011fini, toplant\u0131 s\u0131ras\u0131nda yapt\u0131\u011f\u0131 a\u00e7\u0131klamada, K\u0131br\u0131s<\/p>\n","protected":false},"author":1,"featured_media":21082,"comment_status":"open","ping_status":"open","sticky":false,"template":"","format":"standard","meta":{"footnotes":""},"categories":[85],"tags":[],"class_list":["post-21081","post","type-post","status-publish","format-standard","has-post-thumbnail","hentry","category-spor"],"yoast_head":"<!-- This site is optimized with the Yoast SEO plugin v27.5 - https:\/\/yoast.com\/product\/yoast-seo-wordpress\/ -->\n<title>K\u0131br\u0131s T\u00fcrk helliminin 2024\u2019te G\u00fcney K\u0131br\u0131s \u00fczerinden ihracat\u0131n\u0131n ba\u015flanmas\u0131 hedefleniyor -<\/title>\n<meta name=\"robots\" content=\"index, follow, max-snippet:-1, max-image-preview:large, max-video-preview:-1\" \/>\n<link rel=\"canonical\" href=\"https:\/\/kibrisdakik.com\/?p=21081\" \/>\n<meta property=\"og:locale\" content=\"tr_TR\" \/>\n<meta property=\"og:type\" content=\"article\" \/>\n<meta property=\"og:title\" content=\"K\u0131br\u0131s T\u00fcrk helliminin 2024\u2019te G\u00fcney K\u0131br\u0131s \u00fczerinden ihracat\u0131n\u0131n ba\u015flanmas\u0131 hedefleniyor -\" \/>\n<meta property=\"og:description\" content=\"Avrupa Komisyonu &nbsp;Genel M\u00fcd\u00fcr Direkt\u00f6r Yard\u0131mc\u0131s\u0131 ve K\u0131br\u0131s \u00c7\u00f6z\u00fcm Destek Birimi Ba\u015fkan\u0131 Kjartan Bj\u00f6rnsson, K\u0131br\u0131sl\u0131 Rum ve K\u0131br\u0131sl\u0131 T\u00fcrk gazetecilerle Br\u00fcksel\u2019de bir araya gelerek Ye\u015fil Hat t\u00fcz\u00fc\u011f\u00fc, hellim, ve iki toplumlu giri\u015fimler konular\u0131nda a\u00e7\u0131klamalarda bulundu. Alithia ve di\u011fer gazeteler, Bj\u00f6rnsson\u2019un Br\u00fcksel\u2019de K\u0131br\u0131sl\u0131 Rum ve K\u0131br\u0131sl\u0131 T\u00fcrk gazetecilerle bir araya geldi\u011fini, toplant\u0131 s\u0131ras\u0131nda yapt\u0131\u011f\u0131 a\u00e7\u0131klamada, K\u0131br\u0131s\" \/>\n<meta property=\"og:url\" content=\"https:\/\/kibrisdakik.com\/?p=21081\" \/>\n<meta property=\"article:published_time\" content=\"2023-12-05T11:42:53+00:00\" \/>\n<meta property=\"og:image\" content=\"https:\/\/kibrisdakik.com\/wp-content\/uploads\/2023\/12\/kibris-turk-helliminin-2024te-guney-kibris-uzerinden-ihracatinin-baslanmasi-hedefleniyor-1701769571.webp.webp\" \/>\n\t<meta property=\"og:image:width\" content=\"710\" \/>\n\t<meta property=\"og:image:height\" content=\"370\" \/>\n\t<meta property=\"og:image:type\" content=\"image\/webp\" \/>\n<meta name=\"author\" content=\"admin\" \/>\n<meta name=\"twitter:card\" content=\"summary_large_image\" \/>\n<meta name=\"twitter:label1\" content=\"Yazan:\" \/>\n\t<meta name=\"twitter:data1\" content=\"admin\" \/>\n\t<meta name=\"twitter:label2\" content=\"Tahmini okuma s\u00fcresi\" \/>\n\t<meta name=\"twitter:data2\" content=\"2 dakika\" \/>\n<script type=\"application\/ld+json\" class=\"yoast-schema-graph\">{\"@context\":\"https:\\\/\\\/schema.org\",\"@graph\":[{\"@type\":\"Article\",\"@id\":\"https:\\\/\\\/kibrisdakik.com\\\/?p=21081#article\",\"isPartOf\":{\"@id\":\"https:\\\/\\\/kibrisdakik.com\\\/?p=21081\"},\"author\":{\"name\":\"admin\",\"@id\":\"https:\\\/\\\/kibrisdakik.com\\\/#\\\/schema\\\/person\\\/9cd9d437bbb44f72b73ba127e06d8e79\"},\"headline\":\"K\u0131br\u0131s T\u00fcrk helliminin 2024\u2019te G\u00fcney K\u0131br\u0131s \u00fczerinden ihracat\u0131n\u0131n ba\u015flanmas\u0131 hedefleniyor\",\"datePublished\":\"2023-12-05T11:42:53+00:00\",\"mainEntityOfPage\":{\"@id\":\"https:\\\/\\\/kibrisdakik.com\\\/?p=21081\"},\"wordCount\":420,\"commentCount\":0,\"image\":{\"@id\":\"https:\\\/\\\/kibrisdakik.com\\\/?p=21081#primaryimage\"},\"thumbnailUrl\":\"https:\\\/\\\/kibrisdakik.com\\\/wp-content\\\/uploads\\\/2023\\\/12\\\/kibris-turk-helliminin-2024te-guney-kibris-uzerinden-ihracatinin-baslanmasi-hedefleniyor-1701769571.webp.webp\",\"articleSection\":[\"Spor\"],\"inLanguage\":\"tr\",\"potentialAction\":[{\"@type\":\"CommentAction\",\"name\":\"Comment\",\"target\":[\"https:\\\/\\\/kibrisdakik.com\\\/?p=21081#respond\"]}]},{\"@type\":\"WebPage\",\"@id\":\"https:\\\/\\\/kibrisdakik.com\\\/?p=21081\",\"url\":\"https:\\\/\\\/kibrisdakik.com\\\/?p=21081\",\"name\":\"K\u0131br\u0131s T\u00fcrk helliminin 2024\u2019te G\u00fcney K\u0131br\u0131s \u00fczerinden ihracat\u0131n\u0131n ba\u015flanmas\u0131 hedefleniyor -\",\"isPartOf\":{\"@id\":\"https:\\\/\\\/kibrisdakik.com\\\/#website\"},\"primaryImageOfPage\":{\"@id\":\"https:\\\/\\\/kibrisdakik.com\\\/?p=21081#primaryimage\"},\"image\":{\"@id\":\"https:\\\/\\\/kibrisdakik.com\\\/?p=21081#primaryimage\"},\"thumbnailUrl\":\"https:\\\/\\\/kibrisdakik.com\\\/wp-content\\\/uploads\\\/2023\\\/12\\\/kibris-turk-helliminin-2024te-guney-kibris-uzerinden-ihracatinin-baslanmasi-hedefleniyor-1701769571.webp.webp\",\"datePublished\":\"2023-12-05T11:42:53+00:00\",\"author\":{\"@id\":\"https:\\\/\\\/kibrisdakik.com\\\/#\\\/schema\\\/person\\\/9cd9d437bbb44f72b73ba127e06d8e79\"},\"breadcrumb\":{\"@id\":\"https:\\\/\\\/kibrisdakik.com\\\/?p=21081#breadcrumb\"},\"inLanguage\":\"tr\",\"potentialAction\":[{\"@type\":\"ReadAction\",\"target\":[\"https:\\\/\\\/kibrisdakik.com\\\/?p=21081\"]}]},{\"@type\":\"ImageObject\",\"inLanguage\":\"tr\",\"@id\":\"https:\\\/\\\/kibrisdakik.com\\\/?p=21081#primaryimage\",\"url\":\"https:\\\/\\\/kibrisdakik.com\\\/wp-content\\\/uploads\\\/2023\\\/12\\\/kibris-turk-helliminin-2024te-guney-kibris-uzerinden-ihracatinin-baslanmasi-hedefleniyor-1701769571.webp.webp\",\"contentUrl\":\"https:\\\/\\\/kibrisdakik.com\\\/wp-content\\\/uploads\\\/2023\\\/12\\\/kibris-turk-helliminin-2024te-guney-kibris-uzerinden-ihracatinin-baslanmasi-hedefleniyor-1701769571.webp.webp\",\"width\":710,\"height\":370},{\"@type\":\"BreadcrumbList\",\"@id\":\"https:\\\/\\\/kibrisdakik.com\\\/?p=21081#breadcrumb\",\"itemListElement\":[{\"@type\":\"ListItem\",\"position\":1,\"name\":\"Home\",\"item\":\"https:\\\/\\\/kibrisdakik.com\\\/\"},{\"@type\":\"ListItem\",\"position\":2,\"name\":\"K\u0131br\u0131s T\u00fcrk helliminin 2024\u2019te G\u00fcney K\u0131br\u0131s \u00fczerinden ihracat\u0131n\u0131n ba\u015flanmas\u0131 hedefleniyor\"}]},{\"@type\":\"WebSite\",\"@id\":\"https:\\\/\\\/kibrisdakik.com\\\/#website\",\"url\":\"https:\\\/\\\/kibrisdakik.com\\\/\",\"name\":\"\",\"description\":\"Tam vaktinde haber\",\"potentialAction\":[{\"@type\":\"SearchAction\",\"target\":{\"@type\":\"EntryPoint\",\"urlTemplate\":\"https:\\\/\\\/kibrisdakik.com\\\/?s={search_term_string}\"},\"query-input\":{\"@type\":\"PropertyValueSpecification\",\"valueRequired\":true,\"valueName\":\"search_term_string\"}}],\"inLanguage\":\"tr\"},{\"@type\":\"Person\",\"@id\":\"https:\\\/\\\/kibrisdakik.com\\\/#\\\/schema\\\/person\\\/9cd9d437bbb44f72b73ba127e06d8e79\",\"name\":\"admin\",\"image\":{\"@type\":\"ImageObject\",\"inLanguage\":\"tr\",\"@id\":\"https:\\\/\\\/secure.gravatar.com\\\/avatar\\\/ccc17943b9d660506c869530f897617f7cb1c21a4bf30023f252596d83e1f007?s=96&d=mm&r=g\",\"url\":\"https:\\\/\\\/secure.gravatar.com\\\/avatar\\\/ccc17943b9d660506c869530f897617f7cb1c21a4bf30023f252596d83e1f007?s=96&d=mm&r=g\",\"contentUrl\":\"https:\\\/\\\/secure.gravatar.com\\\/avatar\\\/ccc17943b9d660506c869530f897617f7cb1c21a4bf30023f252596d83e1f007?s=96&d=mm&r=g\",\"caption\":\"admin\"},\"sameAs\":[\"https:\\\/\\\/kibrisdakik.com\"],\"url\":\"https:\\\/\\\/kibrisdakik.com\\\/?author=1\"}]}<\/script>\n<!-- \/ Yoast SEO plugin. -->","yoast_head_json":{"title":"K\u0131br\u0131s T\u00fcrk helliminin 2024\u2019te G\u00fcney K\u0131br\u0131s \u00fczerinden ihracat\u0131n\u0131n ba\u015flanmas\u0131 hedefleniyor -","robots":{"index":"index","follow":"follow","max-snippet":"max-snippet:-1","max-image-preview":"max-image-preview:large","max-video-preview":"max-video-preview:-1"},"canonical":"https:\/\/kibrisdakik.com\/?p=21081","og_locale":"tr_TR","og_type":"article","og_title":"K\u0131br\u0131s T\u00fcrk helliminin 2024\u2019te G\u00fcney K\u0131br\u0131s \u00fczerinden ihracat\u0131n\u0131n ba\u015flanmas\u0131 hedefleniyor -","og_description":"Avrupa Komisyonu &nbsp;Genel M\u00fcd\u00fcr Direkt\u00f6r Yard\u0131mc\u0131s\u0131 ve K\u0131br\u0131s \u00c7\u00f6z\u00fcm Destek Birimi Ba\u015fkan\u0131 Kjartan Bj\u00f6rnsson, K\u0131br\u0131sl\u0131 Rum ve K\u0131br\u0131sl\u0131 T\u00fcrk gazetecilerle Br\u00fcksel\u2019de bir araya gelerek Ye\u015fil Hat t\u00fcz\u00fc\u011f\u00fc, hellim, ve iki toplumlu giri\u015fimler konular\u0131nda a\u00e7\u0131klamalarda bulundu. Alithia ve di\u011fer gazeteler, Bj\u00f6rnsson\u2019un Br\u00fcksel\u2019de K\u0131br\u0131sl\u0131 Rum ve K\u0131br\u0131sl\u0131 T\u00fcrk gazetecilerle bir araya geldi\u011fini, toplant\u0131 s\u0131ras\u0131nda yapt\u0131\u011f\u0131 a\u00e7\u0131klamada, K\u0131br\u0131s","og_url":"https:\/\/kibrisdakik.com\/?p=21081","article_published_time":"2023-12-05T11:42:53+00:00","og_image":[{"width":710,"height":370,"url":"https:\/\/kibrisdakik.com\/wp-content\/uploads\/2023\/12\/kibris-turk-helliminin-2024te-guney-kibris-uzerinden-ihracatinin-baslanmasi-hedefleniyor-1701769571.webp.webp","type":"image\/webp"}],"author":"admin","twitter_card":"summary_large_image","twitter_misc":{"Yazan:":"admin","Tahmini okuma s\u00fcresi":"2 dakika"},"schema":{"@context":"https:\/\/schema.org","@graph":[{"@type":"Article","@id":"https:\/\/kibrisdakik.com\/?p=21081#article","isPartOf":{"@id":"https:\/\/kibrisdakik.com\/?p=21081"},"author":{"name":"admin","@id":"https:\/\/kibrisdakik.com\/#\/schema\/person\/9cd9d437bbb44f72b73ba127e06d8e79"},"headline":"K\u0131br\u0131s T\u00fcrk helliminin 2024\u2019te G\u00fcney K\u0131br\u0131s \u00fczerinden ihracat\u0131n\u0131n ba\u015flanmas\u0131 hedefleniyor","datePublished":"2023-12-05T11:42:53+00:00","mainEntityOfPage":{"@id":"https:\/\/kibrisdakik.com\/?p=21081"},"wordCount":420,"commentCount":0,"image":{"@id":"https:\/\/kibrisdakik.com\/?p=21081#primaryimage"},"thumbnailUrl":"https:\/\/kibrisdakik.com\/wp-content\/uploads\/2023\/12\/kibris-turk-helliminin-2024te-guney-kibris-uzerinden-ihracatinin-baslanmasi-hedefleniyor-1701769571.webp.webp","articleSection":["Spor"],"inLanguage":"tr","potentialAction":[{"@type":"CommentAction","name":"Comment","target":["https:\/\/kibrisdakik.com\/?p=21081#respond"]}]},{"@type":"WebPage","@id":"https:\/\/kibrisdakik.com\/?p=21081","url":"https:\/\/kibrisdakik.com\/?p=21081","name":"K\u0131br\u0131s T\u00fcrk helliminin 2024\u2019te G\u00fcney K\u0131br\u0131s \u00fczerinden ihracat\u0131n\u0131n ba\u015flanmas\u0131 hedefleniyor -","isPartOf":{"@id":"https:\/\/kibrisdakik.com\/#website"},"primaryImageOfPage":{"@id":"https:\/\/kibrisdakik.com\/?p=21081#primaryimage"},"image":{"@id":"https:\/\/kibrisdakik.com\/?p=21081#primaryimage"},"thumbnailUrl":"https:\/\/kibrisdakik.com\/wp-content\/uploads\/2023\/12\/kibris-turk-helliminin-2024te-guney-kibris-uzerinden-ihracatinin-baslanmasi-hedefleniyor-1701769571.webp.webp","datePublished":"2023-12-05T11:42:53+00:00","author":{"@id":"https:\/\/kibrisdakik.com\/#\/schema\/person\/9cd9d437bbb44f72b73ba127e06d8e79"},"breadcrumb":{"@id":"https:\/\/kibrisdakik.com\/?p=21081#breadcrumb"},"inLanguage":"tr","potentialAction":[{"@type":"ReadAction","target":["https:\/\/kibrisdakik.com\/?p=21081"]}]},{"@type":"ImageObject","inLanguage":"tr","@id":"https:\/\/kibrisdakik.com\/?p=21081#primaryimage","url":"https:\/\/kibrisdakik.com\/wp-content\/uploads\/2023\/12\/kibris-turk-helliminin-2024te-guney-kibris-uzerinden-ihracatinin-baslanmasi-hedefleniyor-1701769571.webp.webp","contentUrl":"https:\/\/kibrisdakik.com\/wp-content\/uploads\/2023\/12\/kibris-turk-helliminin-2024te-guney-kibris-uzerinden-ihracatinin-baslanmasi-hedefleniyor-1701769571.webp.webp","width":710,"height":370},{"@type":"BreadcrumbList","@id":"https:\/\/kibrisdakik.com\/?p=21081#breadcrumb","itemListElement":[{"@type":"ListItem","position":1,"name":"Home","item":"https:\/\/kibrisdakik.com\/"},{"@type":"ListItem","position":2,"name":"K\u0131br\u0131s T\u00fcrk helliminin 2024\u2019te G\u00fcney K\u0131br\u0131s \u00fczerinden ihracat\u0131n\u0131n ba\u015flanmas\u0131 hedefleniyor"}]},{"@type":"WebSite","@id":"https:\/\/kibrisdakik.com\/#website","url":"https:\/\/kibrisdakik.com\/","name":"","description":"Tam vaktinde haber","potentialAction":[{"@type":"SearchAction","target":{"@type":"EntryPoint","urlTemplate":"https:\/\/kibrisdakik.com\/?s={search_term_string}"},"query-input":{"@type":"PropertyValueSpecification","valueRequired":true,"valueName":"search_term_string"}}],"inLanguage":"tr"},{"@type":"Person","@id":"https:\/\/kibrisdakik.com\/#\/schema\/person\/9cd9d437bbb44f72b73ba127e06d8e79","name":"admin","image":{"@type":"ImageObject","inLanguage":"tr","@id":"https:\/\/secure.gravatar.com\/avatar\/ccc17943b9d660506c869530f897617f7cb1c21a4bf30023f252596d83e1f007?s=96&d=mm&r=g","url":"https:\/\/secure.gravatar.com\/avatar\/ccc17943b9d660506c869530f897617f7cb1c21a4bf30023f252596d83e1f007?s=96&d=mm&r=g","contentUrl":"https:\/\/secure.gravatar.com\/avatar\/ccc17943b9d660506c869530f897617f7cb1c21a4bf30023f252596d83e1f007?s=96&d=mm&r=g","caption":"admin"},"sameAs":["https:\/\/kibrisdakik.com"],"url":"https:\/\/kibrisdakik.com\/?author=1"}]}},"_links":{"self":[{"href":"https:\/\/kibrisdakik.com\/index.php?rest_route=\/wp\/v2\/posts\/21081","targetHints":{"allow":["GET"]}}],"collection":[{"href":"https:\/\/kibrisdakik.com\/index.php?rest_route=\/wp\/v2\/posts"}],"about":[{"href":"https:\/\/kibrisdakik.com\/index.php?rest_route=\/wp\/v2\/types\/post"}],"author":[{"embeddable":true,"href":"https:\/\/kibrisdakik.com\/index.php?rest_route=\/wp\/v2\/users\/1"}],"replies":[{"embeddable":true,"href":"https:\/\/kibrisdakik.com\/index.php?rest_route=%2Fwp%2Fv2%2Fcomments&post=21081"}],"version-history":[{"count":0,"href":"https:\/\/kibrisdakik.com\/index.php?rest_route=\/wp\/v2\/posts\/21081\/revisions"}],"wp:featuredmedia":[{"embeddable":true,"href":"https:\/\/kibrisdakik.com\/index.php?rest_route=\/wp\/v2\/media\/21082"}],"wp:attachment":[{"href":"https:\/\/kibrisdakik.com\/index.php?rest_route=%2Fwp%2Fv2%2Fmedia&parent=21081"}],"wp:term":[{"taxonomy":"category","embeddable":true,"href":"https:\/\/kibrisdakik.com\/index.php?rest_route=%2Fwp%2Fv2%2Fcategories&post=21081"},{"taxonomy":"post_tag","embeddable":true,"href":"https:\/\/kibrisdakik.com\/index.php?rest_route=%2Fwp%2Fv2%2Ftags&post=21081"}],"curies":[{"name":"wp","href":"https:\/\/api.w.org\/{rel}","templated":true}]}}