{"id":2115,"date":"2023-02-26T09:50:44","date_gmt":"2023-02-26T09:50:44","guid":{"rendered":"https:\/\/kibrisdakik.com\/index.php\/2023\/02\/26\/polisiye-olaylar-lefkosada-alkollu-arac-kullanan-can-atas-dikkatsizligi-sonucunda-kaza-yapti\/"},"modified":"2023-02-26T09:50:44","modified_gmt":"2023-02-26T09:50:44","slug":"polisiye-olaylar-lefkosada-alkollu-arac-kullanan-can-atas-dikkatsizligi-sonucunda-kaza-yapti","status":"publish","type":"post","link":"https:\/\/kibrisdakik.com\/?p=2115","title":{"rendered":"Polisiye Olaylar: Lefko\u015fa\u2019da alkoll\u00fc ara\u00e7 kullanan Can Ata\u015f, dikkatsizli\u011fi sonucunda kaza yapt\u0131"},"content":{"rendered":"<p><\/p>\n<div>\n<div class=\"mariselle-image-container center\">\n                <img width=\"330\" height=\"153\" class=\"lazy-image\" alt=\"\" decoding=\"async\" loading=\"lazy\" sizes=\"auto, (max-width: 330px) 100vw, 330px\" src=\"https:\/\/brtk.net\/wp-content\/uploads\/2023\/02\/04\/polisiye-olaylar-5656.jpg?ver=071329ca664c441cc7cfed53184a57f9\" srcset=\"https:\/\/brtk.net\/wp-content\/uploads\/2023\/02\/04\/polisiye-olaylar-5656.jpg?ver=071329ca664c441cc7cfed53184a57f9 330w, https:\/\/brtk.net\/wp-content\/uploads\/2023\/02\/04\/polisiye-olaylar-5656-300x139.jpg?ver=071329ca664c441cc7cfed53184a57f9 300w\"\/>                            <\/div>\n<p> Lefko\u015fa\u2019da alkoll\u00fc ara\u00e7 kullanan Can Ata\u015f, dikkatsizli\u011fi sonucunda kaza yapt\u0131.<\/p>\n<p>Polis Bas\u0131n Subayl\u0131\u011f\u0131ndan yap\u0131lan yaz\u0131l\u0131 a\u00e7\u0131klamaya g\u00f6re, Lefko\u015fa\u2019da \u00d6zker \u00d6zg\u00fcr Caddesi \u00fczerinde, Can Ata\u015f (E-23) 60 miligram alkoll\u00fc i\u00e7ki tesiri alt\u0131nda, y\u00f6netimindeki LJ 310 plakal\u0131 ara\u00e7 ile do\u011fu istikametine do\u011fru seyretti\u011fi s\u0131rada dikkatsizli\u011fi sonucu cadde \u00fczerinde park halinde bulunan RS 081 plakal\u0131 arac\u0131n sa\u011f yan k\u0131sm\u0131na \u00e7arpt\u0131.<\/p>\n<p>A\u00e7\u0131klamada, kaza sonucu yaralanan olmad\u0131\u011f\u0131 ve soru\u015fturman\u0131n devam etti\u011fi kaydedildi.<\/p>\n<p>-Yolun kar\u015f\u0131na ge\u00e7meye \u00e7al\u0131\u015fan ki\u015fiye \u00e7arpt\u0131  <\/p>\n<p>Gazima\u011fusa-Karpaz Anayolu\u2019nda d\u00fcn, Emel Ak\u00e7am (K-24), y\u00f6netimindeki RJ 622 plakal\u0131 ara\u00e7 ile Karpaz istikametine do\u011fru seyretti\u011fi s\u0131rada, dikkatsizli\u011fi sonucu o esnada yolu yaya olarak kar\u015f\u0131dan kar\u015f\u0131ya ge\u00e7meye \u00e7al\u0131\u015fan Seyfi Y\u0131ld\u0131z(E-27)\u2019a \u00e7arpt\u0131.<\/p>\n<p>A\u00e7\u0131klamada, kaza sonucu yaralanan Seyfi Y\u0131ld\u0131z\u2019\u0131n, kald\u0131r\u0131ld\u0131\u011f\u0131 Gazima\u011fusa Devlet Hastanesi\u2019nde yap\u0131lan tedavisinin ard\u0131ndan m\u00fc\u015fahede alt\u0131na al\u0131nd\u0131\u011f\u0131 ve soru\u015fturman\u0131n devam etti\u011fi kaydedildi.<\/p>\n<p>-Alkoll\u00fc ara\u00e7 kullanan ki\u015fi dikkatsizli\u011fi sonucu elektrik dire\u011fine \u00e7arpt\u0131<\/p>\n<p>P\u0131narba\u015f\u0131-Bo\u011faz Anayolu \u00fczerinde ise, Le\u0131lan\u0131 Ruth Notman  (K-34) 193 miligram alkoll\u00fc i\u00e7ki tesiri alt\u0131nda, y\u00f6netimindeki LF 313 plakal\u0131 ara\u00e7 ile seyretti\u011fi s\u0131rada dikkatsizli\u011fi sonucu yolun solunda bulunan elektrik dire\u011fine \u00e7arpt\u0131.  <\/p>\n<p>A\u00e7\u0131klamada, kaza sonucu yaralanan ara\u00e7 s\u00fcr\u00fcc\u00fcs\u00fc, kald\u0131r\u0131ld\u0131\u011f\u0131 Lefko\u015fa Dr Burhan Nalbanto\u011flu Devlet Hastanesi\u2019nde yap\u0131lan tedavisinin ard\u0131ndan m\u00fc\u015fahede alt\u0131na al\u0131nd\u0131\u011f\u0131 ve soru\u015fturman\u0131n devam etti\u011fi belirtildi.<\/p>\n<\/p><\/div>\n<p><script async\n                    defer\n                    crossorigin=\"anonymous\"\n                    src=\"https:\/\/connect.facebook.net\/tr_TR\/sdk.js#xfbml=1&#038;version=v3.3\"\n            ><\/script><\/p>\n","protected":false},"excerpt":{"rendered":"<p>Lefko\u015fa\u2019da alkoll\u00fc ara\u00e7 kullanan Can Ata\u015f, dikkatsizli\u011fi sonucunda kaza yapt\u0131. Polis Bas\u0131n Subayl\u0131\u011f\u0131ndan yap\u0131lan yaz\u0131l\u0131 a\u00e7\u0131klamaya g\u00f6re, Lefko\u015fa\u2019da \u00d6zker \u00d6zg\u00fcr Caddesi \u00fczerinde, Can Ata\u015f (E-23) 60 miligram alkoll\u00fc i\u00e7ki tesiri alt\u0131nda, y\u00f6netimindeki LJ 310 plakal\u0131 ara\u00e7 ile do\u011fu istikametine do\u011fru seyretti\u011fi s\u0131rada dikkatsizli\u011fi sonucu cadde \u00fczerinde park halinde bulunan RS 081 plakal\u0131 arac\u0131n sa\u011f yan<\/p>\n","protected":false},"author":1,"featured_media":2116,"comment_status":"open","ping_status":"open","sticky":false,"template":"","format":"standard","meta":{"footnotes":""},"categories":[1],"tags":[],"class_list":["post-2115","post","type-post","status-publish","format-standard","has-post-thumbnail","hentry","category-gundem"],"yoast_head":"<!-- This site is optimized with the Yoast SEO plugin v27.4 - https:\/\/yoast.com\/product\/yoast-seo-wordpress\/ -->\n<title>Polisiye Olaylar: Lefko\u015fa\u2019da alkoll\u00fc ara\u00e7 kullanan Can Ata\u015f, dikkatsizli\u011fi sonucunda kaza yapt\u0131 -<\/title>\n<meta name=\"robots\" content=\"index, follow, max-snippet:-1, max-image-preview:large, max-video-preview:-1\" \/>\n<link rel=\"canonical\" href=\"https:\/\/kibrisdakik.com\/?p=2115\" \/>\n<meta property=\"og:locale\" content=\"tr_TR\" \/>\n<meta property=\"og:type\" content=\"article\" \/>\n<meta property=\"og:title\" content=\"Polisiye Olaylar: Lefko\u015fa\u2019da alkoll\u00fc ara\u00e7 kullanan Can Ata\u015f, dikkatsizli\u011fi sonucunda kaza yapt\u0131 -\" \/>\n<meta property=\"og:description\" content=\"Lefko\u015fa\u2019da alkoll\u00fc ara\u00e7 kullanan Can Ata\u015f, dikkatsizli\u011fi sonucunda kaza yapt\u0131. Polis Bas\u0131n Subayl\u0131\u011f\u0131ndan yap\u0131lan yaz\u0131l\u0131 a\u00e7\u0131klamaya g\u00f6re, Lefko\u015fa\u2019da \u00d6zker \u00d6zg\u00fcr Caddesi \u00fczerinde, Can Ata\u015f (E-23) 60 miligram alkoll\u00fc i\u00e7ki tesiri alt\u0131nda, y\u00f6netimindeki LJ 310 plakal\u0131 ara\u00e7 ile do\u011fu istikametine do\u011fru seyretti\u011fi s\u0131rada dikkatsizli\u011fi sonucu cadde \u00fczerinde park halinde bulunan RS 081 plakal\u0131 arac\u0131n sa\u011f yan\" \/>\n<meta property=\"og:url\" content=\"https:\/\/kibrisdakik.com\/?p=2115\" \/>\n<meta property=\"article:published_time\" content=\"2023-02-26T09:50:44+00:00\" \/>\n<meta property=\"og:image\" content=\"https:\/\/kibrisdakik.com\/wp-content\/uploads\/2023\/02\/polisiye-olaylar-5656.jpg\" \/>\n\t<meta property=\"og:image:width\" content=\"330\" \/>\n\t<meta property=\"og:image:height\" content=\"153\" \/>\n\t<meta property=\"og:image:type\" content=\"image\/jpeg\" \/>\n<meta name=\"author\" content=\"admin\" \/>\n<meta name=\"twitter:card\" content=\"summary_large_image\" \/>\n<meta name=\"twitter:label1\" content=\"Yazan:\" \/>\n\t<meta name=\"twitter:data1\" content=\"admin\" \/>\n\t<meta name=\"twitter:label2\" content=\"Tahmini okuma s\u00fcresi\" \/>\n\t<meta name=\"twitter:data2\" content=\"1 dakika\" \/>\n<script type=\"application\/ld+json\" class=\"yoast-schema-graph\">{\"@context\":\"https:\\\/\\\/schema.org\",\"@graph\":[{\"@type\":\"Article\",\"@id\":\"https:\\\/\\\/kibrisdakik.com\\\/?p=2115#article\",\"isPartOf\":{\"@id\":\"https:\\\/\\\/kibrisdakik.com\\\/?p=2115\"},\"author\":{\"name\":\"admin\",\"@id\":\"https:\\\/\\\/kibrisdakik.com\\\/#\\\/schema\\\/person\\\/9cd9d437bbb44f72b73ba127e06d8e79\"},\"headline\":\"Polisiye Olaylar: Lefko\u015fa\u2019da alkoll\u00fc ara\u00e7 kullanan Can Ata\u015f, dikkatsizli\u011fi sonucunda kaza yapt\u0131\",\"datePublished\":\"2023-02-26T09:50:44+00:00\",\"mainEntityOfPage\":{\"@id\":\"https:\\\/\\\/kibrisdakik.com\\\/?p=2115\"},\"wordCount\":292,\"commentCount\":0,\"image\":{\"@id\":\"https:\\\/\\\/kibrisdakik.com\\\/?p=2115#primaryimage\"},\"thumbnailUrl\":\"https:\\\/\\\/kibrisdakik.com\\\/wp-content\\\/uploads\\\/2023\\\/02\\\/polisiye-olaylar-5656.jpg\",\"articleSection\":[\"G\u00fcndem\"],\"inLanguage\":\"tr\",\"potentialAction\":[{\"@type\":\"CommentAction\",\"name\":\"Comment\",\"target\":[\"https:\\\/\\\/kibrisdakik.com\\\/?p=2115#respond\"]}]},{\"@type\":\"WebPage\",\"@id\":\"https:\\\/\\\/kibrisdakik.com\\\/?p=2115\",\"url\":\"https:\\\/\\\/kibrisdakik.com\\\/?p=2115\",\"name\":\"Polisiye Olaylar: Lefko\u015fa\u2019da alkoll\u00fc ara\u00e7 kullanan Can Ata\u015f, dikkatsizli\u011fi sonucunda kaza yapt\u0131 -\",\"isPartOf\":{\"@id\":\"https:\\\/\\\/kibrisdakik.com\\\/#website\"},\"primaryImageOfPage\":{\"@id\":\"https:\\\/\\\/kibrisdakik.com\\\/?p=2115#primaryimage\"},\"image\":{\"@id\":\"https:\\\/\\\/kibrisdakik.com\\\/?p=2115#primaryimage\"},\"thumbnailUrl\":\"https:\\\/\\\/kibrisdakik.com\\\/wp-content\\\/uploads\\\/2023\\\/02\\\/polisiye-olaylar-5656.jpg\",\"datePublished\":\"2023-02-26T09:50:44+00:00\",\"author\":{\"@id\":\"https:\\\/\\\/kibrisdakik.com\\\/#\\\/schema\\\/person\\\/9cd9d437bbb44f72b73ba127e06d8e79\"},\"breadcrumb\":{\"@id\":\"https:\\\/\\\/kibrisdakik.com\\\/?p=2115#breadcrumb\"},\"inLanguage\":\"tr\",\"potentialAction\":[{\"@type\":\"ReadAction\",\"target\":[\"https:\\\/\\\/kibrisdakik.com\\\/?p=2115\"]}]},{\"@type\":\"ImageObject\",\"inLanguage\":\"tr\",\"@id\":\"https:\\\/\\\/kibrisdakik.com\\\/?p=2115#primaryimage\",\"url\":\"https:\\\/\\\/kibrisdakik.com\\\/wp-content\\\/uploads\\\/2023\\\/02\\\/polisiye-olaylar-5656.jpg\",\"contentUrl\":\"https:\\\/\\\/kibrisdakik.com\\\/wp-content\\\/uploads\\\/2023\\\/02\\\/polisiye-olaylar-5656.jpg\",\"width\":330,\"height\":153},{\"@type\":\"BreadcrumbList\",\"@id\":\"https:\\\/\\\/kibrisdakik.com\\\/?p=2115#breadcrumb\",\"itemListElement\":[{\"@type\":\"ListItem\",\"position\":1,\"name\":\"Home\",\"item\":\"https:\\\/\\\/kibrisdakik.com\\\/\"},{\"@type\":\"ListItem\",\"position\":2,\"name\":\"Polisiye Olaylar: Lefko\u015fa\u2019da alkoll\u00fc ara\u00e7 kullanan Can Ata\u015f, dikkatsizli\u011fi sonucunda kaza yapt\u0131\"}]},{\"@type\":\"WebSite\",\"@id\":\"https:\\\/\\\/kibrisdakik.com\\\/#website\",\"url\":\"https:\\\/\\\/kibrisdakik.com\\\/\",\"name\":\"\",\"description\":\"Tam vaktinde haber\",\"potentialAction\":[{\"@type\":\"SearchAction\",\"target\":{\"@type\":\"EntryPoint\",\"urlTemplate\":\"https:\\\/\\\/kibrisdakik.com\\\/?s={search_term_string}\"},\"query-input\":{\"@type\":\"PropertyValueSpecification\",\"valueRequired\":true,\"valueName\":\"search_term_string\"}}],\"inLanguage\":\"tr\"},{\"@type\":\"Person\",\"@id\":\"https:\\\/\\\/kibrisdakik.com\\\/#\\\/schema\\\/person\\\/9cd9d437bbb44f72b73ba127e06d8e79\",\"name\":\"admin\",\"image\":{\"@type\":\"ImageObject\",\"inLanguage\":\"tr\",\"@id\":\"https:\\\/\\\/secure.gravatar.com\\\/avatar\\\/ccc17943b9d660506c869530f897617f7cb1c21a4bf30023f252596d83e1f007?s=96&d=mm&r=g\",\"url\":\"https:\\\/\\\/secure.gravatar.com\\\/avatar\\\/ccc17943b9d660506c869530f897617f7cb1c21a4bf30023f252596d83e1f007?s=96&d=mm&r=g\",\"contentUrl\":\"https:\\\/\\\/secure.gravatar.com\\\/avatar\\\/ccc17943b9d660506c869530f897617f7cb1c21a4bf30023f252596d83e1f007?s=96&d=mm&r=g\",\"caption\":\"admin\"},\"sameAs\":[\"https:\\\/\\\/kibrisdakik.com\"],\"url\":\"https:\\\/\\\/kibrisdakik.com\\\/?author=1\"}]}<\/script>\n<!-- \/ Yoast SEO plugin. -->","yoast_head_json":{"title":"Polisiye Olaylar: Lefko\u015fa\u2019da alkoll\u00fc ara\u00e7 kullanan Can Ata\u015f, dikkatsizli\u011fi sonucunda kaza yapt\u0131 -","robots":{"index":"index","follow":"follow","max-snippet":"max-snippet:-1","max-image-preview":"max-image-preview:large","max-video-preview":"max-video-preview:-1"},"canonical":"https:\/\/kibrisdakik.com\/?p=2115","og_locale":"tr_TR","og_type":"article","og_title":"Polisiye Olaylar: Lefko\u015fa\u2019da alkoll\u00fc ara\u00e7 kullanan Can Ata\u015f, dikkatsizli\u011fi sonucunda kaza yapt\u0131 -","og_description":"Lefko\u015fa\u2019da alkoll\u00fc ara\u00e7 kullanan Can Ata\u015f, dikkatsizli\u011fi sonucunda kaza yapt\u0131. Polis Bas\u0131n Subayl\u0131\u011f\u0131ndan yap\u0131lan yaz\u0131l\u0131 a\u00e7\u0131klamaya g\u00f6re, Lefko\u015fa\u2019da \u00d6zker \u00d6zg\u00fcr Caddesi \u00fczerinde, Can Ata\u015f (E-23) 60 miligram alkoll\u00fc i\u00e7ki tesiri alt\u0131nda, y\u00f6netimindeki LJ 310 plakal\u0131 ara\u00e7 ile do\u011fu istikametine do\u011fru seyretti\u011fi s\u0131rada dikkatsizli\u011fi sonucu cadde \u00fczerinde park halinde bulunan RS 081 plakal\u0131 arac\u0131n sa\u011f yan","og_url":"https:\/\/kibrisdakik.com\/?p=2115","article_published_time":"2023-02-26T09:50:44+00:00","og_image":[{"width":330,"height":153,"url":"https:\/\/kibrisdakik.com\/wp-content\/uploads\/2023\/02\/polisiye-olaylar-5656.jpg","type":"image\/jpeg"}],"author":"admin","twitter_card":"summary_large_image","twitter_misc":{"Yazan:":"admin","Tahmini okuma s\u00fcresi":"1 dakika"},"schema":{"@context":"https:\/\/schema.org","@graph":[{"@type":"Article","@id":"https:\/\/kibrisdakik.com\/?p=2115#article","isPartOf":{"@id":"https:\/\/kibrisdakik.com\/?p=2115"},"author":{"name":"admin","@id":"https:\/\/kibrisdakik.com\/#\/schema\/person\/9cd9d437bbb44f72b73ba127e06d8e79"},"headline":"Polisiye Olaylar: Lefko\u015fa\u2019da alkoll\u00fc ara\u00e7 kullanan Can Ata\u015f, dikkatsizli\u011fi sonucunda kaza yapt\u0131","datePublished":"2023-02-26T09:50:44+00:00","mainEntityOfPage":{"@id":"https:\/\/kibrisdakik.com\/?p=2115"},"wordCount":292,"commentCount":0,"image":{"@id":"https:\/\/kibrisdakik.com\/?p=2115#primaryimage"},"thumbnailUrl":"https:\/\/kibrisdakik.com\/wp-content\/uploads\/2023\/02\/polisiye-olaylar-5656.jpg","articleSection":["G\u00fcndem"],"inLanguage":"tr","potentialAction":[{"@type":"CommentAction","name":"Comment","target":["https:\/\/kibrisdakik.com\/?p=2115#respond"]}]},{"@type":"WebPage","@id":"https:\/\/kibrisdakik.com\/?p=2115","url":"https:\/\/kibrisdakik.com\/?p=2115","name":"Polisiye Olaylar: Lefko\u015fa\u2019da alkoll\u00fc ara\u00e7 kullanan Can Ata\u015f, dikkatsizli\u011fi sonucunda kaza yapt\u0131 -","isPartOf":{"@id":"https:\/\/kibrisdakik.com\/#website"},"primaryImageOfPage":{"@id":"https:\/\/kibrisdakik.com\/?p=2115#primaryimage"},"image":{"@id":"https:\/\/kibrisdakik.com\/?p=2115#primaryimage"},"thumbnailUrl":"https:\/\/kibrisdakik.com\/wp-content\/uploads\/2023\/02\/polisiye-olaylar-5656.jpg","datePublished":"2023-02-26T09:50:44+00:00","author":{"@id":"https:\/\/kibrisdakik.com\/#\/schema\/person\/9cd9d437bbb44f72b73ba127e06d8e79"},"breadcrumb":{"@id":"https:\/\/kibrisdakik.com\/?p=2115#breadcrumb"},"inLanguage":"tr","potentialAction":[{"@type":"ReadAction","target":["https:\/\/kibrisdakik.com\/?p=2115"]}]},{"@type":"ImageObject","inLanguage":"tr","@id":"https:\/\/kibrisdakik.com\/?p=2115#primaryimage","url":"https:\/\/kibrisdakik.com\/wp-content\/uploads\/2023\/02\/polisiye-olaylar-5656.jpg","contentUrl":"https:\/\/kibrisdakik.com\/wp-content\/uploads\/2023\/02\/polisiye-olaylar-5656.jpg","width":330,"height":153},{"@type":"BreadcrumbList","@id":"https:\/\/kibrisdakik.com\/?p=2115#breadcrumb","itemListElement":[{"@type":"ListItem","position":1,"name":"Home","item":"https:\/\/kibrisdakik.com\/"},{"@type":"ListItem","position":2,"name":"Polisiye Olaylar: Lefko\u015fa\u2019da alkoll\u00fc ara\u00e7 kullanan Can Ata\u015f, dikkatsizli\u011fi sonucunda kaza yapt\u0131"}]},{"@type":"WebSite","@id":"https:\/\/kibrisdakik.com\/#website","url":"https:\/\/kibrisdakik.com\/","name":"","description":"Tam vaktinde haber","potentialAction":[{"@type":"SearchAction","target":{"@type":"EntryPoint","urlTemplate":"https:\/\/kibrisdakik.com\/?s={search_term_string}"},"query-input":{"@type":"PropertyValueSpecification","valueRequired":true,"valueName":"search_term_string"}}],"inLanguage":"tr"},{"@type":"Person","@id":"https:\/\/kibrisdakik.com\/#\/schema\/person\/9cd9d437bbb44f72b73ba127e06d8e79","name":"admin","image":{"@type":"ImageObject","inLanguage":"tr","@id":"https:\/\/secure.gravatar.com\/avatar\/ccc17943b9d660506c869530f897617f7cb1c21a4bf30023f252596d83e1f007?s=96&d=mm&r=g","url":"https:\/\/secure.gravatar.com\/avatar\/ccc17943b9d660506c869530f897617f7cb1c21a4bf30023f252596d83e1f007?s=96&d=mm&r=g","contentUrl":"https:\/\/secure.gravatar.com\/avatar\/ccc17943b9d660506c869530f897617f7cb1c21a4bf30023f252596d83e1f007?s=96&d=mm&r=g","caption":"admin"},"sameAs":["https:\/\/kibrisdakik.com"],"url":"https:\/\/kibrisdakik.com\/?author=1"}]}},"_links":{"self":[{"href":"https:\/\/kibrisdakik.com\/index.php?rest_route=\/wp\/v2\/posts\/2115","targetHints":{"allow":["GET"]}}],"collection":[{"href":"https:\/\/kibrisdakik.com\/index.php?rest_route=\/wp\/v2\/posts"}],"about":[{"href":"https:\/\/kibrisdakik.com\/index.php?rest_route=\/wp\/v2\/types\/post"}],"author":[{"embeddable":true,"href":"https:\/\/kibrisdakik.com\/index.php?rest_route=\/wp\/v2\/users\/1"}],"replies":[{"embeddable":true,"href":"https:\/\/kibrisdakik.com\/index.php?rest_route=%2Fwp%2Fv2%2Fcomments&post=2115"}],"version-history":[{"count":0,"href":"https:\/\/kibrisdakik.com\/index.php?rest_route=\/wp\/v2\/posts\/2115\/revisions"}],"wp:featuredmedia":[{"embeddable":true,"href":"https:\/\/kibrisdakik.com\/index.php?rest_route=\/wp\/v2\/media\/2116"}],"wp:attachment":[{"href":"https:\/\/kibrisdakik.com\/index.php?rest_route=%2Fwp%2Fv2%2Fmedia&parent=2115"}],"wp:term":[{"taxonomy":"category","embeddable":true,"href":"https:\/\/kibrisdakik.com\/index.php?rest_route=%2Fwp%2Fv2%2Fcategories&post=2115"},{"taxonomy":"post_tag","embeddable":true,"href":"https:\/\/kibrisdakik.com\/index.php?rest_route=%2Fwp%2Fv2%2Ftags&post=2115"}],"curies":[{"name":"wp","href":"https:\/\/api.w.org\/{rel}","templated":true}]}}