{"id":21221,"date":"2023-12-06T13:02:57","date_gmt":"2023-12-06T13:02:57","guid":{"rendered":"https:\/\/kibrisdakik.com\/index.php\/2023\/12\/06\/ercanda-2-kisinin-daha-esyalarinin-calindigi-ortaya-cikti\/"},"modified":"2023-12-06T13:02:57","modified_gmt":"2023-12-06T13:02:57","slug":"ercanda-2-kisinin-daha-esyalarinin-calindigi-ortaya-cikti","status":"publish","type":"post","link":"https:\/\/kibrisdakik.com\/?p=21221","title":{"rendered":"Ercan&#039;da 2 ki\u015finin daha e\u015fyalar\u0131n\u0131n \u00e7al\u0131nd\u0131\u011f\u0131 ortaya \u00e7\u0131kt\u0131"},"content":{"rendered":"<p><img decoding=\"async\" src=\"https:\/\/www.kibristurk.com\/images\/haberler\/2023\/12\/ercanda-2-kisinin-daha-esyalarinin-calindigi-ortaya-cikti-1701865993.webp\" \/><\/p>\n<p style=\"text-align:left\"><span style=\"font-size:16px\"><span style=\"font-family:Merriweather,serif !important\"><span style=\"color:#000000\"><span style=\"background-color:#ffffff\">Ercan Havaalan\u0131&#8217;nda 2023 y\u0131l\u0131n\u0131n Eyl\u00fcl- Kas\u0131m aylar\u0131 aras\u0131nda meydana gelen h\u0131rs\u0131zl\u0131k olaylar\u0131ndan dolay\u0131 tutuklananlar\u0131n 2 ki\u015finin daha e\u015fyas\u0131n\u0131 \u00e7ald\u0131\u011f\u0131 saptand\u0131.<\/span><\/span><\/span><\/span><\/p>\n<p style=\"text-align:left\">&nbsp;<\/p>\n<p style=\"text-align:left\"><span style=\"font-size:16px\"><span style=\"font-family:Merriweather,serif !important\"><span style=\"color:#000000\"><span style=\"background-color:#ffffff\">H\u0131rs\u0131zl\u0131k olay\u0131yla ilgili yeni tespit yapt\u0131\u011f\u0131n\u0131 a\u00e7\u0131klayan polis, s\u00f6zkonusu ki\u015filerin 2 ayr\u0131 \u015fahs\u0131n daha bavulundan bir diz\u00fcst\u00fc bilgisayar, kad\u0131n kol saati, p\u0131rlanta y\u00fcz\u00fck, k\u00fcpe ile bro\u015f ve inci kolye \u00e7ald\u0131\u011f\u0131 tespit edildi.<\/span><\/span><\/span><\/span><\/p>\n<p style=\"text-align:left\">&nbsp;<\/p>\n<p style=\"text-align:left\"><span style=\"font-size:16px\"><span style=\"font-family:Merriweather,serif !important\"><span style=\"color:#000000\"><span style=\"background-color:#ffffff\">Eyl\u00fcl-Kas\u0131m aylar\u0131 aras\u0131nda, Ercan Havaliman\u0131\u2019nda meydana gelen h\u0131rs\u0131zl\u0131k olaylar\u0131 ilgili olarak polis taraf\u0131ndan ger\u00e7ekle\u015ftirilen Check In Operasyonu kapsam\u0131nda y\u00fcr\u00fct\u00fclen geni\u015f \u00e7apl\u0131 soru\u015fturmada, meselelerde zanl\u0131 olarak g\u00f6r\u00fclen S.A.(E-41), H.Y.(E-45) ve A.V.(E-29) tespit edilerek tutuklanm\u0131\u015ft\u0131.<\/span><\/span><\/span><\/span><\/p>\n<p style=\"text-align:left\">&nbsp;<\/p>\n<p style=\"text-align:left\"><span style=\"font-size:16px\"><span style=\"font-family:Merriweather,serif !important\"><span style=\"color:#000000\"><span style=\"background-color:#ffffff\">Olaylarla ilgili polis soru\u015fturmas\u0131 s\u00fcr\u00fcyor.<\/span><\/span><\/span><\/span><\/p>\n","protected":false},"excerpt":{"rendered":"<p>Ercan Havaalan\u0131&#8217;nda 2023 y\u0131l\u0131n\u0131n Eyl\u00fcl- Kas\u0131m aylar\u0131 aras\u0131nda meydana gelen h\u0131rs\u0131zl\u0131k olaylar\u0131ndan dolay\u0131 tutuklananlar\u0131n 2 ki\u015finin daha e\u015fyas\u0131n\u0131 \u00e7ald\u0131\u011f\u0131 saptand\u0131. &nbsp; H\u0131rs\u0131zl\u0131k olay\u0131yla ilgili yeni tespit yapt\u0131\u011f\u0131n\u0131 a\u00e7\u0131klayan polis, s\u00f6zkonusu ki\u015filerin 2 ayr\u0131 \u015fahs\u0131n daha bavulundan bir diz\u00fcst\u00fc bilgisayar, kad\u0131n kol saati, p\u0131rlanta y\u00fcz\u00fck, k\u00fcpe ile bro\u015f ve inci kolye \u00e7ald\u0131\u011f\u0131 tespit edildi. &nbsp; Eyl\u00fcl-Kas\u0131m<\/p>\n","protected":false},"author":1,"featured_media":21222,"comment_status":"open","ping_status":"open","sticky":false,"template":"","format":"standard","meta":{"footnotes":""},"categories":[86],"tags":[],"class_list":["post-21221","post","type-post","status-publish","format-standard","has-post-thumbnail","hentry","category-turkiye"],"yoast_head":"<!-- This site is optimized with the Yoast SEO plugin v27.5 - https:\/\/yoast.com\/product\/yoast-seo-wordpress\/ -->\n<title>Ercan&#039;da 2 ki\u015finin daha e\u015fyalar\u0131n\u0131n \u00e7al\u0131nd\u0131\u011f\u0131 ortaya \u00e7\u0131kt\u0131 -<\/title>\n<meta name=\"robots\" content=\"index, follow, max-snippet:-1, max-image-preview:large, max-video-preview:-1\" \/>\n<link rel=\"canonical\" href=\"https:\/\/kibrisdakik.com\/?p=21221\" \/>\n<meta property=\"og:locale\" content=\"tr_TR\" \/>\n<meta property=\"og:type\" content=\"article\" \/>\n<meta property=\"og:title\" content=\"Ercan&#039;da 2 ki\u015finin daha e\u015fyalar\u0131n\u0131n \u00e7al\u0131nd\u0131\u011f\u0131 ortaya \u00e7\u0131kt\u0131 -\" \/>\n<meta property=\"og:description\" content=\"Ercan Havaalan\u0131&#8217;nda 2023 y\u0131l\u0131n\u0131n Eyl\u00fcl- Kas\u0131m aylar\u0131 aras\u0131nda meydana gelen h\u0131rs\u0131zl\u0131k olaylar\u0131ndan dolay\u0131 tutuklananlar\u0131n 2 ki\u015finin daha e\u015fyas\u0131n\u0131 \u00e7ald\u0131\u011f\u0131 saptand\u0131. &nbsp; H\u0131rs\u0131zl\u0131k olay\u0131yla ilgili yeni tespit yapt\u0131\u011f\u0131n\u0131 a\u00e7\u0131klayan polis, s\u00f6zkonusu ki\u015filerin 2 ayr\u0131 \u015fahs\u0131n daha bavulundan bir diz\u00fcst\u00fc bilgisayar, kad\u0131n kol saati, p\u0131rlanta y\u00fcz\u00fck, k\u00fcpe ile bro\u015f ve inci kolye \u00e7ald\u0131\u011f\u0131 tespit edildi. &nbsp; Eyl\u00fcl-Kas\u0131m\" \/>\n<meta property=\"og:url\" content=\"https:\/\/kibrisdakik.com\/?p=21221\" \/>\n<meta property=\"article:published_time\" content=\"2023-12-06T13:02:57+00:00\" \/>\n<meta property=\"og:image\" content=\"https:\/\/kibrisdakik.com\/wp-content\/uploads\/2023\/12\/ercanda-2-kisinin-daha-esyalarinin-calindigi-ortaya-cikti-1701865993.webp.webp\" \/>\n\t<meta property=\"og:image:width\" content=\"710\" \/>\n\t<meta property=\"og:image:height\" content=\"370\" \/>\n\t<meta property=\"og:image:type\" content=\"image\/webp\" \/>\n<meta name=\"author\" content=\"admin\" \/>\n<meta name=\"twitter:card\" content=\"summary_large_image\" \/>\n<meta name=\"twitter:label1\" content=\"Yazan:\" \/>\n\t<meta name=\"twitter:data1\" content=\"admin\" \/>\n\t<meta name=\"twitter:label2\" content=\"Tahmini okuma s\u00fcresi\" \/>\n\t<meta name=\"twitter:data2\" content=\"1 dakika\" \/>\n<script type=\"application\/ld+json\" class=\"yoast-schema-graph\">{\"@context\":\"https:\\\/\\\/schema.org\",\"@graph\":[{\"@type\":\"Article\",\"@id\":\"https:\\\/\\\/kibrisdakik.com\\\/?p=21221#article\",\"isPartOf\":{\"@id\":\"https:\\\/\\\/kibrisdakik.com\\\/?p=21221\"},\"author\":{\"name\":\"admin\",\"@id\":\"https:\\\/\\\/kibrisdakik.com\\\/#\\\/schema\\\/person\\\/9cd9d437bbb44f72b73ba127e06d8e79\"},\"headline\":\"Ercan&#039;da 2 ki\u015finin daha e\u015fyalar\u0131n\u0131n \u00e7al\u0131nd\u0131\u011f\u0131 ortaya \u00e7\u0131kt\u0131\",\"datePublished\":\"2023-12-06T13:02:57+00:00\",\"mainEntityOfPage\":{\"@id\":\"https:\\\/\\\/kibrisdakik.com\\\/?p=21221\"},\"wordCount\":160,\"commentCount\":0,\"image\":{\"@id\":\"https:\\\/\\\/kibrisdakik.com\\\/?p=21221#primaryimage\"},\"thumbnailUrl\":\"https:\\\/\\\/kibrisdakik.com\\\/wp-content\\\/uploads\\\/2023\\\/12\\\/ercanda-2-kisinin-daha-esyalarinin-calindigi-ortaya-cikti-1701865993.webp.webp\",\"articleSection\":[\"T\u00fcrkiye\"],\"inLanguage\":\"tr\",\"potentialAction\":[{\"@type\":\"CommentAction\",\"name\":\"Comment\",\"target\":[\"https:\\\/\\\/kibrisdakik.com\\\/?p=21221#respond\"]}]},{\"@type\":\"WebPage\",\"@id\":\"https:\\\/\\\/kibrisdakik.com\\\/?p=21221\",\"url\":\"https:\\\/\\\/kibrisdakik.com\\\/?p=21221\",\"name\":\"Ercan&#039;da 2 ki\u015finin daha e\u015fyalar\u0131n\u0131n \u00e7al\u0131nd\u0131\u011f\u0131 ortaya \u00e7\u0131kt\u0131 -\",\"isPartOf\":{\"@id\":\"https:\\\/\\\/kibrisdakik.com\\\/#website\"},\"primaryImageOfPage\":{\"@id\":\"https:\\\/\\\/kibrisdakik.com\\\/?p=21221#primaryimage\"},\"image\":{\"@id\":\"https:\\\/\\\/kibrisdakik.com\\\/?p=21221#primaryimage\"},\"thumbnailUrl\":\"https:\\\/\\\/kibrisdakik.com\\\/wp-content\\\/uploads\\\/2023\\\/12\\\/ercanda-2-kisinin-daha-esyalarinin-calindigi-ortaya-cikti-1701865993.webp.webp\",\"datePublished\":\"2023-12-06T13:02:57+00:00\",\"author\":{\"@id\":\"https:\\\/\\\/kibrisdakik.com\\\/#\\\/schema\\\/person\\\/9cd9d437bbb44f72b73ba127e06d8e79\"},\"breadcrumb\":{\"@id\":\"https:\\\/\\\/kibrisdakik.com\\\/?p=21221#breadcrumb\"},\"inLanguage\":\"tr\",\"potentialAction\":[{\"@type\":\"ReadAction\",\"target\":[\"https:\\\/\\\/kibrisdakik.com\\\/?p=21221\"]}]},{\"@type\":\"ImageObject\",\"inLanguage\":\"tr\",\"@id\":\"https:\\\/\\\/kibrisdakik.com\\\/?p=21221#primaryimage\",\"url\":\"https:\\\/\\\/kibrisdakik.com\\\/wp-content\\\/uploads\\\/2023\\\/12\\\/ercanda-2-kisinin-daha-esyalarinin-calindigi-ortaya-cikti-1701865993.webp.webp\",\"contentUrl\":\"https:\\\/\\\/kibrisdakik.com\\\/wp-content\\\/uploads\\\/2023\\\/12\\\/ercanda-2-kisinin-daha-esyalarinin-calindigi-ortaya-cikti-1701865993.webp.webp\",\"width\":710,\"height\":370},{\"@type\":\"BreadcrumbList\",\"@id\":\"https:\\\/\\\/kibrisdakik.com\\\/?p=21221#breadcrumb\",\"itemListElement\":[{\"@type\":\"ListItem\",\"position\":1,\"name\":\"Home\",\"item\":\"https:\\\/\\\/kibrisdakik.com\\\/\"},{\"@type\":\"ListItem\",\"position\":2,\"name\":\"Ercan&#039;da 2 ki\u015finin daha e\u015fyalar\u0131n\u0131n \u00e7al\u0131nd\u0131\u011f\u0131 ortaya \u00e7\u0131kt\u0131\"}]},{\"@type\":\"WebSite\",\"@id\":\"https:\\\/\\\/kibrisdakik.com\\\/#website\",\"url\":\"https:\\\/\\\/kibrisdakik.com\\\/\",\"name\":\"\",\"description\":\"Tam vaktinde haber\",\"potentialAction\":[{\"@type\":\"SearchAction\",\"target\":{\"@type\":\"EntryPoint\",\"urlTemplate\":\"https:\\\/\\\/kibrisdakik.com\\\/?s={search_term_string}\"},\"query-input\":{\"@type\":\"PropertyValueSpecification\",\"valueRequired\":true,\"valueName\":\"search_term_string\"}}],\"inLanguage\":\"tr\"},{\"@type\":\"Person\",\"@id\":\"https:\\\/\\\/kibrisdakik.com\\\/#\\\/schema\\\/person\\\/9cd9d437bbb44f72b73ba127e06d8e79\",\"name\":\"admin\",\"image\":{\"@type\":\"ImageObject\",\"inLanguage\":\"tr\",\"@id\":\"https:\\\/\\\/secure.gravatar.com\\\/avatar\\\/ccc17943b9d660506c869530f897617f7cb1c21a4bf30023f252596d83e1f007?s=96&d=mm&r=g\",\"url\":\"https:\\\/\\\/secure.gravatar.com\\\/avatar\\\/ccc17943b9d660506c869530f897617f7cb1c21a4bf30023f252596d83e1f007?s=96&d=mm&r=g\",\"contentUrl\":\"https:\\\/\\\/secure.gravatar.com\\\/avatar\\\/ccc17943b9d660506c869530f897617f7cb1c21a4bf30023f252596d83e1f007?s=96&d=mm&r=g\",\"caption\":\"admin\"},\"sameAs\":[\"https:\\\/\\\/kibrisdakik.com\"],\"url\":\"https:\\\/\\\/kibrisdakik.com\\\/?author=1\"}]}<\/script>\n<!-- \/ Yoast SEO plugin. -->","yoast_head_json":{"title":"Ercan&#039;da 2 ki\u015finin daha e\u015fyalar\u0131n\u0131n \u00e7al\u0131nd\u0131\u011f\u0131 ortaya \u00e7\u0131kt\u0131 -","robots":{"index":"index","follow":"follow","max-snippet":"max-snippet:-1","max-image-preview":"max-image-preview:large","max-video-preview":"max-video-preview:-1"},"canonical":"https:\/\/kibrisdakik.com\/?p=21221","og_locale":"tr_TR","og_type":"article","og_title":"Ercan&#039;da 2 ki\u015finin daha e\u015fyalar\u0131n\u0131n \u00e7al\u0131nd\u0131\u011f\u0131 ortaya \u00e7\u0131kt\u0131 -","og_description":"Ercan Havaalan\u0131&#8217;nda 2023 y\u0131l\u0131n\u0131n Eyl\u00fcl- Kas\u0131m aylar\u0131 aras\u0131nda meydana gelen h\u0131rs\u0131zl\u0131k olaylar\u0131ndan dolay\u0131 tutuklananlar\u0131n 2 ki\u015finin daha e\u015fyas\u0131n\u0131 \u00e7ald\u0131\u011f\u0131 saptand\u0131. &nbsp; H\u0131rs\u0131zl\u0131k olay\u0131yla ilgili yeni tespit yapt\u0131\u011f\u0131n\u0131 a\u00e7\u0131klayan polis, s\u00f6zkonusu ki\u015filerin 2 ayr\u0131 \u015fahs\u0131n daha bavulundan bir diz\u00fcst\u00fc bilgisayar, kad\u0131n kol saati, p\u0131rlanta y\u00fcz\u00fck, k\u00fcpe ile bro\u015f ve inci kolye \u00e7ald\u0131\u011f\u0131 tespit edildi. &nbsp; Eyl\u00fcl-Kas\u0131m","og_url":"https:\/\/kibrisdakik.com\/?p=21221","article_published_time":"2023-12-06T13:02:57+00:00","og_image":[{"width":710,"height":370,"url":"https:\/\/kibrisdakik.com\/wp-content\/uploads\/2023\/12\/ercanda-2-kisinin-daha-esyalarinin-calindigi-ortaya-cikti-1701865993.webp.webp","type":"image\/webp"}],"author":"admin","twitter_card":"summary_large_image","twitter_misc":{"Yazan:":"admin","Tahmini okuma s\u00fcresi":"1 dakika"},"schema":{"@context":"https:\/\/schema.org","@graph":[{"@type":"Article","@id":"https:\/\/kibrisdakik.com\/?p=21221#article","isPartOf":{"@id":"https:\/\/kibrisdakik.com\/?p=21221"},"author":{"name":"admin","@id":"https:\/\/kibrisdakik.com\/#\/schema\/person\/9cd9d437bbb44f72b73ba127e06d8e79"},"headline":"Ercan&#039;da 2 ki\u015finin daha e\u015fyalar\u0131n\u0131n \u00e7al\u0131nd\u0131\u011f\u0131 ortaya \u00e7\u0131kt\u0131","datePublished":"2023-12-06T13:02:57+00:00","mainEntityOfPage":{"@id":"https:\/\/kibrisdakik.com\/?p=21221"},"wordCount":160,"commentCount":0,"image":{"@id":"https:\/\/kibrisdakik.com\/?p=21221#primaryimage"},"thumbnailUrl":"https:\/\/kibrisdakik.com\/wp-content\/uploads\/2023\/12\/ercanda-2-kisinin-daha-esyalarinin-calindigi-ortaya-cikti-1701865993.webp.webp","articleSection":["T\u00fcrkiye"],"inLanguage":"tr","potentialAction":[{"@type":"CommentAction","name":"Comment","target":["https:\/\/kibrisdakik.com\/?p=21221#respond"]}]},{"@type":"WebPage","@id":"https:\/\/kibrisdakik.com\/?p=21221","url":"https:\/\/kibrisdakik.com\/?p=21221","name":"Ercan&#039;da 2 ki\u015finin daha e\u015fyalar\u0131n\u0131n \u00e7al\u0131nd\u0131\u011f\u0131 ortaya \u00e7\u0131kt\u0131 -","isPartOf":{"@id":"https:\/\/kibrisdakik.com\/#website"},"primaryImageOfPage":{"@id":"https:\/\/kibrisdakik.com\/?p=21221#primaryimage"},"image":{"@id":"https:\/\/kibrisdakik.com\/?p=21221#primaryimage"},"thumbnailUrl":"https:\/\/kibrisdakik.com\/wp-content\/uploads\/2023\/12\/ercanda-2-kisinin-daha-esyalarinin-calindigi-ortaya-cikti-1701865993.webp.webp","datePublished":"2023-12-06T13:02:57+00:00","author":{"@id":"https:\/\/kibrisdakik.com\/#\/schema\/person\/9cd9d437bbb44f72b73ba127e06d8e79"},"breadcrumb":{"@id":"https:\/\/kibrisdakik.com\/?p=21221#breadcrumb"},"inLanguage":"tr","potentialAction":[{"@type":"ReadAction","target":["https:\/\/kibrisdakik.com\/?p=21221"]}]},{"@type":"ImageObject","inLanguage":"tr","@id":"https:\/\/kibrisdakik.com\/?p=21221#primaryimage","url":"https:\/\/kibrisdakik.com\/wp-content\/uploads\/2023\/12\/ercanda-2-kisinin-daha-esyalarinin-calindigi-ortaya-cikti-1701865993.webp.webp","contentUrl":"https:\/\/kibrisdakik.com\/wp-content\/uploads\/2023\/12\/ercanda-2-kisinin-daha-esyalarinin-calindigi-ortaya-cikti-1701865993.webp.webp","width":710,"height":370},{"@type":"BreadcrumbList","@id":"https:\/\/kibrisdakik.com\/?p=21221#breadcrumb","itemListElement":[{"@type":"ListItem","position":1,"name":"Home","item":"https:\/\/kibrisdakik.com\/"},{"@type":"ListItem","position":2,"name":"Ercan&#039;da 2 ki\u015finin daha e\u015fyalar\u0131n\u0131n \u00e7al\u0131nd\u0131\u011f\u0131 ortaya \u00e7\u0131kt\u0131"}]},{"@type":"WebSite","@id":"https:\/\/kibrisdakik.com\/#website","url":"https:\/\/kibrisdakik.com\/","name":"","description":"Tam vaktinde haber","potentialAction":[{"@type":"SearchAction","target":{"@type":"EntryPoint","urlTemplate":"https:\/\/kibrisdakik.com\/?s={search_term_string}"},"query-input":{"@type":"PropertyValueSpecification","valueRequired":true,"valueName":"search_term_string"}}],"inLanguage":"tr"},{"@type":"Person","@id":"https:\/\/kibrisdakik.com\/#\/schema\/person\/9cd9d437bbb44f72b73ba127e06d8e79","name":"admin","image":{"@type":"ImageObject","inLanguage":"tr","@id":"https:\/\/secure.gravatar.com\/avatar\/ccc17943b9d660506c869530f897617f7cb1c21a4bf30023f252596d83e1f007?s=96&d=mm&r=g","url":"https:\/\/secure.gravatar.com\/avatar\/ccc17943b9d660506c869530f897617f7cb1c21a4bf30023f252596d83e1f007?s=96&d=mm&r=g","contentUrl":"https:\/\/secure.gravatar.com\/avatar\/ccc17943b9d660506c869530f897617f7cb1c21a4bf30023f252596d83e1f007?s=96&d=mm&r=g","caption":"admin"},"sameAs":["https:\/\/kibrisdakik.com"],"url":"https:\/\/kibrisdakik.com\/?author=1"}]}},"_links":{"self":[{"href":"https:\/\/kibrisdakik.com\/index.php?rest_route=\/wp\/v2\/posts\/21221","targetHints":{"allow":["GET"]}}],"collection":[{"href":"https:\/\/kibrisdakik.com\/index.php?rest_route=\/wp\/v2\/posts"}],"about":[{"href":"https:\/\/kibrisdakik.com\/index.php?rest_route=\/wp\/v2\/types\/post"}],"author":[{"embeddable":true,"href":"https:\/\/kibrisdakik.com\/index.php?rest_route=\/wp\/v2\/users\/1"}],"replies":[{"embeddable":true,"href":"https:\/\/kibrisdakik.com\/index.php?rest_route=%2Fwp%2Fv2%2Fcomments&post=21221"}],"version-history":[{"count":0,"href":"https:\/\/kibrisdakik.com\/index.php?rest_route=\/wp\/v2\/posts\/21221\/revisions"}],"wp:featuredmedia":[{"embeddable":true,"href":"https:\/\/kibrisdakik.com\/index.php?rest_route=\/wp\/v2\/media\/21222"}],"wp:attachment":[{"href":"https:\/\/kibrisdakik.com\/index.php?rest_route=%2Fwp%2Fv2%2Fmedia&parent=21221"}],"wp:term":[{"taxonomy":"category","embeddable":true,"href":"https:\/\/kibrisdakik.com\/index.php?rest_route=%2Fwp%2Fv2%2Fcategories&post=21221"},{"taxonomy":"post_tag","embeddable":true,"href":"https:\/\/kibrisdakik.com\/index.php?rest_route=%2Fwp%2Fv2%2Ftags&post=21221"}],"curies":[{"name":"wp","href":"https:\/\/api.w.org\/{rel}","templated":true}]}}