{"id":21309,"date":"2023-12-07T07:37:00","date_gmt":"2023-12-07T07:37:00","guid":{"rendered":"https:\/\/kibrisdakik.com\/index.php\/2023\/12\/07\/haksenden-arhunun-aciklamalarina-tepki-acin-halinden-tok-anlamaz\/"},"modified":"2023-12-07T07:37:00","modified_gmt":"2023-12-07T07:37:00","slug":"haksenden-arhunun-aciklamalarina-tepki-acin-halinden-tok-anlamaz","status":"publish","type":"post","link":"https:\/\/kibrisdakik.com\/?p=21309","title":{"rendered":"HAKSEN\u2019den Arhun\u2019un a\u00e7\u0131klamalar\u0131na tepki: \u201cA\u00e7\u0131n halinden tok anlamaz&#8230;\u201d"},"content":{"rendered":"<p><img decoding=\"async\" src=\"https:\/\/www.kibristurk.com\/images\/haberler\/2023\/12\/haksenden-arhunun-aciklamalarina-tepki-acin-halinden-tok-anlamaz-1701934708.webp\" \/><\/p>\n<p style=\"text-align:left\"><span style=\"font-size:14px\"><span style=\"font-family:Arial,Helvetica,sans-serif\"><span style=\"color:#000000\"><span style=\"background-color:#ffffff\">\u0130\u015fveren temsilcisi Metin Arhun\u2019un BRT\u2019de kat\u0131ld\u0131\u011f\u0131 bir programda yapt\u0131\u011f\u0131 \u201cBu \u00fclkede i\u015fsizlik de yoktur a\u00e7l\u0131k da. \u00c7ok rahat bir \u00fclkeyiz. Asgari \u00fccret ve maa\u015f konusu ile ilgili gereksiz tart\u0131\u015fmalar ya\u015fan\u0131yor.<\/span><\/span><\/span><\/span><\/p>\n<p style=\"text-align:left\"><span style=\"font-size:14px\"><span style=\"font-family:Arial,Helvetica,sans-serif\"><span style=\"color:#000000\"><span style=\"background-color:#ffffff\">\u00c7al\u0131\u015fanlar kendi durumuna bak\u0131yor, maa\u015flar\u0131n\u0131 g\u00f6zden ge\u00e7iriyor; az buluyor. Konuyu i\u015fverenine a\u00e7\u0131yor; \u2018benim maa\u015f\u0131m d\u00fc\u015f\u00fck kald\u0131 art\u0131ral\u0131m\u2019 diyor ve huzuru ka\u00e7\u0131ran gereksiz tart\u0131\u015fmalar yarat\u0131yor\u201d \u015feklindeki a\u00e7\u0131klamalara HAKSEN\u2019den tepki geldi.<\/span><\/span><\/span><\/span><\/p>\n<p style=\"text-align:left\"><span style=\"font-size:14px\"><span style=\"font-family:Arial,Helvetica,sans-serif\"><span style=\"color:#000000\"><span style=\"background-color:#ffffff\">-\u201cAnormal Olan asgari \u00fccretin&nbsp; asgari \u00fccretlinin temsil edilmedi\u011fi bir komisyonda belirlenmesidir\u201d<\/span><\/span><\/span><\/span><\/p>\n<p style=\"text-align:left\"><span style=\"font-size:14px\"><span style=\"font-family:Arial,Helvetica,sans-serif\"><span style=\"color:#000000\"><span style=\"background-color:#ffffff\">Yaz\u0131l\u0131 a\u00e7\u0131klama yay\u0131mlayan HAKSEN, \u201cMetin Arhun gibi bir ki\u015finin, \u00fclkede elde etti\u011fi ayr\u0131cal\u0131kl\u0131 konumdan bakarak, asgari \u00fccret hakk\u0131nda at\u0131p tutmas\u0131, asgari \u00fccretle ge\u00e7inmeye \u00e7al\u0131\u015fan insanlarla ilgili ahkam kesmesi ve \u00fclkede herkesin \u00e7ok rahat ya\u015fad\u0131\u011f\u0131n\u0131 zannetmesi normaldir. S\u0131radan bir ak\u015fam, yemek yedi\u011fi mekanda asgari \u00fccretin kat bekat fazlas\u0131n\u0131 g\u00f6z\u00fcn\u00fc k\u0131rpmadan harcayan ve hesaps\u0131z kitaps\u0131z rahat bir hayat ya\u015fayan, Metin Bey gibi insanlar bu \u00fclkede elbette vard\u0131r ve onlar i\u00e7in \u00fclkenin \u00e7ok rahat bir \u00fclke oldu\u011fu da ger\u00e7ektir\u201d ifadelerini kulland\u0131.<\/span><\/span><\/span><\/span><\/p>\n<p style=\"text-align:left\"><span style=\"font-size:14px\"><span style=\"font-family:Arial,Helvetica,sans-serif\"><span style=\"color:#000000\"><span style=\"background-color:#ffffff\">\u201cAncak \u00fclkenin ger\u00e7e\u011fi bu az\u0131nl\u0131k ve ayr\u0131cal\u0131kl\u0131 gruptan ibaret de\u011fildir. Elektrik, su ve gaz harcamalar\u0131yla maa\u015f\u0131n\u0131 t\u00fcketip, bir ay boyunca olmayan parayla ge\u00e7inmek zorunda kalan emek\u00e7iler de bu \u00fclkenin ger\u00e7e\u011fidir. Ay ba\u015f\u0131nda kiras\u0131n\u0131 ve faturalar\u0131n\u0131 \u00f6dedi\u011fi zaman maa\u015f\u0131 t\u00fckenen insanlar\u0131m\u0131z\u0131n say\u0131s\u0131, bu \u00fclkede Metin Beylerden daha \u00e7oktur ve bu insanlar da en az Metin Beyler kadar \u2018insanca ya\u015fama\u2019 hakk\u0131na sahiptir\u201d denilen a\u00e7\u0131klamada, tokun a\u00e7\u0131n halinden anlamamas\u0131na \u015fa\u015f\u0131rmamak gerekti\u011fi belirtildi.<\/span><\/span><\/span><\/span><\/p>\n<p style=\"text-align:left\"><span style=\"font-size:14px\"><span style=\"font-family:Arial,Helvetica,sans-serif\"><span style=\"color:#000000\"><span style=\"background-color:#ffffff\">-\u201cEsas sorun Asgari \u00dccret Tespit Komisyonu\u2019nun varl\u0131\u011f\u0131d\u0131r\u201d<\/span><\/span><\/span><\/span><\/p>\n<p style=\"text-align:left\"><span style=\"font-size:14px\"><span style=\"font-family:Arial,Helvetica,sans-serif\"><span style=\"color:#000000\"><span style=\"background-color:#ffffff\">A\u00e7\u0131klamada, \u201cAsgari \u00dccret Tespit Komisyonu\u2019nda; devlet, i\u015fveren ve asgari \u00fccretle \u00e7al\u0131\u015fmayan kesimi temsil eden bir sendikam\u0131z bulunurken, asgari \u00fccretle \u00e7al\u0131\u015fan \u00f6zel sekt\u00f6r emek\u00e7ilerinin masada temsil edilmiyor olmas\u0131, asgari \u00fccretlinin kaderinin, temsil edilmedi\u011fi bir masada belirleniyor olmas\u0131d\u0131r\u201d denildi.<\/span><\/span><\/span><\/span><\/p>\n<p style=\"text-align:left\">&nbsp;<\/p>\n<p style=\"text-align:left\"><span style=\"font-size:14px\"><span style=\"font-family:Arial,Helvetica,sans-serif\"><span style=\"color:#000000\"><span style=\"background-color:#ffffff\">Asgari \u00dccret Tespit Komisyonunun bir an evvel la\u011fvedilmesi gerekti\u011fini kaydeden HAKSEN, \u201cAsgari \u00fccretlinin s\u00f6z hakk\u0131 olmayan bir masada, emek\u00e7inin kaderini belirleme \u0131srar\u0131ndan vazge\u00e7ilmeli, Asgari \u00fccret kamudaki en d\u00fc\u015f\u00fck maa\u015fa sabitlenmelidir. Bu sayede kamudaki art\u0131\u015f miktarlar\u0131 d\u00fczenli olarak asgari \u00fccrete yans\u0131yacak, emek\u00e7inin kaderi Metin Beyler gibi \u201c\u00e7ok rahat ve g\u00fczel bir \u00fclkede ya\u015fayanlar\u0131n\u201d iki duda\u011f\u0131 aras\u0131nda olmaktan \u00e7\u0131kacakt\u0131r\u201d ifadelerine yer verdi.<\/span><\/span><\/span><\/span><\/p>\n<p>&nbsp;<\/p>\n","protected":false},"excerpt":{"rendered":"<p>\u0130\u015fveren temsilcisi Metin Arhun\u2019un BRT\u2019de kat\u0131ld\u0131\u011f\u0131 bir programda yapt\u0131\u011f\u0131 \u201cBu \u00fclkede i\u015fsizlik de yoktur a\u00e7l\u0131k da. \u00c7ok rahat bir \u00fclkeyiz. Asgari \u00fccret ve maa\u015f konusu ile ilgili gereksiz tart\u0131\u015fmalar ya\u015fan\u0131yor. \u00c7al\u0131\u015fanlar kendi durumuna bak\u0131yor, maa\u015flar\u0131n\u0131 g\u00f6zden ge\u00e7iriyor; az buluyor. Konuyu i\u015fverenine a\u00e7\u0131yor; \u2018benim maa\u015f\u0131m d\u00fc\u015f\u00fck kald\u0131 art\u0131ral\u0131m\u2019 diyor ve huzuru ka\u00e7\u0131ran gereksiz tart\u0131\u015fmalar yarat\u0131yor\u201d \u015feklindeki<\/p>\n","protected":false},"author":1,"featured_media":21310,"comment_status":"open","ping_status":"open","sticky":false,"template":"","format":"standard","meta":{"footnotes":""},"categories":[1],"tags":[],"class_list":["post-21309","post","type-post","status-publish","format-standard","has-post-thumbnail","hentry","category-gundem"],"yoast_head":"<!-- This site is optimized with the Yoast SEO plugin v27.5 - https:\/\/yoast.com\/product\/yoast-seo-wordpress\/ -->\n<title>HAKSEN\u2019den Arhun\u2019un a\u00e7\u0131klamalar\u0131na tepki: \u201cA\u00e7\u0131n halinden tok anlamaz...\u201d -<\/title>\n<meta name=\"robots\" content=\"index, follow, max-snippet:-1, max-image-preview:large, max-video-preview:-1\" \/>\n<link rel=\"canonical\" href=\"https:\/\/kibrisdakik.com\/?p=21309\" \/>\n<meta property=\"og:locale\" content=\"tr_TR\" \/>\n<meta property=\"og:type\" content=\"article\" \/>\n<meta property=\"og:title\" content=\"HAKSEN\u2019den Arhun\u2019un a\u00e7\u0131klamalar\u0131na tepki: \u201cA\u00e7\u0131n halinden tok anlamaz...\u201d -\" \/>\n<meta property=\"og:description\" content=\"\u0130\u015fveren temsilcisi Metin Arhun\u2019un BRT\u2019de kat\u0131ld\u0131\u011f\u0131 bir programda yapt\u0131\u011f\u0131 \u201cBu \u00fclkede i\u015fsizlik de yoktur a\u00e7l\u0131k da. \u00c7ok rahat bir \u00fclkeyiz. Asgari \u00fccret ve maa\u015f konusu ile ilgili gereksiz tart\u0131\u015fmalar ya\u015fan\u0131yor. \u00c7al\u0131\u015fanlar kendi durumuna bak\u0131yor, maa\u015flar\u0131n\u0131 g\u00f6zden ge\u00e7iriyor; az buluyor. Konuyu i\u015fverenine a\u00e7\u0131yor; \u2018benim maa\u015f\u0131m d\u00fc\u015f\u00fck kald\u0131 art\u0131ral\u0131m\u2019 diyor ve huzuru ka\u00e7\u0131ran gereksiz tart\u0131\u015fmalar yarat\u0131yor\u201d \u015feklindeki\" \/>\n<meta property=\"og:url\" content=\"https:\/\/kibrisdakik.com\/?p=21309\" \/>\n<meta property=\"article:published_time\" content=\"2023-12-07T07:37:00+00:00\" \/>\n<meta property=\"og:image\" content=\"https:\/\/kibrisdakik.com\/wp-content\/uploads\/2023\/12\/haksenden-arhunun-aciklamalarina-tepki-acin-halinden-tok-anlamaz-1701934708.webp.webp\" \/>\n\t<meta property=\"og:image:width\" content=\"710\" \/>\n\t<meta property=\"og:image:height\" content=\"370\" \/>\n\t<meta property=\"og:image:type\" content=\"image\/webp\" \/>\n<meta name=\"author\" content=\"admin\" \/>\n<meta name=\"twitter:card\" content=\"summary_large_image\" \/>\n<meta name=\"twitter:label1\" content=\"Yazan:\" \/>\n\t<meta name=\"twitter:data1\" content=\"admin\" \/>\n\t<meta name=\"twitter:label2\" content=\"Tahmini okuma s\u00fcresi\" \/>\n\t<meta name=\"twitter:data2\" content=\"2 dakika\" \/>\n<script type=\"application\/ld+json\" class=\"yoast-schema-graph\">{\"@context\":\"https:\\\/\\\/schema.org\",\"@graph\":[{\"@type\":\"Article\",\"@id\":\"https:\\\/\\\/kibrisdakik.com\\\/?p=21309#article\",\"isPartOf\":{\"@id\":\"https:\\\/\\\/kibrisdakik.com\\\/?p=21309\"},\"author\":{\"name\":\"admin\",\"@id\":\"https:\\\/\\\/kibrisdakik.com\\\/#\\\/schema\\\/person\\\/9cd9d437bbb44f72b73ba127e06d8e79\"},\"headline\":\"HAKSEN\u2019den Arhun\u2019un a\u00e7\u0131klamalar\u0131na tepki: \u201cA\u00e7\u0131n halinden tok anlamaz&#8230;\u201d\",\"datePublished\":\"2023-12-07T07:37:00+00:00\",\"mainEntityOfPage\":{\"@id\":\"https:\\\/\\\/kibrisdakik.com\\\/?p=21309\"},\"wordCount\":453,\"commentCount\":0,\"image\":{\"@id\":\"https:\\\/\\\/kibrisdakik.com\\\/?p=21309#primaryimage\"},\"thumbnailUrl\":\"https:\\\/\\\/kibrisdakik.com\\\/wp-content\\\/uploads\\\/2023\\\/12\\\/haksenden-arhunun-aciklamalarina-tepki-acin-halinden-tok-anlamaz-1701934708.webp.webp\",\"articleSection\":[\"G\u00fcndem\"],\"inLanguage\":\"tr\",\"potentialAction\":[{\"@type\":\"CommentAction\",\"name\":\"Comment\",\"target\":[\"https:\\\/\\\/kibrisdakik.com\\\/?p=21309#respond\"]}]},{\"@type\":\"WebPage\",\"@id\":\"https:\\\/\\\/kibrisdakik.com\\\/?p=21309\",\"url\":\"https:\\\/\\\/kibrisdakik.com\\\/?p=21309\",\"name\":\"HAKSEN\u2019den Arhun\u2019un a\u00e7\u0131klamalar\u0131na tepki: \u201cA\u00e7\u0131n halinden tok anlamaz...\u201d -\",\"isPartOf\":{\"@id\":\"https:\\\/\\\/kibrisdakik.com\\\/#website\"},\"primaryImageOfPage\":{\"@id\":\"https:\\\/\\\/kibrisdakik.com\\\/?p=21309#primaryimage\"},\"image\":{\"@id\":\"https:\\\/\\\/kibrisdakik.com\\\/?p=21309#primaryimage\"},\"thumbnailUrl\":\"https:\\\/\\\/kibrisdakik.com\\\/wp-content\\\/uploads\\\/2023\\\/12\\\/haksenden-arhunun-aciklamalarina-tepki-acin-halinden-tok-anlamaz-1701934708.webp.webp\",\"datePublished\":\"2023-12-07T07:37:00+00:00\",\"author\":{\"@id\":\"https:\\\/\\\/kibrisdakik.com\\\/#\\\/schema\\\/person\\\/9cd9d437bbb44f72b73ba127e06d8e79\"},\"breadcrumb\":{\"@id\":\"https:\\\/\\\/kibrisdakik.com\\\/?p=21309#breadcrumb\"},\"inLanguage\":\"tr\",\"potentialAction\":[{\"@type\":\"ReadAction\",\"target\":[\"https:\\\/\\\/kibrisdakik.com\\\/?p=21309\"]}]},{\"@type\":\"ImageObject\",\"inLanguage\":\"tr\",\"@id\":\"https:\\\/\\\/kibrisdakik.com\\\/?p=21309#primaryimage\",\"url\":\"https:\\\/\\\/kibrisdakik.com\\\/wp-content\\\/uploads\\\/2023\\\/12\\\/haksenden-arhunun-aciklamalarina-tepki-acin-halinden-tok-anlamaz-1701934708.webp.webp\",\"contentUrl\":\"https:\\\/\\\/kibrisdakik.com\\\/wp-content\\\/uploads\\\/2023\\\/12\\\/haksenden-arhunun-aciklamalarina-tepki-acin-halinden-tok-anlamaz-1701934708.webp.webp\",\"width\":710,\"height\":370},{\"@type\":\"BreadcrumbList\",\"@id\":\"https:\\\/\\\/kibrisdakik.com\\\/?p=21309#breadcrumb\",\"itemListElement\":[{\"@type\":\"ListItem\",\"position\":1,\"name\":\"Home\",\"item\":\"https:\\\/\\\/kibrisdakik.com\\\/\"},{\"@type\":\"ListItem\",\"position\":2,\"name\":\"HAKSEN\u2019den Arhun\u2019un a\u00e7\u0131klamalar\u0131na tepki: \u201cA\u00e7\u0131n halinden tok anlamaz&#8230;\u201d\"}]},{\"@type\":\"WebSite\",\"@id\":\"https:\\\/\\\/kibrisdakik.com\\\/#website\",\"url\":\"https:\\\/\\\/kibrisdakik.com\\\/\",\"name\":\"\",\"description\":\"Tam vaktinde haber\",\"potentialAction\":[{\"@type\":\"SearchAction\",\"target\":{\"@type\":\"EntryPoint\",\"urlTemplate\":\"https:\\\/\\\/kibrisdakik.com\\\/?s={search_term_string}\"},\"query-input\":{\"@type\":\"PropertyValueSpecification\",\"valueRequired\":true,\"valueName\":\"search_term_string\"}}],\"inLanguage\":\"tr\"},{\"@type\":\"Person\",\"@id\":\"https:\\\/\\\/kibrisdakik.com\\\/#\\\/schema\\\/person\\\/9cd9d437bbb44f72b73ba127e06d8e79\",\"name\":\"admin\",\"image\":{\"@type\":\"ImageObject\",\"inLanguage\":\"tr\",\"@id\":\"https:\\\/\\\/secure.gravatar.com\\\/avatar\\\/ccc17943b9d660506c869530f897617f7cb1c21a4bf30023f252596d83e1f007?s=96&d=mm&r=g\",\"url\":\"https:\\\/\\\/secure.gravatar.com\\\/avatar\\\/ccc17943b9d660506c869530f897617f7cb1c21a4bf30023f252596d83e1f007?s=96&d=mm&r=g\",\"contentUrl\":\"https:\\\/\\\/secure.gravatar.com\\\/avatar\\\/ccc17943b9d660506c869530f897617f7cb1c21a4bf30023f252596d83e1f007?s=96&d=mm&r=g\",\"caption\":\"admin\"},\"sameAs\":[\"https:\\\/\\\/kibrisdakik.com\"],\"url\":\"https:\\\/\\\/kibrisdakik.com\\\/?author=1\"}]}<\/script>\n<!-- \/ Yoast SEO plugin. -->","yoast_head_json":{"title":"HAKSEN\u2019den Arhun\u2019un a\u00e7\u0131klamalar\u0131na tepki: \u201cA\u00e7\u0131n halinden tok anlamaz...\u201d -","robots":{"index":"index","follow":"follow","max-snippet":"max-snippet:-1","max-image-preview":"max-image-preview:large","max-video-preview":"max-video-preview:-1"},"canonical":"https:\/\/kibrisdakik.com\/?p=21309","og_locale":"tr_TR","og_type":"article","og_title":"HAKSEN\u2019den Arhun\u2019un a\u00e7\u0131klamalar\u0131na tepki: \u201cA\u00e7\u0131n halinden tok anlamaz...\u201d -","og_description":"\u0130\u015fveren temsilcisi Metin Arhun\u2019un BRT\u2019de kat\u0131ld\u0131\u011f\u0131 bir programda yapt\u0131\u011f\u0131 \u201cBu \u00fclkede i\u015fsizlik de yoktur a\u00e7l\u0131k da. \u00c7ok rahat bir \u00fclkeyiz. Asgari \u00fccret ve maa\u015f konusu ile ilgili gereksiz tart\u0131\u015fmalar ya\u015fan\u0131yor. \u00c7al\u0131\u015fanlar kendi durumuna bak\u0131yor, maa\u015flar\u0131n\u0131 g\u00f6zden ge\u00e7iriyor; az buluyor. Konuyu i\u015fverenine a\u00e7\u0131yor; \u2018benim maa\u015f\u0131m d\u00fc\u015f\u00fck kald\u0131 art\u0131ral\u0131m\u2019 diyor ve huzuru ka\u00e7\u0131ran gereksiz tart\u0131\u015fmalar yarat\u0131yor\u201d \u015feklindeki","og_url":"https:\/\/kibrisdakik.com\/?p=21309","article_published_time":"2023-12-07T07:37:00+00:00","og_image":[{"width":710,"height":370,"url":"https:\/\/kibrisdakik.com\/wp-content\/uploads\/2023\/12\/haksenden-arhunun-aciklamalarina-tepki-acin-halinden-tok-anlamaz-1701934708.webp.webp","type":"image\/webp"}],"author":"admin","twitter_card":"summary_large_image","twitter_misc":{"Yazan:":"admin","Tahmini okuma s\u00fcresi":"2 dakika"},"schema":{"@context":"https:\/\/schema.org","@graph":[{"@type":"Article","@id":"https:\/\/kibrisdakik.com\/?p=21309#article","isPartOf":{"@id":"https:\/\/kibrisdakik.com\/?p=21309"},"author":{"name":"admin","@id":"https:\/\/kibrisdakik.com\/#\/schema\/person\/9cd9d437bbb44f72b73ba127e06d8e79"},"headline":"HAKSEN\u2019den Arhun\u2019un a\u00e7\u0131klamalar\u0131na tepki: \u201cA\u00e7\u0131n halinden tok anlamaz&#8230;\u201d","datePublished":"2023-12-07T07:37:00+00:00","mainEntityOfPage":{"@id":"https:\/\/kibrisdakik.com\/?p=21309"},"wordCount":453,"commentCount":0,"image":{"@id":"https:\/\/kibrisdakik.com\/?p=21309#primaryimage"},"thumbnailUrl":"https:\/\/kibrisdakik.com\/wp-content\/uploads\/2023\/12\/haksenden-arhunun-aciklamalarina-tepki-acin-halinden-tok-anlamaz-1701934708.webp.webp","articleSection":["G\u00fcndem"],"inLanguage":"tr","potentialAction":[{"@type":"CommentAction","name":"Comment","target":["https:\/\/kibrisdakik.com\/?p=21309#respond"]}]},{"@type":"WebPage","@id":"https:\/\/kibrisdakik.com\/?p=21309","url":"https:\/\/kibrisdakik.com\/?p=21309","name":"HAKSEN\u2019den Arhun\u2019un a\u00e7\u0131klamalar\u0131na tepki: \u201cA\u00e7\u0131n halinden tok anlamaz...\u201d -","isPartOf":{"@id":"https:\/\/kibrisdakik.com\/#website"},"primaryImageOfPage":{"@id":"https:\/\/kibrisdakik.com\/?p=21309#primaryimage"},"image":{"@id":"https:\/\/kibrisdakik.com\/?p=21309#primaryimage"},"thumbnailUrl":"https:\/\/kibrisdakik.com\/wp-content\/uploads\/2023\/12\/haksenden-arhunun-aciklamalarina-tepki-acin-halinden-tok-anlamaz-1701934708.webp.webp","datePublished":"2023-12-07T07:37:00+00:00","author":{"@id":"https:\/\/kibrisdakik.com\/#\/schema\/person\/9cd9d437bbb44f72b73ba127e06d8e79"},"breadcrumb":{"@id":"https:\/\/kibrisdakik.com\/?p=21309#breadcrumb"},"inLanguage":"tr","potentialAction":[{"@type":"ReadAction","target":["https:\/\/kibrisdakik.com\/?p=21309"]}]},{"@type":"ImageObject","inLanguage":"tr","@id":"https:\/\/kibrisdakik.com\/?p=21309#primaryimage","url":"https:\/\/kibrisdakik.com\/wp-content\/uploads\/2023\/12\/haksenden-arhunun-aciklamalarina-tepki-acin-halinden-tok-anlamaz-1701934708.webp.webp","contentUrl":"https:\/\/kibrisdakik.com\/wp-content\/uploads\/2023\/12\/haksenden-arhunun-aciklamalarina-tepki-acin-halinden-tok-anlamaz-1701934708.webp.webp","width":710,"height":370},{"@type":"BreadcrumbList","@id":"https:\/\/kibrisdakik.com\/?p=21309#breadcrumb","itemListElement":[{"@type":"ListItem","position":1,"name":"Home","item":"https:\/\/kibrisdakik.com\/"},{"@type":"ListItem","position":2,"name":"HAKSEN\u2019den Arhun\u2019un a\u00e7\u0131klamalar\u0131na tepki: \u201cA\u00e7\u0131n halinden tok anlamaz&#8230;\u201d"}]},{"@type":"WebSite","@id":"https:\/\/kibrisdakik.com\/#website","url":"https:\/\/kibrisdakik.com\/","name":"","description":"Tam vaktinde haber","potentialAction":[{"@type":"SearchAction","target":{"@type":"EntryPoint","urlTemplate":"https:\/\/kibrisdakik.com\/?s={search_term_string}"},"query-input":{"@type":"PropertyValueSpecification","valueRequired":true,"valueName":"search_term_string"}}],"inLanguage":"tr"},{"@type":"Person","@id":"https:\/\/kibrisdakik.com\/#\/schema\/person\/9cd9d437bbb44f72b73ba127e06d8e79","name":"admin","image":{"@type":"ImageObject","inLanguage":"tr","@id":"https:\/\/secure.gravatar.com\/avatar\/ccc17943b9d660506c869530f897617f7cb1c21a4bf30023f252596d83e1f007?s=96&d=mm&r=g","url":"https:\/\/secure.gravatar.com\/avatar\/ccc17943b9d660506c869530f897617f7cb1c21a4bf30023f252596d83e1f007?s=96&d=mm&r=g","contentUrl":"https:\/\/secure.gravatar.com\/avatar\/ccc17943b9d660506c869530f897617f7cb1c21a4bf30023f252596d83e1f007?s=96&d=mm&r=g","caption":"admin"},"sameAs":["https:\/\/kibrisdakik.com"],"url":"https:\/\/kibrisdakik.com\/?author=1"}]}},"_links":{"self":[{"href":"https:\/\/kibrisdakik.com\/index.php?rest_route=\/wp\/v2\/posts\/21309","targetHints":{"allow":["GET"]}}],"collection":[{"href":"https:\/\/kibrisdakik.com\/index.php?rest_route=\/wp\/v2\/posts"}],"about":[{"href":"https:\/\/kibrisdakik.com\/index.php?rest_route=\/wp\/v2\/types\/post"}],"author":[{"embeddable":true,"href":"https:\/\/kibrisdakik.com\/index.php?rest_route=\/wp\/v2\/users\/1"}],"replies":[{"embeddable":true,"href":"https:\/\/kibrisdakik.com\/index.php?rest_route=%2Fwp%2Fv2%2Fcomments&post=21309"}],"version-history":[{"count":0,"href":"https:\/\/kibrisdakik.com\/index.php?rest_route=\/wp\/v2\/posts\/21309\/revisions"}],"wp:featuredmedia":[{"embeddable":true,"href":"https:\/\/kibrisdakik.com\/index.php?rest_route=\/wp\/v2\/media\/21310"}],"wp:attachment":[{"href":"https:\/\/kibrisdakik.com\/index.php?rest_route=%2Fwp%2Fv2%2Fmedia&parent=21309"}],"wp:term":[{"taxonomy":"category","embeddable":true,"href":"https:\/\/kibrisdakik.com\/index.php?rest_route=%2Fwp%2Fv2%2Fcategories&post=21309"},{"taxonomy":"post_tag","embeddable":true,"href":"https:\/\/kibrisdakik.com\/index.php?rest_route=%2Fwp%2Fv2%2Ftags&post=21309"}],"curies":[{"name":"wp","href":"https:\/\/api.w.org\/{rel}","templated":true}]}}