{"id":21387,"date":"2023-12-07T16:32:40","date_gmt":"2023-12-07T16:32:40","guid":{"rendered":"https:\/\/kibrisdakik.com\/index.php\/2023\/12\/07\/meclis-genel-kurulu-tamamlandi-5\/"},"modified":"2023-12-07T16:32:40","modified_gmt":"2023-12-07T16:32:40","slug":"meclis-genel-kurulu-tamamlandi-5","status":"publish","type":"post","link":"https:\/\/kibrisdakik.com\/?p=21387","title":{"rendered":"Meclis Genel Kurulu tamamland\u0131"},"content":{"rendered":"<p><img decoding=\"async\" src=\"https:\/\/www.kibristurk.com\/images\/haberler\/2023\/12\/meclis-genel-kurulu-tamamlandi-1701963263.webp\" \/><\/p>\n<p>Cumhuriyet Meclisi Genel Kurulu, g\u00fcncel konu\u015fmalar\u0131n ard\u0131ndan bug\u00fcnk\u00fc \u00e7al\u0131\u015fmalar\u0131n\u0131 tamamlad\u0131.&nbsp;<\/p>\n<p>Bir sonraki toplant\u0131 pazartesi g\u00fcn\u00fc saat 10.00\u2019da yap\u0131lacak. Genel Kurul\u2019da 2024 Mali Y\u0131l\u0131 Merkezi Devlet Y\u00f6netimi B\u00fct\u00e7e Yasa Tasar\u0131s\u0131 ele al\u0131nmaya ba\u015flayacak.&nbsp;<br \/>\n&nbsp;<\/p>\n<p>-\u015eahiner&nbsp;<\/p>\n<p>G\u00fcncel konu\u015fmalar\u0131n ilkini yapan CTP Milletvekili Salahi \u015eahiner, \u201cH\u00fck\u00fcmetin G\u00f6rmezden Geldi\u011fi Tar\u0131msal \u00dcretim\u201d konulu g\u00fcncel konu\u015fmas\u0131nda, G\u00fczelyurt ve Lefke b\u00f6lge halk\u0131n\u0131n tedirgin oldu\u011funu dile getirerek, mandora \u00fcr\u00fcn\u00fcnden bir tek kilo dahi sat\u0131lmad\u0131\u011f\u0131n\u0131 s\u00f6yledi.&nbsp;<\/p>\n<p>Tar\u0131m ve Hayvanc\u0131l\u0131k Platformu\u2019nda 20 d\u00f6n\u00fcm narenciye bah\u00e7esinin, dal\u0131nda \u00fcr\u00fcn\u00fcyle birlikte sat\u0131l\u0131\u011fa \u00e7\u0131kar\u0131ld\u0131\u011f\u0131na i\u015faret eden \u015eahiner, durumun s\u00fcrd\u00fcr\u00fclebilir olmad\u0131\u011f\u0131n\u0131, insanlar\u0131n arazilerini ve bah\u00e7elerini sat\u0131l\u0131\u011fa \u00e7\u0131karmaya ba\u015flad\u0131\u011f\u0131n\u0131 ifade etti.&nbsp;<\/p>\n<p>\u201cNarenciye dal\u0131nda kalamaz. H\u00fck\u00fcmet gerekli tedbirleri zaman\u0131nda almal\u0131d\u0131r. Mali tedbirler \u015fartt\u0131r\u201d diyen \u015eahiner, \u00f6nlem al\u0131nmazsa h\u00fck\u00fcmetin bunun alt\u0131nda kalaca\u011f\u0131n\u0131 savundu.&nbsp;<\/p>\n<p>40 g\u00fcn gibi bir s\u00fcre i\u00e7erisinde 50 bin ton \u00fcr\u00fcn\u00fcn hasat edilmesi gereken bir y\u0131l oldu\u011funu s\u00f6yleyen \u015eahiner, \u201cArpa fiyat\u0131na mandora, valensiya sat\u0131p da \u00fcretici ayakta duramaz\u201d dedi.&nbsp;<\/p>\n<p>\u015eehit \u00e7ocu\u011fu arsalar\u0131yla ilgili bir ihbar oldu\u011funa da de\u011finen \u015eahiner, alt yap\u0131s\u0131 tamamlanm\u0131\u015f olan arazilerle ilgili ko\u00e7an al\u0131namad\u0131\u011f\u0131n\u0131 ifade ederek, \u015fehit \u00e7ocuklar\u0131n\u0131n ko\u00e7an sorununun \u00e7\u00f6z\u00fclmesini istedi.&nbsp;<\/p>\n<p>-\u00c7avu\u015f&nbsp;<\/p>\n<p>Tar\u0131m ve Do\u011fal Kaynaklar Bakan\u0131 H\u00fcseyin \u00c7avu\u015f ise \u015eahiner\u2019i yan\u0131tlad\u0131\u011f\u0131 konu\u015fmas\u0131nda, b\u00f6lgeyle ilgili kayg\u0131lar\u0131n dile getirildi\u011fine i\u015faret ederek, \u201cDo\u011frudur, zor bir s\u00fcre\u00e7ten ge\u00e7iliyor. \u00d6zellikle de narenciye sekt\u00f6r\u00fcnde\u201d dedi.&nbsp;<\/p>\n<p>Sekt\u00f6r\u00fc takip ettiklerini, narenciye birlikleriyle isti\u015fare i\u00e7erisinde olduklar\u0131n\u0131 ve her t\u00fcrl\u00fc kolayl\u0131\u011f\u0131 sa\u011flamaya \u00e7al\u0131\u015ft\u0131klar\u0131n\u0131 dile getiren \u00c7avu\u015f, ellerindeki imkanlar\u0131 do\u011fru zamanda kullanmak arzusu i\u00e7erisinde olduklar\u0131n\u0131 ifade etti.&nbsp;<\/p>\n<p>Ellerinde rekabet ortam\u0131n\u0131 sa\u011flayacak unsurlar oldu\u011funu belirten \u00c7avu\u015f, bu arg\u00fcmanlar\u0131 g\u00fcn\u00fc geldi\u011finde kullanacaklar\u0131n\u0131 kaydetti. Tarihte ilk kez narenciyede g\u00fcbre deste\u011fi verdiklerini ifade eden \u00c7avu\u015f, \u201c\u015eu an i\u00e7in 16 bin 500 d\u00f6n\u00fcme kesintisiz su veriyoruz ve toplam verdi\u011fimiz arazi su miktar\u0131 da 19 bin d\u00f6n\u00fcme ula\u015ft\u0131\u201d diye konu\u015ftu.&nbsp;<\/p>\n<p>\u00dcr\u00fcn\u00fcn pazarlanmas\u0131yla ilgili Cypfruvex \u00fczerinden verecekleri destek ve te\u015fviklerle \u00fcr\u00fcn\u00fcn dal\u0131nda kalmayaca\u011f\u0131n\u0131 vurgulayan \u00c7avu\u015f, narenciyenin tamam\u0131n\u0131 alacaklar\u0131n\u0131 belirtti.&nbsp;<\/p>\n<p>-Hamzao\u011fullar\u0131&nbsp;<\/p>\n<p>CTP Milletvekili Biray Hamzao\u011fullar\u0131 ise, \u201cAtama H\u00fck\u00fcmet ve \u0130skele-Karpaz\u201d konulu g\u00fcncel konu\u015fmas\u0131nda toplu ta\u015f\u0131mac\u0131l\u0131kta ya\u015fanan sorunlara de\u011findi. Toplu ta\u015f\u0131mac\u0131l\u0131\u011f\u0131n y\u0131llar \u00f6nce ikiye b\u00f6l\u00fcnd\u00fc\u011f\u00fcn\u00fc dile getiren Hamzao\u011fullar\u0131, \u015fof\u00f6rlerin ya\u015fad\u0131\u011f\u0131 sorunlar\u0131 aktard\u0131.&nbsp;<\/p>\n<p>Bay\u0131nd\u0131rl\u0131k ve Ula\u015ft\u0131rma Bakanl\u0131\u011f\u0131 b\u00fct\u00e7esinde konuyla ilgili 3 saat konu\u015faca\u011f\u0131n\u0131 s\u00f6yleyen Hamzao\u011fullar\u0131, h\u00fck\u00fcmetin sorunlar\u0131 \u00e7\u00f6zece\u011fine inanmad\u0131\u011f\u0131n\u0131 s\u00f6yledi.&nbsp;<\/p>\n<p>\u201cBir g\u00fcn gelecek k\u00f6ylerden yolcu ta\u015f\u0131yacak araba bulamayacaks\u0131n\u0131z\u201d diyen Hamzao\u011fullar\u0131, uzak k\u00f6ylerden Lefko\u015fa\u2019ya gelen otob\u00fcs \u015fof\u00f6rlerinin para kazanmad\u0131\u011f\u0131n\u0131 ve sigortalar\u0131n\u0131 \u00f6deyemedi\u011fini belirtti.&nbsp;<\/p>\n<p>Yar\u0131n veya cumartesi g\u00fcn\u00fc otob\u00fcs \u015fof\u00f6rleriyle g\u00f6r\u00fc\u015f\u00fclmezse, \u015fof\u00f6rlerin pazartesi g\u00fcn\u00fc \u00f6\u011fleden sonraki seferlerini tamamlamayaca\u011f\u0131n\u0131 kaydeden Hamzao\u011fullar\u0131, gereken duyarl\u0131l\u0131\u011f\u0131n g\u00f6sterilece\u011fine inanmak istedi\u011fini s\u00f6yledi.&nbsp;<\/p>\n<p>-\u015eahali&nbsp;<\/p>\n<p>CTP Milletvekili Erkut \u015eahali \u201c\u0130rade Yoksunlu\u011fu \u00d6v\u00fcn\u00e7 Sebebi Olursa\u201d konulu g\u00fcncel konu\u015fma yapt\u0131.&nbsp;<\/p>\n<p>\u201c\u0130rade yoksunlu\u011funun, h\u00fck\u00fcmetin genel tavr\u0131 haline geldi\u011fini\u201d savunan \u015eahali, bunun K\u0131br\u0131s T\u00fcrk Elektrik Kurumu ile ba\u015flad\u0131\u011f\u0131n\u0131 ifade ederek, akaryak\u0131t al\u0131m\u0131ndaki yerle\u015fik d\u00fczenin bozuldu\u011funu belirtti. \u015eahali, \u201c\u0130yi yap\u0131lmakta olan i\u015fleri bozup da onlar\u0131 T\u00fcrkiye\u2019ye havale etmek e\u011fer h\u00fck\u00fcmet etmek ve makam sorumlulu\u011funu yerine getirmek say\u0131lacaksa orada iradesizli\u011fin art\u0131k abidesi dikilmi\u015f demektir\u201d dedi.&nbsp;<\/p>\n<p>\u201cUBP\u2019de ya\u015fananlar\u0131n irade yoksunlu\u011funu kan\u0131tlad\u0131\u011f\u0131n\u0131\u201d kaydeden \u015eahali, \u201c\u0130rade yoksunlu\u011fu kabul edilebilir de\u011fil\u2026 \u2018T\u00fcrkiye bizi istiyor, T\u00fcrkiye bizi seviyor, biz varsak T\u00fcrkiye, K\u0131br\u0131s T\u00fcrk halk\u0131n\u0131n yan\u0131ndad\u0131r\u2019 demek korkun\u00e7 bir riyad\u0131r, yaland\u0131r\u201d \u015feklinde konu\u015ftu.&nbsp;<\/p>\n<p>Y\u0131llard\u0131r \u00fclkeye T\u00fcrkiye\u2019den \u00f6\u011fretmen getirildi\u011fini dile getiren \u015eahali, Hala Sultan \u0130lahiyat Koleji\u2019nin kurulmas\u0131yla birlikte Milli E\u011fitim Bakanl\u0131\u011f\u0131n\u0131n uhdesi d\u0131\u015f\u0131ndaki bir e\u011fitim kurumu gibi bir davran\u0131\u015f g\u00f6sterildi\u011fini s\u00f6yledi.&nbsp;<\/p>\n<p>\u00dclkede m\u00fcd\u00fcr muavini olman\u0131n birinci ko\u015fulunun k\u0131dem, ikincisinin ise Kamu Hizmeti Komisyonu (KHK) s\u0131navlar\u0131nda ba\u015far\u0131l\u0131 olmak ve E\u011fitim Bakanl\u0131\u011f\u0131 taraf\u0131ndan atanmak oldu\u011funu kaydeden \u015eahali, KHK\u2019dan terfi almam\u0131\u015f \u00f6\u011fretmenin E\u011fitim Bakanl\u0131\u011f\u0131 taraf\u0131ndan m\u00fcd\u00fcr muavini atanamayaca\u011f\u0131n\u0131 s\u00f6yledi. \u015eahali, \u201cBu, irade yoksunlu\u011funun tipik bir g\u00f6stergesidir&#8221; dedi.&nbsp;<\/p>\n<p>Din \u0130\u015fleri Ba\u015fkan\u0131n\u0131n vatanda\u015f olmas\u0131n\u0131n \u00fclkede h\u00fcsn\u00fc kabul g\u00f6rd\u00fc\u011f\u00fc anlam\u0131na gelmedi\u011fini kaydeden \u015eahali, \u201cBenim derdim Ahmet \u00dcnsal de\u011fildir. Benim derdim Ahmet \u00dcnsal gibilerin, kendinden namzet m\u00fcd\u00fcr muavinlerinin bizim g\u00fcndemimize geli\u015f bi\u00e7imidir\u201d dedi.&nbsp;<br \/>\n&nbsp;<\/p>\n<p>K\u0131rsal kesim arsalar\u0131n\u0131n altyap\u0131 eksiklerinin giderilmesine ili\u015fkin TC B\u00fcy\u00fckel\u00e7isinin a\u00e7\u0131klamalar\u0131n\u0131n ise manidar oldu\u011funu ifade eden \u015eahali, TC B\u00fcy\u00fckel\u00e7isinin g\u00f6revlerinin belli oldu\u011funa i\u015faret etti.&nbsp;&nbsp;<\/p>\n<p>\u015eu anki Bakanlar Kurulu nedeniyle \u00e7ok ciddi ma\u011fduriyet ya\u015fand\u0131\u011f\u0131n\u0131 savunan \u015eahali, K\u0131br\u0131s T\u00fcrk halk\u0131n\u0131n bunu hak etmedi\u011fini s\u00f6yledi.&nbsp;<\/p>\n<p>-\u00c7avu\u015f&nbsp;<\/p>\n<p>Tar\u0131m ve Do\u011fal Kaynaklar Bakan\u0131 H\u00fcseyin \u00c7avu\u015f ele\u015ftirilere cevaben yapt\u0131\u011f\u0131 konu\u015fmada, Milli E\u011fitim Bakanl\u0131\u011f\u0131 ile ta\u015f\u0131mac\u0131 birlik aras\u0131nda ge\u00e7mi\u015fte de baz\u0131 s\u0131k\u0131nt\u0131lar ya\u015fand\u0131\u011f\u0131na de\u011finerek, bu konudaki m\u00fczakerelerin devam etti\u011fini ve en k\u0131sa zamanda bir sonuca var\u0131laca\u011f\u0131n\u0131 s\u00f6yledi.&nbsp;<\/p>\n<p>K\u0131rsal kesim arazileri i\u00e7in \u0130\u00e7i\u015fleri Bakan\u0131 Ziya \u00d6zt\u00fcrkler d\u00f6neminde bir tak\u0131m \u00e7al\u0131\u015fmalar\u0131n yap\u0131ld\u0131\u011f\u0131n\u0131 ve geriye kalan \u00e7al\u0131\u015fmalar\u0131n 2024 y\u0131l\u0131nda devam edece\u011fini belirten \u00c7avu\u015f, TC Lefko\u015fa B\u00fcy\u00fckel\u00e7isi Metin Feyzio\u011flu\u2019na yap\u0131lan ele\u015ftirileri do\u011fru bulmad\u0131\u011f\u0131n\u0131 da s\u00f6zlerine ekledi.&nbsp;&nbsp;<\/p>\n<p>G\u00fcncel konu\u015fmalar\u0131n tamamlanmas\u0131n\u0131n ard\u0131ndan genel kurul bug\u00fcnk\u00fc \u00e7al\u0131\u015fmalar\u0131n\u0131 tamamlad\u0131.&nbsp;<\/p>\n<p>Cumhuriyet Meclisi\u2019nin gelecek birle\u015fimi 2024 Mali Y\u0131l\u0131 Merkezi Devlet Y\u00f6netimi B\u00fct\u00e7e Yasa Tasar\u0131s\u0131\u2019n\u0131n ele al\u0131naca\u011f\u0131 11 Aral\u0131k Pazartesi g\u00fcn\u00fc saat 10.00\u2019da yap\u0131lacak.&nbsp;Genel kurulda Cumhurba\u015fkanl\u0131\u011f\u0131 ve Cumhuriyet Meclisi B\u00fct\u00e7eleri ele al\u0131nacak.&nbsp;<\/p>\n<p>&nbsp;<\/p>\n","protected":false},"excerpt":{"rendered":"<p>Cumhuriyet Meclisi Genel Kurulu, g\u00fcncel konu\u015fmalar\u0131n ard\u0131ndan bug\u00fcnk\u00fc \u00e7al\u0131\u015fmalar\u0131n\u0131 tamamlad\u0131.&nbsp; Bir sonraki toplant\u0131 pazartesi g\u00fcn\u00fc saat 10.00\u2019da yap\u0131lacak. Genel Kurul\u2019da 2024 Mali Y\u0131l\u0131 Merkezi Devlet Y\u00f6netimi B\u00fct\u00e7e Yasa Tasar\u0131s\u0131 ele al\u0131nmaya ba\u015flayacak.&nbsp; &nbsp; -\u015eahiner&nbsp; G\u00fcncel konu\u015fmalar\u0131n ilkini yapan CTP Milletvekili Salahi \u015eahiner, \u201cH\u00fck\u00fcmetin G\u00f6rmezden Geldi\u011fi Tar\u0131msal \u00dcretim\u201d konulu g\u00fcncel konu\u015fmas\u0131nda, G\u00fczelyurt ve Lefke b\u00f6lge halk\u0131n\u0131n<\/p>\n","protected":false},"author":1,"featured_media":21388,"comment_status":"open","ping_status":"open","sticky":false,"template":"","format":"standard","meta":{"footnotes":""},"categories":[86],"tags":[],"class_list":["post-21387","post","type-post","status-publish","format-standard","has-post-thumbnail","hentry","category-turkiye"],"yoast_head":"<!-- This site is optimized with the Yoast SEO plugin v28.4 - https:\/\/yoast.com\/product\/yoast-seo-wordpress\/ -->\n<title>Meclis Genel Kurulu tamamland\u0131 -<\/title>\n<meta name=\"robots\" content=\"index, follow, max-snippet:-1, max-image-preview:large, max-video-preview:-1\" \/>\n<link rel=\"canonical\" href=\"https:\/\/kibrisdakik.com\/?p=21387\" \/>\n<meta property=\"og:locale\" content=\"tr_TR\" \/>\n<meta property=\"og:type\" content=\"article\" \/>\n<meta property=\"og:title\" content=\"Meclis Genel Kurulu tamamland\u0131 -\" \/>\n<meta property=\"og:description\" content=\"Cumhuriyet Meclisi Genel Kurulu, g\u00fcncel konu\u015fmalar\u0131n ard\u0131ndan bug\u00fcnk\u00fc \u00e7al\u0131\u015fmalar\u0131n\u0131 tamamlad\u0131.&nbsp; Bir sonraki toplant\u0131 pazartesi g\u00fcn\u00fc saat 10.00\u2019da yap\u0131lacak. Genel Kurul\u2019da 2024 Mali Y\u0131l\u0131 Merkezi Devlet Y\u00f6netimi B\u00fct\u00e7e Yasa Tasar\u0131s\u0131 ele al\u0131nmaya ba\u015flayacak.&nbsp; &nbsp; -\u015eahiner&nbsp; G\u00fcncel konu\u015fmalar\u0131n ilkini yapan CTP Milletvekili Salahi \u015eahiner, \u201cH\u00fck\u00fcmetin G\u00f6rmezden Geldi\u011fi Tar\u0131msal \u00dcretim\u201d konulu g\u00fcncel konu\u015fmas\u0131nda, G\u00fczelyurt ve Lefke b\u00f6lge halk\u0131n\u0131n\" \/>\n<meta property=\"og:url\" content=\"https:\/\/kibrisdakik.com\/?p=21387\" \/>\n<meta property=\"article:published_time\" content=\"2023-12-07T16:32:40+00:00\" \/>\n<meta property=\"og:image\" content=\"https:\/\/kibrisdakik.com\/wp-content\/uploads\/2023\/12\/meclis-genel-kurulu-tamamlandi-1701963263.webp.webp\" \/>\n\t<meta property=\"og:image:width\" content=\"710\" \/>\n\t<meta property=\"og:image:height\" content=\"370\" \/>\n\t<meta property=\"og:image:type\" content=\"image\/webp\" \/>\n<meta name=\"author\" content=\"admin\" \/>\n<meta name=\"twitter:card\" content=\"summary_large_image\" \/>\n<meta name=\"twitter:label1\" content=\"Yazan:\" \/>\n\t<meta name=\"twitter:data1\" content=\"admin\" \/>\n\t<meta name=\"twitter:label2\" content=\"Tahmini okuma s\u00fcresi\" \/>\n\t<meta name=\"twitter:data2\" content=\"6 dakika\" \/>\n<script type=\"application\/ld+json\" class=\"yoast-schema-graph\">{\"@context\":\"https:\\\/\\\/schema.org\",\"@graph\":[{\"@type\":\"Article\",\"@id\":\"https:\\\/\\\/kibrisdakik.com\\\/?p=21387#article\",\"isPartOf\":{\"@id\":\"https:\\\/\\\/kibrisdakik.com\\\/?p=21387\"},\"author\":{\"name\":\"admin\",\"@id\":\"https:\\\/\\\/kibrisdakik.com\\\/#\\\/schema\\\/person\\\/9cd9d437bbb44f72b73ba127e06d8e79\"},\"headline\":\"Meclis Genel Kurulu tamamland\u0131\",\"datePublished\":\"2023-12-07T16:32:40+00:00\",\"mainEntityOfPage\":{\"@id\":\"https:\\\/\\\/kibrisdakik.com\\\/?p=21387\"},\"wordCount\":1193,\"commentCount\":0,\"publisher\":{\"@id\":\"https:\\\/\\\/kibrisdakik.com\\\/#organization\"},\"image\":{\"@id\":\"https:\\\/\\\/kibrisdakik.com\\\/?p=21387#primaryimage\"},\"thumbnailUrl\":\"https:\\\/\\\/kibrisdakik.com\\\/wp-content\\\/uploads\\\/2023\\\/12\\\/meclis-genel-kurulu-tamamlandi-1701963263.webp.webp\",\"articleSection\":[\"T\u00fcrkiye\"],\"inLanguage\":\"tr\",\"potentialAction\":[{\"@type\":\"CommentAction\",\"name\":\"Comment\",\"target\":[\"https:\\\/\\\/kibrisdakik.com\\\/?p=21387#respond\"]}]},{\"@type\":\"WebPage\",\"@id\":\"https:\\\/\\\/kibrisdakik.com\\\/?p=21387\",\"url\":\"https:\\\/\\\/kibrisdakik.com\\\/?p=21387\",\"name\":\"Meclis Genel Kurulu tamamland\u0131 -\",\"isPartOf\":{\"@id\":\"https:\\\/\\\/kibrisdakik.com\\\/#website\"},\"primaryImageOfPage\":{\"@id\":\"https:\\\/\\\/kibrisdakik.com\\\/?p=21387#primaryimage\"},\"image\":{\"@id\":\"https:\\\/\\\/kibrisdakik.com\\\/?p=21387#primaryimage\"},\"thumbnailUrl\":\"https:\\\/\\\/kibrisdakik.com\\\/wp-content\\\/uploads\\\/2023\\\/12\\\/meclis-genel-kurulu-tamamlandi-1701963263.webp.webp\",\"datePublished\":\"2023-12-07T16:32:40+00:00\",\"breadcrumb\":{\"@id\":\"https:\\\/\\\/kibrisdakik.com\\\/?p=21387#breadcrumb\"},\"inLanguage\":\"tr\",\"potentialAction\":[{\"@type\":\"ReadAction\",\"target\":[\"https:\\\/\\\/kibrisdakik.com\\\/?p=21387\"]}]},{\"@type\":\"ImageObject\",\"inLanguage\":\"tr\",\"@id\":\"https:\\\/\\\/kibrisdakik.com\\\/?p=21387#primaryimage\",\"url\":\"https:\\\/\\\/kibrisdakik.com\\\/wp-content\\\/uploads\\\/2023\\\/12\\\/meclis-genel-kurulu-tamamlandi-1701963263.webp.webp\",\"contentUrl\":\"https:\\\/\\\/kibrisdakik.com\\\/wp-content\\\/uploads\\\/2023\\\/12\\\/meclis-genel-kurulu-tamamlandi-1701963263.webp.webp\",\"width\":710,\"height\":370},{\"@type\":\"BreadcrumbList\",\"@id\":\"https:\\\/\\\/kibrisdakik.com\\\/?p=21387#breadcrumb\",\"itemListElement\":[{\"@type\":\"ListItem\",\"position\":1,\"name\":\"Home\",\"item\":\"https:\\\/\\\/kibrisdakik.com\\\/\"},{\"@type\":\"ListItem\",\"position\":2,\"name\":\"Meclis Genel Kurulu tamamland\u0131\"}]},{\"@type\":\"WebSite\",\"@id\":\"https:\\\/\\\/kibrisdakik.com\\\/#website\",\"url\":\"https:\\\/\\\/kibrisdakik.com\\\/\",\"name\":\"K\u0131br\u0131s Dakik\",\"description\":\"Tam vaktinde haber\",\"publisher\":{\"@id\":\"https:\\\/\\\/kibrisdakik.com\\\/#organization\"},\"potentialAction\":[{\"@type\":\"SearchAction\",\"target\":{\"@type\":\"EntryPoint\",\"urlTemplate\":\"https:\\\/\\\/kibrisdakik.com\\\/?s={search_term_string}\"},\"query-input\":{\"@type\":\"PropertyValueSpecification\",\"valueRequired\":true,\"valueName\":\"search_term_string\"}}],\"inLanguage\":\"tr\"},{\"@type\":\"Organization\",\"@id\":\"https:\\\/\\\/kibrisdakik.com\\\/#organization\",\"name\":\"K\u0131br\u0131s Dakik\",\"url\":\"https:\\\/\\\/kibrisdakik.com\\\/\",\"logo\":{\"@type\":\"ImageObject\",\"inLanguage\":\"tr\",\"@id\":\"https:\\\/\\\/kibrisdakik.com\\\/#\\\/schema\\\/logo\\\/image\\\/\",\"url\":\"https:\\\/\\\/kibrisdakik.com\\\/wp-content\\\/uploads\\\/2025\\\/10\\\/cropped-WhatsApp-Image-2025-10-02-at-12.58.31.jpeg\",\"contentUrl\":\"https:\\\/\\\/kibrisdakik.com\\\/wp-content\\\/uploads\\\/2025\\\/10\\\/cropped-WhatsApp-Image-2025-10-02-at-12.58.31.jpeg\",\"width\":1237,\"height\":190,\"caption\":\"K\u0131br\u0131s Dakik\"},\"image\":{\"@id\":\"https:\\\/\\\/kibrisdakik.com\\\/#\\\/schema\\\/logo\\\/image\\\/\"}},{\"@type\":\"Person\",\"@id\":\"https:\\\/\\\/kibrisdakik.com\\\/#\\\/schema\\\/person\\\/9cd9d437bbb44f72b73ba127e06d8e79\",\"name\":\"admin\",\"image\":{\"@type\":\"ImageObject\",\"inLanguage\":\"tr\",\"@id\":\"https:\\\/\\\/secure.gravatar.com\\\/avatar\\\/ccc17943b9d660506c869530f897617f7cb1c21a4bf30023f252596d83e1f007?s=96&d=mm&r=g\",\"url\":\"https:\\\/\\\/secure.gravatar.com\\\/avatar\\\/ccc17943b9d660506c869530f897617f7cb1c21a4bf30023f252596d83e1f007?s=96&d=mm&r=g\",\"contentUrl\":\"https:\\\/\\\/secure.gravatar.com\\\/avatar\\\/ccc17943b9d660506c869530f897617f7cb1c21a4bf30023f252596d83e1f007?s=96&d=mm&r=g\",\"caption\":\"admin\"},\"sameAs\":[\"https:\\\/\\\/kibrisdakik.com\"],\"url\":\"https:\\\/\\\/kibrisdakik.com\\\/?author=1\"}]}<\/script>\n<!-- \/ Yoast SEO plugin. -->","yoast_head_json":{"title":"Meclis Genel Kurulu tamamland\u0131 -","robots":{"index":"index","follow":"follow","max-snippet":"max-snippet:-1","max-image-preview":"max-image-preview:large","max-video-preview":"max-video-preview:-1"},"canonical":"https:\/\/kibrisdakik.com\/?p=21387","og_locale":"tr_TR","og_type":"article","og_title":"Meclis Genel Kurulu tamamland\u0131 -","og_description":"Cumhuriyet Meclisi Genel Kurulu, g\u00fcncel konu\u015fmalar\u0131n ard\u0131ndan bug\u00fcnk\u00fc \u00e7al\u0131\u015fmalar\u0131n\u0131 tamamlad\u0131.&nbsp; Bir sonraki toplant\u0131 pazartesi g\u00fcn\u00fc saat 10.00\u2019da yap\u0131lacak. Genel Kurul\u2019da 2024 Mali Y\u0131l\u0131 Merkezi Devlet Y\u00f6netimi B\u00fct\u00e7e Yasa Tasar\u0131s\u0131 ele al\u0131nmaya ba\u015flayacak.&nbsp; &nbsp; -\u015eahiner&nbsp; G\u00fcncel konu\u015fmalar\u0131n ilkini yapan CTP Milletvekili Salahi \u015eahiner, \u201cH\u00fck\u00fcmetin G\u00f6rmezden Geldi\u011fi Tar\u0131msal \u00dcretim\u201d konulu g\u00fcncel konu\u015fmas\u0131nda, G\u00fczelyurt ve Lefke b\u00f6lge halk\u0131n\u0131n","og_url":"https:\/\/kibrisdakik.com\/?p=21387","article_published_time":"2023-12-07T16:32:40+00:00","og_image":[{"width":710,"height":370,"url":"https:\/\/kibrisdakik.com\/wp-content\/uploads\/2023\/12\/meclis-genel-kurulu-tamamlandi-1701963263.webp.webp","type":"image\/webp"}],"author":"admin","twitter_card":"summary_large_image","twitter_misc":{"Yazan:":"admin","Tahmini okuma s\u00fcresi":"6 dakika"},"schema":{"@context":"https:\/\/schema.org","@graph":[{"@type":"Article","@id":"https:\/\/kibrisdakik.com\/?p=21387#article","isPartOf":{"@id":"https:\/\/kibrisdakik.com\/?p=21387"},"author":{"name":"admin","@id":"https:\/\/kibrisdakik.com\/#\/schema\/person\/9cd9d437bbb44f72b73ba127e06d8e79"},"headline":"Meclis Genel Kurulu tamamland\u0131","datePublished":"2023-12-07T16:32:40+00:00","mainEntityOfPage":{"@id":"https:\/\/kibrisdakik.com\/?p=21387"},"wordCount":1193,"commentCount":0,"publisher":{"@id":"https:\/\/kibrisdakik.com\/#organization"},"image":{"@id":"https:\/\/kibrisdakik.com\/?p=21387#primaryimage"},"thumbnailUrl":"https:\/\/kibrisdakik.com\/wp-content\/uploads\/2023\/12\/meclis-genel-kurulu-tamamlandi-1701963263.webp.webp","articleSection":["T\u00fcrkiye"],"inLanguage":"tr","potentialAction":[{"@type":"CommentAction","name":"Comment","target":["https:\/\/kibrisdakik.com\/?p=21387#respond"]}]},{"@type":"WebPage","@id":"https:\/\/kibrisdakik.com\/?p=21387","url":"https:\/\/kibrisdakik.com\/?p=21387","name":"Meclis Genel Kurulu tamamland\u0131 -","isPartOf":{"@id":"https:\/\/kibrisdakik.com\/#website"},"primaryImageOfPage":{"@id":"https:\/\/kibrisdakik.com\/?p=21387#primaryimage"},"image":{"@id":"https:\/\/kibrisdakik.com\/?p=21387#primaryimage"},"thumbnailUrl":"https:\/\/kibrisdakik.com\/wp-content\/uploads\/2023\/12\/meclis-genel-kurulu-tamamlandi-1701963263.webp.webp","datePublished":"2023-12-07T16:32:40+00:00","breadcrumb":{"@id":"https:\/\/kibrisdakik.com\/?p=21387#breadcrumb"},"inLanguage":"tr","potentialAction":[{"@type":"ReadAction","target":["https:\/\/kibrisdakik.com\/?p=21387"]}]},{"@type":"ImageObject","inLanguage":"tr","@id":"https:\/\/kibrisdakik.com\/?p=21387#primaryimage","url":"https:\/\/kibrisdakik.com\/wp-content\/uploads\/2023\/12\/meclis-genel-kurulu-tamamlandi-1701963263.webp.webp","contentUrl":"https:\/\/kibrisdakik.com\/wp-content\/uploads\/2023\/12\/meclis-genel-kurulu-tamamlandi-1701963263.webp.webp","width":710,"height":370},{"@type":"BreadcrumbList","@id":"https:\/\/kibrisdakik.com\/?p=21387#breadcrumb","itemListElement":[{"@type":"ListItem","position":1,"name":"Home","item":"https:\/\/kibrisdakik.com\/"},{"@type":"ListItem","position":2,"name":"Meclis Genel Kurulu tamamland\u0131"}]},{"@type":"WebSite","@id":"https:\/\/kibrisdakik.com\/#website","url":"https:\/\/kibrisdakik.com\/","name":"K\u0131br\u0131s Dakik","description":"Tam vaktinde haber","publisher":{"@id":"https:\/\/kibrisdakik.com\/#organization"},"potentialAction":[{"@type":"SearchAction","target":{"@type":"EntryPoint","urlTemplate":"https:\/\/kibrisdakik.com\/?s={search_term_string}"},"query-input":{"@type":"PropertyValueSpecification","valueRequired":true,"valueName":"search_term_string"}}],"inLanguage":"tr"},{"@type":"Organization","@id":"https:\/\/kibrisdakik.com\/#organization","name":"K\u0131br\u0131s Dakik","url":"https:\/\/kibrisdakik.com\/","logo":{"@type":"ImageObject","inLanguage":"tr","@id":"https:\/\/kibrisdakik.com\/#\/schema\/logo\/image\/","url":"https:\/\/kibrisdakik.com\/wp-content\/uploads\/2025\/10\/cropped-WhatsApp-Image-2025-10-02-at-12.58.31.jpeg","contentUrl":"https:\/\/kibrisdakik.com\/wp-content\/uploads\/2025\/10\/cropped-WhatsApp-Image-2025-10-02-at-12.58.31.jpeg","width":1237,"height":190,"caption":"K\u0131br\u0131s Dakik"},"image":{"@id":"https:\/\/kibrisdakik.com\/#\/schema\/logo\/image\/"}},{"@type":"Person","@id":"https:\/\/kibrisdakik.com\/#\/schema\/person\/9cd9d437bbb44f72b73ba127e06d8e79","name":"admin","image":{"@type":"ImageObject","inLanguage":"tr","@id":"https:\/\/secure.gravatar.com\/avatar\/ccc17943b9d660506c869530f897617f7cb1c21a4bf30023f252596d83e1f007?s=96&d=mm&r=g","url":"https:\/\/secure.gravatar.com\/avatar\/ccc17943b9d660506c869530f897617f7cb1c21a4bf30023f252596d83e1f007?s=96&d=mm&r=g","contentUrl":"https:\/\/secure.gravatar.com\/avatar\/ccc17943b9d660506c869530f897617f7cb1c21a4bf30023f252596d83e1f007?s=96&d=mm&r=g","caption":"admin"},"sameAs":["https:\/\/kibrisdakik.com"],"url":"https:\/\/kibrisdakik.com\/?author=1"}]}},"_links":{"self":[{"href":"https:\/\/kibrisdakik.com\/index.php?rest_route=\/wp\/v2\/posts\/21387","targetHints":{"allow":["GET"]}}],"collection":[{"href":"https:\/\/kibrisdakik.com\/index.php?rest_route=\/wp\/v2\/posts"}],"about":[{"href":"https:\/\/kibrisdakik.com\/index.php?rest_route=\/wp\/v2\/types\/post"}],"author":[{"embeddable":true,"href":"https:\/\/kibrisdakik.com\/index.php?rest_route=\/wp\/v2\/users\/1"}],"replies":[{"embeddable":true,"href":"https:\/\/kibrisdakik.com\/index.php?rest_route=%2Fwp%2Fv2%2Fcomments&post=21387"}],"version-history":[{"count":0,"href":"https:\/\/kibrisdakik.com\/index.php?rest_route=\/wp\/v2\/posts\/21387\/revisions"}],"wp:featuredmedia":[{"embeddable":true,"href":"https:\/\/kibrisdakik.com\/index.php?rest_route=\/wp\/v2\/media\/21388"}],"wp:attachment":[{"href":"https:\/\/kibrisdakik.com\/index.php?rest_route=%2Fwp%2Fv2%2Fmedia&parent=21387"}],"wp:term":[{"taxonomy":"category","embeddable":true,"href":"https:\/\/kibrisdakik.com\/index.php?rest_route=%2Fwp%2Fv2%2Fcategories&post=21387"},{"taxonomy":"post_tag","embeddable":true,"href":"https:\/\/kibrisdakik.com\/index.php?rest_route=%2Fwp%2Fv2%2Ftags&post=21387"}],"curies":[{"name":"wp","href":"https:\/\/api.w.org\/{rel}","templated":true}]}}