{"id":21393,"date":"2023-12-07T16:46:01","date_gmt":"2023-12-07T16:46:01","guid":{"rendered":"https:\/\/kibrisdakik.com\/index.php\/2023\/12\/07\/dijital-donusum-ve-elektronik-devlet-kurumu-yasasi-meclisten-gecti\/"},"modified":"2023-12-07T16:46:01","modified_gmt":"2023-12-07T16:46:01","slug":"dijital-donusum-ve-elektronik-devlet-kurumu-yasasi-meclisten-gecti","status":"publish","type":"post","link":"https:\/\/kibrisdakik.com\/?p=21393","title":{"rendered":"Dijital D\u00f6n\u00fc\u015f\u00fcm ve Elektronik Devlet Kurumu yasas\u0131 Meclis&#039;ten ge\u00e7ti"},"content":{"rendered":"<p><img decoding=\"async\" src=\"https:\/\/www.kibristurk.com\/images\/haberler\/2023\/12\/dijital-donusum-ve-elektronik-devlet-kurumu-yasasi-meclisten-gecti-1701960086.webp\" \/><\/p>\n<p>Dijital D\u00f6n\u00fc\u015f\u00fcm ve Elektronik Devlet Kurumu Yasas\u0131, Cumhuriyet Meclisi Genel Kurulu\u2019nda oy birli\u011fiyle kabul edildi.&nbsp;&nbsp;<\/p>\n<p>Yasan\u0131n \u00f6ng\u00f6rd\u00fc\u011f\u00fc&nbsp;Dijital D\u00f6n\u00fc\u015f\u00fcm ve Elektronik Devlet Kurumu ile, &#8220;KKTC&#8217;de&nbsp;dijital d\u00f6n\u00fc\u015f\u00fcm ve elektronik Devlet altyap\u0131s\u0131 ve hizmetlerinin olu\u015fturulmas\u0131, geli\u015ftirilmesi ve kamu kurum kurulu\u015flar\u0131ndaki i\u015flemlerin elektronik ortamda rahatl\u0131kla ve g\u00fcvenli \u015fekilde yap\u0131lmas\u0131&#8221; ama\u00e7lan\u0131yor.&nbsp;<\/p>\n<p>-\u015eahiner&nbsp;<\/p>\n<p>Cumhuriyet Meclisi genel kurulundaki yasa \u00f6nerisine ili\u015fkin g\u00f6r\u00fc\u015fmelerde CTP Milletvekili Ongun Talat&#8217;\u0131n ard\u0131ndan s\u00f6z alan&nbsp;CTP Milletvekili Salahi \u015eahiner, yasa ge\u00e7tikten sonra gerekli d\u00fczenlemelerin yap\u0131lmas\u0131 ve i\u015fleyin ba\u015flamas\u0131n\u0131n \u015fart oldu\u011funu belirtti.&nbsp;<\/p>\n<p>Devlet dairelerine gitme zorunlulu\u011fu olmadan halk\u0131n t\u00fcm i\u015flemleri yapabilmesinin \u00f6nemini vurgulayan \u015eahiner, yasan\u0131n ge\u00e7mesinin bunun ilk ad\u0131m\u0131 oldu\u011funu kaydetti.&nbsp;<\/p>\n<p>Vergi m\u00fckelleflerinin b\u00fct\u00fcn gelir-gider dengelerinin izlenebilece\u011fi ve kay\u0131t d\u0131\u015f\u0131l\u0131\u011f\u0131n \u00f6nlenebilece\u011fi bir yap\u0131dan bahsedildi\u011fini dile getiren \u015eahiner, bunun Maliye&#8217;ye getirisi olaca\u011f\u0131n\u0131 belirtti.&nbsp;<\/p>\n<p>Yasan\u0131n, devletteki dijital hizmetlerin verilmesiyle ilgili d\u00fczenlemeler i\u00e7erdi\u011fini ifade eden \u015eahiner, \u00f6zellikle vatanda\u015f\u0131n ki\u015fisel verilerinin korunmas\u0131 gerekti\u011fini kaydetti.&nbsp;<\/p>\n<p>K\u0131br\u0131sl\u0131 T\u00fcrk yaz\u0131l\u0131m m\u00fchendislerinin bu verileri yaz\u0131l\u0131ma d\u00f6kmeye ba\u015flasa bug\u00fcne bitirebilece\u011fini dile getiren \u015eahiner, yerli firmalarla \u00e7al\u0131\u015f\u0131lmas\u0131 gerekti\u011fini s\u00f6yledi.&nbsp;<\/p>\n<p>Veriye ula\u015fman\u0131n kolayla\u015fmas\u0131yla, planlaman\u0131n da m\u00fcmk\u00fcn olaca\u011f\u0131n\u0131 ifade eden \u015eahiner, mevzuat\u0131n sadele\u015fmesine ve belli ba\u015fl\u0131 kurumlarda yasa de\u011fi\u015fikli\u011fine ihtiya\u00e7 olaca\u011f\u0131n\u0131 belirtti.&nbsp;<\/p>\n<p>Kadrolar\u0131n hemen doldurulmas\u0131n\u0131n \u015fart oldu\u011funu kaydeden \u015eahiner, ki\u015fisel verilerin korunmas\u0131n\u0131n denetlenmesinin ise idarenin y\u00fck\u00fcml\u00fcl\u00fc\u011f\u00fcnde olaca\u011f\u0131n\u0131 s\u00f6yledi. \u015eahiner, h\u0131zl\u0131 hareket edilmesi gerekti\u011fine de dikkat \u00e7ekti.&nbsp;<\/p>\n<p>-Baybars&nbsp;<\/p>\n<p>Ba\u011f\u0131ms\u0131z Milletvekili Ay\u015feg\u00fcl Baybars da, yasayla devletin elektronik ortamda hizmetleri toplay\u0131p vatanda\u015fa sunabilece\u011fini belirterek, kamu hizmetlerinin bi\u00e7iminin d\u00f6n\u00fc\u015ft\u00fcr\u00fcld\u00fc\u011f\u00fcn\u00fc ifade etti.&nbsp;<\/p>\n<p>Yasan\u0131n, insanlar\u0131n oturdu\u011fu yerden t\u00fcm kamu hizmetlerinin bir tu\u015fla aya\u011f\u0131na getirilmesi anlam\u0131na geldi\u011fini dile getiren Baybars, bunun devlet dairelerindeki hantall\u0131\u011f\u0131 a\u015fmaya ve denetime bir kap\u0131 a\u00e7aca\u011f\u0131n\u0131 kaydetti.&nbsp;<\/p>\n<p>Yasan\u0131n uygulanmas\u0131 noktas\u0131nda ad\u0131mlar at\u0131lmas\u0131n\u0131n \u00f6nemli oldu\u011funu belirten Baybars, yasan\u0131n uygulanabilirli\u011fini sa\u011flayacak h\u00fck\u00fcmetin eylem plan\u0131n\u0131 ortaya koymas\u0131 gerekti\u011fini s\u00f6yledi.&nbsp;<\/p>\n<p>Sahte re\u00e7ete soru\u015fturmas\u0131nda ya\u015fananlar\u0131n temel sebeplerinden birinin de ila\u00e7 takip sisteminin hayata ge\u00e7irilememesi oldu\u011funu dile getiren Baybars, b\u00fcrokratik engellerle kamuda i\u015f yapamaz duruma gelindi\u011fini anlatt\u0131.&nbsp;<\/p>\n<p>Yasan\u0131n devlet te\u015fkilat\u0131n\u0131 dijital ortamda kurgulad\u0131\u011f\u0131n\u0131 ifade eden Baybars, ciddi bir kayna\u011fa ihtiya\u00e7 oldu\u011funu belirtti. Meclis olarak bug\u00fcn tarihi bir ad\u0131m at\u0131ld\u0131\u011f\u0131n\u0131 dile getiren Baybars, e-devletin yeni bir devlet olu\u015fumu oldu\u011funa dikkat \u00e7ekti.&nbsp;<\/p>\n<p>H\u00fck\u00fcmetin dijital d\u00f6n\u00fc\u015f\u00fcm \u00e7er\u00e7evesinde 2024 y\u0131l\u0131 i\u00e7in ne planlad\u0131\u011f\u0131n\u0131 sorgulayan Baybars, do\u011frudan vatanda\u015fa hizmet olarak d\u00f6n\u00fc\u015fecek uygulamalar i\u00e7in ne kadar kaynak ayr\u0131ld\u0131\u011f\u0131n\u0131 sordu.&nbsp;<\/p>\n<p>Verilerin gizlili\u011fi ve g\u00fcvenli\u011finin sa\u011flanmas\u0131n\u0131n devletin ba\u015f\u0131nda olanlar\u0131n sorumlulu\u011fu oldu\u011funu kaydeden Baybars, T\u00fcrkiye ile imzalanan protokol\u00fcn ilgili maddesinin revize edilmesi gerekti\u011fine inand\u0131\u011f\u0131n\u0131 belirtti.&nbsp;<\/p>\n<p>-K\u00fc\u00e7\u00fck&nbsp;<\/p>\n<p>UBP Milletvekili Hasan K\u00fc\u00e7\u00fck de, \u00e7al\u0131\u015fmalar\u0131n&nbsp;ortak sorumlulukla&nbsp;y\u00fcr\u00fct\u00fcld\u00fc\u011f\u00fc komitede konuyla ilgili yakla\u015f\u0131k 35 toplant\u0131 yap\u0131ld\u0131\u011f\u0131n\u0131 s\u00f6yledi.&nbsp;<\/p>\n<p>Yasan\u0131n halk\u0131n y\u00fcz\u00fcn\u00fc g\u00fcld\u00fcrmesi a\u00e7\u0131s\u0131ndan \u00f6nemli oldu\u011funu dile getiren K\u00fc\u00e7\u00fck, \u201c\u0130\u015fimiz asl\u0131nda bitmedi. \u0130\u015fimiz \u015fimdi ba\u015fl\u0131yor\u201d dedi. Nitelikli insan g\u00fcc\u00fcn\u00fcn \u00f6nemine dikkat \u00e7eken K\u00fc\u00e7\u00fck, yasan\u0131n ge\u00e7mesiyle birlikte 6 ay i\u00e7erisinde dijital olgunluk raporu \u00e7\u0131kaca\u011f\u0131n\u0131 belirtti.&nbsp;<\/p>\n<p>Bu rapora g\u00f6re, b\u00fct\u00fcn kurum ve kurulu\u015flar\u0131n yasadaki \u00f6ng\u00f6r\u00fcler \u00e7er\u00e7evesinde haz\u0131rl\u0131klar\u0131n\u0131 yapaca\u011f\u0131n\u0131 kaydeden K\u00fc\u00e7\u00fck, bir y\u0131l\u0131n sonunda b\u00fct\u00fcn sistemin yasa kapsam\u0131nda veri merkezindeki entegrasyonla birlikte halk\u0131n hizmet al\u0131m memnuniyetinin artaca\u011f\u0131n\u0131 s\u00f6yledi.&nbsp;<\/p>\n<p>Kamu reform s\u00fcrecinin ba\u015flad\u0131\u011f\u0131n\u0131 ifade eden K\u00fc\u00e7\u00fck, yasan\u0131n, hesap verebilirlik ve bilgiye eri\u015fim a\u00e7\u0131s\u0131ndan \u00e7ok \u00f6nemli oldu\u011funu kaydetti.&nbsp;<\/p>\n<p>-Ar\u0131kl\u0131&nbsp;<\/p>\n<p>Bay\u0131nd\u0131rl\u0131k ve Ula\u015ft\u0131rma Bakan\u0131 Erhan Ar\u0131kl\u0131 da, \u00fclke i\u00e7in \u00e7ok faydal\u0131 oldu\u011funu d\u00fc\u015f\u00fcnd\u00fc\u011f\u00fc yasan\u0131n muhalefet ve iktidar\u0131n i\u015f birli\u011fiyle ge\u00e7mesinin \u00f6nemli oldu\u011funu belirtti. \u201cKe\u015fke b\u00fct\u00fcn yasalar\u0131 bu \u015fekilde uyum i\u00e7erisinde ge\u00e7irebilsek ve halk\u0131n siyasete olan g\u00fcvenini bu \u015fekilde yeniden kazanmaya ba\u015flasak\u201d diyen Ar\u0131kl\u0131, katk\u0131 koyan herkese te\u015fekk\u00fcr etti.&nbsp;<\/p>\n<p>E-devletin modern d\u00fcnyan\u0131n bir ger\u00e7e\u011fi oldu\u011funu ifade eden Ar\u0131kl\u0131, e-devlet uygulamalar\u0131nda d\u00fcnyada \u00e7ok \u00e7e\u015fitli s\u0131k\u0131nt\u0131larla kar\u015f\u0131la\u015f\u0131ld\u0131\u011f\u0131n\u0131 anlatt\u0131. Altyap\u0131 s\u0131k\u0131nt\u0131s\u0131n\u0131 buna \u00f6rnek g\u00f6steren Ar\u0131kl\u0131, g\u00fcvenlik endi\u015fesinin de her zaman sorun oldu\u011funu dile getirerek, \u201cKi\u015fisel verilerin korunmas\u0131, en b\u00fcy\u00fck g\u00f6revlerimizden bir tanesi\u201d dedi.&nbsp;<\/p>\n<p>E-devletle ilgili yasal mevzuatlar\u0131 d\u00fczenlemek ve uyumla\u015ft\u0131rmak gerekti\u011fini ifade eden Ar\u0131kl\u0131, bunun i\u00e7in muhalefetin deste\u011fine ihtiya\u00e7lar\u0131 oldu\u011funu belirtti.&nbsp;<\/p>\n<p>Madde madde g\u00f6r\u00fc\u015f\u00fclmesinin ard\u0131ndan yasa \u00f6nerisi oy birli\u011fiyle kabul edildi.&nbsp;<\/p>\n<p>-Cumhuriyet Meclisi Genel Sekreterli\u011fi \u00d6rg\u00fct\u00fc (Kurulu\u015f, G\u00f6rev ve Y\u00f6netim \u0130lkeleri) (De\u011fi\u015fiklik 2) Yasa \u00d6nerisi oy birli\u011fiyle kabul edildi&nbsp;<\/p>\n<p>Genel Kurul\u2019da daha sonra Cumhuriyet Meclisi Genel Sekreterli\u011fi \u00d6rg\u00fct\u00fc (Kurulu\u015f, G\u00f6rev ve Y\u00f6netim \u0130lkeleri) (De\u011fi\u015fiklik 2) Yasa \u00d6nerisi ele al\u0131nd\u0131.&nbsp;<\/p>\n<p>\u0130dari, Kamu ve Sa\u011fl\u0131k \u0130\u015fleri Komitesi Ba\u015fkan\u0131 Emrah Ye\u015fil\u0131rmak, komitenin \u00f6neriye ili\u015fkin raporunu sundu. Ye\u015filrmak, \u00f6nerinin komitede oy birli\u011fiyle kabul edildi\u011fini belirtti.&nbsp;<\/p>\n<p>-Besim&nbsp;<\/p>\n<p>CTP Milletvekili Filiz Besim \u00f6neri \u00fczerine s\u00f6z alarak, Meclis\u2019te stenograf alan\u0131nda \u00e7al\u0131\u015fan say\u0131s\u0131 azl\u0131\u011f\u0131 nedeniyle b\u00f6yle bir gereklilik ortaya \u00e7\u0131kt\u0131\u011f\u0131n\u0131 kaydetti.&nbsp;<\/p>\n<p>Cumhuriyet Meclisi Te\u015fkilat Yasas\u0131\u2019n\u0131n \u00e7ok daha b\u00fct\u00fcnl\u00fckl\u00fc \u015fekilde ele al\u0131nd\u0131\u011f\u0131n\u0131 ifade eden Besim, te\u015fkilat yasalar\u0131n\u0131n g\u00fcncele g\u00f6re \u015fekillenmesi ve verimli hale getirilmesi i\u00e7in yasalar\u0131n yenilenmesi gerekti\u011fini belirtti. Besim, komitelerin bundan sonra \u00e7ok daha verimli bir \u015fekilde toplanaca\u011f\u0131 temennisinde bulundu.&nbsp;<\/p>\n<p>Madde madde g\u00f6r\u00fc\u015f\u00fclmesinin ard\u0131ndan yasa \u00f6nerisi oy birli\u011fiyle kabul edildi. Ard\u0131ndan g\u00fcncel konu\u015fmalara ge\u00e7ildi.<\/p>\n","protected":false},"excerpt":{"rendered":"<p>Dijital D\u00f6n\u00fc\u015f\u00fcm ve Elektronik Devlet Kurumu Yasas\u0131, Cumhuriyet Meclisi Genel Kurulu\u2019nda oy birli\u011fiyle kabul edildi.&nbsp;&nbsp; Yasan\u0131n \u00f6ng\u00f6rd\u00fc\u011f\u00fc&nbsp;Dijital D\u00f6n\u00fc\u015f\u00fcm ve Elektronik Devlet Kurumu ile, &#8220;KKTC&#8217;de&nbsp;dijital d\u00f6n\u00fc\u015f\u00fcm ve elektronik Devlet altyap\u0131s\u0131 ve hizmetlerinin olu\u015fturulmas\u0131, geli\u015ftirilmesi ve kamu kurum kurulu\u015flar\u0131ndaki i\u015flemlerin elektronik ortamda rahatl\u0131kla ve g\u00fcvenli \u015fekilde yap\u0131lmas\u0131&#8221; ama\u00e7lan\u0131yor.&nbsp; -\u015eahiner&nbsp; Cumhuriyet Meclisi genel kurulundaki yasa \u00f6nerisine ili\u015fkin g\u00f6r\u00fc\u015fmelerde<\/p>\n","protected":false},"author":1,"featured_media":21394,"comment_status":"open","ping_status":"open","sticky":false,"template":"","format":"standard","meta":{"footnotes":""},"categories":[85],"tags":[],"class_list":["post-21393","post","type-post","status-publish","format-standard","has-post-thumbnail","hentry","category-spor"],"yoast_head":"<!-- This site is optimized with the Yoast SEO plugin v27.5 - https:\/\/yoast.com\/product\/yoast-seo-wordpress\/ -->\n<title>Dijital D\u00f6n\u00fc\u015f\u00fcm ve Elektronik Devlet Kurumu yasas\u0131 Meclis&#039;ten ge\u00e7ti -<\/title>\n<meta name=\"robots\" content=\"index, follow, max-snippet:-1, max-image-preview:large, max-video-preview:-1\" \/>\n<link rel=\"canonical\" href=\"https:\/\/kibrisdakik.com\/?p=21393\" \/>\n<meta property=\"og:locale\" content=\"tr_TR\" \/>\n<meta property=\"og:type\" content=\"article\" \/>\n<meta property=\"og:title\" content=\"Dijital D\u00f6n\u00fc\u015f\u00fcm ve Elektronik Devlet Kurumu yasas\u0131 Meclis&#039;ten ge\u00e7ti -\" \/>\n<meta property=\"og:description\" content=\"Dijital D\u00f6n\u00fc\u015f\u00fcm ve Elektronik Devlet Kurumu Yasas\u0131, Cumhuriyet Meclisi Genel Kurulu\u2019nda oy birli\u011fiyle kabul edildi.&nbsp;&nbsp; Yasan\u0131n \u00f6ng\u00f6rd\u00fc\u011f\u00fc&nbsp;Dijital D\u00f6n\u00fc\u015f\u00fcm ve Elektronik Devlet Kurumu ile, &#8220;KKTC&#8217;de&nbsp;dijital d\u00f6n\u00fc\u015f\u00fcm ve elektronik Devlet altyap\u0131s\u0131 ve hizmetlerinin olu\u015fturulmas\u0131, geli\u015ftirilmesi ve kamu kurum kurulu\u015flar\u0131ndaki i\u015flemlerin elektronik ortamda rahatl\u0131kla ve g\u00fcvenli \u015fekilde yap\u0131lmas\u0131&#8221; ama\u00e7lan\u0131yor.&nbsp; -\u015eahiner&nbsp; Cumhuriyet Meclisi genel kurulundaki yasa \u00f6nerisine ili\u015fkin g\u00f6r\u00fc\u015fmelerde\" \/>\n<meta property=\"og:url\" content=\"https:\/\/kibrisdakik.com\/?p=21393\" \/>\n<meta property=\"article:published_time\" content=\"2023-12-07T16:46:01+00:00\" \/>\n<meta property=\"og:image\" content=\"https:\/\/kibrisdakik.com\/wp-content\/uploads\/2023\/12\/dijital-donusum-ve-elektronik-devlet-kurumu-yasasi-meclisten-gecti-1701960086.webp.webp\" \/>\n\t<meta property=\"og:image:width\" content=\"710\" \/>\n\t<meta property=\"og:image:height\" content=\"370\" \/>\n\t<meta property=\"og:image:type\" content=\"image\/webp\" \/>\n<meta name=\"author\" content=\"admin\" \/>\n<meta name=\"twitter:card\" content=\"summary_large_image\" \/>\n<meta name=\"twitter:label1\" content=\"Yazan:\" \/>\n\t<meta name=\"twitter:data1\" content=\"admin\" \/>\n\t<meta name=\"twitter:label2\" content=\"Tahmini okuma s\u00fcresi\" \/>\n\t<meta name=\"twitter:data2\" content=\"6 dakika\" \/>\n<script type=\"application\/ld+json\" class=\"yoast-schema-graph\">{\"@context\":\"https:\\\/\\\/schema.org\",\"@graph\":[{\"@type\":\"Article\",\"@id\":\"https:\\\/\\\/kibrisdakik.com\\\/?p=21393#article\",\"isPartOf\":{\"@id\":\"https:\\\/\\\/kibrisdakik.com\\\/?p=21393\"},\"author\":{\"name\":\"admin\",\"@id\":\"https:\\\/\\\/kibrisdakik.com\\\/#\\\/schema\\\/person\\\/9cd9d437bbb44f72b73ba127e06d8e79\"},\"headline\":\"Dijital D\u00f6n\u00fc\u015f\u00fcm ve Elektronik Devlet Kurumu yasas\u0131 Meclis&#039;ten ge\u00e7ti\",\"datePublished\":\"2023-12-07T16:46:01+00:00\",\"mainEntityOfPage\":{\"@id\":\"https:\\\/\\\/kibrisdakik.com\\\/?p=21393\"},\"wordCount\":1157,\"commentCount\":0,\"image\":{\"@id\":\"https:\\\/\\\/kibrisdakik.com\\\/?p=21393#primaryimage\"},\"thumbnailUrl\":\"https:\\\/\\\/kibrisdakik.com\\\/wp-content\\\/uploads\\\/2023\\\/12\\\/dijital-donusum-ve-elektronik-devlet-kurumu-yasasi-meclisten-gecti-1701960086.webp.webp\",\"articleSection\":[\"Spor\"],\"inLanguage\":\"tr\",\"potentialAction\":[{\"@type\":\"CommentAction\",\"name\":\"Comment\",\"target\":[\"https:\\\/\\\/kibrisdakik.com\\\/?p=21393#respond\"]}]},{\"@type\":\"WebPage\",\"@id\":\"https:\\\/\\\/kibrisdakik.com\\\/?p=21393\",\"url\":\"https:\\\/\\\/kibrisdakik.com\\\/?p=21393\",\"name\":\"Dijital D\u00f6n\u00fc\u015f\u00fcm ve Elektronik Devlet Kurumu yasas\u0131 Meclis&#039;ten ge\u00e7ti -\",\"isPartOf\":{\"@id\":\"https:\\\/\\\/kibrisdakik.com\\\/#website\"},\"primaryImageOfPage\":{\"@id\":\"https:\\\/\\\/kibrisdakik.com\\\/?p=21393#primaryimage\"},\"image\":{\"@id\":\"https:\\\/\\\/kibrisdakik.com\\\/?p=21393#primaryimage\"},\"thumbnailUrl\":\"https:\\\/\\\/kibrisdakik.com\\\/wp-content\\\/uploads\\\/2023\\\/12\\\/dijital-donusum-ve-elektronik-devlet-kurumu-yasasi-meclisten-gecti-1701960086.webp.webp\",\"datePublished\":\"2023-12-07T16:46:01+00:00\",\"author\":{\"@id\":\"https:\\\/\\\/kibrisdakik.com\\\/#\\\/schema\\\/person\\\/9cd9d437bbb44f72b73ba127e06d8e79\"},\"breadcrumb\":{\"@id\":\"https:\\\/\\\/kibrisdakik.com\\\/?p=21393#breadcrumb\"},\"inLanguage\":\"tr\",\"potentialAction\":[{\"@type\":\"ReadAction\",\"target\":[\"https:\\\/\\\/kibrisdakik.com\\\/?p=21393\"]}]},{\"@type\":\"ImageObject\",\"inLanguage\":\"tr\",\"@id\":\"https:\\\/\\\/kibrisdakik.com\\\/?p=21393#primaryimage\",\"url\":\"https:\\\/\\\/kibrisdakik.com\\\/wp-content\\\/uploads\\\/2023\\\/12\\\/dijital-donusum-ve-elektronik-devlet-kurumu-yasasi-meclisten-gecti-1701960086.webp.webp\",\"contentUrl\":\"https:\\\/\\\/kibrisdakik.com\\\/wp-content\\\/uploads\\\/2023\\\/12\\\/dijital-donusum-ve-elektronik-devlet-kurumu-yasasi-meclisten-gecti-1701960086.webp.webp\",\"width\":710,\"height\":370},{\"@type\":\"BreadcrumbList\",\"@id\":\"https:\\\/\\\/kibrisdakik.com\\\/?p=21393#breadcrumb\",\"itemListElement\":[{\"@type\":\"ListItem\",\"position\":1,\"name\":\"Home\",\"item\":\"https:\\\/\\\/kibrisdakik.com\\\/\"},{\"@type\":\"ListItem\",\"position\":2,\"name\":\"Dijital D\u00f6n\u00fc\u015f\u00fcm ve Elektronik Devlet Kurumu yasas\u0131 Meclis&#039;ten ge\u00e7ti\"}]},{\"@type\":\"WebSite\",\"@id\":\"https:\\\/\\\/kibrisdakik.com\\\/#website\",\"url\":\"https:\\\/\\\/kibrisdakik.com\\\/\",\"name\":\"\",\"description\":\"Tam vaktinde haber\",\"potentialAction\":[{\"@type\":\"SearchAction\",\"target\":{\"@type\":\"EntryPoint\",\"urlTemplate\":\"https:\\\/\\\/kibrisdakik.com\\\/?s={search_term_string}\"},\"query-input\":{\"@type\":\"PropertyValueSpecification\",\"valueRequired\":true,\"valueName\":\"search_term_string\"}}],\"inLanguage\":\"tr\"},{\"@type\":\"Person\",\"@id\":\"https:\\\/\\\/kibrisdakik.com\\\/#\\\/schema\\\/person\\\/9cd9d437bbb44f72b73ba127e06d8e79\",\"name\":\"admin\",\"image\":{\"@type\":\"ImageObject\",\"inLanguage\":\"tr\",\"@id\":\"https:\\\/\\\/secure.gravatar.com\\\/avatar\\\/ccc17943b9d660506c869530f897617f7cb1c21a4bf30023f252596d83e1f007?s=96&d=mm&r=g\",\"url\":\"https:\\\/\\\/secure.gravatar.com\\\/avatar\\\/ccc17943b9d660506c869530f897617f7cb1c21a4bf30023f252596d83e1f007?s=96&d=mm&r=g\",\"contentUrl\":\"https:\\\/\\\/secure.gravatar.com\\\/avatar\\\/ccc17943b9d660506c869530f897617f7cb1c21a4bf30023f252596d83e1f007?s=96&d=mm&r=g\",\"caption\":\"admin\"},\"sameAs\":[\"https:\\\/\\\/kibrisdakik.com\"],\"url\":\"https:\\\/\\\/kibrisdakik.com\\\/?author=1\"}]}<\/script>\n<!-- \/ Yoast SEO plugin. -->","yoast_head_json":{"title":"Dijital D\u00f6n\u00fc\u015f\u00fcm ve Elektronik Devlet Kurumu yasas\u0131 Meclis&#039;ten ge\u00e7ti -","robots":{"index":"index","follow":"follow","max-snippet":"max-snippet:-1","max-image-preview":"max-image-preview:large","max-video-preview":"max-video-preview:-1"},"canonical":"https:\/\/kibrisdakik.com\/?p=21393","og_locale":"tr_TR","og_type":"article","og_title":"Dijital D\u00f6n\u00fc\u015f\u00fcm ve Elektronik Devlet Kurumu yasas\u0131 Meclis&#039;ten ge\u00e7ti -","og_description":"Dijital D\u00f6n\u00fc\u015f\u00fcm ve Elektronik Devlet Kurumu Yasas\u0131, Cumhuriyet Meclisi Genel Kurulu\u2019nda oy birli\u011fiyle kabul edildi.&nbsp;&nbsp; Yasan\u0131n \u00f6ng\u00f6rd\u00fc\u011f\u00fc&nbsp;Dijital D\u00f6n\u00fc\u015f\u00fcm ve Elektronik Devlet Kurumu ile, &#8220;KKTC&#8217;de&nbsp;dijital d\u00f6n\u00fc\u015f\u00fcm ve elektronik Devlet altyap\u0131s\u0131 ve hizmetlerinin olu\u015fturulmas\u0131, geli\u015ftirilmesi ve kamu kurum kurulu\u015flar\u0131ndaki i\u015flemlerin elektronik ortamda rahatl\u0131kla ve g\u00fcvenli \u015fekilde yap\u0131lmas\u0131&#8221; ama\u00e7lan\u0131yor.&nbsp; -\u015eahiner&nbsp; Cumhuriyet Meclisi genel kurulundaki yasa \u00f6nerisine ili\u015fkin g\u00f6r\u00fc\u015fmelerde","og_url":"https:\/\/kibrisdakik.com\/?p=21393","article_published_time":"2023-12-07T16:46:01+00:00","og_image":[{"width":710,"height":370,"url":"https:\/\/kibrisdakik.com\/wp-content\/uploads\/2023\/12\/dijital-donusum-ve-elektronik-devlet-kurumu-yasasi-meclisten-gecti-1701960086.webp.webp","type":"image\/webp"}],"author":"admin","twitter_card":"summary_large_image","twitter_misc":{"Yazan:":"admin","Tahmini okuma s\u00fcresi":"6 dakika"},"schema":{"@context":"https:\/\/schema.org","@graph":[{"@type":"Article","@id":"https:\/\/kibrisdakik.com\/?p=21393#article","isPartOf":{"@id":"https:\/\/kibrisdakik.com\/?p=21393"},"author":{"name":"admin","@id":"https:\/\/kibrisdakik.com\/#\/schema\/person\/9cd9d437bbb44f72b73ba127e06d8e79"},"headline":"Dijital D\u00f6n\u00fc\u015f\u00fcm ve Elektronik Devlet Kurumu yasas\u0131 Meclis&#039;ten ge\u00e7ti","datePublished":"2023-12-07T16:46:01+00:00","mainEntityOfPage":{"@id":"https:\/\/kibrisdakik.com\/?p=21393"},"wordCount":1157,"commentCount":0,"image":{"@id":"https:\/\/kibrisdakik.com\/?p=21393#primaryimage"},"thumbnailUrl":"https:\/\/kibrisdakik.com\/wp-content\/uploads\/2023\/12\/dijital-donusum-ve-elektronik-devlet-kurumu-yasasi-meclisten-gecti-1701960086.webp.webp","articleSection":["Spor"],"inLanguage":"tr","potentialAction":[{"@type":"CommentAction","name":"Comment","target":["https:\/\/kibrisdakik.com\/?p=21393#respond"]}]},{"@type":"WebPage","@id":"https:\/\/kibrisdakik.com\/?p=21393","url":"https:\/\/kibrisdakik.com\/?p=21393","name":"Dijital D\u00f6n\u00fc\u015f\u00fcm ve Elektronik Devlet Kurumu yasas\u0131 Meclis&#039;ten ge\u00e7ti -","isPartOf":{"@id":"https:\/\/kibrisdakik.com\/#website"},"primaryImageOfPage":{"@id":"https:\/\/kibrisdakik.com\/?p=21393#primaryimage"},"image":{"@id":"https:\/\/kibrisdakik.com\/?p=21393#primaryimage"},"thumbnailUrl":"https:\/\/kibrisdakik.com\/wp-content\/uploads\/2023\/12\/dijital-donusum-ve-elektronik-devlet-kurumu-yasasi-meclisten-gecti-1701960086.webp.webp","datePublished":"2023-12-07T16:46:01+00:00","author":{"@id":"https:\/\/kibrisdakik.com\/#\/schema\/person\/9cd9d437bbb44f72b73ba127e06d8e79"},"breadcrumb":{"@id":"https:\/\/kibrisdakik.com\/?p=21393#breadcrumb"},"inLanguage":"tr","potentialAction":[{"@type":"ReadAction","target":["https:\/\/kibrisdakik.com\/?p=21393"]}]},{"@type":"ImageObject","inLanguage":"tr","@id":"https:\/\/kibrisdakik.com\/?p=21393#primaryimage","url":"https:\/\/kibrisdakik.com\/wp-content\/uploads\/2023\/12\/dijital-donusum-ve-elektronik-devlet-kurumu-yasasi-meclisten-gecti-1701960086.webp.webp","contentUrl":"https:\/\/kibrisdakik.com\/wp-content\/uploads\/2023\/12\/dijital-donusum-ve-elektronik-devlet-kurumu-yasasi-meclisten-gecti-1701960086.webp.webp","width":710,"height":370},{"@type":"BreadcrumbList","@id":"https:\/\/kibrisdakik.com\/?p=21393#breadcrumb","itemListElement":[{"@type":"ListItem","position":1,"name":"Home","item":"https:\/\/kibrisdakik.com\/"},{"@type":"ListItem","position":2,"name":"Dijital D\u00f6n\u00fc\u015f\u00fcm ve Elektronik Devlet Kurumu yasas\u0131 Meclis&#039;ten ge\u00e7ti"}]},{"@type":"WebSite","@id":"https:\/\/kibrisdakik.com\/#website","url":"https:\/\/kibrisdakik.com\/","name":"","description":"Tam vaktinde haber","potentialAction":[{"@type":"SearchAction","target":{"@type":"EntryPoint","urlTemplate":"https:\/\/kibrisdakik.com\/?s={search_term_string}"},"query-input":{"@type":"PropertyValueSpecification","valueRequired":true,"valueName":"search_term_string"}}],"inLanguage":"tr"},{"@type":"Person","@id":"https:\/\/kibrisdakik.com\/#\/schema\/person\/9cd9d437bbb44f72b73ba127e06d8e79","name":"admin","image":{"@type":"ImageObject","inLanguage":"tr","@id":"https:\/\/secure.gravatar.com\/avatar\/ccc17943b9d660506c869530f897617f7cb1c21a4bf30023f252596d83e1f007?s=96&d=mm&r=g","url":"https:\/\/secure.gravatar.com\/avatar\/ccc17943b9d660506c869530f897617f7cb1c21a4bf30023f252596d83e1f007?s=96&d=mm&r=g","contentUrl":"https:\/\/secure.gravatar.com\/avatar\/ccc17943b9d660506c869530f897617f7cb1c21a4bf30023f252596d83e1f007?s=96&d=mm&r=g","caption":"admin"},"sameAs":["https:\/\/kibrisdakik.com"],"url":"https:\/\/kibrisdakik.com\/?author=1"}]}},"_links":{"self":[{"href":"https:\/\/kibrisdakik.com\/index.php?rest_route=\/wp\/v2\/posts\/21393","targetHints":{"allow":["GET"]}}],"collection":[{"href":"https:\/\/kibrisdakik.com\/index.php?rest_route=\/wp\/v2\/posts"}],"about":[{"href":"https:\/\/kibrisdakik.com\/index.php?rest_route=\/wp\/v2\/types\/post"}],"author":[{"embeddable":true,"href":"https:\/\/kibrisdakik.com\/index.php?rest_route=\/wp\/v2\/users\/1"}],"replies":[{"embeddable":true,"href":"https:\/\/kibrisdakik.com\/index.php?rest_route=%2Fwp%2Fv2%2Fcomments&post=21393"}],"version-history":[{"count":0,"href":"https:\/\/kibrisdakik.com\/index.php?rest_route=\/wp\/v2\/posts\/21393\/revisions"}],"wp:featuredmedia":[{"embeddable":true,"href":"https:\/\/kibrisdakik.com\/index.php?rest_route=\/wp\/v2\/media\/21394"}],"wp:attachment":[{"href":"https:\/\/kibrisdakik.com\/index.php?rest_route=%2Fwp%2Fv2%2Fmedia&parent=21393"}],"wp:term":[{"taxonomy":"category","embeddable":true,"href":"https:\/\/kibrisdakik.com\/index.php?rest_route=%2Fwp%2Fv2%2Fcategories&post=21393"},{"taxonomy":"post_tag","embeddable":true,"href":"https:\/\/kibrisdakik.com\/index.php?rest_route=%2Fwp%2Fv2%2Ftags&post=21393"}],"curies":[{"name":"wp","href":"https:\/\/api.w.org\/{rel}","templated":true}]}}