{"id":21427,"date":"2023-12-08T05:32:00","date_gmt":"2023-12-08T05:32:00","guid":{"rendered":"https:\/\/kibrisdakik.com\/index.php\/2023\/12\/08\/basketbolda-olaganustu-genel-kurul-talebi\/"},"modified":"2023-12-08T05:32:00","modified_gmt":"2023-12-08T05:32:00","slug":"basketbolda-olaganustu-genel-kurul-talebi","status":"publish","type":"post","link":"https:\/\/kibrisdakik.com\/?p=21427","title":{"rendered":"Basketbol\u2019da ola\u011fan\u00fcst\u00fc genel kurul talebi"},"content":{"rendered":"<p><img decoding=\"async\" src=\"https:\/\/www.kibristurk.com\/images\/haberler\/2023\/12\/basketbolda-olaganustu-genel-kurul-talebi-1702013571.webp\" \/><\/p>\n<p><span style=\"font-size:12pt\"><span style=\",serif\">Basketbolda 10 Kul\u00fcp \u201cOla\u011fan\u00fcst\u00fc Se\u00e7imli Genel Kurul\u201d i\u00e7in imza att\u0131.<\/span><\/span><\/p>\n<p><span style=\"font-size:12pt\"><span style=\",serif\">Basketbol Federasyonu \u00fcyesi 10 Spor kul\u00fcb\u00fc t\u00fcz\u00fck gere\u011fi Basketbolda Ola\u011fan\u00fcst\u00fc Se\u00e7imli Genel Kurul i\u00e7in imzalar\u0131 att\u0131. <\/span><\/span><\/p>\n<p><span style=\"font-size:12pt\"><span style=\",serif\">Federasyona verilen metinde \u201cBizler a\u015fa\u011f\u0131da imza sahibi \u00fcye kul\u00fcp temsilcileri \u201cBasketbol Federasyon Ba\u015fkanl\u0131\u011f\u0131 ve Kurullar\u0131n\u0131n Se\u00e7imi\u201d yap\u0131lmas\u0131 g\u00fcndemi ile Ola\u011fan\u00fcst\u00fc Genel Kurul talep etmekteyiz.\u201d Denildi.<\/span><\/span><\/p>\n<p>&nbsp;<\/p>\n","protected":false},"excerpt":{"rendered":"<p>Basketbolda 10 Kul\u00fcp \u201cOla\u011fan\u00fcst\u00fc Se\u00e7imli Genel Kurul\u201d i\u00e7in imza att\u0131. Basketbol Federasyonu \u00fcyesi 10 Spor kul\u00fcb\u00fc t\u00fcz\u00fck gere\u011fi Basketbolda Ola\u011fan\u00fcst\u00fc Se\u00e7imli Genel Kurul i\u00e7in imzalar\u0131 att\u0131. Federasyona verilen metinde \u201cBizler a\u015fa\u011f\u0131da imza sahibi \u00fcye kul\u00fcp temsilcileri \u201cBasketbol Federasyon Ba\u015fkanl\u0131\u011f\u0131 ve Kurullar\u0131n\u0131n Se\u00e7imi\u201d yap\u0131lmas\u0131 g\u00fcndemi ile Ola\u011fan\u00fcst\u00fc Genel Kurul talep etmekteyiz.\u201d Denildi. &nbsp;<\/p>\n","protected":false},"author":1,"featured_media":21428,"comment_status":"open","ping_status":"open","sticky":false,"template":"","format":"standard","meta":{"footnotes":""},"categories":[1],"tags":[],"class_list":["post-21427","post","type-post","status-publish","format-standard","has-post-thumbnail","hentry","category-gundem"],"yoast_head":"<!-- This site is optimized with the Yoast SEO plugin v27.5 - https:\/\/yoast.com\/product\/yoast-seo-wordpress\/ -->\n<title>Basketbol\u2019da ola\u011fan\u00fcst\u00fc genel kurul talebi -<\/title>\n<meta name=\"robots\" content=\"index, follow, max-snippet:-1, max-image-preview:large, max-video-preview:-1\" \/>\n<link rel=\"canonical\" href=\"https:\/\/kibrisdakik.com\/?p=21427\" \/>\n<meta property=\"og:locale\" content=\"tr_TR\" \/>\n<meta property=\"og:type\" content=\"article\" \/>\n<meta property=\"og:title\" content=\"Basketbol\u2019da ola\u011fan\u00fcst\u00fc genel kurul talebi -\" \/>\n<meta property=\"og:description\" content=\"Basketbolda 10 Kul\u00fcp \u201cOla\u011fan\u00fcst\u00fc Se\u00e7imli Genel Kurul\u201d i\u00e7in imza att\u0131. Basketbol Federasyonu \u00fcyesi 10 Spor kul\u00fcb\u00fc t\u00fcz\u00fck gere\u011fi Basketbolda Ola\u011fan\u00fcst\u00fc Se\u00e7imli Genel Kurul i\u00e7in imzalar\u0131 att\u0131. Federasyona verilen metinde \u201cBizler a\u015fa\u011f\u0131da imza sahibi \u00fcye kul\u00fcp temsilcileri \u201cBasketbol Federasyon Ba\u015fkanl\u0131\u011f\u0131 ve Kurullar\u0131n\u0131n Se\u00e7imi\u201d yap\u0131lmas\u0131 g\u00fcndemi ile Ola\u011fan\u00fcst\u00fc Genel Kurul talep etmekteyiz.\u201d Denildi. &nbsp;\" \/>\n<meta property=\"og:url\" content=\"https:\/\/kibrisdakik.com\/?p=21427\" \/>\n<meta property=\"article:published_time\" content=\"2023-12-08T05:32:00+00:00\" \/>\n<meta property=\"og:image\" content=\"https:\/\/kibrisdakik.com\/wp-content\/uploads\/2023\/12\/basketbolda-olaganustu-genel-kurul-talebi-1702013571.webp.webp\" \/>\n\t<meta property=\"og:image:width\" content=\"710\" \/>\n\t<meta property=\"og:image:height\" content=\"370\" \/>\n\t<meta property=\"og:image:type\" content=\"image\/webp\" \/>\n<meta name=\"author\" content=\"admin\" \/>\n<meta name=\"twitter:card\" content=\"summary_large_image\" \/>\n<meta name=\"twitter:label1\" content=\"Yazan:\" \/>\n\t<meta name=\"twitter:data1\" content=\"admin\" \/>\n<script type=\"application\/ld+json\" class=\"yoast-schema-graph\">{\"@context\":\"https:\\\/\\\/schema.org\",\"@graph\":[{\"@type\":\"Article\",\"@id\":\"https:\\\/\\\/kibrisdakik.com\\\/?p=21427#article\",\"isPartOf\":{\"@id\":\"https:\\\/\\\/kibrisdakik.com\\\/?p=21427\"},\"author\":{\"name\":\"admin\",\"@id\":\"https:\\\/\\\/kibrisdakik.com\\\/#\\\/schema\\\/person\\\/9cd9d437bbb44f72b73ba127e06d8e79\"},\"headline\":\"Basketbol\u2019da ola\u011fan\u00fcst\u00fc genel kurul talebi\",\"datePublished\":\"2023-12-08T05:32:00+00:00\",\"mainEntityOfPage\":{\"@id\":\"https:\\\/\\\/kibrisdakik.com\\\/?p=21427\"},\"wordCount\":82,\"commentCount\":0,\"image\":{\"@id\":\"https:\\\/\\\/kibrisdakik.com\\\/?p=21427#primaryimage\"},\"thumbnailUrl\":\"https:\\\/\\\/kibrisdakik.com\\\/wp-content\\\/uploads\\\/2023\\\/12\\\/basketbolda-olaganustu-genel-kurul-talebi-1702013571.webp.webp\",\"articleSection\":[\"G\u00fcndem\"],\"inLanguage\":\"tr\",\"potentialAction\":[{\"@type\":\"CommentAction\",\"name\":\"Comment\",\"target\":[\"https:\\\/\\\/kibrisdakik.com\\\/?p=21427#respond\"]}]},{\"@type\":\"WebPage\",\"@id\":\"https:\\\/\\\/kibrisdakik.com\\\/?p=21427\",\"url\":\"https:\\\/\\\/kibrisdakik.com\\\/?p=21427\",\"name\":\"Basketbol\u2019da ola\u011fan\u00fcst\u00fc genel kurul talebi -\",\"isPartOf\":{\"@id\":\"https:\\\/\\\/kibrisdakik.com\\\/#website\"},\"primaryImageOfPage\":{\"@id\":\"https:\\\/\\\/kibrisdakik.com\\\/?p=21427#primaryimage\"},\"image\":{\"@id\":\"https:\\\/\\\/kibrisdakik.com\\\/?p=21427#primaryimage\"},\"thumbnailUrl\":\"https:\\\/\\\/kibrisdakik.com\\\/wp-content\\\/uploads\\\/2023\\\/12\\\/basketbolda-olaganustu-genel-kurul-talebi-1702013571.webp.webp\",\"datePublished\":\"2023-12-08T05:32:00+00:00\",\"author\":{\"@id\":\"https:\\\/\\\/kibrisdakik.com\\\/#\\\/schema\\\/person\\\/9cd9d437bbb44f72b73ba127e06d8e79\"},\"breadcrumb\":{\"@id\":\"https:\\\/\\\/kibrisdakik.com\\\/?p=21427#breadcrumb\"},\"inLanguage\":\"tr\",\"potentialAction\":[{\"@type\":\"ReadAction\",\"target\":[\"https:\\\/\\\/kibrisdakik.com\\\/?p=21427\"]}]},{\"@type\":\"ImageObject\",\"inLanguage\":\"tr\",\"@id\":\"https:\\\/\\\/kibrisdakik.com\\\/?p=21427#primaryimage\",\"url\":\"https:\\\/\\\/kibrisdakik.com\\\/wp-content\\\/uploads\\\/2023\\\/12\\\/basketbolda-olaganustu-genel-kurul-talebi-1702013571.webp.webp\",\"contentUrl\":\"https:\\\/\\\/kibrisdakik.com\\\/wp-content\\\/uploads\\\/2023\\\/12\\\/basketbolda-olaganustu-genel-kurul-talebi-1702013571.webp.webp\",\"width\":710,\"height\":370},{\"@type\":\"BreadcrumbList\",\"@id\":\"https:\\\/\\\/kibrisdakik.com\\\/?p=21427#breadcrumb\",\"itemListElement\":[{\"@type\":\"ListItem\",\"position\":1,\"name\":\"Home\",\"item\":\"https:\\\/\\\/kibrisdakik.com\\\/\"},{\"@type\":\"ListItem\",\"position\":2,\"name\":\"Basketbol\u2019da ola\u011fan\u00fcst\u00fc genel kurul talebi\"}]},{\"@type\":\"WebSite\",\"@id\":\"https:\\\/\\\/kibrisdakik.com\\\/#website\",\"url\":\"https:\\\/\\\/kibrisdakik.com\\\/\",\"name\":\"\",\"description\":\"Tam vaktinde haber\",\"potentialAction\":[{\"@type\":\"SearchAction\",\"target\":{\"@type\":\"EntryPoint\",\"urlTemplate\":\"https:\\\/\\\/kibrisdakik.com\\\/?s={search_term_string}\"},\"query-input\":{\"@type\":\"PropertyValueSpecification\",\"valueRequired\":true,\"valueName\":\"search_term_string\"}}],\"inLanguage\":\"tr\"},{\"@type\":\"Person\",\"@id\":\"https:\\\/\\\/kibrisdakik.com\\\/#\\\/schema\\\/person\\\/9cd9d437bbb44f72b73ba127e06d8e79\",\"name\":\"admin\",\"image\":{\"@type\":\"ImageObject\",\"inLanguage\":\"tr\",\"@id\":\"https:\\\/\\\/secure.gravatar.com\\\/avatar\\\/ccc17943b9d660506c869530f897617f7cb1c21a4bf30023f252596d83e1f007?s=96&d=mm&r=g\",\"url\":\"https:\\\/\\\/secure.gravatar.com\\\/avatar\\\/ccc17943b9d660506c869530f897617f7cb1c21a4bf30023f252596d83e1f007?s=96&d=mm&r=g\",\"contentUrl\":\"https:\\\/\\\/secure.gravatar.com\\\/avatar\\\/ccc17943b9d660506c869530f897617f7cb1c21a4bf30023f252596d83e1f007?s=96&d=mm&r=g\",\"caption\":\"admin\"},\"sameAs\":[\"https:\\\/\\\/kibrisdakik.com\"],\"url\":\"https:\\\/\\\/kibrisdakik.com\\\/?author=1\"}]}<\/script>\n<!-- \/ Yoast SEO plugin. -->","yoast_head_json":{"title":"Basketbol\u2019da ola\u011fan\u00fcst\u00fc genel kurul talebi -","robots":{"index":"index","follow":"follow","max-snippet":"max-snippet:-1","max-image-preview":"max-image-preview:large","max-video-preview":"max-video-preview:-1"},"canonical":"https:\/\/kibrisdakik.com\/?p=21427","og_locale":"tr_TR","og_type":"article","og_title":"Basketbol\u2019da ola\u011fan\u00fcst\u00fc genel kurul talebi -","og_description":"Basketbolda 10 Kul\u00fcp \u201cOla\u011fan\u00fcst\u00fc Se\u00e7imli Genel Kurul\u201d i\u00e7in imza att\u0131. Basketbol Federasyonu \u00fcyesi 10 Spor kul\u00fcb\u00fc t\u00fcz\u00fck gere\u011fi Basketbolda Ola\u011fan\u00fcst\u00fc Se\u00e7imli Genel Kurul i\u00e7in imzalar\u0131 att\u0131. Federasyona verilen metinde \u201cBizler a\u015fa\u011f\u0131da imza sahibi \u00fcye kul\u00fcp temsilcileri \u201cBasketbol Federasyon Ba\u015fkanl\u0131\u011f\u0131 ve Kurullar\u0131n\u0131n Se\u00e7imi\u201d yap\u0131lmas\u0131 g\u00fcndemi ile Ola\u011fan\u00fcst\u00fc Genel Kurul talep etmekteyiz.\u201d Denildi. &nbsp;","og_url":"https:\/\/kibrisdakik.com\/?p=21427","article_published_time":"2023-12-08T05:32:00+00:00","og_image":[{"width":710,"height":370,"url":"https:\/\/kibrisdakik.com\/wp-content\/uploads\/2023\/12\/basketbolda-olaganustu-genel-kurul-talebi-1702013571.webp.webp","type":"image\/webp"}],"author":"admin","twitter_card":"summary_large_image","twitter_misc":{"Yazan:":"admin"},"schema":{"@context":"https:\/\/schema.org","@graph":[{"@type":"Article","@id":"https:\/\/kibrisdakik.com\/?p=21427#article","isPartOf":{"@id":"https:\/\/kibrisdakik.com\/?p=21427"},"author":{"name":"admin","@id":"https:\/\/kibrisdakik.com\/#\/schema\/person\/9cd9d437bbb44f72b73ba127e06d8e79"},"headline":"Basketbol\u2019da ola\u011fan\u00fcst\u00fc genel kurul talebi","datePublished":"2023-12-08T05:32:00+00:00","mainEntityOfPage":{"@id":"https:\/\/kibrisdakik.com\/?p=21427"},"wordCount":82,"commentCount":0,"image":{"@id":"https:\/\/kibrisdakik.com\/?p=21427#primaryimage"},"thumbnailUrl":"https:\/\/kibrisdakik.com\/wp-content\/uploads\/2023\/12\/basketbolda-olaganustu-genel-kurul-talebi-1702013571.webp.webp","articleSection":["G\u00fcndem"],"inLanguage":"tr","potentialAction":[{"@type":"CommentAction","name":"Comment","target":["https:\/\/kibrisdakik.com\/?p=21427#respond"]}]},{"@type":"WebPage","@id":"https:\/\/kibrisdakik.com\/?p=21427","url":"https:\/\/kibrisdakik.com\/?p=21427","name":"Basketbol\u2019da ola\u011fan\u00fcst\u00fc genel kurul talebi -","isPartOf":{"@id":"https:\/\/kibrisdakik.com\/#website"},"primaryImageOfPage":{"@id":"https:\/\/kibrisdakik.com\/?p=21427#primaryimage"},"image":{"@id":"https:\/\/kibrisdakik.com\/?p=21427#primaryimage"},"thumbnailUrl":"https:\/\/kibrisdakik.com\/wp-content\/uploads\/2023\/12\/basketbolda-olaganustu-genel-kurul-talebi-1702013571.webp.webp","datePublished":"2023-12-08T05:32:00+00:00","author":{"@id":"https:\/\/kibrisdakik.com\/#\/schema\/person\/9cd9d437bbb44f72b73ba127e06d8e79"},"breadcrumb":{"@id":"https:\/\/kibrisdakik.com\/?p=21427#breadcrumb"},"inLanguage":"tr","potentialAction":[{"@type":"ReadAction","target":["https:\/\/kibrisdakik.com\/?p=21427"]}]},{"@type":"ImageObject","inLanguage":"tr","@id":"https:\/\/kibrisdakik.com\/?p=21427#primaryimage","url":"https:\/\/kibrisdakik.com\/wp-content\/uploads\/2023\/12\/basketbolda-olaganustu-genel-kurul-talebi-1702013571.webp.webp","contentUrl":"https:\/\/kibrisdakik.com\/wp-content\/uploads\/2023\/12\/basketbolda-olaganustu-genel-kurul-talebi-1702013571.webp.webp","width":710,"height":370},{"@type":"BreadcrumbList","@id":"https:\/\/kibrisdakik.com\/?p=21427#breadcrumb","itemListElement":[{"@type":"ListItem","position":1,"name":"Home","item":"https:\/\/kibrisdakik.com\/"},{"@type":"ListItem","position":2,"name":"Basketbol\u2019da ola\u011fan\u00fcst\u00fc genel kurul talebi"}]},{"@type":"WebSite","@id":"https:\/\/kibrisdakik.com\/#website","url":"https:\/\/kibrisdakik.com\/","name":"","description":"Tam vaktinde haber","potentialAction":[{"@type":"SearchAction","target":{"@type":"EntryPoint","urlTemplate":"https:\/\/kibrisdakik.com\/?s={search_term_string}"},"query-input":{"@type":"PropertyValueSpecification","valueRequired":true,"valueName":"search_term_string"}}],"inLanguage":"tr"},{"@type":"Person","@id":"https:\/\/kibrisdakik.com\/#\/schema\/person\/9cd9d437bbb44f72b73ba127e06d8e79","name":"admin","image":{"@type":"ImageObject","inLanguage":"tr","@id":"https:\/\/secure.gravatar.com\/avatar\/ccc17943b9d660506c869530f897617f7cb1c21a4bf30023f252596d83e1f007?s=96&d=mm&r=g","url":"https:\/\/secure.gravatar.com\/avatar\/ccc17943b9d660506c869530f897617f7cb1c21a4bf30023f252596d83e1f007?s=96&d=mm&r=g","contentUrl":"https:\/\/secure.gravatar.com\/avatar\/ccc17943b9d660506c869530f897617f7cb1c21a4bf30023f252596d83e1f007?s=96&d=mm&r=g","caption":"admin"},"sameAs":["https:\/\/kibrisdakik.com"],"url":"https:\/\/kibrisdakik.com\/?author=1"}]}},"_links":{"self":[{"href":"https:\/\/kibrisdakik.com\/index.php?rest_route=\/wp\/v2\/posts\/21427","targetHints":{"allow":["GET"]}}],"collection":[{"href":"https:\/\/kibrisdakik.com\/index.php?rest_route=\/wp\/v2\/posts"}],"about":[{"href":"https:\/\/kibrisdakik.com\/index.php?rest_route=\/wp\/v2\/types\/post"}],"author":[{"embeddable":true,"href":"https:\/\/kibrisdakik.com\/index.php?rest_route=\/wp\/v2\/users\/1"}],"replies":[{"embeddable":true,"href":"https:\/\/kibrisdakik.com\/index.php?rest_route=%2Fwp%2Fv2%2Fcomments&post=21427"}],"version-history":[{"count":0,"href":"https:\/\/kibrisdakik.com\/index.php?rest_route=\/wp\/v2\/posts\/21427\/revisions"}],"wp:featuredmedia":[{"embeddable":true,"href":"https:\/\/kibrisdakik.com\/index.php?rest_route=\/wp\/v2\/media\/21428"}],"wp:attachment":[{"href":"https:\/\/kibrisdakik.com\/index.php?rest_route=%2Fwp%2Fv2%2Fmedia&parent=21427"}],"wp:term":[{"taxonomy":"category","embeddable":true,"href":"https:\/\/kibrisdakik.com\/index.php?rest_route=%2Fwp%2Fv2%2Fcategories&post=21427"},{"taxonomy":"post_tag","embeddable":true,"href":"https:\/\/kibrisdakik.com\/index.php?rest_route=%2Fwp%2Fv2%2Ftags&post=21427"}],"curies":[{"name":"wp","href":"https:\/\/api.w.org\/{rel}","templated":true}]}}