{"id":21465,"date":"2023-12-08T12:01:59","date_gmt":"2023-12-08T12:01:59","guid":{"rendered":"https:\/\/kibrisdakik.com\/index.php\/2023\/12\/08\/cocuklar-bizim-gelecegimizdir-saglikli-bireyler-saglikli-bir-toplum-olusturur\/"},"modified":"2023-12-08T12:01:59","modified_gmt":"2023-12-08T12:01:59","slug":"cocuklar-bizim-gelecegimizdir-saglikli-bireyler-saglikli-bir-toplum-olusturur","status":"publish","type":"post","link":"https:\/\/kibrisdakik.com\/?p=21465","title":{"rendered":"\u201c\u00c7ocuklar bizim gelece\u011fimizdir. Sa\u011fl\u0131kl\u0131 bireyler sa\u011fl\u0131kl\u0131 bir toplum olu\u015fturur\u201d"},"content":{"rendered":"<p><img decoding=\"async\" src=\"https:\/\/www.kibristurk.com\/images\/haberler\/2023\/12\/cocuklar-bizim-gelecegimizdir-saglikli-bireyler-saglikli-bir-toplum-olusturur-1702036528.webp\" \/><\/p>\n<p style=\"text-align:left\"><span style=\"font-size:14px\"><span style=\"font-family:Arial,Helvetica,sans-serif\"><span style=\"color:#000000\"><span style=\"background-color:#ffffff\">Sa\u011fl\u0131k Bakanl\u0131\u011f\u0131\u2019na ba\u011fl\u0131 Temel Sa\u011fl\u0131k Hizmetleri Dairesi taraf\u0131ndan Alayk\u00f6y \u0130lkokulu&#8217;nda erken tan\u0131 ve koruyucu hekimlik amac\u0131yla y\u0131ll\u0131k di\u015f tarama etkinli\u011fi d\u00fczenlendi.<\/span><\/span><\/span><\/span><\/p>\n<p style=\"text-align:left\"><span style=\"font-size:14px\"><span style=\"font-family:Arial,Helvetica,sans-serif\"><span style=\"color:#000000\"><span style=\"background-color:#ffffff\">Sa\u011fl\u0131k Bakanl\u0131\u011f\u0131\u2019ndan verilen bilgiye g\u00f6re, Sa\u011fl\u0131k Bakan\u0131 Hakan Din\u00e7y\u00fcrek, etkinlikte \u00e7ocuklara y\u00f6nelik sa\u011fl\u0131k hizmetlerini yak\u0131ndan inceleyerek, projeye destek verdi.<\/span><\/span><\/span><\/span><\/p>\n<p style=\"text-align:left\"><span style=\"font-size:14px\"><span style=\"font-family:Arial,Helvetica,sans-serif\"><span style=\"color:#000000\"><span style=\"background-color:#ffffff\">2024 y\u0131l\u0131nda koruyucu hekimlik ve erken tan\u0131 konusunda daha etkin \u00e7al\u0131\u015fmalar yapacaklar\u0131n\u0131 belirten Din\u00e7y\u00fcrek, \u00e7ocuklar\u0131n gelece\u011fimiz oldu\u011funu, sa\u011fl\u0131kl\u0131 bireylerin sa\u011fl\u0131kl\u0131 bir toplum olu\u015fturdu\u011funu vurgulad\u0131.<\/span><\/span><\/span><\/span><\/p>\n<p style=\"text-align:left\"><span style=\"font-size:14px\"><span style=\"font-family:Arial,Helvetica,sans-serif\"><span style=\"color:#000000\"><span style=\"background-color:#ffffff\">Sa\u011fl\u0131k Bakan\u0131 Din\u00e7y\u00fcrek, bu t\u00fcr koruyucu sa\u011fl\u0131k etkinliklerinin toplum sa\u011fl\u0131\u011f\u0131na y\u00f6nelik \u00f6nemine i\u015faret ederek, \u00e7ocuklar\u0131n erken tan\u0131 ve sa\u011fl\u0131kl\u0131 ya\u015fam al\u0131\u015fkanl\u0131klar\u0131 kazanmalar\u0131n\u0131n \u00f6nemine i\u015faret etti.<\/span><\/span><\/span><\/span><\/p>\n<p style=\"text-align:left\"><span style=\"font-size:14px\"><span style=\"font-family:Arial,Helvetica,sans-serif\"><span style=\"color:#000000\"><span style=\"background-color:#ffffff\">Din\u00e7y\u00fcrek ayr\u0131ca Hedef Hizmet Kul\u00fcb\u00fc Derne\u011fi ile birlikte d\u00fczenlenen etkinlikte, \u00e7ocuklara di\u015f macunu ve di\u015f f\u0131r\u00e7as\u0131 hediye edilmesi konusundaki katk\u0131lar\u0131 i\u00e7in dernek \u00fcyelerine te\u015fekk\u00fcr etti.<\/span><\/span><\/span><\/span><\/p>\n<p style=\"text-align:left\"><span style=\"font-size:14px\"><span style=\"font-family:Arial,Helvetica,sans-serif\"><span style=\"color:#000000\"><span style=\"background-color:#ffffff\">Bakan Din\u00e7y\u00fcrek, sa\u011fl\u0131k alan\u0131ndaki bu t\u00fcr giri\u015fimleri destekleyerek, koruyucu hekimlik ve erken tan\u0131 hedeflerinin ger\u00e7ekle\u015fmesine \u00f6nemli katk\u0131larda bulunacaklar\u0131n\u0131 ifade etti.<\/span><\/span><\/span><\/span><\/p>\n<p style=\"text-align:left\"><span style=\"font-size:14px\"><span style=\"font-family:Arial,Helvetica,sans-serif\"><span style=\"color:#000000\"><span style=\"background-color:#ffffff\">Alayk\u00f6y \u0130lkokulu ve Hedef Hizmet Kul\u00fcb\u00fc Derne\u011fi, Bakan Din\u00e7y\u00fcrek\u2019in ziyaretinden dolay\u0131 memnuniyetlerini dile getirirken, etkinli\u011fin Din\u00e7y\u00fcrek\u2019in kat\u0131l\u0131m\u0131yla daha da anlam kazand\u0131\u011f\u0131n\u0131 ve sa\u011fl\u0131k alan\u0131ndaki \u00f6nemli projelerin desteklenmesi gerekti\u011fine dikkat \u00e7ekti.<\/span><\/span><\/span><\/span><\/p>\n","protected":false},"excerpt":{"rendered":"<p>Sa\u011fl\u0131k Bakanl\u0131\u011f\u0131\u2019na ba\u011fl\u0131 Temel Sa\u011fl\u0131k Hizmetleri Dairesi taraf\u0131ndan Alayk\u00f6y \u0130lkokulu&#8217;nda erken tan\u0131 ve koruyucu hekimlik amac\u0131yla y\u0131ll\u0131k di\u015f tarama etkinli\u011fi d\u00fczenlendi. Sa\u011fl\u0131k Bakanl\u0131\u011f\u0131\u2019ndan verilen bilgiye g\u00f6re, Sa\u011fl\u0131k Bakan\u0131 Hakan Din\u00e7y\u00fcrek, etkinlikte \u00e7ocuklara y\u00f6nelik sa\u011fl\u0131k hizmetlerini yak\u0131ndan inceleyerek, projeye destek verdi. 2024 y\u0131l\u0131nda koruyucu hekimlik ve erken tan\u0131 konusunda daha etkin \u00e7al\u0131\u015fmalar yapacaklar\u0131n\u0131 belirten Din\u00e7y\u00fcrek, \u00e7ocuklar\u0131n<\/p>\n","protected":false},"author":1,"featured_media":21466,"comment_status":"open","ping_status":"open","sticky":false,"template":"","format":"standard","meta":{"footnotes":""},"categories":[1],"tags":[],"class_list":["post-21465","post","type-post","status-publish","format-standard","has-post-thumbnail","hentry","category-gundem"],"yoast_head":"<!-- This site is optimized with the Yoast SEO plugin v27.5 - https:\/\/yoast.com\/product\/yoast-seo-wordpress\/ -->\n<title>\u201c\u00c7ocuklar bizim gelece\u011fimizdir. Sa\u011fl\u0131kl\u0131 bireyler sa\u011fl\u0131kl\u0131 bir toplum olu\u015fturur\u201d -<\/title>\n<meta name=\"robots\" content=\"index, follow, max-snippet:-1, max-image-preview:large, max-video-preview:-1\" \/>\n<link rel=\"canonical\" href=\"https:\/\/kibrisdakik.com\/?p=21465\" \/>\n<meta property=\"og:locale\" content=\"tr_TR\" \/>\n<meta property=\"og:type\" content=\"article\" \/>\n<meta property=\"og:title\" content=\"\u201c\u00c7ocuklar bizim gelece\u011fimizdir. Sa\u011fl\u0131kl\u0131 bireyler sa\u011fl\u0131kl\u0131 bir toplum olu\u015fturur\u201d -\" \/>\n<meta property=\"og:description\" content=\"Sa\u011fl\u0131k Bakanl\u0131\u011f\u0131\u2019na ba\u011fl\u0131 Temel Sa\u011fl\u0131k Hizmetleri Dairesi taraf\u0131ndan Alayk\u00f6y \u0130lkokulu&#8217;nda erken tan\u0131 ve koruyucu hekimlik amac\u0131yla y\u0131ll\u0131k di\u015f tarama etkinli\u011fi d\u00fczenlendi. Sa\u011fl\u0131k Bakanl\u0131\u011f\u0131\u2019ndan verilen bilgiye g\u00f6re, Sa\u011fl\u0131k Bakan\u0131 Hakan Din\u00e7y\u00fcrek, etkinlikte \u00e7ocuklara y\u00f6nelik sa\u011fl\u0131k hizmetlerini yak\u0131ndan inceleyerek, projeye destek verdi. 2024 y\u0131l\u0131nda koruyucu hekimlik ve erken tan\u0131 konusunda daha etkin \u00e7al\u0131\u015fmalar yapacaklar\u0131n\u0131 belirten Din\u00e7y\u00fcrek, \u00e7ocuklar\u0131n\" \/>\n<meta property=\"og:url\" content=\"https:\/\/kibrisdakik.com\/?p=21465\" \/>\n<meta property=\"article:published_time\" content=\"2023-12-08T12:01:59+00:00\" \/>\n<meta property=\"og:image\" content=\"https:\/\/kibrisdakik.com\/wp-content\/uploads\/2023\/12\/cocuklar-bizim-gelecegimizdir-saglikli-bireyler-saglikli-bir-toplum-olusturur-1702036528.webp.webp\" \/>\n\t<meta property=\"og:image:width\" content=\"710\" \/>\n\t<meta property=\"og:image:height\" content=\"370\" \/>\n\t<meta property=\"og:image:type\" content=\"image\/webp\" \/>\n<meta name=\"author\" content=\"admin\" \/>\n<meta name=\"twitter:card\" content=\"summary_large_image\" \/>\n<meta name=\"twitter:label1\" content=\"Yazan:\" \/>\n\t<meta name=\"twitter:data1\" content=\"admin\" \/>\n\t<meta name=\"twitter:label2\" content=\"Tahmini okuma s\u00fcresi\" \/>\n\t<meta name=\"twitter:data2\" content=\"1 dakika\" \/>\n<script type=\"application\/ld+json\" class=\"yoast-schema-graph\">{\"@context\":\"https:\\\/\\\/schema.org\",\"@graph\":[{\"@type\":\"Article\",\"@id\":\"https:\\\/\\\/kibrisdakik.com\\\/?p=21465#article\",\"isPartOf\":{\"@id\":\"https:\\\/\\\/kibrisdakik.com\\\/?p=21465\"},\"author\":{\"name\":\"admin\",\"@id\":\"https:\\\/\\\/kibrisdakik.com\\\/#\\\/schema\\\/person\\\/9cd9d437bbb44f72b73ba127e06d8e79\"},\"headline\":\"\u201c\u00c7ocuklar bizim gelece\u011fimizdir. Sa\u011fl\u0131kl\u0131 bireyler sa\u011fl\u0131kl\u0131 bir toplum olu\u015fturur\u201d\",\"datePublished\":\"2023-12-08T12:01:59+00:00\",\"mainEntityOfPage\":{\"@id\":\"https:\\\/\\\/kibrisdakik.com\\\/?p=21465\"},\"wordCount\":279,\"commentCount\":0,\"image\":{\"@id\":\"https:\\\/\\\/kibrisdakik.com\\\/?p=21465#primaryimage\"},\"thumbnailUrl\":\"https:\\\/\\\/kibrisdakik.com\\\/wp-content\\\/uploads\\\/2023\\\/12\\\/cocuklar-bizim-gelecegimizdir-saglikli-bireyler-saglikli-bir-toplum-olusturur-1702036528.webp.webp\",\"articleSection\":[\"G\u00fcndem\"],\"inLanguage\":\"tr\",\"potentialAction\":[{\"@type\":\"CommentAction\",\"name\":\"Comment\",\"target\":[\"https:\\\/\\\/kibrisdakik.com\\\/?p=21465#respond\"]}]},{\"@type\":\"WebPage\",\"@id\":\"https:\\\/\\\/kibrisdakik.com\\\/?p=21465\",\"url\":\"https:\\\/\\\/kibrisdakik.com\\\/?p=21465\",\"name\":\"\u201c\u00c7ocuklar bizim gelece\u011fimizdir. Sa\u011fl\u0131kl\u0131 bireyler sa\u011fl\u0131kl\u0131 bir toplum olu\u015fturur\u201d -\",\"isPartOf\":{\"@id\":\"https:\\\/\\\/kibrisdakik.com\\\/#website\"},\"primaryImageOfPage\":{\"@id\":\"https:\\\/\\\/kibrisdakik.com\\\/?p=21465#primaryimage\"},\"image\":{\"@id\":\"https:\\\/\\\/kibrisdakik.com\\\/?p=21465#primaryimage\"},\"thumbnailUrl\":\"https:\\\/\\\/kibrisdakik.com\\\/wp-content\\\/uploads\\\/2023\\\/12\\\/cocuklar-bizim-gelecegimizdir-saglikli-bireyler-saglikli-bir-toplum-olusturur-1702036528.webp.webp\",\"datePublished\":\"2023-12-08T12:01:59+00:00\",\"author\":{\"@id\":\"https:\\\/\\\/kibrisdakik.com\\\/#\\\/schema\\\/person\\\/9cd9d437bbb44f72b73ba127e06d8e79\"},\"breadcrumb\":{\"@id\":\"https:\\\/\\\/kibrisdakik.com\\\/?p=21465#breadcrumb\"},\"inLanguage\":\"tr\",\"potentialAction\":[{\"@type\":\"ReadAction\",\"target\":[\"https:\\\/\\\/kibrisdakik.com\\\/?p=21465\"]}]},{\"@type\":\"ImageObject\",\"inLanguage\":\"tr\",\"@id\":\"https:\\\/\\\/kibrisdakik.com\\\/?p=21465#primaryimage\",\"url\":\"https:\\\/\\\/kibrisdakik.com\\\/wp-content\\\/uploads\\\/2023\\\/12\\\/cocuklar-bizim-gelecegimizdir-saglikli-bireyler-saglikli-bir-toplum-olusturur-1702036528.webp.webp\",\"contentUrl\":\"https:\\\/\\\/kibrisdakik.com\\\/wp-content\\\/uploads\\\/2023\\\/12\\\/cocuklar-bizim-gelecegimizdir-saglikli-bireyler-saglikli-bir-toplum-olusturur-1702036528.webp.webp\",\"width\":710,\"height\":370},{\"@type\":\"BreadcrumbList\",\"@id\":\"https:\\\/\\\/kibrisdakik.com\\\/?p=21465#breadcrumb\",\"itemListElement\":[{\"@type\":\"ListItem\",\"position\":1,\"name\":\"Home\",\"item\":\"https:\\\/\\\/kibrisdakik.com\\\/\"},{\"@type\":\"ListItem\",\"position\":2,\"name\":\"\u201c\u00c7ocuklar bizim gelece\u011fimizdir. Sa\u011fl\u0131kl\u0131 bireyler sa\u011fl\u0131kl\u0131 bir toplum olu\u015fturur\u201d\"}]},{\"@type\":\"WebSite\",\"@id\":\"https:\\\/\\\/kibrisdakik.com\\\/#website\",\"url\":\"https:\\\/\\\/kibrisdakik.com\\\/\",\"name\":\"\",\"description\":\"Tam vaktinde haber\",\"potentialAction\":[{\"@type\":\"SearchAction\",\"target\":{\"@type\":\"EntryPoint\",\"urlTemplate\":\"https:\\\/\\\/kibrisdakik.com\\\/?s={search_term_string}\"},\"query-input\":{\"@type\":\"PropertyValueSpecification\",\"valueRequired\":true,\"valueName\":\"search_term_string\"}}],\"inLanguage\":\"tr\"},{\"@type\":\"Person\",\"@id\":\"https:\\\/\\\/kibrisdakik.com\\\/#\\\/schema\\\/person\\\/9cd9d437bbb44f72b73ba127e06d8e79\",\"name\":\"admin\",\"image\":{\"@type\":\"ImageObject\",\"inLanguage\":\"tr\",\"@id\":\"https:\\\/\\\/secure.gravatar.com\\\/avatar\\\/ccc17943b9d660506c869530f897617f7cb1c21a4bf30023f252596d83e1f007?s=96&d=mm&r=g\",\"url\":\"https:\\\/\\\/secure.gravatar.com\\\/avatar\\\/ccc17943b9d660506c869530f897617f7cb1c21a4bf30023f252596d83e1f007?s=96&d=mm&r=g\",\"contentUrl\":\"https:\\\/\\\/secure.gravatar.com\\\/avatar\\\/ccc17943b9d660506c869530f897617f7cb1c21a4bf30023f252596d83e1f007?s=96&d=mm&r=g\",\"caption\":\"admin\"},\"sameAs\":[\"https:\\\/\\\/kibrisdakik.com\"],\"url\":\"https:\\\/\\\/kibrisdakik.com\\\/?author=1\"}]}<\/script>\n<!-- \/ Yoast SEO plugin. -->","yoast_head_json":{"title":"\u201c\u00c7ocuklar bizim gelece\u011fimizdir. Sa\u011fl\u0131kl\u0131 bireyler sa\u011fl\u0131kl\u0131 bir toplum olu\u015fturur\u201d -","robots":{"index":"index","follow":"follow","max-snippet":"max-snippet:-1","max-image-preview":"max-image-preview:large","max-video-preview":"max-video-preview:-1"},"canonical":"https:\/\/kibrisdakik.com\/?p=21465","og_locale":"tr_TR","og_type":"article","og_title":"\u201c\u00c7ocuklar bizim gelece\u011fimizdir. Sa\u011fl\u0131kl\u0131 bireyler sa\u011fl\u0131kl\u0131 bir toplum olu\u015fturur\u201d -","og_description":"Sa\u011fl\u0131k Bakanl\u0131\u011f\u0131\u2019na ba\u011fl\u0131 Temel Sa\u011fl\u0131k Hizmetleri Dairesi taraf\u0131ndan Alayk\u00f6y \u0130lkokulu&#8217;nda erken tan\u0131 ve koruyucu hekimlik amac\u0131yla y\u0131ll\u0131k di\u015f tarama etkinli\u011fi d\u00fczenlendi. Sa\u011fl\u0131k Bakanl\u0131\u011f\u0131\u2019ndan verilen bilgiye g\u00f6re, Sa\u011fl\u0131k Bakan\u0131 Hakan Din\u00e7y\u00fcrek, etkinlikte \u00e7ocuklara y\u00f6nelik sa\u011fl\u0131k hizmetlerini yak\u0131ndan inceleyerek, projeye destek verdi. 2024 y\u0131l\u0131nda koruyucu hekimlik ve erken tan\u0131 konusunda daha etkin \u00e7al\u0131\u015fmalar yapacaklar\u0131n\u0131 belirten Din\u00e7y\u00fcrek, \u00e7ocuklar\u0131n","og_url":"https:\/\/kibrisdakik.com\/?p=21465","article_published_time":"2023-12-08T12:01:59+00:00","og_image":[{"width":710,"height":370,"url":"https:\/\/kibrisdakik.com\/wp-content\/uploads\/2023\/12\/cocuklar-bizim-gelecegimizdir-saglikli-bireyler-saglikli-bir-toplum-olusturur-1702036528.webp.webp","type":"image\/webp"}],"author":"admin","twitter_card":"summary_large_image","twitter_misc":{"Yazan:":"admin","Tahmini okuma s\u00fcresi":"1 dakika"},"schema":{"@context":"https:\/\/schema.org","@graph":[{"@type":"Article","@id":"https:\/\/kibrisdakik.com\/?p=21465#article","isPartOf":{"@id":"https:\/\/kibrisdakik.com\/?p=21465"},"author":{"name":"admin","@id":"https:\/\/kibrisdakik.com\/#\/schema\/person\/9cd9d437bbb44f72b73ba127e06d8e79"},"headline":"\u201c\u00c7ocuklar bizim gelece\u011fimizdir. Sa\u011fl\u0131kl\u0131 bireyler sa\u011fl\u0131kl\u0131 bir toplum olu\u015fturur\u201d","datePublished":"2023-12-08T12:01:59+00:00","mainEntityOfPage":{"@id":"https:\/\/kibrisdakik.com\/?p=21465"},"wordCount":279,"commentCount":0,"image":{"@id":"https:\/\/kibrisdakik.com\/?p=21465#primaryimage"},"thumbnailUrl":"https:\/\/kibrisdakik.com\/wp-content\/uploads\/2023\/12\/cocuklar-bizim-gelecegimizdir-saglikli-bireyler-saglikli-bir-toplum-olusturur-1702036528.webp.webp","articleSection":["G\u00fcndem"],"inLanguage":"tr","potentialAction":[{"@type":"CommentAction","name":"Comment","target":["https:\/\/kibrisdakik.com\/?p=21465#respond"]}]},{"@type":"WebPage","@id":"https:\/\/kibrisdakik.com\/?p=21465","url":"https:\/\/kibrisdakik.com\/?p=21465","name":"\u201c\u00c7ocuklar bizim gelece\u011fimizdir. Sa\u011fl\u0131kl\u0131 bireyler sa\u011fl\u0131kl\u0131 bir toplum olu\u015fturur\u201d -","isPartOf":{"@id":"https:\/\/kibrisdakik.com\/#website"},"primaryImageOfPage":{"@id":"https:\/\/kibrisdakik.com\/?p=21465#primaryimage"},"image":{"@id":"https:\/\/kibrisdakik.com\/?p=21465#primaryimage"},"thumbnailUrl":"https:\/\/kibrisdakik.com\/wp-content\/uploads\/2023\/12\/cocuklar-bizim-gelecegimizdir-saglikli-bireyler-saglikli-bir-toplum-olusturur-1702036528.webp.webp","datePublished":"2023-12-08T12:01:59+00:00","author":{"@id":"https:\/\/kibrisdakik.com\/#\/schema\/person\/9cd9d437bbb44f72b73ba127e06d8e79"},"breadcrumb":{"@id":"https:\/\/kibrisdakik.com\/?p=21465#breadcrumb"},"inLanguage":"tr","potentialAction":[{"@type":"ReadAction","target":["https:\/\/kibrisdakik.com\/?p=21465"]}]},{"@type":"ImageObject","inLanguage":"tr","@id":"https:\/\/kibrisdakik.com\/?p=21465#primaryimage","url":"https:\/\/kibrisdakik.com\/wp-content\/uploads\/2023\/12\/cocuklar-bizim-gelecegimizdir-saglikli-bireyler-saglikli-bir-toplum-olusturur-1702036528.webp.webp","contentUrl":"https:\/\/kibrisdakik.com\/wp-content\/uploads\/2023\/12\/cocuklar-bizim-gelecegimizdir-saglikli-bireyler-saglikli-bir-toplum-olusturur-1702036528.webp.webp","width":710,"height":370},{"@type":"BreadcrumbList","@id":"https:\/\/kibrisdakik.com\/?p=21465#breadcrumb","itemListElement":[{"@type":"ListItem","position":1,"name":"Home","item":"https:\/\/kibrisdakik.com\/"},{"@type":"ListItem","position":2,"name":"\u201c\u00c7ocuklar bizim gelece\u011fimizdir. Sa\u011fl\u0131kl\u0131 bireyler sa\u011fl\u0131kl\u0131 bir toplum olu\u015fturur\u201d"}]},{"@type":"WebSite","@id":"https:\/\/kibrisdakik.com\/#website","url":"https:\/\/kibrisdakik.com\/","name":"","description":"Tam vaktinde haber","potentialAction":[{"@type":"SearchAction","target":{"@type":"EntryPoint","urlTemplate":"https:\/\/kibrisdakik.com\/?s={search_term_string}"},"query-input":{"@type":"PropertyValueSpecification","valueRequired":true,"valueName":"search_term_string"}}],"inLanguage":"tr"},{"@type":"Person","@id":"https:\/\/kibrisdakik.com\/#\/schema\/person\/9cd9d437bbb44f72b73ba127e06d8e79","name":"admin","image":{"@type":"ImageObject","inLanguage":"tr","@id":"https:\/\/secure.gravatar.com\/avatar\/ccc17943b9d660506c869530f897617f7cb1c21a4bf30023f252596d83e1f007?s=96&d=mm&r=g","url":"https:\/\/secure.gravatar.com\/avatar\/ccc17943b9d660506c869530f897617f7cb1c21a4bf30023f252596d83e1f007?s=96&d=mm&r=g","contentUrl":"https:\/\/secure.gravatar.com\/avatar\/ccc17943b9d660506c869530f897617f7cb1c21a4bf30023f252596d83e1f007?s=96&d=mm&r=g","caption":"admin"},"sameAs":["https:\/\/kibrisdakik.com"],"url":"https:\/\/kibrisdakik.com\/?author=1"}]}},"_links":{"self":[{"href":"https:\/\/kibrisdakik.com\/index.php?rest_route=\/wp\/v2\/posts\/21465","targetHints":{"allow":["GET"]}}],"collection":[{"href":"https:\/\/kibrisdakik.com\/index.php?rest_route=\/wp\/v2\/posts"}],"about":[{"href":"https:\/\/kibrisdakik.com\/index.php?rest_route=\/wp\/v2\/types\/post"}],"author":[{"embeddable":true,"href":"https:\/\/kibrisdakik.com\/index.php?rest_route=\/wp\/v2\/users\/1"}],"replies":[{"embeddable":true,"href":"https:\/\/kibrisdakik.com\/index.php?rest_route=%2Fwp%2Fv2%2Fcomments&post=21465"}],"version-history":[{"count":0,"href":"https:\/\/kibrisdakik.com\/index.php?rest_route=\/wp\/v2\/posts\/21465\/revisions"}],"wp:featuredmedia":[{"embeddable":true,"href":"https:\/\/kibrisdakik.com\/index.php?rest_route=\/wp\/v2\/media\/21466"}],"wp:attachment":[{"href":"https:\/\/kibrisdakik.com\/index.php?rest_route=%2Fwp%2Fv2%2Fmedia&parent=21465"}],"wp:term":[{"taxonomy":"category","embeddable":true,"href":"https:\/\/kibrisdakik.com\/index.php?rest_route=%2Fwp%2Fv2%2Fcategories&post=21465"},{"taxonomy":"post_tag","embeddable":true,"href":"https:\/\/kibrisdakik.com\/index.php?rest_route=%2Fwp%2Fv2%2Ftags&post=21465"}],"curies":[{"name":"wp","href":"https:\/\/api.w.org\/{rel}","templated":true}]}}