{"id":21491,"date":"2023-12-08T16:05:24","date_gmt":"2023-12-08T16:05:24","guid":{"rendered":"https:\/\/kibrisdakik.com\/index.php\/2023\/12\/08\/israilin-gazzeye-duzenledigi-saldirilarda-olenlerin-sayisi-17-bin-487-kisiye-yukseldi\/"},"modified":"2023-12-08T16:05:24","modified_gmt":"2023-12-08T16:05:24","slug":"israilin-gazzeye-duzenledigi-saldirilarda-olenlerin-sayisi-17-bin-487-kisiye-yukseldi","status":"publish","type":"post","link":"https:\/\/kibrisdakik.com\/?p=21491","title":{"rendered":"\u0130srail&#039;in Gazze&#039;ye d\u00fczenledi\u011fi sald\u0131r\u0131larda \u00f6lenlerin say\u0131s\u0131 17 bin 487 ki\u015fiye y\u00fckseldi"},"content":{"rendered":"<p><img decoding=\"async\" src=\"https:\/\/www.kibristurk.com\/images\/haberler\/2023\/12\/israilin-gazzeye-duzenledigi-saldirilarda-olenlerin-sayisi-17-bin-487-kisiye-yukseldi-1702048060.webp\" \/><\/p>\n<p>Gazze&#8217;deki Sa\u011fl\u0131k Bakanl\u0131\u011f\u0131: \u0130srail&#8217;in sald\u0131r\u0131lar\u0131nda \u00f6lenlerin say\u0131s\u0131 son 24 saatte 310 artarak 17 bin 487 oldu<\/p>\n<p>BM: Sava\u015f, bir b\u00f6lgenin ya\u015fanabilirli\u011fini tehlikeye atmamal\u0131<\/p>\n<p>Birle\u015fmi\u015f Milletler (BM) \u0130nsani \u0130\u015fler Koordinasyon Ofisi (OCHA) S\u00f6zc\u00fcs\u00fc Jens Laerke, AA muhabirinin, BM Cenevre Ofisi&#8217;nin haftal\u0131k bas\u0131n toplant\u0131s\u0131 sonras\u0131, &#8220;\u0130srail&#8217;in ter\u00f6rle m\u00fccadele iddias\u0131yla Gazze&#8217;deki t\u00fcnellere tuzlu su basmay\u0131 planlad\u0131\u011f\u0131 y\u00f6n\u00fcnde haberler var. \u0130srail h\u00fck\u00fcmeti bunu reddetmedi. Gazze topraklar\u0131n\u0131 tuzla verimsizle\u015ftirecek ve su kaynaklar\u0131n\u0131 yok edecek bu t\u00fcr y\u00f6ntemler hakk\u0131nda ne d\u00fc\u015f\u00fcn\u00fcyorsunuz? B\u00f6ylesi y\u00f6ntemler i\u00e7in \u015fimdiden insanl\u0131k ad\u0131na \u0130srail\u2019e bir \u00e7a\u011fr\u0131n\u0131z var m\u0131?&#8221; \u015feklindeki sorusunu yan\u0131tlad\u0131.<\/p>\n<p>\u00c7at\u0131\u015fmalar\u0131n her zaman uluslararas\u0131 insanc\u0131l hukuk, insan haklar\u0131 hukuku ve di\u011fer uluslararas\u0131 belgelere uygun y\u00fcr\u00fct\u00fclmesi \u00e7a\u011fr\u0131s\u0131nda bulunduklar\u0131n\u0131 vurgulayan Laerke, &#8220;Bunun \u00f6zelliklerinden biri de sava\u015f\u0131n, bir b\u00f6lgenin ya\u015fanabilirli\u011fini gelecek nesiller i\u00e7in tehlikeye atmayacak \u015fekilde yap\u0131lmas\u0131d\u0131r. Dolay\u0131s\u0131yla bu endi\u015feler, b\u00f6yle bir operasyonu planlayan herkesin akl\u0131nda yer etmelidir.&#8221; \u015feklinde konu\u015ftu.<\/p>\n<h3>DS\u00d6: (\u0130srail&#8217;in Gazze&#8217;deki t\u00fcnellere su basma plan\u0131 iddias\u0131) Bu ger\u00e7ekle\u015firse sa\u011fl\u0131k durumunu etkileyebilir<\/h3>\n<p>D\u00fcnya Sa\u011fl\u0131k \u00d6rg\u00fct\u00fc (DS\u00d6) S\u00f6zc\u00fcs\u00fc Christian Lindmeier, \u0130srail&#8217;in Gazze&#8217;deki t\u00fcnellere tuzlu su basma plan\u0131yla ilgili iddialara ili\u015fkin, &#8220;Bu ger\u00e7ekle\u015firse Gazze&#8217;deki sa\u011fl\u0131k durumunu etkileyebilir.&#8221; dedi.<\/p>\n<p>Lindmeier, Birle\u015fmi\u015f Milletler (BM) Cenevre Ofisinin haftal\u0131k bas\u0131n toplant\u0131s\u0131nda AA muhabirinin, &#8220;\u0130srail&#8217;in ter\u00f6rle m\u00fccadele iddias\u0131yla Gazze&#8217;deki t\u00fcnellere tuzlu su basmay\u0131 planlad\u0131\u011f\u0131 y\u00f6n\u00fcnde haberler var. \u0130srail h\u00fck\u00fcmeti bunu reddetmedi. Gazze topraklar\u0131n\u0131 tuzla verimsizle\u015ftirecek ve su kaynaklar\u0131n\u0131 yok edecek bu t\u00fcr y\u00f6ntemler hakk\u0131nda ne d\u00fc\u015f\u00fcn\u00fcyorsunuz? B\u00f6ylesi y\u00f6ntemler i\u00e7in \u015fimdiden insanl\u0131k ad\u0131na \u0130srail&#8217;e bir \u00e7a\u011fr\u0131n\u0131z var m\u0131?&#8221; sorusunu yan\u0131tlad\u0131.<\/p>\n<p>Bu iddiay\u0131 do\u011frulayamad\u0131klar\u0131n\u0131 kaydeden Lindmeier, &#8220;Bu ger\u00e7ekle\u015firse Gazze&#8217;deki sa\u011fl\u0131k durumunu etkileyebilir.&#8221; diye konu\u015ftu.<\/p>\n<p>DS\u00d6 olarak ana odak noktalar\u0131n\u0131n Gazze&#8217;deki sa\u011fl\u0131k sistemi ve sahadaki insanlar\u0131n ihtiya\u00e7lar\u0131 oldu\u011funu belirten Lindmeier, &#8220;Gazze tek bir hastaneyi ve tek bir hastane yata\u011f\u0131n\u0131 daha kaybetmeyi kald\u0131ramaz. Sa\u011fl\u0131k \u00e7al\u0131\u015fanlar\u0131n\u0131n ba\u015flar\u0131n\u0131n \u00e7aresine bakmaya yard\u0131mc\u0131 olacak yiyecekleri yok. Yaral\u0131lar yerlerde tedavi ediliyor. Bu art\u0131k bitmeli, bu duyars\u0131zl\u0131\u011fa son verilmeli. \u015eimdi ate\u015fkese ihtiyac\u0131m\u0131z var.&#8221; dedi.<\/p>\n<p>Gazze&#8217;de en temel ihtiya\u00e7lara dahi ula\u015f\u0131lamad\u0131\u011f\u0131n\u0131 vurgulayan Lindmeier, &#8220;Gazze&#8217;de medeniyetin ve toplumun \u00e7\u00f6kmek \u00fczere oldu\u011fu bir seviyedeyiz.&#8221; ifadesini kulland\u0131.<\/p>\n","protected":false},"excerpt":{"rendered":"<p>Gazze&#8217;deki Sa\u011fl\u0131k Bakanl\u0131\u011f\u0131: \u0130srail&#8217;in sald\u0131r\u0131lar\u0131nda \u00f6lenlerin say\u0131s\u0131 son 24 saatte 310 artarak 17 bin 487 oldu BM: Sava\u015f, bir b\u00f6lgenin ya\u015fanabilirli\u011fini tehlikeye atmamal\u0131 Birle\u015fmi\u015f Milletler (BM) \u0130nsani \u0130\u015fler Koordinasyon Ofisi (OCHA) S\u00f6zc\u00fcs\u00fc Jens Laerke, AA muhabirinin, BM Cenevre Ofisi&#8217;nin haftal\u0131k bas\u0131n toplant\u0131s\u0131 sonras\u0131, &#8220;\u0130srail&#8217;in ter\u00f6rle m\u00fccadele iddias\u0131yla Gazze&#8217;deki t\u00fcnellere tuzlu su basmay\u0131 planlad\u0131\u011f\u0131 y\u00f6n\u00fcnde haberler<\/p>\n","protected":false},"author":1,"featured_media":21492,"comment_status":"open","ping_status":"open","sticky":false,"template":"","format":"standard","meta":{"footnotes":""},"categories":[1],"tags":[],"class_list":["post-21491","post","type-post","status-publish","format-standard","has-post-thumbnail","hentry","category-gundem"],"yoast_head":"<!-- This site is optimized with the Yoast SEO plugin v27.4 - https:\/\/yoast.com\/product\/yoast-seo-wordpress\/ -->\n<title>\u0130srail&#039;in Gazze&#039;ye d\u00fczenledi\u011fi sald\u0131r\u0131larda \u00f6lenlerin say\u0131s\u0131 17 bin 487 ki\u015fiye y\u00fckseldi -<\/title>\n<meta name=\"robots\" content=\"index, follow, max-snippet:-1, max-image-preview:large, max-video-preview:-1\" \/>\n<link rel=\"canonical\" href=\"https:\/\/kibrisdakik.com\/?p=21491\" \/>\n<meta property=\"og:locale\" content=\"tr_TR\" \/>\n<meta property=\"og:type\" content=\"article\" \/>\n<meta property=\"og:title\" content=\"\u0130srail&#039;in Gazze&#039;ye d\u00fczenledi\u011fi sald\u0131r\u0131larda \u00f6lenlerin say\u0131s\u0131 17 bin 487 ki\u015fiye y\u00fckseldi -\" \/>\n<meta property=\"og:description\" content=\"Gazze&#8217;deki Sa\u011fl\u0131k Bakanl\u0131\u011f\u0131: \u0130srail&#8217;in sald\u0131r\u0131lar\u0131nda \u00f6lenlerin say\u0131s\u0131 son 24 saatte 310 artarak 17 bin 487 oldu BM: Sava\u015f, bir b\u00f6lgenin ya\u015fanabilirli\u011fini tehlikeye atmamal\u0131 Birle\u015fmi\u015f Milletler (BM) \u0130nsani \u0130\u015fler Koordinasyon Ofisi (OCHA) S\u00f6zc\u00fcs\u00fc Jens Laerke, AA muhabirinin, BM Cenevre Ofisi&#8217;nin haftal\u0131k bas\u0131n toplant\u0131s\u0131 sonras\u0131, &#8220;\u0130srail&#8217;in ter\u00f6rle m\u00fccadele iddias\u0131yla Gazze&#8217;deki t\u00fcnellere tuzlu su basmay\u0131 planlad\u0131\u011f\u0131 y\u00f6n\u00fcnde haberler\" \/>\n<meta property=\"og:url\" content=\"https:\/\/kibrisdakik.com\/?p=21491\" \/>\n<meta property=\"article:published_time\" content=\"2023-12-08T16:05:24+00:00\" \/>\n<meta property=\"og:image\" content=\"https:\/\/kibrisdakik.com\/wp-content\/uploads\/2023\/12\/israilin-gazzeye-duzenledigi-saldirilarda-olenlerin-sayisi-17-bin-487-kisiye-yukseldi-1702048060.webp.webp\" \/>\n\t<meta property=\"og:image:width\" content=\"710\" \/>\n\t<meta property=\"og:image:height\" content=\"370\" \/>\n\t<meta property=\"og:image:type\" content=\"image\/webp\" \/>\n<meta name=\"author\" content=\"admin\" \/>\n<meta name=\"twitter:card\" content=\"summary_large_image\" \/>\n<meta name=\"twitter:label1\" content=\"Yazan:\" \/>\n\t<meta name=\"twitter:data1\" content=\"admin\" \/>\n\t<meta name=\"twitter:label2\" content=\"Tahmini okuma s\u00fcresi\" \/>\n\t<meta name=\"twitter:data2\" content=\"2 dakika\" \/>\n<script type=\"application\/ld+json\" class=\"yoast-schema-graph\">{\"@context\":\"https:\\\/\\\/schema.org\",\"@graph\":[{\"@type\":\"Article\",\"@id\":\"https:\\\/\\\/kibrisdakik.com\\\/?p=21491#article\",\"isPartOf\":{\"@id\":\"https:\\\/\\\/kibrisdakik.com\\\/?p=21491\"},\"author\":{\"name\":\"admin\",\"@id\":\"https:\\\/\\\/kibrisdakik.com\\\/#\\\/schema\\\/person\\\/9cd9d437bbb44f72b73ba127e06d8e79\"},\"headline\":\"\u0130srail&#039;in Gazze&#039;ye d\u00fczenledi\u011fi sald\u0131r\u0131larda \u00f6lenlerin say\u0131s\u0131 17 bin 487 ki\u015fiye y\u00fckseldi\",\"datePublished\":\"2023-12-08T16:05:24+00:00\",\"mainEntityOfPage\":{\"@id\":\"https:\\\/\\\/kibrisdakik.com\\\/?p=21491\"},\"wordCount\":478,\"commentCount\":0,\"image\":{\"@id\":\"https:\\\/\\\/kibrisdakik.com\\\/?p=21491#primaryimage\"},\"thumbnailUrl\":\"https:\\\/\\\/kibrisdakik.com\\\/wp-content\\\/uploads\\\/2023\\\/12\\\/israilin-gazzeye-duzenledigi-saldirilarda-olenlerin-sayisi-17-bin-487-kisiye-yukseldi-1702048060.webp.webp\",\"articleSection\":[\"G\u00fcndem\"],\"inLanguage\":\"tr\",\"potentialAction\":[{\"@type\":\"CommentAction\",\"name\":\"Comment\",\"target\":[\"https:\\\/\\\/kibrisdakik.com\\\/?p=21491#respond\"]}]},{\"@type\":\"WebPage\",\"@id\":\"https:\\\/\\\/kibrisdakik.com\\\/?p=21491\",\"url\":\"https:\\\/\\\/kibrisdakik.com\\\/?p=21491\",\"name\":\"\u0130srail&#039;in Gazze&#039;ye d\u00fczenledi\u011fi sald\u0131r\u0131larda \u00f6lenlerin say\u0131s\u0131 17 bin 487 ki\u015fiye y\u00fckseldi -\",\"isPartOf\":{\"@id\":\"https:\\\/\\\/kibrisdakik.com\\\/#website\"},\"primaryImageOfPage\":{\"@id\":\"https:\\\/\\\/kibrisdakik.com\\\/?p=21491#primaryimage\"},\"image\":{\"@id\":\"https:\\\/\\\/kibrisdakik.com\\\/?p=21491#primaryimage\"},\"thumbnailUrl\":\"https:\\\/\\\/kibrisdakik.com\\\/wp-content\\\/uploads\\\/2023\\\/12\\\/israilin-gazzeye-duzenledigi-saldirilarda-olenlerin-sayisi-17-bin-487-kisiye-yukseldi-1702048060.webp.webp\",\"datePublished\":\"2023-12-08T16:05:24+00:00\",\"author\":{\"@id\":\"https:\\\/\\\/kibrisdakik.com\\\/#\\\/schema\\\/person\\\/9cd9d437bbb44f72b73ba127e06d8e79\"},\"breadcrumb\":{\"@id\":\"https:\\\/\\\/kibrisdakik.com\\\/?p=21491#breadcrumb\"},\"inLanguage\":\"tr\",\"potentialAction\":[{\"@type\":\"ReadAction\",\"target\":[\"https:\\\/\\\/kibrisdakik.com\\\/?p=21491\"]}]},{\"@type\":\"ImageObject\",\"inLanguage\":\"tr\",\"@id\":\"https:\\\/\\\/kibrisdakik.com\\\/?p=21491#primaryimage\",\"url\":\"https:\\\/\\\/kibrisdakik.com\\\/wp-content\\\/uploads\\\/2023\\\/12\\\/israilin-gazzeye-duzenledigi-saldirilarda-olenlerin-sayisi-17-bin-487-kisiye-yukseldi-1702048060.webp.webp\",\"contentUrl\":\"https:\\\/\\\/kibrisdakik.com\\\/wp-content\\\/uploads\\\/2023\\\/12\\\/israilin-gazzeye-duzenledigi-saldirilarda-olenlerin-sayisi-17-bin-487-kisiye-yukseldi-1702048060.webp.webp\",\"width\":710,\"height\":370},{\"@type\":\"BreadcrumbList\",\"@id\":\"https:\\\/\\\/kibrisdakik.com\\\/?p=21491#breadcrumb\",\"itemListElement\":[{\"@type\":\"ListItem\",\"position\":1,\"name\":\"Home\",\"item\":\"https:\\\/\\\/kibrisdakik.com\\\/\"},{\"@type\":\"ListItem\",\"position\":2,\"name\":\"\u0130srail&#039;in Gazze&#039;ye d\u00fczenledi\u011fi sald\u0131r\u0131larda \u00f6lenlerin say\u0131s\u0131 17 bin 487 ki\u015fiye y\u00fckseldi\"}]},{\"@type\":\"WebSite\",\"@id\":\"https:\\\/\\\/kibrisdakik.com\\\/#website\",\"url\":\"https:\\\/\\\/kibrisdakik.com\\\/\",\"name\":\"\",\"description\":\"Tam vaktinde haber\",\"potentialAction\":[{\"@type\":\"SearchAction\",\"target\":{\"@type\":\"EntryPoint\",\"urlTemplate\":\"https:\\\/\\\/kibrisdakik.com\\\/?s={search_term_string}\"},\"query-input\":{\"@type\":\"PropertyValueSpecification\",\"valueRequired\":true,\"valueName\":\"search_term_string\"}}],\"inLanguage\":\"tr\"},{\"@type\":\"Person\",\"@id\":\"https:\\\/\\\/kibrisdakik.com\\\/#\\\/schema\\\/person\\\/9cd9d437bbb44f72b73ba127e06d8e79\",\"name\":\"admin\",\"image\":{\"@type\":\"ImageObject\",\"inLanguage\":\"tr\",\"@id\":\"https:\\\/\\\/secure.gravatar.com\\\/avatar\\\/ccc17943b9d660506c869530f897617f7cb1c21a4bf30023f252596d83e1f007?s=96&d=mm&r=g\",\"url\":\"https:\\\/\\\/secure.gravatar.com\\\/avatar\\\/ccc17943b9d660506c869530f897617f7cb1c21a4bf30023f252596d83e1f007?s=96&d=mm&r=g\",\"contentUrl\":\"https:\\\/\\\/secure.gravatar.com\\\/avatar\\\/ccc17943b9d660506c869530f897617f7cb1c21a4bf30023f252596d83e1f007?s=96&d=mm&r=g\",\"caption\":\"admin\"},\"sameAs\":[\"https:\\\/\\\/kibrisdakik.com\"],\"url\":\"https:\\\/\\\/kibrisdakik.com\\\/?author=1\"}]}<\/script>\n<!-- \/ Yoast SEO plugin. -->","yoast_head_json":{"title":"\u0130srail&#039;in Gazze&#039;ye d\u00fczenledi\u011fi sald\u0131r\u0131larda \u00f6lenlerin say\u0131s\u0131 17 bin 487 ki\u015fiye y\u00fckseldi -","robots":{"index":"index","follow":"follow","max-snippet":"max-snippet:-1","max-image-preview":"max-image-preview:large","max-video-preview":"max-video-preview:-1"},"canonical":"https:\/\/kibrisdakik.com\/?p=21491","og_locale":"tr_TR","og_type":"article","og_title":"\u0130srail&#039;in Gazze&#039;ye d\u00fczenledi\u011fi sald\u0131r\u0131larda \u00f6lenlerin say\u0131s\u0131 17 bin 487 ki\u015fiye y\u00fckseldi -","og_description":"Gazze&#8217;deki Sa\u011fl\u0131k Bakanl\u0131\u011f\u0131: \u0130srail&#8217;in sald\u0131r\u0131lar\u0131nda \u00f6lenlerin say\u0131s\u0131 son 24 saatte 310 artarak 17 bin 487 oldu BM: Sava\u015f, bir b\u00f6lgenin ya\u015fanabilirli\u011fini tehlikeye atmamal\u0131 Birle\u015fmi\u015f Milletler (BM) \u0130nsani \u0130\u015fler Koordinasyon Ofisi (OCHA) S\u00f6zc\u00fcs\u00fc Jens Laerke, AA muhabirinin, BM Cenevre Ofisi&#8217;nin haftal\u0131k bas\u0131n toplant\u0131s\u0131 sonras\u0131, &#8220;\u0130srail&#8217;in ter\u00f6rle m\u00fccadele iddias\u0131yla Gazze&#8217;deki t\u00fcnellere tuzlu su basmay\u0131 planlad\u0131\u011f\u0131 y\u00f6n\u00fcnde haberler","og_url":"https:\/\/kibrisdakik.com\/?p=21491","article_published_time":"2023-12-08T16:05:24+00:00","og_image":[{"width":710,"height":370,"url":"https:\/\/kibrisdakik.com\/wp-content\/uploads\/2023\/12\/israilin-gazzeye-duzenledigi-saldirilarda-olenlerin-sayisi-17-bin-487-kisiye-yukseldi-1702048060.webp.webp","type":"image\/webp"}],"author":"admin","twitter_card":"summary_large_image","twitter_misc":{"Yazan:":"admin","Tahmini okuma s\u00fcresi":"2 dakika"},"schema":{"@context":"https:\/\/schema.org","@graph":[{"@type":"Article","@id":"https:\/\/kibrisdakik.com\/?p=21491#article","isPartOf":{"@id":"https:\/\/kibrisdakik.com\/?p=21491"},"author":{"name":"admin","@id":"https:\/\/kibrisdakik.com\/#\/schema\/person\/9cd9d437bbb44f72b73ba127e06d8e79"},"headline":"\u0130srail&#039;in Gazze&#039;ye d\u00fczenledi\u011fi sald\u0131r\u0131larda \u00f6lenlerin say\u0131s\u0131 17 bin 487 ki\u015fiye y\u00fckseldi","datePublished":"2023-12-08T16:05:24+00:00","mainEntityOfPage":{"@id":"https:\/\/kibrisdakik.com\/?p=21491"},"wordCount":478,"commentCount":0,"image":{"@id":"https:\/\/kibrisdakik.com\/?p=21491#primaryimage"},"thumbnailUrl":"https:\/\/kibrisdakik.com\/wp-content\/uploads\/2023\/12\/israilin-gazzeye-duzenledigi-saldirilarda-olenlerin-sayisi-17-bin-487-kisiye-yukseldi-1702048060.webp.webp","articleSection":["G\u00fcndem"],"inLanguage":"tr","potentialAction":[{"@type":"CommentAction","name":"Comment","target":["https:\/\/kibrisdakik.com\/?p=21491#respond"]}]},{"@type":"WebPage","@id":"https:\/\/kibrisdakik.com\/?p=21491","url":"https:\/\/kibrisdakik.com\/?p=21491","name":"\u0130srail&#039;in Gazze&#039;ye d\u00fczenledi\u011fi sald\u0131r\u0131larda \u00f6lenlerin say\u0131s\u0131 17 bin 487 ki\u015fiye y\u00fckseldi -","isPartOf":{"@id":"https:\/\/kibrisdakik.com\/#website"},"primaryImageOfPage":{"@id":"https:\/\/kibrisdakik.com\/?p=21491#primaryimage"},"image":{"@id":"https:\/\/kibrisdakik.com\/?p=21491#primaryimage"},"thumbnailUrl":"https:\/\/kibrisdakik.com\/wp-content\/uploads\/2023\/12\/israilin-gazzeye-duzenledigi-saldirilarda-olenlerin-sayisi-17-bin-487-kisiye-yukseldi-1702048060.webp.webp","datePublished":"2023-12-08T16:05:24+00:00","author":{"@id":"https:\/\/kibrisdakik.com\/#\/schema\/person\/9cd9d437bbb44f72b73ba127e06d8e79"},"breadcrumb":{"@id":"https:\/\/kibrisdakik.com\/?p=21491#breadcrumb"},"inLanguage":"tr","potentialAction":[{"@type":"ReadAction","target":["https:\/\/kibrisdakik.com\/?p=21491"]}]},{"@type":"ImageObject","inLanguage":"tr","@id":"https:\/\/kibrisdakik.com\/?p=21491#primaryimage","url":"https:\/\/kibrisdakik.com\/wp-content\/uploads\/2023\/12\/israilin-gazzeye-duzenledigi-saldirilarda-olenlerin-sayisi-17-bin-487-kisiye-yukseldi-1702048060.webp.webp","contentUrl":"https:\/\/kibrisdakik.com\/wp-content\/uploads\/2023\/12\/israilin-gazzeye-duzenledigi-saldirilarda-olenlerin-sayisi-17-bin-487-kisiye-yukseldi-1702048060.webp.webp","width":710,"height":370},{"@type":"BreadcrumbList","@id":"https:\/\/kibrisdakik.com\/?p=21491#breadcrumb","itemListElement":[{"@type":"ListItem","position":1,"name":"Home","item":"https:\/\/kibrisdakik.com\/"},{"@type":"ListItem","position":2,"name":"\u0130srail&#039;in Gazze&#039;ye d\u00fczenledi\u011fi sald\u0131r\u0131larda \u00f6lenlerin say\u0131s\u0131 17 bin 487 ki\u015fiye y\u00fckseldi"}]},{"@type":"WebSite","@id":"https:\/\/kibrisdakik.com\/#website","url":"https:\/\/kibrisdakik.com\/","name":"","description":"Tam vaktinde haber","potentialAction":[{"@type":"SearchAction","target":{"@type":"EntryPoint","urlTemplate":"https:\/\/kibrisdakik.com\/?s={search_term_string}"},"query-input":{"@type":"PropertyValueSpecification","valueRequired":true,"valueName":"search_term_string"}}],"inLanguage":"tr"},{"@type":"Person","@id":"https:\/\/kibrisdakik.com\/#\/schema\/person\/9cd9d437bbb44f72b73ba127e06d8e79","name":"admin","image":{"@type":"ImageObject","inLanguage":"tr","@id":"https:\/\/secure.gravatar.com\/avatar\/ccc17943b9d660506c869530f897617f7cb1c21a4bf30023f252596d83e1f007?s=96&d=mm&r=g","url":"https:\/\/secure.gravatar.com\/avatar\/ccc17943b9d660506c869530f897617f7cb1c21a4bf30023f252596d83e1f007?s=96&d=mm&r=g","contentUrl":"https:\/\/secure.gravatar.com\/avatar\/ccc17943b9d660506c869530f897617f7cb1c21a4bf30023f252596d83e1f007?s=96&d=mm&r=g","caption":"admin"},"sameAs":["https:\/\/kibrisdakik.com"],"url":"https:\/\/kibrisdakik.com\/?author=1"}]}},"_links":{"self":[{"href":"https:\/\/kibrisdakik.com\/index.php?rest_route=\/wp\/v2\/posts\/21491","targetHints":{"allow":["GET"]}}],"collection":[{"href":"https:\/\/kibrisdakik.com\/index.php?rest_route=\/wp\/v2\/posts"}],"about":[{"href":"https:\/\/kibrisdakik.com\/index.php?rest_route=\/wp\/v2\/types\/post"}],"author":[{"embeddable":true,"href":"https:\/\/kibrisdakik.com\/index.php?rest_route=\/wp\/v2\/users\/1"}],"replies":[{"embeddable":true,"href":"https:\/\/kibrisdakik.com\/index.php?rest_route=%2Fwp%2Fv2%2Fcomments&post=21491"}],"version-history":[{"count":0,"href":"https:\/\/kibrisdakik.com\/index.php?rest_route=\/wp\/v2\/posts\/21491\/revisions"}],"wp:featuredmedia":[{"embeddable":true,"href":"https:\/\/kibrisdakik.com\/index.php?rest_route=\/wp\/v2\/media\/21492"}],"wp:attachment":[{"href":"https:\/\/kibrisdakik.com\/index.php?rest_route=%2Fwp%2Fv2%2Fmedia&parent=21491"}],"wp:term":[{"taxonomy":"category","embeddable":true,"href":"https:\/\/kibrisdakik.com\/index.php?rest_route=%2Fwp%2Fv2%2Fcategories&post=21491"},{"taxonomy":"post_tag","embeddable":true,"href":"https:\/\/kibrisdakik.com\/index.php?rest_route=%2Fwp%2Fv2%2Ftags&post=21491"}],"curies":[{"name":"wp","href":"https:\/\/api.w.org\/{rel}","templated":true}]}}