{"id":21590,"date":"2023-12-10T07:58:00","date_gmt":"2023-12-10T07:58:00","guid":{"rendered":"https:\/\/kibrisdakik.com\/index.php\/2023\/12\/10\/girnede-kaza-bordur-taslarina-carpan-alkollu-arac-surucusu-tutuklandi\/"},"modified":"2023-12-10T07:58:00","modified_gmt":"2023-12-10T07:58:00","slug":"girnede-kaza-bordur-taslarina-carpan-alkollu-arac-surucusu-tutuklandi","status":"publish","type":"post","link":"https:\/\/kibrisdakik.com\/?p=21590","title":{"rendered":"Girne\u2019de kaza: Bord\u00fcr ta\u015flar\u0131na \u00e7arpan alkoll\u00fc ara\u00e7 s\u00fcr\u00fcc\u00fcs\u00fc tutukland\u0131"},"content":{"rendered":"<p><img decoding=\"async\" src=\"https:\/\/www.kibristurk.com\/images\/haberler\/2023\/12\/girnede-kaza-bordur-taslarina-carpan-alkollu-arac-surucusu-tutuklandi-1702195237.webp\" \/><\/p>\n<p>Polis Bas\u0131n Subayl\u0131\u011f\u0131\u2019ndan yap\u0131lan a\u00e7\u0131klamaya g\u00f6re, sabaha kar\u015f\u0131 saat 04.30 s\u0131ralar\u0131nda, Girne\u2019de Karao\u011flano\u011flu Caddesi \u00fczerinde, Ahmet Keskin (E-23) 122 miligram alkoll\u00fc i\u00e7ki tesiri alt\u0131nda, y\u00f6netimindeki PS 862 plakal\u0131 salon ara\u00e7 ile do\u011fu istikametine do\u011fru seyretti\u011fi s\u0131rada sola meyilli viraja geldi\u011finde, dikkatsizli\u011fi sonucu yolun sa\u011f\u0131ndan \u00e7\u0131km\u0131\u015f ve yol kenar\u0131ndaki bord\u00fcr ta\u015flar\u0131na \u00e7arpt\u0131.&nbsp;<\/p>\n<p>Kaza sonucu yaralanan olmad\u0131. Ara\u00e7 s\u00fcr\u00fcc\u00fcs\u00fc Ahmet Keskin tutukland\u0131.&nbsp;<\/p>\n<p>Soru\u015fturma devam ediyor.&nbsp;<\/p>\n<p>&nbsp;<\/p>\n<p>&nbsp;<\/p>\n","protected":false},"excerpt":{"rendered":"<p>Polis Bas\u0131n Subayl\u0131\u011f\u0131\u2019ndan yap\u0131lan a\u00e7\u0131klamaya g\u00f6re, sabaha kar\u015f\u0131 saat 04.30 s\u0131ralar\u0131nda, Girne\u2019de Karao\u011flano\u011flu Caddesi \u00fczerinde, Ahmet Keskin (E-23) 122 miligram alkoll\u00fc i\u00e7ki tesiri alt\u0131nda, y\u00f6netimindeki PS 862 plakal\u0131 salon ara\u00e7 ile do\u011fu istikametine do\u011fru seyretti\u011fi s\u0131rada sola meyilli viraja geldi\u011finde, dikkatsizli\u011fi sonucu yolun sa\u011f\u0131ndan \u00e7\u0131km\u0131\u015f ve yol kenar\u0131ndaki bord\u00fcr ta\u015flar\u0131na \u00e7arpt\u0131.&nbsp; Kaza sonucu yaralanan olmad\u0131.<\/p>\n","protected":false},"author":1,"featured_media":21591,"comment_status":"open","ping_status":"open","sticky":false,"template":"","format":"standard","meta":{"footnotes":""},"categories":[1],"tags":[],"class_list":["post-21590","post","type-post","status-publish","format-standard","has-post-thumbnail","hentry","category-gundem"],"yoast_head":"<!-- This site is optimized with the Yoast SEO plugin v27.5 - https:\/\/yoast.com\/product\/yoast-seo-wordpress\/ -->\n<title>Girne\u2019de kaza: Bord\u00fcr ta\u015flar\u0131na \u00e7arpan alkoll\u00fc ara\u00e7 s\u00fcr\u00fcc\u00fcs\u00fc tutukland\u0131 -<\/title>\n<meta name=\"robots\" content=\"index, follow, max-snippet:-1, max-image-preview:large, max-video-preview:-1\" \/>\n<link rel=\"canonical\" href=\"https:\/\/kibrisdakik.com\/?p=21590\" \/>\n<meta property=\"og:locale\" content=\"tr_TR\" \/>\n<meta property=\"og:type\" content=\"article\" \/>\n<meta property=\"og:title\" content=\"Girne\u2019de kaza: Bord\u00fcr ta\u015flar\u0131na \u00e7arpan alkoll\u00fc ara\u00e7 s\u00fcr\u00fcc\u00fcs\u00fc tutukland\u0131 -\" \/>\n<meta property=\"og:description\" content=\"Polis Bas\u0131n Subayl\u0131\u011f\u0131\u2019ndan yap\u0131lan a\u00e7\u0131klamaya g\u00f6re, sabaha kar\u015f\u0131 saat 04.30 s\u0131ralar\u0131nda, Girne\u2019de Karao\u011flano\u011flu Caddesi \u00fczerinde, Ahmet Keskin (E-23) 122 miligram alkoll\u00fc i\u00e7ki tesiri alt\u0131nda, y\u00f6netimindeki PS 862 plakal\u0131 salon ara\u00e7 ile do\u011fu istikametine do\u011fru seyretti\u011fi s\u0131rada sola meyilli viraja geldi\u011finde, dikkatsizli\u011fi sonucu yolun sa\u011f\u0131ndan \u00e7\u0131km\u0131\u015f ve yol kenar\u0131ndaki bord\u00fcr ta\u015flar\u0131na \u00e7arpt\u0131.&nbsp; Kaza sonucu yaralanan olmad\u0131.\" \/>\n<meta property=\"og:url\" content=\"https:\/\/kibrisdakik.com\/?p=21590\" \/>\n<meta property=\"article:published_time\" content=\"2023-12-10T07:58:00+00:00\" \/>\n<meta property=\"og:image\" content=\"https:\/\/kibrisdakik.com\/wp-content\/uploads\/2023\/12\/girnede-kaza-bordur-taslarina-carpan-alkollu-arac-surucusu-tutuklandi-1702195237.webp.webp\" \/>\n\t<meta property=\"og:image:width\" content=\"710\" \/>\n\t<meta property=\"og:image:height\" content=\"370\" \/>\n\t<meta property=\"og:image:type\" content=\"image\/webp\" \/>\n<meta name=\"author\" content=\"admin\" \/>\n<meta name=\"twitter:card\" content=\"summary_large_image\" \/>\n<meta name=\"twitter:label1\" content=\"Yazan:\" \/>\n\t<meta name=\"twitter:data1\" content=\"admin\" \/>\n<script type=\"application\/ld+json\" class=\"yoast-schema-graph\">{\"@context\":\"https:\\\/\\\/schema.org\",\"@graph\":[{\"@type\":\"Article\",\"@id\":\"https:\\\/\\\/kibrisdakik.com\\\/?p=21590#article\",\"isPartOf\":{\"@id\":\"https:\\\/\\\/kibrisdakik.com\\\/?p=21590\"},\"author\":{\"name\":\"admin\",\"@id\":\"https:\\\/\\\/kibrisdakik.com\\\/#\\\/schema\\\/person\\\/9cd9d437bbb44f72b73ba127e06d8e79\"},\"headline\":\"Girne\u2019de kaza: Bord\u00fcr ta\u015flar\u0131na \u00e7arpan alkoll\u00fc ara\u00e7 s\u00fcr\u00fcc\u00fcs\u00fc tutukland\u0131\",\"datePublished\":\"2023-12-10T07:58:00+00:00\",\"mainEntityOfPage\":{\"@id\":\"https:\\\/\\\/kibrisdakik.com\\\/?p=21590\"},\"wordCount\":109,\"commentCount\":0,\"image\":{\"@id\":\"https:\\\/\\\/kibrisdakik.com\\\/?p=21590#primaryimage\"},\"thumbnailUrl\":\"https:\\\/\\\/kibrisdakik.com\\\/wp-content\\\/uploads\\\/2023\\\/12\\\/girnede-kaza-bordur-taslarina-carpan-alkollu-arac-surucusu-tutuklandi-1702195237.webp.webp\",\"articleSection\":[\"G\u00fcndem\"],\"inLanguage\":\"tr\",\"potentialAction\":[{\"@type\":\"CommentAction\",\"name\":\"Comment\",\"target\":[\"https:\\\/\\\/kibrisdakik.com\\\/?p=21590#respond\"]}]},{\"@type\":\"WebPage\",\"@id\":\"https:\\\/\\\/kibrisdakik.com\\\/?p=21590\",\"url\":\"https:\\\/\\\/kibrisdakik.com\\\/?p=21590\",\"name\":\"Girne\u2019de kaza: Bord\u00fcr ta\u015flar\u0131na \u00e7arpan alkoll\u00fc ara\u00e7 s\u00fcr\u00fcc\u00fcs\u00fc tutukland\u0131 -\",\"isPartOf\":{\"@id\":\"https:\\\/\\\/kibrisdakik.com\\\/#website\"},\"primaryImageOfPage\":{\"@id\":\"https:\\\/\\\/kibrisdakik.com\\\/?p=21590#primaryimage\"},\"image\":{\"@id\":\"https:\\\/\\\/kibrisdakik.com\\\/?p=21590#primaryimage\"},\"thumbnailUrl\":\"https:\\\/\\\/kibrisdakik.com\\\/wp-content\\\/uploads\\\/2023\\\/12\\\/girnede-kaza-bordur-taslarina-carpan-alkollu-arac-surucusu-tutuklandi-1702195237.webp.webp\",\"datePublished\":\"2023-12-10T07:58:00+00:00\",\"author\":{\"@id\":\"https:\\\/\\\/kibrisdakik.com\\\/#\\\/schema\\\/person\\\/9cd9d437bbb44f72b73ba127e06d8e79\"},\"breadcrumb\":{\"@id\":\"https:\\\/\\\/kibrisdakik.com\\\/?p=21590#breadcrumb\"},\"inLanguage\":\"tr\",\"potentialAction\":[{\"@type\":\"ReadAction\",\"target\":[\"https:\\\/\\\/kibrisdakik.com\\\/?p=21590\"]}]},{\"@type\":\"ImageObject\",\"inLanguage\":\"tr\",\"@id\":\"https:\\\/\\\/kibrisdakik.com\\\/?p=21590#primaryimage\",\"url\":\"https:\\\/\\\/kibrisdakik.com\\\/wp-content\\\/uploads\\\/2023\\\/12\\\/girnede-kaza-bordur-taslarina-carpan-alkollu-arac-surucusu-tutuklandi-1702195237.webp.webp\",\"contentUrl\":\"https:\\\/\\\/kibrisdakik.com\\\/wp-content\\\/uploads\\\/2023\\\/12\\\/girnede-kaza-bordur-taslarina-carpan-alkollu-arac-surucusu-tutuklandi-1702195237.webp.webp\",\"width\":710,\"height\":370},{\"@type\":\"BreadcrumbList\",\"@id\":\"https:\\\/\\\/kibrisdakik.com\\\/?p=21590#breadcrumb\",\"itemListElement\":[{\"@type\":\"ListItem\",\"position\":1,\"name\":\"Home\",\"item\":\"https:\\\/\\\/kibrisdakik.com\\\/\"},{\"@type\":\"ListItem\",\"position\":2,\"name\":\"Girne\u2019de kaza: Bord\u00fcr ta\u015flar\u0131na \u00e7arpan alkoll\u00fc ara\u00e7 s\u00fcr\u00fcc\u00fcs\u00fc tutukland\u0131\"}]},{\"@type\":\"WebSite\",\"@id\":\"https:\\\/\\\/kibrisdakik.com\\\/#website\",\"url\":\"https:\\\/\\\/kibrisdakik.com\\\/\",\"name\":\"\",\"description\":\"Tam vaktinde haber\",\"potentialAction\":[{\"@type\":\"SearchAction\",\"target\":{\"@type\":\"EntryPoint\",\"urlTemplate\":\"https:\\\/\\\/kibrisdakik.com\\\/?s={search_term_string}\"},\"query-input\":{\"@type\":\"PropertyValueSpecification\",\"valueRequired\":true,\"valueName\":\"search_term_string\"}}],\"inLanguage\":\"tr\"},{\"@type\":\"Person\",\"@id\":\"https:\\\/\\\/kibrisdakik.com\\\/#\\\/schema\\\/person\\\/9cd9d437bbb44f72b73ba127e06d8e79\",\"name\":\"admin\",\"image\":{\"@type\":\"ImageObject\",\"inLanguage\":\"tr\",\"@id\":\"https:\\\/\\\/secure.gravatar.com\\\/avatar\\\/ccc17943b9d660506c869530f897617f7cb1c21a4bf30023f252596d83e1f007?s=96&d=mm&r=g\",\"url\":\"https:\\\/\\\/secure.gravatar.com\\\/avatar\\\/ccc17943b9d660506c869530f897617f7cb1c21a4bf30023f252596d83e1f007?s=96&d=mm&r=g\",\"contentUrl\":\"https:\\\/\\\/secure.gravatar.com\\\/avatar\\\/ccc17943b9d660506c869530f897617f7cb1c21a4bf30023f252596d83e1f007?s=96&d=mm&r=g\",\"caption\":\"admin\"},\"sameAs\":[\"https:\\\/\\\/kibrisdakik.com\"],\"url\":\"https:\\\/\\\/kibrisdakik.com\\\/?author=1\"}]}<\/script>\n<!-- \/ Yoast SEO plugin. -->","yoast_head_json":{"title":"Girne\u2019de kaza: Bord\u00fcr ta\u015flar\u0131na \u00e7arpan alkoll\u00fc ara\u00e7 s\u00fcr\u00fcc\u00fcs\u00fc tutukland\u0131 -","robots":{"index":"index","follow":"follow","max-snippet":"max-snippet:-1","max-image-preview":"max-image-preview:large","max-video-preview":"max-video-preview:-1"},"canonical":"https:\/\/kibrisdakik.com\/?p=21590","og_locale":"tr_TR","og_type":"article","og_title":"Girne\u2019de kaza: Bord\u00fcr ta\u015flar\u0131na \u00e7arpan alkoll\u00fc ara\u00e7 s\u00fcr\u00fcc\u00fcs\u00fc tutukland\u0131 -","og_description":"Polis Bas\u0131n Subayl\u0131\u011f\u0131\u2019ndan yap\u0131lan a\u00e7\u0131klamaya g\u00f6re, sabaha kar\u015f\u0131 saat 04.30 s\u0131ralar\u0131nda, Girne\u2019de Karao\u011flano\u011flu Caddesi \u00fczerinde, Ahmet Keskin (E-23) 122 miligram alkoll\u00fc i\u00e7ki tesiri alt\u0131nda, y\u00f6netimindeki PS 862 plakal\u0131 salon ara\u00e7 ile do\u011fu istikametine do\u011fru seyretti\u011fi s\u0131rada sola meyilli viraja geldi\u011finde, dikkatsizli\u011fi sonucu yolun sa\u011f\u0131ndan \u00e7\u0131km\u0131\u015f ve yol kenar\u0131ndaki bord\u00fcr ta\u015flar\u0131na \u00e7arpt\u0131.&nbsp; Kaza sonucu yaralanan olmad\u0131.","og_url":"https:\/\/kibrisdakik.com\/?p=21590","article_published_time":"2023-12-10T07:58:00+00:00","og_image":[{"width":710,"height":370,"url":"https:\/\/kibrisdakik.com\/wp-content\/uploads\/2023\/12\/girnede-kaza-bordur-taslarina-carpan-alkollu-arac-surucusu-tutuklandi-1702195237.webp.webp","type":"image\/webp"}],"author":"admin","twitter_card":"summary_large_image","twitter_misc":{"Yazan:":"admin"},"schema":{"@context":"https:\/\/schema.org","@graph":[{"@type":"Article","@id":"https:\/\/kibrisdakik.com\/?p=21590#article","isPartOf":{"@id":"https:\/\/kibrisdakik.com\/?p=21590"},"author":{"name":"admin","@id":"https:\/\/kibrisdakik.com\/#\/schema\/person\/9cd9d437bbb44f72b73ba127e06d8e79"},"headline":"Girne\u2019de kaza: Bord\u00fcr ta\u015flar\u0131na \u00e7arpan alkoll\u00fc ara\u00e7 s\u00fcr\u00fcc\u00fcs\u00fc tutukland\u0131","datePublished":"2023-12-10T07:58:00+00:00","mainEntityOfPage":{"@id":"https:\/\/kibrisdakik.com\/?p=21590"},"wordCount":109,"commentCount":0,"image":{"@id":"https:\/\/kibrisdakik.com\/?p=21590#primaryimage"},"thumbnailUrl":"https:\/\/kibrisdakik.com\/wp-content\/uploads\/2023\/12\/girnede-kaza-bordur-taslarina-carpan-alkollu-arac-surucusu-tutuklandi-1702195237.webp.webp","articleSection":["G\u00fcndem"],"inLanguage":"tr","potentialAction":[{"@type":"CommentAction","name":"Comment","target":["https:\/\/kibrisdakik.com\/?p=21590#respond"]}]},{"@type":"WebPage","@id":"https:\/\/kibrisdakik.com\/?p=21590","url":"https:\/\/kibrisdakik.com\/?p=21590","name":"Girne\u2019de kaza: Bord\u00fcr ta\u015flar\u0131na \u00e7arpan alkoll\u00fc ara\u00e7 s\u00fcr\u00fcc\u00fcs\u00fc tutukland\u0131 -","isPartOf":{"@id":"https:\/\/kibrisdakik.com\/#website"},"primaryImageOfPage":{"@id":"https:\/\/kibrisdakik.com\/?p=21590#primaryimage"},"image":{"@id":"https:\/\/kibrisdakik.com\/?p=21590#primaryimage"},"thumbnailUrl":"https:\/\/kibrisdakik.com\/wp-content\/uploads\/2023\/12\/girnede-kaza-bordur-taslarina-carpan-alkollu-arac-surucusu-tutuklandi-1702195237.webp.webp","datePublished":"2023-12-10T07:58:00+00:00","author":{"@id":"https:\/\/kibrisdakik.com\/#\/schema\/person\/9cd9d437bbb44f72b73ba127e06d8e79"},"breadcrumb":{"@id":"https:\/\/kibrisdakik.com\/?p=21590#breadcrumb"},"inLanguage":"tr","potentialAction":[{"@type":"ReadAction","target":["https:\/\/kibrisdakik.com\/?p=21590"]}]},{"@type":"ImageObject","inLanguage":"tr","@id":"https:\/\/kibrisdakik.com\/?p=21590#primaryimage","url":"https:\/\/kibrisdakik.com\/wp-content\/uploads\/2023\/12\/girnede-kaza-bordur-taslarina-carpan-alkollu-arac-surucusu-tutuklandi-1702195237.webp.webp","contentUrl":"https:\/\/kibrisdakik.com\/wp-content\/uploads\/2023\/12\/girnede-kaza-bordur-taslarina-carpan-alkollu-arac-surucusu-tutuklandi-1702195237.webp.webp","width":710,"height":370},{"@type":"BreadcrumbList","@id":"https:\/\/kibrisdakik.com\/?p=21590#breadcrumb","itemListElement":[{"@type":"ListItem","position":1,"name":"Home","item":"https:\/\/kibrisdakik.com\/"},{"@type":"ListItem","position":2,"name":"Girne\u2019de kaza: Bord\u00fcr ta\u015flar\u0131na \u00e7arpan alkoll\u00fc ara\u00e7 s\u00fcr\u00fcc\u00fcs\u00fc tutukland\u0131"}]},{"@type":"WebSite","@id":"https:\/\/kibrisdakik.com\/#website","url":"https:\/\/kibrisdakik.com\/","name":"","description":"Tam vaktinde haber","potentialAction":[{"@type":"SearchAction","target":{"@type":"EntryPoint","urlTemplate":"https:\/\/kibrisdakik.com\/?s={search_term_string}"},"query-input":{"@type":"PropertyValueSpecification","valueRequired":true,"valueName":"search_term_string"}}],"inLanguage":"tr"},{"@type":"Person","@id":"https:\/\/kibrisdakik.com\/#\/schema\/person\/9cd9d437bbb44f72b73ba127e06d8e79","name":"admin","image":{"@type":"ImageObject","inLanguage":"tr","@id":"https:\/\/secure.gravatar.com\/avatar\/ccc17943b9d660506c869530f897617f7cb1c21a4bf30023f252596d83e1f007?s=96&d=mm&r=g","url":"https:\/\/secure.gravatar.com\/avatar\/ccc17943b9d660506c869530f897617f7cb1c21a4bf30023f252596d83e1f007?s=96&d=mm&r=g","contentUrl":"https:\/\/secure.gravatar.com\/avatar\/ccc17943b9d660506c869530f897617f7cb1c21a4bf30023f252596d83e1f007?s=96&d=mm&r=g","caption":"admin"},"sameAs":["https:\/\/kibrisdakik.com"],"url":"https:\/\/kibrisdakik.com\/?author=1"}]}},"_links":{"self":[{"href":"https:\/\/kibrisdakik.com\/index.php?rest_route=\/wp\/v2\/posts\/21590","targetHints":{"allow":["GET"]}}],"collection":[{"href":"https:\/\/kibrisdakik.com\/index.php?rest_route=\/wp\/v2\/posts"}],"about":[{"href":"https:\/\/kibrisdakik.com\/index.php?rest_route=\/wp\/v2\/types\/post"}],"author":[{"embeddable":true,"href":"https:\/\/kibrisdakik.com\/index.php?rest_route=\/wp\/v2\/users\/1"}],"replies":[{"embeddable":true,"href":"https:\/\/kibrisdakik.com\/index.php?rest_route=%2Fwp%2Fv2%2Fcomments&post=21590"}],"version-history":[{"count":0,"href":"https:\/\/kibrisdakik.com\/index.php?rest_route=\/wp\/v2\/posts\/21590\/revisions"}],"wp:featuredmedia":[{"embeddable":true,"href":"https:\/\/kibrisdakik.com\/index.php?rest_route=\/wp\/v2\/media\/21591"}],"wp:attachment":[{"href":"https:\/\/kibrisdakik.com\/index.php?rest_route=%2Fwp%2Fv2%2Fmedia&parent=21590"}],"wp:term":[{"taxonomy":"category","embeddable":true,"href":"https:\/\/kibrisdakik.com\/index.php?rest_route=%2Fwp%2Fv2%2Fcategories&post=21590"},{"taxonomy":"post_tag","embeddable":true,"href":"https:\/\/kibrisdakik.com\/index.php?rest_route=%2Fwp%2Fv2%2Ftags&post=21590"}],"curies":[{"name":"wp","href":"https:\/\/api.w.org\/{rel}","templated":true}]}}