{"id":21680,"date":"2023-12-11T09:25:14","date_gmt":"2023-12-11T09:25:14","guid":{"rendered":"https:\/\/kibrisdakik.com\/index.php\/2023\/12\/11\/meclis-baskani-tore-gazzede-yasanan-vahset-insan-haklari-gununde-de-devam-etti\/"},"modified":"2023-12-11T09:25:14","modified_gmt":"2023-12-11T09:25:14","slug":"meclis-baskani-tore-gazzede-yasanan-vahset-insan-haklari-gununde-de-devam-etti","status":"publish","type":"post","link":"https:\/\/kibrisdakik.com\/?p=21680","title":{"rendered":"Meclis Ba\u015fkan\u0131 T\u00f6re: \u201cGazze\u2019de ya\u015fanan vah\u015fet insan haklar\u0131 g\u00fcn\u00fcnde de devam etti\u201d"},"content":{"rendered":"<p><img decoding=\"async\" src=\"https:\/\/www.kibristurk.com\/images\/haberler\/2023\/12\/meclis-baskani-tore-gazzede-yasanan-vahset-insan-haklari-gununde-de-devam-etti-1702286303.webp\" \/><\/p>\n<p style=\"text-align:left\"><span style=\"font-size:14px\"><span style=\"font-family:Arial,Helvetica,sans-serif\"><span style=\"color:#000000\"><span style=\"background-color:#ffffff\"><span style=\"color:#000000 !important\">Cumhuriyet Meclisi\u2019nden yap\u0131lan a\u00e7\u0131klamaya g\u00f6re, ya\u015fanan katliam\u0131n d\u00fcnyan\u0131n g\u00f6zleri \u00f6n\u00fcnde ger\u00e7ekle\u015fti\u011fini belirten T\u00f6re, \u0130nsan Haklar\u0131 Beyannamesi\u2019nde yer alan hususlar\u0131n bo\u015funa kabul edildi\u011fini kaydetti.<\/span><\/span><\/span><\/span><\/span><\/p>\n<p style=\"text-align:left\"><span style=\"font-size:14px\"><span style=\"font-family:Arial,Helvetica,sans-serif\"><span style=\"color:#000000\"><span style=\"background-color:#ffffff\"><span style=\"color:#000000 !important\">T\u00f6re, \u0130srail\u2019in Gazze\u2019ye y\u00f6nelik yapt\u0131\u011f\u0131 sald\u0131r\u0131lar\u0131 k\u0131nayan baz\u0131 sivil toplum \u00f6rg\u00fctlerini kabul etti.&nbsp;<\/span>Meclis \u015eeref Salonunda ger\u00e7ekle\u015fen kabulde konu\u015fan Ba\u015fkan T\u00f6re, medeniyet denen Avrupa \u00fclkelerinin soyk\u0131r\u0131ma ve katliama seyirci kald\u0131\u011f\u0131n\u0131, \u0130srail\u2019e m\u00fchimmat veren ABD\u2019nin, Birle\u015fmi\u015f Milletler G\u00fcvenlik Konseyi\u2019nin ba\u015f\u0131 olarak vah\u015fetin orta\u011f\u0131 oldu\u011fu s\u00f6yledi.<\/span><\/span><\/span><\/span><\/p>\n<p style=\"text-align:left\"><span style=\"font-size:14px\"><span style=\"font-family:Arial,Helvetica,sans-serif\"><span style=\"color:#000000\"><span style=\"background-color:#ffffff\"><span style=\"color:#000000 !important\">Anavatan T\u00fcrkiye Cumhuriyeti Cumhurba\u015fkan\u0131 Recep Tayyip Erdo\u011fan\u2019\u0131n \u201cD\u00fcnya be\u015ften b\u00fcy\u00fckt\u00fcr\u201d s\u00f6zleriyle bu konuya i\u015faret etti\u011fini an\u0131msatan T\u00f6re, \u201cBu ger\u00e7ek de ortaya \u00e7\u0131km\u0131\u015ft\u0131r\u201d dedi.<\/span><\/span><\/span><\/span><\/span><\/p>\n<p style=\"text-align:left\"><span style=\"font-size:14px\"><span style=\"font-family:Arial,Helvetica,sans-serif\"><span style=\"color:#000000\"><span style=\"background-color:#ffffff\"><span style=\"color:#000000 !important\">20 Temmuz Mutlu Bar\u0131\u015f Harekat\u0131\u2019n\u0131n 50\u2019inci y\u0131l\u0131na geldi\u011fine dikkat \u00e7eken T\u00f6re, \u201c60 y\u0131l \u00f6nce K\u0131br\u0131s Cumhuriyeti\u2019nden uzakla\u015ft\u0131r\u0131ld\u0131k. BM, K\u0131br\u0131s Cumhuriyeti\u2019ni i\u015fgal eden Rumlar\u0131 me\u015fru h\u00fck\u00fcmet kabul etti, bizleri de sanki isyan eden taraf olarak g\u00f6rmeye ba\u015flad\u0131. Bunlar kabul edilemez\u201d diye konu\u015ftu.<\/span><\/span><\/span><\/span><\/span><\/p>\n<p style=\"text-align:left\"><span style=\"font-size:14px\"><span style=\"font-family:Arial,Helvetica,sans-serif\"><span style=\"color:#000000\"><span style=\"background-color:#ffffff\"><span style=\"color:#000000 !important\">T\u00fcrk ve M\u00fcsl\u00fcman \u00fclkelerin bir araya gelerek bu vah\u015fete daha sert tepki vermesi gerekti\u011fini s\u00f6yleyen T\u00f6re, temel insan haklar\u0131n\u0131 \u00f6n plan tutan \u00fclkelerin de \u0130srail\u2019e ambargo uygulamas\u0131 gerekti\u011fini ifade etti.<\/span><\/span><\/span><\/span><\/span><\/p>\n<p style=\"text-align:left\"><span style=\"font-size:14px\"><span style=\"font-family:Arial,Helvetica,sans-serif\"><span style=\"color:#000000\"><span style=\"background-color:#ffffff\"><span style=\"color:#000000 !important\">T\u00f6re, \u201c\u0130yi ki T\u00fcrkiye vard\u0131 da bizler kurtulduk, bizler Gazze\u2019den beter olacakt\u0131k. Rumlar, Ta\u015fkent, Murata\u011fa ve Sandallar gibi katliamlar\u0131n\u0131 genele yayacaklard\u0131. T\u00fcrkiye\u2019nin m\u00fcdahalesi cayd\u0131r\u0131c\u0131 olmu\u015ftur. Bug\u00fcn bizim ba\u011f\u0131ms\u0131z bir devletimiz vard\u0131r. Bu sayede \u00f6zg\u00fcrl\u00fck ve g\u00fcvende ya\u015f\u0131yoruz\u201d ifadelerini kulland\u0131.<\/span><\/span><\/span><\/span><\/span><\/p>\n<p style=\"text-align:left\"><span style=\"font-size:14px\"><span style=\"font-family:Arial,Helvetica,sans-serif\"><span style=\"color:#000000\"><span style=\"background-color:#ffffff\"><span style=\"color:#000000 !important\">Sivil toplum \u00f6rg\u00fctleri ad\u0131na konu\u015fan H\u00fcseyin G\u00fcrlek de \u201cGazze\u2019de yanan ate\u015fin bizleri yakt\u0131\u011f\u0131 kadar Meclis Ba\u015fkan\u0131 olarak sizleri de etkiledi\u011fini biliyoruz\u201d dedi.<\/span><\/span><\/span><\/span><\/span><\/p>\n<p style=\"text-align:left\"><span style=\"font-size:14px\"><span style=\"font-family:Arial,Helvetica,sans-serif\"><span style=\"color:#000000\"><span style=\"background-color:#ffffff\"><span style=\"color:#000000 !important\">D\u00fcnyan\u0131n g\u00f6z\u00fc \u00f6n\u00fcnde bir katliam\u0131n, vah\u015fetin ger\u00e7ekle\u015fti\u011fini belirten G\u00fcrlek, insan ve \u00e7ocuk haklar\u0131n\u0131n ihlal edildi\u011fini, d\u00fcnyan\u0131n bu anlamda harekete ge\u00e7mesi gerekti\u011fini kendilerinin de bu vah\u015feti k\u0131nad\u0131\u011f\u0131n\u0131 s\u00f6yledi.<\/span><\/span><\/span><\/span><\/span><\/p>\n","protected":false},"excerpt":{"rendered":"<p>Cumhuriyet Meclisi\u2019nden yap\u0131lan a\u00e7\u0131klamaya g\u00f6re, ya\u015fanan katliam\u0131n d\u00fcnyan\u0131n g\u00f6zleri \u00f6n\u00fcnde ger\u00e7ekle\u015fti\u011fini belirten T\u00f6re, \u0130nsan Haklar\u0131 Beyannamesi\u2019nde yer alan hususlar\u0131n bo\u015funa kabul edildi\u011fini kaydetti. T\u00f6re, \u0130srail\u2019in Gazze\u2019ye y\u00f6nelik yapt\u0131\u011f\u0131 sald\u0131r\u0131lar\u0131 k\u0131nayan baz\u0131 sivil toplum \u00f6rg\u00fctlerini kabul etti.&nbsp;Meclis \u015eeref Salonunda ger\u00e7ekle\u015fen kabulde konu\u015fan Ba\u015fkan T\u00f6re, medeniyet denen Avrupa \u00fclkelerinin soyk\u0131r\u0131ma ve katliama seyirci kald\u0131\u011f\u0131n\u0131, \u0130srail\u2019e m\u00fchimmat veren<\/p>\n","protected":false},"author":1,"featured_media":21681,"comment_status":"open","ping_status":"open","sticky":false,"template":"","format":"standard","meta":{"footnotes":""},"categories":[1],"tags":[],"class_list":["post-21680","post","type-post","status-publish","format-standard","has-post-thumbnail","hentry","category-gundem"],"yoast_head":"<!-- This site is optimized with the Yoast SEO plugin v27.5 - https:\/\/yoast.com\/product\/yoast-seo-wordpress\/ -->\n<title>Meclis Ba\u015fkan\u0131 T\u00f6re: \u201cGazze\u2019de ya\u015fanan vah\u015fet insan haklar\u0131 g\u00fcn\u00fcnde de devam etti\u201d -<\/title>\n<meta name=\"robots\" content=\"index, follow, max-snippet:-1, max-image-preview:large, max-video-preview:-1\" \/>\n<link rel=\"canonical\" href=\"https:\/\/kibrisdakik.com\/?p=21680\" \/>\n<meta property=\"og:locale\" content=\"tr_TR\" \/>\n<meta property=\"og:type\" content=\"article\" \/>\n<meta property=\"og:title\" content=\"Meclis Ba\u015fkan\u0131 T\u00f6re: \u201cGazze\u2019de ya\u015fanan vah\u015fet insan haklar\u0131 g\u00fcn\u00fcnde de devam etti\u201d -\" \/>\n<meta property=\"og:description\" content=\"Cumhuriyet Meclisi\u2019nden yap\u0131lan a\u00e7\u0131klamaya g\u00f6re, ya\u015fanan katliam\u0131n d\u00fcnyan\u0131n g\u00f6zleri \u00f6n\u00fcnde ger\u00e7ekle\u015fti\u011fini belirten T\u00f6re, \u0130nsan Haklar\u0131 Beyannamesi\u2019nde yer alan hususlar\u0131n bo\u015funa kabul edildi\u011fini kaydetti. T\u00f6re, \u0130srail\u2019in Gazze\u2019ye y\u00f6nelik yapt\u0131\u011f\u0131 sald\u0131r\u0131lar\u0131 k\u0131nayan baz\u0131 sivil toplum \u00f6rg\u00fctlerini kabul etti.&nbsp;Meclis \u015eeref Salonunda ger\u00e7ekle\u015fen kabulde konu\u015fan Ba\u015fkan T\u00f6re, medeniyet denen Avrupa \u00fclkelerinin soyk\u0131r\u0131ma ve katliama seyirci kald\u0131\u011f\u0131n\u0131, \u0130srail\u2019e m\u00fchimmat veren\" \/>\n<meta property=\"og:url\" content=\"https:\/\/kibrisdakik.com\/?p=21680\" \/>\n<meta property=\"article:published_time\" content=\"2023-12-11T09:25:14+00:00\" \/>\n<meta property=\"og:image\" content=\"https:\/\/kibrisdakik.com\/wp-content\/uploads\/2023\/12\/meclis-baskani-tore-gazzede-yasanan-vahset-insan-haklari-gununde-de-devam-etti-1702286303.webp.webp\" \/>\n\t<meta property=\"og:image:width\" content=\"710\" \/>\n\t<meta property=\"og:image:height\" content=\"370\" \/>\n\t<meta property=\"og:image:type\" content=\"image\/webp\" \/>\n<meta name=\"author\" content=\"admin\" \/>\n<meta name=\"twitter:card\" content=\"summary_large_image\" \/>\n<meta name=\"twitter:label1\" content=\"Yazan:\" \/>\n\t<meta name=\"twitter:data1\" content=\"admin\" \/>\n\t<meta name=\"twitter:label2\" content=\"Tahmini okuma s\u00fcresi\" \/>\n\t<meta name=\"twitter:data2\" content=\"2 dakika\" \/>\n<script type=\"application\/ld+json\" class=\"yoast-schema-graph\">{\"@context\":\"https:\\\/\\\/schema.org\",\"@graph\":[{\"@type\":\"Article\",\"@id\":\"https:\\\/\\\/kibrisdakik.com\\\/?p=21680#article\",\"isPartOf\":{\"@id\":\"https:\\\/\\\/kibrisdakik.com\\\/?p=21680\"},\"author\":{\"name\":\"admin\",\"@id\":\"https:\\\/\\\/kibrisdakik.com\\\/#\\\/schema\\\/person\\\/9cd9d437bbb44f72b73ba127e06d8e79\"},\"headline\":\"Meclis Ba\u015fkan\u0131 T\u00f6re: \u201cGazze\u2019de ya\u015fanan vah\u015fet insan haklar\u0131 g\u00fcn\u00fcnde de devam etti\u201d\",\"datePublished\":\"2023-12-11T09:25:14+00:00\",\"mainEntityOfPage\":{\"@id\":\"https:\\\/\\\/kibrisdakik.com\\\/?p=21680\"},\"wordCount\":412,\"commentCount\":0,\"image\":{\"@id\":\"https:\\\/\\\/kibrisdakik.com\\\/?p=21680#primaryimage\"},\"thumbnailUrl\":\"https:\\\/\\\/kibrisdakik.com\\\/wp-content\\\/uploads\\\/2023\\\/12\\\/meclis-baskani-tore-gazzede-yasanan-vahset-insan-haklari-gununde-de-devam-etti-1702286303.webp.webp\",\"articleSection\":[\"G\u00fcndem\"],\"inLanguage\":\"tr\",\"potentialAction\":[{\"@type\":\"CommentAction\",\"name\":\"Comment\",\"target\":[\"https:\\\/\\\/kibrisdakik.com\\\/?p=21680#respond\"]}]},{\"@type\":\"WebPage\",\"@id\":\"https:\\\/\\\/kibrisdakik.com\\\/?p=21680\",\"url\":\"https:\\\/\\\/kibrisdakik.com\\\/?p=21680\",\"name\":\"Meclis Ba\u015fkan\u0131 T\u00f6re: \u201cGazze\u2019de ya\u015fanan vah\u015fet insan haklar\u0131 g\u00fcn\u00fcnde de devam etti\u201d -\",\"isPartOf\":{\"@id\":\"https:\\\/\\\/kibrisdakik.com\\\/#website\"},\"primaryImageOfPage\":{\"@id\":\"https:\\\/\\\/kibrisdakik.com\\\/?p=21680#primaryimage\"},\"image\":{\"@id\":\"https:\\\/\\\/kibrisdakik.com\\\/?p=21680#primaryimage\"},\"thumbnailUrl\":\"https:\\\/\\\/kibrisdakik.com\\\/wp-content\\\/uploads\\\/2023\\\/12\\\/meclis-baskani-tore-gazzede-yasanan-vahset-insan-haklari-gununde-de-devam-etti-1702286303.webp.webp\",\"datePublished\":\"2023-12-11T09:25:14+00:00\",\"author\":{\"@id\":\"https:\\\/\\\/kibrisdakik.com\\\/#\\\/schema\\\/person\\\/9cd9d437bbb44f72b73ba127e06d8e79\"},\"breadcrumb\":{\"@id\":\"https:\\\/\\\/kibrisdakik.com\\\/?p=21680#breadcrumb\"},\"inLanguage\":\"tr\",\"potentialAction\":[{\"@type\":\"ReadAction\",\"target\":[\"https:\\\/\\\/kibrisdakik.com\\\/?p=21680\"]}]},{\"@type\":\"ImageObject\",\"inLanguage\":\"tr\",\"@id\":\"https:\\\/\\\/kibrisdakik.com\\\/?p=21680#primaryimage\",\"url\":\"https:\\\/\\\/kibrisdakik.com\\\/wp-content\\\/uploads\\\/2023\\\/12\\\/meclis-baskani-tore-gazzede-yasanan-vahset-insan-haklari-gununde-de-devam-etti-1702286303.webp.webp\",\"contentUrl\":\"https:\\\/\\\/kibrisdakik.com\\\/wp-content\\\/uploads\\\/2023\\\/12\\\/meclis-baskani-tore-gazzede-yasanan-vahset-insan-haklari-gununde-de-devam-etti-1702286303.webp.webp\",\"width\":710,\"height\":370},{\"@type\":\"BreadcrumbList\",\"@id\":\"https:\\\/\\\/kibrisdakik.com\\\/?p=21680#breadcrumb\",\"itemListElement\":[{\"@type\":\"ListItem\",\"position\":1,\"name\":\"Home\",\"item\":\"https:\\\/\\\/kibrisdakik.com\\\/\"},{\"@type\":\"ListItem\",\"position\":2,\"name\":\"Meclis Ba\u015fkan\u0131 T\u00f6re: \u201cGazze\u2019de ya\u015fanan vah\u015fet insan haklar\u0131 g\u00fcn\u00fcnde de devam etti\u201d\"}]},{\"@type\":\"WebSite\",\"@id\":\"https:\\\/\\\/kibrisdakik.com\\\/#website\",\"url\":\"https:\\\/\\\/kibrisdakik.com\\\/\",\"name\":\"\",\"description\":\"Tam vaktinde haber\",\"potentialAction\":[{\"@type\":\"SearchAction\",\"target\":{\"@type\":\"EntryPoint\",\"urlTemplate\":\"https:\\\/\\\/kibrisdakik.com\\\/?s={search_term_string}\"},\"query-input\":{\"@type\":\"PropertyValueSpecification\",\"valueRequired\":true,\"valueName\":\"search_term_string\"}}],\"inLanguage\":\"tr\"},{\"@type\":\"Person\",\"@id\":\"https:\\\/\\\/kibrisdakik.com\\\/#\\\/schema\\\/person\\\/9cd9d437bbb44f72b73ba127e06d8e79\",\"name\":\"admin\",\"image\":{\"@type\":\"ImageObject\",\"inLanguage\":\"tr\",\"@id\":\"https:\\\/\\\/secure.gravatar.com\\\/avatar\\\/ccc17943b9d660506c869530f897617f7cb1c21a4bf30023f252596d83e1f007?s=96&d=mm&r=g\",\"url\":\"https:\\\/\\\/secure.gravatar.com\\\/avatar\\\/ccc17943b9d660506c869530f897617f7cb1c21a4bf30023f252596d83e1f007?s=96&d=mm&r=g\",\"contentUrl\":\"https:\\\/\\\/secure.gravatar.com\\\/avatar\\\/ccc17943b9d660506c869530f897617f7cb1c21a4bf30023f252596d83e1f007?s=96&d=mm&r=g\",\"caption\":\"admin\"},\"sameAs\":[\"https:\\\/\\\/kibrisdakik.com\"],\"url\":\"https:\\\/\\\/kibrisdakik.com\\\/?author=1\"}]}<\/script>\n<!-- \/ Yoast SEO plugin. -->","yoast_head_json":{"title":"Meclis Ba\u015fkan\u0131 T\u00f6re: \u201cGazze\u2019de ya\u015fanan vah\u015fet insan haklar\u0131 g\u00fcn\u00fcnde de devam etti\u201d -","robots":{"index":"index","follow":"follow","max-snippet":"max-snippet:-1","max-image-preview":"max-image-preview:large","max-video-preview":"max-video-preview:-1"},"canonical":"https:\/\/kibrisdakik.com\/?p=21680","og_locale":"tr_TR","og_type":"article","og_title":"Meclis Ba\u015fkan\u0131 T\u00f6re: \u201cGazze\u2019de ya\u015fanan vah\u015fet insan haklar\u0131 g\u00fcn\u00fcnde de devam etti\u201d -","og_description":"Cumhuriyet Meclisi\u2019nden yap\u0131lan a\u00e7\u0131klamaya g\u00f6re, ya\u015fanan katliam\u0131n d\u00fcnyan\u0131n g\u00f6zleri \u00f6n\u00fcnde ger\u00e7ekle\u015fti\u011fini belirten T\u00f6re, \u0130nsan Haklar\u0131 Beyannamesi\u2019nde yer alan hususlar\u0131n bo\u015funa kabul edildi\u011fini kaydetti. T\u00f6re, \u0130srail\u2019in Gazze\u2019ye y\u00f6nelik yapt\u0131\u011f\u0131 sald\u0131r\u0131lar\u0131 k\u0131nayan baz\u0131 sivil toplum \u00f6rg\u00fctlerini kabul etti.&nbsp;Meclis \u015eeref Salonunda ger\u00e7ekle\u015fen kabulde konu\u015fan Ba\u015fkan T\u00f6re, medeniyet denen Avrupa \u00fclkelerinin soyk\u0131r\u0131ma ve katliama seyirci kald\u0131\u011f\u0131n\u0131, \u0130srail\u2019e m\u00fchimmat veren","og_url":"https:\/\/kibrisdakik.com\/?p=21680","article_published_time":"2023-12-11T09:25:14+00:00","og_image":[{"width":710,"height":370,"url":"https:\/\/kibrisdakik.com\/wp-content\/uploads\/2023\/12\/meclis-baskani-tore-gazzede-yasanan-vahset-insan-haklari-gununde-de-devam-etti-1702286303.webp.webp","type":"image\/webp"}],"author":"admin","twitter_card":"summary_large_image","twitter_misc":{"Yazan:":"admin","Tahmini okuma s\u00fcresi":"2 dakika"},"schema":{"@context":"https:\/\/schema.org","@graph":[{"@type":"Article","@id":"https:\/\/kibrisdakik.com\/?p=21680#article","isPartOf":{"@id":"https:\/\/kibrisdakik.com\/?p=21680"},"author":{"name":"admin","@id":"https:\/\/kibrisdakik.com\/#\/schema\/person\/9cd9d437bbb44f72b73ba127e06d8e79"},"headline":"Meclis Ba\u015fkan\u0131 T\u00f6re: \u201cGazze\u2019de ya\u015fanan vah\u015fet insan haklar\u0131 g\u00fcn\u00fcnde de devam etti\u201d","datePublished":"2023-12-11T09:25:14+00:00","mainEntityOfPage":{"@id":"https:\/\/kibrisdakik.com\/?p=21680"},"wordCount":412,"commentCount":0,"image":{"@id":"https:\/\/kibrisdakik.com\/?p=21680#primaryimage"},"thumbnailUrl":"https:\/\/kibrisdakik.com\/wp-content\/uploads\/2023\/12\/meclis-baskani-tore-gazzede-yasanan-vahset-insan-haklari-gununde-de-devam-etti-1702286303.webp.webp","articleSection":["G\u00fcndem"],"inLanguage":"tr","potentialAction":[{"@type":"CommentAction","name":"Comment","target":["https:\/\/kibrisdakik.com\/?p=21680#respond"]}]},{"@type":"WebPage","@id":"https:\/\/kibrisdakik.com\/?p=21680","url":"https:\/\/kibrisdakik.com\/?p=21680","name":"Meclis Ba\u015fkan\u0131 T\u00f6re: \u201cGazze\u2019de ya\u015fanan vah\u015fet insan haklar\u0131 g\u00fcn\u00fcnde de devam etti\u201d -","isPartOf":{"@id":"https:\/\/kibrisdakik.com\/#website"},"primaryImageOfPage":{"@id":"https:\/\/kibrisdakik.com\/?p=21680#primaryimage"},"image":{"@id":"https:\/\/kibrisdakik.com\/?p=21680#primaryimage"},"thumbnailUrl":"https:\/\/kibrisdakik.com\/wp-content\/uploads\/2023\/12\/meclis-baskani-tore-gazzede-yasanan-vahset-insan-haklari-gununde-de-devam-etti-1702286303.webp.webp","datePublished":"2023-12-11T09:25:14+00:00","author":{"@id":"https:\/\/kibrisdakik.com\/#\/schema\/person\/9cd9d437bbb44f72b73ba127e06d8e79"},"breadcrumb":{"@id":"https:\/\/kibrisdakik.com\/?p=21680#breadcrumb"},"inLanguage":"tr","potentialAction":[{"@type":"ReadAction","target":["https:\/\/kibrisdakik.com\/?p=21680"]}]},{"@type":"ImageObject","inLanguage":"tr","@id":"https:\/\/kibrisdakik.com\/?p=21680#primaryimage","url":"https:\/\/kibrisdakik.com\/wp-content\/uploads\/2023\/12\/meclis-baskani-tore-gazzede-yasanan-vahset-insan-haklari-gununde-de-devam-etti-1702286303.webp.webp","contentUrl":"https:\/\/kibrisdakik.com\/wp-content\/uploads\/2023\/12\/meclis-baskani-tore-gazzede-yasanan-vahset-insan-haklari-gununde-de-devam-etti-1702286303.webp.webp","width":710,"height":370},{"@type":"BreadcrumbList","@id":"https:\/\/kibrisdakik.com\/?p=21680#breadcrumb","itemListElement":[{"@type":"ListItem","position":1,"name":"Home","item":"https:\/\/kibrisdakik.com\/"},{"@type":"ListItem","position":2,"name":"Meclis Ba\u015fkan\u0131 T\u00f6re: \u201cGazze\u2019de ya\u015fanan vah\u015fet insan haklar\u0131 g\u00fcn\u00fcnde de devam etti\u201d"}]},{"@type":"WebSite","@id":"https:\/\/kibrisdakik.com\/#website","url":"https:\/\/kibrisdakik.com\/","name":"","description":"Tam vaktinde haber","potentialAction":[{"@type":"SearchAction","target":{"@type":"EntryPoint","urlTemplate":"https:\/\/kibrisdakik.com\/?s={search_term_string}"},"query-input":{"@type":"PropertyValueSpecification","valueRequired":true,"valueName":"search_term_string"}}],"inLanguage":"tr"},{"@type":"Person","@id":"https:\/\/kibrisdakik.com\/#\/schema\/person\/9cd9d437bbb44f72b73ba127e06d8e79","name":"admin","image":{"@type":"ImageObject","inLanguage":"tr","@id":"https:\/\/secure.gravatar.com\/avatar\/ccc17943b9d660506c869530f897617f7cb1c21a4bf30023f252596d83e1f007?s=96&d=mm&r=g","url":"https:\/\/secure.gravatar.com\/avatar\/ccc17943b9d660506c869530f897617f7cb1c21a4bf30023f252596d83e1f007?s=96&d=mm&r=g","contentUrl":"https:\/\/secure.gravatar.com\/avatar\/ccc17943b9d660506c869530f897617f7cb1c21a4bf30023f252596d83e1f007?s=96&d=mm&r=g","caption":"admin"},"sameAs":["https:\/\/kibrisdakik.com"],"url":"https:\/\/kibrisdakik.com\/?author=1"}]}},"_links":{"self":[{"href":"https:\/\/kibrisdakik.com\/index.php?rest_route=\/wp\/v2\/posts\/21680","targetHints":{"allow":["GET"]}}],"collection":[{"href":"https:\/\/kibrisdakik.com\/index.php?rest_route=\/wp\/v2\/posts"}],"about":[{"href":"https:\/\/kibrisdakik.com\/index.php?rest_route=\/wp\/v2\/types\/post"}],"author":[{"embeddable":true,"href":"https:\/\/kibrisdakik.com\/index.php?rest_route=\/wp\/v2\/users\/1"}],"replies":[{"embeddable":true,"href":"https:\/\/kibrisdakik.com\/index.php?rest_route=%2Fwp%2Fv2%2Fcomments&post=21680"}],"version-history":[{"count":0,"href":"https:\/\/kibrisdakik.com\/index.php?rest_route=\/wp\/v2\/posts\/21680\/revisions"}],"wp:featuredmedia":[{"embeddable":true,"href":"https:\/\/kibrisdakik.com\/index.php?rest_route=\/wp\/v2\/media\/21681"}],"wp:attachment":[{"href":"https:\/\/kibrisdakik.com\/index.php?rest_route=%2Fwp%2Fv2%2Fmedia&parent=21680"}],"wp:term":[{"taxonomy":"category","embeddable":true,"href":"https:\/\/kibrisdakik.com\/index.php?rest_route=%2Fwp%2Fv2%2Fcategories&post=21680"},{"taxonomy":"post_tag","embeddable":true,"href":"https:\/\/kibrisdakik.com\/index.php?rest_route=%2Fwp%2Fv2%2Ftags&post=21680"}],"curies":[{"name":"wp","href":"https:\/\/api.w.org\/{rel}","templated":true}]}}