{"id":21720,"date":"2023-12-11T13:31:01","date_gmt":"2023-12-11T13:31:01","guid":{"rendered":"https:\/\/kibrisdakik.com\/index.php\/2023\/12\/11\/meclis-genel-kurulu-2024-butcesini-gorusuyor\/"},"modified":"2023-12-11T13:31:01","modified_gmt":"2023-12-11T13:31:01","slug":"meclis-genel-kurulu-2024-butcesini-gorusuyor","status":"publish","type":"post","link":"https:\/\/kibrisdakik.com\/?p=21720","title":{"rendered":"Meclis Genel Kurulu, 2024 b\u00fct\u00e7esini g\u00f6r\u00fc\u015f\u00fcyor"},"content":{"rendered":"<p><img decoding=\"async\" src=\"https:\/\/www.kibristurk.com\/images\/haberler\/2023\/12\/meclis-genel-kurulu-2024-butcesini-gorusuyor-1702298509.webp\" \/><\/p>\n<p style=\"text-align:left\"><span style=\"font-size:14px\"><span style=\"font-family:Arial,Helvetica,sans-serif\"><span style=\"color:#000000\"><span style=\"background-color:#ffffff\">-\u015eahali<\/span><\/span><\/span><\/span><\/p>\n<p style=\"text-align:left\"><span style=\"font-size:14px\"><span style=\"font-family:Arial,Helvetica,sans-serif\"><span style=\"color:#000000\"><span style=\"background-color:#ffffff\">Maliye Bakan\u0131 \u00d6zdemir Berova\u2019n\u0131n konu\u015fmas\u0131ndan sonra CTP Milletvekili Erkut \u015eahali k\u00fcrs\u00fcye \u00e7\u0131kt\u0131. \u015eahali Meclis \u00f6n\u00fcnde eczac\u0131lar\u0131n eylemine kat\u0131ld\u0131klar\u0131n\u0131, bu s\u0131rada kendileri olmadan Meclis oturumunun ba\u015flat\u0131ld\u0131\u011f\u0131n\u0131 s\u00f6yleyerek teess\u00fcflerini iletti.<\/span><\/span><\/span><\/span><\/p>\n<p style=\"text-align:left\"><span style=\"font-size:14px\"><span style=\"font-family:Arial,Helvetica,sans-serif\"><span style=\"color:#000000\"><span style=\"background-color:#ffffff\">Yo\u011fun bir mesai sonucu b\u00fct\u00e7enin komiteden ge\u00e7ti\u011fini kaydeden \u015eahali, sadece bakanl\u0131klar de\u011fil \u00f6zel b\u00fct\u00e7eli kurumlar\u0131n b\u00fct\u00e7elerinin de ele al\u0131naca\u011f\u0131n\u0131 belirtti.<\/span><\/span><\/span><\/span><\/p>\n<p style=\"text-align:left\"><span style=\"font-size:14px\"><span style=\"font-family:Arial,Helvetica,sans-serif\"><span style=\"color:#000000\"><span style=\"background-color:#ffffff\">Bunun s\u00fcrd\u00fcr\u00fclebilirlik, \u015feffafl\u0131k, denetlenebilirlik, hesap verebilirlik bak\u0131m\u0131ndan son derece \u00f6nemli oldu\u011funu anlatan \u015eahali, konu\u015fmas\u0131nda b\u00fct\u00e7e a\u00e7\u0131\u011f\u0131na da i\u015faret etti.<\/span><\/span><\/span><\/span><\/p>\n<p style=\"text-align:left\"><span style=\"font-size:14px\"><span style=\"font-family:Arial,Helvetica,sans-serif\"><span style=\"color:#000000\"><span style=\"background-color:#ffffff\">\u00d6te yandan bunun kaydi bir b\u00fct\u00e7e a\u00e7\u0131\u011f\u0131 oldu\u011funu s\u00f6yleyen \u015eahali, b\u00fct\u00e7enin \u015fu an fazla verdi\u011fini, \u00f6te yandan bunun s\u00fcrd\u00fcr\u00fclebilir kamu finansman dengesi sonucu olmad\u0131\u011f\u0131n\u0131 kaydetti.<\/span><\/span><\/span><\/span><\/p>\n<p style=\"text-align:left\"><span style=\"font-size:14px\"><span style=\"font-family:Arial,Helvetica,sans-serif\"><span style=\"color:#000000\"><span style=\"background-color:#ffffff\">Erkut \u015eahali, kamuya istihdam\u0131n gerekli olan noktalara, adil \u015fekilde yap\u0131lmas\u0131 gerekti\u011fini belirterek, komite a\u015famas\u0131nda, \u00f6rne\u011fin m\u00fcfetti\u015f kadrolar\u0131 gibi \u00f6nemli eksik kadrolarla ilgili sorduklar\u0131 sorulara, gereken istihdamlar\u0131n yap\u0131laca\u011f\u0131 yan\u0131t\u0131n\u0131n verildi\u011fini belirtti. \u015eahali e\u011fer s\u00f6ylenen kritik kadrolara istihdam yap\u0131lacaksa Kamu Hizmeti Komisyonu&#8217;nun en yo\u011fun y\u0131llar\u0131ndan birini ya\u015fayaca\u011f\u0131n\u0131 ifade etti.<\/span><\/span><\/span><\/span><\/p>\n<p style=\"text-align:left\"><span style=\"font-size:14px\"><span style=\"font-family:Arial,Helvetica,sans-serif\"><span style=\"color:#000000\"><span style=\"background-color:#ffffff\">Gelir art\u0131r\u0131c\u0131 \u00f6ng\u00f6r\u00fclerin b\u00fct\u00e7ede kar\u015f\u0131l\u0131\u011f\u0131n\u0131 bulmas\u0131 gerekti\u011fini kaydeden \u015eahali, kamu hizmetlerinin etkinli\u011finin ve verimlili\u011finin artmas\u0131 i\u00e7in kamu reformunun h\u00fck\u00fcmet g\u00fcndeminde yer al\u0131p almad\u0131\u011f\u0131n\u0131 sordu.<\/span><\/span><\/span><\/span><\/p>\n<p style=\"text-align:left\"><span style=\"font-size:14px\"><span style=\"font-family:Arial,Helvetica,sans-serif\"><span style=\"color:#000000\"><span style=\"background-color:#ffffff\">B\u00fct\u00e7ede, kendi ayaklar\u0131 \u00fczerinde duran bir \u00fclke yaratman\u0131n m\u00fcmk\u00fcn oldu\u011funun belirtildi\u011fini ancak b\u00fct\u00e7ede bunu kar\u015f\u0131layacak kalemler olmad\u0131\u011f\u0131n\u0131 anlatan \u015eahali, gelirler b\u00fct\u00e7esine i\u015faret etti.<\/span><\/span><\/span><\/span><\/p>\n<p style=\"text-align:left\"><span style=\"font-size:14px\"><span style=\"font-family:Arial,Helvetica,sans-serif\"><span style=\"color:#000000\"><span style=\"background-color:#ffffff\">Kamudan maa\u015f alan kimsenin maa\u015f\u0131nda T\u00fcrkiye Cumhuriyeti kaynaklar\u0131n\u0131n pay\u0131 olmad\u0131\u011f\u0131n\u0131 ifade eden \u015eahali \u00f6te yandan sokakta \u201cT\u00fcrkiye olmasa maa\u015flar \u00f6denmez\u201d inanc\u0131 bulundu\u011funu belirtti.<\/span><\/span><\/span><\/span><\/p>\n<p style=\"text-align:left\"><span style=\"font-size:14px\"><span style=\"font-family:Arial,Helvetica,sans-serif\"><span style=\"color:#000000\"><span style=\"background-color:#ffffff\">\u015eahali, Meclis mesaisinin belirtilen saatlerde ba\u015flamas\u0131 halinde, \u00e7al\u0131\u015fmalar\u0131n insani bir saatte bitebilece\u011fini de vurgulad\u0131.<\/span><\/span><\/span><\/span><\/p>\n<p style=\"text-align:left\">&nbsp;<\/p>\n<p style=\"text-align:left\">&nbsp;<\/p>\n<p style=\"text-align:left\"><span style=\"font-size:14px\"><span style=\"font-family:Arial,Helvetica,sans-serif\"><span style=\"color:#000000\"><span style=\"background-color:#ffffff\">-Bar\u00e7\u0131n<\/span><\/span><\/span><\/span><\/p>\n<p style=\"text-align:left\"><span style=\"font-size:14px\"><span style=\"font-family:Arial,Helvetica,sans-serif\"><span style=\"color:#000000\"><span style=\"background-color:#ffffff\">CTP Milletvekili Devrim Bar\u00e7\u0131n ise \u201cBir hastanemizi y\u0131llard\u0131r yapam\u0131yorsak bunun konu\u015fulaca\u011f\u0131 yer bug\u00fcn bu b\u00fct\u00e7edir\u201d dedi.<\/span><\/span><\/span><\/span><\/p>\n<p style=\"text-align:left\"><span style=\"font-size:14px\"><span style=\"font-family:Arial,Helvetica,sans-serif\"><span style=\"color:#000000\"><span style=\"background-color:#ffffff\">\u201cRakamlar ideolojiktir, siyasal partilerin ideolojilerini temsil eder\u201d diyen Bar\u00e7\u0131n, her b\u00fct\u00e7e g\u00f6r\u00fc\u015fmesinde gazetelerin b\u00fct\u00e7enin y\u00fczde 20\u2019sinin T\u00fcrkiye\u2019den gelen kaynakla kar\u015f\u0131lanacak man\u015feti att\u0131\u011f\u0131n\u0131 s\u00f6yledi, ger\u00e7ekle\u015fme verilerine i\u015faret etti.<\/span><\/span><\/span><\/span><\/p>\n<p style=\"text-align:left\"><span style=\"font-size:14px\"><span style=\"font-family:Arial,Helvetica,sans-serif\"><span style=\"color:#000000\"><span style=\"background-color:#ffffff\">B\u00fct\u00e7e rakamlar\u0131na de\u011finen ve \u00f6ng\u00f6r\u00fclen b\u00fct\u00e7e a\u00e7\u0131\u011f\u0131n\u0131n aksine b\u00fct\u00e7enin fazla verdi\u011fini kaydeden Bar\u00e7\u0131n, \u00f6te yandan a\u00e7\u0131k \u00f6ne s\u00fcr\u00fclerek okul, hastane, yol gibi altyap\u0131 yat\u0131r\u0131mlar\u0131n\u0131n hayata ge\u00e7irilmedi\u011fini ifade etti.<\/span><\/span><\/span><\/span><\/p>\n<p style=\"text-align:left\"><span style=\"font-size:14px\"><span style=\"font-family:Arial,Helvetica,sans-serif\"><span style=\"color:#000000\"><span style=\"background-color:#ffffff\">T\u00fcrkiye ile sa\u011fl\u0131kl\u0131 bir ili\u015fki kurulmad\u0131\u011f\u0131n\u0131, bunun kamu maliyesine de yans\u0131d\u0131\u011f\u0131n\u0131 belirten Bar\u00e7\u0131n, T\u00fcrkiye\u2019den altyap\u0131 yat\u0131r\u0131mlar\u0131 i\u00e7in gelece\u011fi s\u00f6ylenen kaynaklar\u0131n gelmedi\u011fini, bu nedenle \u00f6rne\u011fin hastane yap\u0131m\u0131na ba\u015flanmad\u0131\u011f\u0131n\u0131, hatta b\u00fct\u00e7e a\u00e7\u0131\u011f\u0131n\u0131n da bu projelere aktar\u0131lmad\u0131\u011f\u0131n\u0131 kaydetti.<\/span><\/span><\/span><\/span><\/p>\n<p style=\"text-align:left\"><span style=\"font-size:14px\"><span style=\"font-family:Arial,Helvetica,sans-serif\"><span style=\"color:#000000\"><span style=\"background-color:#ffffff\">Devrim Bar\u00e7\u0131n, n\u00fcfusu bilmeden kalk\u0131nma plan\u0131 yap\u0131lamayaca\u011f\u0131n\u0131 dile getirerek, n\u00fcfusu sorduklar\u0131nda L\u00fcbnan, Abazya gibi \u00fclkelerin n\u00fcfus say\u0131m\u0131 yapmad\u0131\u011f\u0131, n\u00fcfusu bilmeden de yap\u0131labilecek \u015feyler oldu\u011fu yan\u0131t\u0131n\u0131 ald\u0131klar\u0131n\u0131 belirtti.<\/span><\/span><\/span><\/span><\/p>\n<p style=\"text-align:left\"><span style=\"font-size:14px\"><span style=\"font-family:Arial,Helvetica,sans-serif\"><span style=\"color:#000000\"><span style=\"background-color:#ffffff\">\u0130lgili yasa gere\u011fi yay\u0131nlanan orta vadeli mali plan\u0131 ve b\u00fct\u00e7e \u00e7er\u00e7evesine i\u015faret eden Bar\u00e7\u0131n, 2023 enflasyonunu Haziran\u2019da y\u00fczde 55, Ekim\u2019de y\u00fczde 82 olarak \u00f6ng\u00f6rd\u00fcklerini belirtti; 4 ayl\u0131k sapman\u0131n bu kadar b\u00fcy\u00fck olmas\u0131n\u0131 ele\u015ftirdi.<\/span><\/span><\/span><\/span><\/p>\n<p style=\"text-align:left\"><span style=\"font-size:14px\"><span style=\"font-family:Arial,Helvetica,sans-serif\"><span style=\"color:#000000\"><span style=\"background-color:#ffffff\">T\u00fcrkiye ile KKTC\u2019nin enflasyon ve kur \u00f6ng\u00f6r\u00fclerindeki farkl\u0131l\u0131\u011fa da i\u015faret eden Bar\u00e7\u0131n, bunu \u201cgelir gizleme\u201d \u00e7abas\u0131na ba\u011flad\u0131.<\/span><\/span><\/span><\/span><\/p>\n<p style=\"text-align:left\"><span style=\"font-size:14px\"><span style=\"font-family:Arial,Helvetica,sans-serif\"><span style=\"color:#000000\"><span style=\"background-color:#ffffff\">Yasaya g\u00f6re b\u00fct\u00e7e g\u00f6r\u00fc\u015fmeleri s\u0131ras\u0131nda yerel y\u00f6netimler, sosyal g\u00fcvenlik kurumlar\u0131, kamu i\u015fletmeleri gibi b\u00fct\u00e7elerin olmas\u0131 gerekti\u011fini dile getiren Bar\u00e7\u0131n, gerekli kurum, kurulu\u015f, i\u015fletme b\u00fct\u00e7e \u00f6ng\u00f6r\u00fclerinin 2024 Mali Y\u0131l\u0131 B\u00fct\u00e7e Yasa Tasar\u0131s\u0131nda yer almad\u0131\u011f\u0131n\u0131 dile getirdi.<\/span><\/span><\/span><\/span><\/p>\n<p style=\"text-align:left\"><span style=\"font-size:14px\"><span style=\"font-family:Arial,Helvetica,sans-serif\"><span style=\"color:#000000\"><span style=\"background-color:#ffffff\">T\u00fcrkiye\u2019den yap\u0131lan ithalat rakamlar\u0131na i\u015faret eden Bar\u00e7\u0131n, bu rakam\u0131 T\u00fcrkiye\u2019den aktar\u0131lan kaynakla kar\u015f\u0131la\u015ft\u0131rd\u0131, Bar\u00e7\u0131n, &#8220;T\u00fcrkiye\u2019den kaynak gelmezse bu \u00fclke ayakta kalamaz&#8221; s\u00f6yleminin ger\u00e7ekleri yans\u0131tmad\u0131\u011f\u0131n\u0131 kaydetti, \u201cbiat k\u00fclt\u00fcr\u00fcn\u00fcn s\u00fcrmesi ad\u0131na, verilere ra\u011fmen\u201d h\u00fck\u00fcmetin \u201cbu ger\u00e7ekleri ifade etmekten korktu\u011funu\u201d savundu.<\/span><\/span><\/span><\/span><\/p>\n<p style=\"text-align:left\"><span style=\"font-size:14px\"><span style=\"font-family:Arial,Helvetica,sans-serif\"><span style=\"color:#000000\"><span style=\"background-color:#ffffff\">Bar\u00e7\u0131n, CTP olarak T\u00fcrkiye ile sa\u011fl\u0131kl\u0131 ili\u015fkiler kurmak gerekti\u011fini vurgulad\u0131klar\u0131n\u0131 kaydetti, \u201cBu h\u00fck\u00fcmet olmasa T\u00fcrkiye kaynak aktarmaz\u201d a\u00e7\u0131klamalar\u0131n\u0131 ele\u015ftirdi.<\/span><\/span><\/span><\/span><\/p>\n<p style=\"text-align:left\"><span style=\"font-size:14px\"><span style=\"font-family:Arial,Helvetica,sans-serif\"><span style=\"color:#000000\"><span style=\"background-color:#ffffff\">Bar\u00e7\u0131n, Ercan Havaliman\u0131&#8217;ndan al\u0131nacak parayla ilgili imzalanan s\u00f6zle\u015fmeye i\u015faret etti, b\u00fct\u00e7e gelirlerini almaya engel olacak bir anla\u015fma imzalaman\u0131n su\u00e7 oldu\u011funu kaydetti.<\/span><\/span><\/span><\/span><\/p>\n","protected":false},"excerpt":{"rendered":"<p>-\u015eahali Maliye Bakan\u0131 \u00d6zdemir Berova\u2019n\u0131n konu\u015fmas\u0131ndan sonra CTP Milletvekili Erkut \u015eahali k\u00fcrs\u00fcye \u00e7\u0131kt\u0131. \u015eahali Meclis \u00f6n\u00fcnde eczac\u0131lar\u0131n eylemine kat\u0131ld\u0131klar\u0131n\u0131, bu s\u0131rada kendileri olmadan Meclis oturumunun ba\u015flat\u0131ld\u0131\u011f\u0131n\u0131 s\u00f6yleyerek teess\u00fcflerini iletti. Yo\u011fun bir mesai sonucu b\u00fct\u00e7enin komiteden ge\u00e7ti\u011fini kaydeden \u015eahali, sadece bakanl\u0131klar de\u011fil \u00f6zel b\u00fct\u00e7eli kurumlar\u0131n b\u00fct\u00e7elerinin de ele al\u0131naca\u011f\u0131n\u0131 belirtti. Bunun s\u00fcrd\u00fcr\u00fclebilirlik, \u015feffafl\u0131k, denetlenebilirlik, hesap verebilirlik<\/p>\n","protected":false},"author":1,"featured_media":21721,"comment_status":"open","ping_status":"open","sticky":false,"template":"","format":"standard","meta":{"footnotes":""},"categories":[1],"tags":[],"class_list":["post-21720","post","type-post","status-publish","format-standard","has-post-thumbnail","hentry","category-gundem"],"yoast_head":"<!-- This site is optimized with the Yoast SEO plugin v28.4 - https:\/\/yoast.com\/product\/yoast-seo-wordpress\/ -->\n<title>Meclis Genel Kurulu, 2024 b\u00fct\u00e7esini g\u00f6r\u00fc\u015f\u00fcyor -<\/title>\n<meta name=\"robots\" content=\"index, follow, max-snippet:-1, max-image-preview:large, max-video-preview:-1\" \/>\n<link rel=\"canonical\" href=\"https:\/\/kibrisdakik.com\/?p=21720\" \/>\n<meta property=\"og:locale\" content=\"tr_TR\" \/>\n<meta property=\"og:type\" content=\"article\" \/>\n<meta property=\"og:title\" content=\"Meclis Genel Kurulu, 2024 b\u00fct\u00e7esini g\u00f6r\u00fc\u015f\u00fcyor -\" \/>\n<meta property=\"og:description\" content=\"-\u015eahali Maliye Bakan\u0131 \u00d6zdemir Berova\u2019n\u0131n konu\u015fmas\u0131ndan sonra CTP Milletvekili Erkut \u015eahali k\u00fcrs\u00fcye \u00e7\u0131kt\u0131. \u015eahali Meclis \u00f6n\u00fcnde eczac\u0131lar\u0131n eylemine kat\u0131ld\u0131klar\u0131n\u0131, bu s\u0131rada kendileri olmadan Meclis oturumunun ba\u015flat\u0131ld\u0131\u011f\u0131n\u0131 s\u00f6yleyerek teess\u00fcflerini iletti. Yo\u011fun bir mesai sonucu b\u00fct\u00e7enin komiteden ge\u00e7ti\u011fini kaydeden \u015eahali, sadece bakanl\u0131klar de\u011fil \u00f6zel b\u00fct\u00e7eli kurumlar\u0131n b\u00fct\u00e7elerinin de ele al\u0131naca\u011f\u0131n\u0131 belirtti. Bunun s\u00fcrd\u00fcr\u00fclebilirlik, \u015feffafl\u0131k, denetlenebilirlik, hesap verebilirlik\" \/>\n<meta property=\"og:url\" content=\"https:\/\/kibrisdakik.com\/?p=21720\" \/>\n<meta property=\"article:published_time\" content=\"2023-12-11T13:31:01+00:00\" \/>\n<meta property=\"og:image\" content=\"https:\/\/kibrisdakik.com\/wp-content\/uploads\/2023\/12\/meclis-genel-kurulu-2024-butcesini-gorusuyor-1702298509.webp.webp\" \/>\n\t<meta property=\"og:image:width\" content=\"710\" \/>\n\t<meta property=\"og:image:height\" content=\"370\" \/>\n\t<meta property=\"og:image:type\" content=\"image\/webp\" \/>\n<meta name=\"author\" content=\"admin\" \/>\n<meta name=\"twitter:card\" content=\"summary_large_image\" \/>\n<meta name=\"twitter:label1\" content=\"Yazan:\" \/>\n\t<meta name=\"twitter:data1\" content=\"admin\" \/>\n\t<meta name=\"twitter:label2\" content=\"Tahmini okuma s\u00fcresi\" \/>\n\t<meta name=\"twitter:data2\" content=\"4 dakika\" \/>\n<script type=\"application\/ld+json\" class=\"yoast-schema-graph\">{\"@context\":\"https:\\\/\\\/schema.org\",\"@graph\":[{\"@type\":\"Article\",\"@id\":\"https:\\\/\\\/kibrisdakik.com\\\/?p=21720#article\",\"isPartOf\":{\"@id\":\"https:\\\/\\\/kibrisdakik.com\\\/?p=21720\"},\"author\":{\"name\":\"admin\",\"@id\":\"https:\\\/\\\/kibrisdakik.com\\\/#\\\/schema\\\/person\\\/9cd9d437bbb44f72b73ba127e06d8e79\"},\"headline\":\"Meclis Genel Kurulu, 2024 b\u00fct\u00e7esini g\u00f6r\u00fc\u015f\u00fcyor\",\"datePublished\":\"2023-12-11T13:31:01+00:00\",\"mainEntityOfPage\":{\"@id\":\"https:\\\/\\\/kibrisdakik.com\\\/?p=21720\"},\"wordCount\":852,\"commentCount\":0,\"publisher\":{\"@id\":\"https:\\\/\\\/kibrisdakik.com\\\/#organization\"},\"image\":{\"@id\":\"https:\\\/\\\/kibrisdakik.com\\\/?p=21720#primaryimage\"},\"thumbnailUrl\":\"https:\\\/\\\/kibrisdakik.com\\\/wp-content\\\/uploads\\\/2023\\\/12\\\/meclis-genel-kurulu-2024-butcesini-gorusuyor-1702298509.webp.webp\",\"articleSection\":[\"G\u00fcndem\"],\"inLanguage\":\"tr\",\"potentialAction\":[{\"@type\":\"CommentAction\",\"name\":\"Comment\",\"target\":[\"https:\\\/\\\/kibrisdakik.com\\\/?p=21720#respond\"]}]},{\"@type\":\"WebPage\",\"@id\":\"https:\\\/\\\/kibrisdakik.com\\\/?p=21720\",\"url\":\"https:\\\/\\\/kibrisdakik.com\\\/?p=21720\",\"name\":\"Meclis Genel Kurulu, 2024 b\u00fct\u00e7esini g\u00f6r\u00fc\u015f\u00fcyor -\",\"isPartOf\":{\"@id\":\"https:\\\/\\\/kibrisdakik.com\\\/#website\"},\"primaryImageOfPage\":{\"@id\":\"https:\\\/\\\/kibrisdakik.com\\\/?p=21720#primaryimage\"},\"image\":{\"@id\":\"https:\\\/\\\/kibrisdakik.com\\\/?p=21720#primaryimage\"},\"thumbnailUrl\":\"https:\\\/\\\/kibrisdakik.com\\\/wp-content\\\/uploads\\\/2023\\\/12\\\/meclis-genel-kurulu-2024-butcesini-gorusuyor-1702298509.webp.webp\",\"datePublished\":\"2023-12-11T13:31:01+00:00\",\"breadcrumb\":{\"@id\":\"https:\\\/\\\/kibrisdakik.com\\\/?p=21720#breadcrumb\"},\"inLanguage\":\"tr\",\"potentialAction\":[{\"@type\":\"ReadAction\",\"target\":[\"https:\\\/\\\/kibrisdakik.com\\\/?p=21720\"]}]},{\"@type\":\"ImageObject\",\"inLanguage\":\"tr\",\"@id\":\"https:\\\/\\\/kibrisdakik.com\\\/?p=21720#primaryimage\",\"url\":\"https:\\\/\\\/kibrisdakik.com\\\/wp-content\\\/uploads\\\/2023\\\/12\\\/meclis-genel-kurulu-2024-butcesini-gorusuyor-1702298509.webp.webp\",\"contentUrl\":\"https:\\\/\\\/kibrisdakik.com\\\/wp-content\\\/uploads\\\/2023\\\/12\\\/meclis-genel-kurulu-2024-butcesini-gorusuyor-1702298509.webp.webp\",\"width\":710,\"height\":370},{\"@type\":\"BreadcrumbList\",\"@id\":\"https:\\\/\\\/kibrisdakik.com\\\/?p=21720#breadcrumb\",\"itemListElement\":[{\"@type\":\"ListItem\",\"position\":1,\"name\":\"Home\",\"item\":\"https:\\\/\\\/kibrisdakik.com\\\/\"},{\"@type\":\"ListItem\",\"position\":2,\"name\":\"Meclis Genel Kurulu, 2024 b\u00fct\u00e7esini g\u00f6r\u00fc\u015f\u00fcyor\"}]},{\"@type\":\"WebSite\",\"@id\":\"https:\\\/\\\/kibrisdakik.com\\\/#website\",\"url\":\"https:\\\/\\\/kibrisdakik.com\\\/\",\"name\":\"K\u0131br\u0131s Dakik\",\"description\":\"Tam vaktinde haber\",\"publisher\":{\"@id\":\"https:\\\/\\\/kibrisdakik.com\\\/#organization\"},\"potentialAction\":[{\"@type\":\"SearchAction\",\"target\":{\"@type\":\"EntryPoint\",\"urlTemplate\":\"https:\\\/\\\/kibrisdakik.com\\\/?s={search_term_string}\"},\"query-input\":{\"@type\":\"PropertyValueSpecification\",\"valueRequired\":true,\"valueName\":\"search_term_string\"}}],\"inLanguage\":\"tr\"},{\"@type\":\"Organization\",\"@id\":\"https:\\\/\\\/kibrisdakik.com\\\/#organization\",\"name\":\"K\u0131br\u0131s Dakik\",\"url\":\"https:\\\/\\\/kibrisdakik.com\\\/\",\"logo\":{\"@type\":\"ImageObject\",\"inLanguage\":\"tr\",\"@id\":\"https:\\\/\\\/kibrisdakik.com\\\/#\\\/schema\\\/logo\\\/image\\\/\",\"url\":\"https:\\\/\\\/kibrisdakik.com\\\/wp-content\\\/uploads\\\/2025\\\/10\\\/cropped-WhatsApp-Image-2025-10-02-at-12.58.31.jpeg\",\"contentUrl\":\"https:\\\/\\\/kibrisdakik.com\\\/wp-content\\\/uploads\\\/2025\\\/10\\\/cropped-WhatsApp-Image-2025-10-02-at-12.58.31.jpeg\",\"width\":1237,\"height\":190,\"caption\":\"K\u0131br\u0131s Dakik\"},\"image\":{\"@id\":\"https:\\\/\\\/kibrisdakik.com\\\/#\\\/schema\\\/logo\\\/image\\\/\"}},{\"@type\":\"Person\",\"@id\":\"https:\\\/\\\/kibrisdakik.com\\\/#\\\/schema\\\/person\\\/9cd9d437bbb44f72b73ba127e06d8e79\",\"name\":\"admin\",\"image\":{\"@type\":\"ImageObject\",\"inLanguage\":\"tr\",\"@id\":\"https:\\\/\\\/secure.gravatar.com\\\/avatar\\\/ccc17943b9d660506c869530f897617f7cb1c21a4bf30023f252596d83e1f007?s=96&d=mm&r=g\",\"url\":\"https:\\\/\\\/secure.gravatar.com\\\/avatar\\\/ccc17943b9d660506c869530f897617f7cb1c21a4bf30023f252596d83e1f007?s=96&d=mm&r=g\",\"contentUrl\":\"https:\\\/\\\/secure.gravatar.com\\\/avatar\\\/ccc17943b9d660506c869530f897617f7cb1c21a4bf30023f252596d83e1f007?s=96&d=mm&r=g\",\"caption\":\"admin\"},\"sameAs\":[\"https:\\\/\\\/kibrisdakik.com\"],\"url\":\"https:\\\/\\\/kibrisdakik.com\\\/?author=1\"}]}<\/script>\n<!-- \/ Yoast SEO plugin. -->","yoast_head_json":{"title":"Meclis Genel Kurulu, 2024 b\u00fct\u00e7esini g\u00f6r\u00fc\u015f\u00fcyor -","robots":{"index":"index","follow":"follow","max-snippet":"max-snippet:-1","max-image-preview":"max-image-preview:large","max-video-preview":"max-video-preview:-1"},"canonical":"https:\/\/kibrisdakik.com\/?p=21720","og_locale":"tr_TR","og_type":"article","og_title":"Meclis Genel Kurulu, 2024 b\u00fct\u00e7esini g\u00f6r\u00fc\u015f\u00fcyor -","og_description":"-\u015eahali Maliye Bakan\u0131 \u00d6zdemir Berova\u2019n\u0131n konu\u015fmas\u0131ndan sonra CTP Milletvekili Erkut \u015eahali k\u00fcrs\u00fcye \u00e7\u0131kt\u0131. \u015eahali Meclis \u00f6n\u00fcnde eczac\u0131lar\u0131n eylemine kat\u0131ld\u0131klar\u0131n\u0131, bu s\u0131rada kendileri olmadan Meclis oturumunun ba\u015flat\u0131ld\u0131\u011f\u0131n\u0131 s\u00f6yleyerek teess\u00fcflerini iletti. Yo\u011fun bir mesai sonucu b\u00fct\u00e7enin komiteden ge\u00e7ti\u011fini kaydeden \u015eahali, sadece bakanl\u0131klar de\u011fil \u00f6zel b\u00fct\u00e7eli kurumlar\u0131n b\u00fct\u00e7elerinin de ele al\u0131naca\u011f\u0131n\u0131 belirtti. Bunun s\u00fcrd\u00fcr\u00fclebilirlik, \u015feffafl\u0131k, denetlenebilirlik, hesap verebilirlik","og_url":"https:\/\/kibrisdakik.com\/?p=21720","article_published_time":"2023-12-11T13:31:01+00:00","og_image":[{"width":710,"height":370,"url":"https:\/\/kibrisdakik.com\/wp-content\/uploads\/2023\/12\/meclis-genel-kurulu-2024-butcesini-gorusuyor-1702298509.webp.webp","type":"image\/webp"}],"author":"admin","twitter_card":"summary_large_image","twitter_misc":{"Yazan:":"admin","Tahmini okuma s\u00fcresi":"4 dakika"},"schema":{"@context":"https:\/\/schema.org","@graph":[{"@type":"Article","@id":"https:\/\/kibrisdakik.com\/?p=21720#article","isPartOf":{"@id":"https:\/\/kibrisdakik.com\/?p=21720"},"author":{"name":"admin","@id":"https:\/\/kibrisdakik.com\/#\/schema\/person\/9cd9d437bbb44f72b73ba127e06d8e79"},"headline":"Meclis Genel Kurulu, 2024 b\u00fct\u00e7esini g\u00f6r\u00fc\u015f\u00fcyor","datePublished":"2023-12-11T13:31:01+00:00","mainEntityOfPage":{"@id":"https:\/\/kibrisdakik.com\/?p=21720"},"wordCount":852,"commentCount":0,"publisher":{"@id":"https:\/\/kibrisdakik.com\/#organization"},"image":{"@id":"https:\/\/kibrisdakik.com\/?p=21720#primaryimage"},"thumbnailUrl":"https:\/\/kibrisdakik.com\/wp-content\/uploads\/2023\/12\/meclis-genel-kurulu-2024-butcesini-gorusuyor-1702298509.webp.webp","articleSection":["G\u00fcndem"],"inLanguage":"tr","potentialAction":[{"@type":"CommentAction","name":"Comment","target":["https:\/\/kibrisdakik.com\/?p=21720#respond"]}]},{"@type":"WebPage","@id":"https:\/\/kibrisdakik.com\/?p=21720","url":"https:\/\/kibrisdakik.com\/?p=21720","name":"Meclis Genel Kurulu, 2024 b\u00fct\u00e7esini g\u00f6r\u00fc\u015f\u00fcyor -","isPartOf":{"@id":"https:\/\/kibrisdakik.com\/#website"},"primaryImageOfPage":{"@id":"https:\/\/kibrisdakik.com\/?p=21720#primaryimage"},"image":{"@id":"https:\/\/kibrisdakik.com\/?p=21720#primaryimage"},"thumbnailUrl":"https:\/\/kibrisdakik.com\/wp-content\/uploads\/2023\/12\/meclis-genel-kurulu-2024-butcesini-gorusuyor-1702298509.webp.webp","datePublished":"2023-12-11T13:31:01+00:00","breadcrumb":{"@id":"https:\/\/kibrisdakik.com\/?p=21720#breadcrumb"},"inLanguage":"tr","potentialAction":[{"@type":"ReadAction","target":["https:\/\/kibrisdakik.com\/?p=21720"]}]},{"@type":"ImageObject","inLanguage":"tr","@id":"https:\/\/kibrisdakik.com\/?p=21720#primaryimage","url":"https:\/\/kibrisdakik.com\/wp-content\/uploads\/2023\/12\/meclis-genel-kurulu-2024-butcesini-gorusuyor-1702298509.webp.webp","contentUrl":"https:\/\/kibrisdakik.com\/wp-content\/uploads\/2023\/12\/meclis-genel-kurulu-2024-butcesini-gorusuyor-1702298509.webp.webp","width":710,"height":370},{"@type":"BreadcrumbList","@id":"https:\/\/kibrisdakik.com\/?p=21720#breadcrumb","itemListElement":[{"@type":"ListItem","position":1,"name":"Home","item":"https:\/\/kibrisdakik.com\/"},{"@type":"ListItem","position":2,"name":"Meclis Genel Kurulu, 2024 b\u00fct\u00e7esini g\u00f6r\u00fc\u015f\u00fcyor"}]},{"@type":"WebSite","@id":"https:\/\/kibrisdakik.com\/#website","url":"https:\/\/kibrisdakik.com\/","name":"K\u0131br\u0131s Dakik","description":"Tam vaktinde haber","publisher":{"@id":"https:\/\/kibrisdakik.com\/#organization"},"potentialAction":[{"@type":"SearchAction","target":{"@type":"EntryPoint","urlTemplate":"https:\/\/kibrisdakik.com\/?s={search_term_string}"},"query-input":{"@type":"PropertyValueSpecification","valueRequired":true,"valueName":"search_term_string"}}],"inLanguage":"tr"},{"@type":"Organization","@id":"https:\/\/kibrisdakik.com\/#organization","name":"K\u0131br\u0131s Dakik","url":"https:\/\/kibrisdakik.com\/","logo":{"@type":"ImageObject","inLanguage":"tr","@id":"https:\/\/kibrisdakik.com\/#\/schema\/logo\/image\/","url":"https:\/\/kibrisdakik.com\/wp-content\/uploads\/2025\/10\/cropped-WhatsApp-Image-2025-10-02-at-12.58.31.jpeg","contentUrl":"https:\/\/kibrisdakik.com\/wp-content\/uploads\/2025\/10\/cropped-WhatsApp-Image-2025-10-02-at-12.58.31.jpeg","width":1237,"height":190,"caption":"K\u0131br\u0131s Dakik"},"image":{"@id":"https:\/\/kibrisdakik.com\/#\/schema\/logo\/image\/"}},{"@type":"Person","@id":"https:\/\/kibrisdakik.com\/#\/schema\/person\/9cd9d437bbb44f72b73ba127e06d8e79","name":"admin","image":{"@type":"ImageObject","inLanguage":"tr","@id":"https:\/\/secure.gravatar.com\/avatar\/ccc17943b9d660506c869530f897617f7cb1c21a4bf30023f252596d83e1f007?s=96&d=mm&r=g","url":"https:\/\/secure.gravatar.com\/avatar\/ccc17943b9d660506c869530f897617f7cb1c21a4bf30023f252596d83e1f007?s=96&d=mm&r=g","contentUrl":"https:\/\/secure.gravatar.com\/avatar\/ccc17943b9d660506c869530f897617f7cb1c21a4bf30023f252596d83e1f007?s=96&d=mm&r=g","caption":"admin"},"sameAs":["https:\/\/kibrisdakik.com"],"url":"https:\/\/kibrisdakik.com\/?author=1"}]}},"_links":{"self":[{"href":"https:\/\/kibrisdakik.com\/index.php?rest_route=\/wp\/v2\/posts\/21720","targetHints":{"allow":["GET"]}}],"collection":[{"href":"https:\/\/kibrisdakik.com\/index.php?rest_route=\/wp\/v2\/posts"}],"about":[{"href":"https:\/\/kibrisdakik.com\/index.php?rest_route=\/wp\/v2\/types\/post"}],"author":[{"embeddable":true,"href":"https:\/\/kibrisdakik.com\/index.php?rest_route=\/wp\/v2\/users\/1"}],"replies":[{"embeddable":true,"href":"https:\/\/kibrisdakik.com\/index.php?rest_route=%2Fwp%2Fv2%2Fcomments&post=21720"}],"version-history":[{"count":0,"href":"https:\/\/kibrisdakik.com\/index.php?rest_route=\/wp\/v2\/posts\/21720\/revisions"}],"wp:featuredmedia":[{"embeddable":true,"href":"https:\/\/kibrisdakik.com\/index.php?rest_route=\/wp\/v2\/media\/21721"}],"wp:attachment":[{"href":"https:\/\/kibrisdakik.com\/index.php?rest_route=%2Fwp%2Fv2%2Fmedia&parent=21720"}],"wp:term":[{"taxonomy":"category","embeddable":true,"href":"https:\/\/kibrisdakik.com\/index.php?rest_route=%2Fwp%2Fv2%2Fcategories&post=21720"},{"taxonomy":"post_tag","embeddable":true,"href":"https:\/\/kibrisdakik.com\/index.php?rest_route=%2Fwp%2Fv2%2Ftags&post=21720"}],"curies":[{"name":"wp","href":"https:\/\/api.w.org\/{rel}","templated":true}]}}