{"id":21724,"date":"2023-12-11T14:20:49","date_gmt":"2023-12-11T14:20:49","guid":{"rendered":"https:\/\/kibrisdakik.com\/index.php\/2023\/12\/11\/eczacilar-meclise-yurudu\/"},"modified":"2023-12-11T14:20:49","modified_gmt":"2023-12-11T14:20:49","slug":"eczacilar-meclise-yurudu","status":"publish","type":"post","link":"https:\/\/kibrisdakik.com\/?p=21724","title":{"rendered":"Eczac\u0131lar Meclis\u2019e y\u00fcr\u00fcd\u00fc"},"content":{"rendered":"<p><img decoding=\"async\" src=\"https:\/\/www.kibristurk.com\/images\/haberler\/2023\/12\/eczacilar-meclise-yurudu-1702302069.webp\" \/><\/p>\n<p style=\"text-align:left\"><span style=\"font-size:16px\"><span style=\"font-family:Merriweather,serif !important\"><span style=\"color:#000000\"><span style=\"background-color:#ffffff\"><span style=\"font-size:14pt\"><span style=\"font-family:Merriweather,serif !important\"><span style=\"color:#000000 !important\">K\u0131br\u0131s T\u00fcrk Eczac\u0131lar Birli\u011fi, &#8220;re\u00e7ete yolsuzlu\u011fu&#8221; s\u00fcrecine tepki i\u00e7in bug\u00fcn Lefko\u015fa\u2019da \u201cOnur Y\u00fcr\u00fcy\u00fc\u015f\u00fc\u201d d\u00fczenledi. Otob\u00fcs Terminali\u2019nde toplanan eczac\u0131lar ve ecza deposu \u00e7al\u0131\u015fanlar\u0131, Cumhuriyet Meclisi \u00f6n\u00fcne kadar y\u00fcr\u00fcd\u00fc.&nbsp;<\/span><\/span><\/span><\/span><\/span><\/span><\/span><\/p>\n<p style=\"text-align:left\"><span style=\"font-size:16px\"><span style=\"font-family:Merriweather,serif !important\"><span style=\"color:#000000\"><span style=\"background-color:#ffffff\"><span style=\"font-size:14pt\"><span style=\"font-family:Merriweather,serif !important\"><span style=\"color:#000000 !important\">Ya\u011fmurlu havaya ra\u011fmen \u00e7<\/span><\/span><\/span><span style=\"font-size:14pt\"><span style=\"font-family:Merriweather,serif !important\"><span style=\"color:#000000 !important\">e\u015fitli sloganlar\u0131n yaz\u0131ld\u0131\u011f\u0131 pankartlarla y\u00fcr\u00fcyen eczac\u0131lar, mesleklerinin itibars\u0131zla\u015ft\u0131r\u0131lmas\u0131na, ma\u011fduriyetlerine ve sigortal\u0131 vatanda\u015flar\u0131n ila\u00e7lar\u0131na eri\u015fmede ya\u015fad\u0131\u011f\u0131 s\u0131k\u0131nt\u0131lara dikkat \u00e7ekerek&nbsp;<\/span><\/span><\/span><span style=\"font-size:14pt\"><span style=\"font-family:Merriweather,serif !important\"><span style=\"color:#000000 !important\">taleplerini dile getirdi.<\/span><\/span><\/span><\/span><\/span><\/span><\/span><\/p>\n<p>K\u0131br\u0131s T\u00fcrk Eczac\u0131lar Birli\u011fi Ba\u015fkan\u0131 Umut \u00d6ks\u00fcz, eylemde yapt\u0131\u011f\u0131 konu\u015fmada, re\u00e7ete soru\u015fturmas\u0131 yarg\u0131lama s\u00fcrecinin s\u0131k\u0131nt\u0131lar\u0131na ve eylemin amac\u0131 hakk\u0131nda bilgi vererek s\u00f6yleyecek bir \u00e7ift laflar\u0131 oldu\u011funu s\u00f6yledi.<\/p>\n<p style=\"text-align:left\"><span style=\"font-size:16px\"><span style=\"font-family:Merriweather,serif !important\"><span style=\"color:#000000\"><span style=\"background-color:#ffffff\"><span style=\"font-size:14pt\"><span style=\"font-family:Merriweather,serif !important\"><span style=\"color:#000000 !important\">Eylemin devam etti\u011fi s\u0131rada Meclis\u2019te bulunan \u00c7al\u0131\u015fma ve Sosyal G\u00fcvenlik Bakan\u0131 Sad\u0131k Gardiyano\u011flu ile Sa\u011fl\u0131k Bakan\u0131 Hakan Din\u00e7y\u00fcrek eczac\u0131lar\u0131n yan\u0131na gitti.<\/span><\/span><\/span><\/span><\/span><\/span><\/span><\/p>\n<p style=\"text-align:left\"><span style=\"font-size:16px\"><span style=\"font-family:Merriweather,serif !important\"><span style=\"color:#000000\"><span style=\"background-color:#ffffff\"><span style=\"font-size:14pt\"><span style=\"font-family:Merriweather,serif !important\"><span style=\"color:#000000 !important\">\u00c7al\u0131\u015fma ve Sosyal G\u00fcvenlik Bakan\u0131 Sad\u0131k Gardiyano\u011flu, re\u00e7ete yolsuzlu\u011fuyla s\u00fcrecinin do\u011fru y\u00f6netilebilmesi i\u00e7in gerek Eczac\u0131lar Birli\u011fi gerekse Tabipler Birli\u011fi ile s\u00fcrekli ileti\u015fim i\u00e7erisinde olduklar\u0131n\u0131 vurgulad\u0131.<\/span><\/span><\/span><\/span><\/span><\/span><\/span><\/p>\n<p style=\"text-align:left\"><span style=\"font-size:16px\"><span style=\"font-family:Merriweather,serif !important\"><span style=\"color:#000000\"><span style=\"background-color:#ffffff\"><span style=\"font-size:14pt\"><span style=\"font-family:Merriweather,serif !important\"><span style=\"color:#000000 !important\">Gardiyano\u011flu, Sosyal Sigortalar\u0131n denetlenmesi ve varsa su\u00e7lular\u0131n cezaland\u0131r\u0131lmalar\u0131 konusunda ilk g\u00fcnden beri tavr\u0131n\u0131n net oldu\u011funu ifade etti.<\/span><\/span><\/span><\/span><\/span><\/span><\/span><\/p>\n<p style=\"text-align:left\"><span style=\"font-size:16px\"><span style=\"font-family:Merriweather,serif !important\"><span style=\"color:#000000\"><span style=\"background-color:#ffffff\"><span style=\"font-size:14pt\"><span style=\"font-family:Merriweather,serif !important\"><span style=\"color:#000000 !important\">Gardiyano\u011flu, sigortal\u0131 hastalar\u0131n ma\u011fdur edilmemesi i\u00e7inde bir hafta i\u00e7erisinde yeni bir sistemin uygulamaya girece\u011fini kaydetti.<\/span><\/span><\/span><\/span><\/span><\/span><\/span><\/p>\n<p style=\"text-align:left\"><span style=\"font-size:16px\"><span style=\"font-family:Merriweather,serif !important\"><span style=\"color:#000000\"><span style=\"background-color:#ffffff\"><span style=\"font-size:14pt\"><span style=\"font-family:Merriweather,serif !important\"><span style=\"color:#000000 !important\">Sa\u011fl\u0131k Bakan\u0131 Hakan Din\u00e7y\u00fcrek ise eczac\u0131 ve hekim \u00f6rg\u00fctleriyle s\u00fcrekli irtibat i\u00e7erisinde olduklar\u0131n\u0131 herkesin mutlu olaca\u011f\u0131 bir sistem kurmak i\u00e7in \u00e7aba g\u00f6sterdiklerini s\u00f6yledi.<\/span><\/span><\/span><\/span><\/span><\/span><\/span><\/p>\n<p style=\"text-align:left\"><span style=\"font-size:16px\"><span style=\"font-family:Merriweather,serif !important\"><span style=\"color:#000000\"><span style=\"background-color:#ffffff\"><span style=\"font-size:14pt\"><span style=\"font-family:Merriweather,serif !important\"><span style=\"color:#000000 !important\">Din\u00e7y\u00fcrek, \u201cBu s\u00fcrecin oda\u011f\u0131nda hasta var. Biz varsak hasta oldu\u011fu i\u00e7in var\u0131z. Eczac\u0131 varsa hasta oldu\u011fu i\u00e7in var. Hastan\u0131n ma\u011fduriyetini ivedilikle ortadan kald\u0131racak, el birli\u011fiyle hepimizin insan sevgisi ve meslek onuru ve sorumlulu\u011fuyla hareket ediyoruz\u201d dedi.<\/span><\/span><\/span><\/span><\/span><\/span><\/span><\/p>\n<p style=\"text-align:left\"><span style=\"font-size:16px\"><span style=\"font-family:Merriweather,serif !important\"><span style=\"color:#000000\"><span style=\"background-color:#ffffff\"><span style=\"font-size:14pt\"><span style=\"font-family:Merriweather,serif !important\"><span style=\"color:#000000 !important\">Eczac\u0131lar iki bakan\u0131n a\u00e7\u0131klamalar\u0131na zaman zaman tepki g\u00f6sterdi.<\/span><\/span><\/span><\/span><\/span><\/span><\/span><\/p>\n<p style=\"text-align:left\"><span style=\"font-size:16px\"><span style=\"font-family:Merriweather,serif !important\"><span style=\"color:#000000\"><span style=\"background-color:#ffffff\"><span style=\"font-size:14pt\"><span style=\"font-family:Merriweather,serif !important\"><span style=\"color:#000000 !important\">Bakanlar\u0131n a\u00e7\u0131klamas\u0131ndan sonra Eczac\u0131lar Birli\u011fi Ba\u015fkan\u0131 Umut \u00d6ks\u00fcz bas\u0131n a\u00e7\u0131klamas\u0131n\u0131 okudu.<\/span><\/span><\/span><\/span><\/span><\/span><\/span><\/p>\n<p style=\"text-align:left\"><span style=\"font-size:16px\"><span style=\"font-family:Merriweather,serif !important\"><span style=\"color:#000000\"><span style=\"background-color:#ffffff\"><span style=\"font-size:14pt\"><span style=\"font-family:Merriweather,serif !important\"><span style=\"color:#000000 !important\">\u00d6ks\u00fcz, \u201cSosyal sigortal\u0131 hastalar, sigortal\u0131 re\u00e7eteli ilaca ula\u015famad\u0131\u011f\u0131ndan dolay\u0131 hastane ve eczanelere y\u0131\u011f\u0131ld\u0131. Hastanelerde ciddi bir yo\u011funluk ya\u015fand\u0131, temas artt\u0131, ilaca eri\u015fim zorland\u0131 ve Sa\u011fl\u0131k Bakanl\u0131\u011f\u0131 b\u00fcnyesindeki ila\u00e7lar h\u0131zl\u0131ca t\u00fckenerek, Bakanl\u0131\u011f\u0131n giderleri artt\u0131\u201d ifadelerini kulland\u0131.<\/span><\/span><\/span><\/span><\/span><\/span><\/span><\/p>\n<p style=\"text-align:left\"><span style=\"font-size:16px\"><span style=\"font-family:Merriweather,serif !important\"><span style=\"color:#000000\"><span style=\"background-color:#ffffff\"><span style=\"font-size:14pt\"><span style=\"font-family:Merriweather,serif !important\"><span style=\"color:#000000 !important\">A\u00e7\u0131klamada, ila\u00e7 yetersizli\u011fi konusundaki sorunlar\u0131 ortadan kald\u0131rmak i\u00e7in gerekli bakanl\u0131klara proje ve \u00f6neri sunuldu\u011fu da belirtildi.<\/span><\/span><\/span><\/span><\/span><\/span><\/span><\/p>\n<p style=\"text-align:left\"><span style=\"font-size:16px\"><span style=\"font-family:Merriweather,serif !important\"><span style=\"color:#000000\"><span style=\"background-color:#ffffff\"><span style=\"font-size:14pt\"><span style=\"font-family:Merriweather,serif !important\"><span style=\"color:#000000 !important\">Konu\u015fmas\u0131nda y\u0131llar itibar\u0131yla re\u00e7ete say\u0131lar\u0131 ve Sosyal Sigortalar\u0131n \u00f6dedi\u011fi rakamlar payla\u015fan Umut \u00d6ks\u00fcz, \u201cYarg\u0131 nezdinden su\u00e7lu kim varsa cezas\u0131n\u0131 \u00e7ekecek ama b\u0131rak\u0131n da bu i\u015fi yarg\u0131 yaps\u0131n. Masumiyet karinesi d\u00fcnyan\u0131n hi\u00e7bir yerinde olmad\u0131\u011f\u0131 kadar \u00fclkemizde yerle bir edildi\u201d dedi.<\/span><\/span><\/span><\/span><\/span><\/span><\/span><\/p>\n<p style=\"text-align:left\"><span style=\"font-size:16px\"><span style=\"font-family:Merriweather,serif !important\"><span style=\"color:#000000\"><span style=\"background-color:#ffffff\"><span style=\"font-size:14pt\"><span style=\"font-family:Merriweather,serif !important\"><span style=\"color:#000000 !important\">\u00d6ks\u00fcz, \u201cBu eczac\u0131n\u0131n kalbi yaral\u0131d\u0131r\u201d diyerek g\u00fczel g\u00fcnlere el ele ula\u015f\u0131lmas\u0131 dile\u011finde bulundu.<\/span><\/span><\/span><\/span><\/span><\/span><\/span><\/p>\n<p style=\"text-align:left\"><span style=\"font-size:16px\"><span style=\"font-family:Merriweather,serif !important\"><span style=\"color:#000000\"><span style=\"background-color:#ffffff\"><span style=\"font-size:14pt\"><span style=\"font-family:Merriweather,serif !important\"><span style=\"color:#000000 !important\">-Erh\u00fcrman<\/span><\/span><\/span><\/span><\/span><\/span><\/span><\/p>\n<p style=\"text-align:left\"><span style=\"font-size:16px\"><span style=\"font-family:Merriweather,serif !important\"><span style=\"color:#000000\"><span style=\"background-color:#ffffff\"><span style=\"font-size:14pt\"><span style=\"font-family:Merriweather,serif !important\"><span style=\"color:#000000 !important\">CTP Genel Ba\u015fkan\u0131 Tufan Erh\u00fcrman da, eczac\u0131lar\u0131n yan\u0131na giderek destek belirtti ve re\u00e7ete soru\u015fturmas\u0131 s\u00fcrecinde izlenen y\u00f6ntemin kabul edilmez oldu\u011funu belirtti.<\/span><\/span><\/span><\/span><\/span><\/span><\/span><\/p>\n<p style=\"text-align:left\"><span style=\"font-size:16px\"><span style=\"font-family:Merriweather,serif !important\"><span style=\"color:#000000\"><span style=\"background-color:#ffffff\"><span style=\"font-size:14pt\"><span style=\"font-family:Merriweather,serif !important\"><span style=\"color:#000000 !important\">Erh\u00fcrman, eczac\u0131lara ve eczac\u0131l\u0131k mesle\u011fine sahip \u00e7\u0131kman\u0131n toplumun g\u00f6revi oldu\u011funu vurgulad\u0131.<\/span><\/span><\/span><\/span><\/span><\/span><\/span><\/p>\n<p style=\"text-align:left\"><span style=\"font-size:16px\"><span style=\"font-family:Merriweather,serif !important\"><span style=\"color:#000000\"><span style=\"background-color:#ffffff\"><span style=\"font-size:14pt\"><span style=\"font-family:Merriweather,serif !important\"><span style=\"color:#000000 !important\">Tufan Erh\u00fcrman, eylemin sebebinin ilk g\u00fcnden beri hep beraber uyard\u0131klar\u0131 \u201cyarg\u0131s\u0131z infaz\u0131n kabul edilemeyece\u011fi\u201d konusunda bug\u00fcne kadar halen yeterli hassasiyetin g\u00f6sterilmemesi oldu\u011funu kaydetti. Masumiyet karinesinin bir insan hakk\u0131 oldu\u011funu, ihlalinin kabul edilemeyece\u011fi ifade eden Erh\u00fcrman, eczac\u0131lar\u0131n kamu g\u00f6revi yapt\u0131\u011f\u0131na dikkat \u00e7ekti.<\/span><\/span><\/span><\/span><\/span><\/span><\/span><\/p>\n<p style=\"text-align:left\"><span style=\"font-size:16px\"><span style=\"font-family:Merriweather,serif !important\"><span style=\"color:#000000\"><span style=\"background-color:#ffffff\"><span style=\"font-size:14pt\"><span style=\"font-family:Merriweather,serif !important\"><span style=\"color:#000000 !important\">Eczac\u0131l\u0131k mesle\u011finin itibar\u0131n\u0131n yerle bir edilmesinin kabul edilemeyece\u011fini kaydeden Erh\u00fcrman, soru\u015fturmalar\u0131n da travmatize y\u00f6ntemlerle yap\u0131ld\u0131\u011f\u0131n\u0131 belirtti. Hem hizmet veren hem de alanlar\u0131 ma\u011fdur edilmesinin haks\u0131zl\u0131k oldu\u011funu vurgulayarak \u201cBu haks\u0131zl\u0131\u011fa hep birlikte kar\u015f\u0131 \u00e7\u0131kmak hepimizin y\u00fck\u00fcml\u00fcl\u00fc\u011f\u00fcd\u00fcr\u201d dedi.<\/span><\/span><\/span><\/span><\/span><\/span><\/span><\/p>\n","protected":false},"excerpt":{"rendered":"<p>K\u0131br\u0131s T\u00fcrk Eczac\u0131lar Birli\u011fi, &#8220;re\u00e7ete yolsuzlu\u011fu&#8221; s\u00fcrecine tepki i\u00e7in bug\u00fcn Lefko\u015fa\u2019da \u201cOnur Y\u00fcr\u00fcy\u00fc\u015f\u00fc\u201d d\u00fczenledi. Otob\u00fcs Terminali\u2019nde toplanan eczac\u0131lar ve ecza deposu \u00e7al\u0131\u015fanlar\u0131, Cumhuriyet Meclisi \u00f6n\u00fcne kadar y\u00fcr\u00fcd\u00fc.&nbsp; Ya\u011fmurlu havaya ra\u011fmen \u00e7e\u015fitli sloganlar\u0131n yaz\u0131ld\u0131\u011f\u0131 pankartlarla y\u00fcr\u00fcyen eczac\u0131lar, mesleklerinin itibars\u0131zla\u015ft\u0131r\u0131lmas\u0131na, ma\u011fduriyetlerine ve sigortal\u0131 vatanda\u015flar\u0131n ila\u00e7lar\u0131na eri\u015fmede ya\u015fad\u0131\u011f\u0131 s\u0131k\u0131nt\u0131lara dikkat \u00e7ekerek&nbsp;taleplerini dile getirdi. K\u0131br\u0131s T\u00fcrk Eczac\u0131lar Birli\u011fi Ba\u015fkan\u0131<\/p>\n","protected":false},"author":1,"featured_media":21725,"comment_status":"open","ping_status":"open","sticky":false,"template":"","format":"standard","meta":{"footnotes":""},"categories":[86],"tags":[],"class_list":["post-21724","post","type-post","status-publish","format-standard","has-post-thumbnail","hentry","category-turkiye"],"yoast_head":"<!-- This site is optimized with the Yoast SEO plugin v27.5 - https:\/\/yoast.com\/product\/yoast-seo-wordpress\/ -->\n<title>Eczac\u0131lar Meclis\u2019e y\u00fcr\u00fcd\u00fc -<\/title>\n<meta name=\"robots\" content=\"index, follow, max-snippet:-1, max-image-preview:large, max-video-preview:-1\" \/>\n<link rel=\"canonical\" href=\"https:\/\/kibrisdakik.com\/?p=21724\" \/>\n<meta property=\"og:locale\" content=\"tr_TR\" \/>\n<meta property=\"og:type\" content=\"article\" \/>\n<meta property=\"og:title\" content=\"Eczac\u0131lar Meclis\u2019e y\u00fcr\u00fcd\u00fc -\" \/>\n<meta property=\"og:description\" content=\"K\u0131br\u0131s T\u00fcrk Eczac\u0131lar Birli\u011fi, &#8220;re\u00e7ete yolsuzlu\u011fu&#8221; s\u00fcrecine tepki i\u00e7in bug\u00fcn Lefko\u015fa\u2019da \u201cOnur Y\u00fcr\u00fcy\u00fc\u015f\u00fc\u201d d\u00fczenledi. Otob\u00fcs Terminali\u2019nde toplanan eczac\u0131lar ve ecza deposu \u00e7al\u0131\u015fanlar\u0131, Cumhuriyet Meclisi \u00f6n\u00fcne kadar y\u00fcr\u00fcd\u00fc.&nbsp; Ya\u011fmurlu havaya ra\u011fmen \u00e7e\u015fitli sloganlar\u0131n yaz\u0131ld\u0131\u011f\u0131 pankartlarla y\u00fcr\u00fcyen eczac\u0131lar, mesleklerinin itibars\u0131zla\u015ft\u0131r\u0131lmas\u0131na, ma\u011fduriyetlerine ve sigortal\u0131 vatanda\u015flar\u0131n ila\u00e7lar\u0131na eri\u015fmede ya\u015fad\u0131\u011f\u0131 s\u0131k\u0131nt\u0131lara dikkat \u00e7ekerek&nbsp;taleplerini dile getirdi. K\u0131br\u0131s T\u00fcrk Eczac\u0131lar Birli\u011fi Ba\u015fkan\u0131\" \/>\n<meta property=\"og:url\" content=\"https:\/\/kibrisdakik.com\/?p=21724\" \/>\n<meta property=\"article:published_time\" content=\"2023-12-11T14:20:49+00:00\" \/>\n<meta property=\"og:image\" content=\"https:\/\/kibrisdakik.com\/wp-content\/uploads\/2023\/12\/eczacilar-meclise-yurudu-1702302069.webp.webp\" \/>\n\t<meta property=\"og:image:width\" content=\"710\" \/>\n\t<meta property=\"og:image:height\" content=\"370\" \/>\n\t<meta property=\"og:image:type\" content=\"image\/webp\" \/>\n<meta name=\"author\" content=\"admin\" \/>\n<meta name=\"twitter:card\" content=\"summary_large_image\" \/>\n<meta name=\"twitter:label1\" content=\"Yazan:\" \/>\n\t<meta name=\"twitter:data1\" content=\"admin\" \/>\n\t<meta name=\"twitter:label2\" content=\"Tahmini okuma s\u00fcresi\" \/>\n\t<meta name=\"twitter:data2\" content=\"4 dakika\" \/>\n<script type=\"application\/ld+json\" class=\"yoast-schema-graph\">{\"@context\":\"https:\\\/\\\/schema.org\",\"@graph\":[{\"@type\":\"Article\",\"@id\":\"https:\\\/\\\/kibrisdakik.com\\\/?p=21724#article\",\"isPartOf\":{\"@id\":\"https:\\\/\\\/kibrisdakik.com\\\/?p=21724\"},\"author\":{\"name\":\"admin\",\"@id\":\"https:\\\/\\\/kibrisdakik.com\\\/#\\\/schema\\\/person\\\/9cd9d437bbb44f72b73ba127e06d8e79\"},\"headline\":\"Eczac\u0131lar Meclis\u2019e y\u00fcr\u00fcd\u00fc\",\"datePublished\":\"2023-12-11T14:20:49+00:00\",\"mainEntityOfPage\":{\"@id\":\"https:\\\/\\\/kibrisdakik.com\\\/?p=21724\"},\"wordCount\":717,\"commentCount\":0,\"image\":{\"@id\":\"https:\\\/\\\/kibrisdakik.com\\\/?p=21724#primaryimage\"},\"thumbnailUrl\":\"https:\\\/\\\/kibrisdakik.com\\\/wp-content\\\/uploads\\\/2023\\\/12\\\/eczacilar-meclise-yurudu-1702302069.webp.webp\",\"articleSection\":[\"T\u00fcrkiye\"],\"inLanguage\":\"tr\",\"potentialAction\":[{\"@type\":\"CommentAction\",\"name\":\"Comment\",\"target\":[\"https:\\\/\\\/kibrisdakik.com\\\/?p=21724#respond\"]}]},{\"@type\":\"WebPage\",\"@id\":\"https:\\\/\\\/kibrisdakik.com\\\/?p=21724\",\"url\":\"https:\\\/\\\/kibrisdakik.com\\\/?p=21724\",\"name\":\"Eczac\u0131lar Meclis\u2019e y\u00fcr\u00fcd\u00fc -\",\"isPartOf\":{\"@id\":\"https:\\\/\\\/kibrisdakik.com\\\/#website\"},\"primaryImageOfPage\":{\"@id\":\"https:\\\/\\\/kibrisdakik.com\\\/?p=21724#primaryimage\"},\"image\":{\"@id\":\"https:\\\/\\\/kibrisdakik.com\\\/?p=21724#primaryimage\"},\"thumbnailUrl\":\"https:\\\/\\\/kibrisdakik.com\\\/wp-content\\\/uploads\\\/2023\\\/12\\\/eczacilar-meclise-yurudu-1702302069.webp.webp\",\"datePublished\":\"2023-12-11T14:20:49+00:00\",\"author\":{\"@id\":\"https:\\\/\\\/kibrisdakik.com\\\/#\\\/schema\\\/person\\\/9cd9d437bbb44f72b73ba127e06d8e79\"},\"breadcrumb\":{\"@id\":\"https:\\\/\\\/kibrisdakik.com\\\/?p=21724#breadcrumb\"},\"inLanguage\":\"tr\",\"potentialAction\":[{\"@type\":\"ReadAction\",\"target\":[\"https:\\\/\\\/kibrisdakik.com\\\/?p=21724\"]}]},{\"@type\":\"ImageObject\",\"inLanguage\":\"tr\",\"@id\":\"https:\\\/\\\/kibrisdakik.com\\\/?p=21724#primaryimage\",\"url\":\"https:\\\/\\\/kibrisdakik.com\\\/wp-content\\\/uploads\\\/2023\\\/12\\\/eczacilar-meclise-yurudu-1702302069.webp.webp\",\"contentUrl\":\"https:\\\/\\\/kibrisdakik.com\\\/wp-content\\\/uploads\\\/2023\\\/12\\\/eczacilar-meclise-yurudu-1702302069.webp.webp\",\"width\":710,\"height\":370},{\"@type\":\"BreadcrumbList\",\"@id\":\"https:\\\/\\\/kibrisdakik.com\\\/?p=21724#breadcrumb\",\"itemListElement\":[{\"@type\":\"ListItem\",\"position\":1,\"name\":\"Home\",\"item\":\"https:\\\/\\\/kibrisdakik.com\\\/\"},{\"@type\":\"ListItem\",\"position\":2,\"name\":\"Eczac\u0131lar Meclis\u2019e y\u00fcr\u00fcd\u00fc\"}]},{\"@type\":\"WebSite\",\"@id\":\"https:\\\/\\\/kibrisdakik.com\\\/#website\",\"url\":\"https:\\\/\\\/kibrisdakik.com\\\/\",\"name\":\"\",\"description\":\"Tam vaktinde haber\",\"potentialAction\":[{\"@type\":\"SearchAction\",\"target\":{\"@type\":\"EntryPoint\",\"urlTemplate\":\"https:\\\/\\\/kibrisdakik.com\\\/?s={search_term_string}\"},\"query-input\":{\"@type\":\"PropertyValueSpecification\",\"valueRequired\":true,\"valueName\":\"search_term_string\"}}],\"inLanguage\":\"tr\"},{\"@type\":\"Person\",\"@id\":\"https:\\\/\\\/kibrisdakik.com\\\/#\\\/schema\\\/person\\\/9cd9d437bbb44f72b73ba127e06d8e79\",\"name\":\"admin\",\"image\":{\"@type\":\"ImageObject\",\"inLanguage\":\"tr\",\"@id\":\"https:\\\/\\\/secure.gravatar.com\\\/avatar\\\/ccc17943b9d660506c869530f897617f7cb1c21a4bf30023f252596d83e1f007?s=96&d=mm&r=g\",\"url\":\"https:\\\/\\\/secure.gravatar.com\\\/avatar\\\/ccc17943b9d660506c869530f897617f7cb1c21a4bf30023f252596d83e1f007?s=96&d=mm&r=g\",\"contentUrl\":\"https:\\\/\\\/secure.gravatar.com\\\/avatar\\\/ccc17943b9d660506c869530f897617f7cb1c21a4bf30023f252596d83e1f007?s=96&d=mm&r=g\",\"caption\":\"admin\"},\"sameAs\":[\"https:\\\/\\\/kibrisdakik.com\"],\"url\":\"https:\\\/\\\/kibrisdakik.com\\\/?author=1\"}]}<\/script>\n<!-- \/ Yoast SEO plugin. -->","yoast_head_json":{"title":"Eczac\u0131lar Meclis\u2019e y\u00fcr\u00fcd\u00fc -","robots":{"index":"index","follow":"follow","max-snippet":"max-snippet:-1","max-image-preview":"max-image-preview:large","max-video-preview":"max-video-preview:-1"},"canonical":"https:\/\/kibrisdakik.com\/?p=21724","og_locale":"tr_TR","og_type":"article","og_title":"Eczac\u0131lar Meclis\u2019e y\u00fcr\u00fcd\u00fc -","og_description":"K\u0131br\u0131s T\u00fcrk Eczac\u0131lar Birli\u011fi, &#8220;re\u00e7ete yolsuzlu\u011fu&#8221; s\u00fcrecine tepki i\u00e7in bug\u00fcn Lefko\u015fa\u2019da \u201cOnur Y\u00fcr\u00fcy\u00fc\u015f\u00fc\u201d d\u00fczenledi. Otob\u00fcs Terminali\u2019nde toplanan eczac\u0131lar ve ecza deposu \u00e7al\u0131\u015fanlar\u0131, Cumhuriyet Meclisi \u00f6n\u00fcne kadar y\u00fcr\u00fcd\u00fc.&nbsp; Ya\u011fmurlu havaya ra\u011fmen \u00e7e\u015fitli sloganlar\u0131n yaz\u0131ld\u0131\u011f\u0131 pankartlarla y\u00fcr\u00fcyen eczac\u0131lar, mesleklerinin itibars\u0131zla\u015ft\u0131r\u0131lmas\u0131na, ma\u011fduriyetlerine ve sigortal\u0131 vatanda\u015flar\u0131n ila\u00e7lar\u0131na eri\u015fmede ya\u015fad\u0131\u011f\u0131 s\u0131k\u0131nt\u0131lara dikkat \u00e7ekerek&nbsp;taleplerini dile getirdi. K\u0131br\u0131s T\u00fcrk Eczac\u0131lar Birli\u011fi Ba\u015fkan\u0131","og_url":"https:\/\/kibrisdakik.com\/?p=21724","article_published_time":"2023-12-11T14:20:49+00:00","og_image":[{"width":710,"height":370,"url":"https:\/\/kibrisdakik.com\/wp-content\/uploads\/2023\/12\/eczacilar-meclise-yurudu-1702302069.webp.webp","type":"image\/webp"}],"author":"admin","twitter_card":"summary_large_image","twitter_misc":{"Yazan:":"admin","Tahmini okuma s\u00fcresi":"4 dakika"},"schema":{"@context":"https:\/\/schema.org","@graph":[{"@type":"Article","@id":"https:\/\/kibrisdakik.com\/?p=21724#article","isPartOf":{"@id":"https:\/\/kibrisdakik.com\/?p=21724"},"author":{"name":"admin","@id":"https:\/\/kibrisdakik.com\/#\/schema\/person\/9cd9d437bbb44f72b73ba127e06d8e79"},"headline":"Eczac\u0131lar Meclis\u2019e y\u00fcr\u00fcd\u00fc","datePublished":"2023-12-11T14:20:49+00:00","mainEntityOfPage":{"@id":"https:\/\/kibrisdakik.com\/?p=21724"},"wordCount":717,"commentCount":0,"image":{"@id":"https:\/\/kibrisdakik.com\/?p=21724#primaryimage"},"thumbnailUrl":"https:\/\/kibrisdakik.com\/wp-content\/uploads\/2023\/12\/eczacilar-meclise-yurudu-1702302069.webp.webp","articleSection":["T\u00fcrkiye"],"inLanguage":"tr","potentialAction":[{"@type":"CommentAction","name":"Comment","target":["https:\/\/kibrisdakik.com\/?p=21724#respond"]}]},{"@type":"WebPage","@id":"https:\/\/kibrisdakik.com\/?p=21724","url":"https:\/\/kibrisdakik.com\/?p=21724","name":"Eczac\u0131lar Meclis\u2019e y\u00fcr\u00fcd\u00fc -","isPartOf":{"@id":"https:\/\/kibrisdakik.com\/#website"},"primaryImageOfPage":{"@id":"https:\/\/kibrisdakik.com\/?p=21724#primaryimage"},"image":{"@id":"https:\/\/kibrisdakik.com\/?p=21724#primaryimage"},"thumbnailUrl":"https:\/\/kibrisdakik.com\/wp-content\/uploads\/2023\/12\/eczacilar-meclise-yurudu-1702302069.webp.webp","datePublished":"2023-12-11T14:20:49+00:00","author":{"@id":"https:\/\/kibrisdakik.com\/#\/schema\/person\/9cd9d437bbb44f72b73ba127e06d8e79"},"breadcrumb":{"@id":"https:\/\/kibrisdakik.com\/?p=21724#breadcrumb"},"inLanguage":"tr","potentialAction":[{"@type":"ReadAction","target":["https:\/\/kibrisdakik.com\/?p=21724"]}]},{"@type":"ImageObject","inLanguage":"tr","@id":"https:\/\/kibrisdakik.com\/?p=21724#primaryimage","url":"https:\/\/kibrisdakik.com\/wp-content\/uploads\/2023\/12\/eczacilar-meclise-yurudu-1702302069.webp.webp","contentUrl":"https:\/\/kibrisdakik.com\/wp-content\/uploads\/2023\/12\/eczacilar-meclise-yurudu-1702302069.webp.webp","width":710,"height":370},{"@type":"BreadcrumbList","@id":"https:\/\/kibrisdakik.com\/?p=21724#breadcrumb","itemListElement":[{"@type":"ListItem","position":1,"name":"Home","item":"https:\/\/kibrisdakik.com\/"},{"@type":"ListItem","position":2,"name":"Eczac\u0131lar Meclis\u2019e y\u00fcr\u00fcd\u00fc"}]},{"@type":"WebSite","@id":"https:\/\/kibrisdakik.com\/#website","url":"https:\/\/kibrisdakik.com\/","name":"","description":"Tam vaktinde haber","potentialAction":[{"@type":"SearchAction","target":{"@type":"EntryPoint","urlTemplate":"https:\/\/kibrisdakik.com\/?s={search_term_string}"},"query-input":{"@type":"PropertyValueSpecification","valueRequired":true,"valueName":"search_term_string"}}],"inLanguage":"tr"},{"@type":"Person","@id":"https:\/\/kibrisdakik.com\/#\/schema\/person\/9cd9d437bbb44f72b73ba127e06d8e79","name":"admin","image":{"@type":"ImageObject","inLanguage":"tr","@id":"https:\/\/secure.gravatar.com\/avatar\/ccc17943b9d660506c869530f897617f7cb1c21a4bf30023f252596d83e1f007?s=96&d=mm&r=g","url":"https:\/\/secure.gravatar.com\/avatar\/ccc17943b9d660506c869530f897617f7cb1c21a4bf30023f252596d83e1f007?s=96&d=mm&r=g","contentUrl":"https:\/\/secure.gravatar.com\/avatar\/ccc17943b9d660506c869530f897617f7cb1c21a4bf30023f252596d83e1f007?s=96&d=mm&r=g","caption":"admin"},"sameAs":["https:\/\/kibrisdakik.com"],"url":"https:\/\/kibrisdakik.com\/?author=1"}]}},"_links":{"self":[{"href":"https:\/\/kibrisdakik.com\/index.php?rest_route=\/wp\/v2\/posts\/21724","targetHints":{"allow":["GET"]}}],"collection":[{"href":"https:\/\/kibrisdakik.com\/index.php?rest_route=\/wp\/v2\/posts"}],"about":[{"href":"https:\/\/kibrisdakik.com\/index.php?rest_route=\/wp\/v2\/types\/post"}],"author":[{"embeddable":true,"href":"https:\/\/kibrisdakik.com\/index.php?rest_route=\/wp\/v2\/users\/1"}],"replies":[{"embeddable":true,"href":"https:\/\/kibrisdakik.com\/index.php?rest_route=%2Fwp%2Fv2%2Fcomments&post=21724"}],"version-history":[{"count":0,"href":"https:\/\/kibrisdakik.com\/index.php?rest_route=\/wp\/v2\/posts\/21724\/revisions"}],"wp:featuredmedia":[{"embeddable":true,"href":"https:\/\/kibrisdakik.com\/index.php?rest_route=\/wp\/v2\/media\/21725"}],"wp:attachment":[{"href":"https:\/\/kibrisdakik.com\/index.php?rest_route=%2Fwp%2Fv2%2Fmedia&parent=21724"}],"wp:term":[{"taxonomy":"category","embeddable":true,"href":"https:\/\/kibrisdakik.com\/index.php?rest_route=%2Fwp%2Fv2%2Fcategories&post=21724"},{"taxonomy":"post_tag","embeddable":true,"href":"https:\/\/kibrisdakik.com\/index.php?rest_route=%2Fwp%2Fv2%2Ftags&post=21724"}],"curies":[{"name":"wp","href":"https:\/\/api.w.org\/{rel}","templated":true}]}}