{"id":21792,"date":"2023-12-12T05:51:07","date_gmt":"2023-12-12T05:51:07","guid":{"rendered":"https:\/\/kibrisdakik.com\/index.php\/2023\/12\/12\/israil-beyaz-fosfor-iceren-bombalara-sahip-oldugunu-itiraf-etti\/"},"modified":"2023-12-12T05:51:07","modified_gmt":"2023-12-12T05:51:07","slug":"israil-beyaz-fosfor-iceren-bombalara-sahip-oldugunu-itiraf-etti","status":"publish","type":"post","link":"https:\/\/kibrisdakik.com\/?p=21792","title":{"rendered":"\u0130srail beyaz fosfor i\u00e7eren bombalara sahip oldu\u011funu itiraf etti"},"content":{"rendered":"<p><img decoding=\"async\" src=\"https:\/\/www.kibristurk.com\/images\/haberler\/2023\/12\/israil-beyaz-fosfor-iceren-bombalara-sahip-oldugunu-itiraf-etti-1702359567.webp\" \/><\/p>\n<p>\u0130srail&nbsp;ordu&nbsp;radyosundan yap\u0131lan a\u00e7\u0131klama, Beyaz Saray&#8217;\u0131n L\u00fcbnan&#8217;\u0131n g\u00fcneyindeki sald\u0131r\u0131larda bu t\u00fcr&nbsp;yang\u0131n&nbsp;\u00e7\u0131kar\u0131c\u0131 malzemelerin kullan\u0131lmas\u0131na ili\u015fkin endi\u015fesini dile getirmesinin ard\u0131ndan geldi.<\/p>\n<p>A\u00e7\u0131klamada, &#8220;Beyaz fosfor i\u00e7eren, kamuflaj ama\u00e7l\u0131 tasarlanan, sald\u0131r\u0131 veya yang\u0131n \u00e7\u0131karmak amac\u0131 olmayan duman bombalar\u0131m\u0131z var&#8221; ifadelerine yer verildi.<\/p>\n<p>Bir\u00e7ok Bat\u0131l\u0131 ordu gibi \u0130srail ordusunun da uluslararas\u0131 hukuka g\u00f6re yasal olan beyaz fosfor i\u00e7eren sis bombalar\u0131na sahip oldu\u011fu kaydedilen a\u00e7\u0131klamada, bunun, yasal olarak yang\u0131n \u00e7\u0131kar\u0131c\u0131 silah \u015feklinde tan\u0131mlanmad\u0131\u011f\u0131 iddia edildi.<\/p>\n<p>ABD&nbsp;D\u0131\u015fi\u015fleri Bakanl\u0131\u011f\u0131&nbsp;S\u00f6zc\u00fcs\u00fc Matthew Miller, bug\u00fcn d\u00fczenledi\u011fi bas\u0131n toplant\u0131s\u0131nda, \u0130srail&#8217;in, Gazze&#8217;de beyaz fosfor bombas\u0131 kulland\u0131\u011f\u0131 y\u00f6n\u00fcndeki haberlerden de endi\u015fe duyduklar\u0131na i\u015faret ederek, bunun askeri ama\u00e7larla kullan\u0131labilece\u011fini, ancak sivillere zarar\u0131 en aza indirmek i\u00e7in elden gelen her \u015feyin yap\u0131lmas\u0131 gerekti\u011fini dile getirmi\u015fti.<\/p>\n<p>ABD&#8217;nin, beyaz fosfor gibi maddeleri, ba\u015fka bir orduya, bunun me\u015fru ama\u00e7larla ve uluslararas\u0131 insanc\u0131l hukuka tam olarak uygun \u015fekilde kullan\u0131laca\u011f\u0131 beklentisiyle sa\u011flad\u0131\u011f\u0131n\u0131 s\u00f6yleyen Miller, bu olay\u0131 da ara\u015ft\u0131rd\u0131klar\u0131n\u0131 ifade etmi\u015fti.<\/p>\n<p>Birle\u015fmi\u015f Milletler&nbsp;(BM) S\u00f6zc\u00fcs\u00fc Stephane Dujarric ise \u00f6zellikle yo\u011fun n\u00fcfuslu alanlarda beyaz fosfor gibi silahlar\u0131n kullan\u0131m\u0131ndan ciddi endi\u015fe duyduklar\u0131n\u0131 belirtmi\u015fti.<\/p>\n<p><strong>Gazze&#8217;de okula fosfor bombas\u0131 at\u0131lm\u0131\u015ft\u0131<\/strong><\/p>\n<p>Filistin&#8217;in El-Aksa televizyonunda, 8 Aral\u0131k&#8217;ta yer alan haberde, \u0130srail&#8217;in, \u00e7ok say\u0131da sivilin kald\u0131\u011f\u0131 Cibaliya M\u00fclteci Kamp\u0131&#8217;ndaki bir okula y\u00f6nelik sald\u0131r\u0131s\u0131nda, &#8220;fosfor ve duman bombas\u0131&#8221; kulland\u0131\u011f\u0131 belirtilmi\u015fti.<\/p>\n<p>Televizyonun muhabiri Enes es-\u015eerif, &#8220;\u015eu an i\u015fgalciler, Cibaliya M\u00fclteci Kamp\u0131&#8217;nda s\u0131\u011f\u0131nmac\u0131lar\u0131n kald\u0131\u011f\u0131 bir okula, \u00e7ok say\u0131da fosfor ve dumanl\u0131 bombalar ya\u011fd\u0131r\u0131yor.&#8221; ifadesini kullanm\u0131\u015ft\u0131.<\/p>\n<p>Payla\u015f\u0131lan g\u00f6r\u00fcnt\u00fclerde, \u00e7ok say\u0131da sivilin bombalar sonucu beyaz dumanla kaplanan sokaklarda ka\u00e7\u0131\u015ft\u0131\u011f\u0131 g\u00f6r\u00fclm\u00fc\u015ft\u00fc. Sald\u0131r\u0131larda, onlarca Filistinlinin&nbsp;bo\u011fulma&nbsp;tehlikesi ge\u00e7irdi\u011fi aktar\u0131lm\u0131\u015ft\u0131.<\/p>\n<p>Olay\u0131n ard\u0131ndan Filistin D\u0131\u015fi\u015fleri Bakanl\u0131\u011f\u0131 da 8 Aral\u0131k&#8217;taki a\u00e7\u0131klamas\u0131nda, \u0130srail&#8217;in, abluka alt\u0131ndaki&nbsp;Gazze&nbsp;\u015eeridi&#8217;nde beyaz fosfor bombas\u0131 kullanmas\u0131n\u0131 k\u0131nam\u0131\u015ft\u0131.<\/p>\n<p><strong>\u0130srail&#8217;in beyaz fosfor kullan\u0131m\u0131<\/strong><\/p>\n<p>Amerikan Washington Post gazetesi, \u0130srail&#8217;in, L\u00fcbnan&#8217;\u0131n g\u00fcneyinde d\u00fczenledi\u011fi ve 9 ki\u015finin yaralanmas\u0131na sebep olan sald\u0131r\u0131da kulland\u0131\u011f\u0131 ABD yap\u0131m\u0131 beyaz fosforlu top mermilerinin kal\u0131nt\u0131lar\u0131na ula\u015fm\u0131\u015ft\u0131.<\/p>\n<p>Gazetenin haberine g\u00f6re, b\u00f6lgedeki Washington Post muhabiri, \u0130srail ordusunun 16 Ekim&#8217;de Dahayra beldesini hedef alan sald\u0131r\u0131lar\u0131nda kulland\u0131\u011f\u0131 155 mm beyaz fosforlu top mermilerinin par\u00e7alar\u0131n\u0131 bulmu\u015ftu.<\/p>\n<p>AA&#8217;n\u0131n g\u00f6r\u00fcnt\u00fclerini de kullanan&nbsp;Uluslararas\u0131 Af \u00d6rg\u00fct\u00fc&nbsp;ile&nbsp;\u0130nsan Haklar\u0131 \u0130zleme \u00d6rg\u00fct\u00fc&nbsp;(HRW), \u0130srail&#8217;in, Gazze ve L\u00fcbnan&#8217;daki askeri operasyonlar\u0131nda beyaz fosfor kulland\u0131\u011f\u0131n\u0131 duyurmu\u015ftu.<\/p>\n","protected":false},"excerpt":{"rendered":"<p>\u0130srail&nbsp;ordu&nbsp;radyosundan yap\u0131lan a\u00e7\u0131klama, Beyaz Saray&#8217;\u0131n L\u00fcbnan&#8217;\u0131n g\u00fcneyindeki sald\u0131r\u0131larda bu t\u00fcr&nbsp;yang\u0131n&nbsp;\u00e7\u0131kar\u0131c\u0131 malzemelerin kullan\u0131lmas\u0131na ili\u015fkin endi\u015fesini dile getirmesinin ard\u0131ndan geldi. A\u00e7\u0131klamada, &#8220;Beyaz fosfor i\u00e7eren, kamuflaj ama\u00e7l\u0131 tasarlanan, sald\u0131r\u0131 veya yang\u0131n \u00e7\u0131karmak amac\u0131 olmayan duman bombalar\u0131m\u0131z var&#8221; ifadelerine yer verildi. Bir\u00e7ok Bat\u0131l\u0131 ordu gibi \u0130srail ordusunun da uluslararas\u0131 hukuka g\u00f6re yasal olan beyaz fosfor i\u00e7eren sis bombalar\u0131na sahip<\/p>\n","protected":false},"author":1,"featured_media":21793,"comment_status":"open","ping_status":"open","sticky":false,"template":"","format":"standard","meta":{"footnotes":""},"categories":[85],"tags":[],"class_list":["post-21792","post","type-post","status-publish","format-standard","has-post-thumbnail","hentry","category-spor"],"yoast_head":"<!-- This site is optimized with the Yoast SEO plugin v27.5 - https:\/\/yoast.com\/product\/yoast-seo-wordpress\/ -->\n<title>\u0130srail beyaz fosfor i\u00e7eren bombalara sahip oldu\u011funu itiraf etti -<\/title>\n<meta name=\"robots\" content=\"index, follow, max-snippet:-1, max-image-preview:large, max-video-preview:-1\" \/>\n<link rel=\"canonical\" href=\"https:\/\/kibrisdakik.com\/?p=21792\" \/>\n<meta property=\"og:locale\" content=\"tr_TR\" \/>\n<meta property=\"og:type\" content=\"article\" \/>\n<meta property=\"og:title\" content=\"\u0130srail beyaz fosfor i\u00e7eren bombalara sahip oldu\u011funu itiraf etti -\" \/>\n<meta property=\"og:description\" content=\"\u0130srail&nbsp;ordu&nbsp;radyosundan yap\u0131lan a\u00e7\u0131klama, Beyaz Saray&#8217;\u0131n L\u00fcbnan&#8217;\u0131n g\u00fcneyindeki sald\u0131r\u0131larda bu t\u00fcr&nbsp;yang\u0131n&nbsp;\u00e7\u0131kar\u0131c\u0131 malzemelerin kullan\u0131lmas\u0131na ili\u015fkin endi\u015fesini dile getirmesinin ard\u0131ndan geldi. A\u00e7\u0131klamada, &#8220;Beyaz fosfor i\u00e7eren, kamuflaj ama\u00e7l\u0131 tasarlanan, sald\u0131r\u0131 veya yang\u0131n \u00e7\u0131karmak amac\u0131 olmayan duman bombalar\u0131m\u0131z var&#8221; ifadelerine yer verildi. Bir\u00e7ok Bat\u0131l\u0131 ordu gibi \u0130srail ordusunun da uluslararas\u0131 hukuka g\u00f6re yasal olan beyaz fosfor i\u00e7eren sis bombalar\u0131na sahip\" \/>\n<meta property=\"og:url\" content=\"https:\/\/kibrisdakik.com\/?p=21792\" \/>\n<meta property=\"article:published_time\" content=\"2023-12-12T05:51:07+00:00\" \/>\n<meta property=\"og:image\" content=\"https:\/\/kibrisdakik.com\/wp-content\/uploads\/2023\/12\/israil-beyaz-fosfor-iceren-bombalara-sahip-oldugunu-itiraf-etti-1702359567.webp.webp\" \/>\n\t<meta property=\"og:image:width\" content=\"710\" \/>\n\t<meta property=\"og:image:height\" content=\"370\" \/>\n\t<meta property=\"og:image:type\" content=\"image\/webp\" \/>\n<meta name=\"author\" content=\"admin\" \/>\n<meta name=\"twitter:card\" content=\"summary_large_image\" \/>\n<meta name=\"twitter:label1\" content=\"Yazan:\" \/>\n\t<meta name=\"twitter:data1\" content=\"admin\" \/>\n\t<meta name=\"twitter:label2\" content=\"Tahmini okuma s\u00fcresi\" \/>\n\t<meta name=\"twitter:data2\" content=\"3 dakika\" \/>\n<script type=\"application\/ld+json\" class=\"yoast-schema-graph\">{\"@context\":\"https:\\\/\\\/schema.org\",\"@graph\":[{\"@type\":\"Article\",\"@id\":\"https:\\\/\\\/kibrisdakik.com\\\/?p=21792#article\",\"isPartOf\":{\"@id\":\"https:\\\/\\\/kibrisdakik.com\\\/?p=21792\"},\"author\":{\"name\":\"admin\",\"@id\":\"https:\\\/\\\/kibrisdakik.com\\\/#\\\/schema\\\/person\\\/9cd9d437bbb44f72b73ba127e06d8e79\"},\"headline\":\"\u0130srail beyaz fosfor i\u00e7eren bombalara sahip oldu\u011funu itiraf etti\",\"datePublished\":\"2023-12-12T05:51:07+00:00\",\"mainEntityOfPage\":{\"@id\":\"https:\\\/\\\/kibrisdakik.com\\\/?p=21792\"},\"wordCount\":517,\"commentCount\":0,\"image\":{\"@id\":\"https:\\\/\\\/kibrisdakik.com\\\/?p=21792#primaryimage\"},\"thumbnailUrl\":\"https:\\\/\\\/kibrisdakik.com\\\/wp-content\\\/uploads\\\/2023\\\/12\\\/israil-beyaz-fosfor-iceren-bombalara-sahip-oldugunu-itiraf-etti-1702359567.webp.webp\",\"articleSection\":[\"Spor\"],\"inLanguage\":\"tr\",\"potentialAction\":[{\"@type\":\"CommentAction\",\"name\":\"Comment\",\"target\":[\"https:\\\/\\\/kibrisdakik.com\\\/?p=21792#respond\"]}]},{\"@type\":\"WebPage\",\"@id\":\"https:\\\/\\\/kibrisdakik.com\\\/?p=21792\",\"url\":\"https:\\\/\\\/kibrisdakik.com\\\/?p=21792\",\"name\":\"\u0130srail beyaz fosfor i\u00e7eren bombalara sahip oldu\u011funu itiraf etti -\",\"isPartOf\":{\"@id\":\"https:\\\/\\\/kibrisdakik.com\\\/#website\"},\"primaryImageOfPage\":{\"@id\":\"https:\\\/\\\/kibrisdakik.com\\\/?p=21792#primaryimage\"},\"image\":{\"@id\":\"https:\\\/\\\/kibrisdakik.com\\\/?p=21792#primaryimage\"},\"thumbnailUrl\":\"https:\\\/\\\/kibrisdakik.com\\\/wp-content\\\/uploads\\\/2023\\\/12\\\/israil-beyaz-fosfor-iceren-bombalara-sahip-oldugunu-itiraf-etti-1702359567.webp.webp\",\"datePublished\":\"2023-12-12T05:51:07+00:00\",\"author\":{\"@id\":\"https:\\\/\\\/kibrisdakik.com\\\/#\\\/schema\\\/person\\\/9cd9d437bbb44f72b73ba127e06d8e79\"},\"breadcrumb\":{\"@id\":\"https:\\\/\\\/kibrisdakik.com\\\/?p=21792#breadcrumb\"},\"inLanguage\":\"tr\",\"potentialAction\":[{\"@type\":\"ReadAction\",\"target\":[\"https:\\\/\\\/kibrisdakik.com\\\/?p=21792\"]}]},{\"@type\":\"ImageObject\",\"inLanguage\":\"tr\",\"@id\":\"https:\\\/\\\/kibrisdakik.com\\\/?p=21792#primaryimage\",\"url\":\"https:\\\/\\\/kibrisdakik.com\\\/wp-content\\\/uploads\\\/2023\\\/12\\\/israil-beyaz-fosfor-iceren-bombalara-sahip-oldugunu-itiraf-etti-1702359567.webp.webp\",\"contentUrl\":\"https:\\\/\\\/kibrisdakik.com\\\/wp-content\\\/uploads\\\/2023\\\/12\\\/israil-beyaz-fosfor-iceren-bombalara-sahip-oldugunu-itiraf-etti-1702359567.webp.webp\",\"width\":710,\"height\":370},{\"@type\":\"BreadcrumbList\",\"@id\":\"https:\\\/\\\/kibrisdakik.com\\\/?p=21792#breadcrumb\",\"itemListElement\":[{\"@type\":\"ListItem\",\"position\":1,\"name\":\"Home\",\"item\":\"https:\\\/\\\/kibrisdakik.com\\\/\"},{\"@type\":\"ListItem\",\"position\":2,\"name\":\"\u0130srail beyaz fosfor i\u00e7eren bombalara sahip oldu\u011funu itiraf etti\"}]},{\"@type\":\"WebSite\",\"@id\":\"https:\\\/\\\/kibrisdakik.com\\\/#website\",\"url\":\"https:\\\/\\\/kibrisdakik.com\\\/\",\"name\":\"\",\"description\":\"Tam vaktinde haber\",\"potentialAction\":[{\"@type\":\"SearchAction\",\"target\":{\"@type\":\"EntryPoint\",\"urlTemplate\":\"https:\\\/\\\/kibrisdakik.com\\\/?s={search_term_string}\"},\"query-input\":{\"@type\":\"PropertyValueSpecification\",\"valueRequired\":true,\"valueName\":\"search_term_string\"}}],\"inLanguage\":\"tr\"},{\"@type\":\"Person\",\"@id\":\"https:\\\/\\\/kibrisdakik.com\\\/#\\\/schema\\\/person\\\/9cd9d437bbb44f72b73ba127e06d8e79\",\"name\":\"admin\",\"image\":{\"@type\":\"ImageObject\",\"inLanguage\":\"tr\",\"@id\":\"https:\\\/\\\/secure.gravatar.com\\\/avatar\\\/ccc17943b9d660506c869530f897617f7cb1c21a4bf30023f252596d83e1f007?s=96&d=mm&r=g\",\"url\":\"https:\\\/\\\/secure.gravatar.com\\\/avatar\\\/ccc17943b9d660506c869530f897617f7cb1c21a4bf30023f252596d83e1f007?s=96&d=mm&r=g\",\"contentUrl\":\"https:\\\/\\\/secure.gravatar.com\\\/avatar\\\/ccc17943b9d660506c869530f897617f7cb1c21a4bf30023f252596d83e1f007?s=96&d=mm&r=g\",\"caption\":\"admin\"},\"sameAs\":[\"https:\\\/\\\/kibrisdakik.com\"],\"url\":\"https:\\\/\\\/kibrisdakik.com\\\/?author=1\"}]}<\/script>\n<!-- \/ Yoast SEO plugin. -->","yoast_head_json":{"title":"\u0130srail beyaz fosfor i\u00e7eren bombalara sahip oldu\u011funu itiraf etti -","robots":{"index":"index","follow":"follow","max-snippet":"max-snippet:-1","max-image-preview":"max-image-preview:large","max-video-preview":"max-video-preview:-1"},"canonical":"https:\/\/kibrisdakik.com\/?p=21792","og_locale":"tr_TR","og_type":"article","og_title":"\u0130srail beyaz fosfor i\u00e7eren bombalara sahip oldu\u011funu itiraf etti -","og_description":"\u0130srail&nbsp;ordu&nbsp;radyosundan yap\u0131lan a\u00e7\u0131klama, Beyaz Saray&#8217;\u0131n L\u00fcbnan&#8217;\u0131n g\u00fcneyindeki sald\u0131r\u0131larda bu t\u00fcr&nbsp;yang\u0131n&nbsp;\u00e7\u0131kar\u0131c\u0131 malzemelerin kullan\u0131lmas\u0131na ili\u015fkin endi\u015fesini dile getirmesinin ard\u0131ndan geldi. A\u00e7\u0131klamada, &#8220;Beyaz fosfor i\u00e7eren, kamuflaj ama\u00e7l\u0131 tasarlanan, sald\u0131r\u0131 veya yang\u0131n \u00e7\u0131karmak amac\u0131 olmayan duman bombalar\u0131m\u0131z var&#8221; ifadelerine yer verildi. Bir\u00e7ok Bat\u0131l\u0131 ordu gibi \u0130srail ordusunun da uluslararas\u0131 hukuka g\u00f6re yasal olan beyaz fosfor i\u00e7eren sis bombalar\u0131na sahip","og_url":"https:\/\/kibrisdakik.com\/?p=21792","article_published_time":"2023-12-12T05:51:07+00:00","og_image":[{"width":710,"height":370,"url":"https:\/\/kibrisdakik.com\/wp-content\/uploads\/2023\/12\/israil-beyaz-fosfor-iceren-bombalara-sahip-oldugunu-itiraf-etti-1702359567.webp.webp","type":"image\/webp"}],"author":"admin","twitter_card":"summary_large_image","twitter_misc":{"Yazan:":"admin","Tahmini okuma s\u00fcresi":"3 dakika"},"schema":{"@context":"https:\/\/schema.org","@graph":[{"@type":"Article","@id":"https:\/\/kibrisdakik.com\/?p=21792#article","isPartOf":{"@id":"https:\/\/kibrisdakik.com\/?p=21792"},"author":{"name":"admin","@id":"https:\/\/kibrisdakik.com\/#\/schema\/person\/9cd9d437bbb44f72b73ba127e06d8e79"},"headline":"\u0130srail beyaz fosfor i\u00e7eren bombalara sahip oldu\u011funu itiraf etti","datePublished":"2023-12-12T05:51:07+00:00","mainEntityOfPage":{"@id":"https:\/\/kibrisdakik.com\/?p=21792"},"wordCount":517,"commentCount":0,"image":{"@id":"https:\/\/kibrisdakik.com\/?p=21792#primaryimage"},"thumbnailUrl":"https:\/\/kibrisdakik.com\/wp-content\/uploads\/2023\/12\/israil-beyaz-fosfor-iceren-bombalara-sahip-oldugunu-itiraf-etti-1702359567.webp.webp","articleSection":["Spor"],"inLanguage":"tr","potentialAction":[{"@type":"CommentAction","name":"Comment","target":["https:\/\/kibrisdakik.com\/?p=21792#respond"]}]},{"@type":"WebPage","@id":"https:\/\/kibrisdakik.com\/?p=21792","url":"https:\/\/kibrisdakik.com\/?p=21792","name":"\u0130srail beyaz fosfor i\u00e7eren bombalara sahip oldu\u011funu itiraf etti -","isPartOf":{"@id":"https:\/\/kibrisdakik.com\/#website"},"primaryImageOfPage":{"@id":"https:\/\/kibrisdakik.com\/?p=21792#primaryimage"},"image":{"@id":"https:\/\/kibrisdakik.com\/?p=21792#primaryimage"},"thumbnailUrl":"https:\/\/kibrisdakik.com\/wp-content\/uploads\/2023\/12\/israil-beyaz-fosfor-iceren-bombalara-sahip-oldugunu-itiraf-etti-1702359567.webp.webp","datePublished":"2023-12-12T05:51:07+00:00","author":{"@id":"https:\/\/kibrisdakik.com\/#\/schema\/person\/9cd9d437bbb44f72b73ba127e06d8e79"},"breadcrumb":{"@id":"https:\/\/kibrisdakik.com\/?p=21792#breadcrumb"},"inLanguage":"tr","potentialAction":[{"@type":"ReadAction","target":["https:\/\/kibrisdakik.com\/?p=21792"]}]},{"@type":"ImageObject","inLanguage":"tr","@id":"https:\/\/kibrisdakik.com\/?p=21792#primaryimage","url":"https:\/\/kibrisdakik.com\/wp-content\/uploads\/2023\/12\/israil-beyaz-fosfor-iceren-bombalara-sahip-oldugunu-itiraf-etti-1702359567.webp.webp","contentUrl":"https:\/\/kibrisdakik.com\/wp-content\/uploads\/2023\/12\/israil-beyaz-fosfor-iceren-bombalara-sahip-oldugunu-itiraf-etti-1702359567.webp.webp","width":710,"height":370},{"@type":"BreadcrumbList","@id":"https:\/\/kibrisdakik.com\/?p=21792#breadcrumb","itemListElement":[{"@type":"ListItem","position":1,"name":"Home","item":"https:\/\/kibrisdakik.com\/"},{"@type":"ListItem","position":2,"name":"\u0130srail beyaz fosfor i\u00e7eren bombalara sahip oldu\u011funu itiraf etti"}]},{"@type":"WebSite","@id":"https:\/\/kibrisdakik.com\/#website","url":"https:\/\/kibrisdakik.com\/","name":"","description":"Tam vaktinde haber","potentialAction":[{"@type":"SearchAction","target":{"@type":"EntryPoint","urlTemplate":"https:\/\/kibrisdakik.com\/?s={search_term_string}"},"query-input":{"@type":"PropertyValueSpecification","valueRequired":true,"valueName":"search_term_string"}}],"inLanguage":"tr"},{"@type":"Person","@id":"https:\/\/kibrisdakik.com\/#\/schema\/person\/9cd9d437bbb44f72b73ba127e06d8e79","name":"admin","image":{"@type":"ImageObject","inLanguage":"tr","@id":"https:\/\/secure.gravatar.com\/avatar\/ccc17943b9d660506c869530f897617f7cb1c21a4bf30023f252596d83e1f007?s=96&d=mm&r=g","url":"https:\/\/secure.gravatar.com\/avatar\/ccc17943b9d660506c869530f897617f7cb1c21a4bf30023f252596d83e1f007?s=96&d=mm&r=g","contentUrl":"https:\/\/secure.gravatar.com\/avatar\/ccc17943b9d660506c869530f897617f7cb1c21a4bf30023f252596d83e1f007?s=96&d=mm&r=g","caption":"admin"},"sameAs":["https:\/\/kibrisdakik.com"],"url":"https:\/\/kibrisdakik.com\/?author=1"}]}},"_links":{"self":[{"href":"https:\/\/kibrisdakik.com\/index.php?rest_route=\/wp\/v2\/posts\/21792","targetHints":{"allow":["GET"]}}],"collection":[{"href":"https:\/\/kibrisdakik.com\/index.php?rest_route=\/wp\/v2\/posts"}],"about":[{"href":"https:\/\/kibrisdakik.com\/index.php?rest_route=\/wp\/v2\/types\/post"}],"author":[{"embeddable":true,"href":"https:\/\/kibrisdakik.com\/index.php?rest_route=\/wp\/v2\/users\/1"}],"replies":[{"embeddable":true,"href":"https:\/\/kibrisdakik.com\/index.php?rest_route=%2Fwp%2Fv2%2Fcomments&post=21792"}],"version-history":[{"count":0,"href":"https:\/\/kibrisdakik.com\/index.php?rest_route=\/wp\/v2\/posts\/21792\/revisions"}],"wp:featuredmedia":[{"embeddable":true,"href":"https:\/\/kibrisdakik.com\/index.php?rest_route=\/wp\/v2\/media\/21793"}],"wp:attachment":[{"href":"https:\/\/kibrisdakik.com\/index.php?rest_route=%2Fwp%2Fv2%2Fmedia&parent=21792"}],"wp:term":[{"taxonomy":"category","embeddable":true,"href":"https:\/\/kibrisdakik.com\/index.php?rest_route=%2Fwp%2Fv2%2Fcategories&post=21792"},{"taxonomy":"post_tag","embeddable":true,"href":"https:\/\/kibrisdakik.com\/index.php?rest_route=%2Fwp%2Fv2%2Ftags&post=21792"}],"curies":[{"name":"wp","href":"https:\/\/api.w.org\/{rel}","templated":true}]}}