{"id":21806,"date":"2023-12-12T08:40:04","date_gmt":"2023-12-12T08:40:04","guid":{"rendered":"https:\/\/kibrisdakik.com\/index.php\/2023\/12\/12\/hakem-halil-umut-melere-saldiriyla-ilgili-3-kisi-tutuklandi\/"},"modified":"2023-12-12T08:40:04","modified_gmt":"2023-12-12T08:40:04","slug":"hakem-halil-umut-melere-saldiriyla-ilgili-3-kisi-tutuklandi","status":"publish","type":"post","link":"https:\/\/kibrisdakik.com\/?p=21806","title":{"rendered":"Hakem Halil Umut Meler&#039;e sald\u0131r\u0131yla ilgili 3 ki\u015fi tutukland\u0131"},"content":{"rendered":"<p><img decoding=\"async\" src=\"https:\/\/www.kibristurk.com\/images\/haberler\/2023\/12\/hakem-halil-umut-melere-saldiriyla-ilgili-3-kisi-tutuklandi-1702368158.webp\" \/><\/p>\n<p>MKE Ankarag\u00fcc\u00fc Kul\u00fcb\u00fc Ba\u015fkan\u0131 Koca, 1-1 berabere kald\u0131klar\u0131 \u00c7aykur Rizespor ma\u00e7\u0131n\u0131n ard\u0131ndan hakem Halil Umut Meler&#8217;e yumrukla sald\u0131rd\u0131, darbeyle yere d\u00fc\u015fen Meler baz\u0131 ki\u015filerce de tekmelendi.<\/p>\n<p>Ma\u00e7 sonras\u0131 sahaya inerek ma\u00e7\u0131n hakemine \u015fiddet eylemine kar\u0131\u015fan t\u00fcm \u015f\u00fcpheliler ile sahaya inen taraftarlar hakk\u0131nda, &#8220;6222 Say\u0131l\u0131 Sporda \u015eiddet ve D\u00fczensizli\u011fin \u00d6nlenmesine Dair Kanuna ayk\u0131r\u0131l\u0131k&#8221; ve &#8220;kamu g\u00f6revlisini yerine getirdi\u011fi kamu g\u00f6revi nedeniyle yaralama&#8221; su\u00e7lar\u0131ndan Ankara Bat\u0131 Cumhuriyet Ba\u015fsavc\u0131l\u0131\u011f\u0131nca soru\u015fturma ba\u015flat\u0131ld\u0131.<\/p>\n<p><strong>Faruk Koca ve 2 ki\u015fi tutukland\u0131<\/strong><\/p>\n<p>Olay\u0131n ard\u0131ndan hastaneye giden Koca, emniyet g\u00fc\u00e7lerinin g\u00f6zetiminde hastanede tedavi g\u00f6rd\u00fc. Koca&#8217;n\u0131n g\u00f6zalt\u0131 i\u015flemleri ve ilk ifadesi hastanede al\u0131nd\u0131.<\/p>\n<p>Koca ve 6 ki\u015fi Ankara Bat\u0131 Adliyesi&#8217;ne sevk edildi.<\/p>\n<p>Adalet Bakan\u0131 Y\u0131lmaz Tun\u00e7, MKE Ankarag\u00fcc\u00fc Ba\u015fkan\u0131 Faruk Koca ve \u015f\u00fcpheliler \u015e. Y. \u015e. ile K. \u00c7.&#8217;nin \u201ckamu g\u00f6revlisini yerine getirdi\u011fi kamu g\u00f6revi nedeniyle spor alan\u0131nda k\u0131r\u0131k olu\u015facak \u015fekilde yaralamak\u201d su\u00e7undan tutukland\u0131klar\u0131n\u0131 a\u00e7\u0131klad\u0131.<\/p>\n<p>Bakan Tun\u00e7&#8217;un sosyal medya hesab\u0131ndan yapt\u0131\u011f\u0131 payla\u015f\u0131m \u015f\u00f6yle;<\/p>\n<p><em>&#8220;11\/12\/2023 tarihinde Ankarag\u00fcc\u00fc-\u00c7aykur Rizespor Trendyol S\u00fcper Lig m\u00fcsabakas\u0131 sonras\u0131 sahaya inerek ma\u00e7\u0131n hakemine y\u00f6nelik \u015fiddet eylemine kar\u0131\u015fan t\u00fcm \u015f\u00fcpheliler ile ma\u00e7 sonras\u0131 sahaya inen taraftarlar hakk\u0131nda 6222 say\u0131l\u0131 Sporda \u015eiddet ve D\u00fczensizli\u011fin \u00d6nlenmesine Dair Kanuna ayk\u0131r\u0131l\u0131k ve T\u00fcrk Ceza Kanunu\u2019nca \u201ckamu g\u00f6revlisini yerine getirdi\u011fi kamu g\u00f6revi nedeniyle yaralama ve tehdit su\u00e7lar\u0131ndan\u201d Ankara Bat\u0131 Cumhuriyet Ba\u015fsavc\u0131l\u0131\u011f\u0131m\u0131zca ba\u015flat\u0131lan soru\u015fturma kapsam\u0131nda, \u015f\u00fcpheliler F. K., \u015e. Y. \u015e. ve K. \u00c7. Ankara Bat\u0131 Cumhuriyet Ba\u015fsavc\u0131l\u0131\u011f\u0131m\u0131zca al\u0131nan ifadelerini m\u00fcteakip sevkedildi\u011fi Ankara Bat\u0131 N\u00f6bet\u00e7i Sulh Ceza Hakimli\u011fince \u201ckamu g\u00f6revlisini yerine getirdi\u011fi kamu g\u00f6revi nedeniyle spor alan\u0131nda k\u0131r\u0131k olu\u015facak \u015fekilde yaralamak\u201d su\u00e7undan tutuklanm\u0131\u015ft\u0131r. G\u00f6r\u00fcnt\u00fc analizlerinden ma\u00e7 bitiminde sahaya indikleri tespit edilen \u015f\u00fcpheliler R. K., \u00d6.O.\u00dc, V.D. hakk\u0131nda da 6222 S.Y. uyar\u0131nca adli kontrol karar\u0131 talep edilmi\u015ftir. Soru\u015fturmaya titizlikle devam edilmektedir.&#8221;&nbsp;<\/em><\/p>\n","protected":false},"excerpt":{"rendered":"<p>MKE Ankarag\u00fcc\u00fc Kul\u00fcb\u00fc Ba\u015fkan\u0131 Koca, 1-1 berabere kald\u0131klar\u0131 \u00c7aykur Rizespor ma\u00e7\u0131n\u0131n ard\u0131ndan hakem Halil Umut Meler&#8217;e yumrukla sald\u0131rd\u0131, darbeyle yere d\u00fc\u015fen Meler baz\u0131 ki\u015filerce de tekmelendi. Ma\u00e7 sonras\u0131 sahaya inerek ma\u00e7\u0131n hakemine \u015fiddet eylemine kar\u0131\u015fan t\u00fcm \u015f\u00fcpheliler ile sahaya inen taraftarlar hakk\u0131nda, &#8220;6222 Say\u0131l\u0131 Sporda \u015eiddet ve D\u00fczensizli\u011fin \u00d6nlenmesine Dair Kanuna ayk\u0131r\u0131l\u0131k&#8221; ve &#8220;kamu g\u00f6revlisini<\/p>\n","protected":false},"author":1,"featured_media":21807,"comment_status":"open","ping_status":"open","sticky":false,"template":"","format":"standard","meta":{"footnotes":""},"categories":[1],"tags":[],"class_list":["post-21806","post","type-post","status-publish","format-standard","has-post-thumbnail","hentry","category-gundem"],"yoast_head":"<!-- This site is optimized with the Yoast SEO plugin v27.5 - https:\/\/yoast.com\/product\/yoast-seo-wordpress\/ -->\n<title>Hakem Halil Umut Meler&#039;e sald\u0131r\u0131yla ilgili 3 ki\u015fi tutukland\u0131 -<\/title>\n<meta name=\"robots\" content=\"index, follow, max-snippet:-1, max-image-preview:large, max-video-preview:-1\" \/>\n<link rel=\"canonical\" href=\"https:\/\/kibrisdakik.com\/?p=21806\" \/>\n<meta property=\"og:locale\" content=\"tr_TR\" \/>\n<meta property=\"og:type\" content=\"article\" \/>\n<meta property=\"og:title\" content=\"Hakem Halil Umut Meler&#039;e sald\u0131r\u0131yla ilgili 3 ki\u015fi tutukland\u0131 -\" \/>\n<meta property=\"og:description\" content=\"MKE Ankarag\u00fcc\u00fc Kul\u00fcb\u00fc Ba\u015fkan\u0131 Koca, 1-1 berabere kald\u0131klar\u0131 \u00c7aykur Rizespor ma\u00e7\u0131n\u0131n ard\u0131ndan hakem Halil Umut Meler&#8217;e yumrukla sald\u0131rd\u0131, darbeyle yere d\u00fc\u015fen Meler baz\u0131 ki\u015filerce de tekmelendi. Ma\u00e7 sonras\u0131 sahaya inerek ma\u00e7\u0131n hakemine \u015fiddet eylemine kar\u0131\u015fan t\u00fcm \u015f\u00fcpheliler ile sahaya inen taraftarlar hakk\u0131nda, &#8220;6222 Say\u0131l\u0131 Sporda \u015eiddet ve D\u00fczensizli\u011fin \u00d6nlenmesine Dair Kanuna ayk\u0131r\u0131l\u0131k&#8221; ve &#8220;kamu g\u00f6revlisini\" \/>\n<meta property=\"og:url\" content=\"https:\/\/kibrisdakik.com\/?p=21806\" \/>\n<meta property=\"article:published_time\" content=\"2023-12-12T08:40:04+00:00\" \/>\n<meta property=\"og:image\" content=\"https:\/\/kibrisdakik.com\/wp-content\/uploads\/2023\/12\/hakem-halil-umut-melere-saldiriyla-ilgili-3-kisi-tutuklandi-1702368158.webp.webp\" \/>\n\t<meta property=\"og:image:width\" content=\"710\" \/>\n\t<meta property=\"og:image:height\" content=\"370\" \/>\n\t<meta property=\"og:image:type\" content=\"image\/webp\" \/>\n<meta name=\"author\" content=\"admin\" \/>\n<meta name=\"twitter:card\" content=\"summary_large_image\" \/>\n<meta name=\"twitter:label1\" content=\"Yazan:\" \/>\n\t<meta name=\"twitter:data1\" content=\"admin\" \/>\n\t<meta name=\"twitter:label2\" content=\"Tahmini okuma s\u00fcresi\" \/>\n\t<meta name=\"twitter:data2\" content=\"2 dakika\" \/>\n<script type=\"application\/ld+json\" class=\"yoast-schema-graph\">{\"@context\":\"https:\\\/\\\/schema.org\",\"@graph\":[{\"@type\":\"Article\",\"@id\":\"https:\\\/\\\/kibrisdakik.com\\\/?p=21806#article\",\"isPartOf\":{\"@id\":\"https:\\\/\\\/kibrisdakik.com\\\/?p=21806\"},\"author\":{\"name\":\"admin\",\"@id\":\"https:\\\/\\\/kibrisdakik.com\\\/#\\\/schema\\\/person\\\/9cd9d437bbb44f72b73ba127e06d8e79\"},\"headline\":\"Hakem Halil Umut Meler&#039;e sald\u0131r\u0131yla ilgili 3 ki\u015fi tutukland\u0131\",\"datePublished\":\"2023-12-12T08:40:04+00:00\",\"mainEntityOfPage\":{\"@id\":\"https:\\\/\\\/kibrisdakik.com\\\/?p=21806\"},\"wordCount\":386,\"commentCount\":0,\"image\":{\"@id\":\"https:\\\/\\\/kibrisdakik.com\\\/?p=21806#primaryimage\"},\"thumbnailUrl\":\"https:\\\/\\\/kibrisdakik.com\\\/wp-content\\\/uploads\\\/2023\\\/12\\\/hakem-halil-umut-melere-saldiriyla-ilgili-3-kisi-tutuklandi-1702368158.webp.webp\",\"articleSection\":[\"G\u00fcndem\"],\"inLanguage\":\"tr\",\"potentialAction\":[{\"@type\":\"CommentAction\",\"name\":\"Comment\",\"target\":[\"https:\\\/\\\/kibrisdakik.com\\\/?p=21806#respond\"]}]},{\"@type\":\"WebPage\",\"@id\":\"https:\\\/\\\/kibrisdakik.com\\\/?p=21806\",\"url\":\"https:\\\/\\\/kibrisdakik.com\\\/?p=21806\",\"name\":\"Hakem Halil Umut Meler&#039;e sald\u0131r\u0131yla ilgili 3 ki\u015fi tutukland\u0131 -\",\"isPartOf\":{\"@id\":\"https:\\\/\\\/kibrisdakik.com\\\/#website\"},\"primaryImageOfPage\":{\"@id\":\"https:\\\/\\\/kibrisdakik.com\\\/?p=21806#primaryimage\"},\"image\":{\"@id\":\"https:\\\/\\\/kibrisdakik.com\\\/?p=21806#primaryimage\"},\"thumbnailUrl\":\"https:\\\/\\\/kibrisdakik.com\\\/wp-content\\\/uploads\\\/2023\\\/12\\\/hakem-halil-umut-melere-saldiriyla-ilgili-3-kisi-tutuklandi-1702368158.webp.webp\",\"datePublished\":\"2023-12-12T08:40:04+00:00\",\"author\":{\"@id\":\"https:\\\/\\\/kibrisdakik.com\\\/#\\\/schema\\\/person\\\/9cd9d437bbb44f72b73ba127e06d8e79\"},\"breadcrumb\":{\"@id\":\"https:\\\/\\\/kibrisdakik.com\\\/?p=21806#breadcrumb\"},\"inLanguage\":\"tr\",\"potentialAction\":[{\"@type\":\"ReadAction\",\"target\":[\"https:\\\/\\\/kibrisdakik.com\\\/?p=21806\"]}]},{\"@type\":\"ImageObject\",\"inLanguage\":\"tr\",\"@id\":\"https:\\\/\\\/kibrisdakik.com\\\/?p=21806#primaryimage\",\"url\":\"https:\\\/\\\/kibrisdakik.com\\\/wp-content\\\/uploads\\\/2023\\\/12\\\/hakem-halil-umut-melere-saldiriyla-ilgili-3-kisi-tutuklandi-1702368158.webp.webp\",\"contentUrl\":\"https:\\\/\\\/kibrisdakik.com\\\/wp-content\\\/uploads\\\/2023\\\/12\\\/hakem-halil-umut-melere-saldiriyla-ilgili-3-kisi-tutuklandi-1702368158.webp.webp\",\"width\":710,\"height\":370},{\"@type\":\"BreadcrumbList\",\"@id\":\"https:\\\/\\\/kibrisdakik.com\\\/?p=21806#breadcrumb\",\"itemListElement\":[{\"@type\":\"ListItem\",\"position\":1,\"name\":\"Home\",\"item\":\"https:\\\/\\\/kibrisdakik.com\\\/\"},{\"@type\":\"ListItem\",\"position\":2,\"name\":\"Hakem Halil Umut Meler&#039;e sald\u0131r\u0131yla ilgili 3 ki\u015fi tutukland\u0131\"}]},{\"@type\":\"WebSite\",\"@id\":\"https:\\\/\\\/kibrisdakik.com\\\/#website\",\"url\":\"https:\\\/\\\/kibrisdakik.com\\\/\",\"name\":\"\",\"description\":\"Tam vaktinde haber\",\"potentialAction\":[{\"@type\":\"SearchAction\",\"target\":{\"@type\":\"EntryPoint\",\"urlTemplate\":\"https:\\\/\\\/kibrisdakik.com\\\/?s={search_term_string}\"},\"query-input\":{\"@type\":\"PropertyValueSpecification\",\"valueRequired\":true,\"valueName\":\"search_term_string\"}}],\"inLanguage\":\"tr\"},{\"@type\":\"Person\",\"@id\":\"https:\\\/\\\/kibrisdakik.com\\\/#\\\/schema\\\/person\\\/9cd9d437bbb44f72b73ba127e06d8e79\",\"name\":\"admin\",\"image\":{\"@type\":\"ImageObject\",\"inLanguage\":\"tr\",\"@id\":\"https:\\\/\\\/secure.gravatar.com\\\/avatar\\\/ccc17943b9d660506c869530f897617f7cb1c21a4bf30023f252596d83e1f007?s=96&d=mm&r=g\",\"url\":\"https:\\\/\\\/secure.gravatar.com\\\/avatar\\\/ccc17943b9d660506c869530f897617f7cb1c21a4bf30023f252596d83e1f007?s=96&d=mm&r=g\",\"contentUrl\":\"https:\\\/\\\/secure.gravatar.com\\\/avatar\\\/ccc17943b9d660506c869530f897617f7cb1c21a4bf30023f252596d83e1f007?s=96&d=mm&r=g\",\"caption\":\"admin\"},\"sameAs\":[\"https:\\\/\\\/kibrisdakik.com\"],\"url\":\"https:\\\/\\\/kibrisdakik.com\\\/?author=1\"}]}<\/script>\n<!-- \/ Yoast SEO plugin. -->","yoast_head_json":{"title":"Hakem Halil Umut Meler&#039;e sald\u0131r\u0131yla ilgili 3 ki\u015fi tutukland\u0131 -","robots":{"index":"index","follow":"follow","max-snippet":"max-snippet:-1","max-image-preview":"max-image-preview:large","max-video-preview":"max-video-preview:-1"},"canonical":"https:\/\/kibrisdakik.com\/?p=21806","og_locale":"tr_TR","og_type":"article","og_title":"Hakem Halil Umut Meler&#039;e sald\u0131r\u0131yla ilgili 3 ki\u015fi tutukland\u0131 -","og_description":"MKE Ankarag\u00fcc\u00fc Kul\u00fcb\u00fc Ba\u015fkan\u0131 Koca, 1-1 berabere kald\u0131klar\u0131 \u00c7aykur Rizespor ma\u00e7\u0131n\u0131n ard\u0131ndan hakem Halil Umut Meler&#8217;e yumrukla sald\u0131rd\u0131, darbeyle yere d\u00fc\u015fen Meler baz\u0131 ki\u015filerce de tekmelendi. Ma\u00e7 sonras\u0131 sahaya inerek ma\u00e7\u0131n hakemine \u015fiddet eylemine kar\u0131\u015fan t\u00fcm \u015f\u00fcpheliler ile sahaya inen taraftarlar hakk\u0131nda, &#8220;6222 Say\u0131l\u0131 Sporda \u015eiddet ve D\u00fczensizli\u011fin \u00d6nlenmesine Dair Kanuna ayk\u0131r\u0131l\u0131k&#8221; ve &#8220;kamu g\u00f6revlisini","og_url":"https:\/\/kibrisdakik.com\/?p=21806","article_published_time":"2023-12-12T08:40:04+00:00","og_image":[{"width":710,"height":370,"url":"https:\/\/kibrisdakik.com\/wp-content\/uploads\/2023\/12\/hakem-halil-umut-melere-saldiriyla-ilgili-3-kisi-tutuklandi-1702368158.webp.webp","type":"image\/webp"}],"author":"admin","twitter_card":"summary_large_image","twitter_misc":{"Yazan:":"admin","Tahmini okuma s\u00fcresi":"2 dakika"},"schema":{"@context":"https:\/\/schema.org","@graph":[{"@type":"Article","@id":"https:\/\/kibrisdakik.com\/?p=21806#article","isPartOf":{"@id":"https:\/\/kibrisdakik.com\/?p=21806"},"author":{"name":"admin","@id":"https:\/\/kibrisdakik.com\/#\/schema\/person\/9cd9d437bbb44f72b73ba127e06d8e79"},"headline":"Hakem Halil Umut Meler&#039;e sald\u0131r\u0131yla ilgili 3 ki\u015fi tutukland\u0131","datePublished":"2023-12-12T08:40:04+00:00","mainEntityOfPage":{"@id":"https:\/\/kibrisdakik.com\/?p=21806"},"wordCount":386,"commentCount":0,"image":{"@id":"https:\/\/kibrisdakik.com\/?p=21806#primaryimage"},"thumbnailUrl":"https:\/\/kibrisdakik.com\/wp-content\/uploads\/2023\/12\/hakem-halil-umut-melere-saldiriyla-ilgili-3-kisi-tutuklandi-1702368158.webp.webp","articleSection":["G\u00fcndem"],"inLanguage":"tr","potentialAction":[{"@type":"CommentAction","name":"Comment","target":["https:\/\/kibrisdakik.com\/?p=21806#respond"]}]},{"@type":"WebPage","@id":"https:\/\/kibrisdakik.com\/?p=21806","url":"https:\/\/kibrisdakik.com\/?p=21806","name":"Hakem Halil Umut Meler&#039;e sald\u0131r\u0131yla ilgili 3 ki\u015fi tutukland\u0131 -","isPartOf":{"@id":"https:\/\/kibrisdakik.com\/#website"},"primaryImageOfPage":{"@id":"https:\/\/kibrisdakik.com\/?p=21806#primaryimage"},"image":{"@id":"https:\/\/kibrisdakik.com\/?p=21806#primaryimage"},"thumbnailUrl":"https:\/\/kibrisdakik.com\/wp-content\/uploads\/2023\/12\/hakem-halil-umut-melere-saldiriyla-ilgili-3-kisi-tutuklandi-1702368158.webp.webp","datePublished":"2023-12-12T08:40:04+00:00","author":{"@id":"https:\/\/kibrisdakik.com\/#\/schema\/person\/9cd9d437bbb44f72b73ba127e06d8e79"},"breadcrumb":{"@id":"https:\/\/kibrisdakik.com\/?p=21806#breadcrumb"},"inLanguage":"tr","potentialAction":[{"@type":"ReadAction","target":["https:\/\/kibrisdakik.com\/?p=21806"]}]},{"@type":"ImageObject","inLanguage":"tr","@id":"https:\/\/kibrisdakik.com\/?p=21806#primaryimage","url":"https:\/\/kibrisdakik.com\/wp-content\/uploads\/2023\/12\/hakem-halil-umut-melere-saldiriyla-ilgili-3-kisi-tutuklandi-1702368158.webp.webp","contentUrl":"https:\/\/kibrisdakik.com\/wp-content\/uploads\/2023\/12\/hakem-halil-umut-melere-saldiriyla-ilgili-3-kisi-tutuklandi-1702368158.webp.webp","width":710,"height":370},{"@type":"BreadcrumbList","@id":"https:\/\/kibrisdakik.com\/?p=21806#breadcrumb","itemListElement":[{"@type":"ListItem","position":1,"name":"Home","item":"https:\/\/kibrisdakik.com\/"},{"@type":"ListItem","position":2,"name":"Hakem Halil Umut Meler&#039;e sald\u0131r\u0131yla ilgili 3 ki\u015fi tutukland\u0131"}]},{"@type":"WebSite","@id":"https:\/\/kibrisdakik.com\/#website","url":"https:\/\/kibrisdakik.com\/","name":"","description":"Tam vaktinde haber","potentialAction":[{"@type":"SearchAction","target":{"@type":"EntryPoint","urlTemplate":"https:\/\/kibrisdakik.com\/?s={search_term_string}"},"query-input":{"@type":"PropertyValueSpecification","valueRequired":true,"valueName":"search_term_string"}}],"inLanguage":"tr"},{"@type":"Person","@id":"https:\/\/kibrisdakik.com\/#\/schema\/person\/9cd9d437bbb44f72b73ba127e06d8e79","name":"admin","image":{"@type":"ImageObject","inLanguage":"tr","@id":"https:\/\/secure.gravatar.com\/avatar\/ccc17943b9d660506c869530f897617f7cb1c21a4bf30023f252596d83e1f007?s=96&d=mm&r=g","url":"https:\/\/secure.gravatar.com\/avatar\/ccc17943b9d660506c869530f897617f7cb1c21a4bf30023f252596d83e1f007?s=96&d=mm&r=g","contentUrl":"https:\/\/secure.gravatar.com\/avatar\/ccc17943b9d660506c869530f897617f7cb1c21a4bf30023f252596d83e1f007?s=96&d=mm&r=g","caption":"admin"},"sameAs":["https:\/\/kibrisdakik.com"],"url":"https:\/\/kibrisdakik.com\/?author=1"}]}},"_links":{"self":[{"href":"https:\/\/kibrisdakik.com\/index.php?rest_route=\/wp\/v2\/posts\/21806","targetHints":{"allow":["GET"]}}],"collection":[{"href":"https:\/\/kibrisdakik.com\/index.php?rest_route=\/wp\/v2\/posts"}],"about":[{"href":"https:\/\/kibrisdakik.com\/index.php?rest_route=\/wp\/v2\/types\/post"}],"author":[{"embeddable":true,"href":"https:\/\/kibrisdakik.com\/index.php?rest_route=\/wp\/v2\/users\/1"}],"replies":[{"embeddable":true,"href":"https:\/\/kibrisdakik.com\/index.php?rest_route=%2Fwp%2Fv2%2Fcomments&post=21806"}],"version-history":[{"count":0,"href":"https:\/\/kibrisdakik.com\/index.php?rest_route=\/wp\/v2\/posts\/21806\/revisions"}],"wp:featuredmedia":[{"embeddable":true,"href":"https:\/\/kibrisdakik.com\/index.php?rest_route=\/wp\/v2\/media\/21807"}],"wp:attachment":[{"href":"https:\/\/kibrisdakik.com\/index.php?rest_route=%2Fwp%2Fv2%2Fmedia&parent=21806"}],"wp:term":[{"taxonomy":"category","embeddable":true,"href":"https:\/\/kibrisdakik.com\/index.php?rest_route=%2Fwp%2Fv2%2Fcategories&post=21806"},{"taxonomy":"post_tag","embeddable":true,"href":"https:\/\/kibrisdakik.com\/index.php?rest_route=%2Fwp%2Fv2%2Ftags&post=21806"}],"curies":[{"name":"wp","href":"https:\/\/api.w.org\/{rel}","templated":true}]}}