{"id":21905,"date":"2023-12-12T12:54:51","date_gmt":"2023-12-12T12:54:51","guid":{"rendered":"https:\/\/kibrisdakik.com\/index.php\/2023\/12\/12\/hakem-halil-umut-melere-yapilan-saldiri-uluslararasi-basinda-yanki-uyandirdi\/"},"modified":"2023-12-12T12:54:51","modified_gmt":"2023-12-12T12:54:51","slug":"hakem-halil-umut-melere-yapilan-saldiri-uluslararasi-basinda-yanki-uyandirdi","status":"publish","type":"post","link":"https:\/\/kibrisdakik.com\/?p=21905","title":{"rendered":"Hakem Halil Umut Meler&#039;e yap\u0131lan sald\u0131r\u0131, uluslararas\u0131 bas\u0131nda yank\u0131 uyand\u0131rd\u0131"},"content":{"rendered":"<p><img decoding=\"async\" src=\"https:\/\/www.kibristurk.com\/images\/haberler\/2023\/12\/hakem-halil-umut-melere-yapilan-saldiri-uluslararasi-basinda-yanki-uyandirdi-1702382788.webp\" \/><\/p>\n<p><span style=\"font-size:12pt\"><span style=\"background-color:white\"><span style=\",serif\"><span style=\"font-size:13.0pt\"><span style=\",sans-serif\"><span style=\"color:black\">\u0130ngiltere bas\u0131n\u0131ndan BBC, &#8220;Kul\u00fcp ba\u015fkan\u0131n\u0131n hakemi yumruklamas\u0131yla, T\u00fcrk futbolunda ma\u00e7lar ertelendi&#8221; ba\u015fl\u0131\u011f\u0131yla verdi\u011fi haberde, T\u00fcrkiye Futbol Federasyonu (TFF) Ba\u015fkan\u0131 Mehmet B\u00fcy\u00fckek\u015fi&#8217;nin &#8220;Bu sald\u0131r\u0131, T\u00fcrk futbolunun utan\u00e7 gecesidir.&#8221; ifadelerini \u00f6ne \u00e7\u0131kard\u0131.<\/span><\/span><\/span><\/span><\/span><\/span><\/p>\n<p><span style=\"font-size:12pt\"><span style=\"background-color:white\"><span style=\",serif\"><span style=\"font-size:13.0pt\"><span style=\",sans-serif\"><span style=\"color:black\">Haberde, sald\u0131r\u0131n\u0131n ard\u0131ndan hastaneye kald\u0131r\u0131lan Halil Umut Meler&#8217;e, Ankarag\u00fcc\u00fc&#8217;n\u00fcn ba\u015fkan\u0131 Faruk Koca&#8217;n\u0131n yan\u0131 s\u0131ra ba\u015fka ki\u015filerin de saha ortas\u0131nda sald\u0131rd\u0131\u011f\u0131 ve hakemin darbe alan b\u00f6lgelerinde ufak \u00f6l\u00e7ekli k\u0131r\u0131klar meydana geldi\u011fi belirtildi.<\/span><\/span><\/span><\/span><\/span><\/span><\/p>\n<p><span style=\"font-size:12pt\"><span style=\"background-color:white\"><span style=\",serif\"><span style=\"font-size:13.0pt\"><span style=\",sans-serif\"><span style=\"color:black\">Olay\u0131n videosunu yay\u0131nlayan Independent gazetesi ise &#8220;97. dakikada yenen gol nedeniyle hakemin y\u00fcz\u00fcne defalarca tekme at\u0131ld\u0131&#8221; man\u015fetiyle verdi\u011fi haberde, ya\u015fanan \u015fiddetin boyutu nedeniyle olay\u0131n yarg\u0131ya ta\u015f\u0131nd\u0131\u011f\u0131n\u0131 vurgulad\u0131.<\/span><\/span><\/span><\/span><\/span><\/span><\/p>\n<p><span style=\"font-size:12pt\"><span style=\"background-color:white\"><span style=\",serif\"><span style=\"font-size:13.0pt\"><span style=\",sans-serif\"><span style=\"color:black\">Guardian gazetesi de Meler&#8217;in UEFA&#8217;n\u0131n elit listesinde yer alan hakemler aras\u0131nda oldu\u011funu hat\u0131rlatarak, ya\u015fananlara ili\u015fkin &#8220;T\u00fcrkiye&#8217;de S\u00fcper Lig, bu olay\u0131n ard\u0131ndan kaosun i\u00e7ine s\u00fcr\u00fcklendi.&#8221; \u015feklinde g\u00f6r\u00fc\u015f belirtti.<\/span><\/span><\/span><\/span><\/span><\/span><\/p>\n<p><span style=\"font-size:12pt\"><span style=\"background-color:white\"><span style=\",serif\"><span style=\"font-size:13.0pt\"><span style=\",sans-serif\"><span style=\"color:black\">Olay\u0131n yarg\u0131 y\u00f6n\u00fcn\u00fc \u00f6ne \u00e7\u0131karan di\u011fer bas\u0131n organ\u0131 ise \u0130spanyol Marca oldu. &#8220;Hakemi yumruklayan Ankarag\u00fcc\u00fc&#8217;n\u00fcn ba\u015fkan\u0131, yarg\u0131lanacak&#8221; ba\u015fl\u0131\u011f\u0131yla sunulan ve ya\u015fananlar\u0131n &#8220;beklenmedik, utan\u00e7 verici ve \u00fcz\u00fcc\u00fc&#8221; olarak nitelendirilen haberde, Cumhurba\u015fkan\u0131 Erdo\u011fan&#8217;\u0131n &#8220;Spor, bar\u0131\u015f ve karde\u015flik demektir. Spor, \u015fiddetle ba\u011fda\u015fmaz. \u015eiddetin T\u00fcrk sporunun i\u00e7inde bar\u0131nmas\u0131na asla izin vermeyece\u011fiz.&#8221; ifadelerine yer verildi.<\/span><\/span><\/span><\/span><\/span><\/span><\/p>\n<p><span style=\"font-size:12pt\"><span style=\"background-color:white\"><span style=\",serif\"><span style=\"font-size:13.0pt\"><span style=\",sans-serif\"><span style=\"color:black\">&#8220;Ankarag\u00fcc\u00fc Ba\u015fkan\u0131 Faruk Koca&#8217;n\u0131n, hakem Halil Umut Meler&#8217;e yumru\u011fu nedeniyle lig ma\u00e7lar\u0131 ertelendi&#8221; ba\u015fl\u0131\u011f\u0131n\u0131 atan Fransa merkezli uluslararas\u0131 spor yay\u0131nc\u0131l\u0131k a\u011f\u0131 Eurosport, &#8220;Hakemin, yumruk sonucu yere d\u00fc\u015fmesinin ard\u0131ndan T\u00fcrk futbolu i\u00e7in kaotik bir gece ya\u015fand\u0131.&#8221; de\u011ferlendirmesinde bulundu.<\/span><\/span><\/span><\/span><\/span><\/span><\/p>\n<p><span style=\"font-size:12pt\"><span style=\"background-color:white\"><span style=\",serif\"><span style=\"font-size:13.0pt\"><span style=\",sans-serif\"><span style=\"color:black\">Haberde, ya\u015fananlar\u0131n Cumhurba\u015fkan\u0131 Recep Tayyip Erdo\u011fan&#8217;\u0131n da i\u00e7inde yer ald\u0131\u011f\u0131 geni\u015f bir kesim taraf\u0131ndan k\u0131nand\u0131\u011f\u0131 belirtilerek, TFF&#8217;nin, &#8220;Bu al\u00e7ak sald\u0131r\u0131, T\u00fcrk futbolunun t\u00fcm payda\u015flar\u0131na yap\u0131lm\u0131\u015ft\u0131r. Her f\u0131rsatta hakemleri hedef g\u00f6steren, bunu yaparken de bu i\u015fin sonunun nereye gidece\u011fini g\u00f6z ard\u0131 eden herkes, bu gece olanlar\u0131 enine boyuna d\u00fc\u015f\u00fcns\u00fcn.&#8221; ifadeleri \u00f6ne \u00e7\u0131kar\u0131ld\u0131.<\/span><\/span><\/span><\/span><\/span><\/span><\/p>\n<p><span style=\"font-size:12pt\"><span style=\"background-color:white\"><span style=\",serif\"><span style=\"font-size:13.0pt\"><span style=\",sans-serif\"><span style=\"color:black\">\u0130talyan bas\u0131n\u0131ndan Corriere dello Sport da &#8220;T\u00fcrkiye&#8217;de sansasyonel olay: Lig ertelendi ve Ankarag\u00fcc\u00fc&#8217;n\u00fcn ba\u015fkan\u0131 tutukland\u0131!&#8221; man\u015fetiyle okuyucular\u0131na duyurdu\u011fu haberde, olay\u0131n ard\u0131ndan Koca ve iki ki\u015finin hakeme sald\u0131rmaktan tutukland\u0131\u011f\u0131 bilgisi payla\u015f\u0131ld\u0131.<\/span><\/span><\/span><\/span><\/span><\/span><\/p>\n","protected":false},"excerpt":{"rendered":"<p>\u0130ngiltere bas\u0131n\u0131ndan BBC, &#8220;Kul\u00fcp ba\u015fkan\u0131n\u0131n hakemi yumruklamas\u0131yla, T\u00fcrk futbolunda ma\u00e7lar ertelendi&#8221; ba\u015fl\u0131\u011f\u0131yla verdi\u011fi haberde, T\u00fcrkiye Futbol Federasyonu (TFF) Ba\u015fkan\u0131 Mehmet B\u00fcy\u00fckek\u015fi&#8217;nin &#8220;Bu sald\u0131r\u0131, T\u00fcrk futbolunun utan\u00e7 gecesidir.&#8221; ifadelerini \u00f6ne \u00e7\u0131kard\u0131. Haberde, sald\u0131r\u0131n\u0131n ard\u0131ndan hastaneye kald\u0131r\u0131lan Halil Umut Meler&#8217;e, Ankarag\u00fcc\u00fc&#8217;n\u00fcn ba\u015fkan\u0131 Faruk Koca&#8217;n\u0131n yan\u0131 s\u0131ra ba\u015fka ki\u015filerin de saha ortas\u0131nda sald\u0131rd\u0131\u011f\u0131 ve hakemin darbe alan b\u00f6lgelerinde<\/p>\n","protected":false},"author":1,"featured_media":21906,"comment_status":"open","ping_status":"open","sticky":false,"template":"","format":"standard","meta":{"footnotes":""},"categories":[1],"tags":[],"class_list":["post-21905","post","type-post","status-publish","format-standard","has-post-thumbnail","hentry","category-gundem"],"yoast_head":"<!-- This site is optimized with the Yoast SEO plugin v27.5 - https:\/\/yoast.com\/product\/yoast-seo-wordpress\/ -->\n<title>Hakem Halil Umut Meler&#039;e yap\u0131lan sald\u0131r\u0131, uluslararas\u0131 bas\u0131nda yank\u0131 uyand\u0131rd\u0131 -<\/title>\n<meta name=\"robots\" content=\"index, follow, max-snippet:-1, max-image-preview:large, max-video-preview:-1\" \/>\n<link rel=\"canonical\" href=\"https:\/\/kibrisdakik.com\/?p=21905\" \/>\n<meta property=\"og:locale\" content=\"tr_TR\" \/>\n<meta property=\"og:type\" content=\"article\" \/>\n<meta property=\"og:title\" content=\"Hakem Halil Umut Meler&#039;e yap\u0131lan sald\u0131r\u0131, uluslararas\u0131 bas\u0131nda yank\u0131 uyand\u0131rd\u0131 -\" \/>\n<meta property=\"og:description\" content=\"\u0130ngiltere bas\u0131n\u0131ndan BBC, &#8220;Kul\u00fcp ba\u015fkan\u0131n\u0131n hakemi yumruklamas\u0131yla, T\u00fcrk futbolunda ma\u00e7lar ertelendi&#8221; ba\u015fl\u0131\u011f\u0131yla verdi\u011fi haberde, T\u00fcrkiye Futbol Federasyonu (TFF) Ba\u015fkan\u0131 Mehmet B\u00fcy\u00fckek\u015fi&#8217;nin &#8220;Bu sald\u0131r\u0131, T\u00fcrk futbolunun utan\u00e7 gecesidir.&#8221; ifadelerini \u00f6ne \u00e7\u0131kard\u0131. Haberde, sald\u0131r\u0131n\u0131n ard\u0131ndan hastaneye kald\u0131r\u0131lan Halil Umut Meler&#8217;e, Ankarag\u00fcc\u00fc&#8217;n\u00fcn ba\u015fkan\u0131 Faruk Koca&#8217;n\u0131n yan\u0131 s\u0131ra ba\u015fka ki\u015filerin de saha ortas\u0131nda sald\u0131rd\u0131\u011f\u0131 ve hakemin darbe alan b\u00f6lgelerinde\" \/>\n<meta property=\"og:url\" content=\"https:\/\/kibrisdakik.com\/?p=21905\" \/>\n<meta property=\"article:published_time\" content=\"2023-12-12T12:54:51+00:00\" \/>\n<meta property=\"og:image\" content=\"https:\/\/kibrisdakik.com\/wp-content\/uploads\/2023\/12\/hakem-halil-umut-melere-yapilan-saldiri-uluslararasi-basinda-yanki-uyandirdi-1702382788.webp.webp\" \/>\n\t<meta property=\"og:image:width\" content=\"710\" \/>\n\t<meta property=\"og:image:height\" content=\"370\" \/>\n\t<meta property=\"og:image:type\" content=\"image\/webp\" \/>\n<meta name=\"author\" content=\"admin\" \/>\n<meta name=\"twitter:card\" content=\"summary_large_image\" \/>\n<meta name=\"twitter:label1\" content=\"Yazan:\" \/>\n\t<meta name=\"twitter:data1\" content=\"admin\" \/>\n\t<meta name=\"twitter:label2\" content=\"Tahmini okuma s\u00fcresi\" \/>\n\t<meta name=\"twitter:data2\" content=\"2 dakika\" \/>\n<script type=\"application\/ld+json\" class=\"yoast-schema-graph\">{\"@context\":\"https:\\\/\\\/schema.org\",\"@graph\":[{\"@type\":\"Article\",\"@id\":\"https:\\\/\\\/kibrisdakik.com\\\/?p=21905#article\",\"isPartOf\":{\"@id\":\"https:\\\/\\\/kibrisdakik.com\\\/?p=21905\"},\"author\":{\"name\":\"admin\",\"@id\":\"https:\\\/\\\/kibrisdakik.com\\\/#\\\/schema\\\/person\\\/9cd9d437bbb44f72b73ba127e06d8e79\"},\"headline\":\"Hakem Halil Umut Meler&#039;e yap\u0131lan sald\u0131r\u0131, uluslararas\u0131 bas\u0131nda yank\u0131 uyand\u0131rd\u0131\",\"datePublished\":\"2023-12-12T12:54:51+00:00\",\"mainEntityOfPage\":{\"@id\":\"https:\\\/\\\/kibrisdakik.com\\\/?p=21905\"},\"wordCount\":445,\"commentCount\":0,\"image\":{\"@id\":\"https:\\\/\\\/kibrisdakik.com\\\/?p=21905#primaryimage\"},\"thumbnailUrl\":\"https:\\\/\\\/kibrisdakik.com\\\/wp-content\\\/uploads\\\/2023\\\/12\\\/hakem-halil-umut-melere-yapilan-saldiri-uluslararasi-basinda-yanki-uyandirdi-1702382788.webp.webp\",\"articleSection\":[\"G\u00fcndem\"],\"inLanguage\":\"tr\",\"potentialAction\":[{\"@type\":\"CommentAction\",\"name\":\"Comment\",\"target\":[\"https:\\\/\\\/kibrisdakik.com\\\/?p=21905#respond\"]}]},{\"@type\":\"WebPage\",\"@id\":\"https:\\\/\\\/kibrisdakik.com\\\/?p=21905\",\"url\":\"https:\\\/\\\/kibrisdakik.com\\\/?p=21905\",\"name\":\"Hakem Halil Umut Meler&#039;e yap\u0131lan sald\u0131r\u0131, uluslararas\u0131 bas\u0131nda yank\u0131 uyand\u0131rd\u0131 -\",\"isPartOf\":{\"@id\":\"https:\\\/\\\/kibrisdakik.com\\\/#website\"},\"primaryImageOfPage\":{\"@id\":\"https:\\\/\\\/kibrisdakik.com\\\/?p=21905#primaryimage\"},\"image\":{\"@id\":\"https:\\\/\\\/kibrisdakik.com\\\/?p=21905#primaryimage\"},\"thumbnailUrl\":\"https:\\\/\\\/kibrisdakik.com\\\/wp-content\\\/uploads\\\/2023\\\/12\\\/hakem-halil-umut-melere-yapilan-saldiri-uluslararasi-basinda-yanki-uyandirdi-1702382788.webp.webp\",\"datePublished\":\"2023-12-12T12:54:51+00:00\",\"author\":{\"@id\":\"https:\\\/\\\/kibrisdakik.com\\\/#\\\/schema\\\/person\\\/9cd9d437bbb44f72b73ba127e06d8e79\"},\"breadcrumb\":{\"@id\":\"https:\\\/\\\/kibrisdakik.com\\\/?p=21905#breadcrumb\"},\"inLanguage\":\"tr\",\"potentialAction\":[{\"@type\":\"ReadAction\",\"target\":[\"https:\\\/\\\/kibrisdakik.com\\\/?p=21905\"]}]},{\"@type\":\"ImageObject\",\"inLanguage\":\"tr\",\"@id\":\"https:\\\/\\\/kibrisdakik.com\\\/?p=21905#primaryimage\",\"url\":\"https:\\\/\\\/kibrisdakik.com\\\/wp-content\\\/uploads\\\/2023\\\/12\\\/hakem-halil-umut-melere-yapilan-saldiri-uluslararasi-basinda-yanki-uyandirdi-1702382788.webp.webp\",\"contentUrl\":\"https:\\\/\\\/kibrisdakik.com\\\/wp-content\\\/uploads\\\/2023\\\/12\\\/hakem-halil-umut-melere-yapilan-saldiri-uluslararasi-basinda-yanki-uyandirdi-1702382788.webp.webp\",\"width\":710,\"height\":370},{\"@type\":\"BreadcrumbList\",\"@id\":\"https:\\\/\\\/kibrisdakik.com\\\/?p=21905#breadcrumb\",\"itemListElement\":[{\"@type\":\"ListItem\",\"position\":1,\"name\":\"Home\",\"item\":\"https:\\\/\\\/kibrisdakik.com\\\/\"},{\"@type\":\"ListItem\",\"position\":2,\"name\":\"Hakem Halil Umut Meler&#039;e yap\u0131lan sald\u0131r\u0131, uluslararas\u0131 bas\u0131nda yank\u0131 uyand\u0131rd\u0131\"}]},{\"@type\":\"WebSite\",\"@id\":\"https:\\\/\\\/kibrisdakik.com\\\/#website\",\"url\":\"https:\\\/\\\/kibrisdakik.com\\\/\",\"name\":\"\",\"description\":\"Tam vaktinde haber\",\"potentialAction\":[{\"@type\":\"SearchAction\",\"target\":{\"@type\":\"EntryPoint\",\"urlTemplate\":\"https:\\\/\\\/kibrisdakik.com\\\/?s={search_term_string}\"},\"query-input\":{\"@type\":\"PropertyValueSpecification\",\"valueRequired\":true,\"valueName\":\"search_term_string\"}}],\"inLanguage\":\"tr\"},{\"@type\":\"Person\",\"@id\":\"https:\\\/\\\/kibrisdakik.com\\\/#\\\/schema\\\/person\\\/9cd9d437bbb44f72b73ba127e06d8e79\",\"name\":\"admin\",\"image\":{\"@type\":\"ImageObject\",\"inLanguage\":\"tr\",\"@id\":\"https:\\\/\\\/secure.gravatar.com\\\/avatar\\\/ccc17943b9d660506c869530f897617f7cb1c21a4bf30023f252596d83e1f007?s=96&d=mm&r=g\",\"url\":\"https:\\\/\\\/secure.gravatar.com\\\/avatar\\\/ccc17943b9d660506c869530f897617f7cb1c21a4bf30023f252596d83e1f007?s=96&d=mm&r=g\",\"contentUrl\":\"https:\\\/\\\/secure.gravatar.com\\\/avatar\\\/ccc17943b9d660506c869530f897617f7cb1c21a4bf30023f252596d83e1f007?s=96&d=mm&r=g\",\"caption\":\"admin\"},\"sameAs\":[\"https:\\\/\\\/kibrisdakik.com\"],\"url\":\"https:\\\/\\\/kibrisdakik.com\\\/?author=1\"}]}<\/script>\n<!-- \/ Yoast SEO plugin. -->","yoast_head_json":{"title":"Hakem Halil Umut Meler&#039;e yap\u0131lan sald\u0131r\u0131, uluslararas\u0131 bas\u0131nda yank\u0131 uyand\u0131rd\u0131 -","robots":{"index":"index","follow":"follow","max-snippet":"max-snippet:-1","max-image-preview":"max-image-preview:large","max-video-preview":"max-video-preview:-1"},"canonical":"https:\/\/kibrisdakik.com\/?p=21905","og_locale":"tr_TR","og_type":"article","og_title":"Hakem Halil Umut Meler&#039;e yap\u0131lan sald\u0131r\u0131, uluslararas\u0131 bas\u0131nda yank\u0131 uyand\u0131rd\u0131 -","og_description":"\u0130ngiltere bas\u0131n\u0131ndan BBC, &#8220;Kul\u00fcp ba\u015fkan\u0131n\u0131n hakemi yumruklamas\u0131yla, T\u00fcrk futbolunda ma\u00e7lar ertelendi&#8221; ba\u015fl\u0131\u011f\u0131yla verdi\u011fi haberde, T\u00fcrkiye Futbol Federasyonu (TFF) Ba\u015fkan\u0131 Mehmet B\u00fcy\u00fckek\u015fi&#8217;nin &#8220;Bu sald\u0131r\u0131, T\u00fcrk futbolunun utan\u00e7 gecesidir.&#8221; ifadelerini \u00f6ne \u00e7\u0131kard\u0131. Haberde, sald\u0131r\u0131n\u0131n ard\u0131ndan hastaneye kald\u0131r\u0131lan Halil Umut Meler&#8217;e, Ankarag\u00fcc\u00fc&#8217;n\u00fcn ba\u015fkan\u0131 Faruk Koca&#8217;n\u0131n yan\u0131 s\u0131ra ba\u015fka ki\u015filerin de saha ortas\u0131nda sald\u0131rd\u0131\u011f\u0131 ve hakemin darbe alan b\u00f6lgelerinde","og_url":"https:\/\/kibrisdakik.com\/?p=21905","article_published_time":"2023-12-12T12:54:51+00:00","og_image":[{"width":710,"height":370,"url":"https:\/\/kibrisdakik.com\/wp-content\/uploads\/2023\/12\/hakem-halil-umut-melere-yapilan-saldiri-uluslararasi-basinda-yanki-uyandirdi-1702382788.webp.webp","type":"image\/webp"}],"author":"admin","twitter_card":"summary_large_image","twitter_misc":{"Yazan:":"admin","Tahmini okuma s\u00fcresi":"2 dakika"},"schema":{"@context":"https:\/\/schema.org","@graph":[{"@type":"Article","@id":"https:\/\/kibrisdakik.com\/?p=21905#article","isPartOf":{"@id":"https:\/\/kibrisdakik.com\/?p=21905"},"author":{"name":"admin","@id":"https:\/\/kibrisdakik.com\/#\/schema\/person\/9cd9d437bbb44f72b73ba127e06d8e79"},"headline":"Hakem Halil Umut Meler&#039;e yap\u0131lan sald\u0131r\u0131, uluslararas\u0131 bas\u0131nda yank\u0131 uyand\u0131rd\u0131","datePublished":"2023-12-12T12:54:51+00:00","mainEntityOfPage":{"@id":"https:\/\/kibrisdakik.com\/?p=21905"},"wordCount":445,"commentCount":0,"image":{"@id":"https:\/\/kibrisdakik.com\/?p=21905#primaryimage"},"thumbnailUrl":"https:\/\/kibrisdakik.com\/wp-content\/uploads\/2023\/12\/hakem-halil-umut-melere-yapilan-saldiri-uluslararasi-basinda-yanki-uyandirdi-1702382788.webp.webp","articleSection":["G\u00fcndem"],"inLanguage":"tr","potentialAction":[{"@type":"CommentAction","name":"Comment","target":["https:\/\/kibrisdakik.com\/?p=21905#respond"]}]},{"@type":"WebPage","@id":"https:\/\/kibrisdakik.com\/?p=21905","url":"https:\/\/kibrisdakik.com\/?p=21905","name":"Hakem Halil Umut Meler&#039;e yap\u0131lan sald\u0131r\u0131, uluslararas\u0131 bas\u0131nda yank\u0131 uyand\u0131rd\u0131 -","isPartOf":{"@id":"https:\/\/kibrisdakik.com\/#website"},"primaryImageOfPage":{"@id":"https:\/\/kibrisdakik.com\/?p=21905#primaryimage"},"image":{"@id":"https:\/\/kibrisdakik.com\/?p=21905#primaryimage"},"thumbnailUrl":"https:\/\/kibrisdakik.com\/wp-content\/uploads\/2023\/12\/hakem-halil-umut-melere-yapilan-saldiri-uluslararasi-basinda-yanki-uyandirdi-1702382788.webp.webp","datePublished":"2023-12-12T12:54:51+00:00","author":{"@id":"https:\/\/kibrisdakik.com\/#\/schema\/person\/9cd9d437bbb44f72b73ba127e06d8e79"},"breadcrumb":{"@id":"https:\/\/kibrisdakik.com\/?p=21905#breadcrumb"},"inLanguage":"tr","potentialAction":[{"@type":"ReadAction","target":["https:\/\/kibrisdakik.com\/?p=21905"]}]},{"@type":"ImageObject","inLanguage":"tr","@id":"https:\/\/kibrisdakik.com\/?p=21905#primaryimage","url":"https:\/\/kibrisdakik.com\/wp-content\/uploads\/2023\/12\/hakem-halil-umut-melere-yapilan-saldiri-uluslararasi-basinda-yanki-uyandirdi-1702382788.webp.webp","contentUrl":"https:\/\/kibrisdakik.com\/wp-content\/uploads\/2023\/12\/hakem-halil-umut-melere-yapilan-saldiri-uluslararasi-basinda-yanki-uyandirdi-1702382788.webp.webp","width":710,"height":370},{"@type":"BreadcrumbList","@id":"https:\/\/kibrisdakik.com\/?p=21905#breadcrumb","itemListElement":[{"@type":"ListItem","position":1,"name":"Home","item":"https:\/\/kibrisdakik.com\/"},{"@type":"ListItem","position":2,"name":"Hakem Halil Umut Meler&#039;e yap\u0131lan sald\u0131r\u0131, uluslararas\u0131 bas\u0131nda yank\u0131 uyand\u0131rd\u0131"}]},{"@type":"WebSite","@id":"https:\/\/kibrisdakik.com\/#website","url":"https:\/\/kibrisdakik.com\/","name":"","description":"Tam vaktinde haber","potentialAction":[{"@type":"SearchAction","target":{"@type":"EntryPoint","urlTemplate":"https:\/\/kibrisdakik.com\/?s={search_term_string}"},"query-input":{"@type":"PropertyValueSpecification","valueRequired":true,"valueName":"search_term_string"}}],"inLanguage":"tr"},{"@type":"Person","@id":"https:\/\/kibrisdakik.com\/#\/schema\/person\/9cd9d437bbb44f72b73ba127e06d8e79","name":"admin","image":{"@type":"ImageObject","inLanguage":"tr","@id":"https:\/\/secure.gravatar.com\/avatar\/ccc17943b9d660506c869530f897617f7cb1c21a4bf30023f252596d83e1f007?s=96&d=mm&r=g","url":"https:\/\/secure.gravatar.com\/avatar\/ccc17943b9d660506c869530f897617f7cb1c21a4bf30023f252596d83e1f007?s=96&d=mm&r=g","contentUrl":"https:\/\/secure.gravatar.com\/avatar\/ccc17943b9d660506c869530f897617f7cb1c21a4bf30023f252596d83e1f007?s=96&d=mm&r=g","caption":"admin"},"sameAs":["https:\/\/kibrisdakik.com"],"url":"https:\/\/kibrisdakik.com\/?author=1"}]}},"_links":{"self":[{"href":"https:\/\/kibrisdakik.com\/index.php?rest_route=\/wp\/v2\/posts\/21905","targetHints":{"allow":["GET"]}}],"collection":[{"href":"https:\/\/kibrisdakik.com\/index.php?rest_route=\/wp\/v2\/posts"}],"about":[{"href":"https:\/\/kibrisdakik.com\/index.php?rest_route=\/wp\/v2\/types\/post"}],"author":[{"embeddable":true,"href":"https:\/\/kibrisdakik.com\/index.php?rest_route=\/wp\/v2\/users\/1"}],"replies":[{"embeddable":true,"href":"https:\/\/kibrisdakik.com\/index.php?rest_route=%2Fwp%2Fv2%2Fcomments&post=21905"}],"version-history":[{"count":0,"href":"https:\/\/kibrisdakik.com\/index.php?rest_route=\/wp\/v2\/posts\/21905\/revisions"}],"wp:featuredmedia":[{"embeddable":true,"href":"https:\/\/kibrisdakik.com\/index.php?rest_route=\/wp\/v2\/media\/21906"}],"wp:attachment":[{"href":"https:\/\/kibrisdakik.com\/index.php?rest_route=%2Fwp%2Fv2%2Fmedia&parent=21905"}],"wp:term":[{"taxonomy":"category","embeddable":true,"href":"https:\/\/kibrisdakik.com\/index.php?rest_route=%2Fwp%2Fv2%2Fcategories&post=21905"},{"taxonomy":"post_tag","embeddable":true,"href":"https:\/\/kibrisdakik.com\/index.php?rest_route=%2Fwp%2Fv2%2Ftags&post=21905"}],"curies":[{"name":"wp","href":"https:\/\/api.w.org\/{rel}","templated":true}]}}