{"id":21929,"date":"2023-12-12T15:18:00","date_gmt":"2023-12-12T15:18:00","guid":{"rendered":"https:\/\/kibrisdakik.com\/index.php\/2023\/12\/12\/abden-suclularin-varliklariyla-mucadele-adimi\/"},"modified":"2023-12-12T15:18:00","modified_gmt":"2023-12-12T15:18:00","slug":"abden-suclularin-varliklariyla-mucadele-adimi","status":"publish","type":"post","link":"https:\/\/kibrisdakik.com\/?p=21929","title":{"rendered":"AB&#039;den &quot;su\u00e7lular\u0131n varl\u0131klar\u0131yla m\u00fccadele&quot; ad\u0131m\u0131"},"content":{"rendered":"<p><img decoding=\"async\" src=\"https:\/\/www.kibristurk.com\/images\/haberler\/2023\/12\/abden-suclularin-varliklariyla-mucadele-adimi-1702394354.webp\" \/><\/p>\n<p>AB Konseyi, \u00fcye \u00fclkeler ile Avrupa Parlamentosu (AP) aras\u0131nda m\u00fczakere edilen ve AB&#8217;de su\u00e7 gelirlerinin dondurulmas\u0131 ve m\u00fcsadere edilmesine ili\u015fkin haz\u0131rlanan yeni yasa konusunda uzla\u015f\u0131 sa\u011fland\u0131\u011f\u0131n\u0131 duyurdu.<\/p>\n<p>Buna g\u00f6re, organize su\u00e7 ve yasa d\u0131\u015f\u0131 kazan\u00e7la daha fazla m\u00fccadele edilecek. Su\u00e7a konu varl\u0131klar\u0131n takibi, tan\u0131mlanmas\u0131, dondurulmas\u0131, m\u00fcsadere edilmesi ve y\u00f6netimine ili\u015fkin AB \u00e7ap\u0131nda ortak kurallar uygulanacak.<\/p>\n<p>\u00dcye \u00fclkeler, su\u00e7 paras\u0131n\u0131n takibi, dondurulmas\u0131 ve y\u00f6netilmesiyle ilgilenen kurumlar\u0131n\u0131n yeterli mali, teknik ve teknolojik kaynaklara sahip olmas\u0131n\u0131 sa\u011flamak zorunda olacak.<\/p>\n<p>Yeni kurallar, k\u0131s\u0131tlay\u0131c\u0131 \u00f6nlemlerin ihlaline ili\u015fkin cezai su\u00e7lar ve cezalar\u0131n tan\u0131mlanmas\u0131na ili\u015fkin AB y\u00f6netmeli\u011finin kabul edilmesiyle birlikte yapt\u0131r\u0131mlar\u0131n ihlalinde de uygulanacak.<\/p>\n<p>B\u00f6ylece, &#8220;yapt\u0131r\u0131mlar\u0131n \u00e7evresinden dola\u015farak&#8221; kar sa\u011flayan ki\u015fi ve \u015firketlerin kazan\u00e7lar\u0131na da di\u011fer su\u00e7lar gibi el konulacak.<\/p>\n<p>Su\u00e7 faaliyetleriyle ili\u015fki sonucunda edinilen mal varl\u0131klar\u0131 m\u00fcsadere edilebilecek. Su\u00e7a ili\u015fkin varl\u0131klar\u0131n veya m\u00fclklerin \u00fc\u00e7\u00fcnc\u00fc bir ki\u015fiye devredildi\u011fi durumlarda da bunlara kolayl\u0131kla el konulabilecek.<\/p>\n<p>Yeni kurallar AB \u00fclkeleri ile AP taraf\u0131ndan resmen onaylanmas\u0131n\u0131n ard\u0131ndan AB Resmi Gazetesi\u2019nde yay\u0131mlanarak y\u00fcr\u00fcrl\u00fc\u011fe girecek.<\/p>\n<p>Europol verilerine g\u00f6re, Avrupa&#8217;da su\u00e7 \u00f6rg\u00fctleri her y\u0131l 139 milyar avrodan fazla gelir elde ediyor.<\/p>\n","protected":false},"excerpt":{"rendered":"<p>AB Konseyi, \u00fcye \u00fclkeler ile Avrupa Parlamentosu (AP) aras\u0131nda m\u00fczakere edilen ve AB&#8217;de su\u00e7 gelirlerinin dondurulmas\u0131 ve m\u00fcsadere edilmesine ili\u015fkin haz\u0131rlanan yeni yasa konusunda uzla\u015f\u0131 sa\u011fland\u0131\u011f\u0131n\u0131 duyurdu. Buna g\u00f6re, organize su\u00e7 ve yasa d\u0131\u015f\u0131 kazan\u00e7la daha fazla m\u00fccadele edilecek. Su\u00e7a konu varl\u0131klar\u0131n takibi, tan\u0131mlanmas\u0131, dondurulmas\u0131, m\u00fcsadere edilmesi ve y\u00f6netimine ili\u015fkin AB \u00e7ap\u0131nda ortak kurallar uygulanacak.<\/p>\n","protected":false},"author":1,"featured_media":21930,"comment_status":"open","ping_status":"open","sticky":false,"template":"","format":"standard","meta":{"footnotes":""},"categories":[1],"tags":[],"class_list":["post-21929","post","type-post","status-publish","format-standard","has-post-thumbnail","hentry","category-gundem"],"yoast_head":"<!-- This site is optimized with the Yoast SEO plugin v27.5 - https:\/\/yoast.com\/product\/yoast-seo-wordpress\/ -->\n<title>AB&#039;den &quot;su\u00e7lular\u0131n varl\u0131klar\u0131yla m\u00fccadele&quot; ad\u0131m\u0131 -<\/title>\n<meta name=\"robots\" content=\"index, follow, max-snippet:-1, max-image-preview:large, max-video-preview:-1\" \/>\n<link rel=\"canonical\" href=\"https:\/\/kibrisdakik.com\/?p=21929\" \/>\n<meta property=\"og:locale\" content=\"tr_TR\" \/>\n<meta property=\"og:type\" content=\"article\" \/>\n<meta property=\"og:title\" content=\"AB&#039;den &quot;su\u00e7lular\u0131n varl\u0131klar\u0131yla m\u00fccadele&quot; ad\u0131m\u0131 -\" \/>\n<meta property=\"og:description\" content=\"AB Konseyi, \u00fcye \u00fclkeler ile Avrupa Parlamentosu (AP) aras\u0131nda m\u00fczakere edilen ve AB&#8217;de su\u00e7 gelirlerinin dondurulmas\u0131 ve m\u00fcsadere edilmesine ili\u015fkin haz\u0131rlanan yeni yasa konusunda uzla\u015f\u0131 sa\u011fland\u0131\u011f\u0131n\u0131 duyurdu. Buna g\u00f6re, organize su\u00e7 ve yasa d\u0131\u015f\u0131 kazan\u00e7la daha fazla m\u00fccadele edilecek. Su\u00e7a konu varl\u0131klar\u0131n takibi, tan\u0131mlanmas\u0131, dondurulmas\u0131, m\u00fcsadere edilmesi ve y\u00f6netimine ili\u015fkin AB \u00e7ap\u0131nda ortak kurallar uygulanacak.\" \/>\n<meta property=\"og:url\" content=\"https:\/\/kibrisdakik.com\/?p=21929\" \/>\n<meta property=\"article:published_time\" content=\"2023-12-12T15:18:00+00:00\" \/>\n<meta property=\"og:image\" content=\"https:\/\/kibrisdakik.com\/wp-content\/uploads\/2023\/12\/abden-suclularin-varliklariyla-mucadele-adimi-1702394354.webp.webp\" \/>\n\t<meta property=\"og:image:width\" content=\"710\" \/>\n\t<meta property=\"og:image:height\" content=\"370\" \/>\n\t<meta property=\"og:image:type\" content=\"image\/webp\" \/>\n<meta name=\"author\" content=\"admin\" \/>\n<meta name=\"twitter:card\" content=\"summary_large_image\" \/>\n<meta name=\"twitter:label1\" content=\"Yazan:\" \/>\n\t<meta name=\"twitter:data1\" content=\"admin\" \/>\n\t<meta name=\"twitter:label2\" content=\"Tahmini okuma s\u00fcresi\" \/>\n\t<meta name=\"twitter:data2\" content=\"1 dakika\" \/>\n<script type=\"application\/ld+json\" class=\"yoast-schema-graph\">{\"@context\":\"https:\\\/\\\/schema.org\",\"@graph\":[{\"@type\":\"Article\",\"@id\":\"https:\\\/\\\/kibrisdakik.com\\\/?p=21929#article\",\"isPartOf\":{\"@id\":\"https:\\\/\\\/kibrisdakik.com\\\/?p=21929\"},\"author\":{\"name\":\"admin\",\"@id\":\"https:\\\/\\\/kibrisdakik.com\\\/#\\\/schema\\\/person\\\/9cd9d437bbb44f72b73ba127e06d8e79\"},\"headline\":\"AB&#039;den &quot;su\u00e7lular\u0131n varl\u0131klar\u0131yla m\u00fccadele&quot; ad\u0131m\u0131\",\"datePublished\":\"2023-12-12T15:18:00+00:00\",\"mainEntityOfPage\":{\"@id\":\"https:\\\/\\\/kibrisdakik.com\\\/?p=21929\"},\"wordCount\":254,\"commentCount\":0,\"image\":{\"@id\":\"https:\\\/\\\/kibrisdakik.com\\\/?p=21929#primaryimage\"},\"thumbnailUrl\":\"https:\\\/\\\/kibrisdakik.com\\\/wp-content\\\/uploads\\\/2023\\\/12\\\/abden-suclularin-varliklariyla-mucadele-adimi-1702394354.webp.webp\",\"articleSection\":[\"G\u00fcndem\"],\"inLanguage\":\"tr\",\"potentialAction\":[{\"@type\":\"CommentAction\",\"name\":\"Comment\",\"target\":[\"https:\\\/\\\/kibrisdakik.com\\\/?p=21929#respond\"]}]},{\"@type\":\"WebPage\",\"@id\":\"https:\\\/\\\/kibrisdakik.com\\\/?p=21929\",\"url\":\"https:\\\/\\\/kibrisdakik.com\\\/?p=21929\",\"name\":\"AB&#039;den &quot;su\u00e7lular\u0131n varl\u0131klar\u0131yla m\u00fccadele&quot; ad\u0131m\u0131 -\",\"isPartOf\":{\"@id\":\"https:\\\/\\\/kibrisdakik.com\\\/#website\"},\"primaryImageOfPage\":{\"@id\":\"https:\\\/\\\/kibrisdakik.com\\\/?p=21929#primaryimage\"},\"image\":{\"@id\":\"https:\\\/\\\/kibrisdakik.com\\\/?p=21929#primaryimage\"},\"thumbnailUrl\":\"https:\\\/\\\/kibrisdakik.com\\\/wp-content\\\/uploads\\\/2023\\\/12\\\/abden-suclularin-varliklariyla-mucadele-adimi-1702394354.webp.webp\",\"datePublished\":\"2023-12-12T15:18:00+00:00\",\"author\":{\"@id\":\"https:\\\/\\\/kibrisdakik.com\\\/#\\\/schema\\\/person\\\/9cd9d437bbb44f72b73ba127e06d8e79\"},\"breadcrumb\":{\"@id\":\"https:\\\/\\\/kibrisdakik.com\\\/?p=21929#breadcrumb\"},\"inLanguage\":\"tr\",\"potentialAction\":[{\"@type\":\"ReadAction\",\"target\":[\"https:\\\/\\\/kibrisdakik.com\\\/?p=21929\"]}]},{\"@type\":\"ImageObject\",\"inLanguage\":\"tr\",\"@id\":\"https:\\\/\\\/kibrisdakik.com\\\/?p=21929#primaryimage\",\"url\":\"https:\\\/\\\/kibrisdakik.com\\\/wp-content\\\/uploads\\\/2023\\\/12\\\/abden-suclularin-varliklariyla-mucadele-adimi-1702394354.webp.webp\",\"contentUrl\":\"https:\\\/\\\/kibrisdakik.com\\\/wp-content\\\/uploads\\\/2023\\\/12\\\/abden-suclularin-varliklariyla-mucadele-adimi-1702394354.webp.webp\",\"width\":710,\"height\":370},{\"@type\":\"BreadcrumbList\",\"@id\":\"https:\\\/\\\/kibrisdakik.com\\\/?p=21929#breadcrumb\",\"itemListElement\":[{\"@type\":\"ListItem\",\"position\":1,\"name\":\"Home\",\"item\":\"https:\\\/\\\/kibrisdakik.com\\\/\"},{\"@type\":\"ListItem\",\"position\":2,\"name\":\"AB&#039;den &quot;su\u00e7lular\u0131n varl\u0131klar\u0131yla m\u00fccadele&quot; ad\u0131m\u0131\"}]},{\"@type\":\"WebSite\",\"@id\":\"https:\\\/\\\/kibrisdakik.com\\\/#website\",\"url\":\"https:\\\/\\\/kibrisdakik.com\\\/\",\"name\":\"\",\"description\":\"Tam vaktinde haber\",\"potentialAction\":[{\"@type\":\"SearchAction\",\"target\":{\"@type\":\"EntryPoint\",\"urlTemplate\":\"https:\\\/\\\/kibrisdakik.com\\\/?s={search_term_string}\"},\"query-input\":{\"@type\":\"PropertyValueSpecification\",\"valueRequired\":true,\"valueName\":\"search_term_string\"}}],\"inLanguage\":\"tr\"},{\"@type\":\"Person\",\"@id\":\"https:\\\/\\\/kibrisdakik.com\\\/#\\\/schema\\\/person\\\/9cd9d437bbb44f72b73ba127e06d8e79\",\"name\":\"admin\",\"image\":{\"@type\":\"ImageObject\",\"inLanguage\":\"tr\",\"@id\":\"https:\\\/\\\/secure.gravatar.com\\\/avatar\\\/ccc17943b9d660506c869530f897617f7cb1c21a4bf30023f252596d83e1f007?s=96&d=mm&r=g\",\"url\":\"https:\\\/\\\/secure.gravatar.com\\\/avatar\\\/ccc17943b9d660506c869530f897617f7cb1c21a4bf30023f252596d83e1f007?s=96&d=mm&r=g\",\"contentUrl\":\"https:\\\/\\\/secure.gravatar.com\\\/avatar\\\/ccc17943b9d660506c869530f897617f7cb1c21a4bf30023f252596d83e1f007?s=96&d=mm&r=g\",\"caption\":\"admin\"},\"sameAs\":[\"https:\\\/\\\/kibrisdakik.com\"],\"url\":\"https:\\\/\\\/kibrisdakik.com\\\/?author=1\"}]}<\/script>\n<!-- \/ Yoast SEO plugin. -->","yoast_head_json":{"title":"AB&#039;den &quot;su\u00e7lular\u0131n varl\u0131klar\u0131yla m\u00fccadele&quot; ad\u0131m\u0131 -","robots":{"index":"index","follow":"follow","max-snippet":"max-snippet:-1","max-image-preview":"max-image-preview:large","max-video-preview":"max-video-preview:-1"},"canonical":"https:\/\/kibrisdakik.com\/?p=21929","og_locale":"tr_TR","og_type":"article","og_title":"AB&#039;den &quot;su\u00e7lular\u0131n varl\u0131klar\u0131yla m\u00fccadele&quot; ad\u0131m\u0131 -","og_description":"AB Konseyi, \u00fcye \u00fclkeler ile Avrupa Parlamentosu (AP) aras\u0131nda m\u00fczakere edilen ve AB&#8217;de su\u00e7 gelirlerinin dondurulmas\u0131 ve m\u00fcsadere edilmesine ili\u015fkin haz\u0131rlanan yeni yasa konusunda uzla\u015f\u0131 sa\u011fland\u0131\u011f\u0131n\u0131 duyurdu. Buna g\u00f6re, organize su\u00e7 ve yasa d\u0131\u015f\u0131 kazan\u00e7la daha fazla m\u00fccadele edilecek. Su\u00e7a konu varl\u0131klar\u0131n takibi, tan\u0131mlanmas\u0131, dondurulmas\u0131, m\u00fcsadere edilmesi ve y\u00f6netimine ili\u015fkin AB \u00e7ap\u0131nda ortak kurallar uygulanacak.","og_url":"https:\/\/kibrisdakik.com\/?p=21929","article_published_time":"2023-12-12T15:18:00+00:00","og_image":[{"width":710,"height":370,"url":"https:\/\/kibrisdakik.com\/wp-content\/uploads\/2023\/12\/abden-suclularin-varliklariyla-mucadele-adimi-1702394354.webp.webp","type":"image\/webp"}],"author":"admin","twitter_card":"summary_large_image","twitter_misc":{"Yazan:":"admin","Tahmini okuma s\u00fcresi":"1 dakika"},"schema":{"@context":"https:\/\/schema.org","@graph":[{"@type":"Article","@id":"https:\/\/kibrisdakik.com\/?p=21929#article","isPartOf":{"@id":"https:\/\/kibrisdakik.com\/?p=21929"},"author":{"name":"admin","@id":"https:\/\/kibrisdakik.com\/#\/schema\/person\/9cd9d437bbb44f72b73ba127e06d8e79"},"headline":"AB&#039;den &quot;su\u00e7lular\u0131n varl\u0131klar\u0131yla m\u00fccadele&quot; ad\u0131m\u0131","datePublished":"2023-12-12T15:18:00+00:00","mainEntityOfPage":{"@id":"https:\/\/kibrisdakik.com\/?p=21929"},"wordCount":254,"commentCount":0,"image":{"@id":"https:\/\/kibrisdakik.com\/?p=21929#primaryimage"},"thumbnailUrl":"https:\/\/kibrisdakik.com\/wp-content\/uploads\/2023\/12\/abden-suclularin-varliklariyla-mucadele-adimi-1702394354.webp.webp","articleSection":["G\u00fcndem"],"inLanguage":"tr","potentialAction":[{"@type":"CommentAction","name":"Comment","target":["https:\/\/kibrisdakik.com\/?p=21929#respond"]}]},{"@type":"WebPage","@id":"https:\/\/kibrisdakik.com\/?p=21929","url":"https:\/\/kibrisdakik.com\/?p=21929","name":"AB&#039;den &quot;su\u00e7lular\u0131n varl\u0131klar\u0131yla m\u00fccadele&quot; ad\u0131m\u0131 -","isPartOf":{"@id":"https:\/\/kibrisdakik.com\/#website"},"primaryImageOfPage":{"@id":"https:\/\/kibrisdakik.com\/?p=21929#primaryimage"},"image":{"@id":"https:\/\/kibrisdakik.com\/?p=21929#primaryimage"},"thumbnailUrl":"https:\/\/kibrisdakik.com\/wp-content\/uploads\/2023\/12\/abden-suclularin-varliklariyla-mucadele-adimi-1702394354.webp.webp","datePublished":"2023-12-12T15:18:00+00:00","author":{"@id":"https:\/\/kibrisdakik.com\/#\/schema\/person\/9cd9d437bbb44f72b73ba127e06d8e79"},"breadcrumb":{"@id":"https:\/\/kibrisdakik.com\/?p=21929#breadcrumb"},"inLanguage":"tr","potentialAction":[{"@type":"ReadAction","target":["https:\/\/kibrisdakik.com\/?p=21929"]}]},{"@type":"ImageObject","inLanguage":"tr","@id":"https:\/\/kibrisdakik.com\/?p=21929#primaryimage","url":"https:\/\/kibrisdakik.com\/wp-content\/uploads\/2023\/12\/abden-suclularin-varliklariyla-mucadele-adimi-1702394354.webp.webp","contentUrl":"https:\/\/kibrisdakik.com\/wp-content\/uploads\/2023\/12\/abden-suclularin-varliklariyla-mucadele-adimi-1702394354.webp.webp","width":710,"height":370},{"@type":"BreadcrumbList","@id":"https:\/\/kibrisdakik.com\/?p=21929#breadcrumb","itemListElement":[{"@type":"ListItem","position":1,"name":"Home","item":"https:\/\/kibrisdakik.com\/"},{"@type":"ListItem","position":2,"name":"AB&#039;den &quot;su\u00e7lular\u0131n varl\u0131klar\u0131yla m\u00fccadele&quot; ad\u0131m\u0131"}]},{"@type":"WebSite","@id":"https:\/\/kibrisdakik.com\/#website","url":"https:\/\/kibrisdakik.com\/","name":"","description":"Tam vaktinde haber","potentialAction":[{"@type":"SearchAction","target":{"@type":"EntryPoint","urlTemplate":"https:\/\/kibrisdakik.com\/?s={search_term_string}"},"query-input":{"@type":"PropertyValueSpecification","valueRequired":true,"valueName":"search_term_string"}}],"inLanguage":"tr"},{"@type":"Person","@id":"https:\/\/kibrisdakik.com\/#\/schema\/person\/9cd9d437bbb44f72b73ba127e06d8e79","name":"admin","image":{"@type":"ImageObject","inLanguage":"tr","@id":"https:\/\/secure.gravatar.com\/avatar\/ccc17943b9d660506c869530f897617f7cb1c21a4bf30023f252596d83e1f007?s=96&d=mm&r=g","url":"https:\/\/secure.gravatar.com\/avatar\/ccc17943b9d660506c869530f897617f7cb1c21a4bf30023f252596d83e1f007?s=96&d=mm&r=g","contentUrl":"https:\/\/secure.gravatar.com\/avatar\/ccc17943b9d660506c869530f897617f7cb1c21a4bf30023f252596d83e1f007?s=96&d=mm&r=g","caption":"admin"},"sameAs":["https:\/\/kibrisdakik.com"],"url":"https:\/\/kibrisdakik.com\/?author=1"}]}},"_links":{"self":[{"href":"https:\/\/kibrisdakik.com\/index.php?rest_route=\/wp\/v2\/posts\/21929","targetHints":{"allow":["GET"]}}],"collection":[{"href":"https:\/\/kibrisdakik.com\/index.php?rest_route=\/wp\/v2\/posts"}],"about":[{"href":"https:\/\/kibrisdakik.com\/index.php?rest_route=\/wp\/v2\/types\/post"}],"author":[{"embeddable":true,"href":"https:\/\/kibrisdakik.com\/index.php?rest_route=\/wp\/v2\/users\/1"}],"replies":[{"embeddable":true,"href":"https:\/\/kibrisdakik.com\/index.php?rest_route=%2Fwp%2Fv2%2Fcomments&post=21929"}],"version-history":[{"count":0,"href":"https:\/\/kibrisdakik.com\/index.php?rest_route=\/wp\/v2\/posts\/21929\/revisions"}],"wp:featuredmedia":[{"embeddable":true,"href":"https:\/\/kibrisdakik.com\/index.php?rest_route=\/wp\/v2\/media\/21930"}],"wp:attachment":[{"href":"https:\/\/kibrisdakik.com\/index.php?rest_route=%2Fwp%2Fv2%2Fmedia&parent=21929"}],"wp:term":[{"taxonomy":"category","embeddable":true,"href":"https:\/\/kibrisdakik.com\/index.php?rest_route=%2Fwp%2Fv2%2Fcategories&post=21929"},{"taxonomy":"post_tag","embeddable":true,"href":"https:\/\/kibrisdakik.com\/index.php?rest_route=%2Fwp%2Fv2%2Ftags&post=21929"}],"curies":[{"name":"wp","href":"https:\/\/api.w.org\/{rel}","templated":true}]}}