{"id":21939,"date":"2023-12-12T16:00:54","date_gmt":"2023-12-12T16:00:54","guid":{"rendered":"https:\/\/kibrisdakik.com\/index.php\/2023\/12\/12\/mecliste-basbakanlik-butcesi-gorusuluyor\/"},"modified":"2023-12-12T16:00:54","modified_gmt":"2023-12-12T16:00:54","slug":"mecliste-basbakanlik-butcesi-gorusuluyor","status":"publish","type":"post","link":"https:\/\/kibrisdakik.com\/?p=21939","title":{"rendered":"Meclis\u2019te Ba\u015fbakanl\u0131k b\u00fct\u00e7esi g\u00f6r\u00fc\u015f\u00fcl\u00fcyor"},"content":{"rendered":"<p><img decoding=\"async\" src=\"https:\/\/www.kibristurk.com\/images\/haberler\/2023\/12\/mecliste-basbakanlik-butcesi-gorusuluyor-1702390017.webp\" \/><\/p>\n<p>Cumhuriyet Meclisi Genel Kurulunda Ba\u015fbakanl\u0131k b\u00fct\u00e7esi g\u00f6r\u00fc\u015f\u00fcl\u00fcyor.&nbsp;<\/p>\n<p>Bug\u00fcnk\u00fc Genel Kurulda ilk olarak onaya sunu\u015flar yap\u0131ld\u0131.&nbsp;<br \/>\n&nbsp;<\/p>\n<p>BRTK 2024 Mali Y\u0131l\u0131 B\u00fct\u00e7e Yasa Tasar\u0131s\u0131, Vak\u0131flar \u0130daresi 2024 Mali Y\u0131l\u0131 B\u00fct\u00e7e Yasa Tasar\u0131s\u0131, Din \u0130\u015fleri Dairesi 2024 Mali Y\u0131l\u0131 B\u00fct\u00e7e Yasa Tasar\u0131s\u0131, Yay\u0131n Y\u00fcksek Kurulu 2024 Mali Y\u0131l\u0131 B\u00fct\u00e7e Yasa Tasar\u0131s\u0131 ve Ki\u015fisel Verileri Koruma Kurulu 2024 Mali Y\u0131l\u0131 B\u00fct\u00e7e Yasa Tasar\u0131s\u0131\u2019n\u0131n \u00fc\u00e7\u00fcnc\u00fc g\u00f6r\u00fc\u015fmesine ili\u015fkin tezkereler okunarak, oy birli\u011fiyle kabul edildi.&nbsp;<\/p>\n<p>Ard\u0131ndan 1 milyar 82 milyon 8 bin 700 TL\u2019lik Ba\u015fbakanl\u0131k b\u00fct\u00e7esinin g\u00f6r\u00fc\u015f\u00fclmesine ba\u015fland\u0131.&nbsp;<\/p>\n<p>-\u015eahiner&nbsp;<\/p>\n<p>B\u00fct\u00e7e \u00fczerine ilk s\u00f6z\u00fc alan CTP Milletvekili Salahi \u015eahiner, \u201c\u00f6zellikle medyada, kamuoyunda Ba\u015fbakanl\u0131k\u2019\u0131n ele\u015ftirilerin oda\u011f\u0131 haline geldi\u011fini\u201d savunarak, yanl\u0131\u015f ad\u0131mlar\u0131n faturas\u0131n\u0131n K\u0131br\u0131s T\u00fcrk halk\u0131na \u00e7\u0131kt\u0131\u011f\u0131n\u0131 kaydetti.&nbsp;<\/p>\n<p>K\u0131b-Tek\u2019te ya\u015fananlara de\u011finen \u015eahiner, k\u0131sa s\u00fcre i\u00e7erisinde karanl\u0131kta kal\u0131naca\u011f\u0131na y\u00f6nelik iddialar oldu\u011funu s\u00f6yledi. Al\u0131m garantisi olmayacak dendi\u011fini ancak eskisini aratan bir durumda olundu\u011funu dile getiren \u015eahiner, Kalecik-3 s\u00f6zle\u015fmesine dair ele\u015ftirilerde bulundu. \u015eahiner, Aksa\u2019ya \u00f6denecek kira bedeliyle kuruma yat\u0131r\u0131m yap\u0131labilece\u011fini dile getirdi.&nbsp;<\/p>\n<p>\u201c5 y\u0131l i\u00e7erisinde kablo gelmezse, Aksa s\u00f6zle\u015fmesi feshdilecek\u201d denildi\u011fini ifade eden \u015eahiner, Kalecik-3 s\u00f6zle\u015fmesiyle, 5 y\u0131l sonra kablo gelmese de Aksa\u2019n\u0131n ayn\u0131 y\u00f6ntemle fahi\u015f fiyata fuel oil ile elektrik \u00fcretip, K\u0131b-Tek\u2019e sataca\u011f\u0131n\u0131 ve K\u0131br\u0131s T\u00fcrk halk\u0131n\u0131n bunu \u00f6demek zorunda kalaca\u011f\u0131n\u0131 s\u00f6yledi.&nbsp;<\/p>\n<p>\u015eahiner, s\u00f6zle\u015fmede fesih ile ilgili bir \u015fey olmad\u0131\u011f\u0131n\u0131 kaydetti.&nbsp;<br \/>\n&nbsp;<\/p>\n<p>\u201cS\u00f6zle\u015fmeyle ihaleye konu olabilecek bir ba\u015fl\u0131\u011f\u0131n ilgili \u015firkete pe\u015fke\u015f de \u00e7ekildi\u011fini\u201d iddia eden \u015eahiner, s\u00f6zle\u015fmeyle enerji maliyetlerinin iki kat\u0131na \u00e7\u0131kabilece\u011fini kaydetti.&nbsp;<\/p>\n<p>Ekonomi ve Enerji Bakan\u0131 Olgun Amcao\u011flu ise yerinden s\u00f6z alarak, bir s\u00f6zle\u015fme oldu\u011funu ancak bu endi\u015feleri ortadan kald\u0131ran\u0131n TC ile KKTC aras\u0131nda mutabakat zapt\u0131 oldu\u011funu belirtti.&nbsp;<\/p>\n<p>Devlette dijitalle\u015fmeyle ilgili \u00e7al\u0131\u015fmalar\u0131n istenilen h\u0131zda gitmedi\u011fini ifade eden \u015eahiner, e-devlet ile ilgili yasa ge\u00e7erken, kadrolar\u0131n doldurulmas\u0131n\u0131n \u00f6nemli oldu\u011funu s\u00f6yledi. Liman \u0130\u015f\u00e7ileri \u015eirketiyle ilgili&nbsp; Bakanlar Kurulu karar\u0131 \u00e7\u0131kart\u0131ld\u0131\u011f\u0131na i\u015faret eden \u015eahiner, devletin ba\u015f\u0131n\u0131n a\u011fr\u0131t\u0131laca\u011f\u0131 bir karar al\u0131nd\u0131\u011f\u0131n\u0131 kaydetti.&nbsp;<\/p>\n<p>\u0130statistik Kurumu\u2019nun a\u00e7\u0131klad\u0131\u011f\u0131 hayat pahal\u0131l\u0131\u011f\u0131 oranlar\u0131n\u0131n ger\u00e7e\u011fi yans\u0131tmad\u0131\u011f\u0131n\u0131 dile getiren \u015eahiner, kurumun \u00f6nemine dikkat \u00e7ekti. \u015eahiner, Meclis\u2019in yasama faaliyetlerinin etkin yap\u0131labilmesi i\u00e7in Merkezi Mevzuat Dairesi\u2019nin g\u00fc\u00e7l\u00fc bir kadroya sahip olmas\u0131 gerekti\u011fini de belirtti.&nbsp;<\/p>\n<p>-Erh\u00fcrman&nbsp;<\/p>\n<p>CTP Genel Ba\u015fkan\u0131 Tufan Erh\u00fcrman da konu\u015fmas\u0131nda, Aksa ile imzalanan s\u00f6zle\u015fmeye de\u011finerek, s\u00f6zle\u015fmede Aksa ile KKTC\u2019nin taraf oldu\u011funu, TC\u2019nin&nbsp; taraf olmad\u0131\u011f\u0131n\u0131 belirtti.&nbsp;<\/p>\n<p>Haz\u0131rlanan ve taraflar aras\u0131nda imzalanan s\u00f6zle\u015fmede fizibilitesi yap\u0131lmayan bir \u015feyle ilgili \u201cs\u00f6zle\u015fme imzalanacakt\u0131r\u201d denilemeyece\u011fini kaydeden Erh\u00fcrman, \u201cFizibilite raporu yokken enterkonnekte geliyor diyen sizsiniz\u201d dedi. Erh\u00fcrman, fizibilite olmadan bunun s\u00f6ylenmesinin \u201cmevsimsiz\u201d oldu\u011funu s\u00f6yleyerek, \u201cKonu\u015fabilece\u011finiz bir ortam yok\u201d \u015feklinde konu\u015ftu.&nbsp;<\/p>\n<p>Aksa&#8217;ya ili\u015fkin&nbsp; s\u00f6zle\u015fme yaz\u0131m a\u015famas\u0131nda iken, taslak halinde g\u00f6nderilmesi halinde hukuk\u00e7u olarak yard\u0131mc\u0131 olmaya haz\u0131r oldu\u011funu s\u00f6yledi\u011fini dile getiren Erh\u00fcrman, \u201c\u0130ddia ediyorum bu s\u00f6zle\u015fmenin imzaland\u0131\u011f\u0131ndan haberi olmayan bakanlar vard\u0131\u201d dedi.&nbsp;<\/p>\n<p>Erh\u00fcrman, \u201cDerdimiz bu memleketin bundan sonras\u0131nda enerji meselesini g\u00fcvence alt\u0131na almak\u201d \u015feklinde konu\u015ftu.&nbsp;<\/p>\n<p>\u201c4 sene \u00f6nce yanl\u0131\u015f dedi\u011finiz \u015feyi defalarca yap\u0131yorsunuz\u201d ele\u015ftirisinde de bulunan Erh\u00fcrman, \u201cMeclis\u2019te bize kar\u015f\u0131 sorumlu olan K\u0131b-Tek de\u011fil, \u00dcnal Bey&#8217;dir\u201d dedi.&nbsp;<\/p>\n<p>\u201cHer bir bakanl\u0131k \u015fato\u2026 \u015eatolar aras\u0131 \u015fim\u015fekler \u00e7akar\u201d diye konu\u015fan CTP Genel Ba\u015fkan\u0131 Erh\u00fcrman, elektrik zam oran\u0131n\u0131n 6 saat i\u00e7erisinde nas\u0131l d\u00fc\u015ft\u00fc\u011f\u00fcn\u00fc de sorgulad\u0131.&nbsp;<\/p>\n<p>K\u0131b-Tek\u2019e yeni santrallerin al\u0131nmad\u0131\u011f\u0131n\u0131, yat\u0131r\u0131m yap\u0131lmad\u0131\u011f\u0131n\u0131 dile getiren Erh\u00fcrman, ihalesiz akaryak\u0131t al\u0131m\u0131 ile \u00fclkenin zarara u\u011frat\u0131ld\u0131\u011f\u0131n\u0131n kabul edildi\u011fini s\u00f6yledi. Erh\u00fcrman, \u201cBu ciddiyetsizlikten, bu halden, g\u0131na geldi\u201d diye konu\u015ftu.&nbsp;<\/p>\n<p>Cumhurba\u015fkan\u0131 Tatar\u2019\u0131n yabanc\u0131lara mal sat\u0131\u015f\u0131yla ilgili a\u00e7\u0131klamas\u0131na i\u015faret eden Erh\u00fcrman, Cumhurba\u015fkanl\u0131\u011f\u0131 makam\u0131ndan &#8220;s\u00f6zle\u015fmeyle yap\u0131lan sat\u0131\u015f\u0131n \u00f6n\u00fcne ge\u00e7ilmesi i\u00e7in gerekli d\u00fczenlemeler yap\u0131l\u0131yor a\u00e7\u0131klamas\u0131 gelmesinin&#8221;, \u201cs\u00f6zle\u015fmeyle sat\u0131\u015f\u0131 yapabildi\u011finiz kadar yap\u0131n\u201d anlam\u0131 ta\u015f\u0131d\u0131\u011f\u0131n\u0131 s\u00f6yledi. Erh\u00fcrman, \u201cY\u00fcr\u00fcy\u00fcn da korkmay\u0131nd\u0131r bu\u201d dedi.&nbsp;<\/p>\n<p>\u201cNiyet nedir?\u201d diye soran CTP Genel Ba\u015fkan\u0131 Erh\u00fcrman, \u201cNiyetiniz varsa getirin ola\u011fan\u00fcst\u00fc toplant\u0131 yapal\u0131m ve s\u00f6zle\u015fmeyle sat\u0131\u015f\u0131 \u015fimdi yasaklayal\u0131m\u201d dedi.&nbsp;<\/p>\n<p>Bay\u0131nd\u0131rl\u0131k ve Ula\u015ft\u0131rma Bakan\u0131 Erhan Ar\u0131kl\u0131\u2019n\u0131n bir gazetedeki \u201cErcan\u2019da sabotaj \u015f\u00fcphesi\u201d a\u00e7\u0131klamas\u0131na i\u015faret eden Erh\u00fcrman, \u201cHer memlekette sabotaj giri\u015fimi olabilir\u201d diyerek, Bakanl\u0131k koltu\u011funda oturan birinin sabotajdan bahsetmesi durumunda bunu ispatla m\u00fckellef oldu\u011funu s\u00f6yledi.&nbsp;<\/p>\n<p>-Erh\u00fcrman ile Ar\u0131kl\u0131 aras\u0131nda sabotaj tart\u0131\u015fmas\u0131&nbsp;<\/p>\n<p>Erh\u00fcrman, \u201cElektrik Kurumu\u2019yla ilgili sabotaj oldu\u011funu ispatlay\u0131n birinci ben pe\u015fine d\u00fc\u015fece\u011fim\u201d dedi\u011fini hat\u0131rlatt\u0131.&nbsp;<\/p>\n<p>Bay\u0131nd\u0131rl\u0131k ve Ula\u015ft\u0131rma Bakan\u0131 Erhan Ar\u0131kl\u0131\u2019n\u0131n, \u201cAdamlar g\u00f6r\u00fcnt\u00fclerle yakaland\u0131\u201d yan\u0131t\u0131 \u00fczerine, Erh\u00fcrman, \u201cNerededir \u015fimdi?\u201d sorusunu sordu. Ar\u0131kl\u0131 ise, \u201cOnu size sormak laz\u0131m\u201d dedi. Erh\u00fcrman, Ar\u0131kl\u0131\u2019n\u0131n ne demek istedi\u011fini a\u00e7\u0131klamas\u0131n\u0131 istedi.&nbsp;<\/p>\n<p>Ar\u0131kl\u0131, \u201cMuhalefet olarak konuyu niye takip etmiyorsunuz onu soruyorum\u201d diyerek, \u201cSabotaj yoktur, giri\u015fim yoktur deyip, olaylar\u0131n \u00f6rtbas edilmesini sa\u011fl\u0131yorsunuz\u201d \u015feklinde konu\u015ftu.&nbsp;<\/p>\n<p>Erh\u00fcrman ise, \u201cBu \u00fclkede bakan olan biri \u2018sabotaj yapan nerededir \u015fimdi?\u2019 diye sordu\u011fumda, \u2018sana sormak laz\u0131m\u2019 diyor\u201d dedi. Bunun \u00fczerine Genel Kurul\u2019da sesler y\u00fckseldi.&nbsp;<\/p>\n<p>\u201cAk\u0131ldan uzakla\u015ft\u0131n, a\u011fz\u0131ndan \u00e7\u0131kan\u0131 kula\u011f\u0131n duymaz\u2026 Bu kadar ciddiyetsizlik, bu kadar rezillik olamaz\u201d diyen Erh\u00fcrman, hi\u00e7bir kurumun mensubunun hatas\u0131na sahip \u00e7\u0131kmad\u0131\u011f\u0131n\u0131 kaydetti. Erh\u00fcrman, sabotaj varsa bunun kar\u015f\u0131s\u0131nda olacaklar\u0131n\u0131 s\u00f6ylediklerini belirtti. Tufan Erh\u00fcrman, \u201cBu h\u00fck\u00fcmet de\u011fil, kendi i\u00e7inde bir klan\u201d diye konu\u015ftu.&nbsp;<\/p>\n<p>Bir gazetedeki ba\u015fl\u0131\u011fa da de\u011finen Erh\u00fcrman, 2022, 2023 y\u0131llar\u0131ndaki b\u00fct\u00e7e rakamlar\u0131n\u0131 vererek, b\u00fct\u00e7edeki \u00f6ng\u00f6r\u00fcs\u00fczl\u00fck \u00fczerine ele\u015ftirilerde bulundu.&nbsp;\u201cB\u00fct\u00e7e bir \u00f6ng\u00f6r\u00fcd\u00fcr\u201d diyen Erh\u00fcrman, b\u00fct\u00e7ede y\u00fczde bin kusur sapma oldu\u011funu belirtti.&nbsp;<\/p>\n<p>CTP Genel Ba\u015fkan\u0131 Erh\u00fcrman, \u201cBunlar\u0131n hepsinin toplam\u0131 bir ciddiyetsizliktir, kifayetsizliktir\u201d diye konu\u015ftu.&nbsp;<\/p>\n<p>Memleketin \u00e7ok kritik bir e\u015fikten ge\u00e7ti\u011fini dile getiren Erh\u00fcrman, \u201c3 sene sonra bu memleketi tan\u0131yamaz hale gelebiliriz s\u00f6z\u00fcmde iddial\u0131y\u0131m\u201d dedi. Erh\u00fcrman, \u201cBir an \u00f6nce halka gidelim, halk ne derse o olur\u201d \u00e7a\u011fr\u0131s\u0131 yapt\u0131.&nbsp;<\/p>\n<p>&nbsp;<\/p>\n","protected":false},"excerpt":{"rendered":"<p>Cumhuriyet Meclisi Genel Kurulunda Ba\u015fbakanl\u0131k b\u00fct\u00e7esi g\u00f6r\u00fc\u015f\u00fcl\u00fcyor.&nbsp; Bug\u00fcnk\u00fc Genel Kurulda ilk olarak onaya sunu\u015flar yap\u0131ld\u0131.&nbsp; &nbsp; BRTK 2024 Mali Y\u0131l\u0131 B\u00fct\u00e7e Yasa Tasar\u0131s\u0131, Vak\u0131flar \u0130daresi 2024 Mali Y\u0131l\u0131 B\u00fct\u00e7e Yasa Tasar\u0131s\u0131, Din \u0130\u015fleri Dairesi 2024 Mali Y\u0131l\u0131 B\u00fct\u00e7e Yasa Tasar\u0131s\u0131, Yay\u0131n Y\u00fcksek Kurulu 2024 Mali Y\u0131l\u0131 B\u00fct\u00e7e Yasa Tasar\u0131s\u0131 ve Ki\u015fisel Verileri Koruma Kurulu 2024<\/p>\n","protected":false},"author":1,"featured_media":21940,"comment_status":"open","ping_status":"open","sticky":false,"template":"","format":"standard","meta":{"footnotes":""},"categories":[85],"tags":[],"class_list":["post-21939","post","type-post","status-publish","format-standard","has-post-thumbnail","hentry","category-spor"],"yoast_head":"<!-- This site is optimized with the Yoast SEO plugin v27.4 - https:\/\/yoast.com\/product\/yoast-seo-wordpress\/ -->\n<title>Meclis\u2019te Ba\u015fbakanl\u0131k b\u00fct\u00e7esi g\u00f6r\u00fc\u015f\u00fcl\u00fcyor -<\/title>\n<meta name=\"robots\" content=\"index, follow, max-snippet:-1, max-image-preview:large, max-video-preview:-1\" \/>\n<link rel=\"canonical\" href=\"https:\/\/kibrisdakik.com\/?p=21939\" \/>\n<meta property=\"og:locale\" content=\"tr_TR\" \/>\n<meta property=\"og:type\" content=\"article\" \/>\n<meta property=\"og:title\" content=\"Meclis\u2019te Ba\u015fbakanl\u0131k b\u00fct\u00e7esi g\u00f6r\u00fc\u015f\u00fcl\u00fcyor -\" \/>\n<meta property=\"og:description\" content=\"Cumhuriyet Meclisi Genel Kurulunda Ba\u015fbakanl\u0131k b\u00fct\u00e7esi g\u00f6r\u00fc\u015f\u00fcl\u00fcyor.&nbsp; Bug\u00fcnk\u00fc Genel Kurulda ilk olarak onaya sunu\u015flar yap\u0131ld\u0131.&nbsp; &nbsp; BRTK 2024 Mali Y\u0131l\u0131 B\u00fct\u00e7e Yasa Tasar\u0131s\u0131, Vak\u0131flar \u0130daresi 2024 Mali Y\u0131l\u0131 B\u00fct\u00e7e Yasa Tasar\u0131s\u0131, Din \u0130\u015fleri Dairesi 2024 Mali Y\u0131l\u0131 B\u00fct\u00e7e Yasa Tasar\u0131s\u0131, Yay\u0131n Y\u00fcksek Kurulu 2024 Mali Y\u0131l\u0131 B\u00fct\u00e7e Yasa Tasar\u0131s\u0131 ve Ki\u015fisel Verileri Koruma Kurulu 2024\" \/>\n<meta property=\"og:url\" content=\"https:\/\/kibrisdakik.com\/?p=21939\" \/>\n<meta property=\"article:published_time\" content=\"2023-12-12T16:00:54+00:00\" \/>\n<meta property=\"og:image\" content=\"https:\/\/kibrisdakik.com\/wp-content\/uploads\/2023\/12\/mecliste-basbakanlik-butcesi-gorusuluyor-1702390017.webp.webp\" \/>\n\t<meta property=\"og:image:width\" content=\"710\" \/>\n\t<meta property=\"og:image:height\" content=\"370\" \/>\n\t<meta property=\"og:image:type\" content=\"image\/webp\" \/>\n<meta name=\"author\" content=\"admin\" \/>\n<meta name=\"twitter:card\" content=\"summary_large_image\" \/>\n<meta name=\"twitter:label1\" content=\"Yazan:\" \/>\n\t<meta name=\"twitter:data1\" content=\"admin\" \/>\n\t<meta name=\"twitter:label2\" content=\"Tahmini okuma s\u00fcresi\" \/>\n\t<meta name=\"twitter:data2\" content=\"6 dakika\" \/>\n<script type=\"application\/ld+json\" class=\"yoast-schema-graph\">{\"@context\":\"https:\\\/\\\/schema.org\",\"@graph\":[{\"@type\":\"Article\",\"@id\":\"https:\\\/\\\/kibrisdakik.com\\\/?p=21939#article\",\"isPartOf\":{\"@id\":\"https:\\\/\\\/kibrisdakik.com\\\/?p=21939\"},\"author\":{\"name\":\"admin\",\"@id\":\"https:\\\/\\\/kibrisdakik.com\\\/#\\\/schema\\\/person\\\/9cd9d437bbb44f72b73ba127e06d8e79\"},\"headline\":\"Meclis\u2019te Ba\u015fbakanl\u0131k b\u00fct\u00e7esi g\u00f6r\u00fc\u015f\u00fcl\u00fcyor\",\"datePublished\":\"2023-12-12T16:00:54+00:00\",\"mainEntityOfPage\":{\"@id\":\"https:\\\/\\\/kibrisdakik.com\\\/?p=21939\"},\"wordCount\":1262,\"commentCount\":0,\"image\":{\"@id\":\"https:\\\/\\\/kibrisdakik.com\\\/?p=21939#primaryimage\"},\"thumbnailUrl\":\"https:\\\/\\\/kibrisdakik.com\\\/wp-content\\\/uploads\\\/2023\\\/12\\\/mecliste-basbakanlik-butcesi-gorusuluyor-1702390017.webp.webp\",\"articleSection\":[\"Spor\"],\"inLanguage\":\"tr\",\"potentialAction\":[{\"@type\":\"CommentAction\",\"name\":\"Comment\",\"target\":[\"https:\\\/\\\/kibrisdakik.com\\\/?p=21939#respond\"]}]},{\"@type\":\"WebPage\",\"@id\":\"https:\\\/\\\/kibrisdakik.com\\\/?p=21939\",\"url\":\"https:\\\/\\\/kibrisdakik.com\\\/?p=21939\",\"name\":\"Meclis\u2019te Ba\u015fbakanl\u0131k b\u00fct\u00e7esi g\u00f6r\u00fc\u015f\u00fcl\u00fcyor -\",\"isPartOf\":{\"@id\":\"https:\\\/\\\/kibrisdakik.com\\\/#website\"},\"primaryImageOfPage\":{\"@id\":\"https:\\\/\\\/kibrisdakik.com\\\/?p=21939#primaryimage\"},\"image\":{\"@id\":\"https:\\\/\\\/kibrisdakik.com\\\/?p=21939#primaryimage\"},\"thumbnailUrl\":\"https:\\\/\\\/kibrisdakik.com\\\/wp-content\\\/uploads\\\/2023\\\/12\\\/mecliste-basbakanlik-butcesi-gorusuluyor-1702390017.webp.webp\",\"datePublished\":\"2023-12-12T16:00:54+00:00\",\"author\":{\"@id\":\"https:\\\/\\\/kibrisdakik.com\\\/#\\\/schema\\\/person\\\/9cd9d437bbb44f72b73ba127e06d8e79\"},\"breadcrumb\":{\"@id\":\"https:\\\/\\\/kibrisdakik.com\\\/?p=21939#breadcrumb\"},\"inLanguage\":\"tr\",\"potentialAction\":[{\"@type\":\"ReadAction\",\"target\":[\"https:\\\/\\\/kibrisdakik.com\\\/?p=21939\"]}]},{\"@type\":\"ImageObject\",\"inLanguage\":\"tr\",\"@id\":\"https:\\\/\\\/kibrisdakik.com\\\/?p=21939#primaryimage\",\"url\":\"https:\\\/\\\/kibrisdakik.com\\\/wp-content\\\/uploads\\\/2023\\\/12\\\/mecliste-basbakanlik-butcesi-gorusuluyor-1702390017.webp.webp\",\"contentUrl\":\"https:\\\/\\\/kibrisdakik.com\\\/wp-content\\\/uploads\\\/2023\\\/12\\\/mecliste-basbakanlik-butcesi-gorusuluyor-1702390017.webp.webp\",\"width\":710,\"height\":370},{\"@type\":\"BreadcrumbList\",\"@id\":\"https:\\\/\\\/kibrisdakik.com\\\/?p=21939#breadcrumb\",\"itemListElement\":[{\"@type\":\"ListItem\",\"position\":1,\"name\":\"Home\",\"item\":\"https:\\\/\\\/kibrisdakik.com\\\/\"},{\"@type\":\"ListItem\",\"position\":2,\"name\":\"Meclis\u2019te Ba\u015fbakanl\u0131k b\u00fct\u00e7esi g\u00f6r\u00fc\u015f\u00fcl\u00fcyor\"}]},{\"@type\":\"WebSite\",\"@id\":\"https:\\\/\\\/kibrisdakik.com\\\/#website\",\"url\":\"https:\\\/\\\/kibrisdakik.com\\\/\",\"name\":\"\",\"description\":\"Tam vaktinde haber\",\"potentialAction\":[{\"@type\":\"SearchAction\",\"target\":{\"@type\":\"EntryPoint\",\"urlTemplate\":\"https:\\\/\\\/kibrisdakik.com\\\/?s={search_term_string}\"},\"query-input\":{\"@type\":\"PropertyValueSpecification\",\"valueRequired\":true,\"valueName\":\"search_term_string\"}}],\"inLanguage\":\"tr\"},{\"@type\":\"Person\",\"@id\":\"https:\\\/\\\/kibrisdakik.com\\\/#\\\/schema\\\/person\\\/9cd9d437bbb44f72b73ba127e06d8e79\",\"name\":\"admin\",\"image\":{\"@type\":\"ImageObject\",\"inLanguage\":\"tr\",\"@id\":\"https:\\\/\\\/secure.gravatar.com\\\/avatar\\\/ccc17943b9d660506c869530f897617f7cb1c21a4bf30023f252596d83e1f007?s=96&d=mm&r=g\",\"url\":\"https:\\\/\\\/secure.gravatar.com\\\/avatar\\\/ccc17943b9d660506c869530f897617f7cb1c21a4bf30023f252596d83e1f007?s=96&d=mm&r=g\",\"contentUrl\":\"https:\\\/\\\/secure.gravatar.com\\\/avatar\\\/ccc17943b9d660506c869530f897617f7cb1c21a4bf30023f252596d83e1f007?s=96&d=mm&r=g\",\"caption\":\"admin\"},\"sameAs\":[\"https:\\\/\\\/kibrisdakik.com\"],\"url\":\"https:\\\/\\\/kibrisdakik.com\\\/?author=1\"}]}<\/script>\n<!-- \/ Yoast SEO plugin. -->","yoast_head_json":{"title":"Meclis\u2019te Ba\u015fbakanl\u0131k b\u00fct\u00e7esi g\u00f6r\u00fc\u015f\u00fcl\u00fcyor -","robots":{"index":"index","follow":"follow","max-snippet":"max-snippet:-1","max-image-preview":"max-image-preview:large","max-video-preview":"max-video-preview:-1"},"canonical":"https:\/\/kibrisdakik.com\/?p=21939","og_locale":"tr_TR","og_type":"article","og_title":"Meclis\u2019te Ba\u015fbakanl\u0131k b\u00fct\u00e7esi g\u00f6r\u00fc\u015f\u00fcl\u00fcyor -","og_description":"Cumhuriyet Meclisi Genel Kurulunda Ba\u015fbakanl\u0131k b\u00fct\u00e7esi g\u00f6r\u00fc\u015f\u00fcl\u00fcyor.&nbsp; Bug\u00fcnk\u00fc Genel Kurulda ilk olarak onaya sunu\u015flar yap\u0131ld\u0131.&nbsp; &nbsp; BRTK 2024 Mali Y\u0131l\u0131 B\u00fct\u00e7e Yasa Tasar\u0131s\u0131, Vak\u0131flar \u0130daresi 2024 Mali Y\u0131l\u0131 B\u00fct\u00e7e Yasa Tasar\u0131s\u0131, Din \u0130\u015fleri Dairesi 2024 Mali Y\u0131l\u0131 B\u00fct\u00e7e Yasa Tasar\u0131s\u0131, Yay\u0131n Y\u00fcksek Kurulu 2024 Mali Y\u0131l\u0131 B\u00fct\u00e7e Yasa Tasar\u0131s\u0131 ve Ki\u015fisel Verileri Koruma Kurulu 2024","og_url":"https:\/\/kibrisdakik.com\/?p=21939","article_published_time":"2023-12-12T16:00:54+00:00","og_image":[{"width":710,"height":370,"url":"https:\/\/kibrisdakik.com\/wp-content\/uploads\/2023\/12\/mecliste-basbakanlik-butcesi-gorusuluyor-1702390017.webp.webp","type":"image\/webp"}],"author":"admin","twitter_card":"summary_large_image","twitter_misc":{"Yazan:":"admin","Tahmini okuma s\u00fcresi":"6 dakika"},"schema":{"@context":"https:\/\/schema.org","@graph":[{"@type":"Article","@id":"https:\/\/kibrisdakik.com\/?p=21939#article","isPartOf":{"@id":"https:\/\/kibrisdakik.com\/?p=21939"},"author":{"name":"admin","@id":"https:\/\/kibrisdakik.com\/#\/schema\/person\/9cd9d437bbb44f72b73ba127e06d8e79"},"headline":"Meclis\u2019te Ba\u015fbakanl\u0131k b\u00fct\u00e7esi g\u00f6r\u00fc\u015f\u00fcl\u00fcyor","datePublished":"2023-12-12T16:00:54+00:00","mainEntityOfPage":{"@id":"https:\/\/kibrisdakik.com\/?p=21939"},"wordCount":1262,"commentCount":0,"image":{"@id":"https:\/\/kibrisdakik.com\/?p=21939#primaryimage"},"thumbnailUrl":"https:\/\/kibrisdakik.com\/wp-content\/uploads\/2023\/12\/mecliste-basbakanlik-butcesi-gorusuluyor-1702390017.webp.webp","articleSection":["Spor"],"inLanguage":"tr","potentialAction":[{"@type":"CommentAction","name":"Comment","target":["https:\/\/kibrisdakik.com\/?p=21939#respond"]}]},{"@type":"WebPage","@id":"https:\/\/kibrisdakik.com\/?p=21939","url":"https:\/\/kibrisdakik.com\/?p=21939","name":"Meclis\u2019te Ba\u015fbakanl\u0131k b\u00fct\u00e7esi g\u00f6r\u00fc\u015f\u00fcl\u00fcyor -","isPartOf":{"@id":"https:\/\/kibrisdakik.com\/#website"},"primaryImageOfPage":{"@id":"https:\/\/kibrisdakik.com\/?p=21939#primaryimage"},"image":{"@id":"https:\/\/kibrisdakik.com\/?p=21939#primaryimage"},"thumbnailUrl":"https:\/\/kibrisdakik.com\/wp-content\/uploads\/2023\/12\/mecliste-basbakanlik-butcesi-gorusuluyor-1702390017.webp.webp","datePublished":"2023-12-12T16:00:54+00:00","author":{"@id":"https:\/\/kibrisdakik.com\/#\/schema\/person\/9cd9d437bbb44f72b73ba127e06d8e79"},"breadcrumb":{"@id":"https:\/\/kibrisdakik.com\/?p=21939#breadcrumb"},"inLanguage":"tr","potentialAction":[{"@type":"ReadAction","target":["https:\/\/kibrisdakik.com\/?p=21939"]}]},{"@type":"ImageObject","inLanguage":"tr","@id":"https:\/\/kibrisdakik.com\/?p=21939#primaryimage","url":"https:\/\/kibrisdakik.com\/wp-content\/uploads\/2023\/12\/mecliste-basbakanlik-butcesi-gorusuluyor-1702390017.webp.webp","contentUrl":"https:\/\/kibrisdakik.com\/wp-content\/uploads\/2023\/12\/mecliste-basbakanlik-butcesi-gorusuluyor-1702390017.webp.webp","width":710,"height":370},{"@type":"BreadcrumbList","@id":"https:\/\/kibrisdakik.com\/?p=21939#breadcrumb","itemListElement":[{"@type":"ListItem","position":1,"name":"Home","item":"https:\/\/kibrisdakik.com\/"},{"@type":"ListItem","position":2,"name":"Meclis\u2019te Ba\u015fbakanl\u0131k b\u00fct\u00e7esi g\u00f6r\u00fc\u015f\u00fcl\u00fcyor"}]},{"@type":"WebSite","@id":"https:\/\/kibrisdakik.com\/#website","url":"https:\/\/kibrisdakik.com\/","name":"","description":"Tam vaktinde haber","potentialAction":[{"@type":"SearchAction","target":{"@type":"EntryPoint","urlTemplate":"https:\/\/kibrisdakik.com\/?s={search_term_string}"},"query-input":{"@type":"PropertyValueSpecification","valueRequired":true,"valueName":"search_term_string"}}],"inLanguage":"tr"},{"@type":"Person","@id":"https:\/\/kibrisdakik.com\/#\/schema\/person\/9cd9d437bbb44f72b73ba127e06d8e79","name":"admin","image":{"@type":"ImageObject","inLanguage":"tr","@id":"https:\/\/secure.gravatar.com\/avatar\/ccc17943b9d660506c869530f897617f7cb1c21a4bf30023f252596d83e1f007?s=96&d=mm&r=g","url":"https:\/\/secure.gravatar.com\/avatar\/ccc17943b9d660506c869530f897617f7cb1c21a4bf30023f252596d83e1f007?s=96&d=mm&r=g","contentUrl":"https:\/\/secure.gravatar.com\/avatar\/ccc17943b9d660506c869530f897617f7cb1c21a4bf30023f252596d83e1f007?s=96&d=mm&r=g","caption":"admin"},"sameAs":["https:\/\/kibrisdakik.com"],"url":"https:\/\/kibrisdakik.com\/?author=1"}]}},"_links":{"self":[{"href":"https:\/\/kibrisdakik.com\/index.php?rest_route=\/wp\/v2\/posts\/21939","targetHints":{"allow":["GET"]}}],"collection":[{"href":"https:\/\/kibrisdakik.com\/index.php?rest_route=\/wp\/v2\/posts"}],"about":[{"href":"https:\/\/kibrisdakik.com\/index.php?rest_route=\/wp\/v2\/types\/post"}],"author":[{"embeddable":true,"href":"https:\/\/kibrisdakik.com\/index.php?rest_route=\/wp\/v2\/users\/1"}],"replies":[{"embeddable":true,"href":"https:\/\/kibrisdakik.com\/index.php?rest_route=%2Fwp%2Fv2%2Fcomments&post=21939"}],"version-history":[{"count":0,"href":"https:\/\/kibrisdakik.com\/index.php?rest_route=\/wp\/v2\/posts\/21939\/revisions"}],"wp:featuredmedia":[{"embeddable":true,"href":"https:\/\/kibrisdakik.com\/index.php?rest_route=\/wp\/v2\/media\/21940"}],"wp:attachment":[{"href":"https:\/\/kibrisdakik.com\/index.php?rest_route=%2Fwp%2Fv2%2Fmedia&parent=21939"}],"wp:term":[{"taxonomy":"category","embeddable":true,"href":"https:\/\/kibrisdakik.com\/index.php?rest_route=%2Fwp%2Fv2%2Fcategories&post=21939"},{"taxonomy":"post_tag","embeddable":true,"href":"https:\/\/kibrisdakik.com\/index.php?rest_route=%2Fwp%2Fv2%2Ftags&post=21939"}],"curies":[{"name":"wp","href":"https:\/\/api.w.org\/{rel}","templated":true}]}}