{"id":21943,"date":"2023-12-12T16:47:53","date_gmt":"2023-12-12T16:47:53","guid":{"rendered":"https:\/\/kibrisdakik.com\/index.php\/2023\/12\/12\/zeytinlik-kavsagi-trafik-isiklari-devre-disi\/"},"modified":"2023-12-12T16:47:53","modified_gmt":"2023-12-12T16:47:53","slug":"zeytinlik-kavsagi-trafik-isiklari-devre-disi","status":"publish","type":"post","link":"https:\/\/kibrisdakik.com\/?p=21943","title":{"rendered":"Zeytinlik Kav\u015fa\u011f\u0131 trafik \u0131\u015f\u0131klar\u0131 devre d\u0131\u015f\u0131&#8230;"},"content":{"rendered":"<p><img decoding=\"async\" src=\"https:\/\/www.kibristurk.com\/images\/haberler\/2023\/12\/zeytinlik-kavsagi-trafik-isiklari-devre-disi-1702399162.webp\" \/><\/p>\n<p>Ar\u0131za nedeniyle Zeytinlik Kav\u015fa\u011f\u0131 trafik \u0131\u015f\u0131klar\u0131 devre d\u0131\u015f\u0131&#8230;<\/p>\n<p>Polis Bas\u0131n Subayl\u0131\u011f\u0131&#8217;ndan verilen&nbsp;bilgiye g\u00f6re, &#8220;Girne &#8211; Alsancak \u00c7evre Yolu \u00fczerinde bulunan Zeytinlik kav\u015fa\u011f\u0131ndaki trafik \u0131\u015f\u0131klar\u0131 meydana gelen ar\u0131za nedeniyle devre d\u0131\u015f\u0131 kalm\u0131\u015ft\u0131r. Yol ve trafik g\u00fcvenli\u011fi a\u00e7\u0131s\u0131ndan, Girne istikametinden Alsancak istikametine gidecek s\u00fcr\u00fcc\u00fcler i\u00e7in sa\u011fa Zeytinlik y\u00f6n\u00fcne, Alsancak istikametinden Girne istikametine gidecek s\u00fcr\u00fcc\u00fcler i\u00e7in ise sa\u011fa da\u011f y\u00f6n\u00fcne d\u00f6n\u00fc\u015fler trafik ak\u0131\u015f\u0131na kapat\u0131lm\u0131\u015ft\u0131r. Bu kav\u015fa\u011f\u0131 kullanacak s\u00fcr\u00fcc\u00fclerin yava\u015f ve dikkatli seyretmeleri, trafik i\u015faret ve i\u015faret\u00e7ilerine uymalar\u0131 \u00f6nemle rica olunur.&#8221;<\/p>\n","protected":false},"excerpt":{"rendered":"<p>Ar\u0131za nedeniyle Zeytinlik Kav\u015fa\u011f\u0131 trafik \u0131\u015f\u0131klar\u0131 devre d\u0131\u015f\u0131&#8230; Polis Bas\u0131n Subayl\u0131\u011f\u0131&#8217;ndan verilen&nbsp;bilgiye g\u00f6re, &#8220;Girne &#8211; Alsancak \u00c7evre Yolu \u00fczerinde bulunan Zeytinlik kav\u015fa\u011f\u0131ndaki trafik \u0131\u015f\u0131klar\u0131 meydana gelen ar\u0131za nedeniyle devre d\u0131\u015f\u0131 kalm\u0131\u015ft\u0131r. Yol ve trafik g\u00fcvenli\u011fi a\u00e7\u0131s\u0131ndan, Girne istikametinden Alsancak istikametine gidecek s\u00fcr\u00fcc\u00fcler i\u00e7in sa\u011fa Zeytinlik y\u00f6n\u00fcne, Alsancak istikametinden Girne istikametine gidecek s\u00fcr\u00fcc\u00fcler i\u00e7in ise sa\u011fa<\/p>\n","protected":false},"author":1,"featured_media":21944,"comment_status":"open","ping_status":"open","sticky":false,"template":"","format":"standard","meta":{"footnotes":""},"categories":[86],"tags":[],"class_list":["post-21943","post","type-post","status-publish","format-standard","has-post-thumbnail","hentry","category-turkiye"],"yoast_head":"<!-- This site is optimized with the Yoast SEO plugin v27.4 - https:\/\/yoast.com\/product\/yoast-seo-wordpress\/ -->\n<title>Zeytinlik Kav\u015fa\u011f\u0131 trafik \u0131\u015f\u0131klar\u0131 devre d\u0131\u015f\u0131... -<\/title>\n<meta name=\"robots\" content=\"index, follow, max-snippet:-1, max-image-preview:large, max-video-preview:-1\" \/>\n<link rel=\"canonical\" href=\"https:\/\/kibrisdakik.com\/?p=21943\" \/>\n<meta property=\"og:locale\" content=\"tr_TR\" \/>\n<meta property=\"og:type\" content=\"article\" \/>\n<meta property=\"og:title\" content=\"Zeytinlik Kav\u015fa\u011f\u0131 trafik \u0131\u015f\u0131klar\u0131 devre d\u0131\u015f\u0131... -\" \/>\n<meta property=\"og:description\" content=\"Ar\u0131za nedeniyle Zeytinlik Kav\u015fa\u011f\u0131 trafik \u0131\u015f\u0131klar\u0131 devre d\u0131\u015f\u0131&#8230; Polis Bas\u0131n Subayl\u0131\u011f\u0131&#8217;ndan verilen&nbsp;bilgiye g\u00f6re, &#8220;Girne &#8211; Alsancak \u00c7evre Yolu \u00fczerinde bulunan Zeytinlik kav\u015fa\u011f\u0131ndaki trafik \u0131\u015f\u0131klar\u0131 meydana gelen ar\u0131za nedeniyle devre d\u0131\u015f\u0131 kalm\u0131\u015ft\u0131r. Yol ve trafik g\u00fcvenli\u011fi a\u00e7\u0131s\u0131ndan, Girne istikametinden Alsancak istikametine gidecek s\u00fcr\u00fcc\u00fcler i\u00e7in sa\u011fa Zeytinlik y\u00f6n\u00fcne, Alsancak istikametinden Girne istikametine gidecek s\u00fcr\u00fcc\u00fcler i\u00e7in ise sa\u011fa\" \/>\n<meta property=\"og:url\" content=\"https:\/\/kibrisdakik.com\/?p=21943\" \/>\n<meta property=\"article:published_time\" content=\"2023-12-12T16:47:53+00:00\" \/>\n<meta property=\"og:image\" content=\"https:\/\/kibrisdakik.com\/wp-content\/uploads\/2023\/12\/zeytinlik-kavsagi-trafik-isiklari-devre-disi-1702399162.webp.webp\" \/>\n\t<meta property=\"og:image:width\" content=\"710\" \/>\n\t<meta property=\"og:image:height\" content=\"370\" \/>\n\t<meta property=\"og:image:type\" content=\"image\/webp\" \/>\n<meta name=\"author\" content=\"admin\" \/>\n<meta name=\"twitter:card\" content=\"summary_large_image\" \/>\n<meta name=\"twitter:label1\" content=\"Yazan:\" \/>\n\t<meta name=\"twitter:data1\" content=\"admin\" \/>\n\t<meta name=\"twitter:label2\" content=\"Tahmini okuma s\u00fcresi\" \/>\n\t<meta name=\"twitter:data2\" content=\"1 dakika\" \/>\n<script type=\"application\/ld+json\" class=\"yoast-schema-graph\">{\"@context\":\"https:\\\/\\\/schema.org\",\"@graph\":[{\"@type\":\"Article\",\"@id\":\"https:\\\/\\\/kibrisdakik.com\\\/?p=21943#article\",\"isPartOf\":{\"@id\":\"https:\\\/\\\/kibrisdakik.com\\\/?p=21943\"},\"author\":{\"name\":\"admin\",\"@id\":\"https:\\\/\\\/kibrisdakik.com\\\/#\\\/schema\\\/person\\\/9cd9d437bbb44f72b73ba127e06d8e79\"},\"headline\":\"Zeytinlik Kav\u015fa\u011f\u0131 trafik \u0131\u015f\u0131klar\u0131 devre d\u0131\u015f\u0131&#8230;\",\"datePublished\":\"2023-12-12T16:47:53+00:00\",\"mainEntityOfPage\":{\"@id\":\"https:\\\/\\\/kibrisdakik.com\\\/?p=21943\"},\"wordCount\":127,\"commentCount\":0,\"image\":{\"@id\":\"https:\\\/\\\/kibrisdakik.com\\\/?p=21943#primaryimage\"},\"thumbnailUrl\":\"https:\\\/\\\/kibrisdakik.com\\\/wp-content\\\/uploads\\\/2023\\\/12\\\/zeytinlik-kavsagi-trafik-isiklari-devre-disi-1702399162.webp.webp\",\"articleSection\":[\"T\u00fcrkiye\"],\"inLanguage\":\"tr\",\"potentialAction\":[{\"@type\":\"CommentAction\",\"name\":\"Comment\",\"target\":[\"https:\\\/\\\/kibrisdakik.com\\\/?p=21943#respond\"]}]},{\"@type\":\"WebPage\",\"@id\":\"https:\\\/\\\/kibrisdakik.com\\\/?p=21943\",\"url\":\"https:\\\/\\\/kibrisdakik.com\\\/?p=21943\",\"name\":\"Zeytinlik Kav\u015fa\u011f\u0131 trafik \u0131\u015f\u0131klar\u0131 devre d\u0131\u015f\u0131... -\",\"isPartOf\":{\"@id\":\"https:\\\/\\\/kibrisdakik.com\\\/#website\"},\"primaryImageOfPage\":{\"@id\":\"https:\\\/\\\/kibrisdakik.com\\\/?p=21943#primaryimage\"},\"image\":{\"@id\":\"https:\\\/\\\/kibrisdakik.com\\\/?p=21943#primaryimage\"},\"thumbnailUrl\":\"https:\\\/\\\/kibrisdakik.com\\\/wp-content\\\/uploads\\\/2023\\\/12\\\/zeytinlik-kavsagi-trafik-isiklari-devre-disi-1702399162.webp.webp\",\"datePublished\":\"2023-12-12T16:47:53+00:00\",\"author\":{\"@id\":\"https:\\\/\\\/kibrisdakik.com\\\/#\\\/schema\\\/person\\\/9cd9d437bbb44f72b73ba127e06d8e79\"},\"breadcrumb\":{\"@id\":\"https:\\\/\\\/kibrisdakik.com\\\/?p=21943#breadcrumb\"},\"inLanguage\":\"tr\",\"potentialAction\":[{\"@type\":\"ReadAction\",\"target\":[\"https:\\\/\\\/kibrisdakik.com\\\/?p=21943\"]}]},{\"@type\":\"ImageObject\",\"inLanguage\":\"tr\",\"@id\":\"https:\\\/\\\/kibrisdakik.com\\\/?p=21943#primaryimage\",\"url\":\"https:\\\/\\\/kibrisdakik.com\\\/wp-content\\\/uploads\\\/2023\\\/12\\\/zeytinlik-kavsagi-trafik-isiklari-devre-disi-1702399162.webp.webp\",\"contentUrl\":\"https:\\\/\\\/kibrisdakik.com\\\/wp-content\\\/uploads\\\/2023\\\/12\\\/zeytinlik-kavsagi-trafik-isiklari-devre-disi-1702399162.webp.webp\",\"width\":710,\"height\":370},{\"@type\":\"BreadcrumbList\",\"@id\":\"https:\\\/\\\/kibrisdakik.com\\\/?p=21943#breadcrumb\",\"itemListElement\":[{\"@type\":\"ListItem\",\"position\":1,\"name\":\"Home\",\"item\":\"https:\\\/\\\/kibrisdakik.com\\\/\"},{\"@type\":\"ListItem\",\"position\":2,\"name\":\"Zeytinlik Kav\u015fa\u011f\u0131 trafik \u0131\u015f\u0131klar\u0131 devre d\u0131\u015f\u0131&#8230;\"}]},{\"@type\":\"WebSite\",\"@id\":\"https:\\\/\\\/kibrisdakik.com\\\/#website\",\"url\":\"https:\\\/\\\/kibrisdakik.com\\\/\",\"name\":\"\",\"description\":\"Tam vaktinde haber\",\"potentialAction\":[{\"@type\":\"SearchAction\",\"target\":{\"@type\":\"EntryPoint\",\"urlTemplate\":\"https:\\\/\\\/kibrisdakik.com\\\/?s={search_term_string}\"},\"query-input\":{\"@type\":\"PropertyValueSpecification\",\"valueRequired\":true,\"valueName\":\"search_term_string\"}}],\"inLanguage\":\"tr\"},{\"@type\":\"Person\",\"@id\":\"https:\\\/\\\/kibrisdakik.com\\\/#\\\/schema\\\/person\\\/9cd9d437bbb44f72b73ba127e06d8e79\",\"name\":\"admin\",\"image\":{\"@type\":\"ImageObject\",\"inLanguage\":\"tr\",\"@id\":\"https:\\\/\\\/secure.gravatar.com\\\/avatar\\\/ccc17943b9d660506c869530f897617f7cb1c21a4bf30023f252596d83e1f007?s=96&d=mm&r=g\",\"url\":\"https:\\\/\\\/secure.gravatar.com\\\/avatar\\\/ccc17943b9d660506c869530f897617f7cb1c21a4bf30023f252596d83e1f007?s=96&d=mm&r=g\",\"contentUrl\":\"https:\\\/\\\/secure.gravatar.com\\\/avatar\\\/ccc17943b9d660506c869530f897617f7cb1c21a4bf30023f252596d83e1f007?s=96&d=mm&r=g\",\"caption\":\"admin\"},\"sameAs\":[\"https:\\\/\\\/kibrisdakik.com\"],\"url\":\"https:\\\/\\\/kibrisdakik.com\\\/?author=1\"}]}<\/script>\n<!-- \/ Yoast SEO plugin. -->","yoast_head_json":{"title":"Zeytinlik Kav\u015fa\u011f\u0131 trafik \u0131\u015f\u0131klar\u0131 devre d\u0131\u015f\u0131... -","robots":{"index":"index","follow":"follow","max-snippet":"max-snippet:-1","max-image-preview":"max-image-preview:large","max-video-preview":"max-video-preview:-1"},"canonical":"https:\/\/kibrisdakik.com\/?p=21943","og_locale":"tr_TR","og_type":"article","og_title":"Zeytinlik Kav\u015fa\u011f\u0131 trafik \u0131\u015f\u0131klar\u0131 devre d\u0131\u015f\u0131... -","og_description":"Ar\u0131za nedeniyle Zeytinlik Kav\u015fa\u011f\u0131 trafik \u0131\u015f\u0131klar\u0131 devre d\u0131\u015f\u0131&#8230; Polis Bas\u0131n Subayl\u0131\u011f\u0131&#8217;ndan verilen&nbsp;bilgiye g\u00f6re, &#8220;Girne &#8211; Alsancak \u00c7evre Yolu \u00fczerinde bulunan Zeytinlik kav\u015fa\u011f\u0131ndaki trafik \u0131\u015f\u0131klar\u0131 meydana gelen ar\u0131za nedeniyle devre d\u0131\u015f\u0131 kalm\u0131\u015ft\u0131r. Yol ve trafik g\u00fcvenli\u011fi a\u00e7\u0131s\u0131ndan, Girne istikametinden Alsancak istikametine gidecek s\u00fcr\u00fcc\u00fcler i\u00e7in sa\u011fa Zeytinlik y\u00f6n\u00fcne, Alsancak istikametinden Girne istikametine gidecek s\u00fcr\u00fcc\u00fcler i\u00e7in ise sa\u011fa","og_url":"https:\/\/kibrisdakik.com\/?p=21943","article_published_time":"2023-12-12T16:47:53+00:00","og_image":[{"width":710,"height":370,"url":"https:\/\/kibrisdakik.com\/wp-content\/uploads\/2023\/12\/zeytinlik-kavsagi-trafik-isiklari-devre-disi-1702399162.webp.webp","type":"image\/webp"}],"author":"admin","twitter_card":"summary_large_image","twitter_misc":{"Yazan:":"admin","Tahmini okuma s\u00fcresi":"1 dakika"},"schema":{"@context":"https:\/\/schema.org","@graph":[{"@type":"Article","@id":"https:\/\/kibrisdakik.com\/?p=21943#article","isPartOf":{"@id":"https:\/\/kibrisdakik.com\/?p=21943"},"author":{"name":"admin","@id":"https:\/\/kibrisdakik.com\/#\/schema\/person\/9cd9d437bbb44f72b73ba127e06d8e79"},"headline":"Zeytinlik Kav\u015fa\u011f\u0131 trafik \u0131\u015f\u0131klar\u0131 devre d\u0131\u015f\u0131&#8230;","datePublished":"2023-12-12T16:47:53+00:00","mainEntityOfPage":{"@id":"https:\/\/kibrisdakik.com\/?p=21943"},"wordCount":127,"commentCount":0,"image":{"@id":"https:\/\/kibrisdakik.com\/?p=21943#primaryimage"},"thumbnailUrl":"https:\/\/kibrisdakik.com\/wp-content\/uploads\/2023\/12\/zeytinlik-kavsagi-trafik-isiklari-devre-disi-1702399162.webp.webp","articleSection":["T\u00fcrkiye"],"inLanguage":"tr","potentialAction":[{"@type":"CommentAction","name":"Comment","target":["https:\/\/kibrisdakik.com\/?p=21943#respond"]}]},{"@type":"WebPage","@id":"https:\/\/kibrisdakik.com\/?p=21943","url":"https:\/\/kibrisdakik.com\/?p=21943","name":"Zeytinlik Kav\u015fa\u011f\u0131 trafik \u0131\u015f\u0131klar\u0131 devre d\u0131\u015f\u0131... -","isPartOf":{"@id":"https:\/\/kibrisdakik.com\/#website"},"primaryImageOfPage":{"@id":"https:\/\/kibrisdakik.com\/?p=21943#primaryimage"},"image":{"@id":"https:\/\/kibrisdakik.com\/?p=21943#primaryimage"},"thumbnailUrl":"https:\/\/kibrisdakik.com\/wp-content\/uploads\/2023\/12\/zeytinlik-kavsagi-trafik-isiklari-devre-disi-1702399162.webp.webp","datePublished":"2023-12-12T16:47:53+00:00","author":{"@id":"https:\/\/kibrisdakik.com\/#\/schema\/person\/9cd9d437bbb44f72b73ba127e06d8e79"},"breadcrumb":{"@id":"https:\/\/kibrisdakik.com\/?p=21943#breadcrumb"},"inLanguage":"tr","potentialAction":[{"@type":"ReadAction","target":["https:\/\/kibrisdakik.com\/?p=21943"]}]},{"@type":"ImageObject","inLanguage":"tr","@id":"https:\/\/kibrisdakik.com\/?p=21943#primaryimage","url":"https:\/\/kibrisdakik.com\/wp-content\/uploads\/2023\/12\/zeytinlik-kavsagi-trafik-isiklari-devre-disi-1702399162.webp.webp","contentUrl":"https:\/\/kibrisdakik.com\/wp-content\/uploads\/2023\/12\/zeytinlik-kavsagi-trafik-isiklari-devre-disi-1702399162.webp.webp","width":710,"height":370},{"@type":"BreadcrumbList","@id":"https:\/\/kibrisdakik.com\/?p=21943#breadcrumb","itemListElement":[{"@type":"ListItem","position":1,"name":"Home","item":"https:\/\/kibrisdakik.com\/"},{"@type":"ListItem","position":2,"name":"Zeytinlik Kav\u015fa\u011f\u0131 trafik \u0131\u015f\u0131klar\u0131 devre d\u0131\u015f\u0131&#8230;"}]},{"@type":"WebSite","@id":"https:\/\/kibrisdakik.com\/#website","url":"https:\/\/kibrisdakik.com\/","name":"","description":"Tam vaktinde haber","potentialAction":[{"@type":"SearchAction","target":{"@type":"EntryPoint","urlTemplate":"https:\/\/kibrisdakik.com\/?s={search_term_string}"},"query-input":{"@type":"PropertyValueSpecification","valueRequired":true,"valueName":"search_term_string"}}],"inLanguage":"tr"},{"@type":"Person","@id":"https:\/\/kibrisdakik.com\/#\/schema\/person\/9cd9d437bbb44f72b73ba127e06d8e79","name":"admin","image":{"@type":"ImageObject","inLanguage":"tr","@id":"https:\/\/secure.gravatar.com\/avatar\/ccc17943b9d660506c869530f897617f7cb1c21a4bf30023f252596d83e1f007?s=96&d=mm&r=g","url":"https:\/\/secure.gravatar.com\/avatar\/ccc17943b9d660506c869530f897617f7cb1c21a4bf30023f252596d83e1f007?s=96&d=mm&r=g","contentUrl":"https:\/\/secure.gravatar.com\/avatar\/ccc17943b9d660506c869530f897617f7cb1c21a4bf30023f252596d83e1f007?s=96&d=mm&r=g","caption":"admin"},"sameAs":["https:\/\/kibrisdakik.com"],"url":"https:\/\/kibrisdakik.com\/?author=1"}]}},"_links":{"self":[{"href":"https:\/\/kibrisdakik.com\/index.php?rest_route=\/wp\/v2\/posts\/21943","targetHints":{"allow":["GET"]}}],"collection":[{"href":"https:\/\/kibrisdakik.com\/index.php?rest_route=\/wp\/v2\/posts"}],"about":[{"href":"https:\/\/kibrisdakik.com\/index.php?rest_route=\/wp\/v2\/types\/post"}],"author":[{"embeddable":true,"href":"https:\/\/kibrisdakik.com\/index.php?rest_route=\/wp\/v2\/users\/1"}],"replies":[{"embeddable":true,"href":"https:\/\/kibrisdakik.com\/index.php?rest_route=%2Fwp%2Fv2%2Fcomments&post=21943"}],"version-history":[{"count":0,"href":"https:\/\/kibrisdakik.com\/index.php?rest_route=\/wp\/v2\/posts\/21943\/revisions"}],"wp:featuredmedia":[{"embeddable":true,"href":"https:\/\/kibrisdakik.com\/index.php?rest_route=\/wp\/v2\/media\/21944"}],"wp:attachment":[{"href":"https:\/\/kibrisdakik.com\/index.php?rest_route=%2Fwp%2Fv2%2Fmedia&parent=21943"}],"wp:term":[{"taxonomy":"category","embeddable":true,"href":"https:\/\/kibrisdakik.com\/index.php?rest_route=%2Fwp%2Fv2%2Fcategories&post=21943"},{"taxonomy":"post_tag","embeddable":true,"href":"https:\/\/kibrisdakik.com\/index.php?rest_route=%2Fwp%2Fv2%2Ftags&post=21943"}],"curies":[{"name":"wp","href":"https:\/\/api.w.org\/{rel}","templated":true}]}}