{"id":21959,"date":"2023-12-12T18:03:19","date_gmt":"2023-12-12T18:03:19","guid":{"rendered":"https:\/\/kibrisdakik.com\/index.php\/2023\/12\/12\/fizyoterapistler-dernegi-ms-semineri-duzenledi\/"},"modified":"2023-12-12T18:03:19","modified_gmt":"2023-12-12T18:03:19","slug":"fizyoterapistler-dernegi-ms-semineri-duzenledi","status":"publish","type":"post","link":"https:\/\/kibrisdakik.com\/?p=21959","title":{"rendered":"Fizyoterapistler Derne\u011fi MS semineri d\u00fczenledi"},"content":{"rendered":"<p><img decoding=\"async\" src=\"https:\/\/www.kibristurk.com\/images\/haberler\/2023\/12\/fizyoterapistler-dernegi-ms-semineri-duzenledi-1702376117.webp\" \/><\/p>\n<p style=\"text-align:left\"><span style=\"font-size:14px\"><span style=\"font-family:Arial,Helvetica,sans-serif\"><span style=\"color:#000000\"><span style=\"background-color:#ffffff\">K\u0131br\u0131s T\u00fcrk Fizyoterapistler Derne\u011finden yap\u0131lan a\u00e7\u0131klamaya g\u00f6re, multiple skleroz ve kognitif de\u011fi\u015fiklikler ile ilgili panel ve uygulama e\u011fitiminin ger\u00e7ekle\u015ftirildi\u011fi seminerde, n\u00f6roloji uzman\u0131 ve CTP Milletvekili Uzm. Dr. S\u0131la Usar \u0130ncirli MS hastalar\u0131nda kognitif de\u011fi\u015fiklikler konusunda interaktif bir sunum ger\u00e7ekle\u015ftirdi. D\u00fcnya\u2019da her 5 dakikada bir ki\u015fiye MS tan\u0131s\u0131 kondu\u011funu belirten Dr. Usar \u0130ncirli bu pop\u00fclasyonun yakla\u015f\u0131k 30 bininin pediatrik (\u00e7ocuk) ya\u015f grubunda oldu\u011funun da alt\u0131n\u0131 \u00e7izdi. Hem fiziksel hem bili\u015fsel fonksiyonu etkileyen MS\u2019in 30 y\u0131lda geli\u015ftirilen tedavilerle d\u00fcnyada ve \u00fclkemizde y\u00f6netilebilen bir hastal\u0131k haline geldi\u011fini belirtti.<\/span><\/span><\/span><\/span><\/p>\n<p style=\"text-align:left\"><span style=\"font-size:14px\"><span style=\"font-family:Arial,Helvetica,sans-serif\"><span style=\"color:#000000\"><span style=\"background-color:#ffffff\">Hastal\u0131klar\u0131n tedavisinde hasta merkezli multidisipliner bak\u0131\u015f a\u00e7\u0131s\u0131na vurgu yapan Uzm. Dr. S\u0131la Usar \u0130ncirli\u2019nin ard\u0131ndan Do\u011fu Akdeniz \u00dcniversitesi \u00f6\u011fretim \u00fcyesi Do\u00e7. Dr. G\u00f6zde \u0130yig\u00fcn, MS hastalar\u0131nda g\u00f6r\u00fclen bili\u015fsel de\u011fi\u015fiklikler ile ilgili fizyoterapist bak\u0131\u015f a\u00e7\u0131s\u0131 ile kapsaml\u0131 bir sunum ger\u00e7ekle\u015ftirdi.<\/span><\/span><\/span><\/span><\/p>\n<p style=\"text-align:left\"><span style=\"font-size:14px\"><span style=\"font-family:Arial,Helvetica,sans-serif\"><span style=\"color:#000000\"><span style=\"background-color:#ffffff\">\u0130yig\u00fcn iyi bir rehabilitasyon i\u00e7in de\u011ferlendirmenin \u00e7ok de\u011ferli oldu\u011funu bu sebeple ger\u00e7ekle\u015ftirilen bu ilk e\u011fitimde, MS hastalar\u0131nda kullan\u0131lan bili\u015fsel de\u011ferlendirme y\u00f6ntemleri ve \u00f6l\u00e7ekleri ile ilgili fizyoterapistlere ve fizyoterapi son s\u0131n\u0131f \u00f6\u011frencilerine uygulamal\u0131 de\u011ferlendirme y\u00f6ntemlerine yo\u011funla\u015fan bir e\u011fitim verdi.<\/span><\/span><\/span><\/span><\/p>\n<p style=\"text-align:left\"><span style=\"font-size:14px\"><span style=\"font-family:Arial,Helvetica,sans-serif\"><span style=\"color:#000000\"><span style=\"background-color:#ffffff\">K\u0131br\u0131s T\u00fcrk MS derne\u011finin de kat\u0131l\u0131m g\u00f6sterdi\u011fi etkinlik \u00f6\u011frenci ve meslekta\u015flar taraf\u0131ndan b\u00fcy\u00fck ilgi g\u00f6rd\u00fc.<\/span><\/span><\/span><\/span><\/p>\n<p style=\"text-align:left\"><span style=\"font-size:14px\"><span style=\"font-family:Arial,Helvetica,sans-serif\"><span style=\"color:#000000\"><span style=\"background-color:#ffffff\">\u201cMeslek \u0130\u00e7i E\u011fitim\u201d seminerlerinin devam edece\u011fini belirten KT Fizyoterapistler Derne\u011fi E\u011fitim Sorumlusu Batuhan Dericio\u011flu, ilerleyen g\u00fcnlerde de Halk i\u00e7in fizyoterapi E\u011fitim Serileri\u2019ni de ba\u015flatacaklar\u0131n\u0131n belirtti.<\/span><\/span><\/span><\/span><\/p>\n<p style=\"text-align:left\"><span style=\"font-size:14px\"><span style=\"font-family:Arial,Helvetica,sans-serif\"><span style=\"color:#000000\"><span style=\"background-color:#ffffff\">KT Fizyoterapistler Derne\u011fi ile ilgili g\u00fcncel haberleri, e\u011fitimleri ve daha fazlas\u0131n\u0131 derne\u011fin facebook ve Instagram hesaplar\u0131ndan takip edilebilir.<\/span><\/span><\/span><\/span><\/p>\n","protected":false},"excerpt":{"rendered":"<p>K\u0131br\u0131s T\u00fcrk Fizyoterapistler Derne\u011finden yap\u0131lan a\u00e7\u0131klamaya g\u00f6re, multiple skleroz ve kognitif de\u011fi\u015fiklikler ile ilgili panel ve uygulama e\u011fitiminin ger\u00e7ekle\u015ftirildi\u011fi seminerde, n\u00f6roloji uzman\u0131 ve CTP Milletvekili Uzm. Dr. S\u0131la Usar \u0130ncirli MS hastalar\u0131nda kognitif de\u011fi\u015fiklikler konusunda interaktif bir sunum ger\u00e7ekle\u015ftirdi. D\u00fcnya\u2019da her 5 dakikada bir ki\u015fiye MS tan\u0131s\u0131 kondu\u011funu belirten Dr. Usar \u0130ncirli bu pop\u00fclasyonun yakla\u015f\u0131k<\/p>\n","protected":false},"author":1,"featured_media":21960,"comment_status":"open","ping_status":"open","sticky":false,"template":"","format":"standard","meta":{"footnotes":""},"categories":[85],"tags":[],"class_list":["post-21959","post","type-post","status-publish","format-standard","has-post-thumbnail","hentry","category-spor"],"yoast_head":"<!-- This site is optimized with the Yoast SEO plugin v27.4 - https:\/\/yoast.com\/product\/yoast-seo-wordpress\/ -->\n<title>Fizyoterapistler Derne\u011fi MS semineri d\u00fczenledi -<\/title>\n<meta name=\"robots\" content=\"index, follow, max-snippet:-1, max-image-preview:large, max-video-preview:-1\" \/>\n<link rel=\"canonical\" href=\"https:\/\/kibrisdakik.com\/?p=21959\" \/>\n<meta property=\"og:locale\" content=\"tr_TR\" \/>\n<meta property=\"og:type\" content=\"article\" \/>\n<meta property=\"og:title\" content=\"Fizyoterapistler Derne\u011fi MS semineri d\u00fczenledi -\" \/>\n<meta property=\"og:description\" content=\"K\u0131br\u0131s T\u00fcrk Fizyoterapistler Derne\u011finden yap\u0131lan a\u00e7\u0131klamaya g\u00f6re, multiple skleroz ve kognitif de\u011fi\u015fiklikler ile ilgili panel ve uygulama e\u011fitiminin ger\u00e7ekle\u015ftirildi\u011fi seminerde, n\u00f6roloji uzman\u0131 ve CTP Milletvekili Uzm. Dr. S\u0131la Usar \u0130ncirli MS hastalar\u0131nda kognitif de\u011fi\u015fiklikler konusunda interaktif bir sunum ger\u00e7ekle\u015ftirdi. D\u00fcnya\u2019da her 5 dakikada bir ki\u015fiye MS tan\u0131s\u0131 kondu\u011funu belirten Dr. Usar \u0130ncirli bu pop\u00fclasyonun yakla\u015f\u0131k\" \/>\n<meta property=\"og:url\" content=\"https:\/\/kibrisdakik.com\/?p=21959\" \/>\n<meta property=\"article:published_time\" content=\"2023-12-12T18:03:19+00:00\" \/>\n<meta property=\"og:image\" content=\"https:\/\/kibrisdakik.com\/wp-content\/uploads\/2023\/12\/fizyoterapistler-dernegi-ms-semineri-duzenledi-1702376117.webp.webp\" \/>\n\t<meta property=\"og:image:width\" content=\"710\" \/>\n\t<meta property=\"og:image:height\" content=\"370\" \/>\n\t<meta property=\"og:image:type\" content=\"image\/webp\" \/>\n<meta name=\"author\" content=\"admin\" \/>\n<meta name=\"twitter:card\" content=\"summary_large_image\" \/>\n<meta name=\"twitter:label1\" content=\"Yazan:\" \/>\n\t<meta name=\"twitter:data1\" content=\"admin\" \/>\n\t<meta name=\"twitter:label2\" content=\"Tahmini okuma s\u00fcresi\" \/>\n\t<meta name=\"twitter:data2\" content=\"2 dakika\" \/>\n<script type=\"application\/ld+json\" class=\"yoast-schema-graph\">{\"@context\":\"https:\\\/\\\/schema.org\",\"@graph\":[{\"@type\":\"Article\",\"@id\":\"https:\\\/\\\/kibrisdakik.com\\\/?p=21959#article\",\"isPartOf\":{\"@id\":\"https:\\\/\\\/kibrisdakik.com\\\/?p=21959\"},\"author\":{\"name\":\"admin\",\"@id\":\"https:\\\/\\\/kibrisdakik.com\\\/#\\\/schema\\\/person\\\/9cd9d437bbb44f72b73ba127e06d8e79\"},\"headline\":\"Fizyoterapistler Derne\u011fi MS semineri d\u00fczenledi\",\"datePublished\":\"2023-12-12T18:03:19+00:00\",\"mainEntityOfPage\":{\"@id\":\"https:\\\/\\\/kibrisdakik.com\\\/?p=21959\"},\"wordCount\":332,\"commentCount\":0,\"image\":{\"@id\":\"https:\\\/\\\/kibrisdakik.com\\\/?p=21959#primaryimage\"},\"thumbnailUrl\":\"https:\\\/\\\/kibrisdakik.com\\\/wp-content\\\/uploads\\\/2023\\\/12\\\/fizyoterapistler-dernegi-ms-semineri-duzenledi-1702376117.webp.webp\",\"articleSection\":[\"Spor\"],\"inLanguage\":\"tr\",\"potentialAction\":[{\"@type\":\"CommentAction\",\"name\":\"Comment\",\"target\":[\"https:\\\/\\\/kibrisdakik.com\\\/?p=21959#respond\"]}]},{\"@type\":\"WebPage\",\"@id\":\"https:\\\/\\\/kibrisdakik.com\\\/?p=21959\",\"url\":\"https:\\\/\\\/kibrisdakik.com\\\/?p=21959\",\"name\":\"Fizyoterapistler Derne\u011fi MS semineri d\u00fczenledi -\",\"isPartOf\":{\"@id\":\"https:\\\/\\\/kibrisdakik.com\\\/#website\"},\"primaryImageOfPage\":{\"@id\":\"https:\\\/\\\/kibrisdakik.com\\\/?p=21959#primaryimage\"},\"image\":{\"@id\":\"https:\\\/\\\/kibrisdakik.com\\\/?p=21959#primaryimage\"},\"thumbnailUrl\":\"https:\\\/\\\/kibrisdakik.com\\\/wp-content\\\/uploads\\\/2023\\\/12\\\/fizyoterapistler-dernegi-ms-semineri-duzenledi-1702376117.webp.webp\",\"datePublished\":\"2023-12-12T18:03:19+00:00\",\"author\":{\"@id\":\"https:\\\/\\\/kibrisdakik.com\\\/#\\\/schema\\\/person\\\/9cd9d437bbb44f72b73ba127e06d8e79\"},\"breadcrumb\":{\"@id\":\"https:\\\/\\\/kibrisdakik.com\\\/?p=21959#breadcrumb\"},\"inLanguage\":\"tr\",\"potentialAction\":[{\"@type\":\"ReadAction\",\"target\":[\"https:\\\/\\\/kibrisdakik.com\\\/?p=21959\"]}]},{\"@type\":\"ImageObject\",\"inLanguage\":\"tr\",\"@id\":\"https:\\\/\\\/kibrisdakik.com\\\/?p=21959#primaryimage\",\"url\":\"https:\\\/\\\/kibrisdakik.com\\\/wp-content\\\/uploads\\\/2023\\\/12\\\/fizyoterapistler-dernegi-ms-semineri-duzenledi-1702376117.webp.webp\",\"contentUrl\":\"https:\\\/\\\/kibrisdakik.com\\\/wp-content\\\/uploads\\\/2023\\\/12\\\/fizyoterapistler-dernegi-ms-semineri-duzenledi-1702376117.webp.webp\",\"width\":710,\"height\":370},{\"@type\":\"BreadcrumbList\",\"@id\":\"https:\\\/\\\/kibrisdakik.com\\\/?p=21959#breadcrumb\",\"itemListElement\":[{\"@type\":\"ListItem\",\"position\":1,\"name\":\"Home\",\"item\":\"https:\\\/\\\/kibrisdakik.com\\\/\"},{\"@type\":\"ListItem\",\"position\":2,\"name\":\"Fizyoterapistler Derne\u011fi MS semineri d\u00fczenledi\"}]},{\"@type\":\"WebSite\",\"@id\":\"https:\\\/\\\/kibrisdakik.com\\\/#website\",\"url\":\"https:\\\/\\\/kibrisdakik.com\\\/\",\"name\":\"\",\"description\":\"Tam vaktinde haber\",\"potentialAction\":[{\"@type\":\"SearchAction\",\"target\":{\"@type\":\"EntryPoint\",\"urlTemplate\":\"https:\\\/\\\/kibrisdakik.com\\\/?s={search_term_string}\"},\"query-input\":{\"@type\":\"PropertyValueSpecification\",\"valueRequired\":true,\"valueName\":\"search_term_string\"}}],\"inLanguage\":\"tr\"},{\"@type\":\"Person\",\"@id\":\"https:\\\/\\\/kibrisdakik.com\\\/#\\\/schema\\\/person\\\/9cd9d437bbb44f72b73ba127e06d8e79\",\"name\":\"admin\",\"image\":{\"@type\":\"ImageObject\",\"inLanguage\":\"tr\",\"@id\":\"https:\\\/\\\/secure.gravatar.com\\\/avatar\\\/ccc17943b9d660506c869530f897617f7cb1c21a4bf30023f252596d83e1f007?s=96&d=mm&r=g\",\"url\":\"https:\\\/\\\/secure.gravatar.com\\\/avatar\\\/ccc17943b9d660506c869530f897617f7cb1c21a4bf30023f252596d83e1f007?s=96&d=mm&r=g\",\"contentUrl\":\"https:\\\/\\\/secure.gravatar.com\\\/avatar\\\/ccc17943b9d660506c869530f897617f7cb1c21a4bf30023f252596d83e1f007?s=96&d=mm&r=g\",\"caption\":\"admin\"},\"sameAs\":[\"https:\\\/\\\/kibrisdakik.com\"],\"url\":\"https:\\\/\\\/kibrisdakik.com\\\/?author=1\"}]}<\/script>\n<!-- \/ Yoast SEO plugin. -->","yoast_head_json":{"title":"Fizyoterapistler Derne\u011fi MS semineri d\u00fczenledi -","robots":{"index":"index","follow":"follow","max-snippet":"max-snippet:-1","max-image-preview":"max-image-preview:large","max-video-preview":"max-video-preview:-1"},"canonical":"https:\/\/kibrisdakik.com\/?p=21959","og_locale":"tr_TR","og_type":"article","og_title":"Fizyoterapistler Derne\u011fi MS semineri d\u00fczenledi -","og_description":"K\u0131br\u0131s T\u00fcrk Fizyoterapistler Derne\u011finden yap\u0131lan a\u00e7\u0131klamaya g\u00f6re, multiple skleroz ve kognitif de\u011fi\u015fiklikler ile ilgili panel ve uygulama e\u011fitiminin ger\u00e7ekle\u015ftirildi\u011fi seminerde, n\u00f6roloji uzman\u0131 ve CTP Milletvekili Uzm. Dr. S\u0131la Usar \u0130ncirli MS hastalar\u0131nda kognitif de\u011fi\u015fiklikler konusunda interaktif bir sunum ger\u00e7ekle\u015ftirdi. D\u00fcnya\u2019da her 5 dakikada bir ki\u015fiye MS tan\u0131s\u0131 kondu\u011funu belirten Dr. Usar \u0130ncirli bu pop\u00fclasyonun yakla\u015f\u0131k","og_url":"https:\/\/kibrisdakik.com\/?p=21959","article_published_time":"2023-12-12T18:03:19+00:00","og_image":[{"width":710,"height":370,"url":"https:\/\/kibrisdakik.com\/wp-content\/uploads\/2023\/12\/fizyoterapistler-dernegi-ms-semineri-duzenledi-1702376117.webp.webp","type":"image\/webp"}],"author":"admin","twitter_card":"summary_large_image","twitter_misc":{"Yazan:":"admin","Tahmini okuma s\u00fcresi":"2 dakika"},"schema":{"@context":"https:\/\/schema.org","@graph":[{"@type":"Article","@id":"https:\/\/kibrisdakik.com\/?p=21959#article","isPartOf":{"@id":"https:\/\/kibrisdakik.com\/?p=21959"},"author":{"name":"admin","@id":"https:\/\/kibrisdakik.com\/#\/schema\/person\/9cd9d437bbb44f72b73ba127e06d8e79"},"headline":"Fizyoterapistler Derne\u011fi MS semineri d\u00fczenledi","datePublished":"2023-12-12T18:03:19+00:00","mainEntityOfPage":{"@id":"https:\/\/kibrisdakik.com\/?p=21959"},"wordCount":332,"commentCount":0,"image":{"@id":"https:\/\/kibrisdakik.com\/?p=21959#primaryimage"},"thumbnailUrl":"https:\/\/kibrisdakik.com\/wp-content\/uploads\/2023\/12\/fizyoterapistler-dernegi-ms-semineri-duzenledi-1702376117.webp.webp","articleSection":["Spor"],"inLanguage":"tr","potentialAction":[{"@type":"CommentAction","name":"Comment","target":["https:\/\/kibrisdakik.com\/?p=21959#respond"]}]},{"@type":"WebPage","@id":"https:\/\/kibrisdakik.com\/?p=21959","url":"https:\/\/kibrisdakik.com\/?p=21959","name":"Fizyoterapistler Derne\u011fi MS semineri d\u00fczenledi -","isPartOf":{"@id":"https:\/\/kibrisdakik.com\/#website"},"primaryImageOfPage":{"@id":"https:\/\/kibrisdakik.com\/?p=21959#primaryimage"},"image":{"@id":"https:\/\/kibrisdakik.com\/?p=21959#primaryimage"},"thumbnailUrl":"https:\/\/kibrisdakik.com\/wp-content\/uploads\/2023\/12\/fizyoterapistler-dernegi-ms-semineri-duzenledi-1702376117.webp.webp","datePublished":"2023-12-12T18:03:19+00:00","author":{"@id":"https:\/\/kibrisdakik.com\/#\/schema\/person\/9cd9d437bbb44f72b73ba127e06d8e79"},"breadcrumb":{"@id":"https:\/\/kibrisdakik.com\/?p=21959#breadcrumb"},"inLanguage":"tr","potentialAction":[{"@type":"ReadAction","target":["https:\/\/kibrisdakik.com\/?p=21959"]}]},{"@type":"ImageObject","inLanguage":"tr","@id":"https:\/\/kibrisdakik.com\/?p=21959#primaryimage","url":"https:\/\/kibrisdakik.com\/wp-content\/uploads\/2023\/12\/fizyoterapistler-dernegi-ms-semineri-duzenledi-1702376117.webp.webp","contentUrl":"https:\/\/kibrisdakik.com\/wp-content\/uploads\/2023\/12\/fizyoterapistler-dernegi-ms-semineri-duzenledi-1702376117.webp.webp","width":710,"height":370},{"@type":"BreadcrumbList","@id":"https:\/\/kibrisdakik.com\/?p=21959#breadcrumb","itemListElement":[{"@type":"ListItem","position":1,"name":"Home","item":"https:\/\/kibrisdakik.com\/"},{"@type":"ListItem","position":2,"name":"Fizyoterapistler Derne\u011fi MS semineri d\u00fczenledi"}]},{"@type":"WebSite","@id":"https:\/\/kibrisdakik.com\/#website","url":"https:\/\/kibrisdakik.com\/","name":"","description":"Tam vaktinde haber","potentialAction":[{"@type":"SearchAction","target":{"@type":"EntryPoint","urlTemplate":"https:\/\/kibrisdakik.com\/?s={search_term_string}"},"query-input":{"@type":"PropertyValueSpecification","valueRequired":true,"valueName":"search_term_string"}}],"inLanguage":"tr"},{"@type":"Person","@id":"https:\/\/kibrisdakik.com\/#\/schema\/person\/9cd9d437bbb44f72b73ba127e06d8e79","name":"admin","image":{"@type":"ImageObject","inLanguage":"tr","@id":"https:\/\/secure.gravatar.com\/avatar\/ccc17943b9d660506c869530f897617f7cb1c21a4bf30023f252596d83e1f007?s=96&d=mm&r=g","url":"https:\/\/secure.gravatar.com\/avatar\/ccc17943b9d660506c869530f897617f7cb1c21a4bf30023f252596d83e1f007?s=96&d=mm&r=g","contentUrl":"https:\/\/secure.gravatar.com\/avatar\/ccc17943b9d660506c869530f897617f7cb1c21a4bf30023f252596d83e1f007?s=96&d=mm&r=g","caption":"admin"},"sameAs":["https:\/\/kibrisdakik.com"],"url":"https:\/\/kibrisdakik.com\/?author=1"}]}},"_links":{"self":[{"href":"https:\/\/kibrisdakik.com\/index.php?rest_route=\/wp\/v2\/posts\/21959","targetHints":{"allow":["GET"]}}],"collection":[{"href":"https:\/\/kibrisdakik.com\/index.php?rest_route=\/wp\/v2\/posts"}],"about":[{"href":"https:\/\/kibrisdakik.com\/index.php?rest_route=\/wp\/v2\/types\/post"}],"author":[{"embeddable":true,"href":"https:\/\/kibrisdakik.com\/index.php?rest_route=\/wp\/v2\/users\/1"}],"replies":[{"embeddable":true,"href":"https:\/\/kibrisdakik.com\/index.php?rest_route=%2Fwp%2Fv2%2Fcomments&post=21959"}],"version-history":[{"count":0,"href":"https:\/\/kibrisdakik.com\/index.php?rest_route=\/wp\/v2\/posts\/21959\/revisions"}],"wp:featuredmedia":[{"embeddable":true,"href":"https:\/\/kibrisdakik.com\/index.php?rest_route=\/wp\/v2\/media\/21960"}],"wp:attachment":[{"href":"https:\/\/kibrisdakik.com\/index.php?rest_route=%2Fwp%2Fv2%2Fmedia&parent=21959"}],"wp:term":[{"taxonomy":"category","embeddable":true,"href":"https:\/\/kibrisdakik.com\/index.php?rest_route=%2Fwp%2Fv2%2Fcategories&post=21959"},{"taxonomy":"post_tag","embeddable":true,"href":"https:\/\/kibrisdakik.com\/index.php?rest_route=%2Fwp%2Fv2%2Ftags&post=21959"}],"curies":[{"name":"wp","href":"https:\/\/api.w.org\/{rel}","templated":true}]}}