{"id":21975,"date":"2023-12-12T21:03:17","date_gmt":"2023-12-12T21:03:17","guid":{"rendered":"https:\/\/kibrisdakik.com\/index.php\/2023\/12\/12\/abden-rusyanin-dondurulmus-varliklarini-kullanma-adimi\/"},"modified":"2023-12-12T21:03:17","modified_gmt":"2023-12-12T21:03:17","slug":"abden-rusyanin-dondurulmus-varliklarini-kullanma-adimi","status":"publish","type":"post","link":"https:\/\/kibrisdakik.com\/?p=21975","title":{"rendered":"AB&#039;den Rusya&#039;n\u0131n dondurulmu\u015f varl\u0131klar\u0131n\u0131 kullanma ad\u0131m\u0131"},"content":{"rendered":"<p><img decoding=\"async\" src=\"https:\/\/www.kibristurk.com\/images\/haberler\/2023\/12\/abden-rusyanin-dondurulmus-varliklarini-kullanma-adimi-1702414697.webp\" \/><\/p>\n<p>AB Komisyonu Ba\u015fkan Yard\u0131mc\u0131s\u0131 Vera Jourova, Strazburg&#8217;da d\u00fczenledi\u011fi bas\u0131n toplant\u0131s\u0131nda, Rusya&#8217;n\u0131n sava\u015f nedeniyle dondurulan varl\u0131klar\u0131 konusunda a\u00e7\u0131klamalarda bulundu.<\/p>\n<p>&#8220;AB Komisyonu, Rusya Merkez Bankas\u0131 varl\u0131klar\u0131ndan elde edilen beklenmedik ola\u011fan\u00fcst\u00fc gelirlerin hareketsiz hale getirilmesine ili\u015fkin teklifleri kabul etti.&#8221; diyen Jourova, teklifin y\u00fcr\u00fcrl\u00fc\u011fe girmesi i\u00e7in AB \u00fclkeleri taraf\u0131ndan onaylanmas\u0131 gerekti\u011fini belirtti.<\/p>\n<p>Jourova, ekim ay\u0131nda yap\u0131lan AB Liderler Zirvesi&#8217;nde Komisyona Rus varl\u0131klar\u0131na ili\u015fkin yap\u0131lan \u00e7al\u0131\u015fmalar\u0131 h\u0131zland\u0131rma talimat\u0131 verildi\u011fini hat\u0131rlatt\u0131.<\/p>\n<p>AB \u00fclkeleri taraf\u0131ndan oybirli\u011fiyle onaylanmas\u0131 gereken teklifin detaylar\u0131 ise hen\u00fcz resmen payla\u015f\u0131lmad\u0131.<\/p>\n<p>AB yetkilileri aylard\u0131r dondurulan varl\u0131klar ve bu varl\u0131klardan sa\u011flanan gelirin sahibinin r\u0131zas\u0131 olmadan kullan\u0131m\u0131n\u0131n hukuki ve finansal boyutlar\u0131n\u0131 tart\u0131\u015f\u0131yordu.<\/p>\n<p>AB \u00fclkeleri sava\u015f nedeniyle Rusya Merkez Bankas\u0131n\u0131n yakla\u015f\u0131k 200 milyar avrosunu dondurdu. Rus varl\u0131klar\u0131n\u0131 tutan finansal kurumlar bunlar\u0131n vadesi geldik\u00e7e yeniden yat\u0131r\u0131m yaparak ciddi bir kazan\u00e7 sa\u011fl\u0131yor.<\/p>\n<p>AB, ana para yerine bundan elde edilen gelirleri hedef almak istiyor.<\/p>\n<p>Komisyonun teklifi Rus varl\u0131klar\u0131ndan elde edilen gelirlerin ayr\u0131 bir hesaba yat\u0131r\u0131lmas\u0131n\u0131 i\u00e7eriyor.<\/p>\n<p>AB \u00fclkelerinin bu teklifi kabul etmesi halinde ikinci a\u015fama olarak AB Komisyonu bu kayna\u011f\u0131 \u00f6nce kendi b\u00fct\u00e7esine, oradan da Ukrayna&#8217;ya aktarmay\u0131 planl\u0131yor.<\/p>\n<p>AB&#8217;nin dondurdu\u011fu Rusya Merkez Bankas\u0131 rezervlerinin b\u00fcy\u00fck k\u0131sm\u0131, Bel\u00e7ika merkezli menkul k\u0131ymet takas ve saklama hizmeti sunan Euroclear&#8217;da bulunuyor.<\/p>\n<p>Rusya Merkez Bankas\u0131n\u0131n yakla\u015f\u0131k 180 milyar avrosu Euroclear&#8217;\u0131n hesaplar\u0131nda tutuluyor. Bu nedenle kurumun bilan\u00e7osundaki varl\u0131klar\u0131 h\u0131zla artarken, Euroclear b\u00fcy\u00fck miktarda faiz geliri sa\u011fl\u0131yor. Euroclear, AB yapt\u0131r\u0131mlar\u0131 nedeniyle dondurulan Rus varl\u0131klar\u0131n\u0131n faizinden bu y\u0131l\u0131n 9 ay\u0131nda 3 milyar avro gelir elde etti\u011fini a\u00e7\u0131klam\u0131\u015ft\u0131.<\/p>\n<p>Avrupa Merkez Bankas\u0131 (ECB) ise haziran ay\u0131nda Rusya Merkez Bankas\u0131n\u0131n dondurulan varl\u0131klar\u0131na y\u00f6nelik AB Komisyonunu uyarm\u0131\u015ft\u0131<\/p>\n<p>ECB, Rus varl\u0131klar\u0131na veya bunlar\u0131n gelirlerine el koyman\u0131n, avronun k\u00fcresel para birimi olarak konumuna ve finansal istikrara zarar verebilece\u011fi konusundaki hassasiyete dikkati \u00e7ekmi\u015fti.<\/p>\n<p>\u00d6zellikle AB&#8217;nin tek tarafl\u0131 hareket etmesi durumunda b\u00fcy\u00fck miktarda d\u00f6viz rezervine sahip di\u011fer merkez bankalar\u0131n\u0131n avrodan \u00e7\u0131kabilece\u011fine i\u015faret eden ECB, avro cinsinden varl\u0131klardan uzakla\u015f\u0131labilece\u011fini ve Avrupa \u00fclkelerinin finansman maliyetlerinin y\u00fckselebilece\u011fini belirtmi\u015fti.<\/p>\n<p>Komisyon teklifinin bu hafta Br\u00fcksel&#8217;de yap\u0131lacak AB Liderler Zirvesi&#8217;nde ele al\u0131nmas\u0131 bekleniyor.<\/p>\n","protected":false},"excerpt":{"rendered":"<p>AB Komisyonu Ba\u015fkan Yard\u0131mc\u0131s\u0131 Vera Jourova, Strazburg&#8217;da d\u00fczenledi\u011fi bas\u0131n toplant\u0131s\u0131nda, Rusya&#8217;n\u0131n sava\u015f nedeniyle dondurulan varl\u0131klar\u0131 konusunda a\u00e7\u0131klamalarda bulundu. &#8220;AB Komisyonu, Rusya Merkez Bankas\u0131 varl\u0131klar\u0131ndan elde edilen beklenmedik ola\u011fan\u00fcst\u00fc gelirlerin hareketsiz hale getirilmesine ili\u015fkin teklifleri kabul etti.&#8221; diyen Jourova, teklifin y\u00fcr\u00fcrl\u00fc\u011fe girmesi i\u00e7in AB \u00fclkeleri taraf\u0131ndan onaylanmas\u0131 gerekti\u011fini belirtti. Jourova, ekim ay\u0131nda yap\u0131lan AB Liderler Zirvesi&#8217;nde<\/p>\n","protected":false},"author":1,"featured_media":21976,"comment_status":"open","ping_status":"open","sticky":false,"template":"","format":"standard","meta":{"footnotes":""},"categories":[1],"tags":[],"class_list":["post-21975","post","type-post","status-publish","format-standard","has-post-thumbnail","hentry","category-gundem"],"yoast_head":"<!-- This site is optimized with the Yoast SEO plugin v27.5 - https:\/\/yoast.com\/product\/yoast-seo-wordpress\/ -->\n<title>AB&#039;den Rusya&#039;n\u0131n dondurulmu\u015f varl\u0131klar\u0131n\u0131 kullanma ad\u0131m\u0131 -<\/title>\n<meta name=\"robots\" content=\"index, follow, max-snippet:-1, max-image-preview:large, max-video-preview:-1\" \/>\n<link rel=\"canonical\" href=\"https:\/\/kibrisdakik.com\/?p=21975\" \/>\n<meta property=\"og:locale\" content=\"tr_TR\" \/>\n<meta property=\"og:type\" content=\"article\" \/>\n<meta property=\"og:title\" content=\"AB&#039;den Rusya&#039;n\u0131n dondurulmu\u015f varl\u0131klar\u0131n\u0131 kullanma ad\u0131m\u0131 -\" \/>\n<meta property=\"og:description\" content=\"AB Komisyonu Ba\u015fkan Yard\u0131mc\u0131s\u0131 Vera Jourova, Strazburg&#8217;da d\u00fczenledi\u011fi bas\u0131n toplant\u0131s\u0131nda, Rusya&#8217;n\u0131n sava\u015f nedeniyle dondurulan varl\u0131klar\u0131 konusunda a\u00e7\u0131klamalarda bulundu. &#8220;AB Komisyonu, Rusya Merkez Bankas\u0131 varl\u0131klar\u0131ndan elde edilen beklenmedik ola\u011fan\u00fcst\u00fc gelirlerin hareketsiz hale getirilmesine ili\u015fkin teklifleri kabul etti.&#8221; diyen Jourova, teklifin y\u00fcr\u00fcrl\u00fc\u011fe girmesi i\u00e7in AB \u00fclkeleri taraf\u0131ndan onaylanmas\u0131 gerekti\u011fini belirtti. Jourova, ekim ay\u0131nda yap\u0131lan AB Liderler Zirvesi&#8217;nde\" \/>\n<meta property=\"og:url\" content=\"https:\/\/kibrisdakik.com\/?p=21975\" \/>\n<meta property=\"article:published_time\" content=\"2023-12-12T21:03:17+00:00\" \/>\n<meta property=\"og:image\" content=\"https:\/\/kibrisdakik.com\/wp-content\/uploads\/2023\/12\/abden-rusyanin-dondurulmus-varliklarini-kullanma-adimi-1702414697.webp.webp\" \/>\n\t<meta property=\"og:image:width\" content=\"710\" \/>\n\t<meta property=\"og:image:height\" content=\"370\" \/>\n\t<meta property=\"og:image:type\" content=\"image\/webp\" \/>\n<meta name=\"author\" content=\"admin\" \/>\n<meta name=\"twitter:card\" content=\"summary_large_image\" \/>\n<meta name=\"twitter:label1\" content=\"Yazan:\" \/>\n\t<meta name=\"twitter:data1\" content=\"admin\" \/>\n\t<meta name=\"twitter:label2\" content=\"Tahmini okuma s\u00fcresi\" \/>\n\t<meta name=\"twitter:data2\" content=\"2 dakika\" \/>\n<script type=\"application\/ld+json\" class=\"yoast-schema-graph\">{\"@context\":\"https:\\\/\\\/schema.org\",\"@graph\":[{\"@type\":\"Article\",\"@id\":\"https:\\\/\\\/kibrisdakik.com\\\/?p=21975#article\",\"isPartOf\":{\"@id\":\"https:\\\/\\\/kibrisdakik.com\\\/?p=21975\"},\"author\":{\"name\":\"admin\",\"@id\":\"https:\\\/\\\/kibrisdakik.com\\\/#\\\/schema\\\/person\\\/9cd9d437bbb44f72b73ba127e06d8e79\"},\"headline\":\"AB&#039;den Rusya&#039;n\u0131n dondurulmu\u015f varl\u0131klar\u0131n\u0131 kullanma ad\u0131m\u0131\",\"datePublished\":\"2023-12-12T21:03:17+00:00\",\"mainEntityOfPage\":{\"@id\":\"https:\\\/\\\/kibrisdakik.com\\\/?p=21975\"},\"wordCount\":447,\"commentCount\":0,\"image\":{\"@id\":\"https:\\\/\\\/kibrisdakik.com\\\/?p=21975#primaryimage\"},\"thumbnailUrl\":\"https:\\\/\\\/kibrisdakik.com\\\/wp-content\\\/uploads\\\/2023\\\/12\\\/abden-rusyanin-dondurulmus-varliklarini-kullanma-adimi-1702414697.webp.webp\",\"articleSection\":[\"G\u00fcndem\"],\"inLanguage\":\"tr\",\"potentialAction\":[{\"@type\":\"CommentAction\",\"name\":\"Comment\",\"target\":[\"https:\\\/\\\/kibrisdakik.com\\\/?p=21975#respond\"]}]},{\"@type\":\"WebPage\",\"@id\":\"https:\\\/\\\/kibrisdakik.com\\\/?p=21975\",\"url\":\"https:\\\/\\\/kibrisdakik.com\\\/?p=21975\",\"name\":\"AB&#039;den Rusya&#039;n\u0131n dondurulmu\u015f varl\u0131klar\u0131n\u0131 kullanma ad\u0131m\u0131 -\",\"isPartOf\":{\"@id\":\"https:\\\/\\\/kibrisdakik.com\\\/#website\"},\"primaryImageOfPage\":{\"@id\":\"https:\\\/\\\/kibrisdakik.com\\\/?p=21975#primaryimage\"},\"image\":{\"@id\":\"https:\\\/\\\/kibrisdakik.com\\\/?p=21975#primaryimage\"},\"thumbnailUrl\":\"https:\\\/\\\/kibrisdakik.com\\\/wp-content\\\/uploads\\\/2023\\\/12\\\/abden-rusyanin-dondurulmus-varliklarini-kullanma-adimi-1702414697.webp.webp\",\"datePublished\":\"2023-12-12T21:03:17+00:00\",\"author\":{\"@id\":\"https:\\\/\\\/kibrisdakik.com\\\/#\\\/schema\\\/person\\\/9cd9d437bbb44f72b73ba127e06d8e79\"},\"breadcrumb\":{\"@id\":\"https:\\\/\\\/kibrisdakik.com\\\/?p=21975#breadcrumb\"},\"inLanguage\":\"tr\",\"potentialAction\":[{\"@type\":\"ReadAction\",\"target\":[\"https:\\\/\\\/kibrisdakik.com\\\/?p=21975\"]}]},{\"@type\":\"ImageObject\",\"inLanguage\":\"tr\",\"@id\":\"https:\\\/\\\/kibrisdakik.com\\\/?p=21975#primaryimage\",\"url\":\"https:\\\/\\\/kibrisdakik.com\\\/wp-content\\\/uploads\\\/2023\\\/12\\\/abden-rusyanin-dondurulmus-varliklarini-kullanma-adimi-1702414697.webp.webp\",\"contentUrl\":\"https:\\\/\\\/kibrisdakik.com\\\/wp-content\\\/uploads\\\/2023\\\/12\\\/abden-rusyanin-dondurulmus-varliklarini-kullanma-adimi-1702414697.webp.webp\",\"width\":710,\"height\":370},{\"@type\":\"BreadcrumbList\",\"@id\":\"https:\\\/\\\/kibrisdakik.com\\\/?p=21975#breadcrumb\",\"itemListElement\":[{\"@type\":\"ListItem\",\"position\":1,\"name\":\"Home\",\"item\":\"https:\\\/\\\/kibrisdakik.com\\\/\"},{\"@type\":\"ListItem\",\"position\":2,\"name\":\"AB&#039;den Rusya&#039;n\u0131n dondurulmu\u015f varl\u0131klar\u0131n\u0131 kullanma ad\u0131m\u0131\"}]},{\"@type\":\"WebSite\",\"@id\":\"https:\\\/\\\/kibrisdakik.com\\\/#website\",\"url\":\"https:\\\/\\\/kibrisdakik.com\\\/\",\"name\":\"\",\"description\":\"Tam vaktinde haber\",\"potentialAction\":[{\"@type\":\"SearchAction\",\"target\":{\"@type\":\"EntryPoint\",\"urlTemplate\":\"https:\\\/\\\/kibrisdakik.com\\\/?s={search_term_string}\"},\"query-input\":{\"@type\":\"PropertyValueSpecification\",\"valueRequired\":true,\"valueName\":\"search_term_string\"}}],\"inLanguage\":\"tr\"},{\"@type\":\"Person\",\"@id\":\"https:\\\/\\\/kibrisdakik.com\\\/#\\\/schema\\\/person\\\/9cd9d437bbb44f72b73ba127e06d8e79\",\"name\":\"admin\",\"image\":{\"@type\":\"ImageObject\",\"inLanguage\":\"tr\",\"@id\":\"https:\\\/\\\/secure.gravatar.com\\\/avatar\\\/ccc17943b9d660506c869530f897617f7cb1c21a4bf30023f252596d83e1f007?s=96&d=mm&r=g\",\"url\":\"https:\\\/\\\/secure.gravatar.com\\\/avatar\\\/ccc17943b9d660506c869530f897617f7cb1c21a4bf30023f252596d83e1f007?s=96&d=mm&r=g\",\"contentUrl\":\"https:\\\/\\\/secure.gravatar.com\\\/avatar\\\/ccc17943b9d660506c869530f897617f7cb1c21a4bf30023f252596d83e1f007?s=96&d=mm&r=g\",\"caption\":\"admin\"},\"sameAs\":[\"https:\\\/\\\/kibrisdakik.com\"],\"url\":\"https:\\\/\\\/kibrisdakik.com\\\/?author=1\"}]}<\/script>\n<!-- \/ Yoast SEO plugin. -->","yoast_head_json":{"title":"AB&#039;den Rusya&#039;n\u0131n dondurulmu\u015f varl\u0131klar\u0131n\u0131 kullanma ad\u0131m\u0131 -","robots":{"index":"index","follow":"follow","max-snippet":"max-snippet:-1","max-image-preview":"max-image-preview:large","max-video-preview":"max-video-preview:-1"},"canonical":"https:\/\/kibrisdakik.com\/?p=21975","og_locale":"tr_TR","og_type":"article","og_title":"AB&#039;den Rusya&#039;n\u0131n dondurulmu\u015f varl\u0131klar\u0131n\u0131 kullanma ad\u0131m\u0131 -","og_description":"AB Komisyonu Ba\u015fkan Yard\u0131mc\u0131s\u0131 Vera Jourova, Strazburg&#8217;da d\u00fczenledi\u011fi bas\u0131n toplant\u0131s\u0131nda, Rusya&#8217;n\u0131n sava\u015f nedeniyle dondurulan varl\u0131klar\u0131 konusunda a\u00e7\u0131klamalarda bulundu. &#8220;AB Komisyonu, Rusya Merkez Bankas\u0131 varl\u0131klar\u0131ndan elde edilen beklenmedik ola\u011fan\u00fcst\u00fc gelirlerin hareketsiz hale getirilmesine ili\u015fkin teklifleri kabul etti.&#8221; diyen Jourova, teklifin y\u00fcr\u00fcrl\u00fc\u011fe girmesi i\u00e7in AB \u00fclkeleri taraf\u0131ndan onaylanmas\u0131 gerekti\u011fini belirtti. Jourova, ekim ay\u0131nda yap\u0131lan AB Liderler Zirvesi&#8217;nde","og_url":"https:\/\/kibrisdakik.com\/?p=21975","article_published_time":"2023-12-12T21:03:17+00:00","og_image":[{"width":710,"height":370,"url":"https:\/\/kibrisdakik.com\/wp-content\/uploads\/2023\/12\/abden-rusyanin-dondurulmus-varliklarini-kullanma-adimi-1702414697.webp.webp","type":"image\/webp"}],"author":"admin","twitter_card":"summary_large_image","twitter_misc":{"Yazan:":"admin","Tahmini okuma s\u00fcresi":"2 dakika"},"schema":{"@context":"https:\/\/schema.org","@graph":[{"@type":"Article","@id":"https:\/\/kibrisdakik.com\/?p=21975#article","isPartOf":{"@id":"https:\/\/kibrisdakik.com\/?p=21975"},"author":{"name":"admin","@id":"https:\/\/kibrisdakik.com\/#\/schema\/person\/9cd9d437bbb44f72b73ba127e06d8e79"},"headline":"AB&#039;den Rusya&#039;n\u0131n dondurulmu\u015f varl\u0131klar\u0131n\u0131 kullanma ad\u0131m\u0131","datePublished":"2023-12-12T21:03:17+00:00","mainEntityOfPage":{"@id":"https:\/\/kibrisdakik.com\/?p=21975"},"wordCount":447,"commentCount":0,"image":{"@id":"https:\/\/kibrisdakik.com\/?p=21975#primaryimage"},"thumbnailUrl":"https:\/\/kibrisdakik.com\/wp-content\/uploads\/2023\/12\/abden-rusyanin-dondurulmus-varliklarini-kullanma-adimi-1702414697.webp.webp","articleSection":["G\u00fcndem"],"inLanguage":"tr","potentialAction":[{"@type":"CommentAction","name":"Comment","target":["https:\/\/kibrisdakik.com\/?p=21975#respond"]}]},{"@type":"WebPage","@id":"https:\/\/kibrisdakik.com\/?p=21975","url":"https:\/\/kibrisdakik.com\/?p=21975","name":"AB&#039;den Rusya&#039;n\u0131n dondurulmu\u015f varl\u0131klar\u0131n\u0131 kullanma ad\u0131m\u0131 -","isPartOf":{"@id":"https:\/\/kibrisdakik.com\/#website"},"primaryImageOfPage":{"@id":"https:\/\/kibrisdakik.com\/?p=21975#primaryimage"},"image":{"@id":"https:\/\/kibrisdakik.com\/?p=21975#primaryimage"},"thumbnailUrl":"https:\/\/kibrisdakik.com\/wp-content\/uploads\/2023\/12\/abden-rusyanin-dondurulmus-varliklarini-kullanma-adimi-1702414697.webp.webp","datePublished":"2023-12-12T21:03:17+00:00","author":{"@id":"https:\/\/kibrisdakik.com\/#\/schema\/person\/9cd9d437bbb44f72b73ba127e06d8e79"},"breadcrumb":{"@id":"https:\/\/kibrisdakik.com\/?p=21975#breadcrumb"},"inLanguage":"tr","potentialAction":[{"@type":"ReadAction","target":["https:\/\/kibrisdakik.com\/?p=21975"]}]},{"@type":"ImageObject","inLanguage":"tr","@id":"https:\/\/kibrisdakik.com\/?p=21975#primaryimage","url":"https:\/\/kibrisdakik.com\/wp-content\/uploads\/2023\/12\/abden-rusyanin-dondurulmus-varliklarini-kullanma-adimi-1702414697.webp.webp","contentUrl":"https:\/\/kibrisdakik.com\/wp-content\/uploads\/2023\/12\/abden-rusyanin-dondurulmus-varliklarini-kullanma-adimi-1702414697.webp.webp","width":710,"height":370},{"@type":"BreadcrumbList","@id":"https:\/\/kibrisdakik.com\/?p=21975#breadcrumb","itemListElement":[{"@type":"ListItem","position":1,"name":"Home","item":"https:\/\/kibrisdakik.com\/"},{"@type":"ListItem","position":2,"name":"AB&#039;den Rusya&#039;n\u0131n dondurulmu\u015f varl\u0131klar\u0131n\u0131 kullanma ad\u0131m\u0131"}]},{"@type":"WebSite","@id":"https:\/\/kibrisdakik.com\/#website","url":"https:\/\/kibrisdakik.com\/","name":"","description":"Tam vaktinde haber","potentialAction":[{"@type":"SearchAction","target":{"@type":"EntryPoint","urlTemplate":"https:\/\/kibrisdakik.com\/?s={search_term_string}"},"query-input":{"@type":"PropertyValueSpecification","valueRequired":true,"valueName":"search_term_string"}}],"inLanguage":"tr"},{"@type":"Person","@id":"https:\/\/kibrisdakik.com\/#\/schema\/person\/9cd9d437bbb44f72b73ba127e06d8e79","name":"admin","image":{"@type":"ImageObject","inLanguage":"tr","@id":"https:\/\/secure.gravatar.com\/avatar\/ccc17943b9d660506c869530f897617f7cb1c21a4bf30023f252596d83e1f007?s=96&d=mm&r=g","url":"https:\/\/secure.gravatar.com\/avatar\/ccc17943b9d660506c869530f897617f7cb1c21a4bf30023f252596d83e1f007?s=96&d=mm&r=g","contentUrl":"https:\/\/secure.gravatar.com\/avatar\/ccc17943b9d660506c869530f897617f7cb1c21a4bf30023f252596d83e1f007?s=96&d=mm&r=g","caption":"admin"},"sameAs":["https:\/\/kibrisdakik.com"],"url":"https:\/\/kibrisdakik.com\/?author=1"}]}},"_links":{"self":[{"href":"https:\/\/kibrisdakik.com\/index.php?rest_route=\/wp\/v2\/posts\/21975","targetHints":{"allow":["GET"]}}],"collection":[{"href":"https:\/\/kibrisdakik.com\/index.php?rest_route=\/wp\/v2\/posts"}],"about":[{"href":"https:\/\/kibrisdakik.com\/index.php?rest_route=\/wp\/v2\/types\/post"}],"author":[{"embeddable":true,"href":"https:\/\/kibrisdakik.com\/index.php?rest_route=\/wp\/v2\/users\/1"}],"replies":[{"embeddable":true,"href":"https:\/\/kibrisdakik.com\/index.php?rest_route=%2Fwp%2Fv2%2Fcomments&post=21975"}],"version-history":[{"count":0,"href":"https:\/\/kibrisdakik.com\/index.php?rest_route=\/wp\/v2\/posts\/21975\/revisions"}],"wp:featuredmedia":[{"embeddable":true,"href":"https:\/\/kibrisdakik.com\/index.php?rest_route=\/wp\/v2\/media\/21976"}],"wp:attachment":[{"href":"https:\/\/kibrisdakik.com\/index.php?rest_route=%2Fwp%2Fv2%2Fmedia&parent=21975"}],"wp:term":[{"taxonomy":"category","embeddable":true,"href":"https:\/\/kibrisdakik.com\/index.php?rest_route=%2Fwp%2Fv2%2Fcategories&post=21975"},{"taxonomy":"post_tag","embeddable":true,"href":"https:\/\/kibrisdakik.com\/index.php?rest_route=%2Fwp%2Fv2%2Ftags&post=21975"}],"curies":[{"name":"wp","href":"https:\/\/api.w.org\/{rel}","templated":true}]}}