{"id":22001,"date":"2023-12-13T07:52:56","date_gmt":"2023-12-13T07:52:56","guid":{"rendered":"https:\/\/kibrisdakik.com\/index.php\/2023\/12\/13\/serhat-akpinar-muhalefete-tepki-gosterdi-mecliste-esas-amaclari-esaslar-disinda-bos-konusmak\/"},"modified":"2023-12-13T07:52:56","modified_gmt":"2023-12-13T07:52:56","slug":"serhat-akpinar-muhalefete-tepki-gosterdi-mecliste-esas-amaclari-esaslar-disinda-bos-konusmak","status":"publish","type":"post","link":"https:\/\/kibrisdakik.com\/?p=22001","title":{"rendered":"Serhat Akp\u0131nar, muhalefete tepki g\u00f6sterdi: Meclis\u2019te esas ama\u00e7lar\u0131 esaslar d\u0131\u015f\u0131nda bo\u015f konu\u015fmak"},"content":{"rendered":"<p><img decoding=\"async\" src=\"https:\/\/www.kibristurk.com\/images\/haberler\/2023\/12\/serhat-akpinar-muhalefete-tepki-gosterdi-mecliste-esas-amaclari-esaslar-disinda-bos-konusmak-1702452987.webp\" \/><\/p>\n<p>Meclis Genel Kurulu\u2019ndaki b\u00fct\u00e7e g\u00f6r\u00fc\u015fmeleri bug\u00fcn saat 07.00\u2019a kadar devam etti.<\/p>\n<p>Demokrat Parti (DP) Milletvekili&nbsp;Serhat Akp\u0131nar, b\u00fct\u00e7e g\u00f6r\u00fc\u015fmelerinin yap\u0131ld\u0131\u011f\u0131 s\u0131rada sosyal medya hesab\u0131ndan yapt\u0131\u011f\u0131 payla\u015f\u0131mla, muhalefete y\u00fcklendi ve muhalefetin b\u00fct\u00e7e ile ilgili g\u00f6r\u00fc\u015flerini payla\u015fmak yerine, saatlerce b\u00fct\u00e7e ile ilgili olmas\u0131 gereken esaslar d\u0131\u015f\u0131nda \u201cbo\u015f\u201d konu\u015ftu\u011funu savundu.<\/p>\n<p>Serhat Akp\u0131nar\u2019\u0131n a\u00e7\u0131klamas\u0131 \u015fu \u015fekilde:<\/p>\n<p><em>&#8220;Muhalefetin canla ba\u015fla bekledi\u011fi, b\u00fct\u00e7e g\u00f6r\u00fc\u015fmelerinde amac\u0131 b\u00fct\u00e7e g\u00f6r\u00fc\u015fmek de\u011fil manip\u00fclatif alg\u0131 operasyonlar\u0131na k\u00fcrs\u00fcden devam etmek. Konu b\u00fct\u00e7e! B\u00fct\u00e7e ile ilgili g\u00f6r\u00fc\u015fler payla\u015fmak yerine saatlerce b\u00fct\u00e7e ile ilgili olmas\u0131 gereken esaslar d\u0131\u015f\u0131nda bo\u015f konu\u015fmak\u2026 Bir s\u00f6z vard\u0131r! \u2018Konu\u015fmak bir mana ise susmak bin bir mana. Herkes konu\u015fmas\u0131na konu\u015fur l\u00e2kin s\u00fckut y\u00fcrekli olana\u2019 MA. Bu ne histerik bir yakla\u015f\u0131m! G\u00fcne\u015fi g\u00f6recekmi\u015fiz! Yani sabahlayaca\u011f\u0131z! Biz ne sabahlara g\u00f6z\u00fcm\u00fcz a\u00e7\u0131k kalkt\u0131k. Biz yolday\u0131z. Eyvallah.\u201d<\/em><\/p>\n","protected":false},"excerpt":{"rendered":"<p>Meclis Genel Kurulu\u2019ndaki b\u00fct\u00e7e g\u00f6r\u00fc\u015fmeleri bug\u00fcn saat 07.00\u2019a kadar devam etti. Demokrat Parti (DP) Milletvekili&nbsp;Serhat Akp\u0131nar, b\u00fct\u00e7e g\u00f6r\u00fc\u015fmelerinin yap\u0131ld\u0131\u011f\u0131 s\u0131rada sosyal medya hesab\u0131ndan yapt\u0131\u011f\u0131 payla\u015f\u0131mla, muhalefete y\u00fcklendi ve muhalefetin b\u00fct\u00e7e ile ilgili g\u00f6r\u00fc\u015flerini payla\u015fmak yerine, saatlerce b\u00fct\u00e7e ile ilgili olmas\u0131 gereken esaslar d\u0131\u015f\u0131nda \u201cbo\u015f\u201d konu\u015ftu\u011funu savundu. Serhat Akp\u0131nar\u2019\u0131n a\u00e7\u0131klamas\u0131 \u015fu \u015fekilde: &#8220;Muhalefetin canla ba\u015fla bekledi\u011fi,<\/p>\n","protected":false},"author":1,"featured_media":22002,"comment_status":"open","ping_status":"open","sticky":false,"template":"","format":"standard","meta":{"footnotes":""},"categories":[79],"tags":[],"class_list":["post-22001","post","type-post","status-publish","format-standard","has-post-thumbnail","hentry","category-ekonomi"],"yoast_head":"<!-- This site is optimized with the Yoast SEO plugin v27.4 - https:\/\/yoast.com\/product\/yoast-seo-wordpress\/ -->\n<title>Serhat Akp\u0131nar, muhalefete tepki g\u00f6sterdi: Meclis\u2019te esas ama\u00e7lar\u0131 esaslar d\u0131\u015f\u0131nda bo\u015f konu\u015fmak -<\/title>\n<meta name=\"robots\" content=\"index, follow, max-snippet:-1, max-image-preview:large, max-video-preview:-1\" \/>\n<link rel=\"canonical\" href=\"https:\/\/kibrisdakik.com\/?p=22001\" \/>\n<meta property=\"og:locale\" content=\"tr_TR\" \/>\n<meta property=\"og:type\" content=\"article\" \/>\n<meta property=\"og:title\" content=\"Serhat Akp\u0131nar, muhalefete tepki g\u00f6sterdi: Meclis\u2019te esas ama\u00e7lar\u0131 esaslar d\u0131\u015f\u0131nda bo\u015f konu\u015fmak -\" \/>\n<meta property=\"og:description\" content=\"Meclis Genel Kurulu\u2019ndaki b\u00fct\u00e7e g\u00f6r\u00fc\u015fmeleri bug\u00fcn saat 07.00\u2019a kadar devam etti. Demokrat Parti (DP) Milletvekili&nbsp;Serhat Akp\u0131nar, b\u00fct\u00e7e g\u00f6r\u00fc\u015fmelerinin yap\u0131ld\u0131\u011f\u0131 s\u0131rada sosyal medya hesab\u0131ndan yapt\u0131\u011f\u0131 payla\u015f\u0131mla, muhalefete y\u00fcklendi ve muhalefetin b\u00fct\u00e7e ile ilgili g\u00f6r\u00fc\u015flerini payla\u015fmak yerine, saatlerce b\u00fct\u00e7e ile ilgili olmas\u0131 gereken esaslar d\u0131\u015f\u0131nda \u201cbo\u015f\u201d konu\u015ftu\u011funu savundu. Serhat Akp\u0131nar\u2019\u0131n a\u00e7\u0131klamas\u0131 \u015fu \u015fekilde: &#8220;Muhalefetin canla ba\u015fla bekledi\u011fi,\" \/>\n<meta property=\"og:url\" content=\"https:\/\/kibrisdakik.com\/?p=22001\" \/>\n<meta property=\"article:published_time\" content=\"2023-12-13T07:52:56+00:00\" \/>\n<meta property=\"og:image\" content=\"https:\/\/kibrisdakik.com\/wp-content\/uploads\/2023\/12\/serhat-akpinar-muhalefete-tepki-gosterdi-mecliste-esas-amaclari-esaslar-disinda-bos-konusmak-1702452987.webp.webp\" \/>\n\t<meta property=\"og:image:width\" content=\"710\" \/>\n\t<meta property=\"og:image:height\" content=\"370\" \/>\n\t<meta property=\"og:image:type\" content=\"image\/webp\" \/>\n<meta name=\"author\" content=\"admin\" \/>\n<meta name=\"twitter:card\" content=\"summary_large_image\" \/>\n<meta name=\"twitter:label1\" content=\"Yazan:\" \/>\n\t<meta name=\"twitter:data1\" content=\"admin\" \/>\n\t<meta name=\"twitter:label2\" content=\"Tahmini okuma s\u00fcresi\" \/>\n\t<meta name=\"twitter:data2\" content=\"1 dakika\" \/>\n<script type=\"application\/ld+json\" class=\"yoast-schema-graph\">{\"@context\":\"https:\\\/\\\/schema.org\",\"@graph\":[{\"@type\":\"Article\",\"@id\":\"https:\\\/\\\/kibrisdakik.com\\\/?p=22001#article\",\"isPartOf\":{\"@id\":\"https:\\\/\\\/kibrisdakik.com\\\/?p=22001\"},\"author\":{\"name\":\"admin\",\"@id\":\"https:\\\/\\\/kibrisdakik.com\\\/#\\\/schema\\\/person\\\/9cd9d437bbb44f72b73ba127e06d8e79\"},\"headline\":\"Serhat Akp\u0131nar, muhalefete tepki g\u00f6sterdi: Meclis\u2019te esas ama\u00e7lar\u0131 esaslar d\u0131\u015f\u0131nda bo\u015f konu\u015fmak\",\"datePublished\":\"2023-12-13T07:52:56+00:00\",\"mainEntityOfPage\":{\"@id\":\"https:\\\/\\\/kibrisdakik.com\\\/?p=22001\"},\"wordCount\":218,\"commentCount\":0,\"image\":{\"@id\":\"https:\\\/\\\/kibrisdakik.com\\\/?p=22001#primaryimage\"},\"thumbnailUrl\":\"https:\\\/\\\/kibrisdakik.com\\\/wp-content\\\/uploads\\\/2023\\\/12\\\/serhat-akpinar-muhalefete-tepki-gosterdi-mecliste-esas-amaclari-esaslar-disinda-bos-konusmak-1702452987.webp.webp\",\"articleSection\":[\"Ekonomi\"],\"inLanguage\":\"tr\",\"potentialAction\":[{\"@type\":\"CommentAction\",\"name\":\"Comment\",\"target\":[\"https:\\\/\\\/kibrisdakik.com\\\/?p=22001#respond\"]}]},{\"@type\":\"WebPage\",\"@id\":\"https:\\\/\\\/kibrisdakik.com\\\/?p=22001\",\"url\":\"https:\\\/\\\/kibrisdakik.com\\\/?p=22001\",\"name\":\"Serhat Akp\u0131nar, muhalefete tepki g\u00f6sterdi: Meclis\u2019te esas ama\u00e7lar\u0131 esaslar d\u0131\u015f\u0131nda bo\u015f konu\u015fmak -\",\"isPartOf\":{\"@id\":\"https:\\\/\\\/kibrisdakik.com\\\/#website\"},\"primaryImageOfPage\":{\"@id\":\"https:\\\/\\\/kibrisdakik.com\\\/?p=22001#primaryimage\"},\"image\":{\"@id\":\"https:\\\/\\\/kibrisdakik.com\\\/?p=22001#primaryimage\"},\"thumbnailUrl\":\"https:\\\/\\\/kibrisdakik.com\\\/wp-content\\\/uploads\\\/2023\\\/12\\\/serhat-akpinar-muhalefete-tepki-gosterdi-mecliste-esas-amaclari-esaslar-disinda-bos-konusmak-1702452987.webp.webp\",\"datePublished\":\"2023-12-13T07:52:56+00:00\",\"author\":{\"@id\":\"https:\\\/\\\/kibrisdakik.com\\\/#\\\/schema\\\/person\\\/9cd9d437bbb44f72b73ba127e06d8e79\"},\"breadcrumb\":{\"@id\":\"https:\\\/\\\/kibrisdakik.com\\\/?p=22001#breadcrumb\"},\"inLanguage\":\"tr\",\"potentialAction\":[{\"@type\":\"ReadAction\",\"target\":[\"https:\\\/\\\/kibrisdakik.com\\\/?p=22001\"]}]},{\"@type\":\"ImageObject\",\"inLanguage\":\"tr\",\"@id\":\"https:\\\/\\\/kibrisdakik.com\\\/?p=22001#primaryimage\",\"url\":\"https:\\\/\\\/kibrisdakik.com\\\/wp-content\\\/uploads\\\/2023\\\/12\\\/serhat-akpinar-muhalefete-tepki-gosterdi-mecliste-esas-amaclari-esaslar-disinda-bos-konusmak-1702452987.webp.webp\",\"contentUrl\":\"https:\\\/\\\/kibrisdakik.com\\\/wp-content\\\/uploads\\\/2023\\\/12\\\/serhat-akpinar-muhalefete-tepki-gosterdi-mecliste-esas-amaclari-esaslar-disinda-bos-konusmak-1702452987.webp.webp\",\"width\":710,\"height\":370},{\"@type\":\"BreadcrumbList\",\"@id\":\"https:\\\/\\\/kibrisdakik.com\\\/?p=22001#breadcrumb\",\"itemListElement\":[{\"@type\":\"ListItem\",\"position\":1,\"name\":\"Home\",\"item\":\"https:\\\/\\\/kibrisdakik.com\\\/\"},{\"@type\":\"ListItem\",\"position\":2,\"name\":\"Serhat Akp\u0131nar, muhalefete tepki g\u00f6sterdi: Meclis\u2019te esas ama\u00e7lar\u0131 esaslar d\u0131\u015f\u0131nda bo\u015f konu\u015fmak\"}]},{\"@type\":\"WebSite\",\"@id\":\"https:\\\/\\\/kibrisdakik.com\\\/#website\",\"url\":\"https:\\\/\\\/kibrisdakik.com\\\/\",\"name\":\"\",\"description\":\"Tam vaktinde haber\",\"potentialAction\":[{\"@type\":\"SearchAction\",\"target\":{\"@type\":\"EntryPoint\",\"urlTemplate\":\"https:\\\/\\\/kibrisdakik.com\\\/?s={search_term_string}\"},\"query-input\":{\"@type\":\"PropertyValueSpecification\",\"valueRequired\":true,\"valueName\":\"search_term_string\"}}],\"inLanguage\":\"tr\"},{\"@type\":\"Person\",\"@id\":\"https:\\\/\\\/kibrisdakik.com\\\/#\\\/schema\\\/person\\\/9cd9d437bbb44f72b73ba127e06d8e79\",\"name\":\"admin\",\"image\":{\"@type\":\"ImageObject\",\"inLanguage\":\"tr\",\"@id\":\"https:\\\/\\\/secure.gravatar.com\\\/avatar\\\/ccc17943b9d660506c869530f897617f7cb1c21a4bf30023f252596d83e1f007?s=96&d=mm&r=g\",\"url\":\"https:\\\/\\\/secure.gravatar.com\\\/avatar\\\/ccc17943b9d660506c869530f897617f7cb1c21a4bf30023f252596d83e1f007?s=96&d=mm&r=g\",\"contentUrl\":\"https:\\\/\\\/secure.gravatar.com\\\/avatar\\\/ccc17943b9d660506c869530f897617f7cb1c21a4bf30023f252596d83e1f007?s=96&d=mm&r=g\",\"caption\":\"admin\"},\"sameAs\":[\"https:\\\/\\\/kibrisdakik.com\"],\"url\":\"https:\\\/\\\/kibrisdakik.com\\\/?author=1\"}]}<\/script>\n<!-- \/ Yoast SEO plugin. -->","yoast_head_json":{"title":"Serhat Akp\u0131nar, muhalefete tepki g\u00f6sterdi: Meclis\u2019te esas ama\u00e7lar\u0131 esaslar d\u0131\u015f\u0131nda bo\u015f konu\u015fmak -","robots":{"index":"index","follow":"follow","max-snippet":"max-snippet:-1","max-image-preview":"max-image-preview:large","max-video-preview":"max-video-preview:-1"},"canonical":"https:\/\/kibrisdakik.com\/?p=22001","og_locale":"tr_TR","og_type":"article","og_title":"Serhat Akp\u0131nar, muhalefete tepki g\u00f6sterdi: Meclis\u2019te esas ama\u00e7lar\u0131 esaslar d\u0131\u015f\u0131nda bo\u015f konu\u015fmak -","og_description":"Meclis Genel Kurulu\u2019ndaki b\u00fct\u00e7e g\u00f6r\u00fc\u015fmeleri bug\u00fcn saat 07.00\u2019a kadar devam etti. Demokrat Parti (DP) Milletvekili&nbsp;Serhat Akp\u0131nar, b\u00fct\u00e7e g\u00f6r\u00fc\u015fmelerinin yap\u0131ld\u0131\u011f\u0131 s\u0131rada sosyal medya hesab\u0131ndan yapt\u0131\u011f\u0131 payla\u015f\u0131mla, muhalefete y\u00fcklendi ve muhalefetin b\u00fct\u00e7e ile ilgili g\u00f6r\u00fc\u015flerini payla\u015fmak yerine, saatlerce b\u00fct\u00e7e ile ilgili olmas\u0131 gereken esaslar d\u0131\u015f\u0131nda \u201cbo\u015f\u201d konu\u015ftu\u011funu savundu. Serhat Akp\u0131nar\u2019\u0131n a\u00e7\u0131klamas\u0131 \u015fu \u015fekilde: &#8220;Muhalefetin canla ba\u015fla bekledi\u011fi,","og_url":"https:\/\/kibrisdakik.com\/?p=22001","article_published_time":"2023-12-13T07:52:56+00:00","og_image":[{"width":710,"height":370,"url":"https:\/\/kibrisdakik.com\/wp-content\/uploads\/2023\/12\/serhat-akpinar-muhalefete-tepki-gosterdi-mecliste-esas-amaclari-esaslar-disinda-bos-konusmak-1702452987.webp.webp","type":"image\/webp"}],"author":"admin","twitter_card":"summary_large_image","twitter_misc":{"Yazan:":"admin","Tahmini okuma s\u00fcresi":"1 dakika"},"schema":{"@context":"https:\/\/schema.org","@graph":[{"@type":"Article","@id":"https:\/\/kibrisdakik.com\/?p=22001#article","isPartOf":{"@id":"https:\/\/kibrisdakik.com\/?p=22001"},"author":{"name":"admin","@id":"https:\/\/kibrisdakik.com\/#\/schema\/person\/9cd9d437bbb44f72b73ba127e06d8e79"},"headline":"Serhat Akp\u0131nar, muhalefete tepki g\u00f6sterdi: Meclis\u2019te esas ama\u00e7lar\u0131 esaslar d\u0131\u015f\u0131nda bo\u015f konu\u015fmak","datePublished":"2023-12-13T07:52:56+00:00","mainEntityOfPage":{"@id":"https:\/\/kibrisdakik.com\/?p=22001"},"wordCount":218,"commentCount":0,"image":{"@id":"https:\/\/kibrisdakik.com\/?p=22001#primaryimage"},"thumbnailUrl":"https:\/\/kibrisdakik.com\/wp-content\/uploads\/2023\/12\/serhat-akpinar-muhalefete-tepki-gosterdi-mecliste-esas-amaclari-esaslar-disinda-bos-konusmak-1702452987.webp.webp","articleSection":["Ekonomi"],"inLanguage":"tr","potentialAction":[{"@type":"CommentAction","name":"Comment","target":["https:\/\/kibrisdakik.com\/?p=22001#respond"]}]},{"@type":"WebPage","@id":"https:\/\/kibrisdakik.com\/?p=22001","url":"https:\/\/kibrisdakik.com\/?p=22001","name":"Serhat Akp\u0131nar, muhalefete tepki g\u00f6sterdi: Meclis\u2019te esas ama\u00e7lar\u0131 esaslar d\u0131\u015f\u0131nda bo\u015f konu\u015fmak -","isPartOf":{"@id":"https:\/\/kibrisdakik.com\/#website"},"primaryImageOfPage":{"@id":"https:\/\/kibrisdakik.com\/?p=22001#primaryimage"},"image":{"@id":"https:\/\/kibrisdakik.com\/?p=22001#primaryimage"},"thumbnailUrl":"https:\/\/kibrisdakik.com\/wp-content\/uploads\/2023\/12\/serhat-akpinar-muhalefete-tepki-gosterdi-mecliste-esas-amaclari-esaslar-disinda-bos-konusmak-1702452987.webp.webp","datePublished":"2023-12-13T07:52:56+00:00","author":{"@id":"https:\/\/kibrisdakik.com\/#\/schema\/person\/9cd9d437bbb44f72b73ba127e06d8e79"},"breadcrumb":{"@id":"https:\/\/kibrisdakik.com\/?p=22001#breadcrumb"},"inLanguage":"tr","potentialAction":[{"@type":"ReadAction","target":["https:\/\/kibrisdakik.com\/?p=22001"]}]},{"@type":"ImageObject","inLanguage":"tr","@id":"https:\/\/kibrisdakik.com\/?p=22001#primaryimage","url":"https:\/\/kibrisdakik.com\/wp-content\/uploads\/2023\/12\/serhat-akpinar-muhalefete-tepki-gosterdi-mecliste-esas-amaclari-esaslar-disinda-bos-konusmak-1702452987.webp.webp","contentUrl":"https:\/\/kibrisdakik.com\/wp-content\/uploads\/2023\/12\/serhat-akpinar-muhalefete-tepki-gosterdi-mecliste-esas-amaclari-esaslar-disinda-bos-konusmak-1702452987.webp.webp","width":710,"height":370},{"@type":"BreadcrumbList","@id":"https:\/\/kibrisdakik.com\/?p=22001#breadcrumb","itemListElement":[{"@type":"ListItem","position":1,"name":"Home","item":"https:\/\/kibrisdakik.com\/"},{"@type":"ListItem","position":2,"name":"Serhat Akp\u0131nar, muhalefete tepki g\u00f6sterdi: Meclis\u2019te esas ama\u00e7lar\u0131 esaslar d\u0131\u015f\u0131nda bo\u015f konu\u015fmak"}]},{"@type":"WebSite","@id":"https:\/\/kibrisdakik.com\/#website","url":"https:\/\/kibrisdakik.com\/","name":"","description":"Tam vaktinde haber","potentialAction":[{"@type":"SearchAction","target":{"@type":"EntryPoint","urlTemplate":"https:\/\/kibrisdakik.com\/?s={search_term_string}"},"query-input":{"@type":"PropertyValueSpecification","valueRequired":true,"valueName":"search_term_string"}}],"inLanguage":"tr"},{"@type":"Person","@id":"https:\/\/kibrisdakik.com\/#\/schema\/person\/9cd9d437bbb44f72b73ba127e06d8e79","name":"admin","image":{"@type":"ImageObject","inLanguage":"tr","@id":"https:\/\/secure.gravatar.com\/avatar\/ccc17943b9d660506c869530f897617f7cb1c21a4bf30023f252596d83e1f007?s=96&d=mm&r=g","url":"https:\/\/secure.gravatar.com\/avatar\/ccc17943b9d660506c869530f897617f7cb1c21a4bf30023f252596d83e1f007?s=96&d=mm&r=g","contentUrl":"https:\/\/secure.gravatar.com\/avatar\/ccc17943b9d660506c869530f897617f7cb1c21a4bf30023f252596d83e1f007?s=96&d=mm&r=g","caption":"admin"},"sameAs":["https:\/\/kibrisdakik.com"],"url":"https:\/\/kibrisdakik.com\/?author=1"}]}},"_links":{"self":[{"href":"https:\/\/kibrisdakik.com\/index.php?rest_route=\/wp\/v2\/posts\/22001","targetHints":{"allow":["GET"]}}],"collection":[{"href":"https:\/\/kibrisdakik.com\/index.php?rest_route=\/wp\/v2\/posts"}],"about":[{"href":"https:\/\/kibrisdakik.com\/index.php?rest_route=\/wp\/v2\/types\/post"}],"author":[{"embeddable":true,"href":"https:\/\/kibrisdakik.com\/index.php?rest_route=\/wp\/v2\/users\/1"}],"replies":[{"embeddable":true,"href":"https:\/\/kibrisdakik.com\/index.php?rest_route=%2Fwp%2Fv2%2Fcomments&post=22001"}],"version-history":[{"count":0,"href":"https:\/\/kibrisdakik.com\/index.php?rest_route=\/wp\/v2\/posts\/22001\/revisions"}],"wp:featuredmedia":[{"embeddable":true,"href":"https:\/\/kibrisdakik.com\/index.php?rest_route=\/wp\/v2\/media\/22002"}],"wp:attachment":[{"href":"https:\/\/kibrisdakik.com\/index.php?rest_route=%2Fwp%2Fv2%2Fmedia&parent=22001"}],"wp:term":[{"taxonomy":"category","embeddable":true,"href":"https:\/\/kibrisdakik.com\/index.php?rest_route=%2Fwp%2Fv2%2Fcategories&post=22001"},{"taxonomy":"post_tag","embeddable":true,"href":"https:\/\/kibrisdakik.com\/index.php?rest_route=%2Fwp%2Fv2%2Ftags&post=22001"}],"curies":[{"name":"wp","href":"https:\/\/api.w.org\/{rel}","templated":true}]}}