{"id":22043,"date":"2023-12-13T12:21:52","date_gmt":"2023-12-13T12:21:52","guid":{"rendered":"https:\/\/kibrisdakik.com\/index.php\/2023\/12\/13\/ab-kibris-meselesiyle-ilgili-muzakerelerin-yeniden-baslatilmasi-cagrisinda-bulundu\/"},"modified":"2023-12-13T12:21:52","modified_gmt":"2023-12-13T12:21:52","slug":"ab-kibris-meselesiyle-ilgili-muzakerelerin-yeniden-baslatilmasi-cagrisinda-bulundu","status":"publish","type":"post","link":"https:\/\/kibrisdakik.com\/?p=22043","title":{"rendered":"AB, K\u0131br\u0131s meselesiyle ilgili, m\u00fczakerelerin yeniden ba\u015flat\u0131lmas\u0131 \u00e7a\u011fr\u0131s\u0131nda bulundu"},"content":{"rendered":"<p><img decoding=\"async\" src=\"https:\/\/www.kibristurk.com\/images\/haberler\/2023\/12\/ab-kibris-meselesiyle-ilgili-muzakerelerin-yeniden-baslatilmasi-cagrisinda-bulundu-1702456632.webp\" \/><\/p>\n<p>Avrupa Birli\u011fi (AB) Konseyi taraf\u0131ndan payla\u015f\u0131lan toplant\u0131 sonu\u00e7 bildirisinde, K\u0131br\u0131s meselesiyle ilgili, m\u00fczakerelerin yeniden ba\u015flat\u0131lmas\u0131 \u00e7a\u011fr\u0131s\u0131 yap\u0131ld\u0131 ve AB&#8217;nin rol oynamaya haz\u0131r oldu\u011fu belirtildi.<\/p>\n<p>AB \u00fclkelerinin Avrupa i\u015flerinden sorumlu bakanlar\u0131n\u0131n olu\u015fturdu\u011fu Genel \u0130\u015fler Konseyi, 2023 i\u00e7in son kez Br\u00fcksel&#8217;de topland\u0131.<\/p>\n<p>Geni\u015fleme konusunun g\u00f6r\u00fc\u015f\u00fcld\u00fc\u011f\u00fc toplant\u0131da, T\u00fcrkiye, Karada\u011f, Bosna Hersek, S\u0131rbistan, Kuzey Makedonya, Arnavutluk ve Kosova&#8217;dan olu\u015fan Bat\u0131 Balkan \u00fclkelerinin yan\u0131 s\u0131ra ilk kez Ukrayna, Moldova ve G\u00fcrcistan&#8217;la ilgili de\u011ferlendirmeler yap\u0131ld\u0131.<\/p>\n<p>Toplant\u0131n\u0131n bitiminde bas\u0131na a\u00e7\u0131klamalarda bulunan AB Komisyonu&#8217;nun geni\u015flemeden sorumlu \u00fcyesi Oliver Varhelyi, T\u00fcrkiye&#8217;nin \u00fcyelik s\u00fcrecinin yeniden canlanmas\u0131 i\u00e7in hukukun \u00fcst\u00fcnl\u00fc\u011f\u00fc alan\u0131nda ilerlemenin gereklili\u011fini \u00f6ne s\u00fcrerek, ili\u015fkilerde yeni bir ba\u015flang\u0131c\u0131n temellerini atmas\u0131 gereken pozitif g\u00fcndemin de izlenmesi gerekti\u011fini belirtti.<\/p>\n<p><strong>&#8220;T\u00dcRK\u0130YE K\u0130L\u0130T ORTAK OLMAYI S\u00dcRD\u00dcR\u00dcYOR&#8221;<\/strong><\/p>\n<p>Ard\u0131ndan AB Konseyi taraf\u0131ndan payla\u015f\u0131lan toplant\u0131 sonu\u00e7 bildirisinde, &#8220;T\u00fcrkiye aday \u00fclke ve bir\u00e7ok ortak \u00e7\u0131kar alan\u0131nda kilit ortak olmay\u0131 s\u00fcrd\u00fcr\u00fcyor&#8221; denildi.<\/p>\n<p>T\u00fcrkiye ba\u015fl\u0131\u011f\u0131 alt\u0131nda &#8220;a\u00e7\u0131k ve samimi bir diyalo\u011fun s\u00fcrd\u00fcr\u00fclmesi, ortak sorunlar\u0131n ele al\u0131nmas\u0131, g\u00f6\u00e7, iklim, ter\u00f6rle m\u00fccadele ve b\u00f6lgesel konular gibi temel ortak alanlarda i\u015fbirli\u011fi yap\u0131lmas\u0131 konusundaki kararl\u0131l\u0131\u011f\u0131n&#8221; s\u00fcrd\u00fc\u011f\u00fc ifade edildi.<\/p>\n<p>Bildiride, Konseyin, bu konular\u0131n bir\u00e7o\u011funa ili\u015fkin olarak AB ile T\u00fcrkiye aras\u0131nda Y\u00fcksek D\u00fczeyli Diyaloglar\u0131n devam etti\u011fini dikkate ald\u0131\u011f\u0131 kaydedildi.<\/p>\n<p>T\u00fcrkiye ile Yunanistan aras\u0131ndaki ili\u015fkilerde son d\u00f6nemde ya\u015fanan geli\u015fmelerin ve Do\u011fu Akdeniz&#8217;de gerilimin azalt\u0131lmas\u0131n\u0131n, memnuniyetle kar\u015f\u0131land\u0131\u011f\u0131 aktar\u0131ld\u0131.<\/p>\n<p><strong>KIBRIS MESELES\u0130YLE \u0130LG\u0130L\u0130, M\u00dcZAKERELER\u0130N YEN\u0130DEN BA\u015eLATILMASI \u00c7A\u011eRISI<\/strong><\/p>\n<p>Bildiride, K\u0131br\u0131s meselesiyle ilgili, m\u00fczakerelerin yeniden ba\u015flat\u0131lmas\u0131 \u00e7a\u011fr\u0131s\u0131 yap\u0131l\u0131rken, AB&#8217;nin rol oynamaya haz\u0131r oldu\u011fu vurguland\u0131.<\/p>\n<p>Demokrasi, temel haklar ve yarg\u0131 gibi konularda ele\u015ftirilerin tekrarland\u0131\u011f\u0131 bildiride, ekonomik kriterler konusunda da daha istikrar odakl\u0131 makroekonomik politikalara geri d\u00f6nmeye y\u00f6nelik ad\u0131mlar\u0131 uygulamaya devam etme \u00e7a\u011fr\u0131s\u0131 yap\u0131ld\u0131.<\/p>\n<p>T\u00fcrkiye&#8217;nin, Ukrayna&#8217;n\u0131n tah\u0131l ihracat\u0131n\u0131n kolayla\u015ft\u0131r\u0131lmas\u0131nda oynad\u0131\u011f\u0131 yap\u0131c\u0131 role de\u011finilen bildiride, AB&#8217;nin Rusya&#8217;ya y\u00f6nelik yapt\u0131r\u0131m politikas\u0131yla t\u00fcm\u00fcyle uyum i\u00e7inde olunmas\u0131 gerekti\u011fi dile getirildi.<\/p>\n","protected":false},"excerpt":{"rendered":"<p>Avrupa Birli\u011fi (AB) Konseyi taraf\u0131ndan payla\u015f\u0131lan toplant\u0131 sonu\u00e7 bildirisinde, K\u0131br\u0131s meselesiyle ilgili, m\u00fczakerelerin yeniden ba\u015flat\u0131lmas\u0131 \u00e7a\u011fr\u0131s\u0131 yap\u0131ld\u0131 ve AB&#8217;nin rol oynamaya haz\u0131r oldu\u011fu belirtildi. AB \u00fclkelerinin Avrupa i\u015flerinden sorumlu bakanlar\u0131n\u0131n olu\u015fturdu\u011fu Genel \u0130\u015fler Konseyi, 2023 i\u00e7in son kez Br\u00fcksel&#8217;de topland\u0131. Geni\u015fleme konusunun g\u00f6r\u00fc\u015f\u00fcld\u00fc\u011f\u00fc toplant\u0131da, T\u00fcrkiye, Karada\u011f, Bosna Hersek, S\u0131rbistan, Kuzey Makedonya, Arnavutluk ve Kosova&#8217;dan olu\u015fan<\/p>\n","protected":false},"author":1,"featured_media":22044,"comment_status":"open","ping_status":"open","sticky":false,"template":"","format":"standard","meta":{"footnotes":""},"categories":[85],"tags":[],"class_list":["post-22043","post","type-post","status-publish","format-standard","has-post-thumbnail","hentry","category-spor"],"yoast_head":"<!-- This site is optimized with the Yoast SEO plugin v27.4 - https:\/\/yoast.com\/product\/yoast-seo-wordpress\/ -->\n<title>AB, K\u0131br\u0131s meselesiyle ilgili, m\u00fczakerelerin yeniden ba\u015flat\u0131lmas\u0131 \u00e7a\u011fr\u0131s\u0131nda bulundu -<\/title>\n<meta name=\"robots\" content=\"index, follow, max-snippet:-1, max-image-preview:large, max-video-preview:-1\" \/>\n<link rel=\"canonical\" href=\"https:\/\/kibrisdakik.com\/?p=22043\" \/>\n<meta property=\"og:locale\" content=\"tr_TR\" \/>\n<meta property=\"og:type\" content=\"article\" \/>\n<meta property=\"og:title\" content=\"AB, K\u0131br\u0131s meselesiyle ilgili, m\u00fczakerelerin yeniden ba\u015flat\u0131lmas\u0131 \u00e7a\u011fr\u0131s\u0131nda bulundu -\" \/>\n<meta property=\"og:description\" content=\"Avrupa Birli\u011fi (AB) Konseyi taraf\u0131ndan payla\u015f\u0131lan toplant\u0131 sonu\u00e7 bildirisinde, K\u0131br\u0131s meselesiyle ilgili, m\u00fczakerelerin yeniden ba\u015flat\u0131lmas\u0131 \u00e7a\u011fr\u0131s\u0131 yap\u0131ld\u0131 ve AB&#8217;nin rol oynamaya haz\u0131r oldu\u011fu belirtildi. AB \u00fclkelerinin Avrupa i\u015flerinden sorumlu bakanlar\u0131n\u0131n olu\u015fturdu\u011fu Genel \u0130\u015fler Konseyi, 2023 i\u00e7in son kez Br\u00fcksel&#8217;de topland\u0131. Geni\u015fleme konusunun g\u00f6r\u00fc\u015f\u00fcld\u00fc\u011f\u00fc toplant\u0131da, T\u00fcrkiye, Karada\u011f, Bosna Hersek, S\u0131rbistan, Kuzey Makedonya, Arnavutluk ve Kosova&#8217;dan olu\u015fan\" \/>\n<meta property=\"og:url\" content=\"https:\/\/kibrisdakik.com\/?p=22043\" \/>\n<meta property=\"article:published_time\" content=\"2023-12-13T12:21:52+00:00\" \/>\n<meta property=\"og:image\" content=\"https:\/\/kibrisdakik.com\/wp-content\/uploads\/2023\/12\/ab-kibris-meselesiyle-ilgili-muzakerelerin-yeniden-baslatilmasi-cagrisinda-bulundu-1702456632.webp.webp\" \/>\n\t<meta property=\"og:image:width\" content=\"710\" \/>\n\t<meta property=\"og:image:height\" content=\"370\" \/>\n\t<meta property=\"og:image:type\" content=\"image\/webp\" \/>\n<meta name=\"author\" content=\"admin\" \/>\n<meta name=\"twitter:card\" content=\"summary_large_image\" \/>\n<meta name=\"twitter:label1\" content=\"Yazan:\" \/>\n\t<meta name=\"twitter:data1\" content=\"admin\" \/>\n\t<meta name=\"twitter:label2\" content=\"Tahmini okuma s\u00fcresi\" \/>\n\t<meta name=\"twitter:data2\" content=\"2 dakika\" \/>\n<script type=\"application\/ld+json\" class=\"yoast-schema-graph\">{\"@context\":\"https:\\\/\\\/schema.org\",\"@graph\":[{\"@type\":\"Article\",\"@id\":\"https:\\\/\\\/kibrisdakik.com\\\/?p=22043#article\",\"isPartOf\":{\"@id\":\"https:\\\/\\\/kibrisdakik.com\\\/?p=22043\"},\"author\":{\"name\":\"admin\",\"@id\":\"https:\\\/\\\/kibrisdakik.com\\\/#\\\/schema\\\/person\\\/9cd9d437bbb44f72b73ba127e06d8e79\"},\"headline\":\"AB, K\u0131br\u0131s meselesiyle ilgili, m\u00fczakerelerin yeniden ba\u015flat\u0131lmas\u0131 \u00e7a\u011fr\u0131s\u0131nda bulundu\",\"datePublished\":\"2023-12-13T12:21:52+00:00\",\"mainEntityOfPage\":{\"@id\":\"https:\\\/\\\/kibrisdakik.com\\\/?p=22043\"},\"wordCount\":438,\"commentCount\":0,\"image\":{\"@id\":\"https:\\\/\\\/kibrisdakik.com\\\/?p=22043#primaryimage\"},\"thumbnailUrl\":\"https:\\\/\\\/kibrisdakik.com\\\/wp-content\\\/uploads\\\/2023\\\/12\\\/ab-kibris-meselesiyle-ilgili-muzakerelerin-yeniden-baslatilmasi-cagrisinda-bulundu-1702456632.webp.webp\",\"articleSection\":[\"Spor\"],\"inLanguage\":\"tr\",\"potentialAction\":[{\"@type\":\"CommentAction\",\"name\":\"Comment\",\"target\":[\"https:\\\/\\\/kibrisdakik.com\\\/?p=22043#respond\"]}]},{\"@type\":\"WebPage\",\"@id\":\"https:\\\/\\\/kibrisdakik.com\\\/?p=22043\",\"url\":\"https:\\\/\\\/kibrisdakik.com\\\/?p=22043\",\"name\":\"AB, K\u0131br\u0131s meselesiyle ilgili, m\u00fczakerelerin yeniden ba\u015flat\u0131lmas\u0131 \u00e7a\u011fr\u0131s\u0131nda bulundu -\",\"isPartOf\":{\"@id\":\"https:\\\/\\\/kibrisdakik.com\\\/#website\"},\"primaryImageOfPage\":{\"@id\":\"https:\\\/\\\/kibrisdakik.com\\\/?p=22043#primaryimage\"},\"image\":{\"@id\":\"https:\\\/\\\/kibrisdakik.com\\\/?p=22043#primaryimage\"},\"thumbnailUrl\":\"https:\\\/\\\/kibrisdakik.com\\\/wp-content\\\/uploads\\\/2023\\\/12\\\/ab-kibris-meselesiyle-ilgili-muzakerelerin-yeniden-baslatilmasi-cagrisinda-bulundu-1702456632.webp.webp\",\"datePublished\":\"2023-12-13T12:21:52+00:00\",\"author\":{\"@id\":\"https:\\\/\\\/kibrisdakik.com\\\/#\\\/schema\\\/person\\\/9cd9d437bbb44f72b73ba127e06d8e79\"},\"breadcrumb\":{\"@id\":\"https:\\\/\\\/kibrisdakik.com\\\/?p=22043#breadcrumb\"},\"inLanguage\":\"tr\",\"potentialAction\":[{\"@type\":\"ReadAction\",\"target\":[\"https:\\\/\\\/kibrisdakik.com\\\/?p=22043\"]}]},{\"@type\":\"ImageObject\",\"inLanguage\":\"tr\",\"@id\":\"https:\\\/\\\/kibrisdakik.com\\\/?p=22043#primaryimage\",\"url\":\"https:\\\/\\\/kibrisdakik.com\\\/wp-content\\\/uploads\\\/2023\\\/12\\\/ab-kibris-meselesiyle-ilgili-muzakerelerin-yeniden-baslatilmasi-cagrisinda-bulundu-1702456632.webp.webp\",\"contentUrl\":\"https:\\\/\\\/kibrisdakik.com\\\/wp-content\\\/uploads\\\/2023\\\/12\\\/ab-kibris-meselesiyle-ilgili-muzakerelerin-yeniden-baslatilmasi-cagrisinda-bulundu-1702456632.webp.webp\",\"width\":710,\"height\":370},{\"@type\":\"BreadcrumbList\",\"@id\":\"https:\\\/\\\/kibrisdakik.com\\\/?p=22043#breadcrumb\",\"itemListElement\":[{\"@type\":\"ListItem\",\"position\":1,\"name\":\"Home\",\"item\":\"https:\\\/\\\/kibrisdakik.com\\\/\"},{\"@type\":\"ListItem\",\"position\":2,\"name\":\"AB, K\u0131br\u0131s meselesiyle ilgili, m\u00fczakerelerin yeniden ba\u015flat\u0131lmas\u0131 \u00e7a\u011fr\u0131s\u0131nda bulundu\"}]},{\"@type\":\"WebSite\",\"@id\":\"https:\\\/\\\/kibrisdakik.com\\\/#website\",\"url\":\"https:\\\/\\\/kibrisdakik.com\\\/\",\"name\":\"\",\"description\":\"Tam vaktinde haber\",\"potentialAction\":[{\"@type\":\"SearchAction\",\"target\":{\"@type\":\"EntryPoint\",\"urlTemplate\":\"https:\\\/\\\/kibrisdakik.com\\\/?s={search_term_string}\"},\"query-input\":{\"@type\":\"PropertyValueSpecification\",\"valueRequired\":true,\"valueName\":\"search_term_string\"}}],\"inLanguage\":\"tr\"},{\"@type\":\"Person\",\"@id\":\"https:\\\/\\\/kibrisdakik.com\\\/#\\\/schema\\\/person\\\/9cd9d437bbb44f72b73ba127e06d8e79\",\"name\":\"admin\",\"image\":{\"@type\":\"ImageObject\",\"inLanguage\":\"tr\",\"@id\":\"https:\\\/\\\/secure.gravatar.com\\\/avatar\\\/ccc17943b9d660506c869530f897617f7cb1c21a4bf30023f252596d83e1f007?s=96&d=mm&r=g\",\"url\":\"https:\\\/\\\/secure.gravatar.com\\\/avatar\\\/ccc17943b9d660506c869530f897617f7cb1c21a4bf30023f252596d83e1f007?s=96&d=mm&r=g\",\"contentUrl\":\"https:\\\/\\\/secure.gravatar.com\\\/avatar\\\/ccc17943b9d660506c869530f897617f7cb1c21a4bf30023f252596d83e1f007?s=96&d=mm&r=g\",\"caption\":\"admin\"},\"sameAs\":[\"https:\\\/\\\/kibrisdakik.com\"],\"url\":\"https:\\\/\\\/kibrisdakik.com\\\/?author=1\"}]}<\/script>\n<!-- \/ Yoast SEO plugin. -->","yoast_head_json":{"title":"AB, K\u0131br\u0131s meselesiyle ilgili, m\u00fczakerelerin yeniden ba\u015flat\u0131lmas\u0131 \u00e7a\u011fr\u0131s\u0131nda bulundu -","robots":{"index":"index","follow":"follow","max-snippet":"max-snippet:-1","max-image-preview":"max-image-preview:large","max-video-preview":"max-video-preview:-1"},"canonical":"https:\/\/kibrisdakik.com\/?p=22043","og_locale":"tr_TR","og_type":"article","og_title":"AB, K\u0131br\u0131s meselesiyle ilgili, m\u00fczakerelerin yeniden ba\u015flat\u0131lmas\u0131 \u00e7a\u011fr\u0131s\u0131nda bulundu -","og_description":"Avrupa Birli\u011fi (AB) Konseyi taraf\u0131ndan payla\u015f\u0131lan toplant\u0131 sonu\u00e7 bildirisinde, K\u0131br\u0131s meselesiyle ilgili, m\u00fczakerelerin yeniden ba\u015flat\u0131lmas\u0131 \u00e7a\u011fr\u0131s\u0131 yap\u0131ld\u0131 ve AB&#8217;nin rol oynamaya haz\u0131r oldu\u011fu belirtildi. AB \u00fclkelerinin Avrupa i\u015flerinden sorumlu bakanlar\u0131n\u0131n olu\u015fturdu\u011fu Genel \u0130\u015fler Konseyi, 2023 i\u00e7in son kez Br\u00fcksel&#8217;de topland\u0131. Geni\u015fleme konusunun g\u00f6r\u00fc\u015f\u00fcld\u00fc\u011f\u00fc toplant\u0131da, T\u00fcrkiye, Karada\u011f, Bosna Hersek, S\u0131rbistan, Kuzey Makedonya, Arnavutluk ve Kosova&#8217;dan olu\u015fan","og_url":"https:\/\/kibrisdakik.com\/?p=22043","article_published_time":"2023-12-13T12:21:52+00:00","og_image":[{"width":710,"height":370,"url":"https:\/\/kibrisdakik.com\/wp-content\/uploads\/2023\/12\/ab-kibris-meselesiyle-ilgili-muzakerelerin-yeniden-baslatilmasi-cagrisinda-bulundu-1702456632.webp.webp","type":"image\/webp"}],"author":"admin","twitter_card":"summary_large_image","twitter_misc":{"Yazan:":"admin","Tahmini okuma s\u00fcresi":"2 dakika"},"schema":{"@context":"https:\/\/schema.org","@graph":[{"@type":"Article","@id":"https:\/\/kibrisdakik.com\/?p=22043#article","isPartOf":{"@id":"https:\/\/kibrisdakik.com\/?p=22043"},"author":{"name":"admin","@id":"https:\/\/kibrisdakik.com\/#\/schema\/person\/9cd9d437bbb44f72b73ba127e06d8e79"},"headline":"AB, K\u0131br\u0131s meselesiyle ilgili, m\u00fczakerelerin yeniden ba\u015flat\u0131lmas\u0131 \u00e7a\u011fr\u0131s\u0131nda bulundu","datePublished":"2023-12-13T12:21:52+00:00","mainEntityOfPage":{"@id":"https:\/\/kibrisdakik.com\/?p=22043"},"wordCount":438,"commentCount":0,"image":{"@id":"https:\/\/kibrisdakik.com\/?p=22043#primaryimage"},"thumbnailUrl":"https:\/\/kibrisdakik.com\/wp-content\/uploads\/2023\/12\/ab-kibris-meselesiyle-ilgili-muzakerelerin-yeniden-baslatilmasi-cagrisinda-bulundu-1702456632.webp.webp","articleSection":["Spor"],"inLanguage":"tr","potentialAction":[{"@type":"CommentAction","name":"Comment","target":["https:\/\/kibrisdakik.com\/?p=22043#respond"]}]},{"@type":"WebPage","@id":"https:\/\/kibrisdakik.com\/?p=22043","url":"https:\/\/kibrisdakik.com\/?p=22043","name":"AB, K\u0131br\u0131s meselesiyle ilgili, m\u00fczakerelerin yeniden ba\u015flat\u0131lmas\u0131 \u00e7a\u011fr\u0131s\u0131nda bulundu -","isPartOf":{"@id":"https:\/\/kibrisdakik.com\/#website"},"primaryImageOfPage":{"@id":"https:\/\/kibrisdakik.com\/?p=22043#primaryimage"},"image":{"@id":"https:\/\/kibrisdakik.com\/?p=22043#primaryimage"},"thumbnailUrl":"https:\/\/kibrisdakik.com\/wp-content\/uploads\/2023\/12\/ab-kibris-meselesiyle-ilgili-muzakerelerin-yeniden-baslatilmasi-cagrisinda-bulundu-1702456632.webp.webp","datePublished":"2023-12-13T12:21:52+00:00","author":{"@id":"https:\/\/kibrisdakik.com\/#\/schema\/person\/9cd9d437bbb44f72b73ba127e06d8e79"},"breadcrumb":{"@id":"https:\/\/kibrisdakik.com\/?p=22043#breadcrumb"},"inLanguage":"tr","potentialAction":[{"@type":"ReadAction","target":["https:\/\/kibrisdakik.com\/?p=22043"]}]},{"@type":"ImageObject","inLanguage":"tr","@id":"https:\/\/kibrisdakik.com\/?p=22043#primaryimage","url":"https:\/\/kibrisdakik.com\/wp-content\/uploads\/2023\/12\/ab-kibris-meselesiyle-ilgili-muzakerelerin-yeniden-baslatilmasi-cagrisinda-bulundu-1702456632.webp.webp","contentUrl":"https:\/\/kibrisdakik.com\/wp-content\/uploads\/2023\/12\/ab-kibris-meselesiyle-ilgili-muzakerelerin-yeniden-baslatilmasi-cagrisinda-bulundu-1702456632.webp.webp","width":710,"height":370},{"@type":"BreadcrumbList","@id":"https:\/\/kibrisdakik.com\/?p=22043#breadcrumb","itemListElement":[{"@type":"ListItem","position":1,"name":"Home","item":"https:\/\/kibrisdakik.com\/"},{"@type":"ListItem","position":2,"name":"AB, K\u0131br\u0131s meselesiyle ilgili, m\u00fczakerelerin yeniden ba\u015flat\u0131lmas\u0131 \u00e7a\u011fr\u0131s\u0131nda bulundu"}]},{"@type":"WebSite","@id":"https:\/\/kibrisdakik.com\/#website","url":"https:\/\/kibrisdakik.com\/","name":"","description":"Tam vaktinde haber","potentialAction":[{"@type":"SearchAction","target":{"@type":"EntryPoint","urlTemplate":"https:\/\/kibrisdakik.com\/?s={search_term_string}"},"query-input":{"@type":"PropertyValueSpecification","valueRequired":true,"valueName":"search_term_string"}}],"inLanguage":"tr"},{"@type":"Person","@id":"https:\/\/kibrisdakik.com\/#\/schema\/person\/9cd9d437bbb44f72b73ba127e06d8e79","name":"admin","image":{"@type":"ImageObject","inLanguage":"tr","@id":"https:\/\/secure.gravatar.com\/avatar\/ccc17943b9d660506c869530f897617f7cb1c21a4bf30023f252596d83e1f007?s=96&d=mm&r=g","url":"https:\/\/secure.gravatar.com\/avatar\/ccc17943b9d660506c869530f897617f7cb1c21a4bf30023f252596d83e1f007?s=96&d=mm&r=g","contentUrl":"https:\/\/secure.gravatar.com\/avatar\/ccc17943b9d660506c869530f897617f7cb1c21a4bf30023f252596d83e1f007?s=96&d=mm&r=g","caption":"admin"},"sameAs":["https:\/\/kibrisdakik.com"],"url":"https:\/\/kibrisdakik.com\/?author=1"}]}},"_links":{"self":[{"href":"https:\/\/kibrisdakik.com\/index.php?rest_route=\/wp\/v2\/posts\/22043","targetHints":{"allow":["GET"]}}],"collection":[{"href":"https:\/\/kibrisdakik.com\/index.php?rest_route=\/wp\/v2\/posts"}],"about":[{"href":"https:\/\/kibrisdakik.com\/index.php?rest_route=\/wp\/v2\/types\/post"}],"author":[{"embeddable":true,"href":"https:\/\/kibrisdakik.com\/index.php?rest_route=\/wp\/v2\/users\/1"}],"replies":[{"embeddable":true,"href":"https:\/\/kibrisdakik.com\/index.php?rest_route=%2Fwp%2Fv2%2Fcomments&post=22043"}],"version-history":[{"count":0,"href":"https:\/\/kibrisdakik.com\/index.php?rest_route=\/wp\/v2\/posts\/22043\/revisions"}],"wp:featuredmedia":[{"embeddable":true,"href":"https:\/\/kibrisdakik.com\/index.php?rest_route=\/wp\/v2\/media\/22044"}],"wp:attachment":[{"href":"https:\/\/kibrisdakik.com\/index.php?rest_route=%2Fwp%2Fv2%2Fmedia&parent=22043"}],"wp:term":[{"taxonomy":"category","embeddable":true,"href":"https:\/\/kibrisdakik.com\/index.php?rest_route=%2Fwp%2Fv2%2Fcategories&post=22043"},{"taxonomy":"post_tag","embeddable":true,"href":"https:\/\/kibrisdakik.com\/index.php?rest_route=%2Fwp%2Fv2%2Ftags&post=22043"}],"curies":[{"name":"wp","href":"https:\/\/api.w.org\/{rel}","templated":true}]}}