{"id":22084,"date":"2023-12-13T16:16:10","date_gmt":"2023-12-13T16:16:10","guid":{"rendered":"https:\/\/kibrisdakik.com\/index.php\/2023\/12\/13\/tff-baskani-mehmet-buyukeksi-bu-haftaki-maclarin-10-ocaka-ertelendigini-liglerin-19-aralik-sali-gunu-tekrar-baslayacagini-acikladi\/"},"modified":"2023-12-13T16:16:10","modified_gmt":"2023-12-13T16:16:10","slug":"tff-baskani-mehmet-buyukeksi-bu-haftaki-maclarin-10-ocaka-ertelendigini-liglerin-19-aralik-sali-gunu-tekrar-baslayacagini-acikladi","status":"publish","type":"post","link":"https:\/\/kibrisdakik.com\/?p=22084","title":{"rendered":"TFF ba\u015fkan\u0131 Mehmet B\u00fcy\u00fckek\u015fi bu haftaki ma\u00e7lar\u0131n 10 Ocak&#039;a ertelendi\u011fini liglerin 19 Aral\u0131k Sal\u0131 g\u00fcn\u00fc tekrar ba\u015flayaca\u011f\u0131n\u0131 a\u00e7\u0131klad\u0131"},"content":{"rendered":"<p><img decoding=\"async\" src=\"https:\/\/www.kibristurk.com\/images\/haberler\/2023\/12\/tff-baskani-mehmet-buyukeksi-bu-haftaki-maclarin-10-ocaka-ertelendigini-liglerin-19-aralik-sali-gunu-tekrar-baslayacagini-acikladi-1702483848.webp\" \/><\/p>\n<p><span style=\"font-size:12pt\"><span style=\",serif\"><strong><em>Ma\u00e7lar\u0131n ba\u015flama tarihi a\u00e7\u0131kland\u0131<\/em><\/strong><\/span><\/span><\/p>\n<p><span style=\"font-size:12pt\"><span style=\",serif\">T\u00fcrkiye Futbol Federasyonu Ba\u015fkan\u0131 Mehmet B\u00fcy\u00fckek\u015fi, liglerin 19 Aral\u0131k Sal\u0131 g\u00fcn\u00fc tekrar ba\u015flayaca\u011f\u0131n\u0131 a\u00e7\u0131klad\u0131.<\/span><\/span><\/p>\n<p><span style=\"font-size:12pt\"><span style=\",serif\">B\u00fcy\u00fckek\u015fi, liglerde bu hafta sonunda oynamas\u0131 gereken ma\u00e7lar\u0131n 10 Ocak&#8217;a ertelendi\u011fini s\u00f6yledi. Bu hafta yap\u0131lmas\u0131 gereken ma\u00e7lar 10 Ocak\u2019a ertelenirken, 19 Aral\u0131k&#8217;tan itibaren ligin 17. hafta ma\u00e7lar\u0131 oynanacak. Bu kararla ligin 18. haftas\u0131ndaki Fenerbah\u00e7e &#8211; Galatasaray derbisinin tarihi de\u011fi\u015fmedi.<\/span><\/span><\/p>\n","protected":false},"excerpt":{"rendered":"<p>Ma\u00e7lar\u0131n ba\u015flama tarihi a\u00e7\u0131kland\u0131 T\u00fcrkiye Futbol Federasyonu Ba\u015fkan\u0131 Mehmet B\u00fcy\u00fckek\u015fi, liglerin 19 Aral\u0131k Sal\u0131 g\u00fcn\u00fc tekrar ba\u015flayaca\u011f\u0131n\u0131 a\u00e7\u0131klad\u0131. B\u00fcy\u00fckek\u015fi, liglerde bu hafta sonunda oynamas\u0131 gereken ma\u00e7lar\u0131n 10 Ocak&#8217;a ertelendi\u011fini s\u00f6yledi. Bu hafta yap\u0131lmas\u0131 gereken ma\u00e7lar 10 Ocak\u2019a ertelenirken, 19 Aral\u0131k&#8217;tan itibaren ligin 17. hafta ma\u00e7lar\u0131 oynanacak. Bu kararla ligin 18. haftas\u0131ndaki Fenerbah\u00e7e &#8211; Galatasaray derbisinin<\/p>\n","protected":false},"author":1,"featured_media":22085,"comment_status":"open","ping_status":"open","sticky":false,"template":"","format":"standard","meta":{"footnotes":""},"categories":[1],"tags":[],"class_list":["post-22084","post","type-post","status-publish","format-standard","has-post-thumbnail","hentry","category-gundem"],"yoast_head":"<!-- This site is optimized with the Yoast SEO plugin v27.4 - https:\/\/yoast.com\/product\/yoast-seo-wordpress\/ -->\n<title>TFF ba\u015fkan\u0131 Mehmet B\u00fcy\u00fckek\u015fi bu haftaki ma\u00e7lar\u0131n 10 Ocak&#039;a ertelendi\u011fini liglerin 19 Aral\u0131k Sal\u0131 g\u00fcn\u00fc tekrar ba\u015flayaca\u011f\u0131n\u0131 a\u00e7\u0131klad\u0131 -<\/title>\n<meta name=\"robots\" content=\"index, follow, max-snippet:-1, max-image-preview:large, max-video-preview:-1\" \/>\n<link rel=\"canonical\" href=\"https:\/\/kibrisdakik.com\/?p=22084\" \/>\n<meta property=\"og:locale\" content=\"tr_TR\" \/>\n<meta property=\"og:type\" content=\"article\" \/>\n<meta property=\"og:title\" content=\"TFF ba\u015fkan\u0131 Mehmet B\u00fcy\u00fckek\u015fi bu haftaki ma\u00e7lar\u0131n 10 Ocak&#039;a ertelendi\u011fini liglerin 19 Aral\u0131k Sal\u0131 g\u00fcn\u00fc tekrar ba\u015flayaca\u011f\u0131n\u0131 a\u00e7\u0131klad\u0131 -\" \/>\n<meta property=\"og:description\" content=\"Ma\u00e7lar\u0131n ba\u015flama tarihi a\u00e7\u0131kland\u0131 T\u00fcrkiye Futbol Federasyonu Ba\u015fkan\u0131 Mehmet B\u00fcy\u00fckek\u015fi, liglerin 19 Aral\u0131k Sal\u0131 g\u00fcn\u00fc tekrar ba\u015flayaca\u011f\u0131n\u0131 a\u00e7\u0131klad\u0131. B\u00fcy\u00fckek\u015fi, liglerde bu hafta sonunda oynamas\u0131 gereken ma\u00e7lar\u0131n 10 Ocak&#8217;a ertelendi\u011fini s\u00f6yledi. Bu hafta yap\u0131lmas\u0131 gereken ma\u00e7lar 10 Ocak\u2019a ertelenirken, 19 Aral\u0131k&#8217;tan itibaren ligin 17. hafta ma\u00e7lar\u0131 oynanacak. Bu kararla ligin 18. haftas\u0131ndaki Fenerbah\u00e7e &#8211; Galatasaray derbisinin\" \/>\n<meta property=\"og:url\" content=\"https:\/\/kibrisdakik.com\/?p=22084\" \/>\n<meta property=\"article:published_time\" content=\"2023-12-13T16:16:10+00:00\" \/>\n<meta property=\"og:image\" content=\"https:\/\/kibrisdakik.com\/wp-content\/uploads\/2023\/12\/tff-baskani-mehmet-buyukeksi-bu-haftaki-maclarin-10-ocaka-ertelendigini-liglerin-19-aralik-sali-gunu-tekrar-baslayacagini-acikladi-1702483848.webp.webp\" \/>\n\t<meta property=\"og:image:width\" content=\"710\" \/>\n\t<meta property=\"og:image:height\" content=\"370\" \/>\n\t<meta property=\"og:image:type\" content=\"image\/webp\" \/>\n<meta name=\"author\" content=\"admin\" \/>\n<meta name=\"twitter:card\" content=\"summary_large_image\" \/>\n<meta name=\"twitter:label1\" content=\"Yazan:\" \/>\n\t<meta name=\"twitter:data1\" content=\"admin\" \/>\n<script type=\"application\/ld+json\" class=\"yoast-schema-graph\">{\"@context\":\"https:\\\/\\\/schema.org\",\"@graph\":[{\"@type\":\"Article\",\"@id\":\"https:\\\/\\\/kibrisdakik.com\\\/?p=22084#article\",\"isPartOf\":{\"@id\":\"https:\\\/\\\/kibrisdakik.com\\\/?p=22084\"},\"author\":{\"name\":\"admin\",\"@id\":\"https:\\\/\\\/kibrisdakik.com\\\/#\\\/schema\\\/person\\\/9cd9d437bbb44f72b73ba127e06d8e79\"},\"headline\":\"TFF ba\u015fkan\u0131 Mehmet B\u00fcy\u00fckek\u015fi bu haftaki ma\u00e7lar\u0131n 10 Ocak&#039;a ertelendi\u011fini liglerin 19 Aral\u0131k Sal\u0131 g\u00fcn\u00fc tekrar ba\u015flayaca\u011f\u0131n\u0131 a\u00e7\u0131klad\u0131\",\"datePublished\":\"2023-12-13T16:16:10+00:00\",\"mainEntityOfPage\":{\"@id\":\"https:\\\/\\\/kibrisdakik.com\\\/?p=22084\"},\"wordCount\":110,\"commentCount\":0,\"image\":{\"@id\":\"https:\\\/\\\/kibrisdakik.com\\\/?p=22084#primaryimage\"},\"thumbnailUrl\":\"https:\\\/\\\/kibrisdakik.com\\\/wp-content\\\/uploads\\\/2023\\\/12\\\/tff-baskani-mehmet-buyukeksi-bu-haftaki-maclarin-10-ocaka-ertelendigini-liglerin-19-aralik-sali-gunu-tekrar-baslayacagini-acikladi-1702483848.webp.webp\",\"articleSection\":[\"G\u00fcndem\"],\"inLanguage\":\"tr\",\"potentialAction\":[{\"@type\":\"CommentAction\",\"name\":\"Comment\",\"target\":[\"https:\\\/\\\/kibrisdakik.com\\\/?p=22084#respond\"]}]},{\"@type\":\"WebPage\",\"@id\":\"https:\\\/\\\/kibrisdakik.com\\\/?p=22084\",\"url\":\"https:\\\/\\\/kibrisdakik.com\\\/?p=22084\",\"name\":\"TFF ba\u015fkan\u0131 Mehmet B\u00fcy\u00fckek\u015fi bu haftaki ma\u00e7lar\u0131n 10 Ocak&#039;a ertelendi\u011fini liglerin 19 Aral\u0131k Sal\u0131 g\u00fcn\u00fc tekrar ba\u015flayaca\u011f\u0131n\u0131 a\u00e7\u0131klad\u0131 -\",\"isPartOf\":{\"@id\":\"https:\\\/\\\/kibrisdakik.com\\\/#website\"},\"primaryImageOfPage\":{\"@id\":\"https:\\\/\\\/kibrisdakik.com\\\/?p=22084#primaryimage\"},\"image\":{\"@id\":\"https:\\\/\\\/kibrisdakik.com\\\/?p=22084#primaryimage\"},\"thumbnailUrl\":\"https:\\\/\\\/kibrisdakik.com\\\/wp-content\\\/uploads\\\/2023\\\/12\\\/tff-baskani-mehmet-buyukeksi-bu-haftaki-maclarin-10-ocaka-ertelendigini-liglerin-19-aralik-sali-gunu-tekrar-baslayacagini-acikladi-1702483848.webp.webp\",\"datePublished\":\"2023-12-13T16:16:10+00:00\",\"author\":{\"@id\":\"https:\\\/\\\/kibrisdakik.com\\\/#\\\/schema\\\/person\\\/9cd9d437bbb44f72b73ba127e06d8e79\"},\"breadcrumb\":{\"@id\":\"https:\\\/\\\/kibrisdakik.com\\\/?p=22084#breadcrumb\"},\"inLanguage\":\"tr\",\"potentialAction\":[{\"@type\":\"ReadAction\",\"target\":[\"https:\\\/\\\/kibrisdakik.com\\\/?p=22084\"]}]},{\"@type\":\"ImageObject\",\"inLanguage\":\"tr\",\"@id\":\"https:\\\/\\\/kibrisdakik.com\\\/?p=22084#primaryimage\",\"url\":\"https:\\\/\\\/kibrisdakik.com\\\/wp-content\\\/uploads\\\/2023\\\/12\\\/tff-baskani-mehmet-buyukeksi-bu-haftaki-maclarin-10-ocaka-ertelendigini-liglerin-19-aralik-sali-gunu-tekrar-baslayacagini-acikladi-1702483848.webp.webp\",\"contentUrl\":\"https:\\\/\\\/kibrisdakik.com\\\/wp-content\\\/uploads\\\/2023\\\/12\\\/tff-baskani-mehmet-buyukeksi-bu-haftaki-maclarin-10-ocaka-ertelendigini-liglerin-19-aralik-sali-gunu-tekrar-baslayacagini-acikladi-1702483848.webp.webp\",\"width\":710,\"height\":370},{\"@type\":\"BreadcrumbList\",\"@id\":\"https:\\\/\\\/kibrisdakik.com\\\/?p=22084#breadcrumb\",\"itemListElement\":[{\"@type\":\"ListItem\",\"position\":1,\"name\":\"Home\",\"item\":\"https:\\\/\\\/kibrisdakik.com\\\/\"},{\"@type\":\"ListItem\",\"position\":2,\"name\":\"TFF ba\u015fkan\u0131 Mehmet B\u00fcy\u00fckek\u015fi bu haftaki ma\u00e7lar\u0131n 10 Ocak&#039;a ertelendi\u011fini liglerin 19 Aral\u0131k Sal\u0131 g\u00fcn\u00fc tekrar ba\u015flayaca\u011f\u0131n\u0131 a\u00e7\u0131klad\u0131\"}]},{\"@type\":\"WebSite\",\"@id\":\"https:\\\/\\\/kibrisdakik.com\\\/#website\",\"url\":\"https:\\\/\\\/kibrisdakik.com\\\/\",\"name\":\"\",\"description\":\"Tam vaktinde haber\",\"potentialAction\":[{\"@type\":\"SearchAction\",\"target\":{\"@type\":\"EntryPoint\",\"urlTemplate\":\"https:\\\/\\\/kibrisdakik.com\\\/?s={search_term_string}\"},\"query-input\":{\"@type\":\"PropertyValueSpecification\",\"valueRequired\":true,\"valueName\":\"search_term_string\"}}],\"inLanguage\":\"tr\"},{\"@type\":\"Person\",\"@id\":\"https:\\\/\\\/kibrisdakik.com\\\/#\\\/schema\\\/person\\\/9cd9d437bbb44f72b73ba127e06d8e79\",\"name\":\"admin\",\"image\":{\"@type\":\"ImageObject\",\"inLanguage\":\"tr\",\"@id\":\"https:\\\/\\\/secure.gravatar.com\\\/avatar\\\/ccc17943b9d660506c869530f897617f7cb1c21a4bf30023f252596d83e1f007?s=96&d=mm&r=g\",\"url\":\"https:\\\/\\\/secure.gravatar.com\\\/avatar\\\/ccc17943b9d660506c869530f897617f7cb1c21a4bf30023f252596d83e1f007?s=96&d=mm&r=g\",\"contentUrl\":\"https:\\\/\\\/secure.gravatar.com\\\/avatar\\\/ccc17943b9d660506c869530f897617f7cb1c21a4bf30023f252596d83e1f007?s=96&d=mm&r=g\",\"caption\":\"admin\"},\"sameAs\":[\"https:\\\/\\\/kibrisdakik.com\"],\"url\":\"https:\\\/\\\/kibrisdakik.com\\\/?author=1\"}]}<\/script>\n<!-- \/ Yoast SEO plugin. -->","yoast_head_json":{"title":"TFF ba\u015fkan\u0131 Mehmet B\u00fcy\u00fckek\u015fi bu haftaki ma\u00e7lar\u0131n 10 Ocak&#039;a ertelendi\u011fini liglerin 19 Aral\u0131k Sal\u0131 g\u00fcn\u00fc tekrar ba\u015flayaca\u011f\u0131n\u0131 a\u00e7\u0131klad\u0131 -","robots":{"index":"index","follow":"follow","max-snippet":"max-snippet:-1","max-image-preview":"max-image-preview:large","max-video-preview":"max-video-preview:-1"},"canonical":"https:\/\/kibrisdakik.com\/?p=22084","og_locale":"tr_TR","og_type":"article","og_title":"TFF ba\u015fkan\u0131 Mehmet B\u00fcy\u00fckek\u015fi bu haftaki ma\u00e7lar\u0131n 10 Ocak&#039;a ertelendi\u011fini liglerin 19 Aral\u0131k Sal\u0131 g\u00fcn\u00fc tekrar ba\u015flayaca\u011f\u0131n\u0131 a\u00e7\u0131klad\u0131 -","og_description":"Ma\u00e7lar\u0131n ba\u015flama tarihi a\u00e7\u0131kland\u0131 T\u00fcrkiye Futbol Federasyonu Ba\u015fkan\u0131 Mehmet B\u00fcy\u00fckek\u015fi, liglerin 19 Aral\u0131k Sal\u0131 g\u00fcn\u00fc tekrar ba\u015flayaca\u011f\u0131n\u0131 a\u00e7\u0131klad\u0131. B\u00fcy\u00fckek\u015fi, liglerde bu hafta sonunda oynamas\u0131 gereken ma\u00e7lar\u0131n 10 Ocak&#8217;a ertelendi\u011fini s\u00f6yledi. Bu hafta yap\u0131lmas\u0131 gereken ma\u00e7lar 10 Ocak\u2019a ertelenirken, 19 Aral\u0131k&#8217;tan itibaren ligin 17. hafta ma\u00e7lar\u0131 oynanacak. Bu kararla ligin 18. haftas\u0131ndaki Fenerbah\u00e7e &#8211; Galatasaray derbisinin","og_url":"https:\/\/kibrisdakik.com\/?p=22084","article_published_time":"2023-12-13T16:16:10+00:00","og_image":[{"width":710,"height":370,"url":"https:\/\/kibrisdakik.com\/wp-content\/uploads\/2023\/12\/tff-baskani-mehmet-buyukeksi-bu-haftaki-maclarin-10-ocaka-ertelendigini-liglerin-19-aralik-sali-gunu-tekrar-baslayacagini-acikladi-1702483848.webp.webp","type":"image\/webp"}],"author":"admin","twitter_card":"summary_large_image","twitter_misc":{"Yazan:":"admin"},"schema":{"@context":"https:\/\/schema.org","@graph":[{"@type":"Article","@id":"https:\/\/kibrisdakik.com\/?p=22084#article","isPartOf":{"@id":"https:\/\/kibrisdakik.com\/?p=22084"},"author":{"name":"admin","@id":"https:\/\/kibrisdakik.com\/#\/schema\/person\/9cd9d437bbb44f72b73ba127e06d8e79"},"headline":"TFF ba\u015fkan\u0131 Mehmet B\u00fcy\u00fckek\u015fi bu haftaki ma\u00e7lar\u0131n 10 Ocak&#039;a ertelendi\u011fini liglerin 19 Aral\u0131k Sal\u0131 g\u00fcn\u00fc tekrar ba\u015flayaca\u011f\u0131n\u0131 a\u00e7\u0131klad\u0131","datePublished":"2023-12-13T16:16:10+00:00","mainEntityOfPage":{"@id":"https:\/\/kibrisdakik.com\/?p=22084"},"wordCount":110,"commentCount":0,"image":{"@id":"https:\/\/kibrisdakik.com\/?p=22084#primaryimage"},"thumbnailUrl":"https:\/\/kibrisdakik.com\/wp-content\/uploads\/2023\/12\/tff-baskani-mehmet-buyukeksi-bu-haftaki-maclarin-10-ocaka-ertelendigini-liglerin-19-aralik-sali-gunu-tekrar-baslayacagini-acikladi-1702483848.webp.webp","articleSection":["G\u00fcndem"],"inLanguage":"tr","potentialAction":[{"@type":"CommentAction","name":"Comment","target":["https:\/\/kibrisdakik.com\/?p=22084#respond"]}]},{"@type":"WebPage","@id":"https:\/\/kibrisdakik.com\/?p=22084","url":"https:\/\/kibrisdakik.com\/?p=22084","name":"TFF ba\u015fkan\u0131 Mehmet B\u00fcy\u00fckek\u015fi bu haftaki ma\u00e7lar\u0131n 10 Ocak&#039;a ertelendi\u011fini liglerin 19 Aral\u0131k Sal\u0131 g\u00fcn\u00fc tekrar ba\u015flayaca\u011f\u0131n\u0131 a\u00e7\u0131klad\u0131 -","isPartOf":{"@id":"https:\/\/kibrisdakik.com\/#website"},"primaryImageOfPage":{"@id":"https:\/\/kibrisdakik.com\/?p=22084#primaryimage"},"image":{"@id":"https:\/\/kibrisdakik.com\/?p=22084#primaryimage"},"thumbnailUrl":"https:\/\/kibrisdakik.com\/wp-content\/uploads\/2023\/12\/tff-baskani-mehmet-buyukeksi-bu-haftaki-maclarin-10-ocaka-ertelendigini-liglerin-19-aralik-sali-gunu-tekrar-baslayacagini-acikladi-1702483848.webp.webp","datePublished":"2023-12-13T16:16:10+00:00","author":{"@id":"https:\/\/kibrisdakik.com\/#\/schema\/person\/9cd9d437bbb44f72b73ba127e06d8e79"},"breadcrumb":{"@id":"https:\/\/kibrisdakik.com\/?p=22084#breadcrumb"},"inLanguage":"tr","potentialAction":[{"@type":"ReadAction","target":["https:\/\/kibrisdakik.com\/?p=22084"]}]},{"@type":"ImageObject","inLanguage":"tr","@id":"https:\/\/kibrisdakik.com\/?p=22084#primaryimage","url":"https:\/\/kibrisdakik.com\/wp-content\/uploads\/2023\/12\/tff-baskani-mehmet-buyukeksi-bu-haftaki-maclarin-10-ocaka-ertelendigini-liglerin-19-aralik-sali-gunu-tekrar-baslayacagini-acikladi-1702483848.webp.webp","contentUrl":"https:\/\/kibrisdakik.com\/wp-content\/uploads\/2023\/12\/tff-baskani-mehmet-buyukeksi-bu-haftaki-maclarin-10-ocaka-ertelendigini-liglerin-19-aralik-sali-gunu-tekrar-baslayacagini-acikladi-1702483848.webp.webp","width":710,"height":370},{"@type":"BreadcrumbList","@id":"https:\/\/kibrisdakik.com\/?p=22084#breadcrumb","itemListElement":[{"@type":"ListItem","position":1,"name":"Home","item":"https:\/\/kibrisdakik.com\/"},{"@type":"ListItem","position":2,"name":"TFF ba\u015fkan\u0131 Mehmet B\u00fcy\u00fckek\u015fi bu haftaki ma\u00e7lar\u0131n 10 Ocak&#039;a ertelendi\u011fini liglerin 19 Aral\u0131k Sal\u0131 g\u00fcn\u00fc tekrar ba\u015flayaca\u011f\u0131n\u0131 a\u00e7\u0131klad\u0131"}]},{"@type":"WebSite","@id":"https:\/\/kibrisdakik.com\/#website","url":"https:\/\/kibrisdakik.com\/","name":"","description":"Tam vaktinde haber","potentialAction":[{"@type":"SearchAction","target":{"@type":"EntryPoint","urlTemplate":"https:\/\/kibrisdakik.com\/?s={search_term_string}"},"query-input":{"@type":"PropertyValueSpecification","valueRequired":true,"valueName":"search_term_string"}}],"inLanguage":"tr"},{"@type":"Person","@id":"https:\/\/kibrisdakik.com\/#\/schema\/person\/9cd9d437bbb44f72b73ba127e06d8e79","name":"admin","image":{"@type":"ImageObject","inLanguage":"tr","@id":"https:\/\/secure.gravatar.com\/avatar\/ccc17943b9d660506c869530f897617f7cb1c21a4bf30023f252596d83e1f007?s=96&d=mm&r=g","url":"https:\/\/secure.gravatar.com\/avatar\/ccc17943b9d660506c869530f897617f7cb1c21a4bf30023f252596d83e1f007?s=96&d=mm&r=g","contentUrl":"https:\/\/secure.gravatar.com\/avatar\/ccc17943b9d660506c869530f897617f7cb1c21a4bf30023f252596d83e1f007?s=96&d=mm&r=g","caption":"admin"},"sameAs":["https:\/\/kibrisdakik.com"],"url":"https:\/\/kibrisdakik.com\/?author=1"}]}},"_links":{"self":[{"href":"https:\/\/kibrisdakik.com\/index.php?rest_route=\/wp\/v2\/posts\/22084","targetHints":{"allow":["GET"]}}],"collection":[{"href":"https:\/\/kibrisdakik.com\/index.php?rest_route=\/wp\/v2\/posts"}],"about":[{"href":"https:\/\/kibrisdakik.com\/index.php?rest_route=\/wp\/v2\/types\/post"}],"author":[{"embeddable":true,"href":"https:\/\/kibrisdakik.com\/index.php?rest_route=\/wp\/v2\/users\/1"}],"replies":[{"embeddable":true,"href":"https:\/\/kibrisdakik.com\/index.php?rest_route=%2Fwp%2Fv2%2Fcomments&post=22084"}],"version-history":[{"count":0,"href":"https:\/\/kibrisdakik.com\/index.php?rest_route=\/wp\/v2\/posts\/22084\/revisions"}],"wp:featuredmedia":[{"embeddable":true,"href":"https:\/\/kibrisdakik.com\/index.php?rest_route=\/wp\/v2\/media\/22085"}],"wp:attachment":[{"href":"https:\/\/kibrisdakik.com\/index.php?rest_route=%2Fwp%2Fv2%2Fmedia&parent=22084"}],"wp:term":[{"taxonomy":"category","embeddable":true,"href":"https:\/\/kibrisdakik.com\/index.php?rest_route=%2Fwp%2Fv2%2Fcategories&post=22084"},{"taxonomy":"post_tag","embeddable":true,"href":"https:\/\/kibrisdakik.com\/index.php?rest_route=%2Fwp%2Fv2%2Ftags&post=22084"}],"curies":[{"name":"wp","href":"https:\/\/api.w.org\/{rel}","templated":true}]}}