{"id":22175,"date":"2023-12-14T10:47:24","date_gmt":"2023-12-14T10:47:24","guid":{"rendered":"https:\/\/kibrisdakik.com\/index.php\/2023\/12\/14\/tc-milli-savunma-bakani-guler-kibris-turk-halkinin-egemen-esitligi-ve-esit-uluslararasi-statusunu-tescil-edilmesi-olmazsa-olmaz-bir-husustur\/"},"modified":"2023-12-14T10:47:24","modified_gmt":"2023-12-14T10:47:24","slug":"tc-milli-savunma-bakani-guler-kibris-turk-halkinin-egemen-esitligi-ve-esit-uluslararasi-statusunu-tescil-edilmesi-olmazsa-olmaz-bir-husustur","status":"publish","type":"post","link":"https:\/\/kibrisdakik.com\/?p=22175","title":{"rendered":"TC Milli Savunma Bakan\u0131 G\u00fcler: K\u0131br\u0131s T\u00fcrk halk\u0131n\u0131n egemen e\u015fitli\u011fi ve e\u015fit uluslararas\u0131 stat\u00fcs\u00fcn\u00fc tescil edilmesi, olmazsa olmaz bir husustur"},"content":{"rendered":"<p><img decoding=\"async\" src=\"https:\/\/www.kibristurk.com\/images\/haberler\/2023\/12\/tc-milli-savunma-bakani-guler-kibris-turk-halkinin-egemen-esitligi-ve-esit-uluslararasi-statusunu-tescil-edilmesi-olmazsa-olmaz-bir-husustur-1702549879.webp\" \/><\/p>\n<p>K\u0131br\u0131s&nbsp;meselesinin,&nbsp;K\u0131br\u0131s&nbsp;T\u00fcrk halk\u0131n\u0131n me\u015fru \u00e7\u0131karlar\u0131n\u0131 ve g\u00fcvenli\u011fini teminat alt\u0131na alacak \u015fekilde bir an \u00f6nce \u00e7\u00f6z\u00fcme kavu\u015fturulmas\u0131n\u0131n \u00f6ncelikli oldu\u011funu belirten G\u00fcler, \u015f\u00f6yle devam etti:<\/p>\n<p>&#8220;Bu kapsamda&nbsp;&nbsp;Muhataplar\u0131m\u0131z\u0131 art\u0131k; miad\u0131 dolmu\u015f, stat\u00fckocu ve provokatif s\u00f6ylemleri bir kenara b\u0131rakarak konuya tarihi ve mevcut ger\u00e7eklere uygun, makul ve mant\u0131kl\u0131 bir \u015fekilde yakla\u015fmaya davet ediyoruz. Milli meselemiz olan bu konuda,&nbsp;K\u0131br\u0131sl\u0131 karde\u015flerimizin me\u015fru \u00e7\u0131karlar\u0131n\u0131 her ko\u015fulda desteklemeye; garanti ve \u0130ttifak Antla\u015fmalar\u0131 do\u011frultusunda Ada&#8217;n\u0131n huzuru, g\u00fcvenli\u011fi ve refah\u0131 i\u00e7in elimizden geleni yapmaya devam edece\u011fiz.&#8221;<\/p>\n<p>&#8211; &#8220;Yap\u0131c\u0131 tavr\u0131n kar\u015f\u0131l\u0131k bulmas\u0131n\u0131 memnuniyetle kar\u015f\u0131l\u0131yoruz&#8221;<\/p>\n<p>&#8220;\u00dclkemizde meydana gelen b\u00fcy\u00fck deprem felaketi sonras\u0131 yap\u0131lan ziyaret ve g\u00f6r\u00fc\u015fmeler sonucunda, kom\u015fumuz Yunanistan ile ili\u015fkilerimizde olumlu bir d\u00f6nem ya\u015f\u0131yoruz.&#8221; diyen G\u00fcler, Yunanistan ile geli\u015fen bu olumlu havan\u0131n devam\u0131na y\u00f6nelik gayretleri, \u00fcst d\u00fczey g\u00f6r\u00fc\u015fmeler ve icra ettikleri toplant\u0131larla s\u00fcrd\u00fcrd\u00fcklerini belirtti. G\u00fcler, \u015f\u00f6yle konu\u015ftu:<\/p>\n<p>&#8220;Amac\u0131m\u0131z; Ege ve Do\u011fu Akdeniz&#8217;deki sorunlar\u0131m\u0131z\u0131 uluslararas\u0131 hukuka, iyi kom\u015fuluk ili\u015fkilerine ve m\u00fcttefiklik ruhuna uygun bir \u015fekilde \u00e7\u00f6z\u00fcme kavu\u015fturmakt\u0131r. Bununla birlikte bar\u0131\u015f\u00e7\u0131l bir \u00e7\u00f6z\u00fcm i\u00e7in \u00e7aba g\u00f6sterirken milli hak ve menfaatlerimizden asla taviz vermeyece\u011fimizi de her zaman ifade ediyoruz. Cumhurba\u015fkan\u0131m\u0131z\u0131n, 7 Aral\u0131k&#8217;taki Atina ziyaretleri kapsam\u0131nda muhataplar\u0131m\u0131zla yapt\u0131\u011f\u0131m\u0131z g\u00f6r\u00fc\u015fmelerde, ortaya koydu\u011fumuz yap\u0131c\u0131 tavr\u0131n kar\u015f\u0131l\u0131k bulmas\u0131n\u0131 memnuniyetle kar\u015f\u0131l\u0131yoruz. \u0130ki \u00fclke aras\u0131nda imzalanan Atina Bildirgesi \u00e7er\u00e7evesinde de iyi kom\u015fuluk ili\u015fkileri, diyalog ve pozitif g\u00fcndemle s\u00fcreci devam ettirmeyi hedefliyoruz.&#8221;<\/p>\n<p>&#8211; &#8220;Kal\u0131c\u0131 bar\u0131\u015f\u0131n tesis edilmesine y\u00f6nelik \u00f6nemli bir f\u0131rsat kap\u0131s\u0131 a\u00e7\u0131lm\u0131\u015ft\u0131r&#8221;<\/p>\n<p>Azerbaycan&#8217;\u0131n, y\u0131llarca i\u015fgal alt\u0131ndaki \u00f6z topra\u011f\u0131 olan Karaba\u011f&#8217;\u0131; &#8220;Vatan Harekat\u0131&#8221;n\u0131 icra ederek i\u015fgalden kurtarmas\u0131na, ge\u00e7ti\u011fimiz aylarda da b\u00f6lgedeki egemenli\u011fini tam anlam\u0131yla tesis etmek i\u00e7in &#8220;Anti-Ter\u00f6r Operasyonu&#8221;nu ba\u015far\u0131yla icra etmesine b\u00fcy\u00fck bir memnuniyetle \u015fahit olduklar\u0131n\u0131 vurgulayan G\u00fcler, &#8220;Art\u0131k, Azerbaycan ve Ermenistan aras\u0131nda, kal\u0131c\u0131 bar\u0131\u015f\u0131n tesis edilmesine y\u00f6nelik \u00f6nemli bir f\u0131rsat kap\u0131s\u0131 a\u00e7\u0131lm\u0131\u015ft\u0131r. Ermenistan\u2019\u0131n da bunun bilincinde olarak hareket etmesi; ba\u015fkalar\u0131yla de\u011fil, kom\u015fular\u0131yla i\u015fbirli\u011fine y\u00f6nelik bir tutum sergilemesi samimi temennimizdir.&#8221; diye konu\u015ftu.<\/p>\n<p>&#8211; &#8220;T\u00fcrk Silahl\u0131 Kuvvetlerimiz, beraber \u00e7al\u0131\u015ft\u0131\u011f\u0131 \u00fclkelerden \u00e7ok olumlu geri d\u00f6n\u00fc\u015fler almaktad\u0131r&#8221;<\/p>\n<p>T\u00fcrkiye&#8217;nin amac\u0131n\u0131n, toprak b\u00fct\u00fcnl\u00fc\u011f\u00fcn\u00fc ve siyasi birli\u011fini sa\u011flam\u0131\u015f, bar\u0131\u015f, huzur ve istikrar i\u00e7erisinde ya\u015fayan &#8220;tek ve birle\u015fik Libya&#8217;n\u0131n olu\u015fumuna katk\u0131da bulunmak&#8221; oldu\u011funu vurgulayan G\u00fcler, Libya&#8217;da bar\u0131\u015f, huzur ve g\u00fcven ortam\u0131n\u0131n olu\u015fmas\u0131 i\u00e7in destek vermeye devam edeceklerini belirtti.<\/p>\n<p>Bakan G\u00fcler, NATO&#8217;nun etkin ve sayg\u0131n bir \u00fcyesi olan T\u00fcrkiye&#8217;nin, ittifaktaki g\u00f6rev ve sorumluklar\u0131n\u0131 eksiksiz yerine getirdi\u011fine i\u015faret etti.<\/p>\n<p>Balkanlar&#8217;daki en b\u00fcy\u00fck NATO Misyonu Kosova G\u00fcc\u00fc (KFOR) Komutanl\u0131\u011f\u0131n\u0131 T\u00fcrkiye&#8217;nin devrald\u0131\u011f\u0131n\u0131 hat\u0131rlatan G\u00fcler, bu g\u00f6revi de ba\u015far\u0131yla s\u00fcrd\u00fcrd\u00fcklerini s\u00f6yledi.<\/p>\n<p>Ya\u015far G\u00fcler, Hava Kuvvetlerinin, NATO Hava Polisli\u011fi g\u00f6revleri kapsam\u0131nda 1 Aral\u0131k&#8217;ta Romanya&#8217;da konu\u015fland\u0131\u011f\u0131n\u0131 ve 4 ay s\u00fcreyle b\u00f6lgede g\u00f6rev yapaca\u011f\u0131n\u0131 ifade ederek, &#8220;NATO nezdinde ald\u0131\u011f\u0131 t\u00fcm g\u00f6revlerde sergiledi\u011fi profesyonel yakla\u015f\u0131m\u0131, yap\u0131c\u0131 tutumu ve muharebe sahas\u0131ndaki tecr\u00fcbesi ile T\u00fcrk Silahl\u0131 Kuvvetlerimiz, beraber \u00e7al\u0131\u015ft\u0131\u011f\u0131 \u00fclkelerden \u00e7ok olumlu geri d\u00f6n\u00fc\u015fler almaktad\u0131r.&#8221; dedi.<\/p>\n<p>Rusya-Ukrayna Sava\u015f\u0131n\u0131 an\u0131msatan G\u00fcler, krize \u00e7\u00f6z\u00fcm bulabilmek i\u00e7in Cumhurba\u015fkan\u0131 Recep Tayyip Erdo\u011fan&#8217;\u0131n liderli\u011finde gayret edildi\u011fini aktard\u0131.<\/p>\n<p>&#8220;T\u00fcrkiye olarak Karadeniz&#8217;de gerginli\u011fi azaltan ve dengeyi sa\u011flayan Montr\u00f6 Bo\u011fazlar S\u00f6zle\u015fmesini dikkatle, sorumlu ve tarafs\u0131z bir bi\u00e7imde uyguluyoruz ve uygulamakta da kararl\u0131y\u0131z.&#8221; diyen G\u00fcler, Karadeniz Tah\u0131l Anla\u015fmas\u0131n\u0131n, yeniden aktif hale gelmesi i\u00e7in giri\u015fimleri s\u00fcrd\u00fcrmeye devam ettiklerini bildirdi.<\/p>\n<p>&#8211; &#8220;225 tondan fazla sa\u011fl\u0131k ve insani yard\u0131m malzemesi b\u00f6lgeye ula\u015ft\u0131r\u0131lm\u0131\u015ft\u0131r&#8221;<\/p>\n<p>T\u00fcrkiye&#8217;nin, \u0130srail&#8217;in sald\u0131r\u0131lar\u0131 alt\u0131ndaki Gazze&#8217;ye g\u00f6nderdi\u011fi yard\u0131mlar\u0131n M\u0131s\u0131r&#8217;a ula\u015ft\u0131r\u0131ld\u0131\u011f\u0131n\u0131 anlatan G\u00fcler, &#8220;Bug\u00fcne kadar, Hava Kuvvetlerimize ait 12 u\u00e7akla, 225 tondan fazla sa\u011fl\u0131k ve insani yard\u0131m malzemesi b\u00f6lgeye ula\u015ft\u0131r\u0131lm\u0131\u015ft\u0131r. 2 sivil gemi ile de 2 bin 162 ton yard\u0131m malzemesi ta\u015f\u0131nm\u0131\u015ft\u0131r. Yine \u00e7o\u011funlu\u011fu acil tedaviye ihtiya\u00e7 duyan Gazzeli karde\u015flerimizden askeri u\u00e7aklar\u0131m\u0131zla T\u00fcrkiye&#8217;ye getirilen hasta say\u0131s\u0131 317&#8217;ye ula\u015fm\u0131\u015ft\u0131r.&#8221; bilgisini payla\u015ft\u0131.<\/p>\n<p>Ya\u015far G\u00fcler, Gazze&#8217;de kad\u0131nlara, \u00e7ocuklara, camilere ve hastanelere yap\u0131lanlar\u0131n, vah\u015fet ve sava\u015f su\u00e7u oldu\u011funu, s\u0131n\u0131r tan\u0131mayan eylemlerin, insanl\u0131k vicdan\u0131n\u0131 s\u0131zlatt\u0131\u011f\u0131n\u0131, b\u00f6lge ve d\u00fcnya bar\u0131\u015f\u0131n\u0131 zehirledi\u011fini belirtti.<\/p>\n<p>Bakan G\u00fcler, F\u0131rat Kalkan\u0131, Zeytin Dal\u0131, Bar\u0131\u015f P\u0131nar\u0131, Bahar Kalkan\u0131 ile Pen\u00e7e Serisi Harekatlar ve di\u011fer operasyonlar ile b\u00f6l\u00fcc\u00fc ter\u00f6r \u00f6rg\u00fct\u00fcn\u00fcn yurt i\u00e7inde bitme noktas\u0131na getirildi\u011fini, s\u0131n\u0131r \u00f6tesinden T\u00fcrkiye&#8217;ye y\u00f6nelik sald\u0131r\u0131lar\u0131n bertaraf edildi\u011fini, s\u0131n\u0131rlarda kurulmak istenen ter\u00f6r koridorunun par\u00e7aland\u0131\u011f\u0131n\u0131 vurgulad\u0131. G\u00fcler, &#8220;\u00dclkemizin ve milletimizin g\u00fcvenli\u011fi i\u00e7in t\u00fcm ter\u00f6r \u00f6rg\u00fctlerine kar\u015f\u0131 verilen bu m\u00fccadelede destans\u0131 ba\u015far\u0131lar kazanan kahraman Mehmet\u00e7i\u011fimiz, ba\u015far\u0131lar\u0131na her ge\u00e7en g\u00fcn yenilerini eklemektedir. Bu kapsamda bu y\u0131l\u0131n ba\u015f\u0131ndan itibaren 2 bin 67 ter\u00f6rist etkisiz hale getirilmi\u015ftir.&#8221; dedi.<\/p>\n","protected":false},"excerpt":{"rendered":"<p>K\u0131br\u0131s&nbsp;meselesinin,&nbsp;K\u0131br\u0131s&nbsp;T\u00fcrk halk\u0131n\u0131n me\u015fru \u00e7\u0131karlar\u0131n\u0131 ve g\u00fcvenli\u011fini teminat alt\u0131na alacak \u015fekilde bir an \u00f6nce \u00e7\u00f6z\u00fcme kavu\u015fturulmas\u0131n\u0131n \u00f6ncelikli oldu\u011funu belirten G\u00fcler, \u015f\u00f6yle devam etti: &#8220;Bu kapsamda&nbsp;&nbsp;Muhataplar\u0131m\u0131z\u0131 art\u0131k; miad\u0131 dolmu\u015f, stat\u00fckocu ve provokatif s\u00f6ylemleri bir kenara b\u0131rakarak konuya tarihi ve mevcut ger\u00e7eklere uygun, makul ve mant\u0131kl\u0131 bir \u015fekilde yakla\u015fmaya davet ediyoruz. Milli meselemiz olan bu konuda,&nbsp;K\u0131br\u0131sl\u0131 karde\u015flerimizin me\u015fru<\/p>\n","protected":false},"author":1,"featured_media":22176,"comment_status":"open","ping_status":"open","sticky":false,"template":"","format":"standard","meta":{"footnotes":""},"categories":[1],"tags":[],"class_list":["post-22175","post","type-post","status-publish","format-standard","has-post-thumbnail","hentry","category-gundem"],"yoast_head":"<!-- This site is optimized with the Yoast SEO plugin v27.5 - https:\/\/yoast.com\/product\/yoast-seo-wordpress\/ -->\n<title>TC Milli Savunma Bakan\u0131 G\u00fcler: K\u0131br\u0131s T\u00fcrk halk\u0131n\u0131n egemen e\u015fitli\u011fi ve e\u015fit uluslararas\u0131 stat\u00fcs\u00fcn\u00fc tescil edilmesi, olmazsa olmaz bir husustur -<\/title>\n<meta name=\"robots\" content=\"index, follow, max-snippet:-1, max-image-preview:large, max-video-preview:-1\" \/>\n<link rel=\"canonical\" href=\"https:\/\/kibrisdakik.com\/?p=22175\" \/>\n<meta property=\"og:locale\" content=\"tr_TR\" \/>\n<meta property=\"og:type\" content=\"article\" \/>\n<meta property=\"og:title\" content=\"TC Milli Savunma Bakan\u0131 G\u00fcler: K\u0131br\u0131s T\u00fcrk halk\u0131n\u0131n egemen e\u015fitli\u011fi ve e\u015fit uluslararas\u0131 stat\u00fcs\u00fcn\u00fc tescil edilmesi, olmazsa olmaz bir husustur -\" \/>\n<meta property=\"og:description\" content=\"K\u0131br\u0131s&nbsp;meselesinin,&nbsp;K\u0131br\u0131s&nbsp;T\u00fcrk halk\u0131n\u0131n me\u015fru \u00e7\u0131karlar\u0131n\u0131 ve g\u00fcvenli\u011fini teminat alt\u0131na alacak \u015fekilde bir an \u00f6nce \u00e7\u00f6z\u00fcme kavu\u015fturulmas\u0131n\u0131n \u00f6ncelikli oldu\u011funu belirten G\u00fcler, \u015f\u00f6yle devam etti: &#8220;Bu kapsamda&nbsp;&nbsp;Muhataplar\u0131m\u0131z\u0131 art\u0131k; miad\u0131 dolmu\u015f, stat\u00fckocu ve provokatif s\u00f6ylemleri bir kenara b\u0131rakarak konuya tarihi ve mevcut ger\u00e7eklere uygun, makul ve mant\u0131kl\u0131 bir \u015fekilde yakla\u015fmaya davet ediyoruz. Milli meselemiz olan bu konuda,&nbsp;K\u0131br\u0131sl\u0131 karde\u015flerimizin me\u015fru\" \/>\n<meta property=\"og:url\" content=\"https:\/\/kibrisdakik.com\/?p=22175\" \/>\n<meta property=\"article:published_time\" content=\"2023-12-14T10:47:24+00:00\" \/>\n<meta property=\"og:image\" content=\"https:\/\/kibrisdakik.com\/wp-content\/uploads\/2023\/12\/tc-milli-savunma-bakani-guler-kibris-turk-halkinin-egemen-esitligi-ve-esit-uluslararasi-statusunu-tescil-edilmesi-olmazsa-olmaz-bir-husustur-1702549879.webp.webp\" \/>\n\t<meta property=\"og:image:width\" content=\"710\" \/>\n\t<meta property=\"og:image:height\" content=\"370\" \/>\n\t<meta property=\"og:image:type\" content=\"image\/webp\" \/>\n<meta name=\"author\" content=\"admin\" \/>\n<meta name=\"twitter:card\" content=\"summary_large_image\" \/>\n<meta name=\"twitter:label1\" content=\"Yazan:\" \/>\n\t<meta name=\"twitter:data1\" content=\"admin\" \/>\n\t<meta name=\"twitter:label2\" content=\"Tahmini okuma s\u00fcresi\" \/>\n\t<meta name=\"twitter:data2\" content=\"5 dakika\" \/>\n<script type=\"application\/ld+json\" class=\"yoast-schema-graph\">{\"@context\":\"https:\\\/\\\/schema.org\",\"@graph\":[{\"@type\":\"Article\",\"@id\":\"https:\\\/\\\/kibrisdakik.com\\\/?p=22175#article\",\"isPartOf\":{\"@id\":\"https:\\\/\\\/kibrisdakik.com\\\/?p=22175\"},\"author\":{\"name\":\"admin\",\"@id\":\"https:\\\/\\\/kibrisdakik.com\\\/#\\\/schema\\\/person\\\/9cd9d437bbb44f72b73ba127e06d8e79\"},\"headline\":\"TC Milli Savunma Bakan\u0131 G\u00fcler: K\u0131br\u0131s T\u00fcrk halk\u0131n\u0131n egemen e\u015fitli\u011fi ve e\u015fit uluslararas\u0131 stat\u00fcs\u00fcn\u00fc tescil edilmesi, olmazsa olmaz bir husustur\",\"datePublished\":\"2023-12-14T10:47:24+00:00\",\"mainEntityOfPage\":{\"@id\":\"https:\\\/\\\/kibrisdakik.com\\\/?p=22175\"},\"wordCount\":1056,\"commentCount\":0,\"image\":{\"@id\":\"https:\\\/\\\/kibrisdakik.com\\\/?p=22175#primaryimage\"},\"thumbnailUrl\":\"https:\\\/\\\/kibrisdakik.com\\\/wp-content\\\/uploads\\\/2023\\\/12\\\/tc-milli-savunma-bakani-guler-kibris-turk-halkinin-egemen-esitligi-ve-esit-uluslararasi-statusunu-tescil-edilmesi-olmazsa-olmaz-bir-husustur-1702549879.webp.webp\",\"articleSection\":[\"G\u00fcndem\"],\"inLanguage\":\"tr\",\"potentialAction\":[{\"@type\":\"CommentAction\",\"name\":\"Comment\",\"target\":[\"https:\\\/\\\/kibrisdakik.com\\\/?p=22175#respond\"]}]},{\"@type\":\"WebPage\",\"@id\":\"https:\\\/\\\/kibrisdakik.com\\\/?p=22175\",\"url\":\"https:\\\/\\\/kibrisdakik.com\\\/?p=22175\",\"name\":\"TC Milli Savunma Bakan\u0131 G\u00fcler: K\u0131br\u0131s T\u00fcrk halk\u0131n\u0131n egemen e\u015fitli\u011fi ve e\u015fit uluslararas\u0131 stat\u00fcs\u00fcn\u00fc tescil edilmesi, olmazsa olmaz bir husustur -\",\"isPartOf\":{\"@id\":\"https:\\\/\\\/kibrisdakik.com\\\/#website\"},\"primaryImageOfPage\":{\"@id\":\"https:\\\/\\\/kibrisdakik.com\\\/?p=22175#primaryimage\"},\"image\":{\"@id\":\"https:\\\/\\\/kibrisdakik.com\\\/?p=22175#primaryimage\"},\"thumbnailUrl\":\"https:\\\/\\\/kibrisdakik.com\\\/wp-content\\\/uploads\\\/2023\\\/12\\\/tc-milli-savunma-bakani-guler-kibris-turk-halkinin-egemen-esitligi-ve-esit-uluslararasi-statusunu-tescil-edilmesi-olmazsa-olmaz-bir-husustur-1702549879.webp.webp\",\"datePublished\":\"2023-12-14T10:47:24+00:00\",\"author\":{\"@id\":\"https:\\\/\\\/kibrisdakik.com\\\/#\\\/schema\\\/person\\\/9cd9d437bbb44f72b73ba127e06d8e79\"},\"breadcrumb\":{\"@id\":\"https:\\\/\\\/kibrisdakik.com\\\/?p=22175#breadcrumb\"},\"inLanguage\":\"tr\",\"potentialAction\":[{\"@type\":\"ReadAction\",\"target\":[\"https:\\\/\\\/kibrisdakik.com\\\/?p=22175\"]}]},{\"@type\":\"ImageObject\",\"inLanguage\":\"tr\",\"@id\":\"https:\\\/\\\/kibrisdakik.com\\\/?p=22175#primaryimage\",\"url\":\"https:\\\/\\\/kibrisdakik.com\\\/wp-content\\\/uploads\\\/2023\\\/12\\\/tc-milli-savunma-bakani-guler-kibris-turk-halkinin-egemen-esitligi-ve-esit-uluslararasi-statusunu-tescil-edilmesi-olmazsa-olmaz-bir-husustur-1702549879.webp.webp\",\"contentUrl\":\"https:\\\/\\\/kibrisdakik.com\\\/wp-content\\\/uploads\\\/2023\\\/12\\\/tc-milli-savunma-bakani-guler-kibris-turk-halkinin-egemen-esitligi-ve-esit-uluslararasi-statusunu-tescil-edilmesi-olmazsa-olmaz-bir-husustur-1702549879.webp.webp\",\"width\":710,\"height\":370},{\"@type\":\"BreadcrumbList\",\"@id\":\"https:\\\/\\\/kibrisdakik.com\\\/?p=22175#breadcrumb\",\"itemListElement\":[{\"@type\":\"ListItem\",\"position\":1,\"name\":\"Home\",\"item\":\"https:\\\/\\\/kibrisdakik.com\\\/\"},{\"@type\":\"ListItem\",\"position\":2,\"name\":\"TC Milli Savunma Bakan\u0131 G\u00fcler: K\u0131br\u0131s T\u00fcrk halk\u0131n\u0131n egemen e\u015fitli\u011fi ve e\u015fit uluslararas\u0131 stat\u00fcs\u00fcn\u00fc tescil edilmesi, olmazsa olmaz bir husustur\"}]},{\"@type\":\"WebSite\",\"@id\":\"https:\\\/\\\/kibrisdakik.com\\\/#website\",\"url\":\"https:\\\/\\\/kibrisdakik.com\\\/\",\"name\":\"\",\"description\":\"Tam vaktinde haber\",\"potentialAction\":[{\"@type\":\"SearchAction\",\"target\":{\"@type\":\"EntryPoint\",\"urlTemplate\":\"https:\\\/\\\/kibrisdakik.com\\\/?s={search_term_string}\"},\"query-input\":{\"@type\":\"PropertyValueSpecification\",\"valueRequired\":true,\"valueName\":\"search_term_string\"}}],\"inLanguage\":\"tr\"},{\"@type\":\"Person\",\"@id\":\"https:\\\/\\\/kibrisdakik.com\\\/#\\\/schema\\\/person\\\/9cd9d437bbb44f72b73ba127e06d8e79\",\"name\":\"admin\",\"image\":{\"@type\":\"ImageObject\",\"inLanguage\":\"tr\",\"@id\":\"https:\\\/\\\/secure.gravatar.com\\\/avatar\\\/ccc17943b9d660506c869530f897617f7cb1c21a4bf30023f252596d83e1f007?s=96&d=mm&r=g\",\"url\":\"https:\\\/\\\/secure.gravatar.com\\\/avatar\\\/ccc17943b9d660506c869530f897617f7cb1c21a4bf30023f252596d83e1f007?s=96&d=mm&r=g\",\"contentUrl\":\"https:\\\/\\\/secure.gravatar.com\\\/avatar\\\/ccc17943b9d660506c869530f897617f7cb1c21a4bf30023f252596d83e1f007?s=96&d=mm&r=g\",\"caption\":\"admin\"},\"sameAs\":[\"https:\\\/\\\/kibrisdakik.com\"],\"url\":\"https:\\\/\\\/kibrisdakik.com\\\/?author=1\"}]}<\/script>\n<!-- \/ Yoast SEO plugin. -->","yoast_head_json":{"title":"TC Milli Savunma Bakan\u0131 G\u00fcler: K\u0131br\u0131s T\u00fcrk halk\u0131n\u0131n egemen e\u015fitli\u011fi ve e\u015fit uluslararas\u0131 stat\u00fcs\u00fcn\u00fc tescil edilmesi, olmazsa olmaz bir husustur -","robots":{"index":"index","follow":"follow","max-snippet":"max-snippet:-1","max-image-preview":"max-image-preview:large","max-video-preview":"max-video-preview:-1"},"canonical":"https:\/\/kibrisdakik.com\/?p=22175","og_locale":"tr_TR","og_type":"article","og_title":"TC Milli Savunma Bakan\u0131 G\u00fcler: K\u0131br\u0131s T\u00fcrk halk\u0131n\u0131n egemen e\u015fitli\u011fi ve e\u015fit uluslararas\u0131 stat\u00fcs\u00fcn\u00fc tescil edilmesi, olmazsa olmaz bir husustur -","og_description":"K\u0131br\u0131s&nbsp;meselesinin,&nbsp;K\u0131br\u0131s&nbsp;T\u00fcrk halk\u0131n\u0131n me\u015fru \u00e7\u0131karlar\u0131n\u0131 ve g\u00fcvenli\u011fini teminat alt\u0131na alacak \u015fekilde bir an \u00f6nce \u00e7\u00f6z\u00fcme kavu\u015fturulmas\u0131n\u0131n \u00f6ncelikli oldu\u011funu belirten G\u00fcler, \u015f\u00f6yle devam etti: &#8220;Bu kapsamda&nbsp;&nbsp;Muhataplar\u0131m\u0131z\u0131 art\u0131k; miad\u0131 dolmu\u015f, stat\u00fckocu ve provokatif s\u00f6ylemleri bir kenara b\u0131rakarak konuya tarihi ve mevcut ger\u00e7eklere uygun, makul ve mant\u0131kl\u0131 bir \u015fekilde yakla\u015fmaya davet ediyoruz. Milli meselemiz olan bu konuda,&nbsp;K\u0131br\u0131sl\u0131 karde\u015flerimizin me\u015fru","og_url":"https:\/\/kibrisdakik.com\/?p=22175","article_published_time":"2023-12-14T10:47:24+00:00","og_image":[{"width":710,"height":370,"url":"https:\/\/kibrisdakik.com\/wp-content\/uploads\/2023\/12\/tc-milli-savunma-bakani-guler-kibris-turk-halkinin-egemen-esitligi-ve-esit-uluslararasi-statusunu-tescil-edilmesi-olmazsa-olmaz-bir-husustur-1702549879.webp.webp","type":"image\/webp"}],"author":"admin","twitter_card":"summary_large_image","twitter_misc":{"Yazan:":"admin","Tahmini okuma s\u00fcresi":"5 dakika"},"schema":{"@context":"https:\/\/schema.org","@graph":[{"@type":"Article","@id":"https:\/\/kibrisdakik.com\/?p=22175#article","isPartOf":{"@id":"https:\/\/kibrisdakik.com\/?p=22175"},"author":{"name":"admin","@id":"https:\/\/kibrisdakik.com\/#\/schema\/person\/9cd9d437bbb44f72b73ba127e06d8e79"},"headline":"TC Milli Savunma Bakan\u0131 G\u00fcler: K\u0131br\u0131s T\u00fcrk halk\u0131n\u0131n egemen e\u015fitli\u011fi ve e\u015fit uluslararas\u0131 stat\u00fcs\u00fcn\u00fc tescil edilmesi, olmazsa olmaz bir husustur","datePublished":"2023-12-14T10:47:24+00:00","mainEntityOfPage":{"@id":"https:\/\/kibrisdakik.com\/?p=22175"},"wordCount":1056,"commentCount":0,"image":{"@id":"https:\/\/kibrisdakik.com\/?p=22175#primaryimage"},"thumbnailUrl":"https:\/\/kibrisdakik.com\/wp-content\/uploads\/2023\/12\/tc-milli-savunma-bakani-guler-kibris-turk-halkinin-egemen-esitligi-ve-esit-uluslararasi-statusunu-tescil-edilmesi-olmazsa-olmaz-bir-husustur-1702549879.webp.webp","articleSection":["G\u00fcndem"],"inLanguage":"tr","potentialAction":[{"@type":"CommentAction","name":"Comment","target":["https:\/\/kibrisdakik.com\/?p=22175#respond"]}]},{"@type":"WebPage","@id":"https:\/\/kibrisdakik.com\/?p=22175","url":"https:\/\/kibrisdakik.com\/?p=22175","name":"TC Milli Savunma Bakan\u0131 G\u00fcler: K\u0131br\u0131s T\u00fcrk halk\u0131n\u0131n egemen e\u015fitli\u011fi ve e\u015fit uluslararas\u0131 stat\u00fcs\u00fcn\u00fc tescil edilmesi, olmazsa olmaz bir husustur -","isPartOf":{"@id":"https:\/\/kibrisdakik.com\/#website"},"primaryImageOfPage":{"@id":"https:\/\/kibrisdakik.com\/?p=22175#primaryimage"},"image":{"@id":"https:\/\/kibrisdakik.com\/?p=22175#primaryimage"},"thumbnailUrl":"https:\/\/kibrisdakik.com\/wp-content\/uploads\/2023\/12\/tc-milli-savunma-bakani-guler-kibris-turk-halkinin-egemen-esitligi-ve-esit-uluslararasi-statusunu-tescil-edilmesi-olmazsa-olmaz-bir-husustur-1702549879.webp.webp","datePublished":"2023-12-14T10:47:24+00:00","author":{"@id":"https:\/\/kibrisdakik.com\/#\/schema\/person\/9cd9d437bbb44f72b73ba127e06d8e79"},"breadcrumb":{"@id":"https:\/\/kibrisdakik.com\/?p=22175#breadcrumb"},"inLanguage":"tr","potentialAction":[{"@type":"ReadAction","target":["https:\/\/kibrisdakik.com\/?p=22175"]}]},{"@type":"ImageObject","inLanguage":"tr","@id":"https:\/\/kibrisdakik.com\/?p=22175#primaryimage","url":"https:\/\/kibrisdakik.com\/wp-content\/uploads\/2023\/12\/tc-milli-savunma-bakani-guler-kibris-turk-halkinin-egemen-esitligi-ve-esit-uluslararasi-statusunu-tescil-edilmesi-olmazsa-olmaz-bir-husustur-1702549879.webp.webp","contentUrl":"https:\/\/kibrisdakik.com\/wp-content\/uploads\/2023\/12\/tc-milli-savunma-bakani-guler-kibris-turk-halkinin-egemen-esitligi-ve-esit-uluslararasi-statusunu-tescil-edilmesi-olmazsa-olmaz-bir-husustur-1702549879.webp.webp","width":710,"height":370},{"@type":"BreadcrumbList","@id":"https:\/\/kibrisdakik.com\/?p=22175#breadcrumb","itemListElement":[{"@type":"ListItem","position":1,"name":"Home","item":"https:\/\/kibrisdakik.com\/"},{"@type":"ListItem","position":2,"name":"TC Milli Savunma Bakan\u0131 G\u00fcler: K\u0131br\u0131s T\u00fcrk halk\u0131n\u0131n egemen e\u015fitli\u011fi ve e\u015fit uluslararas\u0131 stat\u00fcs\u00fcn\u00fc tescil edilmesi, olmazsa olmaz bir husustur"}]},{"@type":"WebSite","@id":"https:\/\/kibrisdakik.com\/#website","url":"https:\/\/kibrisdakik.com\/","name":"","description":"Tam vaktinde haber","potentialAction":[{"@type":"SearchAction","target":{"@type":"EntryPoint","urlTemplate":"https:\/\/kibrisdakik.com\/?s={search_term_string}"},"query-input":{"@type":"PropertyValueSpecification","valueRequired":true,"valueName":"search_term_string"}}],"inLanguage":"tr"},{"@type":"Person","@id":"https:\/\/kibrisdakik.com\/#\/schema\/person\/9cd9d437bbb44f72b73ba127e06d8e79","name":"admin","image":{"@type":"ImageObject","inLanguage":"tr","@id":"https:\/\/secure.gravatar.com\/avatar\/ccc17943b9d660506c869530f897617f7cb1c21a4bf30023f252596d83e1f007?s=96&d=mm&r=g","url":"https:\/\/secure.gravatar.com\/avatar\/ccc17943b9d660506c869530f897617f7cb1c21a4bf30023f252596d83e1f007?s=96&d=mm&r=g","contentUrl":"https:\/\/secure.gravatar.com\/avatar\/ccc17943b9d660506c869530f897617f7cb1c21a4bf30023f252596d83e1f007?s=96&d=mm&r=g","caption":"admin"},"sameAs":["https:\/\/kibrisdakik.com"],"url":"https:\/\/kibrisdakik.com\/?author=1"}]}},"_links":{"self":[{"href":"https:\/\/kibrisdakik.com\/index.php?rest_route=\/wp\/v2\/posts\/22175","targetHints":{"allow":["GET"]}}],"collection":[{"href":"https:\/\/kibrisdakik.com\/index.php?rest_route=\/wp\/v2\/posts"}],"about":[{"href":"https:\/\/kibrisdakik.com\/index.php?rest_route=\/wp\/v2\/types\/post"}],"author":[{"embeddable":true,"href":"https:\/\/kibrisdakik.com\/index.php?rest_route=\/wp\/v2\/users\/1"}],"replies":[{"embeddable":true,"href":"https:\/\/kibrisdakik.com\/index.php?rest_route=%2Fwp%2Fv2%2Fcomments&post=22175"}],"version-history":[{"count":0,"href":"https:\/\/kibrisdakik.com\/index.php?rest_route=\/wp\/v2\/posts\/22175\/revisions"}],"wp:featuredmedia":[{"embeddable":true,"href":"https:\/\/kibrisdakik.com\/index.php?rest_route=\/wp\/v2\/media\/22176"}],"wp:attachment":[{"href":"https:\/\/kibrisdakik.com\/index.php?rest_route=%2Fwp%2Fv2%2Fmedia&parent=22175"}],"wp:term":[{"taxonomy":"category","embeddable":true,"href":"https:\/\/kibrisdakik.com\/index.php?rest_route=%2Fwp%2Fv2%2Fcategories&post=22175"},{"taxonomy":"post_tag","embeddable":true,"href":"https:\/\/kibrisdakik.com\/index.php?rest_route=%2Fwp%2Fv2%2Ftags&post=22175"}],"curies":[{"name":"wp","href":"https:\/\/api.w.org\/{rel}","templated":true}]}}