{"id":22211,"date":"2023-12-14T14:37:54","date_gmt":"2023-12-14T14:37:54","guid":{"rendered":"https:\/\/kibrisdakik.com\/index.php\/2023\/12\/14\/ombudsmana-muhalefet-elestirisi\/"},"modified":"2023-12-14T14:37:54","modified_gmt":"2023-12-14T14:37:54","slug":"ombudsmana-muhalefet-elestirisi","status":"publish","type":"post","link":"https:\/\/kibrisdakik.com\/?p=22211","title":{"rendered":"Ombudsmana muhalefet ele\u015ftirisi&#8230;"},"content":{"rendered":"<p><img decoding=\"async\" src=\"https:\/\/www.kibristurk.com\/images\/haberler\/2023\/12\/ombudsmana-muhalefet-elestirisi-1702563245.webp\" \/><\/p>\n<p><span style=\"font-size:11pt\"><span style=\"background-color:white\"><span style=\"font-family:Calibri,sans-serif\"><span style=\"font-size:13.0pt\"><span style=\"color:black\">&nbsp;Cumhuriyet Meclisi\u2019nde Ombudsman\u2019\u0131n (Y\u00fcksek Y\u00f6netim Denet\u00e7isi) 22 Milyon 727 Bin 500 TL&#8217;lik b\u00fct\u00e7esi \u00fczerine s\u00f6z alan muhalefet milletvekilleri, kurumun &#8220;asli g\u00f6revini yerine getirmedi\u011fi&#8221; ele\u015ftirisinde bulundu.<\/span><\/span><\/span><\/span><\/span><\/p>\n<p><span style=\"font-size:11pt\"><span style=\"background-color:white\"><span style=\"font-family:Calibri,sans-serif\"><span style=\"font-size:13.0pt\"><span style=\"color:black\">-Bar\u00e7\u0131n<\/span><\/span><\/span><\/span><\/span><\/p>\n<p><span style=\"font-size:11pt\"><span style=\"background-color:white\"><span style=\"font-family:Calibri,sans-serif\"><span style=\"font-size:13.0pt\"><span style=\"color:black\">Ombudsman B\u00fct\u00e7esi \u00fczerine ilk s\u00f6z\u00fc alan CTP milletvekili Devrim Bar\u00e7\u0131n, Ombudsman\u0131n her 6 ayda bir Cumhuriyet Meclisi\u2019ne \u00e7al\u0131\u015fmalar\u0131yla ilgili bilgi vermesi gerekti\u011fini s\u00f6yleyerek, 2022\u2019yle ilgili raporun 2 Ekim 2023\u2019te Meclis\u2019e sunuldu\u011funu belirtti.<\/span><\/span><\/span><\/span><\/span><\/p>\n<p><span style=\"font-size:11pt\"><span style=\"background-color:white\"><span style=\"font-family:Calibri,sans-serif\"><span style=\"font-size:13.0pt\"><span style=\"color:black\">Divan \u00fcyesi olarak bu rapordan haberdar olmad\u0131\u011f\u0131n\u0131 da kaydeden Bar\u00e7\u0131n, \u201cRaporu sordum, teknik bir hatadan dolay\u0131 geri g\u00f6nderildi\u011fini \u00f6\u011frendim. 2.5 ayda bu teknik hata d\u00fczeltilmedi mi? 2023 y\u0131l\u0131yla ilgili de ortada tek bir rapor yok\u201d dedi.<\/span><\/span><\/span><\/span><\/span><\/p>\n<p><span style=\"font-size:11pt\"><span style=\"background-color:white\"><span style=\"font-family:Calibri,sans-serif\"><span style=\"font-size:13.0pt\"><span style=\"color:black\">Yerinden s\u00f6z alan \u00c7al\u0131\u015fma ve Sosyal G\u00fcvenlik Bakan\u0131 Sad\u0131k Gardiyano\u011flu, Bar\u00e7\u0131n\u2019\u0131n s\u00f6z\u00fcn\u00fc etti\u011fi raporun Meclis\u2019e yeniden sunuldu\u011funu s\u00f6ylerken, Bar\u00e7\u0131n kendisine bu konuda bilgi verilmedi\u011fini ifade etti.<\/span><\/span><\/span><\/span><\/span><\/p>\n<p><span style=\"font-size:11pt\"><span style=\"background-color:white\"><span style=\"font-family:Calibri,sans-serif\"><span style=\"font-size:13.0pt\"><span style=\"color:black\">Devrim Bar\u00e7\u0131n, Emine Dizdarl\u0131 Ombudsman merciine geldi\u011finde bu kuruma olan g\u00fcvenin \u00fcst seviye \u00e7\u0131kt\u0131\u011f\u0131n\u0131, bunun korunmas\u0131, hatta y\u00fckseltilmesi gerekti\u011fini ifade etti.<\/span><\/span><\/span><\/span><\/span><\/p>\n<p><span style=\"font-size:11pt\"><span style=\"background-color:white\"><span style=\"font-family:Calibri,sans-serif\"><span style=\"font-size:13.0pt\"><span style=\"color:black\">Temas i\u00e7in yurt d\u0131\u015f\u0131na giden Ombudsman\u0131n, haberlerinin yap\u0131lmas\u0131 i\u00e7in T\u00fcrk Ajans\u0131 K\u0131br\u0131s\u2019tan (TAK) iki ki\u015fi g\u00f6t\u00fcrmesini ele\u015ftiren Bar\u00e7\u0131n, yurt d\u0131\u015f\u0131 i\u00e7in TAK\u2019tan bir, Ombudsmandan bir ki\u015fi g\u00f6revlendirilebilece\u011fini s\u00f6yledi.<\/span><\/span><\/span><\/span><\/span><\/p>\n<p><span style=\"font-size:11pt\"><span style=\"background-color:white\"><span style=\"font-family:Calibri,sans-serif\"><span style=\"font-size:13.0pt\"><span style=\"color:black\">Yerinden s\u00f6z alan Enerji Bakan\u0131 Olgun Amcao\u011flu, Bar\u00e7\u0131n\u2019\u0131n bu yakla\u015f\u0131m\u0131n\u0131 do\u011fru bulmad\u0131\u011f\u0131n\u0131 s\u00f6yledi.<\/span><\/span><\/span><\/span><\/span><\/p>\n<p><span style=\"font-size:11pt\"><span style=\"background-color:white\"><span style=\"font-family:Calibri,sans-serif\"><span style=\"font-size:13.0pt\"><span style=\"color:black\">CTP milletvekili Do\u011fu\u015f Derya da yerinden s\u00f6z alarak, yurt d\u0131\u015f\u0131nda temsilcilikler varken, daha g\u00f6r\u00fcn\u00fcr olma konusunda buradan destek al\u0131nabilece\u011fini kaydetti.<\/span><\/span><\/span><\/span><\/span><\/p>\n<p><span style=\"font-size:11pt\"><span style=\"background-color:white\"><span style=\"font-family:Calibri,sans-serif\"><span style=\"font-size:13.0pt\"><span style=\"color:black\">-Solyal\u0131<\/span><\/span><\/span><\/span><\/span><\/p>\n<p><span style=\"font-size:11pt\"><span style=\"background-color:white\"><span style=\"font-family:Calibri,sans-serif\"><span style=\"font-size:13.0pt\"><span style=\"color:black\">CTP milletvekili \u00dcr\u00fcn Solyal\u0131 da Genel Kurulda b\u00fct\u00e7e \u00fczerine s\u00f6z ald\u0131.<\/span><\/span><\/span><\/span><\/span><\/p>\n<p><span style=\"font-size:11pt\"><span style=\"background-color:white\"><span style=\"font-family:Calibri,sans-serif\"><span style=\"font-size:13.0pt\"><span style=\"color:black\">Solyal\u0131, ba\u011f\u0131ms\u0131z denetim kurumlar\u0131n\u0131 \u00f6nemsediklerini, bunun i\u00e7in hem ele\u015ftiri hem de \u00f6neri ortaya koyduklar\u0131n\u0131 ifade ederek, \u201cHi\u00e7birimizin bu kurumun ba\u011f\u0131ms\u0131zl\u0131\u011f\u0131n\u0131 ve itibar\u0131n\u0131 zedeleme amac\u0131 olamaz\u201d dedi.<\/span><\/span><\/span><\/span><\/span><\/p>\n<p><span style=\"font-size:11pt\"><span style=\"background-color:white\"><span style=\"font-family:Calibri,sans-serif\"><span style=\"font-size:13.0pt\"><span style=\"color:black\">\u201cBu h\u00fck\u00fcmet denetlenmeyi reddediyor, karart\u0131yor\u201d \u015feklinde konu\u015fan Solyal\u0131, ba\u011f\u0131ms\u0131z denet\u00e7ilere b\u00fct\u00e7ede ayr\u0131lan rakamlar\u0131 \u201c\u00e7erez paras\u0131\u201d diye niteledi.<\/span><\/span><\/span><\/span><\/span><\/p>\n<p><span style=\"font-size:11pt\"><span style=\"background-color:white\"><span style=\"font-family:Calibri,sans-serif\"><span style=\"font-size:13.0pt\"><span style=\"color:black\">Solyal\u0131, Ombudsmana genel b\u00fct\u00e7eden y\u00fczde 0,3, Say\u0131\u015ftayl\u0131\u011fa y\u00fczde 0,1, Mahkemelere y\u00fczde 0,6, Din \u0130\u015fleri Ba\u015fkanl\u0131\u011f\u0131\u2019na ise y\u00fczde 2\u2019ye yak\u0131n pay ayr\u0131ld\u0131\u011f\u0131n\u0131 s\u00f6yleyerek, \u201cH\u00fck\u00fcmetin ilahi adalete hukuktan daha \u00e7ok g\u00fcvendi\u011fine dair bir imaj var\u201d \u015feklinde konu\u015ftu.<\/span><\/span><\/span><\/span><\/span><\/p>\n<p><span style=\"font-size:11pt\"><span style=\"background-color:white\"><span style=\"font-family:Calibri,sans-serif\"><span style=\"font-size:13.0pt\"><span style=\"color:black\">\u00dcr\u00fcn Solyal\u0131, ilgili yasan\u0131n Ombudsmana b\u00fcy\u00fck sorumluluk ve yetki verdi\u011fini kaydederek, \u201c\u0130darenin bu kadar hukuka ayk\u0131r\u0131 i\u015flem yapt\u0131\u011f\u0131 bir d\u00f6nemde Ombudsman ba\u011f\u0131r ba\u011f\u0131r ba\u011f\u0131rm\u0131yor, raporlar\u0131 g\u00f6z\u00fcm\u00fcz\u00fcn i\u00e7ine sokmuyor\u2026 Bunu yapmad\u0131\u011f\u0131n\u0131z\u0131 \u00fcz\u00fclerek g\u00f6r\u00fcyoruz\u201d dedi.<\/span><\/span><\/span><\/span><\/span><\/p>\n<p><span style=\"font-size:11pt\"><span style=\"background-color:white\"><span style=\"font-family:Calibri,sans-serif\"><span style=\"font-size:13.0pt\"><span style=\"color:black\">\u0130nsan Haklar\u0131 Platformu\u2019nun raporlar\u0131na i\u015faret eden \u00dcr\u00fcn Solyal\u0131, \u201cBu raporlarda ifade \u00f6zg\u00fcrl\u00fc\u011f\u00fcne, i\u015fkence yasa\u011f\u0131na, d\u00fc\u015f\u00fcnce \u00f6zg\u00fcrl\u00fc\u011f\u00fcne, LGBT+ ve \u00e7ocuk haklar\u0131na ayk\u0131r\u0131 hareket edildi\u011fiyle ilgili tespitler var, bu \u00fclkede ciddi yolsuzluk oldu\u011fuyla ilgili tespitler var. Ombudsman bunlar\u0131n pe\u015fine d\u00fc\u015fmek zorundad\u0131r\u201d \u015feklinde konu\u015ftu.<\/span><\/span><\/span><\/span><\/span><\/p>\n<p><span style=\"font-size:11pt\"><span style=\"background-color:white\"><span style=\"font-family:Calibri,sans-serif\"><span style=\"font-size:13.0pt\"><span style=\"color:black\">-\u015ean<\/span><\/span><\/span><\/span><\/span><\/p>\n<p><span style=\"font-size:11pt\"><span style=\"background-color:white\"><span style=\"font-family:Calibri,sans-serif\"><span style=\"font-size:13.0pt\"><span style=\"color:black\">UBP milletvekili Ali\u015fan \u015ean da Genel Kurul\u2019da s\u00f6z alarak, &nbsp;2024 b\u00fct\u00e7esinin hay\u0131rl\u0131 olmas\u0131n\u0131 diledi, b\u00fct\u00e7enin haz\u0131rlanmas\u0131na b\u00fcy\u00fck emek verildi\u011fini kaydederek, katk\u0131 sa\u011flayanlara te\u015fekk\u00fcr etti.<\/span><\/span><\/span><\/span><\/span><\/p>\n<p><span style=\"font-size:11pt\"><span style=\"background-color:white\"><span style=\"font-family:Calibri,sans-serif\"><span style=\"font-size:13.0pt\"><span style=\"color:black\">\u015ean, yakla\u015f\u0131k 13 ay Maliye Bakanl\u0131\u011f\u0131 yapt\u0131\u011f\u0131n\u0131, \u015fu anda ise Ekonomi komitesinde g\u00f6rev yapt\u0131\u011f\u0131n\u0131 ifade ederek, yap\u0131c\u0131 ele\u015ftirileri her zaman dikkate ald\u0131\u011f\u0131n\u0131 s\u00f6yledi.<\/span><\/span><\/span><\/span><\/span><\/p>\n<p><span style=\"font-size:11pt\"><span style=\"background-color:white\"><span style=\"font-family:Calibri,sans-serif\"><span style=\"font-size:13.0pt\"><span style=\"color:black\">B\u00fct\u00e7e g\u00f6r\u00fc\u015fmelerindeki ele\u015ftirilere i\u015faret eden \u015ean, Maliye Bakan\u0131 Berova\u2019dan \u00f6zellikle Anayasal kurumlar\u0131n b\u00fct\u00e7esel sorunlar\u0131n\u0131n \u00e7\u00f6z\u00fclece\u011fine dair s\u00f6z al\u0131nd\u0131\u011f\u0131n\u0131 belirtti.<\/span><\/span><\/span><\/span><\/span><\/p>\n<p><span style=\"font-size:11pt\"><span style=\"background-color:white\"><span style=\"font-family:Calibri,sans-serif\"><span style=\"font-size:13.0pt\"><span style=\"color:black\">\u015ean, muhalefet milletvekillerine hitaben \u201cBu kurumlar\u0131n itibar\u0131n\u0131 d\u00fc\u015f\u00fcrmemeniz gerek ama serzeni\u015flerinizi yerinde buluyorum\u201d dedi.<\/span><\/span><\/span><\/span><\/span><\/p>\n<p><span style=\"font-size:11pt\"><span style=\"background-color:white\"><span style=\"font-family:Calibri,sans-serif\"><span style=\"font-size:13.0pt\"><span style=\"color:black\">Komitede s\u00f6z alan milletvekillerinin \u00f6zellikle kadro eksikli\u011fi ve Ombudsmandaki b\u00fct\u00e7e yetersizli\u011fi \u00fczerine durdu\u011funu ifade eden \u015ean, \u201cEvet bu konuda s\u0131k\u0131nt\u0131 var. Evet, yolluk kalemlerinde art\u0131\u015f var ama g\u00f6r\u00fcn\u00fcrl\u00fckte de art\u0131\u015f var\u201d \u015feklinde konu\u015ftu.<\/span><\/span><\/span><\/span><\/span><\/p>\n<p><span style=\"font-size:11pt\"><span style=\"background-color:white\"><span style=\"font-family:Calibri,sans-serif\"><span style=\"font-size:13.0pt\"><span style=\"color:black\">Dubai\u2019deki toplant\u0131yla ilgili TAK yay\u0131nlar\u0131n\u0131n Ombudsmanlar dergisinde yer ald\u0131\u011f\u0131n\u0131, bunu \u00f6\u011frenmekten mutluluk duydu\u011funu ifade eden \u015ean, TAK\u2019\u0131n g\u00f6r\u00fcnt\u00fclerinin di\u011fer ombudsmanlarla da payla\u015f\u0131ld\u0131\u011f\u0131n\u0131, bunun bile iyi ili\u015fkiler i\u00e7in zemin olu\u015fturdu\u011funu kaydetti.<\/span><\/span><\/span><\/span><\/span><\/p>\n<p><span style=\"font-size:11pt\"><span style=\"background-color:white\"><span style=\"font-family:Calibri,sans-serif\"><span style=\"font-size:13.0pt\"><span style=\"color:black\">\u015ean, Ombudsman\u0131n kadro yasas\u0131n\u0131n yak\u0131n bir zamanda Meclis\u2019e gelece\u011fini de s\u00f6yleyerek, kurumda hukuk\u00e7u, bili\u015fimci, ileti\u015fimci olmad\u0131\u011f\u0131n\u0131, k\u0131sa vadede sorunu \u00e7\u00f6zebilmek i\u00e7in s\u00f6zle\u015fmeli personel almak istediklerini ancak bunun yap\u0131lamad\u0131\u011f\u0131n\u0131 s\u00f6yledi.<\/span><\/span><\/span><\/span><\/span><\/p>\n<p><span style=\"font-size:11pt\"><span style=\"background-color:white\"><span style=\"font-family:Calibri,sans-serif\"><span style=\"font-size:13.0pt\"><span style=\"color:black\">\u015ean, Ombudsman\u0131n 57 dosyada idare ile isti\u015fare kurdu\u011funu da belirterek, \u201c\u0130lk hedef raporlama yapmaktan ziyade vatanda\u015fla idare aras\u0131ndaki sorunlar\u0131 \u00e7\u00f6zebilme olmal\u0131\u201d dedi.<\/span><\/span><\/span><\/span><\/span><\/p>\n<p><span style=\"font-size:11pt\"><span style=\"background-color:white\"><span style=\"font-family:Calibri,sans-serif\"><span style=\"font-size:13.0pt\"><span style=\"color:black\">\u015ean\u2019\u0131n bu a\u00e7\u0131klamas\u0131na muhalefet milletvekillerinden ele\u015ftiri geldi.<\/span><\/span><\/span><\/span><\/span><\/p>\n<p>&nbsp;<\/p>\n","protected":false},"excerpt":{"rendered":"<p>&nbsp;Cumhuriyet Meclisi\u2019nde Ombudsman\u2019\u0131n (Y\u00fcksek Y\u00f6netim Denet\u00e7isi) 22 Milyon 727 Bin 500 TL&#8217;lik b\u00fct\u00e7esi \u00fczerine s\u00f6z alan muhalefet milletvekilleri, kurumun &#8220;asli g\u00f6revini yerine getirmedi\u011fi&#8221; ele\u015ftirisinde bulundu. -Bar\u00e7\u0131n Ombudsman B\u00fct\u00e7esi \u00fczerine ilk s\u00f6z\u00fc alan CTP milletvekili Devrim Bar\u00e7\u0131n, Ombudsman\u0131n her 6 ayda bir Cumhuriyet Meclisi\u2019ne \u00e7al\u0131\u015fmalar\u0131yla ilgili bilgi vermesi gerekti\u011fini s\u00f6yleyerek, 2022\u2019yle ilgili raporun 2 Ekim 2023\u2019te<\/p>\n","protected":false},"author":1,"featured_media":22212,"comment_status":"open","ping_status":"open","sticky":false,"template":"","format":"standard","meta":{"footnotes":""},"categories":[86],"tags":[],"class_list":["post-22211","post","type-post","status-publish","format-standard","has-post-thumbnail","hentry","category-turkiye"],"yoast_head":"<!-- This site is optimized with the Yoast SEO plugin v27.5 - https:\/\/yoast.com\/product\/yoast-seo-wordpress\/ -->\n<title>Ombudsmana muhalefet ele\u015ftirisi... -<\/title>\n<meta name=\"robots\" content=\"index, follow, max-snippet:-1, max-image-preview:large, max-video-preview:-1\" \/>\n<link rel=\"canonical\" href=\"https:\/\/kibrisdakik.com\/?p=22211\" \/>\n<meta property=\"og:locale\" content=\"tr_TR\" \/>\n<meta property=\"og:type\" content=\"article\" \/>\n<meta property=\"og:title\" content=\"Ombudsmana muhalefet ele\u015ftirisi... -\" \/>\n<meta property=\"og:description\" content=\"&nbsp;Cumhuriyet Meclisi\u2019nde Ombudsman\u2019\u0131n (Y\u00fcksek Y\u00f6netim Denet\u00e7isi) 22 Milyon 727 Bin 500 TL&#8217;lik b\u00fct\u00e7esi \u00fczerine s\u00f6z alan muhalefet milletvekilleri, kurumun &#8220;asli g\u00f6revini yerine getirmedi\u011fi&#8221; ele\u015ftirisinde bulundu. -Bar\u00e7\u0131n Ombudsman B\u00fct\u00e7esi \u00fczerine ilk s\u00f6z\u00fc alan CTP milletvekili Devrim Bar\u00e7\u0131n, Ombudsman\u0131n her 6 ayda bir Cumhuriyet Meclisi\u2019ne \u00e7al\u0131\u015fmalar\u0131yla ilgili bilgi vermesi gerekti\u011fini s\u00f6yleyerek, 2022\u2019yle ilgili raporun 2 Ekim 2023\u2019te\" \/>\n<meta property=\"og:url\" content=\"https:\/\/kibrisdakik.com\/?p=22211\" \/>\n<meta property=\"article:published_time\" content=\"2023-12-14T14:37:54+00:00\" \/>\n<meta property=\"og:image\" content=\"https:\/\/kibrisdakik.com\/wp-content\/uploads\/2023\/12\/ombudsmana-muhalefet-elestirisi-1702563245.webp.webp\" \/>\n\t<meta property=\"og:image:width\" content=\"710\" \/>\n\t<meta property=\"og:image:height\" content=\"370\" \/>\n\t<meta property=\"og:image:type\" content=\"image\/webp\" \/>\n<meta name=\"author\" content=\"admin\" \/>\n<meta name=\"twitter:card\" content=\"summary_large_image\" \/>\n<meta name=\"twitter:label1\" content=\"Yazan:\" \/>\n\t<meta name=\"twitter:data1\" content=\"admin\" \/>\n\t<meta name=\"twitter:label2\" content=\"Tahmini okuma s\u00fcresi\" \/>\n\t<meta name=\"twitter:data2\" content=\"4 dakika\" \/>\n<script type=\"application\/ld+json\" class=\"yoast-schema-graph\">{\"@context\":\"https:\\\/\\\/schema.org\",\"@graph\":[{\"@type\":\"Article\",\"@id\":\"https:\\\/\\\/kibrisdakik.com\\\/?p=22211#article\",\"isPartOf\":{\"@id\":\"https:\\\/\\\/kibrisdakik.com\\\/?p=22211\"},\"author\":{\"name\":\"admin\",\"@id\":\"https:\\\/\\\/kibrisdakik.com\\\/#\\\/schema\\\/person\\\/9cd9d437bbb44f72b73ba127e06d8e79\"},\"headline\":\"Ombudsmana muhalefet ele\u015ftirisi&#8230;\",\"datePublished\":\"2023-12-14T14:37:54+00:00\",\"mainEntityOfPage\":{\"@id\":\"https:\\\/\\\/kibrisdakik.com\\\/?p=22211\"},\"wordCount\":842,\"commentCount\":0,\"image\":{\"@id\":\"https:\\\/\\\/kibrisdakik.com\\\/?p=22211#primaryimage\"},\"thumbnailUrl\":\"https:\\\/\\\/kibrisdakik.com\\\/wp-content\\\/uploads\\\/2023\\\/12\\\/ombudsmana-muhalefet-elestirisi-1702563245.webp.webp\",\"articleSection\":[\"T\u00fcrkiye\"],\"inLanguage\":\"tr\",\"potentialAction\":[{\"@type\":\"CommentAction\",\"name\":\"Comment\",\"target\":[\"https:\\\/\\\/kibrisdakik.com\\\/?p=22211#respond\"]}]},{\"@type\":\"WebPage\",\"@id\":\"https:\\\/\\\/kibrisdakik.com\\\/?p=22211\",\"url\":\"https:\\\/\\\/kibrisdakik.com\\\/?p=22211\",\"name\":\"Ombudsmana muhalefet ele\u015ftirisi... -\",\"isPartOf\":{\"@id\":\"https:\\\/\\\/kibrisdakik.com\\\/#website\"},\"primaryImageOfPage\":{\"@id\":\"https:\\\/\\\/kibrisdakik.com\\\/?p=22211#primaryimage\"},\"image\":{\"@id\":\"https:\\\/\\\/kibrisdakik.com\\\/?p=22211#primaryimage\"},\"thumbnailUrl\":\"https:\\\/\\\/kibrisdakik.com\\\/wp-content\\\/uploads\\\/2023\\\/12\\\/ombudsmana-muhalefet-elestirisi-1702563245.webp.webp\",\"datePublished\":\"2023-12-14T14:37:54+00:00\",\"author\":{\"@id\":\"https:\\\/\\\/kibrisdakik.com\\\/#\\\/schema\\\/person\\\/9cd9d437bbb44f72b73ba127e06d8e79\"},\"breadcrumb\":{\"@id\":\"https:\\\/\\\/kibrisdakik.com\\\/?p=22211#breadcrumb\"},\"inLanguage\":\"tr\",\"potentialAction\":[{\"@type\":\"ReadAction\",\"target\":[\"https:\\\/\\\/kibrisdakik.com\\\/?p=22211\"]}]},{\"@type\":\"ImageObject\",\"inLanguage\":\"tr\",\"@id\":\"https:\\\/\\\/kibrisdakik.com\\\/?p=22211#primaryimage\",\"url\":\"https:\\\/\\\/kibrisdakik.com\\\/wp-content\\\/uploads\\\/2023\\\/12\\\/ombudsmana-muhalefet-elestirisi-1702563245.webp.webp\",\"contentUrl\":\"https:\\\/\\\/kibrisdakik.com\\\/wp-content\\\/uploads\\\/2023\\\/12\\\/ombudsmana-muhalefet-elestirisi-1702563245.webp.webp\",\"width\":710,\"height\":370},{\"@type\":\"BreadcrumbList\",\"@id\":\"https:\\\/\\\/kibrisdakik.com\\\/?p=22211#breadcrumb\",\"itemListElement\":[{\"@type\":\"ListItem\",\"position\":1,\"name\":\"Home\",\"item\":\"https:\\\/\\\/kibrisdakik.com\\\/\"},{\"@type\":\"ListItem\",\"position\":2,\"name\":\"Ombudsmana muhalefet ele\u015ftirisi&#8230;\"}]},{\"@type\":\"WebSite\",\"@id\":\"https:\\\/\\\/kibrisdakik.com\\\/#website\",\"url\":\"https:\\\/\\\/kibrisdakik.com\\\/\",\"name\":\"\",\"description\":\"Tam vaktinde haber\",\"potentialAction\":[{\"@type\":\"SearchAction\",\"target\":{\"@type\":\"EntryPoint\",\"urlTemplate\":\"https:\\\/\\\/kibrisdakik.com\\\/?s={search_term_string}\"},\"query-input\":{\"@type\":\"PropertyValueSpecification\",\"valueRequired\":true,\"valueName\":\"search_term_string\"}}],\"inLanguage\":\"tr\"},{\"@type\":\"Person\",\"@id\":\"https:\\\/\\\/kibrisdakik.com\\\/#\\\/schema\\\/person\\\/9cd9d437bbb44f72b73ba127e06d8e79\",\"name\":\"admin\",\"image\":{\"@type\":\"ImageObject\",\"inLanguage\":\"tr\",\"@id\":\"https:\\\/\\\/secure.gravatar.com\\\/avatar\\\/ccc17943b9d660506c869530f897617f7cb1c21a4bf30023f252596d83e1f007?s=96&d=mm&r=g\",\"url\":\"https:\\\/\\\/secure.gravatar.com\\\/avatar\\\/ccc17943b9d660506c869530f897617f7cb1c21a4bf30023f252596d83e1f007?s=96&d=mm&r=g\",\"contentUrl\":\"https:\\\/\\\/secure.gravatar.com\\\/avatar\\\/ccc17943b9d660506c869530f897617f7cb1c21a4bf30023f252596d83e1f007?s=96&d=mm&r=g\",\"caption\":\"admin\"},\"sameAs\":[\"https:\\\/\\\/kibrisdakik.com\"],\"url\":\"https:\\\/\\\/kibrisdakik.com\\\/?author=1\"}]}<\/script>\n<!-- \/ Yoast SEO plugin. -->","yoast_head_json":{"title":"Ombudsmana muhalefet ele\u015ftirisi... -","robots":{"index":"index","follow":"follow","max-snippet":"max-snippet:-1","max-image-preview":"max-image-preview:large","max-video-preview":"max-video-preview:-1"},"canonical":"https:\/\/kibrisdakik.com\/?p=22211","og_locale":"tr_TR","og_type":"article","og_title":"Ombudsmana muhalefet ele\u015ftirisi... -","og_description":"&nbsp;Cumhuriyet Meclisi\u2019nde Ombudsman\u2019\u0131n (Y\u00fcksek Y\u00f6netim Denet\u00e7isi) 22 Milyon 727 Bin 500 TL&#8217;lik b\u00fct\u00e7esi \u00fczerine s\u00f6z alan muhalefet milletvekilleri, kurumun &#8220;asli g\u00f6revini yerine getirmedi\u011fi&#8221; ele\u015ftirisinde bulundu. -Bar\u00e7\u0131n Ombudsman B\u00fct\u00e7esi \u00fczerine ilk s\u00f6z\u00fc alan CTP milletvekili Devrim Bar\u00e7\u0131n, Ombudsman\u0131n her 6 ayda bir Cumhuriyet Meclisi\u2019ne \u00e7al\u0131\u015fmalar\u0131yla ilgili bilgi vermesi gerekti\u011fini s\u00f6yleyerek, 2022\u2019yle ilgili raporun 2 Ekim 2023\u2019te","og_url":"https:\/\/kibrisdakik.com\/?p=22211","article_published_time":"2023-12-14T14:37:54+00:00","og_image":[{"width":710,"height":370,"url":"https:\/\/kibrisdakik.com\/wp-content\/uploads\/2023\/12\/ombudsmana-muhalefet-elestirisi-1702563245.webp.webp","type":"image\/webp"}],"author":"admin","twitter_card":"summary_large_image","twitter_misc":{"Yazan:":"admin","Tahmini okuma s\u00fcresi":"4 dakika"},"schema":{"@context":"https:\/\/schema.org","@graph":[{"@type":"Article","@id":"https:\/\/kibrisdakik.com\/?p=22211#article","isPartOf":{"@id":"https:\/\/kibrisdakik.com\/?p=22211"},"author":{"name":"admin","@id":"https:\/\/kibrisdakik.com\/#\/schema\/person\/9cd9d437bbb44f72b73ba127e06d8e79"},"headline":"Ombudsmana muhalefet ele\u015ftirisi&#8230;","datePublished":"2023-12-14T14:37:54+00:00","mainEntityOfPage":{"@id":"https:\/\/kibrisdakik.com\/?p=22211"},"wordCount":842,"commentCount":0,"image":{"@id":"https:\/\/kibrisdakik.com\/?p=22211#primaryimage"},"thumbnailUrl":"https:\/\/kibrisdakik.com\/wp-content\/uploads\/2023\/12\/ombudsmana-muhalefet-elestirisi-1702563245.webp.webp","articleSection":["T\u00fcrkiye"],"inLanguage":"tr","potentialAction":[{"@type":"CommentAction","name":"Comment","target":["https:\/\/kibrisdakik.com\/?p=22211#respond"]}]},{"@type":"WebPage","@id":"https:\/\/kibrisdakik.com\/?p=22211","url":"https:\/\/kibrisdakik.com\/?p=22211","name":"Ombudsmana muhalefet ele\u015ftirisi... -","isPartOf":{"@id":"https:\/\/kibrisdakik.com\/#website"},"primaryImageOfPage":{"@id":"https:\/\/kibrisdakik.com\/?p=22211#primaryimage"},"image":{"@id":"https:\/\/kibrisdakik.com\/?p=22211#primaryimage"},"thumbnailUrl":"https:\/\/kibrisdakik.com\/wp-content\/uploads\/2023\/12\/ombudsmana-muhalefet-elestirisi-1702563245.webp.webp","datePublished":"2023-12-14T14:37:54+00:00","author":{"@id":"https:\/\/kibrisdakik.com\/#\/schema\/person\/9cd9d437bbb44f72b73ba127e06d8e79"},"breadcrumb":{"@id":"https:\/\/kibrisdakik.com\/?p=22211#breadcrumb"},"inLanguage":"tr","potentialAction":[{"@type":"ReadAction","target":["https:\/\/kibrisdakik.com\/?p=22211"]}]},{"@type":"ImageObject","inLanguage":"tr","@id":"https:\/\/kibrisdakik.com\/?p=22211#primaryimage","url":"https:\/\/kibrisdakik.com\/wp-content\/uploads\/2023\/12\/ombudsmana-muhalefet-elestirisi-1702563245.webp.webp","contentUrl":"https:\/\/kibrisdakik.com\/wp-content\/uploads\/2023\/12\/ombudsmana-muhalefet-elestirisi-1702563245.webp.webp","width":710,"height":370},{"@type":"BreadcrumbList","@id":"https:\/\/kibrisdakik.com\/?p=22211#breadcrumb","itemListElement":[{"@type":"ListItem","position":1,"name":"Home","item":"https:\/\/kibrisdakik.com\/"},{"@type":"ListItem","position":2,"name":"Ombudsmana muhalefet ele\u015ftirisi&#8230;"}]},{"@type":"WebSite","@id":"https:\/\/kibrisdakik.com\/#website","url":"https:\/\/kibrisdakik.com\/","name":"","description":"Tam vaktinde haber","potentialAction":[{"@type":"SearchAction","target":{"@type":"EntryPoint","urlTemplate":"https:\/\/kibrisdakik.com\/?s={search_term_string}"},"query-input":{"@type":"PropertyValueSpecification","valueRequired":true,"valueName":"search_term_string"}}],"inLanguage":"tr"},{"@type":"Person","@id":"https:\/\/kibrisdakik.com\/#\/schema\/person\/9cd9d437bbb44f72b73ba127e06d8e79","name":"admin","image":{"@type":"ImageObject","inLanguage":"tr","@id":"https:\/\/secure.gravatar.com\/avatar\/ccc17943b9d660506c869530f897617f7cb1c21a4bf30023f252596d83e1f007?s=96&d=mm&r=g","url":"https:\/\/secure.gravatar.com\/avatar\/ccc17943b9d660506c869530f897617f7cb1c21a4bf30023f252596d83e1f007?s=96&d=mm&r=g","contentUrl":"https:\/\/secure.gravatar.com\/avatar\/ccc17943b9d660506c869530f897617f7cb1c21a4bf30023f252596d83e1f007?s=96&d=mm&r=g","caption":"admin"},"sameAs":["https:\/\/kibrisdakik.com"],"url":"https:\/\/kibrisdakik.com\/?author=1"}]}},"_links":{"self":[{"href":"https:\/\/kibrisdakik.com\/index.php?rest_route=\/wp\/v2\/posts\/22211","targetHints":{"allow":["GET"]}}],"collection":[{"href":"https:\/\/kibrisdakik.com\/index.php?rest_route=\/wp\/v2\/posts"}],"about":[{"href":"https:\/\/kibrisdakik.com\/index.php?rest_route=\/wp\/v2\/types\/post"}],"author":[{"embeddable":true,"href":"https:\/\/kibrisdakik.com\/index.php?rest_route=\/wp\/v2\/users\/1"}],"replies":[{"embeddable":true,"href":"https:\/\/kibrisdakik.com\/index.php?rest_route=%2Fwp%2Fv2%2Fcomments&post=22211"}],"version-history":[{"count":0,"href":"https:\/\/kibrisdakik.com\/index.php?rest_route=\/wp\/v2\/posts\/22211\/revisions"}],"wp:featuredmedia":[{"embeddable":true,"href":"https:\/\/kibrisdakik.com\/index.php?rest_route=\/wp\/v2\/media\/22212"}],"wp:attachment":[{"href":"https:\/\/kibrisdakik.com\/index.php?rest_route=%2Fwp%2Fv2%2Fmedia&parent=22211"}],"wp:term":[{"taxonomy":"category","embeddable":true,"href":"https:\/\/kibrisdakik.com\/index.php?rest_route=%2Fwp%2Fv2%2Fcategories&post=22211"},{"taxonomy":"post_tag","embeddable":true,"href":"https:\/\/kibrisdakik.com\/index.php?rest_route=%2Fwp%2Fv2%2Ftags&post=22211"}],"curies":[{"name":"wp","href":"https:\/\/api.w.org\/{rel}","templated":true}]}}