{"id":22225,"date":"2023-12-14T15:52:55","date_gmt":"2023-12-14T15:52:55","guid":{"rendered":"https:\/\/kibrisdakik.com\/index.php\/2023\/12\/14\/lau-akademisyeni-gilanliogullari-zihinsel-engellilik-ve-fiziksel-aktivite-konusuna-degindi\/"},"modified":"2023-12-14T15:52:55","modified_gmt":"2023-12-14T15:52:55","slug":"lau-akademisyeni-gilanliogullari-zihinsel-engellilik-ve-fiziksel-aktivite-konusuna-degindi","status":"publish","type":"post","link":"https:\/\/kibrisdakik.com\/?p=22225","title":{"rendered":"LA\u00dc Akademisyeni Gilanl\u0131o\u011fullar\u0131, \u201cZihinsel Engellilik ve Fiziksel Aktivite\u201d konusuna de\u011findi"},"content":{"rendered":"<p><img decoding=\"async\" src=\"https:\/\/www.kibristurk.com\/images\/haberler\/2023\/12\/lau-akademisyeni-gilanliogullari-zihinsel-engellilik-ve-fiziksel-aktivite-konusuna-degindi-1702562391.webp\" \/><\/p>\n<p style=\"text-align:justify\"><span style=\"font-size:12pt\"><span style=\",serif\">Lefke Avrupa \u00dcniversitesi (LA\u00dc) Sa\u011fl\u0131k Bilimleri Fak\u00fcltesi Fizyoterapi ve Rehabilitasyon \u0130ngilizce B\u00f6l\u00fcm Ba\u015fkan\u0131 Yrd. Do\u00e7. Dr. Nazemin Gilanl\u0131o\u011fullar\u0131 \u201cZihinsel Engellilik ve Fiziksel Aktivite\u201d konusuna dikkat \u00e7ekti. <\/span><\/span><\/p>\n<p style=\"text-align:justify\"><span style=\"font-size:12pt\"><span style=\",serif\">&nbsp; \u201cZihinsel engellilik ki\u015filerde kavramsal, sosyal ve pratik beceri isteyen davran\u0131\u015flarda s\u0131n\u0131rl\u0131l\u0131k ya\u015famaya yol a\u00e7maktad\u0131r. Yeti\u015fkinlikten \u00f6nce ba\u015flayan zihinsel engellili\u011fin, yeti\u015fkin bireylerin %2\u2019sini etkiledi\u011fi tahmin edilmektedir. Bireylerde ya\u015f ilerledik\u00e7e sosyal sorunlar, fiziksel hareketsizlik, sa\u011fl\u0131ks\u0131z beslenme kaynakl\u0131 kilo problemleri gibi sa\u011fl\u0131k sorunlar\u0131 ortaya \u00e7\u0131kt\u0131\u011f\u0131 g\u00f6zlenmektedir. Zihinsel engelli bireyler sedanter (hareketsiz) ya\u015fama e\u011filim g\u00f6sterdiklerinden dolay\u0131 obezite, hipertansiyon, diyabet, solunum ve kalp-damar sorunlar\u0131 ile s\u0131kl\u0131kla kar\u015f\u0131la\u015fmaktad\u0131r\u201d \u015feklinde bilgiler aktaran Gilanl\u0131o\u011fullar\u0131, zihinsel engelin yaratt\u0131\u011f\u0131 bu sorunlardan dolay\u0131 bireylerin g\u00fcnl\u00fck ya\u015fam aktivitelerini yerine getirmekte k\u0131s\u0131tlamalar ya\u015fad\u0131klar\u0131n\u0131 belirtti. <\/span><\/span><\/p>\n<p style=\"text-align:justify\"><span style=\"font-size:12pt\"><span style=\",serif\">&nbsp;&nbsp; \u201cYap\u0131lan ara\u015ft\u0131rmalar 50 ya\u015f \u00fcst\u00fc zihinsel engelli bireylerin g\u00fcnl\u00fck ya\u015fam aktivitelerini yerine getirebilmek i\u00e7in yap\u0131lmas\u0131 gereken temel faaliyetlerde y\u00fcksek bir k\u0131s\u0131tlama oldu\u011fu ortaya \u00e7\u0131km\u0131\u015ft\u0131r\u201d diyen Gilanl\u0131o\u011fullar\u0131 s\u00f6zlerine \u015f\u00f6yle devam etti: Bireylerdeki g\u00fcnl\u00fck ya\u015fam aktivitelerinde olan ba\u011f\u0131ms\u0131zl\u0131klar\u0131 ya\u015fam kalitelerini art\u0131rmak i\u00e7in \u00e7ok \u00f6nemlidir. Ba\u011f\u0131ms\u0131zl\u0131\u011f\u0131n artmas\u0131 ve sa\u011fl\u0131kl\u0131 bir ya\u015fam ge\u00e7irebilmeleri i\u00e7in zihinsel engelli bireylerin fiziksel aktivite seviyelerinin belirli bir d\u00fczeyde olmas\u0131 ve do\u011fru egzersizler ile geli\u015ftirilmesi gerekmektedir. Fiziksel aktivite ki\u015filerin sa\u011fl\u0131kl\u0131 olmas\u0131, iyilik durumlar\u0131n\u0131n artmas\u0131, motor becerilerin geli\u015fmesi ve sosyal uyumluluklar\u0131n\u0131n artmas\u0131 i\u00e7in etkili bir y\u00f6ntemdir. \u00c7al\u0131\u015fmalara g\u00f6re sedanter bir ya\u015fama sahip olan zihinsel engelli bireylerin y\u00fczme, bisiklet, dans gibi farkl\u0131 spor dallar\u0131nda yer almalar\u0131 ve kendi ihtiyac\u0131na g\u00f6re d\u00fczenlenen egzersiz programlar\u0131n\u0131n uygulanmas\u0131 tavsiye edilmektedir. <\/span><\/span><\/p>\n<p style=\"text-align:justify\"><span style=\"font-size:12pt\"><span style=\",serif\">&nbsp; \u201cFiziksel aktiviteye kat\u0131l\u0131m\u0131n artmas\u0131 bireylerin motor becerilenin geli\u015fmesine neden olur. Zihinsel engelli bireylerde sa\u011fl\u0131kl\u0131 ya\u015fam\u0131 ve ba\u011f\u0131ms\u0131zl\u0131\u011f\u0131 ama\u00e7layan fiziksel aktivite, kuvvet ve aerobik egzersizleri i\u00e7eren programlar\u0131n en s\u0131k \u00f6nerilen programlar oldu\u011fu, bireylerin motor becerilerini, kalp-damar ve solunum sistemlerini geli\u015ftirdi\u011fi ortaya \u00e7\u0131km\u0131\u015ft\u0131r. Bireylerin fiziksel aktivite kat\u0131l\u0131m\u0131 sadece fiziksel durumlar\u0131n\u0131n de\u011fil, ayr\u0131ca sosyal ileti\u015fim becerilerini de olumlu y\u00f6nde etkiledi\u011fi d\u00fc\u015f\u00fcn\u00fclmektedir\u201d diyen Gilanl\u0131o\u011fullar\u0131 s\u00f6zlerini \u015f\u00f6yle tamamlad\u0131: D\u00fcnya genelinde yap\u0131lan \u00e7al\u0131\u015fmalar do\u011fru fiziksel aktivenin bu bireylerde genel iyilik halini art\u0131rd\u0131\u011f\u0131n\u0131, fiziksel ve bili\u015fsel geli\u015fimleri \u00fczerinde olumlu etkisi oldu\u011funu g\u00f6stermektedir. Zihinsel engelli bireylerin g\u00fcnl\u00fck ya\u015fam aktivitelerindeki ba\u011f\u0131ms\u0131zl\u0131\u011f\u0131n\u0131 art\u0131rmak i\u00e7in uzun s\u00fcreli egzersiz programlar\u0131 mutlaka bireylerin hayatlar\u0131na dahil edilmelidir. <\/span><\/span><\/p>\n","protected":false},"excerpt":{"rendered":"<p>Lefke Avrupa \u00dcniversitesi (LA\u00dc) Sa\u011fl\u0131k Bilimleri Fak\u00fcltesi Fizyoterapi ve Rehabilitasyon \u0130ngilizce B\u00f6l\u00fcm Ba\u015fkan\u0131 Yrd. Do\u00e7. Dr. Nazemin Gilanl\u0131o\u011fullar\u0131 \u201cZihinsel Engellilik ve Fiziksel Aktivite\u201d konusuna dikkat \u00e7ekti. &nbsp; \u201cZihinsel engellilik ki\u015filerde kavramsal, sosyal ve pratik beceri isteyen davran\u0131\u015flarda s\u0131n\u0131rl\u0131l\u0131k ya\u015famaya yol a\u00e7maktad\u0131r. Yeti\u015fkinlikten \u00f6nce ba\u015flayan zihinsel engellili\u011fin, yeti\u015fkin bireylerin %2\u2019sini etkiledi\u011fi tahmin edilmektedir. Bireylerde ya\u015f ilerledik\u00e7e<\/p>\n","protected":false},"author":1,"featured_media":22226,"comment_status":"open","ping_status":"open","sticky":false,"template":"","format":"standard","meta":{"footnotes":""},"categories":[1],"tags":[],"class_list":["post-22225","post","type-post","status-publish","format-standard","has-post-thumbnail","hentry","category-gundem"],"yoast_head":"<!-- This site is optimized with the Yoast SEO plugin v27.4 - https:\/\/yoast.com\/product\/yoast-seo-wordpress\/ -->\n<title>LA\u00dc Akademisyeni Gilanl\u0131o\u011fullar\u0131, \u201cZihinsel Engellilik ve Fiziksel Aktivite\u201d konusuna de\u011findi -<\/title>\n<meta name=\"robots\" content=\"index, follow, max-snippet:-1, max-image-preview:large, max-video-preview:-1\" \/>\n<link rel=\"canonical\" href=\"https:\/\/kibrisdakik.com\/?p=22225\" \/>\n<meta property=\"og:locale\" content=\"tr_TR\" \/>\n<meta property=\"og:type\" content=\"article\" \/>\n<meta property=\"og:title\" content=\"LA\u00dc Akademisyeni Gilanl\u0131o\u011fullar\u0131, \u201cZihinsel Engellilik ve Fiziksel Aktivite\u201d konusuna de\u011findi -\" \/>\n<meta property=\"og:description\" content=\"Lefke Avrupa \u00dcniversitesi (LA\u00dc) Sa\u011fl\u0131k Bilimleri Fak\u00fcltesi Fizyoterapi ve Rehabilitasyon \u0130ngilizce B\u00f6l\u00fcm Ba\u015fkan\u0131 Yrd. Do\u00e7. Dr. Nazemin Gilanl\u0131o\u011fullar\u0131 \u201cZihinsel Engellilik ve Fiziksel Aktivite\u201d konusuna dikkat \u00e7ekti. &nbsp; \u201cZihinsel engellilik ki\u015filerde kavramsal, sosyal ve pratik beceri isteyen davran\u0131\u015flarda s\u0131n\u0131rl\u0131l\u0131k ya\u015famaya yol a\u00e7maktad\u0131r. Yeti\u015fkinlikten \u00f6nce ba\u015flayan zihinsel engellili\u011fin, yeti\u015fkin bireylerin %2\u2019sini etkiledi\u011fi tahmin edilmektedir. Bireylerde ya\u015f ilerledik\u00e7e\" \/>\n<meta property=\"og:url\" content=\"https:\/\/kibrisdakik.com\/?p=22225\" \/>\n<meta property=\"article:published_time\" content=\"2023-12-14T15:52:55+00:00\" \/>\n<meta property=\"og:image\" content=\"https:\/\/kibrisdakik.com\/wp-content\/uploads\/2023\/12\/lau-akademisyeni-gilanliogullari-zihinsel-engellilik-ve-fiziksel-aktivite-konusuna-degindi-1702562391.webp.webp\" \/>\n\t<meta property=\"og:image:width\" content=\"710\" \/>\n\t<meta property=\"og:image:height\" content=\"370\" \/>\n\t<meta property=\"og:image:type\" content=\"image\/webp\" \/>\n<meta name=\"author\" content=\"admin\" \/>\n<meta name=\"twitter:card\" content=\"summary_large_image\" \/>\n<meta name=\"twitter:label1\" content=\"Yazan:\" \/>\n\t<meta name=\"twitter:data1\" content=\"admin\" \/>\n\t<meta name=\"twitter:label2\" content=\"Tahmini okuma s\u00fcresi\" \/>\n\t<meta name=\"twitter:data2\" content=\"2 dakika\" \/>\n<script type=\"application\/ld+json\" class=\"yoast-schema-graph\">{\"@context\":\"https:\\\/\\\/schema.org\",\"@graph\":[{\"@type\":\"Article\",\"@id\":\"https:\\\/\\\/kibrisdakik.com\\\/?p=22225#article\",\"isPartOf\":{\"@id\":\"https:\\\/\\\/kibrisdakik.com\\\/?p=22225\"},\"author\":{\"name\":\"admin\",\"@id\":\"https:\\\/\\\/kibrisdakik.com\\\/#\\\/schema\\\/person\\\/9cd9d437bbb44f72b73ba127e06d8e79\"},\"headline\":\"LA\u00dc Akademisyeni Gilanl\u0131o\u011fullar\u0131, \u201cZihinsel Engellilik ve Fiziksel Aktivite\u201d konusuna de\u011findi\",\"datePublished\":\"2023-12-14T15:52:55+00:00\",\"mainEntityOfPage\":{\"@id\":\"https:\\\/\\\/kibrisdakik.com\\\/?p=22225\"},\"wordCount\":496,\"commentCount\":0,\"image\":{\"@id\":\"https:\\\/\\\/kibrisdakik.com\\\/?p=22225#primaryimage\"},\"thumbnailUrl\":\"https:\\\/\\\/kibrisdakik.com\\\/wp-content\\\/uploads\\\/2023\\\/12\\\/lau-akademisyeni-gilanliogullari-zihinsel-engellilik-ve-fiziksel-aktivite-konusuna-degindi-1702562391.webp.webp\",\"articleSection\":[\"G\u00fcndem\"],\"inLanguage\":\"tr\",\"potentialAction\":[{\"@type\":\"CommentAction\",\"name\":\"Comment\",\"target\":[\"https:\\\/\\\/kibrisdakik.com\\\/?p=22225#respond\"]}]},{\"@type\":\"WebPage\",\"@id\":\"https:\\\/\\\/kibrisdakik.com\\\/?p=22225\",\"url\":\"https:\\\/\\\/kibrisdakik.com\\\/?p=22225\",\"name\":\"LA\u00dc Akademisyeni Gilanl\u0131o\u011fullar\u0131, \u201cZihinsel Engellilik ve Fiziksel Aktivite\u201d konusuna de\u011findi -\",\"isPartOf\":{\"@id\":\"https:\\\/\\\/kibrisdakik.com\\\/#website\"},\"primaryImageOfPage\":{\"@id\":\"https:\\\/\\\/kibrisdakik.com\\\/?p=22225#primaryimage\"},\"image\":{\"@id\":\"https:\\\/\\\/kibrisdakik.com\\\/?p=22225#primaryimage\"},\"thumbnailUrl\":\"https:\\\/\\\/kibrisdakik.com\\\/wp-content\\\/uploads\\\/2023\\\/12\\\/lau-akademisyeni-gilanliogullari-zihinsel-engellilik-ve-fiziksel-aktivite-konusuna-degindi-1702562391.webp.webp\",\"datePublished\":\"2023-12-14T15:52:55+00:00\",\"author\":{\"@id\":\"https:\\\/\\\/kibrisdakik.com\\\/#\\\/schema\\\/person\\\/9cd9d437bbb44f72b73ba127e06d8e79\"},\"breadcrumb\":{\"@id\":\"https:\\\/\\\/kibrisdakik.com\\\/?p=22225#breadcrumb\"},\"inLanguage\":\"tr\",\"potentialAction\":[{\"@type\":\"ReadAction\",\"target\":[\"https:\\\/\\\/kibrisdakik.com\\\/?p=22225\"]}]},{\"@type\":\"ImageObject\",\"inLanguage\":\"tr\",\"@id\":\"https:\\\/\\\/kibrisdakik.com\\\/?p=22225#primaryimage\",\"url\":\"https:\\\/\\\/kibrisdakik.com\\\/wp-content\\\/uploads\\\/2023\\\/12\\\/lau-akademisyeni-gilanliogullari-zihinsel-engellilik-ve-fiziksel-aktivite-konusuna-degindi-1702562391.webp.webp\",\"contentUrl\":\"https:\\\/\\\/kibrisdakik.com\\\/wp-content\\\/uploads\\\/2023\\\/12\\\/lau-akademisyeni-gilanliogullari-zihinsel-engellilik-ve-fiziksel-aktivite-konusuna-degindi-1702562391.webp.webp\",\"width\":710,\"height\":370},{\"@type\":\"BreadcrumbList\",\"@id\":\"https:\\\/\\\/kibrisdakik.com\\\/?p=22225#breadcrumb\",\"itemListElement\":[{\"@type\":\"ListItem\",\"position\":1,\"name\":\"Home\",\"item\":\"https:\\\/\\\/kibrisdakik.com\\\/\"},{\"@type\":\"ListItem\",\"position\":2,\"name\":\"LA\u00dc Akademisyeni Gilanl\u0131o\u011fullar\u0131, \u201cZihinsel Engellilik ve Fiziksel Aktivite\u201d konusuna de\u011findi\"}]},{\"@type\":\"WebSite\",\"@id\":\"https:\\\/\\\/kibrisdakik.com\\\/#website\",\"url\":\"https:\\\/\\\/kibrisdakik.com\\\/\",\"name\":\"\",\"description\":\"Tam vaktinde haber\",\"potentialAction\":[{\"@type\":\"SearchAction\",\"target\":{\"@type\":\"EntryPoint\",\"urlTemplate\":\"https:\\\/\\\/kibrisdakik.com\\\/?s={search_term_string}\"},\"query-input\":{\"@type\":\"PropertyValueSpecification\",\"valueRequired\":true,\"valueName\":\"search_term_string\"}}],\"inLanguage\":\"tr\"},{\"@type\":\"Person\",\"@id\":\"https:\\\/\\\/kibrisdakik.com\\\/#\\\/schema\\\/person\\\/9cd9d437bbb44f72b73ba127e06d8e79\",\"name\":\"admin\",\"image\":{\"@type\":\"ImageObject\",\"inLanguage\":\"tr\",\"@id\":\"https:\\\/\\\/secure.gravatar.com\\\/avatar\\\/ccc17943b9d660506c869530f897617f7cb1c21a4bf30023f252596d83e1f007?s=96&d=mm&r=g\",\"url\":\"https:\\\/\\\/secure.gravatar.com\\\/avatar\\\/ccc17943b9d660506c869530f897617f7cb1c21a4bf30023f252596d83e1f007?s=96&d=mm&r=g\",\"contentUrl\":\"https:\\\/\\\/secure.gravatar.com\\\/avatar\\\/ccc17943b9d660506c869530f897617f7cb1c21a4bf30023f252596d83e1f007?s=96&d=mm&r=g\",\"caption\":\"admin\"},\"sameAs\":[\"https:\\\/\\\/kibrisdakik.com\"],\"url\":\"https:\\\/\\\/kibrisdakik.com\\\/?author=1\"}]}<\/script>\n<!-- \/ Yoast SEO plugin. -->","yoast_head_json":{"title":"LA\u00dc Akademisyeni Gilanl\u0131o\u011fullar\u0131, \u201cZihinsel Engellilik ve Fiziksel Aktivite\u201d konusuna de\u011findi -","robots":{"index":"index","follow":"follow","max-snippet":"max-snippet:-1","max-image-preview":"max-image-preview:large","max-video-preview":"max-video-preview:-1"},"canonical":"https:\/\/kibrisdakik.com\/?p=22225","og_locale":"tr_TR","og_type":"article","og_title":"LA\u00dc Akademisyeni Gilanl\u0131o\u011fullar\u0131, \u201cZihinsel Engellilik ve Fiziksel Aktivite\u201d konusuna de\u011findi -","og_description":"Lefke Avrupa \u00dcniversitesi (LA\u00dc) Sa\u011fl\u0131k Bilimleri Fak\u00fcltesi Fizyoterapi ve Rehabilitasyon \u0130ngilizce B\u00f6l\u00fcm Ba\u015fkan\u0131 Yrd. Do\u00e7. Dr. Nazemin Gilanl\u0131o\u011fullar\u0131 \u201cZihinsel Engellilik ve Fiziksel Aktivite\u201d konusuna dikkat \u00e7ekti. &nbsp; \u201cZihinsel engellilik ki\u015filerde kavramsal, sosyal ve pratik beceri isteyen davran\u0131\u015flarda s\u0131n\u0131rl\u0131l\u0131k ya\u015famaya yol a\u00e7maktad\u0131r. Yeti\u015fkinlikten \u00f6nce ba\u015flayan zihinsel engellili\u011fin, yeti\u015fkin bireylerin %2\u2019sini etkiledi\u011fi tahmin edilmektedir. Bireylerde ya\u015f ilerledik\u00e7e","og_url":"https:\/\/kibrisdakik.com\/?p=22225","article_published_time":"2023-12-14T15:52:55+00:00","og_image":[{"width":710,"height":370,"url":"https:\/\/kibrisdakik.com\/wp-content\/uploads\/2023\/12\/lau-akademisyeni-gilanliogullari-zihinsel-engellilik-ve-fiziksel-aktivite-konusuna-degindi-1702562391.webp.webp","type":"image\/webp"}],"author":"admin","twitter_card":"summary_large_image","twitter_misc":{"Yazan:":"admin","Tahmini okuma s\u00fcresi":"2 dakika"},"schema":{"@context":"https:\/\/schema.org","@graph":[{"@type":"Article","@id":"https:\/\/kibrisdakik.com\/?p=22225#article","isPartOf":{"@id":"https:\/\/kibrisdakik.com\/?p=22225"},"author":{"name":"admin","@id":"https:\/\/kibrisdakik.com\/#\/schema\/person\/9cd9d437bbb44f72b73ba127e06d8e79"},"headline":"LA\u00dc Akademisyeni Gilanl\u0131o\u011fullar\u0131, \u201cZihinsel Engellilik ve Fiziksel Aktivite\u201d konusuna de\u011findi","datePublished":"2023-12-14T15:52:55+00:00","mainEntityOfPage":{"@id":"https:\/\/kibrisdakik.com\/?p=22225"},"wordCount":496,"commentCount":0,"image":{"@id":"https:\/\/kibrisdakik.com\/?p=22225#primaryimage"},"thumbnailUrl":"https:\/\/kibrisdakik.com\/wp-content\/uploads\/2023\/12\/lau-akademisyeni-gilanliogullari-zihinsel-engellilik-ve-fiziksel-aktivite-konusuna-degindi-1702562391.webp.webp","articleSection":["G\u00fcndem"],"inLanguage":"tr","potentialAction":[{"@type":"CommentAction","name":"Comment","target":["https:\/\/kibrisdakik.com\/?p=22225#respond"]}]},{"@type":"WebPage","@id":"https:\/\/kibrisdakik.com\/?p=22225","url":"https:\/\/kibrisdakik.com\/?p=22225","name":"LA\u00dc Akademisyeni Gilanl\u0131o\u011fullar\u0131, \u201cZihinsel Engellilik ve Fiziksel Aktivite\u201d konusuna de\u011findi -","isPartOf":{"@id":"https:\/\/kibrisdakik.com\/#website"},"primaryImageOfPage":{"@id":"https:\/\/kibrisdakik.com\/?p=22225#primaryimage"},"image":{"@id":"https:\/\/kibrisdakik.com\/?p=22225#primaryimage"},"thumbnailUrl":"https:\/\/kibrisdakik.com\/wp-content\/uploads\/2023\/12\/lau-akademisyeni-gilanliogullari-zihinsel-engellilik-ve-fiziksel-aktivite-konusuna-degindi-1702562391.webp.webp","datePublished":"2023-12-14T15:52:55+00:00","author":{"@id":"https:\/\/kibrisdakik.com\/#\/schema\/person\/9cd9d437bbb44f72b73ba127e06d8e79"},"breadcrumb":{"@id":"https:\/\/kibrisdakik.com\/?p=22225#breadcrumb"},"inLanguage":"tr","potentialAction":[{"@type":"ReadAction","target":["https:\/\/kibrisdakik.com\/?p=22225"]}]},{"@type":"ImageObject","inLanguage":"tr","@id":"https:\/\/kibrisdakik.com\/?p=22225#primaryimage","url":"https:\/\/kibrisdakik.com\/wp-content\/uploads\/2023\/12\/lau-akademisyeni-gilanliogullari-zihinsel-engellilik-ve-fiziksel-aktivite-konusuna-degindi-1702562391.webp.webp","contentUrl":"https:\/\/kibrisdakik.com\/wp-content\/uploads\/2023\/12\/lau-akademisyeni-gilanliogullari-zihinsel-engellilik-ve-fiziksel-aktivite-konusuna-degindi-1702562391.webp.webp","width":710,"height":370},{"@type":"BreadcrumbList","@id":"https:\/\/kibrisdakik.com\/?p=22225#breadcrumb","itemListElement":[{"@type":"ListItem","position":1,"name":"Home","item":"https:\/\/kibrisdakik.com\/"},{"@type":"ListItem","position":2,"name":"LA\u00dc Akademisyeni Gilanl\u0131o\u011fullar\u0131, \u201cZihinsel Engellilik ve Fiziksel Aktivite\u201d konusuna de\u011findi"}]},{"@type":"WebSite","@id":"https:\/\/kibrisdakik.com\/#website","url":"https:\/\/kibrisdakik.com\/","name":"","description":"Tam vaktinde haber","potentialAction":[{"@type":"SearchAction","target":{"@type":"EntryPoint","urlTemplate":"https:\/\/kibrisdakik.com\/?s={search_term_string}"},"query-input":{"@type":"PropertyValueSpecification","valueRequired":true,"valueName":"search_term_string"}}],"inLanguage":"tr"},{"@type":"Person","@id":"https:\/\/kibrisdakik.com\/#\/schema\/person\/9cd9d437bbb44f72b73ba127e06d8e79","name":"admin","image":{"@type":"ImageObject","inLanguage":"tr","@id":"https:\/\/secure.gravatar.com\/avatar\/ccc17943b9d660506c869530f897617f7cb1c21a4bf30023f252596d83e1f007?s=96&d=mm&r=g","url":"https:\/\/secure.gravatar.com\/avatar\/ccc17943b9d660506c869530f897617f7cb1c21a4bf30023f252596d83e1f007?s=96&d=mm&r=g","contentUrl":"https:\/\/secure.gravatar.com\/avatar\/ccc17943b9d660506c869530f897617f7cb1c21a4bf30023f252596d83e1f007?s=96&d=mm&r=g","caption":"admin"},"sameAs":["https:\/\/kibrisdakik.com"],"url":"https:\/\/kibrisdakik.com\/?author=1"}]}},"_links":{"self":[{"href":"https:\/\/kibrisdakik.com\/index.php?rest_route=\/wp\/v2\/posts\/22225","targetHints":{"allow":["GET"]}}],"collection":[{"href":"https:\/\/kibrisdakik.com\/index.php?rest_route=\/wp\/v2\/posts"}],"about":[{"href":"https:\/\/kibrisdakik.com\/index.php?rest_route=\/wp\/v2\/types\/post"}],"author":[{"embeddable":true,"href":"https:\/\/kibrisdakik.com\/index.php?rest_route=\/wp\/v2\/users\/1"}],"replies":[{"embeddable":true,"href":"https:\/\/kibrisdakik.com\/index.php?rest_route=%2Fwp%2Fv2%2Fcomments&post=22225"}],"version-history":[{"count":0,"href":"https:\/\/kibrisdakik.com\/index.php?rest_route=\/wp\/v2\/posts\/22225\/revisions"}],"wp:featuredmedia":[{"embeddable":true,"href":"https:\/\/kibrisdakik.com\/index.php?rest_route=\/wp\/v2\/media\/22226"}],"wp:attachment":[{"href":"https:\/\/kibrisdakik.com\/index.php?rest_route=%2Fwp%2Fv2%2Fmedia&parent=22225"}],"wp:term":[{"taxonomy":"category","embeddable":true,"href":"https:\/\/kibrisdakik.com\/index.php?rest_route=%2Fwp%2Fv2%2Fcategories&post=22225"},{"taxonomy":"post_tag","embeddable":true,"href":"https:\/\/kibrisdakik.com\/index.php?rest_route=%2Fwp%2Fv2%2Ftags&post=22225"}],"curies":[{"name":"wp","href":"https:\/\/api.w.org\/{rel}","templated":true}]}}