{"id":2227,"date":"2023-02-27T17:15:49","date_gmt":"2023-02-27T17:15:49","guid":{"rendered":"https:\/\/kibrisdakik.com\/index.php\/2023\/02\/27\/ozturklerdepremzedelere-giriste-verilen-90-gunluk-surenin-ardindan-rakamlar-netlesecek\/"},"modified":"2023-02-27T17:15:49","modified_gmt":"2023-02-27T17:15:49","slug":"ozturklerdepremzedelere-giriste-verilen-90-gunluk-surenin-ardindan-rakamlar-netlesecek","status":"publish","type":"post","link":"https:\/\/kibrisdakik.com\/?p=2227","title":{"rendered":"\u00d6zt\u00fcrkler:Depremzedelere giri\u015fte verilen 90 g\u00fcnl\u00fck s\u00fcrenin ard\u0131ndan rakamlar netle\u015fecek"},"content":{"rendered":"<p><\/p>\n<div>\n<div class=\"mariselle-image-container center\">\n                <img width=\"1080\" height=\"492\" class=\"lazy-image\" alt=\"\" decoding=\"async\" loading=\"lazy\" sizes=\"auto, (max-width: 1080px) 100vw, 1080px\" src=\"https:\/\/brtk.net\/wp-content\/uploads\/2023\/02\/27\/Screenshot_20230227_182651_YouTube.jpg?ver=ac516e2c4f0a7b682c6b45618554ef57\" srcset=\"https:\/\/brtk.net\/wp-content\/uploads\/2023\/02\/27\/Screenshot_20230227_182651_YouTube.jpg?ver=ac516e2c4f0a7b682c6b45618554ef57 1080w, https:\/\/brtk.net\/wp-content\/uploads\/2023\/02\/27\/Screenshot_20230227_182651_YouTube-300x137.jpg?ver=ac516e2c4f0a7b682c6b45618554ef57 300w, https:\/\/brtk.net\/wp-content\/uploads\/2023\/02\/27\/Screenshot_20230227_182651_YouTube-1024x466.jpg?ver=ac516e2c4f0a7b682c6b45618554ef57 1024w, https:\/\/brtk.net\/wp-content\/uploads\/2023\/02\/27\/Screenshot_20230227_182651_YouTube-768x350.jpg?ver=ac516e2c4f0a7b682c6b45618554ef57 768w\"\/>                            <\/div>\n<p>\u0130\u00e7i\u015fleri Bakan\u0131 Ziya \u00d6zt\u00fcrkler, <a href=\"https:\/\/brtk.net\/\">BRT<\/a>\u2019de yay\u0131nlanan \u201917\u2019nci Saat\u2019 program\u0131nda, Kuzey K\u0131br\u0131s T\u00fcrk Cumhuriyeti\u2019ne gelen depremzedelerin durumlar\u0131na ili\u015fkin a\u00e7\u0131klamalarda bulundu.<\/p>\n<p>\u00d6zt\u00fcrkler, genelge kapsam\u0131nda afet b\u00f6lgelerinden Kuzey K\u0131br\u0131s T\u00fcrk Cumhuriyeti\u2019ne gelen ki\u015filere ili\u015fkin verilerin Ba\u015fbakanl\u0131k Afet ve Koordinasyon Merkezi ile payla\u015f\u0131ld\u0131\u011f\u0131n\u0131, bunlar\u0131n gerekli d\u00f6nemlerde duyurulaca\u011f\u0131n\u0131 belirtti.<\/p>\n<p>Son yay\u0131mlanan genelge ile cezal\u0131lara ve burada aileleri olanlara ili\u015fkin 90 g\u00fcnl\u00fck bir d\u00fczenleme yap\u0131ld\u0131\u011f\u0131n\u0131 ifade eden \u00d6zt\u00fcrkler, prosed\u00fcr\u00fcn nas\u0131l i\u015fledi\u011fine dair detaylar\u0131 payla\u015ft\u0131.<\/p>\n<p>\u0130\u00e7i\u015fleri Bakan\u0131 \u00d6zt\u00fcrkler, her kurum ve bakanl\u0131\u011f\u0131n farkl\u0131 bilgiler vermesinin do\u011fru olmayaca\u011f\u0131n\u0131 kaydederek, verilerin Ba\u015fbakanl\u0131k Afet Koordinasyon Merkezi ile payla\u015f\u0131ld\u0131\u011f\u0131n\u0131, en do\u011fru bilgilerin bu merkezden duyurulabilece\u011fini s\u00f6yledi.<\/p>\n<p>\u0130kamet izinleri ilgili s\u00fcrenin dolmas\u0131n\u0131n ard\u0131ndan ka\u00e7 ki\u015finin \u00fclkede kald\u0131\u011f\u0131n\u0131n anla\u015f\u0131labilece\u011fini ifade eden Bakan \u00d6zt\u00fcrkler, 8 \u015eubat itibar\u0131 ile geli\u015f ve gidi\u015flerin ba\u015flad\u0131\u011f\u0131n\u0131, 90 g\u00fcnl\u00fck s\u00fcrenin tamamlanmas\u0131 ile birlikte daha sa\u011fl\u0131kl\u0131 rakamlara ula\u015f\u0131labilece\u011fini belirtti.<\/p>\n<p><iframe loading=\"lazy\" title=\"17.  Saat 27 .02. 2023\" width=\"960\" height=\"540\" src=\"https:\/\/www.youtube.com\/embed\/asxoJq6gZLw?feature=oembed\" frameborder=\"0\" allow=\"accelerometer; autoplay; clipboard-write; encrypted-media; gyroscope; picture-in-picture; web-share\" referrerpolicy=\"strict-origin-when-cross-origin\" allowfullscreen><\/iframe><\/p>\n<\/p><\/div>\n<p><script async\n                    defer\n                    crossorigin=\"anonymous\"\n                    src=\"https:\/\/connect.facebook.net\/tr_TR\/sdk.js#xfbml=1&#038;version=v3.3\"\n            ><\/script><\/p>\n","protected":false},"excerpt":{"rendered":"<p>\u0130\u00e7i\u015fleri Bakan\u0131 Ziya \u00d6zt\u00fcrkler, BRT\u2019de yay\u0131nlanan \u201917\u2019nci Saat\u2019 program\u0131nda, Kuzey K\u0131br\u0131s T\u00fcrk Cumhuriyeti\u2019ne gelen depremzedelerin durumlar\u0131na ili\u015fkin a\u00e7\u0131klamalarda bulundu. \u00d6zt\u00fcrkler, genelge kapsam\u0131nda afet b\u00f6lgelerinden Kuzey K\u0131br\u0131s T\u00fcrk Cumhuriyeti\u2019ne gelen ki\u015filere ili\u015fkin verilerin Ba\u015fbakanl\u0131k Afet ve Koordinasyon Merkezi ile payla\u015f\u0131ld\u0131\u011f\u0131n\u0131, bunlar\u0131n gerekli d\u00f6nemlerde duyurulaca\u011f\u0131n\u0131 belirtti. Son yay\u0131mlanan genelge ile cezal\u0131lara ve burada aileleri olanlara ili\u015fkin 90<\/p>\n","protected":false},"author":1,"featured_media":2228,"comment_status":"open","ping_status":"open","sticky":false,"template":"","format":"standard","meta":{"footnotes":""},"categories":[1],"tags":[],"class_list":["post-2227","post","type-post","status-publish","format-standard","has-post-thumbnail","hentry","category-gundem"],"yoast_head":"<!-- This site is optimized with the Yoast SEO plugin v27.4 - https:\/\/yoast.com\/product\/yoast-seo-wordpress\/ -->\n<title>\u00d6zt\u00fcrkler:Depremzedelere giri\u015fte verilen 90 g\u00fcnl\u00fck s\u00fcrenin ard\u0131ndan rakamlar netle\u015fecek -<\/title>\n<meta name=\"robots\" content=\"index, follow, max-snippet:-1, max-image-preview:large, max-video-preview:-1\" \/>\n<link rel=\"canonical\" href=\"https:\/\/kibrisdakik.com\/?p=2227\" \/>\n<meta property=\"og:locale\" content=\"tr_TR\" \/>\n<meta property=\"og:type\" content=\"article\" \/>\n<meta property=\"og:title\" content=\"\u00d6zt\u00fcrkler:Depremzedelere giri\u015fte verilen 90 g\u00fcnl\u00fck s\u00fcrenin ard\u0131ndan rakamlar netle\u015fecek -\" \/>\n<meta property=\"og:description\" content=\"\u0130\u00e7i\u015fleri Bakan\u0131 Ziya \u00d6zt\u00fcrkler, BRT\u2019de yay\u0131nlanan \u201917\u2019nci Saat\u2019 program\u0131nda, Kuzey K\u0131br\u0131s T\u00fcrk Cumhuriyeti\u2019ne gelen depremzedelerin durumlar\u0131na ili\u015fkin a\u00e7\u0131klamalarda bulundu. \u00d6zt\u00fcrkler, genelge kapsam\u0131nda afet b\u00f6lgelerinden Kuzey K\u0131br\u0131s T\u00fcrk Cumhuriyeti\u2019ne gelen ki\u015filere ili\u015fkin verilerin Ba\u015fbakanl\u0131k Afet ve Koordinasyon Merkezi ile payla\u015f\u0131ld\u0131\u011f\u0131n\u0131, bunlar\u0131n gerekli d\u00f6nemlerde duyurulaca\u011f\u0131n\u0131 belirtti. Son yay\u0131mlanan genelge ile cezal\u0131lara ve burada aileleri olanlara ili\u015fkin 90\" \/>\n<meta property=\"og:url\" content=\"https:\/\/kibrisdakik.com\/?p=2227\" \/>\n<meta property=\"article:published_time\" content=\"2023-02-27T17:15:49+00:00\" \/>\n<meta property=\"og:image\" content=\"https:\/\/kibrisdakik.com\/wp-content\/uploads\/2023\/02\/Screenshot_20230227_182651_YouTube-740x420.jpg\" \/>\n\t<meta property=\"og:image:width\" content=\"1080\" \/>\n\t<meta property=\"og:image:height\" content=\"492\" \/>\n\t<meta property=\"og:image:type\" content=\"image\/jpeg\" \/>\n<meta name=\"author\" content=\"admin\" \/>\n<meta name=\"twitter:card\" content=\"summary_large_image\" \/>\n<meta name=\"twitter:label1\" content=\"Yazan:\" \/>\n\t<meta name=\"twitter:data1\" content=\"admin\" \/>\n\t<meta name=\"twitter:label2\" content=\"Tahmini okuma s\u00fcresi\" \/>\n\t<meta name=\"twitter:data2\" content=\"1 dakika\" \/>\n<script type=\"application\/ld+json\" class=\"yoast-schema-graph\">{\"@context\":\"https:\\\/\\\/schema.org\",\"@graph\":[{\"@type\":\"Article\",\"@id\":\"https:\\\/\\\/kibrisdakik.com\\\/?p=2227#article\",\"isPartOf\":{\"@id\":\"https:\\\/\\\/kibrisdakik.com\\\/?p=2227\"},\"author\":{\"name\":\"admin\",\"@id\":\"https:\\\/\\\/kibrisdakik.com\\\/#\\\/schema\\\/person\\\/9cd9d437bbb44f72b73ba127e06d8e79\"},\"headline\":\"\u00d6zt\u00fcrkler:Depremzedelere giri\u015fte verilen 90 g\u00fcnl\u00fck s\u00fcrenin ard\u0131ndan rakamlar netle\u015fecek\",\"datePublished\":\"2023-02-27T17:15:49+00:00\",\"mainEntityOfPage\":{\"@id\":\"https:\\\/\\\/kibrisdakik.com\\\/?p=2227\"},\"wordCount\":227,\"commentCount\":0,\"image\":{\"@id\":\"https:\\\/\\\/kibrisdakik.com\\\/?p=2227#primaryimage\"},\"thumbnailUrl\":\"https:\\\/\\\/kibrisdakik.com\\\/wp-content\\\/uploads\\\/2023\\\/02\\\/Screenshot_20230227_182651_YouTube-740x420.jpg\",\"articleSection\":[\"G\u00fcndem\"],\"inLanguage\":\"tr\",\"potentialAction\":[{\"@type\":\"CommentAction\",\"name\":\"Comment\",\"target\":[\"https:\\\/\\\/kibrisdakik.com\\\/?p=2227#respond\"]}]},{\"@type\":\"WebPage\",\"@id\":\"https:\\\/\\\/kibrisdakik.com\\\/?p=2227\",\"url\":\"https:\\\/\\\/kibrisdakik.com\\\/?p=2227\",\"name\":\"\u00d6zt\u00fcrkler:Depremzedelere giri\u015fte verilen 90 g\u00fcnl\u00fck s\u00fcrenin ard\u0131ndan rakamlar netle\u015fecek -\",\"isPartOf\":{\"@id\":\"https:\\\/\\\/kibrisdakik.com\\\/#website\"},\"primaryImageOfPage\":{\"@id\":\"https:\\\/\\\/kibrisdakik.com\\\/?p=2227#primaryimage\"},\"image\":{\"@id\":\"https:\\\/\\\/kibrisdakik.com\\\/?p=2227#primaryimage\"},\"thumbnailUrl\":\"https:\\\/\\\/kibrisdakik.com\\\/wp-content\\\/uploads\\\/2023\\\/02\\\/Screenshot_20230227_182651_YouTube-740x420.jpg\",\"datePublished\":\"2023-02-27T17:15:49+00:00\",\"author\":{\"@id\":\"https:\\\/\\\/kibrisdakik.com\\\/#\\\/schema\\\/person\\\/9cd9d437bbb44f72b73ba127e06d8e79\"},\"breadcrumb\":{\"@id\":\"https:\\\/\\\/kibrisdakik.com\\\/?p=2227#breadcrumb\"},\"inLanguage\":\"tr\",\"potentialAction\":[{\"@type\":\"ReadAction\",\"target\":[\"https:\\\/\\\/kibrisdakik.com\\\/?p=2227\"]}]},{\"@type\":\"ImageObject\",\"inLanguage\":\"tr\",\"@id\":\"https:\\\/\\\/kibrisdakik.com\\\/?p=2227#primaryimage\",\"url\":\"https:\\\/\\\/kibrisdakik.com\\\/wp-content\\\/uploads\\\/2023\\\/02\\\/Screenshot_20230227_182651_YouTube-740x420.jpg\",\"contentUrl\":\"https:\\\/\\\/kibrisdakik.com\\\/wp-content\\\/uploads\\\/2023\\\/02\\\/Screenshot_20230227_182651_YouTube-740x420.jpg\",\"width\":1080,\"height\":492},{\"@type\":\"BreadcrumbList\",\"@id\":\"https:\\\/\\\/kibrisdakik.com\\\/?p=2227#breadcrumb\",\"itemListElement\":[{\"@type\":\"ListItem\",\"position\":1,\"name\":\"Home\",\"item\":\"https:\\\/\\\/kibrisdakik.com\\\/\"},{\"@type\":\"ListItem\",\"position\":2,\"name\":\"\u00d6zt\u00fcrkler:Depremzedelere giri\u015fte verilen 90 g\u00fcnl\u00fck s\u00fcrenin ard\u0131ndan rakamlar netle\u015fecek\"}]},{\"@type\":\"WebSite\",\"@id\":\"https:\\\/\\\/kibrisdakik.com\\\/#website\",\"url\":\"https:\\\/\\\/kibrisdakik.com\\\/\",\"name\":\"\",\"description\":\"Tam vaktinde haber\",\"potentialAction\":[{\"@type\":\"SearchAction\",\"target\":{\"@type\":\"EntryPoint\",\"urlTemplate\":\"https:\\\/\\\/kibrisdakik.com\\\/?s={search_term_string}\"},\"query-input\":{\"@type\":\"PropertyValueSpecification\",\"valueRequired\":true,\"valueName\":\"search_term_string\"}}],\"inLanguage\":\"tr\"},{\"@type\":\"Person\",\"@id\":\"https:\\\/\\\/kibrisdakik.com\\\/#\\\/schema\\\/person\\\/9cd9d437bbb44f72b73ba127e06d8e79\",\"name\":\"admin\",\"image\":{\"@type\":\"ImageObject\",\"inLanguage\":\"tr\",\"@id\":\"https:\\\/\\\/secure.gravatar.com\\\/avatar\\\/ccc17943b9d660506c869530f897617f7cb1c21a4bf30023f252596d83e1f007?s=96&d=mm&r=g\",\"url\":\"https:\\\/\\\/secure.gravatar.com\\\/avatar\\\/ccc17943b9d660506c869530f897617f7cb1c21a4bf30023f252596d83e1f007?s=96&d=mm&r=g\",\"contentUrl\":\"https:\\\/\\\/secure.gravatar.com\\\/avatar\\\/ccc17943b9d660506c869530f897617f7cb1c21a4bf30023f252596d83e1f007?s=96&d=mm&r=g\",\"caption\":\"admin\"},\"sameAs\":[\"https:\\\/\\\/kibrisdakik.com\"],\"url\":\"https:\\\/\\\/kibrisdakik.com\\\/?author=1\"}]}<\/script>\n<!-- \/ Yoast SEO plugin. -->","yoast_head_json":{"title":"\u00d6zt\u00fcrkler:Depremzedelere giri\u015fte verilen 90 g\u00fcnl\u00fck s\u00fcrenin ard\u0131ndan rakamlar netle\u015fecek -","robots":{"index":"index","follow":"follow","max-snippet":"max-snippet:-1","max-image-preview":"max-image-preview:large","max-video-preview":"max-video-preview:-1"},"canonical":"https:\/\/kibrisdakik.com\/?p=2227","og_locale":"tr_TR","og_type":"article","og_title":"\u00d6zt\u00fcrkler:Depremzedelere giri\u015fte verilen 90 g\u00fcnl\u00fck s\u00fcrenin ard\u0131ndan rakamlar netle\u015fecek -","og_description":"\u0130\u00e7i\u015fleri Bakan\u0131 Ziya \u00d6zt\u00fcrkler, BRT\u2019de yay\u0131nlanan \u201917\u2019nci Saat\u2019 program\u0131nda, Kuzey K\u0131br\u0131s T\u00fcrk Cumhuriyeti\u2019ne gelen depremzedelerin durumlar\u0131na ili\u015fkin a\u00e7\u0131klamalarda bulundu. \u00d6zt\u00fcrkler, genelge kapsam\u0131nda afet b\u00f6lgelerinden Kuzey K\u0131br\u0131s T\u00fcrk Cumhuriyeti\u2019ne gelen ki\u015filere ili\u015fkin verilerin Ba\u015fbakanl\u0131k Afet ve Koordinasyon Merkezi ile payla\u015f\u0131ld\u0131\u011f\u0131n\u0131, bunlar\u0131n gerekli d\u00f6nemlerde duyurulaca\u011f\u0131n\u0131 belirtti. Son yay\u0131mlanan genelge ile cezal\u0131lara ve burada aileleri olanlara ili\u015fkin 90","og_url":"https:\/\/kibrisdakik.com\/?p=2227","article_published_time":"2023-02-27T17:15:49+00:00","og_image":[{"width":1080,"height":492,"url":"https:\/\/kibrisdakik.com\/wp-content\/uploads\/2023\/02\/Screenshot_20230227_182651_YouTube-740x420.jpg","type":"image\/jpeg"}],"author":"admin","twitter_card":"summary_large_image","twitter_misc":{"Yazan:":"admin","Tahmini okuma s\u00fcresi":"1 dakika"},"schema":{"@context":"https:\/\/schema.org","@graph":[{"@type":"Article","@id":"https:\/\/kibrisdakik.com\/?p=2227#article","isPartOf":{"@id":"https:\/\/kibrisdakik.com\/?p=2227"},"author":{"name":"admin","@id":"https:\/\/kibrisdakik.com\/#\/schema\/person\/9cd9d437bbb44f72b73ba127e06d8e79"},"headline":"\u00d6zt\u00fcrkler:Depremzedelere giri\u015fte verilen 90 g\u00fcnl\u00fck s\u00fcrenin ard\u0131ndan rakamlar netle\u015fecek","datePublished":"2023-02-27T17:15:49+00:00","mainEntityOfPage":{"@id":"https:\/\/kibrisdakik.com\/?p=2227"},"wordCount":227,"commentCount":0,"image":{"@id":"https:\/\/kibrisdakik.com\/?p=2227#primaryimage"},"thumbnailUrl":"https:\/\/kibrisdakik.com\/wp-content\/uploads\/2023\/02\/Screenshot_20230227_182651_YouTube-740x420.jpg","articleSection":["G\u00fcndem"],"inLanguage":"tr","potentialAction":[{"@type":"CommentAction","name":"Comment","target":["https:\/\/kibrisdakik.com\/?p=2227#respond"]}]},{"@type":"WebPage","@id":"https:\/\/kibrisdakik.com\/?p=2227","url":"https:\/\/kibrisdakik.com\/?p=2227","name":"\u00d6zt\u00fcrkler:Depremzedelere giri\u015fte verilen 90 g\u00fcnl\u00fck s\u00fcrenin ard\u0131ndan rakamlar netle\u015fecek -","isPartOf":{"@id":"https:\/\/kibrisdakik.com\/#website"},"primaryImageOfPage":{"@id":"https:\/\/kibrisdakik.com\/?p=2227#primaryimage"},"image":{"@id":"https:\/\/kibrisdakik.com\/?p=2227#primaryimage"},"thumbnailUrl":"https:\/\/kibrisdakik.com\/wp-content\/uploads\/2023\/02\/Screenshot_20230227_182651_YouTube-740x420.jpg","datePublished":"2023-02-27T17:15:49+00:00","author":{"@id":"https:\/\/kibrisdakik.com\/#\/schema\/person\/9cd9d437bbb44f72b73ba127e06d8e79"},"breadcrumb":{"@id":"https:\/\/kibrisdakik.com\/?p=2227#breadcrumb"},"inLanguage":"tr","potentialAction":[{"@type":"ReadAction","target":["https:\/\/kibrisdakik.com\/?p=2227"]}]},{"@type":"ImageObject","inLanguage":"tr","@id":"https:\/\/kibrisdakik.com\/?p=2227#primaryimage","url":"https:\/\/kibrisdakik.com\/wp-content\/uploads\/2023\/02\/Screenshot_20230227_182651_YouTube-740x420.jpg","contentUrl":"https:\/\/kibrisdakik.com\/wp-content\/uploads\/2023\/02\/Screenshot_20230227_182651_YouTube-740x420.jpg","width":1080,"height":492},{"@type":"BreadcrumbList","@id":"https:\/\/kibrisdakik.com\/?p=2227#breadcrumb","itemListElement":[{"@type":"ListItem","position":1,"name":"Home","item":"https:\/\/kibrisdakik.com\/"},{"@type":"ListItem","position":2,"name":"\u00d6zt\u00fcrkler:Depremzedelere giri\u015fte verilen 90 g\u00fcnl\u00fck s\u00fcrenin ard\u0131ndan rakamlar netle\u015fecek"}]},{"@type":"WebSite","@id":"https:\/\/kibrisdakik.com\/#website","url":"https:\/\/kibrisdakik.com\/","name":"","description":"Tam vaktinde haber","potentialAction":[{"@type":"SearchAction","target":{"@type":"EntryPoint","urlTemplate":"https:\/\/kibrisdakik.com\/?s={search_term_string}"},"query-input":{"@type":"PropertyValueSpecification","valueRequired":true,"valueName":"search_term_string"}}],"inLanguage":"tr"},{"@type":"Person","@id":"https:\/\/kibrisdakik.com\/#\/schema\/person\/9cd9d437bbb44f72b73ba127e06d8e79","name":"admin","image":{"@type":"ImageObject","inLanguage":"tr","@id":"https:\/\/secure.gravatar.com\/avatar\/ccc17943b9d660506c869530f897617f7cb1c21a4bf30023f252596d83e1f007?s=96&d=mm&r=g","url":"https:\/\/secure.gravatar.com\/avatar\/ccc17943b9d660506c869530f897617f7cb1c21a4bf30023f252596d83e1f007?s=96&d=mm&r=g","contentUrl":"https:\/\/secure.gravatar.com\/avatar\/ccc17943b9d660506c869530f897617f7cb1c21a4bf30023f252596d83e1f007?s=96&d=mm&r=g","caption":"admin"},"sameAs":["https:\/\/kibrisdakik.com"],"url":"https:\/\/kibrisdakik.com\/?author=1"}]}},"_links":{"self":[{"href":"https:\/\/kibrisdakik.com\/index.php?rest_route=\/wp\/v2\/posts\/2227","targetHints":{"allow":["GET"]}}],"collection":[{"href":"https:\/\/kibrisdakik.com\/index.php?rest_route=\/wp\/v2\/posts"}],"about":[{"href":"https:\/\/kibrisdakik.com\/index.php?rest_route=\/wp\/v2\/types\/post"}],"author":[{"embeddable":true,"href":"https:\/\/kibrisdakik.com\/index.php?rest_route=\/wp\/v2\/users\/1"}],"replies":[{"embeddable":true,"href":"https:\/\/kibrisdakik.com\/index.php?rest_route=%2Fwp%2Fv2%2Fcomments&post=2227"}],"version-history":[{"count":0,"href":"https:\/\/kibrisdakik.com\/index.php?rest_route=\/wp\/v2\/posts\/2227\/revisions"}],"wp:featuredmedia":[{"embeddable":true,"href":"https:\/\/kibrisdakik.com\/index.php?rest_route=\/wp\/v2\/media\/2228"}],"wp:attachment":[{"href":"https:\/\/kibrisdakik.com\/index.php?rest_route=%2Fwp%2Fv2%2Fmedia&parent=2227"}],"wp:term":[{"taxonomy":"category","embeddable":true,"href":"https:\/\/kibrisdakik.com\/index.php?rest_route=%2Fwp%2Fv2%2Fcategories&post=2227"},{"taxonomy":"post_tag","embeddable":true,"href":"https:\/\/kibrisdakik.com\/index.php?rest_route=%2Fwp%2Fv2%2Ftags&post=2227"}],"curies":[{"name":"wp","href":"https:\/\/api.w.org\/{rel}","templated":true}]}}