{"id":22308,"date":"2023-12-15T08:07:04","date_gmt":"2023-12-15T08:07:04","guid":{"rendered":"https:\/\/kibrisdakik.com\/index.php\/2023\/12\/15\/tatara-turkiyede-yayin-yapan-bir-radyo-kanalindan-yilin-onur-odulu\/"},"modified":"2023-12-15T08:07:04","modified_gmt":"2023-12-15T08:07:04","slug":"tatara-turkiyede-yayin-yapan-bir-radyo-kanalindan-yilin-onur-odulu","status":"publish","type":"post","link":"https:\/\/kibrisdakik.com\/?p=22308","title":{"rendered":"Tatar&#039;a T\u00fcrkiye&#039;de yay\u0131n yapan bir radyo kanal\u0131ndan &quot;Y\u0131l\u0131n Onur \u00d6d\u00fcl\u00fc&quot;&#8230;"},"content":{"rendered":"<p><img decoding=\"async\" src=\"https:\/\/www.kibristurk.com\/images\/haberler\/2023\/12\/tatara-turkiyede-yayin-yapan-bir-radyo-kanalindan-yilin-onur-odulu-1702625888.webp\" \/><\/p>\n<p style=\"text-align:left\"><span style=\"font-family:Arial,Helvetica,sans-serif\"><span style=\"font-size:16px\"><span style=\"color:#000000\"><span style=\"background-color:#ffffff\">Cumhurba\u015fkanl\u0131\u011f\u0131ndan verilen bilgiye g\u00f6re, Adana Y\u00fcre\u011fir K\u00fclt\u00fcr Merkezi\u2019nde ger\u00e7ekle\u015fen \u00f6d\u00fcl t\u00f6reninde Cumhurba\u015fkan\u0131 Ersin Tatar ad\u0131na \u00f6d\u00fcl\u00fcn\u00fc KKTC Mersin Ba\u015fkonsolosu Zalihe Mendeli ald\u0131.<\/span><\/span><\/span><\/span><\/p>\n<p style=\"text-align:left\"><span style=\"font-family:Arial,Helvetica,sans-serif\"><span style=\"font-size:16px\"><span style=\"color:#000000\"><span style=\"background-color:#ffffff\">\u00d6d\u00fcl t\u00f6reninde yer alamayan Cumhurba\u015fkan\u0131 Tatar, g\u00f6nderdi\u011fi yaz\u0131l\u0131 mesaj\u0131nda \u015fu ifadeleri kulland\u0131:<\/span><\/span><\/span><\/span><\/p>\n<p style=\"text-align:left\"><span style=\"font-family:Arial,Helvetica,sans-serif\"><span style=\"font-size:16px\"><span style=\"color:#000000\"><span style=\"background-color:#ffffff\">\u201cKuzey K\u0131br\u0131s T\u00fcrk Cumhuriyeti Cumhurba\u015fkan\u0131 olarak g\u00f6reve geldi\u011fim ilk g\u00fcnden beridir T\u00fcrkiye Cumhuriyeti ve T\u00fcrk Halk\u0131 ile iyi ili\u015fkiler geli\u015ftirmek ad\u0131na b\u00fcy\u00fck bir \u00e7aba sarfetmekteyim. Bu u\u011furda il il dola\u015ft\u0131\u011f\u0131m Anadolu\u2019da kar\u015f\u0131la\u015ft\u0131\u011f\u0131m ilgi, sevgi ve misafirperverlik beni ziyadesiyle mutlu etmektedir.<\/span><\/span><\/span><\/span><\/p>\n<p style=\"text-align:left\"><span style=\"font-family:Arial,Helvetica,sans-serif\"><span style=\"font-size:16px\"><span style=\"color:#000000\"><span style=\"background-color:#ffffff\">\u015eahs\u0131m ve halk\u0131m\u0131n g\u00f6z\u00fcnde K\u0131br\u0131s T\u00fcrk Halk\u0131 ile T\u00fcrkiye Halk\u0131 ayr\u0131lmaz bir b\u00fct\u00fcn\u00fcn iki taraf\u0131d\u0131r.&nbsp;<\/span><\/span><\/span><\/span><\/p>\n<p style=\"text-align:left\"><span style=\"font-family:Arial,Helvetica,sans-serif\"><span style=\"font-size:16px\"><span style=\"color:#000000\"><span style=\"background-color:#ffffff\">K\u0131br\u0131s\u2019ta ya\u015fanan t\u00fcm zul\u00fcm ve soyk\u0131r\u0131m giri\u015fimlerine ra\u011fmen T\u00fcrkl\u00fc\u011f\u00fc korumay\u0131 ba\u015faran K\u0131br\u0131s T\u00fcrk Halk\u0131 ve garant\u00f6rl\u00fck haklar\u0131n\u0131 kullanarak 1974 Mutlu Bar\u0131\u015f Harekat\u0131 ile adaya bar\u0131\u015f getirmek amac\u0131 ile gelmi\u015f olan T\u00fcrkiye Cumhuriyeti ili\u015fkilerinin ilelebet s\u0131k\u0131 bir \u015fekilde s\u00fcrmesi en b\u00fcy\u00fck temennimizdir.<\/span><\/span><\/span><\/span><\/p>\n<p style=\"text-align:left\"><span style=\"font-family:Arial,Helvetica,sans-serif\"><span style=\"font-size:16px\"><span style=\"color:#000000\"><span style=\"background-color:#ffffff\">100. y\u0131l\u0131n\u0131 tamamlam\u0131\u015f T\u00fcrkiye Cumhuriyeti\u2019nin, bu y\u0131l 40. Y\u0131l\u0131n\u0131 tamamlayan Kuzey K\u0131br\u0131s T\u00fcrk Cumhuriyeti ile yeni T\u00fcrk y\u00fczy\u0131l\u0131nda daha b\u00fcy\u00fck projelere imza atarak gerek Mavi Vatanda gerekse uluslararas\u0131 platformda ses getirece\u011fine ve Kuzey K\u0131br\u0131s T\u00fcrk Cumhuriyeti\u2019nin ba\u011f\u0131ms\u0131z iki ayr\u0131 devlet tezinin T\u00fcrk Devletleri Te\u015fkilat\u0131 ba\u015fta olmak \u00fczere uluslararas\u0131 arenada kabul g\u00f6rece\u011fine olan inanc\u0131m tamd\u0131r.<\/span><\/span><\/span><\/span><\/p>\n<p style=\"text-align:left\"><span style=\"font-family:Arial,Helvetica,sans-serif\"><span style=\"font-size:16px\"><span style=\"color:#000000\"><span style=\"background-color:#ffffff\">Bu duygu ve d\u00fc\u015f\u00fcncelerle, taraf\u0131ma tevdi edilen \u201cY\u0131l\u0131n Onur \u00d6d\u00fcl\u00fc\u201d i\u00e7in y\u00fcrekten te\u015fekk\u00fcr eder, ba\u015far\u0131l\u0131 \u00e7al\u0131\u015fmalar\u0131n\u0131z\u0131n devam\u0131n\u0131 dilerim\u201d<\/span><\/span><\/span><\/span><\/p>\n","protected":false},"excerpt":{"rendered":"<p>Cumhurba\u015fkanl\u0131\u011f\u0131ndan verilen bilgiye g\u00f6re, Adana Y\u00fcre\u011fir K\u00fclt\u00fcr Merkezi\u2019nde ger\u00e7ekle\u015fen \u00f6d\u00fcl t\u00f6reninde Cumhurba\u015fkan\u0131 Ersin Tatar ad\u0131na \u00f6d\u00fcl\u00fcn\u00fc KKTC Mersin Ba\u015fkonsolosu Zalihe Mendeli ald\u0131. \u00d6d\u00fcl t\u00f6reninde yer alamayan Cumhurba\u015fkan\u0131 Tatar, g\u00f6nderdi\u011fi yaz\u0131l\u0131 mesaj\u0131nda \u015fu ifadeleri kulland\u0131: \u201cKuzey K\u0131br\u0131s T\u00fcrk Cumhuriyeti Cumhurba\u015fkan\u0131 olarak g\u00f6reve geldi\u011fim ilk g\u00fcnden beridir T\u00fcrkiye Cumhuriyeti ve T\u00fcrk Halk\u0131 ile iyi ili\u015fkiler geli\u015ftirmek ad\u0131na<\/p>\n","protected":false},"author":1,"featured_media":22309,"comment_status":"open","ping_status":"open","sticky":false,"template":"","format":"standard","meta":{"footnotes":""},"categories":[1],"tags":[],"class_list":["post-22308","post","type-post","status-publish","format-standard","has-post-thumbnail","hentry","category-gundem"],"yoast_head":"<!-- This site is optimized with the Yoast SEO plugin v27.4 - https:\/\/yoast.com\/product\/yoast-seo-wordpress\/ -->\n<title>Tatar&#039;a T\u00fcrkiye&#039;de yay\u0131n yapan bir radyo kanal\u0131ndan &quot;Y\u0131l\u0131n Onur \u00d6d\u00fcl\u00fc&quot;... -<\/title>\n<meta name=\"robots\" content=\"index, follow, max-snippet:-1, max-image-preview:large, max-video-preview:-1\" \/>\n<link rel=\"canonical\" href=\"https:\/\/kibrisdakik.com\/?p=22308\" \/>\n<meta property=\"og:locale\" content=\"tr_TR\" \/>\n<meta property=\"og:type\" content=\"article\" \/>\n<meta property=\"og:title\" content=\"Tatar&#039;a T\u00fcrkiye&#039;de yay\u0131n yapan bir radyo kanal\u0131ndan &quot;Y\u0131l\u0131n Onur \u00d6d\u00fcl\u00fc&quot;... -\" \/>\n<meta property=\"og:description\" content=\"Cumhurba\u015fkanl\u0131\u011f\u0131ndan verilen bilgiye g\u00f6re, Adana Y\u00fcre\u011fir K\u00fclt\u00fcr Merkezi\u2019nde ger\u00e7ekle\u015fen \u00f6d\u00fcl t\u00f6reninde Cumhurba\u015fkan\u0131 Ersin Tatar ad\u0131na \u00f6d\u00fcl\u00fcn\u00fc KKTC Mersin Ba\u015fkonsolosu Zalihe Mendeli ald\u0131. \u00d6d\u00fcl t\u00f6reninde yer alamayan Cumhurba\u015fkan\u0131 Tatar, g\u00f6nderdi\u011fi yaz\u0131l\u0131 mesaj\u0131nda \u015fu ifadeleri kulland\u0131: \u201cKuzey K\u0131br\u0131s T\u00fcrk Cumhuriyeti Cumhurba\u015fkan\u0131 olarak g\u00f6reve geldi\u011fim ilk g\u00fcnden beridir T\u00fcrkiye Cumhuriyeti ve T\u00fcrk Halk\u0131 ile iyi ili\u015fkiler geli\u015ftirmek ad\u0131na\" \/>\n<meta property=\"og:url\" content=\"https:\/\/kibrisdakik.com\/?p=22308\" \/>\n<meta property=\"article:published_time\" content=\"2023-12-15T08:07:04+00:00\" \/>\n<meta property=\"og:image\" content=\"https:\/\/kibrisdakik.com\/wp-content\/uploads\/2023\/12\/tatara-turkiyede-yayin-yapan-bir-radyo-kanalindan-yilin-onur-odulu-1702625888.webp.webp\" \/>\n\t<meta property=\"og:image:width\" content=\"710\" \/>\n\t<meta property=\"og:image:height\" content=\"370\" \/>\n\t<meta property=\"og:image:type\" content=\"image\/webp\" \/>\n<meta name=\"author\" content=\"admin\" \/>\n<meta name=\"twitter:card\" content=\"summary_large_image\" \/>\n<meta name=\"twitter:label1\" content=\"Yazan:\" \/>\n\t<meta name=\"twitter:data1\" content=\"admin\" \/>\n\t<meta name=\"twitter:label2\" content=\"Tahmini okuma s\u00fcresi\" \/>\n\t<meta name=\"twitter:data2\" content=\"2 dakika\" \/>\n<script type=\"application\/ld+json\" class=\"yoast-schema-graph\">{\"@context\":\"https:\\\/\\\/schema.org\",\"@graph\":[{\"@type\":\"Article\",\"@id\":\"https:\\\/\\\/kibrisdakik.com\\\/?p=22308#article\",\"isPartOf\":{\"@id\":\"https:\\\/\\\/kibrisdakik.com\\\/?p=22308\"},\"author\":{\"name\":\"admin\",\"@id\":\"https:\\\/\\\/kibrisdakik.com\\\/#\\\/schema\\\/person\\\/9cd9d437bbb44f72b73ba127e06d8e79\"},\"headline\":\"Tatar&#039;a T\u00fcrkiye&#039;de yay\u0131n yapan bir radyo kanal\u0131ndan &quot;Y\u0131l\u0131n Onur \u00d6d\u00fcl\u00fc&quot;&#8230;\",\"datePublished\":\"2023-12-15T08:07:04+00:00\",\"mainEntityOfPage\":{\"@id\":\"https:\\\/\\\/kibrisdakik.com\\\/?p=22308\"},\"wordCount\":350,\"commentCount\":0,\"image\":{\"@id\":\"https:\\\/\\\/kibrisdakik.com\\\/?p=22308#primaryimage\"},\"thumbnailUrl\":\"https:\\\/\\\/kibrisdakik.com\\\/wp-content\\\/uploads\\\/2023\\\/12\\\/tatara-turkiyede-yayin-yapan-bir-radyo-kanalindan-yilin-onur-odulu-1702625888.webp.webp\",\"articleSection\":[\"G\u00fcndem\"],\"inLanguage\":\"tr\",\"potentialAction\":[{\"@type\":\"CommentAction\",\"name\":\"Comment\",\"target\":[\"https:\\\/\\\/kibrisdakik.com\\\/?p=22308#respond\"]}]},{\"@type\":\"WebPage\",\"@id\":\"https:\\\/\\\/kibrisdakik.com\\\/?p=22308\",\"url\":\"https:\\\/\\\/kibrisdakik.com\\\/?p=22308\",\"name\":\"Tatar&#039;a T\u00fcrkiye&#039;de yay\u0131n yapan bir radyo kanal\u0131ndan &quot;Y\u0131l\u0131n Onur \u00d6d\u00fcl\u00fc&quot;... -\",\"isPartOf\":{\"@id\":\"https:\\\/\\\/kibrisdakik.com\\\/#website\"},\"primaryImageOfPage\":{\"@id\":\"https:\\\/\\\/kibrisdakik.com\\\/?p=22308#primaryimage\"},\"image\":{\"@id\":\"https:\\\/\\\/kibrisdakik.com\\\/?p=22308#primaryimage\"},\"thumbnailUrl\":\"https:\\\/\\\/kibrisdakik.com\\\/wp-content\\\/uploads\\\/2023\\\/12\\\/tatara-turkiyede-yayin-yapan-bir-radyo-kanalindan-yilin-onur-odulu-1702625888.webp.webp\",\"datePublished\":\"2023-12-15T08:07:04+00:00\",\"author\":{\"@id\":\"https:\\\/\\\/kibrisdakik.com\\\/#\\\/schema\\\/person\\\/9cd9d437bbb44f72b73ba127e06d8e79\"},\"breadcrumb\":{\"@id\":\"https:\\\/\\\/kibrisdakik.com\\\/?p=22308#breadcrumb\"},\"inLanguage\":\"tr\",\"potentialAction\":[{\"@type\":\"ReadAction\",\"target\":[\"https:\\\/\\\/kibrisdakik.com\\\/?p=22308\"]}]},{\"@type\":\"ImageObject\",\"inLanguage\":\"tr\",\"@id\":\"https:\\\/\\\/kibrisdakik.com\\\/?p=22308#primaryimage\",\"url\":\"https:\\\/\\\/kibrisdakik.com\\\/wp-content\\\/uploads\\\/2023\\\/12\\\/tatara-turkiyede-yayin-yapan-bir-radyo-kanalindan-yilin-onur-odulu-1702625888.webp.webp\",\"contentUrl\":\"https:\\\/\\\/kibrisdakik.com\\\/wp-content\\\/uploads\\\/2023\\\/12\\\/tatara-turkiyede-yayin-yapan-bir-radyo-kanalindan-yilin-onur-odulu-1702625888.webp.webp\",\"width\":710,\"height\":370},{\"@type\":\"BreadcrumbList\",\"@id\":\"https:\\\/\\\/kibrisdakik.com\\\/?p=22308#breadcrumb\",\"itemListElement\":[{\"@type\":\"ListItem\",\"position\":1,\"name\":\"Home\",\"item\":\"https:\\\/\\\/kibrisdakik.com\\\/\"},{\"@type\":\"ListItem\",\"position\":2,\"name\":\"Tatar&#039;a T\u00fcrkiye&#039;de yay\u0131n yapan bir radyo kanal\u0131ndan &quot;Y\u0131l\u0131n Onur \u00d6d\u00fcl\u00fc&quot;&#8230;\"}]},{\"@type\":\"WebSite\",\"@id\":\"https:\\\/\\\/kibrisdakik.com\\\/#website\",\"url\":\"https:\\\/\\\/kibrisdakik.com\\\/\",\"name\":\"\",\"description\":\"Tam vaktinde haber\",\"potentialAction\":[{\"@type\":\"SearchAction\",\"target\":{\"@type\":\"EntryPoint\",\"urlTemplate\":\"https:\\\/\\\/kibrisdakik.com\\\/?s={search_term_string}\"},\"query-input\":{\"@type\":\"PropertyValueSpecification\",\"valueRequired\":true,\"valueName\":\"search_term_string\"}}],\"inLanguage\":\"tr\"},{\"@type\":\"Person\",\"@id\":\"https:\\\/\\\/kibrisdakik.com\\\/#\\\/schema\\\/person\\\/9cd9d437bbb44f72b73ba127e06d8e79\",\"name\":\"admin\",\"image\":{\"@type\":\"ImageObject\",\"inLanguage\":\"tr\",\"@id\":\"https:\\\/\\\/secure.gravatar.com\\\/avatar\\\/ccc17943b9d660506c869530f897617f7cb1c21a4bf30023f252596d83e1f007?s=96&d=mm&r=g\",\"url\":\"https:\\\/\\\/secure.gravatar.com\\\/avatar\\\/ccc17943b9d660506c869530f897617f7cb1c21a4bf30023f252596d83e1f007?s=96&d=mm&r=g\",\"contentUrl\":\"https:\\\/\\\/secure.gravatar.com\\\/avatar\\\/ccc17943b9d660506c869530f897617f7cb1c21a4bf30023f252596d83e1f007?s=96&d=mm&r=g\",\"caption\":\"admin\"},\"sameAs\":[\"https:\\\/\\\/kibrisdakik.com\"],\"url\":\"https:\\\/\\\/kibrisdakik.com\\\/?author=1\"}]}<\/script>\n<!-- \/ Yoast SEO plugin. -->","yoast_head_json":{"title":"Tatar&#039;a T\u00fcrkiye&#039;de yay\u0131n yapan bir radyo kanal\u0131ndan &quot;Y\u0131l\u0131n Onur \u00d6d\u00fcl\u00fc&quot;... -","robots":{"index":"index","follow":"follow","max-snippet":"max-snippet:-1","max-image-preview":"max-image-preview:large","max-video-preview":"max-video-preview:-1"},"canonical":"https:\/\/kibrisdakik.com\/?p=22308","og_locale":"tr_TR","og_type":"article","og_title":"Tatar&#039;a T\u00fcrkiye&#039;de yay\u0131n yapan bir radyo kanal\u0131ndan &quot;Y\u0131l\u0131n Onur \u00d6d\u00fcl\u00fc&quot;... -","og_description":"Cumhurba\u015fkanl\u0131\u011f\u0131ndan verilen bilgiye g\u00f6re, Adana Y\u00fcre\u011fir K\u00fclt\u00fcr Merkezi\u2019nde ger\u00e7ekle\u015fen \u00f6d\u00fcl t\u00f6reninde Cumhurba\u015fkan\u0131 Ersin Tatar ad\u0131na \u00f6d\u00fcl\u00fcn\u00fc KKTC Mersin Ba\u015fkonsolosu Zalihe Mendeli ald\u0131. \u00d6d\u00fcl t\u00f6reninde yer alamayan Cumhurba\u015fkan\u0131 Tatar, g\u00f6nderdi\u011fi yaz\u0131l\u0131 mesaj\u0131nda \u015fu ifadeleri kulland\u0131: \u201cKuzey K\u0131br\u0131s T\u00fcrk Cumhuriyeti Cumhurba\u015fkan\u0131 olarak g\u00f6reve geldi\u011fim ilk g\u00fcnden beridir T\u00fcrkiye Cumhuriyeti ve T\u00fcrk Halk\u0131 ile iyi ili\u015fkiler geli\u015ftirmek ad\u0131na","og_url":"https:\/\/kibrisdakik.com\/?p=22308","article_published_time":"2023-12-15T08:07:04+00:00","og_image":[{"width":710,"height":370,"url":"https:\/\/kibrisdakik.com\/wp-content\/uploads\/2023\/12\/tatara-turkiyede-yayin-yapan-bir-radyo-kanalindan-yilin-onur-odulu-1702625888.webp.webp","type":"image\/webp"}],"author":"admin","twitter_card":"summary_large_image","twitter_misc":{"Yazan:":"admin","Tahmini okuma s\u00fcresi":"2 dakika"},"schema":{"@context":"https:\/\/schema.org","@graph":[{"@type":"Article","@id":"https:\/\/kibrisdakik.com\/?p=22308#article","isPartOf":{"@id":"https:\/\/kibrisdakik.com\/?p=22308"},"author":{"name":"admin","@id":"https:\/\/kibrisdakik.com\/#\/schema\/person\/9cd9d437bbb44f72b73ba127e06d8e79"},"headline":"Tatar&#039;a T\u00fcrkiye&#039;de yay\u0131n yapan bir radyo kanal\u0131ndan &quot;Y\u0131l\u0131n Onur \u00d6d\u00fcl\u00fc&quot;&#8230;","datePublished":"2023-12-15T08:07:04+00:00","mainEntityOfPage":{"@id":"https:\/\/kibrisdakik.com\/?p=22308"},"wordCount":350,"commentCount":0,"image":{"@id":"https:\/\/kibrisdakik.com\/?p=22308#primaryimage"},"thumbnailUrl":"https:\/\/kibrisdakik.com\/wp-content\/uploads\/2023\/12\/tatara-turkiyede-yayin-yapan-bir-radyo-kanalindan-yilin-onur-odulu-1702625888.webp.webp","articleSection":["G\u00fcndem"],"inLanguage":"tr","potentialAction":[{"@type":"CommentAction","name":"Comment","target":["https:\/\/kibrisdakik.com\/?p=22308#respond"]}]},{"@type":"WebPage","@id":"https:\/\/kibrisdakik.com\/?p=22308","url":"https:\/\/kibrisdakik.com\/?p=22308","name":"Tatar&#039;a T\u00fcrkiye&#039;de yay\u0131n yapan bir radyo kanal\u0131ndan &quot;Y\u0131l\u0131n Onur \u00d6d\u00fcl\u00fc&quot;... -","isPartOf":{"@id":"https:\/\/kibrisdakik.com\/#website"},"primaryImageOfPage":{"@id":"https:\/\/kibrisdakik.com\/?p=22308#primaryimage"},"image":{"@id":"https:\/\/kibrisdakik.com\/?p=22308#primaryimage"},"thumbnailUrl":"https:\/\/kibrisdakik.com\/wp-content\/uploads\/2023\/12\/tatara-turkiyede-yayin-yapan-bir-radyo-kanalindan-yilin-onur-odulu-1702625888.webp.webp","datePublished":"2023-12-15T08:07:04+00:00","author":{"@id":"https:\/\/kibrisdakik.com\/#\/schema\/person\/9cd9d437bbb44f72b73ba127e06d8e79"},"breadcrumb":{"@id":"https:\/\/kibrisdakik.com\/?p=22308#breadcrumb"},"inLanguage":"tr","potentialAction":[{"@type":"ReadAction","target":["https:\/\/kibrisdakik.com\/?p=22308"]}]},{"@type":"ImageObject","inLanguage":"tr","@id":"https:\/\/kibrisdakik.com\/?p=22308#primaryimage","url":"https:\/\/kibrisdakik.com\/wp-content\/uploads\/2023\/12\/tatara-turkiyede-yayin-yapan-bir-radyo-kanalindan-yilin-onur-odulu-1702625888.webp.webp","contentUrl":"https:\/\/kibrisdakik.com\/wp-content\/uploads\/2023\/12\/tatara-turkiyede-yayin-yapan-bir-radyo-kanalindan-yilin-onur-odulu-1702625888.webp.webp","width":710,"height":370},{"@type":"BreadcrumbList","@id":"https:\/\/kibrisdakik.com\/?p=22308#breadcrumb","itemListElement":[{"@type":"ListItem","position":1,"name":"Home","item":"https:\/\/kibrisdakik.com\/"},{"@type":"ListItem","position":2,"name":"Tatar&#039;a T\u00fcrkiye&#039;de yay\u0131n yapan bir radyo kanal\u0131ndan &quot;Y\u0131l\u0131n Onur \u00d6d\u00fcl\u00fc&quot;&#8230;"}]},{"@type":"WebSite","@id":"https:\/\/kibrisdakik.com\/#website","url":"https:\/\/kibrisdakik.com\/","name":"","description":"Tam vaktinde haber","potentialAction":[{"@type":"SearchAction","target":{"@type":"EntryPoint","urlTemplate":"https:\/\/kibrisdakik.com\/?s={search_term_string}"},"query-input":{"@type":"PropertyValueSpecification","valueRequired":true,"valueName":"search_term_string"}}],"inLanguage":"tr"},{"@type":"Person","@id":"https:\/\/kibrisdakik.com\/#\/schema\/person\/9cd9d437bbb44f72b73ba127e06d8e79","name":"admin","image":{"@type":"ImageObject","inLanguage":"tr","@id":"https:\/\/secure.gravatar.com\/avatar\/ccc17943b9d660506c869530f897617f7cb1c21a4bf30023f252596d83e1f007?s=96&d=mm&r=g","url":"https:\/\/secure.gravatar.com\/avatar\/ccc17943b9d660506c869530f897617f7cb1c21a4bf30023f252596d83e1f007?s=96&d=mm&r=g","contentUrl":"https:\/\/secure.gravatar.com\/avatar\/ccc17943b9d660506c869530f897617f7cb1c21a4bf30023f252596d83e1f007?s=96&d=mm&r=g","caption":"admin"},"sameAs":["https:\/\/kibrisdakik.com"],"url":"https:\/\/kibrisdakik.com\/?author=1"}]}},"_links":{"self":[{"href":"https:\/\/kibrisdakik.com\/index.php?rest_route=\/wp\/v2\/posts\/22308","targetHints":{"allow":["GET"]}}],"collection":[{"href":"https:\/\/kibrisdakik.com\/index.php?rest_route=\/wp\/v2\/posts"}],"about":[{"href":"https:\/\/kibrisdakik.com\/index.php?rest_route=\/wp\/v2\/types\/post"}],"author":[{"embeddable":true,"href":"https:\/\/kibrisdakik.com\/index.php?rest_route=\/wp\/v2\/users\/1"}],"replies":[{"embeddable":true,"href":"https:\/\/kibrisdakik.com\/index.php?rest_route=%2Fwp%2Fv2%2Fcomments&post=22308"}],"version-history":[{"count":0,"href":"https:\/\/kibrisdakik.com\/index.php?rest_route=\/wp\/v2\/posts\/22308\/revisions"}],"wp:featuredmedia":[{"embeddable":true,"href":"https:\/\/kibrisdakik.com\/index.php?rest_route=\/wp\/v2\/media\/22309"}],"wp:attachment":[{"href":"https:\/\/kibrisdakik.com\/index.php?rest_route=%2Fwp%2Fv2%2Fmedia&parent=22308"}],"wp:term":[{"taxonomy":"category","embeddable":true,"href":"https:\/\/kibrisdakik.com\/index.php?rest_route=%2Fwp%2Fv2%2Fcategories&post=22308"},{"taxonomy":"post_tag","embeddable":true,"href":"https:\/\/kibrisdakik.com\/index.php?rest_route=%2Fwp%2Fv2%2Ftags&post=22308"}],"curies":[{"name":"wp","href":"https:\/\/api.w.org\/{rel}","templated":true}]}}