{"id":22342,"date":"2023-12-15T11:17:13","date_gmt":"2023-12-15T11:17:13","guid":{"rendered":"https:\/\/kibrisdakik.com\/index.php\/2023\/12\/15\/maliye-bakani-berova-bes-sendikanin-temsilcileriyle-toplanti-yapti\/"},"modified":"2023-12-15T11:17:13","modified_gmt":"2023-12-15T11:17:13","slug":"maliye-bakani-berova-bes-sendikanin-temsilcileriyle-toplanti-yapti","status":"publish","type":"post","link":"https:\/\/kibrisdakik.com\/?p=22342","title":{"rendered":"Maliye Bakan\u0131 Berova be\u015f sendikan\u0131n temsilcileriyle toplant\u0131 yapt\u0131"},"content":{"rendered":"<p><img decoding=\"async\" src=\"https:\/\/www.kibristurk.com\/images\/haberler\/2023\/12\/maliye-bakani-berova-bes-sendikanin-temsilcileriyle-toplanti-yapti-1702638590.webp\" \/><\/p>\n<p style=\"text-align:left\"><span style=\"font-size:16px\"><span style=\"font-family:Merriweather,serif !important\"><span style=\"color:#000000\"><span style=\"background-color:#ffffff\"><span style=\"font-size:16px !important\"><span style=\"font-family:Merriweather,serif !important\"><span style=\"color:#000000 !important\">Toplant\u0131ya, Maliye Bakanl\u0131\u011f\u0131 b\u00fcrokratlar\u0131 ve K\u0131br\u0131s T\u00fcrk Amme Memurlar\u0131 Sendikas\u0131 (KTAMS), KKTC Kamu \u0130\u015f\u00e7ileri Sendikas\u0131 (KAMU-\u0130\u015e), K\u0131br\u0131s T\u00fcrk Kamu G\u00f6revlileri Sendikas\u0131 (KAMUSEN), K\u0131br\u0131s T\u00fcrk \u00d6\u011fretmenler Sendikas\u0131 (KT\u00d6S), K\u0131br\u0131s T\u00fcrk Orta E\u011fitim \u00d6\u011fretmenler Sendikas\u0131 (KTOE\u00d6S) temsilcileri kat\u0131ld\u0131.<\/span><\/span><\/span><\/span><\/span><\/span><\/span><\/p>\n<p style=\"text-align:left\"><span style=\"font-size:16px\"><span style=\"font-family:Merriweather,serif !important\"><span style=\"color:#000000\"><span style=\"background-color:#ffffff\"><span style=\"font-size:16px !important\"><span style=\"font-family:Merriweather,serif !important\"><span style=\"color:#000000 !important\">Toplant\u0131 \u00f6ncesi bas\u0131na a\u00e7\u0131klama yapan Maliye Bakan\u0131 \u00d6zdemir Berova, sendika temsilcilerinin \u00f6nerilerini dinledi.<\/span><\/span><\/span><\/span><\/span><\/span><\/span><\/p>\n<p style=\"text-align:left\"><span style=\"font-size:16px\"><span style=\"font-family:Merriweather,serif !important\"><span style=\"color:#000000\"><span style=\"background-color:#ffffff\"><span style=\"font-size:16px !important\"><span style=\"font-family:Merriweather,serif !important\"><span style=\"color:#000000 !important\">Maliye Bakan\u0131 \u00d6zdemir Berova, d\u00fcnyada ya\u015fanan sorunlar ve felaketlere de\u011finerek, mali ve ekonomik a\u00e7\u0131dan zor s\u00fcre\u00e7lerden ge\u00e7ilmekte oldu\u011funu s\u00f6yledi.<\/span><\/span><\/span><\/span><\/span><\/span><\/span><\/p>\n<p style=\"text-align:left\"><span style=\"font-size:16px\"><span style=\"font-family:Merriweather,serif !important\"><span style=\"color:#000000\"><span style=\"background-color:#ffffff\"><span style=\"font-size:16px !important\"><span style=\"font-family:Merriweather,serif !important\"><span style=\"color:#000000 !important\">Berova, Ba\u015fbakan \u00dcnal \u00dcstel\u2019in direktifleri do\u011frultusunda enflasyonun ve ona ba\u011fl\u0131 etkilerin alt ve orta gelir gruplar\u0131nda hissedilmesinin minimize edilmesi ad\u0131na al\u0131nan \u00f6nlemlerle ilgili bilgi verdi.<\/span><\/span><\/span><\/span><\/span><\/span><\/span><\/p>\n<p style=\"text-align:left\"><span style=\"font-size:16px\"><span style=\"font-family:Merriweather,serif !important\"><span style=\"color:#000000\"><span style=\"background-color:#ffffff\"><span style=\"font-size:16px !important\"><span style=\"font-family:Merriweather,serif !important\"><span style=\"color:#000000 !important\">Hayat pahal\u0131l\u0131\u011f\u0131n\u0131n 2024 y\u0131l\u0131nda, y\u0131lda \u00fc\u00e7 kez yans\u0131t\u0131lmas\u0131na y\u00f6nelik \u00e7al\u0131\u015fmalar yap\u0131ld\u0131\u011f\u0131n\u0131 dile getiren Berova, b\u00fct\u00e7e g\u00f6r\u00fc\u015fmeleri s\u0131ras\u0131nda \u00e7al\u0131\u015fmalar yap\u0131ld\u0131\u011f\u0131n\u0131, b\u00fct\u00e7e g\u00f6r\u00fc\u015fmelerinin sona ermesinin ard\u0131ndan yasal d\u00fczenlemenin Meclis\u2019e getirilmesinin planland\u0131\u011f\u0131n\u0131 belirtti.<\/span><\/span><\/span><\/span><\/span><\/span><\/span><\/p>\n<p style=\"text-align:left\"><span style=\"font-size:16px\"><span style=\"font-family:Merriweather,serif !important\"><span style=\"color:#000000\"><span style=\"background-color:#ffffff\"><span style=\"font-size:16px !important\"><span style=\"font-family:Merriweather,serif !important\"><span style=\"color:#000000 !important\">Berova, yasada yap\u0131lacak tadilat\u0131n ard\u0131ndan 2024 y\u0131l\u0131nda bir y\u0131l boyunca hayat pahal\u0131l\u0131\u011f\u0131n\u0131n d\u00f6rt ayda bir yans\u0131t\u0131laca\u011f\u0131n\u0131 s\u00f6yledi.<\/span><\/span><\/span><\/span><\/span><\/span><\/span><\/p>\n<p style=\"text-align:left\"><span style=\"font-size:16px\"><span style=\"font-family:Merriweather,serif !important\"><span style=\"color:#000000\"><span style=\"background-color:#ffffff\"><span style=\"font-size:16px !important\"><span style=\"font-family:Merriweather,serif !important\"><span style=\"color:#000000 !important\">Y\u0131ll\u0131k matrah dilimleri, vergi oranlar\u0131 ve ki\u015fisel muafiyetlerin ne olaca\u011f\u0131 konusunda \u00e7al\u0131\u015fmalar\u0131n devam etti\u011fini dile getiren Berova, farkl\u0131 alternatifler \u00fczerinde \u00e7al\u0131\u015f\u0131ld\u0131\u011f\u0131n\u0131, sendikalardan da g\u00f6r\u00fc\u015f al\u0131naca\u011f\u0131n\u0131 Ocak sonunda y\u00fcr\u00fcrl\u00fc\u011fe girmesinin hedeflendi\u011fini belirtti.<\/span><\/span><\/span><\/span><\/span><\/span><\/span><\/p>\n","protected":false},"excerpt":{"rendered":"<p>Toplant\u0131ya, Maliye Bakanl\u0131\u011f\u0131 b\u00fcrokratlar\u0131 ve K\u0131br\u0131s T\u00fcrk Amme Memurlar\u0131 Sendikas\u0131 (KTAMS), KKTC Kamu \u0130\u015f\u00e7ileri Sendikas\u0131 (KAMU-\u0130\u015e), K\u0131br\u0131s T\u00fcrk Kamu G\u00f6revlileri Sendikas\u0131 (KAMUSEN), K\u0131br\u0131s T\u00fcrk \u00d6\u011fretmenler Sendikas\u0131 (KT\u00d6S), K\u0131br\u0131s T\u00fcrk Orta E\u011fitim \u00d6\u011fretmenler Sendikas\u0131 (KTOE\u00d6S) temsilcileri kat\u0131ld\u0131. Toplant\u0131 \u00f6ncesi bas\u0131na a\u00e7\u0131klama yapan Maliye Bakan\u0131 \u00d6zdemir Berova, sendika temsilcilerinin \u00f6nerilerini dinledi. Maliye Bakan\u0131 \u00d6zdemir Berova, d\u00fcnyada ya\u015fanan<\/p>\n","protected":false},"author":1,"featured_media":22343,"comment_status":"open","ping_status":"open","sticky":false,"template":"","format":"standard","meta":{"footnotes":""},"categories":[1],"tags":[],"class_list":["post-22342","post","type-post","status-publish","format-standard","has-post-thumbnail","hentry","category-gundem"],"yoast_head":"<!-- This site is optimized with the Yoast SEO plugin v27.5 - https:\/\/yoast.com\/product\/yoast-seo-wordpress\/ -->\n<title>Maliye Bakan\u0131 Berova be\u015f sendikan\u0131n temsilcileriyle toplant\u0131 yapt\u0131 -<\/title>\n<meta name=\"robots\" content=\"index, follow, max-snippet:-1, max-image-preview:large, max-video-preview:-1\" \/>\n<link rel=\"canonical\" href=\"https:\/\/kibrisdakik.com\/?p=22342\" \/>\n<meta property=\"og:locale\" content=\"tr_TR\" \/>\n<meta property=\"og:type\" content=\"article\" \/>\n<meta property=\"og:title\" content=\"Maliye Bakan\u0131 Berova be\u015f sendikan\u0131n temsilcileriyle toplant\u0131 yapt\u0131 -\" \/>\n<meta property=\"og:description\" content=\"Toplant\u0131ya, Maliye Bakanl\u0131\u011f\u0131 b\u00fcrokratlar\u0131 ve K\u0131br\u0131s T\u00fcrk Amme Memurlar\u0131 Sendikas\u0131 (KTAMS), KKTC Kamu \u0130\u015f\u00e7ileri Sendikas\u0131 (KAMU-\u0130\u015e), K\u0131br\u0131s T\u00fcrk Kamu G\u00f6revlileri Sendikas\u0131 (KAMUSEN), K\u0131br\u0131s T\u00fcrk \u00d6\u011fretmenler Sendikas\u0131 (KT\u00d6S), K\u0131br\u0131s T\u00fcrk Orta E\u011fitim \u00d6\u011fretmenler Sendikas\u0131 (KTOE\u00d6S) temsilcileri kat\u0131ld\u0131. Toplant\u0131 \u00f6ncesi bas\u0131na a\u00e7\u0131klama yapan Maliye Bakan\u0131 \u00d6zdemir Berova, sendika temsilcilerinin \u00f6nerilerini dinledi. Maliye Bakan\u0131 \u00d6zdemir Berova, d\u00fcnyada ya\u015fanan\" \/>\n<meta property=\"og:url\" content=\"https:\/\/kibrisdakik.com\/?p=22342\" \/>\n<meta property=\"article:published_time\" content=\"2023-12-15T11:17:13+00:00\" \/>\n<meta property=\"og:image\" content=\"https:\/\/kibrisdakik.com\/wp-content\/uploads\/2023\/12\/maliye-bakani-berova-bes-sendikanin-temsilcileriyle-toplanti-yapti-1702638590.webp.webp\" \/>\n\t<meta property=\"og:image:width\" content=\"710\" \/>\n\t<meta property=\"og:image:height\" content=\"370\" \/>\n\t<meta property=\"og:image:type\" content=\"image\/webp\" \/>\n<meta name=\"author\" content=\"admin\" \/>\n<meta name=\"twitter:card\" content=\"summary_large_image\" \/>\n<meta name=\"twitter:label1\" content=\"Yazan:\" \/>\n\t<meta name=\"twitter:data1\" content=\"admin\" \/>\n\t<meta name=\"twitter:label2\" content=\"Tahmini okuma s\u00fcresi\" \/>\n\t<meta name=\"twitter:data2\" content=\"1 dakika\" \/>\n<script type=\"application\/ld+json\" class=\"yoast-schema-graph\">{\"@context\":\"https:\\\/\\\/schema.org\",\"@graph\":[{\"@type\":\"Article\",\"@id\":\"https:\\\/\\\/kibrisdakik.com\\\/?p=22342#article\",\"isPartOf\":{\"@id\":\"https:\\\/\\\/kibrisdakik.com\\\/?p=22342\"},\"author\":{\"name\":\"admin\",\"@id\":\"https:\\\/\\\/kibrisdakik.com\\\/#\\\/schema\\\/person\\\/9cd9d437bbb44f72b73ba127e06d8e79\"},\"headline\":\"Maliye Bakan\u0131 Berova be\u015f sendikan\u0131n temsilcileriyle toplant\u0131 yapt\u0131\",\"datePublished\":\"2023-12-15T11:17:13+00:00\",\"mainEntityOfPage\":{\"@id\":\"https:\\\/\\\/kibrisdakik.com\\\/?p=22342\"},\"wordCount\":273,\"commentCount\":0,\"image\":{\"@id\":\"https:\\\/\\\/kibrisdakik.com\\\/?p=22342#primaryimage\"},\"thumbnailUrl\":\"https:\\\/\\\/kibrisdakik.com\\\/wp-content\\\/uploads\\\/2023\\\/12\\\/maliye-bakani-berova-bes-sendikanin-temsilcileriyle-toplanti-yapti-1702638590.webp.webp\",\"articleSection\":[\"G\u00fcndem\"],\"inLanguage\":\"tr\",\"potentialAction\":[{\"@type\":\"CommentAction\",\"name\":\"Comment\",\"target\":[\"https:\\\/\\\/kibrisdakik.com\\\/?p=22342#respond\"]}]},{\"@type\":\"WebPage\",\"@id\":\"https:\\\/\\\/kibrisdakik.com\\\/?p=22342\",\"url\":\"https:\\\/\\\/kibrisdakik.com\\\/?p=22342\",\"name\":\"Maliye Bakan\u0131 Berova be\u015f sendikan\u0131n temsilcileriyle toplant\u0131 yapt\u0131 -\",\"isPartOf\":{\"@id\":\"https:\\\/\\\/kibrisdakik.com\\\/#website\"},\"primaryImageOfPage\":{\"@id\":\"https:\\\/\\\/kibrisdakik.com\\\/?p=22342#primaryimage\"},\"image\":{\"@id\":\"https:\\\/\\\/kibrisdakik.com\\\/?p=22342#primaryimage\"},\"thumbnailUrl\":\"https:\\\/\\\/kibrisdakik.com\\\/wp-content\\\/uploads\\\/2023\\\/12\\\/maliye-bakani-berova-bes-sendikanin-temsilcileriyle-toplanti-yapti-1702638590.webp.webp\",\"datePublished\":\"2023-12-15T11:17:13+00:00\",\"author\":{\"@id\":\"https:\\\/\\\/kibrisdakik.com\\\/#\\\/schema\\\/person\\\/9cd9d437bbb44f72b73ba127e06d8e79\"},\"breadcrumb\":{\"@id\":\"https:\\\/\\\/kibrisdakik.com\\\/?p=22342#breadcrumb\"},\"inLanguage\":\"tr\",\"potentialAction\":[{\"@type\":\"ReadAction\",\"target\":[\"https:\\\/\\\/kibrisdakik.com\\\/?p=22342\"]}]},{\"@type\":\"ImageObject\",\"inLanguage\":\"tr\",\"@id\":\"https:\\\/\\\/kibrisdakik.com\\\/?p=22342#primaryimage\",\"url\":\"https:\\\/\\\/kibrisdakik.com\\\/wp-content\\\/uploads\\\/2023\\\/12\\\/maliye-bakani-berova-bes-sendikanin-temsilcileriyle-toplanti-yapti-1702638590.webp.webp\",\"contentUrl\":\"https:\\\/\\\/kibrisdakik.com\\\/wp-content\\\/uploads\\\/2023\\\/12\\\/maliye-bakani-berova-bes-sendikanin-temsilcileriyle-toplanti-yapti-1702638590.webp.webp\",\"width\":710,\"height\":370},{\"@type\":\"BreadcrumbList\",\"@id\":\"https:\\\/\\\/kibrisdakik.com\\\/?p=22342#breadcrumb\",\"itemListElement\":[{\"@type\":\"ListItem\",\"position\":1,\"name\":\"Home\",\"item\":\"https:\\\/\\\/kibrisdakik.com\\\/\"},{\"@type\":\"ListItem\",\"position\":2,\"name\":\"Maliye Bakan\u0131 Berova be\u015f sendikan\u0131n temsilcileriyle toplant\u0131 yapt\u0131\"}]},{\"@type\":\"WebSite\",\"@id\":\"https:\\\/\\\/kibrisdakik.com\\\/#website\",\"url\":\"https:\\\/\\\/kibrisdakik.com\\\/\",\"name\":\"\",\"description\":\"Tam vaktinde haber\",\"potentialAction\":[{\"@type\":\"SearchAction\",\"target\":{\"@type\":\"EntryPoint\",\"urlTemplate\":\"https:\\\/\\\/kibrisdakik.com\\\/?s={search_term_string}\"},\"query-input\":{\"@type\":\"PropertyValueSpecification\",\"valueRequired\":true,\"valueName\":\"search_term_string\"}}],\"inLanguage\":\"tr\"},{\"@type\":\"Person\",\"@id\":\"https:\\\/\\\/kibrisdakik.com\\\/#\\\/schema\\\/person\\\/9cd9d437bbb44f72b73ba127e06d8e79\",\"name\":\"admin\",\"image\":{\"@type\":\"ImageObject\",\"inLanguage\":\"tr\",\"@id\":\"https:\\\/\\\/secure.gravatar.com\\\/avatar\\\/ccc17943b9d660506c869530f897617f7cb1c21a4bf30023f252596d83e1f007?s=96&d=mm&r=g\",\"url\":\"https:\\\/\\\/secure.gravatar.com\\\/avatar\\\/ccc17943b9d660506c869530f897617f7cb1c21a4bf30023f252596d83e1f007?s=96&d=mm&r=g\",\"contentUrl\":\"https:\\\/\\\/secure.gravatar.com\\\/avatar\\\/ccc17943b9d660506c869530f897617f7cb1c21a4bf30023f252596d83e1f007?s=96&d=mm&r=g\",\"caption\":\"admin\"},\"sameAs\":[\"https:\\\/\\\/kibrisdakik.com\"],\"url\":\"https:\\\/\\\/kibrisdakik.com\\\/?author=1\"}]}<\/script>\n<!-- \/ Yoast SEO plugin. -->","yoast_head_json":{"title":"Maliye Bakan\u0131 Berova be\u015f sendikan\u0131n temsilcileriyle toplant\u0131 yapt\u0131 -","robots":{"index":"index","follow":"follow","max-snippet":"max-snippet:-1","max-image-preview":"max-image-preview:large","max-video-preview":"max-video-preview:-1"},"canonical":"https:\/\/kibrisdakik.com\/?p=22342","og_locale":"tr_TR","og_type":"article","og_title":"Maliye Bakan\u0131 Berova be\u015f sendikan\u0131n temsilcileriyle toplant\u0131 yapt\u0131 -","og_description":"Toplant\u0131ya, Maliye Bakanl\u0131\u011f\u0131 b\u00fcrokratlar\u0131 ve K\u0131br\u0131s T\u00fcrk Amme Memurlar\u0131 Sendikas\u0131 (KTAMS), KKTC Kamu \u0130\u015f\u00e7ileri Sendikas\u0131 (KAMU-\u0130\u015e), K\u0131br\u0131s T\u00fcrk Kamu G\u00f6revlileri Sendikas\u0131 (KAMUSEN), K\u0131br\u0131s T\u00fcrk \u00d6\u011fretmenler Sendikas\u0131 (KT\u00d6S), K\u0131br\u0131s T\u00fcrk Orta E\u011fitim \u00d6\u011fretmenler Sendikas\u0131 (KTOE\u00d6S) temsilcileri kat\u0131ld\u0131. Toplant\u0131 \u00f6ncesi bas\u0131na a\u00e7\u0131klama yapan Maliye Bakan\u0131 \u00d6zdemir Berova, sendika temsilcilerinin \u00f6nerilerini dinledi. Maliye Bakan\u0131 \u00d6zdemir Berova, d\u00fcnyada ya\u015fanan","og_url":"https:\/\/kibrisdakik.com\/?p=22342","article_published_time":"2023-12-15T11:17:13+00:00","og_image":[{"width":710,"height":370,"url":"https:\/\/kibrisdakik.com\/wp-content\/uploads\/2023\/12\/maliye-bakani-berova-bes-sendikanin-temsilcileriyle-toplanti-yapti-1702638590.webp.webp","type":"image\/webp"}],"author":"admin","twitter_card":"summary_large_image","twitter_misc":{"Yazan:":"admin","Tahmini okuma s\u00fcresi":"1 dakika"},"schema":{"@context":"https:\/\/schema.org","@graph":[{"@type":"Article","@id":"https:\/\/kibrisdakik.com\/?p=22342#article","isPartOf":{"@id":"https:\/\/kibrisdakik.com\/?p=22342"},"author":{"name":"admin","@id":"https:\/\/kibrisdakik.com\/#\/schema\/person\/9cd9d437bbb44f72b73ba127e06d8e79"},"headline":"Maliye Bakan\u0131 Berova be\u015f sendikan\u0131n temsilcileriyle toplant\u0131 yapt\u0131","datePublished":"2023-12-15T11:17:13+00:00","mainEntityOfPage":{"@id":"https:\/\/kibrisdakik.com\/?p=22342"},"wordCount":273,"commentCount":0,"image":{"@id":"https:\/\/kibrisdakik.com\/?p=22342#primaryimage"},"thumbnailUrl":"https:\/\/kibrisdakik.com\/wp-content\/uploads\/2023\/12\/maliye-bakani-berova-bes-sendikanin-temsilcileriyle-toplanti-yapti-1702638590.webp.webp","articleSection":["G\u00fcndem"],"inLanguage":"tr","potentialAction":[{"@type":"CommentAction","name":"Comment","target":["https:\/\/kibrisdakik.com\/?p=22342#respond"]}]},{"@type":"WebPage","@id":"https:\/\/kibrisdakik.com\/?p=22342","url":"https:\/\/kibrisdakik.com\/?p=22342","name":"Maliye Bakan\u0131 Berova be\u015f sendikan\u0131n temsilcileriyle toplant\u0131 yapt\u0131 -","isPartOf":{"@id":"https:\/\/kibrisdakik.com\/#website"},"primaryImageOfPage":{"@id":"https:\/\/kibrisdakik.com\/?p=22342#primaryimage"},"image":{"@id":"https:\/\/kibrisdakik.com\/?p=22342#primaryimage"},"thumbnailUrl":"https:\/\/kibrisdakik.com\/wp-content\/uploads\/2023\/12\/maliye-bakani-berova-bes-sendikanin-temsilcileriyle-toplanti-yapti-1702638590.webp.webp","datePublished":"2023-12-15T11:17:13+00:00","author":{"@id":"https:\/\/kibrisdakik.com\/#\/schema\/person\/9cd9d437bbb44f72b73ba127e06d8e79"},"breadcrumb":{"@id":"https:\/\/kibrisdakik.com\/?p=22342#breadcrumb"},"inLanguage":"tr","potentialAction":[{"@type":"ReadAction","target":["https:\/\/kibrisdakik.com\/?p=22342"]}]},{"@type":"ImageObject","inLanguage":"tr","@id":"https:\/\/kibrisdakik.com\/?p=22342#primaryimage","url":"https:\/\/kibrisdakik.com\/wp-content\/uploads\/2023\/12\/maliye-bakani-berova-bes-sendikanin-temsilcileriyle-toplanti-yapti-1702638590.webp.webp","contentUrl":"https:\/\/kibrisdakik.com\/wp-content\/uploads\/2023\/12\/maliye-bakani-berova-bes-sendikanin-temsilcileriyle-toplanti-yapti-1702638590.webp.webp","width":710,"height":370},{"@type":"BreadcrumbList","@id":"https:\/\/kibrisdakik.com\/?p=22342#breadcrumb","itemListElement":[{"@type":"ListItem","position":1,"name":"Home","item":"https:\/\/kibrisdakik.com\/"},{"@type":"ListItem","position":2,"name":"Maliye Bakan\u0131 Berova be\u015f sendikan\u0131n temsilcileriyle toplant\u0131 yapt\u0131"}]},{"@type":"WebSite","@id":"https:\/\/kibrisdakik.com\/#website","url":"https:\/\/kibrisdakik.com\/","name":"","description":"Tam vaktinde haber","potentialAction":[{"@type":"SearchAction","target":{"@type":"EntryPoint","urlTemplate":"https:\/\/kibrisdakik.com\/?s={search_term_string}"},"query-input":{"@type":"PropertyValueSpecification","valueRequired":true,"valueName":"search_term_string"}}],"inLanguage":"tr"},{"@type":"Person","@id":"https:\/\/kibrisdakik.com\/#\/schema\/person\/9cd9d437bbb44f72b73ba127e06d8e79","name":"admin","image":{"@type":"ImageObject","inLanguage":"tr","@id":"https:\/\/secure.gravatar.com\/avatar\/ccc17943b9d660506c869530f897617f7cb1c21a4bf30023f252596d83e1f007?s=96&d=mm&r=g","url":"https:\/\/secure.gravatar.com\/avatar\/ccc17943b9d660506c869530f897617f7cb1c21a4bf30023f252596d83e1f007?s=96&d=mm&r=g","contentUrl":"https:\/\/secure.gravatar.com\/avatar\/ccc17943b9d660506c869530f897617f7cb1c21a4bf30023f252596d83e1f007?s=96&d=mm&r=g","caption":"admin"},"sameAs":["https:\/\/kibrisdakik.com"],"url":"https:\/\/kibrisdakik.com\/?author=1"}]}},"_links":{"self":[{"href":"https:\/\/kibrisdakik.com\/index.php?rest_route=\/wp\/v2\/posts\/22342","targetHints":{"allow":["GET"]}}],"collection":[{"href":"https:\/\/kibrisdakik.com\/index.php?rest_route=\/wp\/v2\/posts"}],"about":[{"href":"https:\/\/kibrisdakik.com\/index.php?rest_route=\/wp\/v2\/types\/post"}],"author":[{"embeddable":true,"href":"https:\/\/kibrisdakik.com\/index.php?rest_route=\/wp\/v2\/users\/1"}],"replies":[{"embeddable":true,"href":"https:\/\/kibrisdakik.com\/index.php?rest_route=%2Fwp%2Fv2%2Fcomments&post=22342"}],"version-history":[{"count":0,"href":"https:\/\/kibrisdakik.com\/index.php?rest_route=\/wp\/v2\/posts\/22342\/revisions"}],"wp:featuredmedia":[{"embeddable":true,"href":"https:\/\/kibrisdakik.com\/index.php?rest_route=\/wp\/v2\/media\/22343"}],"wp:attachment":[{"href":"https:\/\/kibrisdakik.com\/index.php?rest_route=%2Fwp%2Fv2%2Fmedia&parent=22342"}],"wp:term":[{"taxonomy":"category","embeddable":true,"href":"https:\/\/kibrisdakik.com\/index.php?rest_route=%2Fwp%2Fv2%2Fcategories&post=22342"},{"taxonomy":"post_tag","embeddable":true,"href":"https:\/\/kibrisdakik.com\/index.php?rest_route=%2Fwp%2Fv2%2Ftags&post=22342"}],"curies":[{"name":"wp","href":"https:\/\/api.w.org\/{rel}","templated":true}]}}