{"id":22378,"date":"2023-12-15T15:07:14","date_gmt":"2023-12-15T15:07:14","guid":{"rendered":"https:\/\/kibrisdakik.com\/index.php\/2023\/12\/15\/secil-erzan-sorusturmasinda-flas-fatih-terim-karari-teknik-inceleme-baslatildi\/"},"modified":"2023-12-15T15:07:14","modified_gmt":"2023-12-15T15:07:14","slug":"secil-erzan-sorusturmasinda-flas-fatih-terim-karari-teknik-inceleme-baslatildi","status":"publish","type":"post","link":"https:\/\/kibrisdakik.com\/?p=22378","title":{"rendered":"Se\u00e7il Erzan soru\u015fturmas\u0131nda fla\u015f Fatih Terim karar\u0131: Teknik inceleme ba\u015flat\u0131ld\u0131"},"content":{"rendered":"<p><img decoding=\"async\" src=\"https:\/\/www.kibristurk.com\/images\/haberler\/2023\/12\/secil-erzan-sorusturmasinda-flas-fatih-terim-karari-teknik-inceleme-baslatildi-1702651479.webp\" \/><\/p>\n<p>T\u00fcrkiye&#8217;nin g\u00fcnlerdir g\u00fcndeminde yer alan Se\u00e7il Erzan dosyas\u0131nda \u00e7ok kritik bir ayr\u0131nt\u0131ya ula\u015f\u0131ld\u0131. Cumhuriyet\u2019in, adliye kaynaklar\u0131ndan edindi\u011fi bilgilere g\u00f6re Fatih Terim\u2019in banka d\u00f6k\u00fcmlerine y\u00f6nelik teknik inceleme ba\u015flat\u0131ld\u0131. Konuya ili\u015fkin soru\u015fturma devam ediyor.&nbsp;<\/p>\n<p>Soru\u015fturma kapsam\u0131nda bilgisine ba\u015fvurulan s\u0131fat\u0131yla savc\u0131l\u0131\u011fa ifade veren Fatih Terim, &#8220;Bu fonla alakal\u0131 Se\u00e7il Erzan\u2019a hi\u00e7 para vermedim. Bahsedilen fon ile yak\u0131ndan uzaktan ilgim yok&#8221; demi\u015fti. Terim, bahsedilen fon i\u00e7in de kendisinden para istenmedi\u011fini anlatt\u0131. Fatih Terim ayr\u0131ca olay\u0131 duymas\u0131yla birlikte bankadaki paras\u0131n\u0131 e\u015fi Fulya Terim\u2019in ba\u015fka bir bankadaki hesab\u0131na aktard\u0131\u011f\u0131n\u0131 s\u00f6ylemi\u015f ve bu paran\u0131n 3 milyon dolar\u0131n\u0131n eksik g\u00f6nderildi\u011fini ifade etmi\u015fti.&nbsp;<\/p>\n<p>Se\u00e7il Erzan ise 2 May\u0131s 2023 tarihinde savc\u0131l\u0131k sorgusunda Fatih Terim\u2019den fon sebebiyle para almad\u0131\u011f\u0131n\u0131, ancak kendisinin finansal dan\u0131\u015fman\u0131 oldu\u011funu s\u00f6yleyerek, 2012 y\u0131l\u0131ndan itibaren Terim\u2019in t\u00fcm bankac\u0131l\u0131k i\u015flemleriyle ilgilendi\u011fini, hukuka ayk\u0131r\u0131 hi\u00e7bir i\u015flem yapmad\u0131\u011f\u0131n\u0131, e\u011fer b\u00f6yle bir iddia olursa her i\u015flemi detayl\u0131 olarak a\u00e7\u0131klayabilece\u011fini belirtmi\u015fti.&nbsp;<\/p>\n<h3>TEKN\u0130K \u0130NCELEME<\/h3>\n<p>Cumhuriyet\u2019in adliye kaynaklar\u0131ndan edindi\u011fi bilgilere g\u00f6re \u0130stanbul Cumhuriyet Ba\u015fsavc\u0131l\u0131\u011f\u0131, Fatih Terim&#8217;in banka hesab\u0131ndan &#8216;gizli fon&#8217; i\u00e7in para kullan\u0131l\u0131p kullan\u0131lmad\u0131\u011f\u0131, Terim&#8217;in bu fona para yat\u0131r\u0131p yat\u0131rmad\u0131\u011f\u0131 ya da fondan para al\u0131p almad\u0131\u011f\u0131n\u0131n incelenmesi i\u00e7in teknik inceleme ba\u015flatt\u0131. Savc\u0131l\u0131\u011f\u0131n konu hakk\u0131ndaki soru\u015fturmas\u0131n\u0131n da devam etti\u011fi \u00f6\u011frenildi.<\/p>\n<h3>OLAYIN GE\u00c7M\u0130\u015e\u0130<\/h3>\n<p>Futbolcular Arda Turan, Emre Bel\u00f6zo\u011flu, Fernando Muslera, Sel\u00e7uk \u0130nan ve Volkan Bah\u00e7ekap\u0131l\u0131\u2019n\u0131n da aralar\u0131nda bulundu\u011fu futbol d\u00fcnyas\u0131n\u0131n 18 \u00fcnl\u00fc ismini milyonlarca dolar doland\u0131rd\u0131\u011f\u0131 iddia edilen bankac\u0131 Se\u00e7il Erzan\u2019\u0131n, \u00fcnl\u00fc teknik adam Fatih Terim\u2019in ad\u0131n\u0131 kullanarak milyonlarca dolar doland\u0131r\u0131c\u0131l\u0131k yapt\u0131\u011f\u0131 iddia edildi.&nbsp;<\/p>\n<p>San\u0131k Erzan&#8217;\u0131n &#8220;\u00f6zel belgede sahtecilik&#8221; ve &#8220;nitelikli doland\u0131r\u0131c\u0131l\u0131k&#8221; su\u00e7lar\u0131ndan 69 y\u0131ldan 226 y\u0131la kadar hapsi istendi. San\u0131klar Ali Y\u00f6r\u00fck, Kerem Can, H\u00fcseyin Elig\u00fcl, Nazl\u0131 Can, Atilla Y\u00f6r\u00fck ve Asiye \u00d6zt\u00fcrk&#8217;\u00fcn ise ayn\u0131 su\u00e7lardan 3 y\u0131l ile 65 y\u0131l aras\u0131nda de\u011fi\u015fen oranlarda hapisle cezaland\u0131r\u0131lmalar\u0131 talep edildi.<\/p>\n<p>\u0130stanbul 41. A\u011f\u0131r Ceza Mahkemesinde 20 Kas\u0131m 2023\u2019te 4&#8217;\u00fc tutuklu 7 san\u0131k hakim kar\u015f\u0131s\u0131na \u00e7\u0131km\u0131\u015ft\u0131. Mahkeme heyeti, tutuklu 2 san\u0131\u011f\u0131n tahliyesine karar vererek, duru\u015fmay\u0131 12 Ocak 2024&#8217;e ertelemi\u015fti.&nbsp;<\/p>\n","protected":false},"excerpt":{"rendered":"<p>T\u00fcrkiye&#8217;nin g\u00fcnlerdir g\u00fcndeminde yer alan Se\u00e7il Erzan dosyas\u0131nda \u00e7ok kritik bir ayr\u0131nt\u0131ya ula\u015f\u0131ld\u0131. Cumhuriyet\u2019in, adliye kaynaklar\u0131ndan edindi\u011fi bilgilere g\u00f6re Fatih Terim\u2019in banka d\u00f6k\u00fcmlerine y\u00f6nelik teknik inceleme ba\u015flat\u0131ld\u0131. Konuya ili\u015fkin soru\u015fturma devam ediyor.&nbsp; Soru\u015fturma kapsam\u0131nda bilgisine ba\u015fvurulan s\u0131fat\u0131yla savc\u0131l\u0131\u011fa ifade veren Fatih Terim, &#8220;Bu fonla alakal\u0131 Se\u00e7il Erzan\u2019a hi\u00e7 para vermedim. Bahsedilen fon ile yak\u0131ndan uzaktan<\/p>\n","protected":false},"author":1,"featured_media":22379,"comment_status":"open","ping_status":"open","sticky":false,"template":"","format":"standard","meta":{"footnotes":""},"categories":[86],"tags":[],"class_list":["post-22378","post","type-post","status-publish","format-standard","has-post-thumbnail","hentry","category-turkiye"],"yoast_head":"<!-- This site is optimized with the Yoast SEO plugin v27.4 - https:\/\/yoast.com\/product\/yoast-seo-wordpress\/ -->\n<title>Se\u00e7il Erzan soru\u015fturmas\u0131nda fla\u015f Fatih Terim karar\u0131: Teknik inceleme ba\u015flat\u0131ld\u0131 -<\/title>\n<meta name=\"robots\" content=\"index, follow, max-snippet:-1, max-image-preview:large, max-video-preview:-1\" \/>\n<link rel=\"canonical\" href=\"https:\/\/kibrisdakik.com\/?p=22378\" \/>\n<meta property=\"og:locale\" content=\"tr_TR\" \/>\n<meta property=\"og:type\" content=\"article\" \/>\n<meta property=\"og:title\" content=\"Se\u00e7il Erzan soru\u015fturmas\u0131nda fla\u015f Fatih Terim karar\u0131: Teknik inceleme ba\u015flat\u0131ld\u0131 -\" \/>\n<meta property=\"og:description\" content=\"T\u00fcrkiye&#8217;nin g\u00fcnlerdir g\u00fcndeminde yer alan Se\u00e7il Erzan dosyas\u0131nda \u00e7ok kritik bir ayr\u0131nt\u0131ya ula\u015f\u0131ld\u0131. Cumhuriyet\u2019in, adliye kaynaklar\u0131ndan edindi\u011fi bilgilere g\u00f6re Fatih Terim\u2019in banka d\u00f6k\u00fcmlerine y\u00f6nelik teknik inceleme ba\u015flat\u0131ld\u0131. Konuya ili\u015fkin soru\u015fturma devam ediyor.&nbsp; Soru\u015fturma kapsam\u0131nda bilgisine ba\u015fvurulan s\u0131fat\u0131yla savc\u0131l\u0131\u011fa ifade veren Fatih Terim, &#8220;Bu fonla alakal\u0131 Se\u00e7il Erzan\u2019a hi\u00e7 para vermedim. Bahsedilen fon ile yak\u0131ndan uzaktan\" \/>\n<meta property=\"og:url\" content=\"https:\/\/kibrisdakik.com\/?p=22378\" \/>\n<meta property=\"article:published_time\" content=\"2023-12-15T15:07:14+00:00\" \/>\n<meta property=\"og:image\" content=\"https:\/\/kibrisdakik.com\/wp-content\/uploads\/2023\/12\/secil-erzan-sorusturmasinda-flas-fatih-terim-karari-teknik-inceleme-baslatildi-1702651479.webp.webp\" \/>\n\t<meta property=\"og:image:width\" content=\"710\" \/>\n\t<meta property=\"og:image:height\" content=\"370\" \/>\n\t<meta property=\"og:image:type\" content=\"image\/webp\" \/>\n<meta name=\"author\" content=\"admin\" \/>\n<meta name=\"twitter:card\" content=\"summary_large_image\" \/>\n<meta name=\"twitter:label1\" content=\"Yazan:\" \/>\n\t<meta name=\"twitter:data1\" content=\"admin\" \/>\n\t<meta name=\"twitter:label2\" content=\"Tahmini okuma s\u00fcresi\" \/>\n\t<meta name=\"twitter:data2\" content=\"2 dakika\" \/>\n<script type=\"application\/ld+json\" class=\"yoast-schema-graph\">{\"@context\":\"https:\\\/\\\/schema.org\",\"@graph\":[{\"@type\":\"Article\",\"@id\":\"https:\\\/\\\/kibrisdakik.com\\\/?p=22378#article\",\"isPartOf\":{\"@id\":\"https:\\\/\\\/kibrisdakik.com\\\/?p=22378\"},\"author\":{\"name\":\"admin\",\"@id\":\"https:\\\/\\\/kibrisdakik.com\\\/#\\\/schema\\\/person\\\/9cd9d437bbb44f72b73ba127e06d8e79\"},\"headline\":\"Se\u00e7il Erzan soru\u015fturmas\u0131nda fla\u015f Fatih Terim karar\u0131: Teknik inceleme ba\u015flat\u0131ld\u0131\",\"datePublished\":\"2023-12-15T15:07:14+00:00\",\"mainEntityOfPage\":{\"@id\":\"https:\\\/\\\/kibrisdakik.com\\\/?p=22378\"},\"wordCount\":467,\"commentCount\":0,\"image\":{\"@id\":\"https:\\\/\\\/kibrisdakik.com\\\/?p=22378#primaryimage\"},\"thumbnailUrl\":\"https:\\\/\\\/kibrisdakik.com\\\/wp-content\\\/uploads\\\/2023\\\/12\\\/secil-erzan-sorusturmasinda-flas-fatih-terim-karari-teknik-inceleme-baslatildi-1702651479.webp.webp\",\"articleSection\":[\"T\u00fcrkiye\"],\"inLanguage\":\"tr\",\"potentialAction\":[{\"@type\":\"CommentAction\",\"name\":\"Comment\",\"target\":[\"https:\\\/\\\/kibrisdakik.com\\\/?p=22378#respond\"]}]},{\"@type\":\"WebPage\",\"@id\":\"https:\\\/\\\/kibrisdakik.com\\\/?p=22378\",\"url\":\"https:\\\/\\\/kibrisdakik.com\\\/?p=22378\",\"name\":\"Se\u00e7il Erzan soru\u015fturmas\u0131nda fla\u015f Fatih Terim karar\u0131: Teknik inceleme ba\u015flat\u0131ld\u0131 -\",\"isPartOf\":{\"@id\":\"https:\\\/\\\/kibrisdakik.com\\\/#website\"},\"primaryImageOfPage\":{\"@id\":\"https:\\\/\\\/kibrisdakik.com\\\/?p=22378#primaryimage\"},\"image\":{\"@id\":\"https:\\\/\\\/kibrisdakik.com\\\/?p=22378#primaryimage\"},\"thumbnailUrl\":\"https:\\\/\\\/kibrisdakik.com\\\/wp-content\\\/uploads\\\/2023\\\/12\\\/secil-erzan-sorusturmasinda-flas-fatih-terim-karari-teknik-inceleme-baslatildi-1702651479.webp.webp\",\"datePublished\":\"2023-12-15T15:07:14+00:00\",\"author\":{\"@id\":\"https:\\\/\\\/kibrisdakik.com\\\/#\\\/schema\\\/person\\\/9cd9d437bbb44f72b73ba127e06d8e79\"},\"breadcrumb\":{\"@id\":\"https:\\\/\\\/kibrisdakik.com\\\/?p=22378#breadcrumb\"},\"inLanguage\":\"tr\",\"potentialAction\":[{\"@type\":\"ReadAction\",\"target\":[\"https:\\\/\\\/kibrisdakik.com\\\/?p=22378\"]}]},{\"@type\":\"ImageObject\",\"inLanguage\":\"tr\",\"@id\":\"https:\\\/\\\/kibrisdakik.com\\\/?p=22378#primaryimage\",\"url\":\"https:\\\/\\\/kibrisdakik.com\\\/wp-content\\\/uploads\\\/2023\\\/12\\\/secil-erzan-sorusturmasinda-flas-fatih-terim-karari-teknik-inceleme-baslatildi-1702651479.webp.webp\",\"contentUrl\":\"https:\\\/\\\/kibrisdakik.com\\\/wp-content\\\/uploads\\\/2023\\\/12\\\/secil-erzan-sorusturmasinda-flas-fatih-terim-karari-teknik-inceleme-baslatildi-1702651479.webp.webp\",\"width\":710,\"height\":370},{\"@type\":\"BreadcrumbList\",\"@id\":\"https:\\\/\\\/kibrisdakik.com\\\/?p=22378#breadcrumb\",\"itemListElement\":[{\"@type\":\"ListItem\",\"position\":1,\"name\":\"Home\",\"item\":\"https:\\\/\\\/kibrisdakik.com\\\/\"},{\"@type\":\"ListItem\",\"position\":2,\"name\":\"Se\u00e7il Erzan soru\u015fturmas\u0131nda fla\u015f Fatih Terim karar\u0131: Teknik inceleme ba\u015flat\u0131ld\u0131\"}]},{\"@type\":\"WebSite\",\"@id\":\"https:\\\/\\\/kibrisdakik.com\\\/#website\",\"url\":\"https:\\\/\\\/kibrisdakik.com\\\/\",\"name\":\"\",\"description\":\"Tam vaktinde haber\",\"potentialAction\":[{\"@type\":\"SearchAction\",\"target\":{\"@type\":\"EntryPoint\",\"urlTemplate\":\"https:\\\/\\\/kibrisdakik.com\\\/?s={search_term_string}\"},\"query-input\":{\"@type\":\"PropertyValueSpecification\",\"valueRequired\":true,\"valueName\":\"search_term_string\"}}],\"inLanguage\":\"tr\"},{\"@type\":\"Person\",\"@id\":\"https:\\\/\\\/kibrisdakik.com\\\/#\\\/schema\\\/person\\\/9cd9d437bbb44f72b73ba127e06d8e79\",\"name\":\"admin\",\"image\":{\"@type\":\"ImageObject\",\"inLanguage\":\"tr\",\"@id\":\"https:\\\/\\\/secure.gravatar.com\\\/avatar\\\/ccc17943b9d660506c869530f897617f7cb1c21a4bf30023f252596d83e1f007?s=96&d=mm&r=g\",\"url\":\"https:\\\/\\\/secure.gravatar.com\\\/avatar\\\/ccc17943b9d660506c869530f897617f7cb1c21a4bf30023f252596d83e1f007?s=96&d=mm&r=g\",\"contentUrl\":\"https:\\\/\\\/secure.gravatar.com\\\/avatar\\\/ccc17943b9d660506c869530f897617f7cb1c21a4bf30023f252596d83e1f007?s=96&d=mm&r=g\",\"caption\":\"admin\"},\"sameAs\":[\"https:\\\/\\\/kibrisdakik.com\"],\"url\":\"https:\\\/\\\/kibrisdakik.com\\\/?author=1\"}]}<\/script>\n<!-- \/ Yoast SEO plugin. -->","yoast_head_json":{"title":"Se\u00e7il Erzan soru\u015fturmas\u0131nda fla\u015f Fatih Terim karar\u0131: Teknik inceleme ba\u015flat\u0131ld\u0131 -","robots":{"index":"index","follow":"follow","max-snippet":"max-snippet:-1","max-image-preview":"max-image-preview:large","max-video-preview":"max-video-preview:-1"},"canonical":"https:\/\/kibrisdakik.com\/?p=22378","og_locale":"tr_TR","og_type":"article","og_title":"Se\u00e7il Erzan soru\u015fturmas\u0131nda fla\u015f Fatih Terim karar\u0131: Teknik inceleme ba\u015flat\u0131ld\u0131 -","og_description":"T\u00fcrkiye&#8217;nin g\u00fcnlerdir g\u00fcndeminde yer alan Se\u00e7il Erzan dosyas\u0131nda \u00e7ok kritik bir ayr\u0131nt\u0131ya ula\u015f\u0131ld\u0131. Cumhuriyet\u2019in, adliye kaynaklar\u0131ndan edindi\u011fi bilgilere g\u00f6re Fatih Terim\u2019in banka d\u00f6k\u00fcmlerine y\u00f6nelik teknik inceleme ba\u015flat\u0131ld\u0131. Konuya ili\u015fkin soru\u015fturma devam ediyor.&nbsp; Soru\u015fturma kapsam\u0131nda bilgisine ba\u015fvurulan s\u0131fat\u0131yla savc\u0131l\u0131\u011fa ifade veren Fatih Terim, &#8220;Bu fonla alakal\u0131 Se\u00e7il Erzan\u2019a hi\u00e7 para vermedim. Bahsedilen fon ile yak\u0131ndan uzaktan","og_url":"https:\/\/kibrisdakik.com\/?p=22378","article_published_time":"2023-12-15T15:07:14+00:00","og_image":[{"width":710,"height":370,"url":"https:\/\/kibrisdakik.com\/wp-content\/uploads\/2023\/12\/secil-erzan-sorusturmasinda-flas-fatih-terim-karari-teknik-inceleme-baslatildi-1702651479.webp.webp","type":"image\/webp"}],"author":"admin","twitter_card":"summary_large_image","twitter_misc":{"Yazan:":"admin","Tahmini okuma s\u00fcresi":"2 dakika"},"schema":{"@context":"https:\/\/schema.org","@graph":[{"@type":"Article","@id":"https:\/\/kibrisdakik.com\/?p=22378#article","isPartOf":{"@id":"https:\/\/kibrisdakik.com\/?p=22378"},"author":{"name":"admin","@id":"https:\/\/kibrisdakik.com\/#\/schema\/person\/9cd9d437bbb44f72b73ba127e06d8e79"},"headline":"Se\u00e7il Erzan soru\u015fturmas\u0131nda fla\u015f Fatih Terim karar\u0131: Teknik inceleme ba\u015flat\u0131ld\u0131","datePublished":"2023-12-15T15:07:14+00:00","mainEntityOfPage":{"@id":"https:\/\/kibrisdakik.com\/?p=22378"},"wordCount":467,"commentCount":0,"image":{"@id":"https:\/\/kibrisdakik.com\/?p=22378#primaryimage"},"thumbnailUrl":"https:\/\/kibrisdakik.com\/wp-content\/uploads\/2023\/12\/secil-erzan-sorusturmasinda-flas-fatih-terim-karari-teknik-inceleme-baslatildi-1702651479.webp.webp","articleSection":["T\u00fcrkiye"],"inLanguage":"tr","potentialAction":[{"@type":"CommentAction","name":"Comment","target":["https:\/\/kibrisdakik.com\/?p=22378#respond"]}]},{"@type":"WebPage","@id":"https:\/\/kibrisdakik.com\/?p=22378","url":"https:\/\/kibrisdakik.com\/?p=22378","name":"Se\u00e7il Erzan soru\u015fturmas\u0131nda fla\u015f Fatih Terim karar\u0131: Teknik inceleme ba\u015flat\u0131ld\u0131 -","isPartOf":{"@id":"https:\/\/kibrisdakik.com\/#website"},"primaryImageOfPage":{"@id":"https:\/\/kibrisdakik.com\/?p=22378#primaryimage"},"image":{"@id":"https:\/\/kibrisdakik.com\/?p=22378#primaryimage"},"thumbnailUrl":"https:\/\/kibrisdakik.com\/wp-content\/uploads\/2023\/12\/secil-erzan-sorusturmasinda-flas-fatih-terim-karari-teknik-inceleme-baslatildi-1702651479.webp.webp","datePublished":"2023-12-15T15:07:14+00:00","author":{"@id":"https:\/\/kibrisdakik.com\/#\/schema\/person\/9cd9d437bbb44f72b73ba127e06d8e79"},"breadcrumb":{"@id":"https:\/\/kibrisdakik.com\/?p=22378#breadcrumb"},"inLanguage":"tr","potentialAction":[{"@type":"ReadAction","target":["https:\/\/kibrisdakik.com\/?p=22378"]}]},{"@type":"ImageObject","inLanguage":"tr","@id":"https:\/\/kibrisdakik.com\/?p=22378#primaryimage","url":"https:\/\/kibrisdakik.com\/wp-content\/uploads\/2023\/12\/secil-erzan-sorusturmasinda-flas-fatih-terim-karari-teknik-inceleme-baslatildi-1702651479.webp.webp","contentUrl":"https:\/\/kibrisdakik.com\/wp-content\/uploads\/2023\/12\/secil-erzan-sorusturmasinda-flas-fatih-terim-karari-teknik-inceleme-baslatildi-1702651479.webp.webp","width":710,"height":370},{"@type":"BreadcrumbList","@id":"https:\/\/kibrisdakik.com\/?p=22378#breadcrumb","itemListElement":[{"@type":"ListItem","position":1,"name":"Home","item":"https:\/\/kibrisdakik.com\/"},{"@type":"ListItem","position":2,"name":"Se\u00e7il Erzan soru\u015fturmas\u0131nda fla\u015f Fatih Terim karar\u0131: Teknik inceleme ba\u015flat\u0131ld\u0131"}]},{"@type":"WebSite","@id":"https:\/\/kibrisdakik.com\/#website","url":"https:\/\/kibrisdakik.com\/","name":"","description":"Tam vaktinde haber","potentialAction":[{"@type":"SearchAction","target":{"@type":"EntryPoint","urlTemplate":"https:\/\/kibrisdakik.com\/?s={search_term_string}"},"query-input":{"@type":"PropertyValueSpecification","valueRequired":true,"valueName":"search_term_string"}}],"inLanguage":"tr"},{"@type":"Person","@id":"https:\/\/kibrisdakik.com\/#\/schema\/person\/9cd9d437bbb44f72b73ba127e06d8e79","name":"admin","image":{"@type":"ImageObject","inLanguage":"tr","@id":"https:\/\/secure.gravatar.com\/avatar\/ccc17943b9d660506c869530f897617f7cb1c21a4bf30023f252596d83e1f007?s=96&d=mm&r=g","url":"https:\/\/secure.gravatar.com\/avatar\/ccc17943b9d660506c869530f897617f7cb1c21a4bf30023f252596d83e1f007?s=96&d=mm&r=g","contentUrl":"https:\/\/secure.gravatar.com\/avatar\/ccc17943b9d660506c869530f897617f7cb1c21a4bf30023f252596d83e1f007?s=96&d=mm&r=g","caption":"admin"},"sameAs":["https:\/\/kibrisdakik.com"],"url":"https:\/\/kibrisdakik.com\/?author=1"}]}},"_links":{"self":[{"href":"https:\/\/kibrisdakik.com\/index.php?rest_route=\/wp\/v2\/posts\/22378","targetHints":{"allow":["GET"]}}],"collection":[{"href":"https:\/\/kibrisdakik.com\/index.php?rest_route=\/wp\/v2\/posts"}],"about":[{"href":"https:\/\/kibrisdakik.com\/index.php?rest_route=\/wp\/v2\/types\/post"}],"author":[{"embeddable":true,"href":"https:\/\/kibrisdakik.com\/index.php?rest_route=\/wp\/v2\/users\/1"}],"replies":[{"embeddable":true,"href":"https:\/\/kibrisdakik.com\/index.php?rest_route=%2Fwp%2Fv2%2Fcomments&post=22378"}],"version-history":[{"count":0,"href":"https:\/\/kibrisdakik.com\/index.php?rest_route=\/wp\/v2\/posts\/22378\/revisions"}],"wp:featuredmedia":[{"embeddable":true,"href":"https:\/\/kibrisdakik.com\/index.php?rest_route=\/wp\/v2\/media\/22379"}],"wp:attachment":[{"href":"https:\/\/kibrisdakik.com\/index.php?rest_route=%2Fwp%2Fv2%2Fmedia&parent=22378"}],"wp:term":[{"taxonomy":"category","embeddable":true,"href":"https:\/\/kibrisdakik.com\/index.php?rest_route=%2Fwp%2Fv2%2Fcategories&post=22378"},{"taxonomy":"post_tag","embeddable":true,"href":"https:\/\/kibrisdakik.com\/index.php?rest_route=%2Fwp%2Fv2%2Ftags&post=22378"}],"curies":[{"name":"wp","href":"https:\/\/api.w.org\/{rel}","templated":true}]}}