{"id":22389,"date":"2023-12-15T16:07:48","date_gmt":"2023-12-15T16:07:48","guid":{"rendered":"https:\/\/kibrisdakik.com\/index.php\/2023\/12\/15\/meclis-baskani-tore-mustafa-huseyin-ve-erdogan-dervis-icin-taziye-mesaji-yayimladi\/"},"modified":"2023-12-15T16:07:48","modified_gmt":"2023-12-15T16:07:48","slug":"meclis-baskani-tore-mustafa-huseyin-ve-erdogan-dervis-icin-taziye-mesaji-yayimladi","status":"publish","type":"post","link":"https:\/\/kibrisdakik.com\/?p=22389","title":{"rendered":"Meclis Ba\u015fkan\u0131 T\u00f6re, Mustafa H\u00fcseyin ve Erdo\u011fan Dervi\u015f i\u00e7in taziye mesaj\u0131 yay\u0131mlad\u0131"},"content":{"rendered":"<p><img decoding=\"async\" src=\"https:\/\/www.kibristurk.com\/images\/haberler\/2023\/12\/meclis-baskani-tore-mustafa-huseyin-ve-erdogan-dervis-icin-taziye-mesaji-yayimladi-1702643636.webp\" \/><\/p>\n<p style=\"text-align:left\"><span style=\"font-size:16px\"><span style=\"font-family:Merriweather,serif !important\"><span style=\"color:#000000\"><span style=\"background-color:#ffffff\"><span style=\"font-size:16px !important\"><span style=\"font-family:Merriweather,serif !important\"><span style=\"color:#000000 !important\">T\u00f6re, mesaj\u0131nda, Kuzey K\u0131br\u0131s T\u00fcrk Cumhuriyeti\u2019nin, \u015fehitlerin kanlar\u0131 ve gazilerin m\u00fccadelesiyle kuruldu\u011funu belirterek, Mustafa H\u00fcseyin ve Erdo\u011fan Dervi\u015f\u2019in Rumlar taraf\u0131ndan vah\u015fice katledildi\u011fini kaydetti, \u201cBa\u011f\u0131ms\u0131zl\u0131ktan taviz vererek, T\u00fcrkiye\u2019nin etkin ve fiili garantisinden vazge\u00e7erek K\u0131br\u0131s\u2019ta bir bar\u0131\u015fa ula\u015f\u0131lamaz\u201d dedi.&nbsp;<\/span><\/span><\/span><\/span><\/span><\/span><\/span><\/p>\n<p style=\"text-align:left\"><span style=\"font-size:16px\"><span style=\"font-family:Merriweather,serif !important\"><span style=\"color:#000000\"><span style=\"background-color:#ffffff\"><span style=\"font-size:16px !important\"><span style=\"font-family:Merriweather,serif !important\"><span style=\"color:#000000 !important\">T\u00f6re, mesaj\u0131nda \u015funlar\u0131 kaydetti:<\/span><\/span><\/span><\/span><\/span><\/span><\/span><\/p>\n<p style=\"text-align:left\"><span style=\"font-size:16px\"><span style=\"font-family:Merriweather,serif !important\"><span style=\"color:#000000\"><span style=\"background-color:#ffffff\"><span style=\"font-size:16px !important\"><span style=\"font-family:Merriweather,serif !important\"><span style=\"color:#000000 !important\">\u201cK\u0131br\u0131s\u2019ta iki devlete dayal\u0131 bir \u00e7\u00f6z\u00fcm modeli yolunun y\u00fcr\u00fcnmesi gerekti\u011fine inan\u0131yorum. Bizim tek g\u00fcvencemiz, Anavatan T\u00fcrkiye\u2019dir ve K\u0131br\u0131s T\u00fcrk halk\u0131n\u0131n kendi milli iradesi ile kurulan KKTC\u2019dir. Devlet esast\u0131r ve devletimizden asla vazge\u00e7meyiz.<\/span><\/span><\/span><\/span><\/span><\/span><\/span><\/p>\n<p style=\"text-align:left\"><span style=\"font-size:16px\"><span style=\"font-family:Merriweather,serif !important\"><span style=\"color:#000000\"><span style=\"background-color:#ffffff\"><span style=\"font-size:16px !important\"><span style=\"font-family:Merriweather,serif !important\"><span style=\"color:#000000 !important\">K\u0131br\u0131s T\u00fcrk halk\u0131 bug\u00fcnlere gelinceye kadar vatan bildi\u011fi topraklar\u0131n\u0131 savunmak ve adadaki varl\u0131\u011f\u0131n\u0131 s\u00fcrd\u00fcrmek i\u00e7in bir \u00e7ok m\u00fccadele sergilemi\u015f, bu u\u011furda \u015fehitler vermi\u015ftir. Bu vesileyle \u015fehitlerimize Allah\u2019tan rahmet gazilerimize uzun \u00f6m\u00fcrler dilerim.\u201d&nbsp;<\/span><\/span><\/span><\/span><\/span><\/span><\/span><\/p>\n","protected":false},"excerpt":{"rendered":"<p>T\u00f6re, mesaj\u0131nda, Kuzey K\u0131br\u0131s T\u00fcrk Cumhuriyeti\u2019nin, \u015fehitlerin kanlar\u0131 ve gazilerin m\u00fccadelesiyle kuruldu\u011funu belirterek, Mustafa H\u00fcseyin ve Erdo\u011fan Dervi\u015f\u2019in Rumlar taraf\u0131ndan vah\u015fice katledildi\u011fini kaydetti, \u201cBa\u011f\u0131ms\u0131zl\u0131ktan taviz vererek, T\u00fcrkiye\u2019nin etkin ve fiili garantisinden vazge\u00e7erek K\u0131br\u0131s\u2019ta bir bar\u0131\u015fa ula\u015f\u0131lamaz\u201d dedi.&nbsp; T\u00f6re, mesaj\u0131nda \u015funlar\u0131 kaydetti: \u201cK\u0131br\u0131s\u2019ta iki devlete dayal\u0131 bir \u00e7\u00f6z\u00fcm modeli yolunun y\u00fcr\u00fcnmesi gerekti\u011fine inan\u0131yorum. Bizim tek g\u00fcvencemiz,<\/p>\n","protected":false},"author":1,"featured_media":22390,"comment_status":"open","ping_status":"open","sticky":false,"template":"","format":"standard","meta":{"footnotes":""},"categories":[86],"tags":[],"class_list":["post-22389","post","type-post","status-publish","format-standard","has-post-thumbnail","hentry","category-turkiye"],"yoast_head":"<!-- This site is optimized with the Yoast SEO plugin v27.4 - https:\/\/yoast.com\/product\/yoast-seo-wordpress\/ -->\n<title>Meclis Ba\u015fkan\u0131 T\u00f6re, Mustafa H\u00fcseyin ve Erdo\u011fan Dervi\u015f i\u00e7in taziye mesaj\u0131 yay\u0131mlad\u0131 -<\/title>\n<meta name=\"robots\" content=\"index, follow, max-snippet:-1, max-image-preview:large, max-video-preview:-1\" \/>\n<link rel=\"canonical\" href=\"https:\/\/kibrisdakik.com\/?p=22389\" \/>\n<meta property=\"og:locale\" content=\"tr_TR\" \/>\n<meta property=\"og:type\" content=\"article\" \/>\n<meta property=\"og:title\" content=\"Meclis Ba\u015fkan\u0131 T\u00f6re, Mustafa H\u00fcseyin ve Erdo\u011fan Dervi\u015f i\u00e7in taziye mesaj\u0131 yay\u0131mlad\u0131 -\" \/>\n<meta property=\"og:description\" content=\"T\u00f6re, mesaj\u0131nda, Kuzey K\u0131br\u0131s T\u00fcrk Cumhuriyeti\u2019nin, \u015fehitlerin kanlar\u0131 ve gazilerin m\u00fccadelesiyle kuruldu\u011funu belirterek, Mustafa H\u00fcseyin ve Erdo\u011fan Dervi\u015f\u2019in Rumlar taraf\u0131ndan vah\u015fice katledildi\u011fini kaydetti, \u201cBa\u011f\u0131ms\u0131zl\u0131ktan taviz vererek, T\u00fcrkiye\u2019nin etkin ve fiili garantisinden vazge\u00e7erek K\u0131br\u0131s\u2019ta bir bar\u0131\u015fa ula\u015f\u0131lamaz\u201d dedi.&nbsp; T\u00f6re, mesaj\u0131nda \u015funlar\u0131 kaydetti: \u201cK\u0131br\u0131s\u2019ta iki devlete dayal\u0131 bir \u00e7\u00f6z\u00fcm modeli yolunun y\u00fcr\u00fcnmesi gerekti\u011fine inan\u0131yorum. Bizim tek g\u00fcvencemiz,\" \/>\n<meta property=\"og:url\" content=\"https:\/\/kibrisdakik.com\/?p=22389\" \/>\n<meta property=\"article:published_time\" content=\"2023-12-15T16:07:48+00:00\" \/>\n<meta property=\"og:image\" content=\"https:\/\/kibrisdakik.com\/wp-content\/uploads\/2023\/12\/meclis-baskani-tore-mustafa-huseyin-ve-erdogan-dervis-icin-taziye-mesaji-yayimladi-1702643636.webp.webp\" \/>\n\t<meta property=\"og:image:width\" content=\"710\" \/>\n\t<meta property=\"og:image:height\" content=\"370\" \/>\n\t<meta property=\"og:image:type\" content=\"image\/webp\" \/>\n<meta name=\"author\" content=\"admin\" \/>\n<meta name=\"twitter:card\" content=\"summary_large_image\" \/>\n<meta name=\"twitter:label1\" content=\"Yazan:\" \/>\n\t<meta name=\"twitter:data1\" content=\"admin\" \/>\n\t<meta name=\"twitter:label2\" content=\"Tahmini okuma s\u00fcresi\" \/>\n\t<meta name=\"twitter:data2\" content=\"1 dakika\" \/>\n<script type=\"application\/ld+json\" class=\"yoast-schema-graph\">{\"@context\":\"https:\\\/\\\/schema.org\",\"@graph\":[{\"@type\":\"Article\",\"@id\":\"https:\\\/\\\/kibrisdakik.com\\\/?p=22389#article\",\"isPartOf\":{\"@id\":\"https:\\\/\\\/kibrisdakik.com\\\/?p=22389\"},\"author\":{\"name\":\"admin\",\"@id\":\"https:\\\/\\\/kibrisdakik.com\\\/#\\\/schema\\\/person\\\/9cd9d437bbb44f72b73ba127e06d8e79\"},\"headline\":\"Meclis Ba\u015fkan\u0131 T\u00f6re, Mustafa H\u00fcseyin ve Erdo\u011fan Dervi\u015f i\u00e7in taziye mesaj\u0131 yay\u0131mlad\u0131\",\"datePublished\":\"2023-12-15T16:07:48+00:00\",\"mainEntityOfPage\":{\"@id\":\"https:\\\/\\\/kibrisdakik.com\\\/?p=22389\"},\"wordCount\":186,\"commentCount\":0,\"image\":{\"@id\":\"https:\\\/\\\/kibrisdakik.com\\\/?p=22389#primaryimage\"},\"thumbnailUrl\":\"https:\\\/\\\/kibrisdakik.com\\\/wp-content\\\/uploads\\\/2023\\\/12\\\/meclis-baskani-tore-mustafa-huseyin-ve-erdogan-dervis-icin-taziye-mesaji-yayimladi-1702643636.webp.webp\",\"articleSection\":[\"T\u00fcrkiye\"],\"inLanguage\":\"tr\",\"potentialAction\":[{\"@type\":\"CommentAction\",\"name\":\"Comment\",\"target\":[\"https:\\\/\\\/kibrisdakik.com\\\/?p=22389#respond\"]}]},{\"@type\":\"WebPage\",\"@id\":\"https:\\\/\\\/kibrisdakik.com\\\/?p=22389\",\"url\":\"https:\\\/\\\/kibrisdakik.com\\\/?p=22389\",\"name\":\"Meclis Ba\u015fkan\u0131 T\u00f6re, Mustafa H\u00fcseyin ve Erdo\u011fan Dervi\u015f i\u00e7in taziye mesaj\u0131 yay\u0131mlad\u0131 -\",\"isPartOf\":{\"@id\":\"https:\\\/\\\/kibrisdakik.com\\\/#website\"},\"primaryImageOfPage\":{\"@id\":\"https:\\\/\\\/kibrisdakik.com\\\/?p=22389#primaryimage\"},\"image\":{\"@id\":\"https:\\\/\\\/kibrisdakik.com\\\/?p=22389#primaryimage\"},\"thumbnailUrl\":\"https:\\\/\\\/kibrisdakik.com\\\/wp-content\\\/uploads\\\/2023\\\/12\\\/meclis-baskani-tore-mustafa-huseyin-ve-erdogan-dervis-icin-taziye-mesaji-yayimladi-1702643636.webp.webp\",\"datePublished\":\"2023-12-15T16:07:48+00:00\",\"author\":{\"@id\":\"https:\\\/\\\/kibrisdakik.com\\\/#\\\/schema\\\/person\\\/9cd9d437bbb44f72b73ba127e06d8e79\"},\"breadcrumb\":{\"@id\":\"https:\\\/\\\/kibrisdakik.com\\\/?p=22389#breadcrumb\"},\"inLanguage\":\"tr\",\"potentialAction\":[{\"@type\":\"ReadAction\",\"target\":[\"https:\\\/\\\/kibrisdakik.com\\\/?p=22389\"]}]},{\"@type\":\"ImageObject\",\"inLanguage\":\"tr\",\"@id\":\"https:\\\/\\\/kibrisdakik.com\\\/?p=22389#primaryimage\",\"url\":\"https:\\\/\\\/kibrisdakik.com\\\/wp-content\\\/uploads\\\/2023\\\/12\\\/meclis-baskani-tore-mustafa-huseyin-ve-erdogan-dervis-icin-taziye-mesaji-yayimladi-1702643636.webp.webp\",\"contentUrl\":\"https:\\\/\\\/kibrisdakik.com\\\/wp-content\\\/uploads\\\/2023\\\/12\\\/meclis-baskani-tore-mustafa-huseyin-ve-erdogan-dervis-icin-taziye-mesaji-yayimladi-1702643636.webp.webp\",\"width\":710,\"height\":370},{\"@type\":\"BreadcrumbList\",\"@id\":\"https:\\\/\\\/kibrisdakik.com\\\/?p=22389#breadcrumb\",\"itemListElement\":[{\"@type\":\"ListItem\",\"position\":1,\"name\":\"Home\",\"item\":\"https:\\\/\\\/kibrisdakik.com\\\/\"},{\"@type\":\"ListItem\",\"position\":2,\"name\":\"Meclis Ba\u015fkan\u0131 T\u00f6re, Mustafa H\u00fcseyin ve Erdo\u011fan Dervi\u015f i\u00e7in taziye mesaj\u0131 yay\u0131mlad\u0131\"}]},{\"@type\":\"WebSite\",\"@id\":\"https:\\\/\\\/kibrisdakik.com\\\/#website\",\"url\":\"https:\\\/\\\/kibrisdakik.com\\\/\",\"name\":\"\",\"description\":\"Tam vaktinde haber\",\"potentialAction\":[{\"@type\":\"SearchAction\",\"target\":{\"@type\":\"EntryPoint\",\"urlTemplate\":\"https:\\\/\\\/kibrisdakik.com\\\/?s={search_term_string}\"},\"query-input\":{\"@type\":\"PropertyValueSpecification\",\"valueRequired\":true,\"valueName\":\"search_term_string\"}}],\"inLanguage\":\"tr\"},{\"@type\":\"Person\",\"@id\":\"https:\\\/\\\/kibrisdakik.com\\\/#\\\/schema\\\/person\\\/9cd9d437bbb44f72b73ba127e06d8e79\",\"name\":\"admin\",\"image\":{\"@type\":\"ImageObject\",\"inLanguage\":\"tr\",\"@id\":\"https:\\\/\\\/secure.gravatar.com\\\/avatar\\\/ccc17943b9d660506c869530f897617f7cb1c21a4bf30023f252596d83e1f007?s=96&d=mm&r=g\",\"url\":\"https:\\\/\\\/secure.gravatar.com\\\/avatar\\\/ccc17943b9d660506c869530f897617f7cb1c21a4bf30023f252596d83e1f007?s=96&d=mm&r=g\",\"contentUrl\":\"https:\\\/\\\/secure.gravatar.com\\\/avatar\\\/ccc17943b9d660506c869530f897617f7cb1c21a4bf30023f252596d83e1f007?s=96&d=mm&r=g\",\"caption\":\"admin\"},\"sameAs\":[\"https:\\\/\\\/kibrisdakik.com\"],\"url\":\"https:\\\/\\\/kibrisdakik.com\\\/?author=1\"}]}<\/script>\n<!-- \/ Yoast SEO plugin. -->","yoast_head_json":{"title":"Meclis Ba\u015fkan\u0131 T\u00f6re, Mustafa H\u00fcseyin ve Erdo\u011fan Dervi\u015f i\u00e7in taziye mesaj\u0131 yay\u0131mlad\u0131 -","robots":{"index":"index","follow":"follow","max-snippet":"max-snippet:-1","max-image-preview":"max-image-preview:large","max-video-preview":"max-video-preview:-1"},"canonical":"https:\/\/kibrisdakik.com\/?p=22389","og_locale":"tr_TR","og_type":"article","og_title":"Meclis Ba\u015fkan\u0131 T\u00f6re, Mustafa H\u00fcseyin ve Erdo\u011fan Dervi\u015f i\u00e7in taziye mesaj\u0131 yay\u0131mlad\u0131 -","og_description":"T\u00f6re, mesaj\u0131nda, Kuzey K\u0131br\u0131s T\u00fcrk Cumhuriyeti\u2019nin, \u015fehitlerin kanlar\u0131 ve gazilerin m\u00fccadelesiyle kuruldu\u011funu belirterek, Mustafa H\u00fcseyin ve Erdo\u011fan Dervi\u015f\u2019in Rumlar taraf\u0131ndan vah\u015fice katledildi\u011fini kaydetti, \u201cBa\u011f\u0131ms\u0131zl\u0131ktan taviz vererek, T\u00fcrkiye\u2019nin etkin ve fiili garantisinden vazge\u00e7erek K\u0131br\u0131s\u2019ta bir bar\u0131\u015fa ula\u015f\u0131lamaz\u201d dedi.&nbsp; T\u00f6re, mesaj\u0131nda \u015funlar\u0131 kaydetti: \u201cK\u0131br\u0131s\u2019ta iki devlete dayal\u0131 bir \u00e7\u00f6z\u00fcm modeli yolunun y\u00fcr\u00fcnmesi gerekti\u011fine inan\u0131yorum. Bizim tek g\u00fcvencemiz,","og_url":"https:\/\/kibrisdakik.com\/?p=22389","article_published_time":"2023-12-15T16:07:48+00:00","og_image":[{"width":710,"height":370,"url":"https:\/\/kibrisdakik.com\/wp-content\/uploads\/2023\/12\/meclis-baskani-tore-mustafa-huseyin-ve-erdogan-dervis-icin-taziye-mesaji-yayimladi-1702643636.webp.webp","type":"image\/webp"}],"author":"admin","twitter_card":"summary_large_image","twitter_misc":{"Yazan:":"admin","Tahmini okuma s\u00fcresi":"1 dakika"},"schema":{"@context":"https:\/\/schema.org","@graph":[{"@type":"Article","@id":"https:\/\/kibrisdakik.com\/?p=22389#article","isPartOf":{"@id":"https:\/\/kibrisdakik.com\/?p=22389"},"author":{"name":"admin","@id":"https:\/\/kibrisdakik.com\/#\/schema\/person\/9cd9d437bbb44f72b73ba127e06d8e79"},"headline":"Meclis Ba\u015fkan\u0131 T\u00f6re, Mustafa H\u00fcseyin ve Erdo\u011fan Dervi\u015f i\u00e7in taziye mesaj\u0131 yay\u0131mlad\u0131","datePublished":"2023-12-15T16:07:48+00:00","mainEntityOfPage":{"@id":"https:\/\/kibrisdakik.com\/?p=22389"},"wordCount":186,"commentCount":0,"image":{"@id":"https:\/\/kibrisdakik.com\/?p=22389#primaryimage"},"thumbnailUrl":"https:\/\/kibrisdakik.com\/wp-content\/uploads\/2023\/12\/meclis-baskani-tore-mustafa-huseyin-ve-erdogan-dervis-icin-taziye-mesaji-yayimladi-1702643636.webp.webp","articleSection":["T\u00fcrkiye"],"inLanguage":"tr","potentialAction":[{"@type":"CommentAction","name":"Comment","target":["https:\/\/kibrisdakik.com\/?p=22389#respond"]}]},{"@type":"WebPage","@id":"https:\/\/kibrisdakik.com\/?p=22389","url":"https:\/\/kibrisdakik.com\/?p=22389","name":"Meclis Ba\u015fkan\u0131 T\u00f6re, Mustafa H\u00fcseyin ve Erdo\u011fan Dervi\u015f i\u00e7in taziye mesaj\u0131 yay\u0131mlad\u0131 -","isPartOf":{"@id":"https:\/\/kibrisdakik.com\/#website"},"primaryImageOfPage":{"@id":"https:\/\/kibrisdakik.com\/?p=22389#primaryimage"},"image":{"@id":"https:\/\/kibrisdakik.com\/?p=22389#primaryimage"},"thumbnailUrl":"https:\/\/kibrisdakik.com\/wp-content\/uploads\/2023\/12\/meclis-baskani-tore-mustafa-huseyin-ve-erdogan-dervis-icin-taziye-mesaji-yayimladi-1702643636.webp.webp","datePublished":"2023-12-15T16:07:48+00:00","author":{"@id":"https:\/\/kibrisdakik.com\/#\/schema\/person\/9cd9d437bbb44f72b73ba127e06d8e79"},"breadcrumb":{"@id":"https:\/\/kibrisdakik.com\/?p=22389#breadcrumb"},"inLanguage":"tr","potentialAction":[{"@type":"ReadAction","target":["https:\/\/kibrisdakik.com\/?p=22389"]}]},{"@type":"ImageObject","inLanguage":"tr","@id":"https:\/\/kibrisdakik.com\/?p=22389#primaryimage","url":"https:\/\/kibrisdakik.com\/wp-content\/uploads\/2023\/12\/meclis-baskani-tore-mustafa-huseyin-ve-erdogan-dervis-icin-taziye-mesaji-yayimladi-1702643636.webp.webp","contentUrl":"https:\/\/kibrisdakik.com\/wp-content\/uploads\/2023\/12\/meclis-baskani-tore-mustafa-huseyin-ve-erdogan-dervis-icin-taziye-mesaji-yayimladi-1702643636.webp.webp","width":710,"height":370},{"@type":"BreadcrumbList","@id":"https:\/\/kibrisdakik.com\/?p=22389#breadcrumb","itemListElement":[{"@type":"ListItem","position":1,"name":"Home","item":"https:\/\/kibrisdakik.com\/"},{"@type":"ListItem","position":2,"name":"Meclis Ba\u015fkan\u0131 T\u00f6re, Mustafa H\u00fcseyin ve Erdo\u011fan Dervi\u015f i\u00e7in taziye mesaj\u0131 yay\u0131mlad\u0131"}]},{"@type":"WebSite","@id":"https:\/\/kibrisdakik.com\/#website","url":"https:\/\/kibrisdakik.com\/","name":"","description":"Tam vaktinde haber","potentialAction":[{"@type":"SearchAction","target":{"@type":"EntryPoint","urlTemplate":"https:\/\/kibrisdakik.com\/?s={search_term_string}"},"query-input":{"@type":"PropertyValueSpecification","valueRequired":true,"valueName":"search_term_string"}}],"inLanguage":"tr"},{"@type":"Person","@id":"https:\/\/kibrisdakik.com\/#\/schema\/person\/9cd9d437bbb44f72b73ba127e06d8e79","name":"admin","image":{"@type":"ImageObject","inLanguage":"tr","@id":"https:\/\/secure.gravatar.com\/avatar\/ccc17943b9d660506c869530f897617f7cb1c21a4bf30023f252596d83e1f007?s=96&d=mm&r=g","url":"https:\/\/secure.gravatar.com\/avatar\/ccc17943b9d660506c869530f897617f7cb1c21a4bf30023f252596d83e1f007?s=96&d=mm&r=g","contentUrl":"https:\/\/secure.gravatar.com\/avatar\/ccc17943b9d660506c869530f897617f7cb1c21a4bf30023f252596d83e1f007?s=96&d=mm&r=g","caption":"admin"},"sameAs":["https:\/\/kibrisdakik.com"],"url":"https:\/\/kibrisdakik.com\/?author=1"}]}},"_links":{"self":[{"href":"https:\/\/kibrisdakik.com\/index.php?rest_route=\/wp\/v2\/posts\/22389","targetHints":{"allow":["GET"]}}],"collection":[{"href":"https:\/\/kibrisdakik.com\/index.php?rest_route=\/wp\/v2\/posts"}],"about":[{"href":"https:\/\/kibrisdakik.com\/index.php?rest_route=\/wp\/v2\/types\/post"}],"author":[{"embeddable":true,"href":"https:\/\/kibrisdakik.com\/index.php?rest_route=\/wp\/v2\/users\/1"}],"replies":[{"embeddable":true,"href":"https:\/\/kibrisdakik.com\/index.php?rest_route=%2Fwp%2Fv2%2Fcomments&post=22389"}],"version-history":[{"count":0,"href":"https:\/\/kibrisdakik.com\/index.php?rest_route=\/wp\/v2\/posts\/22389\/revisions"}],"wp:featuredmedia":[{"embeddable":true,"href":"https:\/\/kibrisdakik.com\/index.php?rest_route=\/wp\/v2\/media\/22390"}],"wp:attachment":[{"href":"https:\/\/kibrisdakik.com\/index.php?rest_route=%2Fwp%2Fv2%2Fmedia&parent=22389"}],"wp:term":[{"taxonomy":"category","embeddable":true,"href":"https:\/\/kibrisdakik.com\/index.php?rest_route=%2Fwp%2Fv2%2Fcategories&post=22389"},{"taxonomy":"post_tag","embeddable":true,"href":"https:\/\/kibrisdakik.com\/index.php?rest_route=%2Fwp%2Fv2%2Ftags&post=22389"}],"curies":[{"name":"wp","href":"https:\/\/api.w.org\/{rel}","templated":true}]}}