{"id":22393,"date":"2023-12-15T16:22:56","date_gmt":"2023-12-15T16:22:56","guid":{"rendered":"https:\/\/kibrisdakik.com\/index.php\/2023\/12\/15\/icisleri-bakanligi-butcesi-mecliste-gorusuluyor\/"},"modified":"2023-12-15T16:22:56","modified_gmt":"2023-12-15T16:22:56","slug":"icisleri-bakanligi-butcesi-mecliste-gorusuluyor","status":"publish","type":"post","link":"https:\/\/kibrisdakik.com\/?p=22393","title":{"rendered":"\u0130\u00e7i\u015fleri Bakanl\u0131\u011f\u0131 b\u00fct\u00e7esi Meclis\u2019te g\u00f6r\u00fc\u015f\u00fcl\u00fcyor"},"content":{"rendered":"<p><img decoding=\"async\" src=\"https:\/\/www.kibristurk.com\/images\/haberler\/2023\/12\/icisleri-bakanligi-butcesi-mecliste-gorusuluyor-1702656963.webp\" \/><\/p>\n<p><span style=\"font-size:11pt\"><span style=\"background-color:white\"><span style=\"font-family:Calibri,sans-serif\"><span style=\"font-size:13.0pt\"><span style=\"color:black\">Cumhuriyet Meclisi Genel Kurulu\u2019nda 2 Milyar 384 Milyon 355 bin 400 TL\u2019lik \u0130\u00e7i\u015fleri Bakanl\u0131\u011f\u0131 b\u00fct\u00e7esi g\u00f6r\u00fc\u015f\u00fcl\u00fcyor.<\/span><\/span><\/span><\/span><\/span><\/p>\n<p><span style=\"font-size:11pt\"><span style=\"background-color:white\"><span style=\"font-family:Calibri,sans-serif\"><span style=\"font-size:13.0pt\"><span style=\"color:black\">\u0130\u00e7i\u015fleri Bakanl\u0131\u011f\u0131 b\u00fct\u00e7esi \u00fczerine ilk s\u00f6z\u00fc CTP Milletvekili Fazilet \u00d6zdenefe ald\u0131.<\/span><\/span><\/span><\/span><\/span><\/p>\n<p><span style=\"font-size:11pt\"><span style=\"background-color:white\"><span style=\"font-family:Calibri,sans-serif\"><span style=\"font-size:13.0pt\"><span style=\"color:black\">-\u00d6zdenefe<\/span><\/span><\/span><\/span><\/span><\/p>\n<p><span style=\"font-size:11pt\"><span style=\"background-color:white\"><span style=\"font-family:Calibri,sans-serif\"><span style=\"font-size:13.0pt\"><span style=\"color:black\">\u00d6zdenefe konu\u015fmas\u0131na, \u0130\u00e7i\u015fleri Bakanl\u0131\u011f\u0131\u2019n\u0131n faaliyet raporlar\u0131n\u0131n kendilerine daha yeni g\u00f6nderildi\u011fini s\u00f6yleyip bunu ele\u015ftirerek ba\u015flad\u0131.<\/span><\/span><\/span><\/span><\/span><\/p>\n<p><span style=\"font-size:11pt\"><span style=\"background-color:white\"><span style=\"font-family:Calibri,sans-serif\"><span style=\"font-size:13.0pt\"><span style=\"color:black\">Belediyelerin reform ad\u0131 alt\u0131nda birle\u015ftirildi\u011fini an\u0131msatan \u00d6zdenefe, sonras\u0131nda hi\u00e7bir t\u00fcz\u00fc\u011f\u00fcn ge\u00e7medi\u011fini, bakanl\u0131\u011f\u0131n gere\u011fini yapamad\u0131\u011f\u0131n\u0131 kaydetti.<\/span><\/span><\/span><\/span><\/span><\/p>\n<p><span style=\"font-size:11pt\"><span style=\"background-color:white\"><span style=\"font-family:Calibri,sans-serif\"><span style=\"font-size:13.0pt\"><span style=\"color:black\">K\u0131br\u0131s T\u00fcrk Bar\u0131\u015f Kuvvetleri ile Girne Belediyesi aras\u0131nda 2017 y\u0131l\u0131nda Kent M\u00fczesi yap\u0131lmas\u0131 i\u00e7in protokol imzaland\u0131\u011f\u0131n\u0131 ve Belediye\u2019nin 1 milyon sterlinden fazla bir para harcayarak y\u00fck\u00fcml\u00fcl\u00fcklerinin hepsini yerine getirdi\u011fini kaydeden \u00d6zdenefe, 2022 y\u0131l\u0131nda Bakanlar Kurulu taraf\u0131ndan al\u0131nan bir karar neticesinde Girne Belediyesi\u2019ne ko\u00e7an verilmedi\u011fini aktard\u0131.<\/span><\/span><\/span><\/span><\/span><\/p>\n<p><span style=\"font-size:11pt\"><span style=\"background-color:white\"><span style=\"font-family:Calibri,sans-serif\"><span style=\"font-size:13.0pt\"><span style=\"color:black\">-\u201c H\u00fck\u00fcmet istisnai yurtta\u015fl\u0131k i\u015fini rutine \u00e7evirdi\u201d<\/span><\/span><\/span><\/span><\/span><\/p>\n<p><span style=\"font-size:11pt\"><span style=\"background-color:white\"><span style=\"font-family:Calibri,sans-serif\"><span style=\"font-size:13.0pt\"><span style=\"color:black\">\u0130\u00e7i\u015fleri Bakanl\u0131\u011f\u0131n\u0131 b\u00fct\u00e7esinin %30, Merkezi Cezaevi b\u00fct\u00e7esinin ise %54 artt\u0131\u011f\u0131n\u0131 belirten \u00d6zdenefe, \u00e7ocuk ve gen\u00e7 tutuklu ile mahkumlar\u0131n Merkezi Cezaevi\u2019nde tutulmas\u0131na tepki g\u00f6sterdi.<\/span><\/span><\/span><\/span><\/span><\/p>\n<p><span style=\"font-size:11pt\"><span style=\"background-color:white\"><span style=\"font-family:Calibri,sans-serif\"><span style=\"font-size:13.0pt\"><span style=\"color:black\">Yeni cezaevinin \u015fimdiden kapasitesinin \u00fczerine \u00e7\u0131kt\u0131\u011f\u0131n\u0131 s\u00f6yleyerek yeni ve eski cezaevindeki tutuklu ve mahkum say\u0131lar\u0131ndan bahseden \u00d6zdenefe, h\u00fck\u00fcmetin n\u00fcfus politikas\u0131n\u0131 ele\u015ftirdi. \u00d6zdenefe, \u201cSiz n\u00fcfusunuzu bilmezseniz, n\u00fcfus politikan\u0131z yoksa cezaeviniz, hastaneleriniz dolar ta\u015far, e\u011fitim \u00e7\u00f6ker\u201d dedi.<\/span><\/span><\/span><\/span><\/span><\/p>\n<p><span style=\"font-size:11pt\"><span style=\"background-color:white\"><span style=\"font-family:Calibri,sans-serif\"><span style=\"font-size:13.0pt\"><span style=\"color:black\">Yurtta\u015fl\u0131k Yasas\u0131\u2019na g\u00f6re verilen b\u00fct\u00fcn yurtta\u015fl\u0131klar\u0131n Resmi Gazete&#8217; de yay\u0131mlanmas\u0131 gerekti\u011fini bildiren \u00d6zdenefe, istisnai yurtta\u015fl\u0131klar d\u0131\u015f\u0131ndaki yurtta\u015fl\u0131klar\u0131n da Resmi Gazete&#8217;de yay\u0131mlanmas\u0131n\u0131 istedi ve H\u00fck\u00fcmeti istisnai yurtta\u015fl\u0131k i\u015fini rutine \u00e7evirmekle su\u00e7lad\u0131.<\/span><\/span><\/span><\/span><\/span><\/p>\n<p><span style=\"font-size:11pt\"><span style=\"background-color:white\"><span style=\"font-family:Calibri,sans-serif\"><span style=\"font-size:13.0pt\"><span style=\"color:black\">\u015eartl\u0131 Tahliye T\u00fcz\u00fc\u011f\u00fc\u2019ndeki kriterlerin Anayasa\u2019ya ayk\u0131r\u0131 oldu\u011funu vurgulayan \u00d6zdenefe, bu y\u0131l ka\u00e7 ki\u015finin \u015fartl\u0131 tahliyeden yararland\u0131\u011f\u0131 konusunda bilgi istedi.<\/span><\/span><\/span><\/span><\/span><\/p>\n<p><span style=\"font-size:11pt\"><span style=\"background-color:white\"><span style=\"font-family:Calibri,sans-serif\"><span style=\"font-size:13.0pt\"><span style=\"color:black\">Ta\u015f\u0131nmaz Mal Komisyonu\u2019na yap\u0131lan ba\u015fvurulara de\u011finen \u00d6zdenefe, Komisyona ayr\u0131lan rakam\u0131n talepleri kar\u015f\u0131layabilmesinin m\u00fcmk\u00fcn olmad\u0131\u011f\u0131n\u0131 vurgulad\u0131.<\/span><\/span><\/span><\/span><\/span><\/p>\n<p><span style=\"font-size:11pt\"><span style=\"background-color:white\"><span style=\"font-family:Calibri,sans-serif\"><span style=\"font-size:13.0pt\"><span style=\"color:black\">Emlak\u00e7\u0131lar Birli\u011fi Yasas\u0131\u2019ndan da bahseden \u00d6zdenefe, emlak\u00e7\u0131l\u0131kla alakal\u0131 yasa \u00e7al\u0131\u015fmalar\u0131nda emlak\u00e7\u0131larla g\u00f6r\u00fc\u015f\u00fclmedi\u011fini s\u00f6yledi. \u00dclkede emlak\u00e7\u0131l\u0131\u011f\u0131n geldi\u011fi noktaya de\u011finen \u00d6zdenefe, art\u0131k mallar\u0131n yurt d\u0131\u015f\u0131nda sat\u0131ld\u0131\u011f\u0131n\u0131, komisyonlar\u0131n yurt d\u0131\u015f\u0131nda al\u0131nd\u0131\u011f\u0131n\u0131 belirtti.<\/span><\/span><\/span><\/span><\/span><\/p>\n<p><span style=\"font-size:11pt\"><span style=\"background-color:white\"><span style=\"font-family:Calibri,sans-serif\"><span style=\"font-size:13.0pt\"><span style=\"color:black\">Tapuda \u00f6zellikle Girne Tapu&nbsp; Dairesi&#8217;nde personel eksikli\u011fi oldu\u011funu s\u00f6yleyen \u00d6zdenefe, \u201c\u0130\u015fler d\u00f6nm\u00fcyor, hatalar yap\u0131labiliyor\u201d dedi. Personelin i\u015f y\u00fck\u00fcn\u00fc \u00e7ekemedi\u011fini kaydeden \u00d6zdenefe, mesle\u011fini de icra eden bir avukat\u0131n ne stat\u00fcde oldu\u011fu belirsiz \u015fekilde Tapu\u2019ya al\u0131nd\u0131\u011f\u0131 ele\u015ftirisinde bulunarak, bunun mevzuata ve eti\u011fe uygun olmad\u0131\u011f\u0131n\u0131 vurgulad\u0131. &nbsp;<\/span><\/span><\/span><\/span><\/span><\/p>\n<p><span style=\"font-size:11pt\"><span style=\"background-color:white\"><span style=\"font-family:Calibri,sans-serif\"><span style=\"font-size:13.0pt\"><span style=\"color:black\">-\u201cBu \u00fclke art\u0131k uluslararas\u0131 insan haklar\u0131 raporlar\u0131na \u2018insan ka\u00e7ak\u00e7\u0131l\u0131\u011f\u0131, seks k\u00f6leli\u011fi\u2019 ile ge\u00e7iyor\u201d<\/span><\/span><\/span><\/span><\/span><\/p>\n<p><span style=\"font-size:11pt\"><span style=\"background-color:white\"><span style=\"font-family:Calibri,sans-serif\"><span style=\"font-size:13.0pt\"><span style=\"color:black\">&#8220;Gece kul\u00fcpleri bizim ay\u0131b\u0131m\u0131zd\u0131r&#8221; diyen \u00d6zdenefe, bu konuda da mevzuata uygun davran\u0131lmad\u0131\u011f\u0131n\u0131 s\u00f6yledi. \u201cBu \u00fclke art\u0131k uluslararas\u0131 insan haklar\u0131 raporlar\u0131na \u2018insan ka\u00e7ak\u00e7\u0131l\u0131\u011f\u0131, seks k\u00f6leli\u011fi\u2019 ile ge\u00e7iyor\u201d diyen \u00d6zdenefe, e\u011fer \u00fclkede seks i\u015f\u00e7ili\u011fi yasal olacaksa kriterlerinin belirlenmesi, yasal olmayacaksa da gere\u011finin yap\u0131lmas\u0131 gerekti\u011fini s\u00f6yledi.<\/span><\/span><\/span><\/span><\/span><\/p>\n<p><span style=\"font-size:11pt\"><span style=\"background-color:white\"><span style=\"font-family:Calibri,sans-serif\"><span style=\"font-size:13.0pt\"><span style=\"color:black\">\u00d6zdenefe, Do\u011fum ve \u00d6l\u00fcmleri Kay\u0131t Yasas\u0131\u2019nda trans bireylerin kimlik de\u011fi\u015fiminde s\u0131k\u0131nt\u0131lar ya\u015fand\u0131\u011f\u0131n\u0131 s\u00f6yledi. Mevcut mevzuatta bu ki\u015filerden t\u0131bbi de\u011fi\u015fikliklerle ilgili kat\u0131 davran\u0131ld\u0131\u011f\u0131n\u0131 ancak d\u00fcnyan\u0131n bir\u00e7ok \u00fclkesinde t\u0131bbi de\u011fi\u015fiklikle ilgili bu kadar kat\u0131 davran\u0131lmad\u0131\u011f\u0131n\u0131 anlatt\u0131. \u00d6zdenefe, insan onuruna yak\u0131\u015f\u0131r ve LGBT haklar\u0131n\u0131 da ikincil noktada tutmayan modern bir tutumla d\u00fczenlemelerin yap\u0131lmas\u0131 gerekti\u011fini kaydetti.<\/span><\/span><\/span><\/span><\/span><\/p>\n<p><span style=\"font-size:11pt\"><span style=\"background-color:white\"><span style=\"font-family:Calibri,sans-serif\"><span style=\"font-size:13.0pt\"><span style=\"color:black\">&nbsp;-Ulu\u00e7ay: \u201cMortgage sistemine ge\u00e7i\u015f zorunludur\u201d<\/span><\/span><\/span><\/span><\/span><\/p>\n<p><span style=\"font-size:11pt\"><span style=\"background-color:white\"><span style=\"font-family:Calibri,sans-serif\"><span style=\"font-size:13.0pt\"><span style=\"color:black\">CTP Milletvekili Teberr\u00fcken Ulu\u00e7ay, eski \u0130\u00e7i\u015fleri Bakan\u0131 olarak yapt\u0131\u011f\u0131 \u00e7al\u0131\u015fmalar\u0131 hayata ge\u00e7irmenin kendisine de k\u0131smet olmad\u0131\u011f\u0131n\u0131 ifade etti.<\/span><\/span><\/span><\/span><\/span><\/p>\n<p><span style=\"font-size:11pt\"><span style=\"background-color:white\"><span style=\"font-family:Calibri,sans-serif\"><span style=\"font-size:13.0pt\"><span style=\"color:black\">H\u00fck\u00fcmetlerin ve b\u00fcrokratlar\u0131n s\u0131k de\u011fi\u015fti\u011fine i\u015faret eden Ulu\u00e7ay; Tapu Dairesi, Sosyal Konut Birimi ve Yerel Y\u00f6netimler Birimi\u2019nin idari olarak g\u00fc\u00e7lendirilmesi gerekti\u011fini vurgulad\u0131.<\/span><\/span><\/span><\/span><\/span><\/p>\n<p><span style=\"font-size:11pt\"><span style=\"background-color:white\"><span style=\"font-family:Calibri,sans-serif\"><span style=\"font-size:13.0pt\"><span style=\"color:black\">\u00dclkede mali kaynaklar\u0131n k\u0131t oldu\u011funu kaydeden Ulu\u00e7ay, ihtiya\u00e7lar ve hedefler do\u011frultusunda kayna\u011f\u0131 rasyonel bir \u015fekilde y\u00f6nlendirebilmek gerekti\u011fini s\u00f6yledi.<\/span><\/span><\/span><\/span><\/span><\/p>\n<p><span style=\"font-size:11pt\"><span style=\"background-color:white\"><span style=\"font-family:Calibri,sans-serif\"><span style=\"font-size:13.0pt\"><span style=\"color:black\">K\u0131rsal kesim arsalar\u0131 ile ilgili tart\u0131\u015fmalar\u0131n hala devam etti\u011fini belirten Ulu\u00e7ay, \u00fclkedeki konut fiyatlar\u0131n\u0131n astronomik olmas\u0131ndan dolay\u0131 sosyal konut ihtiyac\u0131n\u0131n oldu\u011funu ancak bunun da yeterli olmayaca\u011f\u0131n\u0131 vurgulayarak \u201cmortgage\u201d sistemine ge\u00e7i\u015fin zorunlu oldu\u011funu s\u00f6yledi. Ulu\u00e7ay, yabanc\u0131lara mal sat\u0131\u015f\u0131 sorununun ise uzun vadeli kira ile \u00e7\u00f6z\u00fcmlenebilece\u011fini anlatt\u0131.<\/span><\/span><\/span><\/span><\/span><\/p>\n<p><span style=\"font-size:11pt\"><span style=\"background-color:white\"><span style=\"font-family:Calibri,sans-serif\"><span style=\"font-size:13.0pt\"><span style=\"color:black\">\u0130\u00e7i\u015fleri Bakanl\u0131\u011f\u0131\u2019n\u0131n \u201colmazsa olmaz\u201d konusunun n\u00fcfus ve vatanda\u015fl\u0131k politikas\u0131 oldu\u011funu aktaran Ulu\u00e7ay, kendi \u0130\u00e7i\u015fleri Bakanl\u0131\u011f\u0131 d\u00f6neminde bu alanlarda yap\u0131lan \u00e7al\u0131\u015fmalar\u0131 ve baz\u0131 \u00fclkelerdeki mevzuatlar\u0131 payla\u015ft\u0131.<\/span><\/span><\/span><\/span><\/span><\/p>\n<p><span style=\"font-size:11pt\"><span style=\"background-color:white\"><span style=\"font-family:Calibri,sans-serif\"><span style=\"font-size:13.0pt\"><span style=\"color:black\">&#8220;KKTC vatanda\u015fl\u0131k politikas\u0131 meselesinde bir tercih yapmal\u0131d\u0131r&#8221; diyen Ulu\u00e7ay,&nbsp; \u00fclkede ya\u015fayan ge\u00e7imini \u00fclkede&nbsp; sa\u011flayan insanlar\u0131n sorunlar\u0131n\u0131n \u00e7\u00f6z\u00fclmesi gerekti\u011fini s\u00f6yledi.<\/span><\/span><\/span><\/span><\/span><\/p>\n<p>&nbsp;<\/p>\n","protected":false},"excerpt":{"rendered":"<p>Cumhuriyet Meclisi Genel Kurulu\u2019nda 2 Milyar 384 Milyon 355 bin 400 TL\u2019lik \u0130\u00e7i\u015fleri Bakanl\u0131\u011f\u0131 b\u00fct\u00e7esi g\u00f6r\u00fc\u015f\u00fcl\u00fcyor. \u0130\u00e7i\u015fleri Bakanl\u0131\u011f\u0131 b\u00fct\u00e7esi \u00fczerine ilk s\u00f6z\u00fc CTP Milletvekili Fazilet \u00d6zdenefe ald\u0131. -\u00d6zdenefe \u00d6zdenefe konu\u015fmas\u0131na, \u0130\u00e7i\u015fleri Bakanl\u0131\u011f\u0131\u2019n\u0131n faaliyet raporlar\u0131n\u0131n kendilerine daha yeni g\u00f6nderildi\u011fini s\u00f6yleyip bunu ele\u015ftirerek ba\u015flad\u0131. Belediyelerin reform ad\u0131 alt\u0131nda birle\u015ftirildi\u011fini an\u0131msatan \u00d6zdenefe, sonras\u0131nda hi\u00e7bir t\u00fcz\u00fc\u011f\u00fcn ge\u00e7medi\u011fini, bakanl\u0131\u011f\u0131n gere\u011fini<\/p>\n","protected":false},"author":1,"featured_media":22394,"comment_status":"open","ping_status":"open","sticky":false,"template":"","format":"standard","meta":{"footnotes":""},"categories":[1],"tags":[],"class_list":["post-22393","post","type-post","status-publish","format-standard","has-post-thumbnail","hentry","category-gundem"],"yoast_head":"<!-- This site is optimized with the Yoast SEO plugin v27.4 - https:\/\/yoast.com\/product\/yoast-seo-wordpress\/ -->\n<title>\u0130\u00e7i\u015fleri Bakanl\u0131\u011f\u0131 b\u00fct\u00e7esi Meclis\u2019te g\u00f6r\u00fc\u015f\u00fcl\u00fcyor -<\/title>\n<meta name=\"robots\" content=\"index, follow, max-snippet:-1, max-image-preview:large, max-video-preview:-1\" \/>\n<link rel=\"canonical\" href=\"https:\/\/kibrisdakik.com\/?p=22393\" \/>\n<meta property=\"og:locale\" content=\"tr_TR\" \/>\n<meta property=\"og:type\" content=\"article\" \/>\n<meta property=\"og:title\" content=\"\u0130\u00e7i\u015fleri Bakanl\u0131\u011f\u0131 b\u00fct\u00e7esi Meclis\u2019te g\u00f6r\u00fc\u015f\u00fcl\u00fcyor -\" \/>\n<meta property=\"og:description\" content=\"Cumhuriyet Meclisi Genel Kurulu\u2019nda 2 Milyar 384 Milyon 355 bin 400 TL\u2019lik \u0130\u00e7i\u015fleri Bakanl\u0131\u011f\u0131 b\u00fct\u00e7esi g\u00f6r\u00fc\u015f\u00fcl\u00fcyor. \u0130\u00e7i\u015fleri Bakanl\u0131\u011f\u0131 b\u00fct\u00e7esi \u00fczerine ilk s\u00f6z\u00fc CTP Milletvekili Fazilet \u00d6zdenefe ald\u0131. -\u00d6zdenefe \u00d6zdenefe konu\u015fmas\u0131na, \u0130\u00e7i\u015fleri Bakanl\u0131\u011f\u0131\u2019n\u0131n faaliyet raporlar\u0131n\u0131n kendilerine daha yeni g\u00f6nderildi\u011fini s\u00f6yleyip bunu ele\u015ftirerek ba\u015flad\u0131. Belediyelerin reform ad\u0131 alt\u0131nda birle\u015ftirildi\u011fini an\u0131msatan \u00d6zdenefe, sonras\u0131nda hi\u00e7bir t\u00fcz\u00fc\u011f\u00fcn ge\u00e7medi\u011fini, bakanl\u0131\u011f\u0131n gere\u011fini\" \/>\n<meta property=\"og:url\" content=\"https:\/\/kibrisdakik.com\/?p=22393\" \/>\n<meta property=\"article:published_time\" content=\"2023-12-15T16:22:56+00:00\" \/>\n<meta property=\"og:image\" content=\"https:\/\/kibrisdakik.com\/wp-content\/uploads\/2023\/12\/icisleri-bakanligi-butcesi-mecliste-gorusuluyor-1702656963.webp.webp\" \/>\n\t<meta property=\"og:image:width\" content=\"710\" \/>\n\t<meta property=\"og:image:height\" content=\"370\" \/>\n\t<meta property=\"og:image:type\" content=\"image\/webp\" \/>\n<meta name=\"author\" content=\"admin\" \/>\n<meta name=\"twitter:card\" content=\"summary_large_image\" \/>\n<meta name=\"twitter:label1\" content=\"Yazan:\" \/>\n\t<meta name=\"twitter:data1\" content=\"admin\" \/>\n\t<meta name=\"twitter:label2\" content=\"Tahmini okuma s\u00fcresi\" \/>\n\t<meta name=\"twitter:data2\" content=\"4 dakika\" \/>\n<script type=\"application\/ld+json\" class=\"yoast-schema-graph\">{\"@context\":\"https:\\\/\\\/schema.org\",\"@graph\":[{\"@type\":\"Article\",\"@id\":\"https:\\\/\\\/kibrisdakik.com\\\/?p=22393#article\",\"isPartOf\":{\"@id\":\"https:\\\/\\\/kibrisdakik.com\\\/?p=22393\"},\"author\":{\"name\":\"admin\",\"@id\":\"https:\\\/\\\/kibrisdakik.com\\\/#\\\/schema\\\/person\\\/9cd9d437bbb44f72b73ba127e06d8e79\"},\"headline\":\"\u0130\u00e7i\u015fleri Bakanl\u0131\u011f\u0131 b\u00fct\u00e7esi Meclis\u2019te g\u00f6r\u00fc\u015f\u00fcl\u00fcyor\",\"datePublished\":\"2023-12-15T16:22:56+00:00\",\"mainEntityOfPage\":{\"@id\":\"https:\\\/\\\/kibrisdakik.com\\\/?p=22393\"},\"wordCount\":889,\"commentCount\":0,\"image\":{\"@id\":\"https:\\\/\\\/kibrisdakik.com\\\/?p=22393#primaryimage\"},\"thumbnailUrl\":\"https:\\\/\\\/kibrisdakik.com\\\/wp-content\\\/uploads\\\/2023\\\/12\\\/icisleri-bakanligi-butcesi-mecliste-gorusuluyor-1702656963.webp.webp\",\"articleSection\":[\"G\u00fcndem\"],\"inLanguage\":\"tr\",\"potentialAction\":[{\"@type\":\"CommentAction\",\"name\":\"Comment\",\"target\":[\"https:\\\/\\\/kibrisdakik.com\\\/?p=22393#respond\"]}]},{\"@type\":\"WebPage\",\"@id\":\"https:\\\/\\\/kibrisdakik.com\\\/?p=22393\",\"url\":\"https:\\\/\\\/kibrisdakik.com\\\/?p=22393\",\"name\":\"\u0130\u00e7i\u015fleri Bakanl\u0131\u011f\u0131 b\u00fct\u00e7esi Meclis\u2019te g\u00f6r\u00fc\u015f\u00fcl\u00fcyor -\",\"isPartOf\":{\"@id\":\"https:\\\/\\\/kibrisdakik.com\\\/#website\"},\"primaryImageOfPage\":{\"@id\":\"https:\\\/\\\/kibrisdakik.com\\\/?p=22393#primaryimage\"},\"image\":{\"@id\":\"https:\\\/\\\/kibrisdakik.com\\\/?p=22393#primaryimage\"},\"thumbnailUrl\":\"https:\\\/\\\/kibrisdakik.com\\\/wp-content\\\/uploads\\\/2023\\\/12\\\/icisleri-bakanligi-butcesi-mecliste-gorusuluyor-1702656963.webp.webp\",\"datePublished\":\"2023-12-15T16:22:56+00:00\",\"author\":{\"@id\":\"https:\\\/\\\/kibrisdakik.com\\\/#\\\/schema\\\/person\\\/9cd9d437bbb44f72b73ba127e06d8e79\"},\"breadcrumb\":{\"@id\":\"https:\\\/\\\/kibrisdakik.com\\\/?p=22393#breadcrumb\"},\"inLanguage\":\"tr\",\"potentialAction\":[{\"@type\":\"ReadAction\",\"target\":[\"https:\\\/\\\/kibrisdakik.com\\\/?p=22393\"]}]},{\"@type\":\"ImageObject\",\"inLanguage\":\"tr\",\"@id\":\"https:\\\/\\\/kibrisdakik.com\\\/?p=22393#primaryimage\",\"url\":\"https:\\\/\\\/kibrisdakik.com\\\/wp-content\\\/uploads\\\/2023\\\/12\\\/icisleri-bakanligi-butcesi-mecliste-gorusuluyor-1702656963.webp.webp\",\"contentUrl\":\"https:\\\/\\\/kibrisdakik.com\\\/wp-content\\\/uploads\\\/2023\\\/12\\\/icisleri-bakanligi-butcesi-mecliste-gorusuluyor-1702656963.webp.webp\",\"width\":710,\"height\":370},{\"@type\":\"BreadcrumbList\",\"@id\":\"https:\\\/\\\/kibrisdakik.com\\\/?p=22393#breadcrumb\",\"itemListElement\":[{\"@type\":\"ListItem\",\"position\":1,\"name\":\"Home\",\"item\":\"https:\\\/\\\/kibrisdakik.com\\\/\"},{\"@type\":\"ListItem\",\"position\":2,\"name\":\"\u0130\u00e7i\u015fleri Bakanl\u0131\u011f\u0131 b\u00fct\u00e7esi Meclis\u2019te g\u00f6r\u00fc\u015f\u00fcl\u00fcyor\"}]},{\"@type\":\"WebSite\",\"@id\":\"https:\\\/\\\/kibrisdakik.com\\\/#website\",\"url\":\"https:\\\/\\\/kibrisdakik.com\\\/\",\"name\":\"\",\"description\":\"Tam vaktinde haber\",\"potentialAction\":[{\"@type\":\"SearchAction\",\"target\":{\"@type\":\"EntryPoint\",\"urlTemplate\":\"https:\\\/\\\/kibrisdakik.com\\\/?s={search_term_string}\"},\"query-input\":{\"@type\":\"PropertyValueSpecification\",\"valueRequired\":true,\"valueName\":\"search_term_string\"}}],\"inLanguage\":\"tr\"},{\"@type\":\"Person\",\"@id\":\"https:\\\/\\\/kibrisdakik.com\\\/#\\\/schema\\\/person\\\/9cd9d437bbb44f72b73ba127e06d8e79\",\"name\":\"admin\",\"image\":{\"@type\":\"ImageObject\",\"inLanguage\":\"tr\",\"@id\":\"https:\\\/\\\/secure.gravatar.com\\\/avatar\\\/ccc17943b9d660506c869530f897617f7cb1c21a4bf30023f252596d83e1f007?s=96&d=mm&r=g\",\"url\":\"https:\\\/\\\/secure.gravatar.com\\\/avatar\\\/ccc17943b9d660506c869530f897617f7cb1c21a4bf30023f252596d83e1f007?s=96&d=mm&r=g\",\"contentUrl\":\"https:\\\/\\\/secure.gravatar.com\\\/avatar\\\/ccc17943b9d660506c869530f897617f7cb1c21a4bf30023f252596d83e1f007?s=96&d=mm&r=g\",\"caption\":\"admin\"},\"sameAs\":[\"https:\\\/\\\/kibrisdakik.com\"],\"url\":\"https:\\\/\\\/kibrisdakik.com\\\/?author=1\"}]}<\/script>\n<!-- \/ Yoast SEO plugin. -->","yoast_head_json":{"title":"\u0130\u00e7i\u015fleri Bakanl\u0131\u011f\u0131 b\u00fct\u00e7esi Meclis\u2019te g\u00f6r\u00fc\u015f\u00fcl\u00fcyor -","robots":{"index":"index","follow":"follow","max-snippet":"max-snippet:-1","max-image-preview":"max-image-preview:large","max-video-preview":"max-video-preview:-1"},"canonical":"https:\/\/kibrisdakik.com\/?p=22393","og_locale":"tr_TR","og_type":"article","og_title":"\u0130\u00e7i\u015fleri Bakanl\u0131\u011f\u0131 b\u00fct\u00e7esi Meclis\u2019te g\u00f6r\u00fc\u015f\u00fcl\u00fcyor -","og_description":"Cumhuriyet Meclisi Genel Kurulu\u2019nda 2 Milyar 384 Milyon 355 bin 400 TL\u2019lik \u0130\u00e7i\u015fleri Bakanl\u0131\u011f\u0131 b\u00fct\u00e7esi g\u00f6r\u00fc\u015f\u00fcl\u00fcyor. \u0130\u00e7i\u015fleri Bakanl\u0131\u011f\u0131 b\u00fct\u00e7esi \u00fczerine ilk s\u00f6z\u00fc CTP Milletvekili Fazilet \u00d6zdenefe ald\u0131. -\u00d6zdenefe \u00d6zdenefe konu\u015fmas\u0131na, \u0130\u00e7i\u015fleri Bakanl\u0131\u011f\u0131\u2019n\u0131n faaliyet raporlar\u0131n\u0131n kendilerine daha yeni g\u00f6nderildi\u011fini s\u00f6yleyip bunu ele\u015ftirerek ba\u015flad\u0131. Belediyelerin reform ad\u0131 alt\u0131nda birle\u015ftirildi\u011fini an\u0131msatan \u00d6zdenefe, sonras\u0131nda hi\u00e7bir t\u00fcz\u00fc\u011f\u00fcn ge\u00e7medi\u011fini, bakanl\u0131\u011f\u0131n gere\u011fini","og_url":"https:\/\/kibrisdakik.com\/?p=22393","article_published_time":"2023-12-15T16:22:56+00:00","og_image":[{"width":710,"height":370,"url":"https:\/\/kibrisdakik.com\/wp-content\/uploads\/2023\/12\/icisleri-bakanligi-butcesi-mecliste-gorusuluyor-1702656963.webp.webp","type":"image\/webp"}],"author":"admin","twitter_card":"summary_large_image","twitter_misc":{"Yazan:":"admin","Tahmini okuma s\u00fcresi":"4 dakika"},"schema":{"@context":"https:\/\/schema.org","@graph":[{"@type":"Article","@id":"https:\/\/kibrisdakik.com\/?p=22393#article","isPartOf":{"@id":"https:\/\/kibrisdakik.com\/?p=22393"},"author":{"name":"admin","@id":"https:\/\/kibrisdakik.com\/#\/schema\/person\/9cd9d437bbb44f72b73ba127e06d8e79"},"headline":"\u0130\u00e7i\u015fleri Bakanl\u0131\u011f\u0131 b\u00fct\u00e7esi Meclis\u2019te g\u00f6r\u00fc\u015f\u00fcl\u00fcyor","datePublished":"2023-12-15T16:22:56+00:00","mainEntityOfPage":{"@id":"https:\/\/kibrisdakik.com\/?p=22393"},"wordCount":889,"commentCount":0,"image":{"@id":"https:\/\/kibrisdakik.com\/?p=22393#primaryimage"},"thumbnailUrl":"https:\/\/kibrisdakik.com\/wp-content\/uploads\/2023\/12\/icisleri-bakanligi-butcesi-mecliste-gorusuluyor-1702656963.webp.webp","articleSection":["G\u00fcndem"],"inLanguage":"tr","potentialAction":[{"@type":"CommentAction","name":"Comment","target":["https:\/\/kibrisdakik.com\/?p=22393#respond"]}]},{"@type":"WebPage","@id":"https:\/\/kibrisdakik.com\/?p=22393","url":"https:\/\/kibrisdakik.com\/?p=22393","name":"\u0130\u00e7i\u015fleri Bakanl\u0131\u011f\u0131 b\u00fct\u00e7esi Meclis\u2019te g\u00f6r\u00fc\u015f\u00fcl\u00fcyor -","isPartOf":{"@id":"https:\/\/kibrisdakik.com\/#website"},"primaryImageOfPage":{"@id":"https:\/\/kibrisdakik.com\/?p=22393#primaryimage"},"image":{"@id":"https:\/\/kibrisdakik.com\/?p=22393#primaryimage"},"thumbnailUrl":"https:\/\/kibrisdakik.com\/wp-content\/uploads\/2023\/12\/icisleri-bakanligi-butcesi-mecliste-gorusuluyor-1702656963.webp.webp","datePublished":"2023-12-15T16:22:56+00:00","author":{"@id":"https:\/\/kibrisdakik.com\/#\/schema\/person\/9cd9d437bbb44f72b73ba127e06d8e79"},"breadcrumb":{"@id":"https:\/\/kibrisdakik.com\/?p=22393#breadcrumb"},"inLanguage":"tr","potentialAction":[{"@type":"ReadAction","target":["https:\/\/kibrisdakik.com\/?p=22393"]}]},{"@type":"ImageObject","inLanguage":"tr","@id":"https:\/\/kibrisdakik.com\/?p=22393#primaryimage","url":"https:\/\/kibrisdakik.com\/wp-content\/uploads\/2023\/12\/icisleri-bakanligi-butcesi-mecliste-gorusuluyor-1702656963.webp.webp","contentUrl":"https:\/\/kibrisdakik.com\/wp-content\/uploads\/2023\/12\/icisleri-bakanligi-butcesi-mecliste-gorusuluyor-1702656963.webp.webp","width":710,"height":370},{"@type":"BreadcrumbList","@id":"https:\/\/kibrisdakik.com\/?p=22393#breadcrumb","itemListElement":[{"@type":"ListItem","position":1,"name":"Home","item":"https:\/\/kibrisdakik.com\/"},{"@type":"ListItem","position":2,"name":"\u0130\u00e7i\u015fleri Bakanl\u0131\u011f\u0131 b\u00fct\u00e7esi Meclis\u2019te g\u00f6r\u00fc\u015f\u00fcl\u00fcyor"}]},{"@type":"WebSite","@id":"https:\/\/kibrisdakik.com\/#website","url":"https:\/\/kibrisdakik.com\/","name":"","description":"Tam vaktinde haber","potentialAction":[{"@type":"SearchAction","target":{"@type":"EntryPoint","urlTemplate":"https:\/\/kibrisdakik.com\/?s={search_term_string}"},"query-input":{"@type":"PropertyValueSpecification","valueRequired":true,"valueName":"search_term_string"}}],"inLanguage":"tr"},{"@type":"Person","@id":"https:\/\/kibrisdakik.com\/#\/schema\/person\/9cd9d437bbb44f72b73ba127e06d8e79","name":"admin","image":{"@type":"ImageObject","inLanguage":"tr","@id":"https:\/\/secure.gravatar.com\/avatar\/ccc17943b9d660506c869530f897617f7cb1c21a4bf30023f252596d83e1f007?s=96&d=mm&r=g","url":"https:\/\/secure.gravatar.com\/avatar\/ccc17943b9d660506c869530f897617f7cb1c21a4bf30023f252596d83e1f007?s=96&d=mm&r=g","contentUrl":"https:\/\/secure.gravatar.com\/avatar\/ccc17943b9d660506c869530f897617f7cb1c21a4bf30023f252596d83e1f007?s=96&d=mm&r=g","caption":"admin"},"sameAs":["https:\/\/kibrisdakik.com"],"url":"https:\/\/kibrisdakik.com\/?author=1"}]}},"_links":{"self":[{"href":"https:\/\/kibrisdakik.com\/index.php?rest_route=\/wp\/v2\/posts\/22393","targetHints":{"allow":["GET"]}}],"collection":[{"href":"https:\/\/kibrisdakik.com\/index.php?rest_route=\/wp\/v2\/posts"}],"about":[{"href":"https:\/\/kibrisdakik.com\/index.php?rest_route=\/wp\/v2\/types\/post"}],"author":[{"embeddable":true,"href":"https:\/\/kibrisdakik.com\/index.php?rest_route=\/wp\/v2\/users\/1"}],"replies":[{"embeddable":true,"href":"https:\/\/kibrisdakik.com\/index.php?rest_route=%2Fwp%2Fv2%2Fcomments&post=22393"}],"version-history":[{"count":0,"href":"https:\/\/kibrisdakik.com\/index.php?rest_route=\/wp\/v2\/posts\/22393\/revisions"}],"wp:featuredmedia":[{"embeddable":true,"href":"https:\/\/kibrisdakik.com\/index.php?rest_route=\/wp\/v2\/media\/22394"}],"wp:attachment":[{"href":"https:\/\/kibrisdakik.com\/index.php?rest_route=%2Fwp%2Fv2%2Fmedia&parent=22393"}],"wp:term":[{"taxonomy":"category","embeddable":true,"href":"https:\/\/kibrisdakik.com\/index.php?rest_route=%2Fwp%2Fv2%2Fcategories&post=22393"},{"taxonomy":"post_tag","embeddable":true,"href":"https:\/\/kibrisdakik.com\/index.php?rest_route=%2Fwp%2Fv2%2Ftags&post=22393"}],"curies":[{"name":"wp","href":"https:\/\/api.w.org\/{rel}","templated":true}]}}