{"id":22446,"date":"2023-12-15T21:14:38","date_gmt":"2023-12-15T21:14:38","guid":{"rendered":"https:\/\/kibrisdakik.com\/index.php\/2023\/12\/15\/cilt-rengiyle-iliskili-135-yeni-gen-tespit-edildi\/"},"modified":"2023-12-15T21:14:38","modified_gmt":"2023-12-15T21:14:38","slug":"cilt-rengiyle-iliskili-135-yeni-gen-tespit-edildi","status":"publish","type":"post","link":"https:\/\/kibrisdakik.com\/?p=22446","title":{"rendered":"Cilt rengiyle ili\u015fkili 135 yeni gen tespit edildi"},"content":{"rendered":"<p><img decoding=\"async\" src=\"https:\/\/www.kibristurk.com\/images\/haberler\/2023\/12\/cilt-rengiyle-iliskili-135-yeni-gen-tespit-edildi-1702674505.webp\" \/><\/p>\n<p>News Medical Life Sciences&#8217;ta yer alan habere g\u00f6re, Oklahoma \u00dcniversitesinden Vivek Bajpai ve Stanford \u00dcniversitesinden ara\u015ft\u0131rmac\u0131lar taraf\u0131ndan yap\u0131lan \u00e7al\u0131\u015fmada, insanlara cilt rengini veren pigmentasyonla ili\u015fkili 135 yeni gen tan\u0131mland\u0131.<\/p>\n<p>Ara\u015ft\u0131rmac\u0131lar, cilt pigmenti de olarak da tan\u0131mlanan &#8220;melanin&#8221; \u00fcretimini etkileyen, i\u015flevsel olarak farkl\u0131 169 gen bulurken bunlardan 135&#8217;inin daha \u00f6nce pigmentasyon ile ili\u015fkili olmad\u0131\u011f\u0131 tespit edildi.<\/p>\n<p>Ara\u015ft\u0131rmaya g\u00f6re, yeni ke\u015ffedilen KLF6 ve COMMD3 isimli iki genden KLF6 isimli DNA ba\u011flay\u0131c\u0131 protein, insanlarda ve hayvanlarda melanin \u00fcretimi kayb\u0131na yol a\u00e7arken di\u011fer t\u00fcrlerde ise melanin \u00fcretiminde rol oynuyor.<\/p>\n<p>COMMD3 ise, melanozomlar\u0131n asitli\u011fini kontrol ederek melanin sentezini d\u00fczenliyor.<\/p>\n<p>Bajpai, \u00e7al\u0131\u015fmayla ilgili &#8220;Melanini neyin d\u00fczenledi\u011fini anlayarak daha a\u00e7\u0131k tenli insanlar\u0131 melanomdan veya cilt kanserinden korumaya yard\u0131mc\u0131 olabiliriz. Bu yeni melanin genlerini hedefleyerek vitiligo ve di\u011fer pigmentasyon hastal\u0131klar\u0131 i\u00e7in melanin de\u011fi\u015ftiren ila\u00e7lar da geli\u015ftirebiliriz.&#8221; a\u00e7\u0131klamas\u0131nda bulundu.<\/p>\n<p>Ara\u015ft\u0131rmac\u0131lar, bu t\u00fcr melanin \u00fcreten genleri ke\u015ffederek mikroplara ve hastal\u0131klara kar\u015f\u0131 etkili m\u00fcdahaleler geli\u015ftirebilir.<\/p>\n<p>Ara\u015ft\u0131rma, &#8220;Journal Science &#8221; adl\u0131 dergide yay\u0131mland\u0131.<\/p>\n","protected":false},"excerpt":{"rendered":"<p>News Medical Life Sciences&#8217;ta yer alan habere g\u00f6re, Oklahoma \u00dcniversitesinden Vivek Bajpai ve Stanford \u00dcniversitesinden ara\u015ft\u0131rmac\u0131lar taraf\u0131ndan yap\u0131lan \u00e7al\u0131\u015fmada, insanlara cilt rengini veren pigmentasyonla ili\u015fkili 135 yeni gen tan\u0131mland\u0131. Ara\u015ft\u0131rmac\u0131lar, cilt pigmenti de olarak da tan\u0131mlanan &#8220;melanin&#8221; \u00fcretimini etkileyen, i\u015flevsel olarak farkl\u0131 169 gen bulurken bunlardan 135&#8217;inin daha \u00f6nce pigmentasyon ile ili\u015fkili olmad\u0131\u011f\u0131 tespit edildi.<\/p>\n","protected":false},"author":1,"featured_media":22447,"comment_status":"open","ping_status":"open","sticky":false,"template":"","format":"standard","meta":{"footnotes":""},"categories":[86],"tags":[],"class_list":["post-22446","post","type-post","status-publish","format-standard","has-post-thumbnail","hentry","category-turkiye"],"yoast_head":"<!-- This site is optimized with the Yoast SEO plugin v27.5 - https:\/\/yoast.com\/product\/yoast-seo-wordpress\/ -->\n<title>Cilt rengiyle ili\u015fkili 135 yeni gen tespit edildi -<\/title>\n<meta name=\"robots\" content=\"index, follow, max-snippet:-1, max-image-preview:large, max-video-preview:-1\" \/>\n<link rel=\"canonical\" href=\"https:\/\/kibrisdakik.com\/?p=22446\" \/>\n<meta property=\"og:locale\" content=\"tr_TR\" \/>\n<meta property=\"og:type\" content=\"article\" \/>\n<meta property=\"og:title\" content=\"Cilt rengiyle ili\u015fkili 135 yeni gen tespit edildi -\" \/>\n<meta property=\"og:description\" content=\"News Medical Life Sciences&#8217;ta yer alan habere g\u00f6re, Oklahoma \u00dcniversitesinden Vivek Bajpai ve Stanford \u00dcniversitesinden ara\u015ft\u0131rmac\u0131lar taraf\u0131ndan yap\u0131lan \u00e7al\u0131\u015fmada, insanlara cilt rengini veren pigmentasyonla ili\u015fkili 135 yeni gen tan\u0131mland\u0131. Ara\u015ft\u0131rmac\u0131lar, cilt pigmenti de olarak da tan\u0131mlanan &#8220;melanin&#8221; \u00fcretimini etkileyen, i\u015flevsel olarak farkl\u0131 169 gen bulurken bunlardan 135&#8217;inin daha \u00f6nce pigmentasyon ile ili\u015fkili olmad\u0131\u011f\u0131 tespit edildi.\" \/>\n<meta property=\"og:url\" content=\"https:\/\/kibrisdakik.com\/?p=22446\" \/>\n<meta property=\"article:published_time\" content=\"2023-12-15T21:14:38+00:00\" \/>\n<meta property=\"og:image\" content=\"https:\/\/kibrisdakik.com\/wp-content\/uploads\/2023\/12\/cilt-rengiyle-iliskili-135-yeni-gen-tespit-edildi-1702674505.webp.webp\" \/>\n\t<meta property=\"og:image:width\" content=\"710\" \/>\n\t<meta property=\"og:image:height\" content=\"370\" \/>\n\t<meta property=\"og:image:type\" content=\"image\/webp\" \/>\n<meta name=\"author\" content=\"admin\" \/>\n<meta name=\"twitter:card\" content=\"summary_large_image\" \/>\n<meta name=\"twitter:label1\" content=\"Yazan:\" \/>\n\t<meta name=\"twitter:data1\" content=\"admin\" \/>\n\t<meta name=\"twitter:label2\" content=\"Tahmini okuma s\u00fcresi\" \/>\n\t<meta name=\"twitter:data2\" content=\"1 dakika\" \/>\n<script type=\"application\/ld+json\" class=\"yoast-schema-graph\">{\"@context\":\"https:\\\/\\\/schema.org\",\"@graph\":[{\"@type\":\"Article\",\"@id\":\"https:\\\/\\\/kibrisdakik.com\\\/?p=22446#article\",\"isPartOf\":{\"@id\":\"https:\\\/\\\/kibrisdakik.com\\\/?p=22446\"},\"author\":{\"name\":\"admin\",\"@id\":\"https:\\\/\\\/kibrisdakik.com\\\/#\\\/schema\\\/person\\\/9cd9d437bbb44f72b73ba127e06d8e79\"},\"headline\":\"Cilt rengiyle ili\u015fkili 135 yeni gen tespit edildi\",\"datePublished\":\"2023-12-15T21:14:38+00:00\",\"mainEntityOfPage\":{\"@id\":\"https:\\\/\\\/kibrisdakik.com\\\/?p=22446\"},\"wordCount\":209,\"commentCount\":0,\"image\":{\"@id\":\"https:\\\/\\\/kibrisdakik.com\\\/?p=22446#primaryimage\"},\"thumbnailUrl\":\"https:\\\/\\\/kibrisdakik.com\\\/wp-content\\\/uploads\\\/2023\\\/12\\\/cilt-rengiyle-iliskili-135-yeni-gen-tespit-edildi-1702674505.webp.webp\",\"articleSection\":[\"T\u00fcrkiye\"],\"inLanguage\":\"tr\",\"potentialAction\":[{\"@type\":\"CommentAction\",\"name\":\"Comment\",\"target\":[\"https:\\\/\\\/kibrisdakik.com\\\/?p=22446#respond\"]}]},{\"@type\":\"WebPage\",\"@id\":\"https:\\\/\\\/kibrisdakik.com\\\/?p=22446\",\"url\":\"https:\\\/\\\/kibrisdakik.com\\\/?p=22446\",\"name\":\"Cilt rengiyle ili\u015fkili 135 yeni gen tespit edildi -\",\"isPartOf\":{\"@id\":\"https:\\\/\\\/kibrisdakik.com\\\/#website\"},\"primaryImageOfPage\":{\"@id\":\"https:\\\/\\\/kibrisdakik.com\\\/?p=22446#primaryimage\"},\"image\":{\"@id\":\"https:\\\/\\\/kibrisdakik.com\\\/?p=22446#primaryimage\"},\"thumbnailUrl\":\"https:\\\/\\\/kibrisdakik.com\\\/wp-content\\\/uploads\\\/2023\\\/12\\\/cilt-rengiyle-iliskili-135-yeni-gen-tespit-edildi-1702674505.webp.webp\",\"datePublished\":\"2023-12-15T21:14:38+00:00\",\"author\":{\"@id\":\"https:\\\/\\\/kibrisdakik.com\\\/#\\\/schema\\\/person\\\/9cd9d437bbb44f72b73ba127e06d8e79\"},\"breadcrumb\":{\"@id\":\"https:\\\/\\\/kibrisdakik.com\\\/?p=22446#breadcrumb\"},\"inLanguage\":\"tr\",\"potentialAction\":[{\"@type\":\"ReadAction\",\"target\":[\"https:\\\/\\\/kibrisdakik.com\\\/?p=22446\"]}]},{\"@type\":\"ImageObject\",\"inLanguage\":\"tr\",\"@id\":\"https:\\\/\\\/kibrisdakik.com\\\/?p=22446#primaryimage\",\"url\":\"https:\\\/\\\/kibrisdakik.com\\\/wp-content\\\/uploads\\\/2023\\\/12\\\/cilt-rengiyle-iliskili-135-yeni-gen-tespit-edildi-1702674505.webp.webp\",\"contentUrl\":\"https:\\\/\\\/kibrisdakik.com\\\/wp-content\\\/uploads\\\/2023\\\/12\\\/cilt-rengiyle-iliskili-135-yeni-gen-tespit-edildi-1702674505.webp.webp\",\"width\":710,\"height\":370},{\"@type\":\"BreadcrumbList\",\"@id\":\"https:\\\/\\\/kibrisdakik.com\\\/?p=22446#breadcrumb\",\"itemListElement\":[{\"@type\":\"ListItem\",\"position\":1,\"name\":\"Home\",\"item\":\"https:\\\/\\\/kibrisdakik.com\\\/\"},{\"@type\":\"ListItem\",\"position\":2,\"name\":\"Cilt rengiyle ili\u015fkili 135 yeni gen tespit edildi\"}]},{\"@type\":\"WebSite\",\"@id\":\"https:\\\/\\\/kibrisdakik.com\\\/#website\",\"url\":\"https:\\\/\\\/kibrisdakik.com\\\/\",\"name\":\"\",\"description\":\"Tam vaktinde haber\",\"potentialAction\":[{\"@type\":\"SearchAction\",\"target\":{\"@type\":\"EntryPoint\",\"urlTemplate\":\"https:\\\/\\\/kibrisdakik.com\\\/?s={search_term_string}\"},\"query-input\":{\"@type\":\"PropertyValueSpecification\",\"valueRequired\":true,\"valueName\":\"search_term_string\"}}],\"inLanguage\":\"tr\"},{\"@type\":\"Person\",\"@id\":\"https:\\\/\\\/kibrisdakik.com\\\/#\\\/schema\\\/person\\\/9cd9d437bbb44f72b73ba127e06d8e79\",\"name\":\"admin\",\"image\":{\"@type\":\"ImageObject\",\"inLanguage\":\"tr\",\"@id\":\"https:\\\/\\\/secure.gravatar.com\\\/avatar\\\/ccc17943b9d660506c869530f897617f7cb1c21a4bf30023f252596d83e1f007?s=96&d=mm&r=g\",\"url\":\"https:\\\/\\\/secure.gravatar.com\\\/avatar\\\/ccc17943b9d660506c869530f897617f7cb1c21a4bf30023f252596d83e1f007?s=96&d=mm&r=g\",\"contentUrl\":\"https:\\\/\\\/secure.gravatar.com\\\/avatar\\\/ccc17943b9d660506c869530f897617f7cb1c21a4bf30023f252596d83e1f007?s=96&d=mm&r=g\",\"caption\":\"admin\"},\"sameAs\":[\"https:\\\/\\\/kibrisdakik.com\"],\"url\":\"https:\\\/\\\/kibrisdakik.com\\\/?author=1\"}]}<\/script>\n<!-- \/ Yoast SEO plugin. -->","yoast_head_json":{"title":"Cilt rengiyle ili\u015fkili 135 yeni gen tespit edildi -","robots":{"index":"index","follow":"follow","max-snippet":"max-snippet:-1","max-image-preview":"max-image-preview:large","max-video-preview":"max-video-preview:-1"},"canonical":"https:\/\/kibrisdakik.com\/?p=22446","og_locale":"tr_TR","og_type":"article","og_title":"Cilt rengiyle ili\u015fkili 135 yeni gen tespit edildi -","og_description":"News Medical Life Sciences&#8217;ta yer alan habere g\u00f6re, Oklahoma \u00dcniversitesinden Vivek Bajpai ve Stanford \u00dcniversitesinden ara\u015ft\u0131rmac\u0131lar taraf\u0131ndan yap\u0131lan \u00e7al\u0131\u015fmada, insanlara cilt rengini veren pigmentasyonla ili\u015fkili 135 yeni gen tan\u0131mland\u0131. Ara\u015ft\u0131rmac\u0131lar, cilt pigmenti de olarak da tan\u0131mlanan &#8220;melanin&#8221; \u00fcretimini etkileyen, i\u015flevsel olarak farkl\u0131 169 gen bulurken bunlardan 135&#8217;inin daha \u00f6nce pigmentasyon ile ili\u015fkili olmad\u0131\u011f\u0131 tespit edildi.","og_url":"https:\/\/kibrisdakik.com\/?p=22446","article_published_time":"2023-12-15T21:14:38+00:00","og_image":[{"width":710,"height":370,"url":"https:\/\/kibrisdakik.com\/wp-content\/uploads\/2023\/12\/cilt-rengiyle-iliskili-135-yeni-gen-tespit-edildi-1702674505.webp.webp","type":"image\/webp"}],"author":"admin","twitter_card":"summary_large_image","twitter_misc":{"Yazan:":"admin","Tahmini okuma s\u00fcresi":"1 dakika"},"schema":{"@context":"https:\/\/schema.org","@graph":[{"@type":"Article","@id":"https:\/\/kibrisdakik.com\/?p=22446#article","isPartOf":{"@id":"https:\/\/kibrisdakik.com\/?p=22446"},"author":{"name":"admin","@id":"https:\/\/kibrisdakik.com\/#\/schema\/person\/9cd9d437bbb44f72b73ba127e06d8e79"},"headline":"Cilt rengiyle ili\u015fkili 135 yeni gen tespit edildi","datePublished":"2023-12-15T21:14:38+00:00","mainEntityOfPage":{"@id":"https:\/\/kibrisdakik.com\/?p=22446"},"wordCount":209,"commentCount":0,"image":{"@id":"https:\/\/kibrisdakik.com\/?p=22446#primaryimage"},"thumbnailUrl":"https:\/\/kibrisdakik.com\/wp-content\/uploads\/2023\/12\/cilt-rengiyle-iliskili-135-yeni-gen-tespit-edildi-1702674505.webp.webp","articleSection":["T\u00fcrkiye"],"inLanguage":"tr","potentialAction":[{"@type":"CommentAction","name":"Comment","target":["https:\/\/kibrisdakik.com\/?p=22446#respond"]}]},{"@type":"WebPage","@id":"https:\/\/kibrisdakik.com\/?p=22446","url":"https:\/\/kibrisdakik.com\/?p=22446","name":"Cilt rengiyle ili\u015fkili 135 yeni gen tespit edildi -","isPartOf":{"@id":"https:\/\/kibrisdakik.com\/#website"},"primaryImageOfPage":{"@id":"https:\/\/kibrisdakik.com\/?p=22446#primaryimage"},"image":{"@id":"https:\/\/kibrisdakik.com\/?p=22446#primaryimage"},"thumbnailUrl":"https:\/\/kibrisdakik.com\/wp-content\/uploads\/2023\/12\/cilt-rengiyle-iliskili-135-yeni-gen-tespit-edildi-1702674505.webp.webp","datePublished":"2023-12-15T21:14:38+00:00","author":{"@id":"https:\/\/kibrisdakik.com\/#\/schema\/person\/9cd9d437bbb44f72b73ba127e06d8e79"},"breadcrumb":{"@id":"https:\/\/kibrisdakik.com\/?p=22446#breadcrumb"},"inLanguage":"tr","potentialAction":[{"@type":"ReadAction","target":["https:\/\/kibrisdakik.com\/?p=22446"]}]},{"@type":"ImageObject","inLanguage":"tr","@id":"https:\/\/kibrisdakik.com\/?p=22446#primaryimage","url":"https:\/\/kibrisdakik.com\/wp-content\/uploads\/2023\/12\/cilt-rengiyle-iliskili-135-yeni-gen-tespit-edildi-1702674505.webp.webp","contentUrl":"https:\/\/kibrisdakik.com\/wp-content\/uploads\/2023\/12\/cilt-rengiyle-iliskili-135-yeni-gen-tespit-edildi-1702674505.webp.webp","width":710,"height":370},{"@type":"BreadcrumbList","@id":"https:\/\/kibrisdakik.com\/?p=22446#breadcrumb","itemListElement":[{"@type":"ListItem","position":1,"name":"Home","item":"https:\/\/kibrisdakik.com\/"},{"@type":"ListItem","position":2,"name":"Cilt rengiyle ili\u015fkili 135 yeni gen tespit edildi"}]},{"@type":"WebSite","@id":"https:\/\/kibrisdakik.com\/#website","url":"https:\/\/kibrisdakik.com\/","name":"","description":"Tam vaktinde haber","potentialAction":[{"@type":"SearchAction","target":{"@type":"EntryPoint","urlTemplate":"https:\/\/kibrisdakik.com\/?s={search_term_string}"},"query-input":{"@type":"PropertyValueSpecification","valueRequired":true,"valueName":"search_term_string"}}],"inLanguage":"tr"},{"@type":"Person","@id":"https:\/\/kibrisdakik.com\/#\/schema\/person\/9cd9d437bbb44f72b73ba127e06d8e79","name":"admin","image":{"@type":"ImageObject","inLanguage":"tr","@id":"https:\/\/secure.gravatar.com\/avatar\/ccc17943b9d660506c869530f897617f7cb1c21a4bf30023f252596d83e1f007?s=96&d=mm&r=g","url":"https:\/\/secure.gravatar.com\/avatar\/ccc17943b9d660506c869530f897617f7cb1c21a4bf30023f252596d83e1f007?s=96&d=mm&r=g","contentUrl":"https:\/\/secure.gravatar.com\/avatar\/ccc17943b9d660506c869530f897617f7cb1c21a4bf30023f252596d83e1f007?s=96&d=mm&r=g","caption":"admin"},"sameAs":["https:\/\/kibrisdakik.com"],"url":"https:\/\/kibrisdakik.com\/?author=1"}]}},"_links":{"self":[{"href":"https:\/\/kibrisdakik.com\/index.php?rest_route=\/wp\/v2\/posts\/22446","targetHints":{"allow":["GET"]}}],"collection":[{"href":"https:\/\/kibrisdakik.com\/index.php?rest_route=\/wp\/v2\/posts"}],"about":[{"href":"https:\/\/kibrisdakik.com\/index.php?rest_route=\/wp\/v2\/types\/post"}],"author":[{"embeddable":true,"href":"https:\/\/kibrisdakik.com\/index.php?rest_route=\/wp\/v2\/users\/1"}],"replies":[{"embeddable":true,"href":"https:\/\/kibrisdakik.com\/index.php?rest_route=%2Fwp%2Fv2%2Fcomments&post=22446"}],"version-history":[{"count":0,"href":"https:\/\/kibrisdakik.com\/index.php?rest_route=\/wp\/v2\/posts\/22446\/revisions"}],"wp:featuredmedia":[{"embeddable":true,"href":"https:\/\/kibrisdakik.com\/index.php?rest_route=\/wp\/v2\/media\/22447"}],"wp:attachment":[{"href":"https:\/\/kibrisdakik.com\/index.php?rest_route=%2Fwp%2Fv2%2Fmedia&parent=22446"}],"wp:term":[{"taxonomy":"category","embeddable":true,"href":"https:\/\/kibrisdakik.com\/index.php?rest_route=%2Fwp%2Fv2%2Fcategories&post=22446"},{"taxonomy":"post_tag","embeddable":true,"href":"https:\/\/kibrisdakik.com\/index.php?rest_route=%2Fwp%2Fv2%2Ftags&post=22446"}],"curies":[{"name":"wp","href":"https:\/\/api.w.org\/{rel}","templated":true}]}}