{"id":22454,"date":"2023-12-15T22:08:38","date_gmt":"2023-12-15T22:08:38","guid":{"rendered":"https:\/\/kibrisdakik.com\/index.php\/2023\/12\/15\/guterres-insan-haklari-odul-toreninde-gazzede-yasanan-acilara-dikkati-cekti\/"},"modified":"2023-12-15T22:08:38","modified_gmt":"2023-12-15T22:08:38","slug":"guterres-insan-haklari-odul-toreninde-gazzede-yasanan-acilara-dikkati-cekti","status":"publish","type":"post","link":"https:\/\/kibrisdakik.com\/?p=22454","title":{"rendered":"Guterres, \u0130nsan Haklar\u0131 \u00d6d\u00fcl T\u00f6reni&#039;nde, Gazze&#039;de ya\u015fanan &quot;ac\u0131lara&quot; dikkati \u00e7ekti"},"content":{"rendered":"<p><img decoding=\"async\" src=\"https:\/\/www.kibristurk.com\/images\/haberler\/2023\/12\/guterres-insan-haklari-odul-toreninde-gazzede-yasanan-acilara-dikkati-cekti-1702676509.webp\" \/><\/p>\n<p>BM&#8217;nin New York&#8217;taki Genel Kurulu&#8217;nda, \u0130nsan Haklar\u0131 Evrensel Beyannamesi&#8217;nin 75. y\u0131l\u0131 i\u00e7in belirlenen BM \u0130nsan Haklar\u0131 \u00d6d\u00fclleri sahiplerine takdim edildi.<\/p>\n<p>\u00d6d\u00fcl t\u00f6reninde konu\u015fan Guterres, 7 Ekim&#8217;de ba\u015flayan \u00e7at\u0131\u015fmalar sonras\u0131nda &#8220;Gazze&#8217;de her g\u00fcn dramatik \u00f6l\u00fcmlere ve ac\u0131lara tan\u0131k olduklar\u0131na&#8221; ve &#8220;siviller a\u00e7\u0131s\u0131ndan korkun\u00e7 sonu\u00e7lara yol a\u00e7an \u00e7at\u0131\u015fmalar\u0131n t\u00fcm \u015fiddetiyle s\u00fcrd\u00fc\u011f\u00fcne&#8221; dikkati \u00e7ekti.<\/p>\n<p>Guterres, &#8220;D\u00fcnyan\u0131n, antisemitizme, M\u00fcsl\u00fcman kar\u015f\u0131t\u0131 ba\u011fnazl\u0131\u011fa, az\u0131nl\u0131k H\u0131ristiyan topluluklar\u0131na y\u00f6nelik sald\u0131r\u0131lara, her t\u00fcrl\u00fc nefret ve istismara kar\u015f\u0131 seslerini y\u00fckseltecek \u00fclke liderlerine, \u015firketlere, siyasi partilere, dini ve sivil \u00f6rg\u00fctlere ve di\u011fer liderlere ihtiyac\u0131 var.&#8221; ifadesini kulland\u0131.<\/p>\n<p>BM Genel Sekreteri, 75 y\u0131l ge\u00e7mesine ra\u011fmen d\u00fcnyada hala &#8220;e\u015fitsizliklerin derinle\u015fti\u011fini, a\u00e7l\u0131k ve yoksulluklar\u0131n artt\u0131\u011f\u0131n\u0131, kad\u0131n haklar\u0131n\u0131n duraklad\u0131\u011f\u0131n\u0131 ve baz\u0131 durumlarda geriledi\u011fini&#8221; dile getirdi.<\/p>\n<p>Guterres, &#8220;\u0130nsan Haklar\u0131 Evrensel Beyannamesi, her birimizin tek bir insanl\u0131k ailesinin e\u015fit \u00fcyeleri oldu\u011fumuz temel ger\u00e7e\u011fine uygun hareket etmeye y\u00f6nelik a\u00e7\u0131k bir \u00e7a\u011fr\u0131d\u0131r.&#8221; dedi.<\/p>\n<h3>&#8220;Hi\u00e7bir ayr\u0131m g\u00f6zetmeksizin her hayat \u00f6nemlidir&#8221;<\/h3>\n<p>BM Genel Kurul Ba\u015fkan\u0131 Dennis Francis, d\u00fcnya \u00e7ap\u0131ndaki insan haklar\u0131 savunucular\u0131n\u0131n ba\u015far\u0131lar\u0131n\u0131 onurland\u0131rmak \u00fczere d\u00fczenlenen oturumun a\u00e7\u0131l\u0131\u015f konu\u015fmas\u0131nda, &#8220;t\u00fcm insanlar\u0131n e\u015fitli\u011fine&#8221; vurgu yapt\u0131.<\/p>\n<p>Francis, &#8220;\u0130nsan haklar\u0131n\u0131n, salt sloganlar\u0131n \u00f6tesine ge\u00e7mesini sa\u011flamak, bireylere, kutsal say\u0131lan ve kutsal say\u0131lmas\u0131 gereken haklar\u0131n\u0131 geri talep etme g\u00fcc\u00fc vermek i\u00e7in harekete ge\u00e7me zaman\u0131d\u0131r. \u00c7\u00fcnk\u00fc hepimiz insan\u0131z ve haklar bak\u0131m\u0131ndan e\u015fitiz. Hi\u00e7bir ayr\u0131m g\u00f6zetmeksizin her hayat \u00f6nemlidir.&#8221; diye konu\u015ftu.<\/p>\n<p>D\u00fcnya \u00e7ap\u0131nda hala milyonlarca ki\u015finin en temel insan haklar\u0131ndan mahrum b\u0131rak\u0131lmaya devam edildi\u011fini s\u00f6yleyen Francis, evrensel beyannamelere, hedeflere ve ilkelere sahip \u00e7\u0131kma konusunda nerede yetersiz kal\u0131nd\u0131\u011f\u0131n\u0131n sorgulanmas\u0131 gerekti\u011finin alt\u0131n\u0131 \u00e7izdi.<\/p>\n<h3>&#8220;\u0130nsan haklar\u0131 savunucular\u0131, de\u011fi\u015fimin ileri g\u00f6r\u00fc\u015fl\u00fc temsilcileridir&#8221;<\/h3>\n<p>BM \u0130nsan Haklar\u0131 Y\u00fcksek Komiseri Volker T\u00fcrk de &#8220;\u0130nsan haklar\u0131 savunucular\u0131, de\u011fi\u015fimin ileri g\u00f6r\u00fc\u015fl\u00fc temsilcileridir. Onlar, hepimiz i\u00e7in daha iyi bir gelecek g\u00f6r\u00fcyorlar ve bu gelece\u011fi nas\u0131l ger\u00e7e\u011fe d\u00f6n\u00fc\u015ft\u00fcreceklerini biliyorlar.&#8221; de\u011ferlendirmesinde bulundu.<\/p>\n<p>Bu alanda \u00f6d\u00fcl alanlara seslenen T\u00fcrk, &#8220;Sizler, \u0130nsan Haklar\u0131 Evrensel Beyannamesi&#8217;nin el\u00e7ilerisiniz. Ola\u011fan\u00fcst\u00fc \u00e7al\u0131\u015fmalar\u0131n\u0131z, d\u00fcnyam\u0131z\u0131 her ge\u00e7en g\u00fcn daha iyiye do\u011fru de\u011fi\u015ftiriyor. Bu, kararl\u0131l\u0131k gerektirir ve cesaret ister.&#8221; dedi.<\/p>\n<p>T\u00fcrk, \u00f6d\u00fcl sahiplerine, d\u00fcnya \u00e7ap\u0131nda insanlara daha iyi bir gelecek in\u015fa etmeye y\u00f6nelik e\u015fsiz katk\u0131lar\u0131ndan dolay\u0131 te\u015fekk\u00fcr etti.<\/p>\n<p>1968&#8217;den bu yana verilen BM \u0130nsan Haklar\u0131 \u00d6d\u00fcl\u00fc&#8217;ne bu y\u0131l Beyaz Rusya&#8217;dan Viasna \u0130nsan Haklar\u0131 Merkezi, Kongo Demokratik Cumhuriyeti&#8217;nden Julienne Lusenge, \u00dcrd\u00fcn&#8217;den Amman \u0130nsan Haklar\u0131 Ara\u015ft\u0131rmalar\u0131 Merkezi, Uruguay&#8217;dan Julio Pereya ile &#8220;Temiz, sa\u011fl\u0131kl\u0131 ve s\u00fcrd\u00fcr\u00fclebilir bir \u00e7evre hakk\u0131n\u0131n evrensel olarak tan\u0131nmas\u0131 i\u00e7in \u00e7al\u0131\u015fan K\u00fcresel Koalisyon&#8221; lay\u0131k g\u00f6r\u00fcld\u00fc.<\/p>\n","protected":false},"excerpt":{"rendered":"<p>BM&#8217;nin New York&#8217;taki Genel Kurulu&#8217;nda, \u0130nsan Haklar\u0131 Evrensel Beyannamesi&#8217;nin 75. y\u0131l\u0131 i\u00e7in belirlenen BM \u0130nsan Haklar\u0131 \u00d6d\u00fclleri sahiplerine takdim edildi. \u00d6d\u00fcl t\u00f6reninde konu\u015fan Guterres, 7 Ekim&#8217;de ba\u015flayan \u00e7at\u0131\u015fmalar sonras\u0131nda &#8220;Gazze&#8217;de her g\u00fcn dramatik \u00f6l\u00fcmlere ve ac\u0131lara tan\u0131k olduklar\u0131na&#8221; ve &#8220;siviller a\u00e7\u0131s\u0131ndan korkun\u00e7 sonu\u00e7lara yol a\u00e7an \u00e7at\u0131\u015fmalar\u0131n t\u00fcm \u015fiddetiyle s\u00fcrd\u00fc\u011f\u00fcne&#8221; dikkati \u00e7ekti. Guterres, &#8220;D\u00fcnyan\u0131n, antisemitizme, M\u00fcsl\u00fcman<\/p>\n","protected":false},"author":1,"featured_media":22455,"comment_status":"open","ping_status":"open","sticky":false,"template":"","format":"standard","meta":{"footnotes":""},"categories":[79],"tags":[],"class_list":["post-22454","post","type-post","status-publish","format-standard","has-post-thumbnail","hentry","category-ekonomi"],"yoast_head":"<!-- This site is optimized with the Yoast SEO plugin v27.5 - https:\/\/yoast.com\/product\/yoast-seo-wordpress\/ -->\n<title>Guterres, \u0130nsan Haklar\u0131 \u00d6d\u00fcl T\u00f6reni&#039;nde, Gazze&#039;de ya\u015fanan &quot;ac\u0131lara&quot; dikkati \u00e7ekti -<\/title>\n<meta name=\"robots\" content=\"index, follow, max-snippet:-1, max-image-preview:large, max-video-preview:-1\" \/>\n<link rel=\"canonical\" href=\"https:\/\/kibrisdakik.com\/?p=22454\" \/>\n<meta property=\"og:locale\" content=\"tr_TR\" \/>\n<meta property=\"og:type\" content=\"article\" \/>\n<meta property=\"og:title\" content=\"Guterres, \u0130nsan Haklar\u0131 \u00d6d\u00fcl T\u00f6reni&#039;nde, Gazze&#039;de ya\u015fanan &quot;ac\u0131lara&quot; dikkati \u00e7ekti -\" \/>\n<meta property=\"og:description\" content=\"BM&#8217;nin New York&#8217;taki Genel Kurulu&#8217;nda, \u0130nsan Haklar\u0131 Evrensel Beyannamesi&#8217;nin 75. y\u0131l\u0131 i\u00e7in belirlenen BM \u0130nsan Haklar\u0131 \u00d6d\u00fclleri sahiplerine takdim edildi. \u00d6d\u00fcl t\u00f6reninde konu\u015fan Guterres, 7 Ekim&#8217;de ba\u015flayan \u00e7at\u0131\u015fmalar sonras\u0131nda &#8220;Gazze&#8217;de her g\u00fcn dramatik \u00f6l\u00fcmlere ve ac\u0131lara tan\u0131k olduklar\u0131na&#8221; ve &#8220;siviller a\u00e7\u0131s\u0131ndan korkun\u00e7 sonu\u00e7lara yol a\u00e7an \u00e7at\u0131\u015fmalar\u0131n t\u00fcm \u015fiddetiyle s\u00fcrd\u00fc\u011f\u00fcne&#8221; dikkati \u00e7ekti. Guterres, &#8220;D\u00fcnyan\u0131n, antisemitizme, M\u00fcsl\u00fcman\" \/>\n<meta property=\"og:url\" content=\"https:\/\/kibrisdakik.com\/?p=22454\" \/>\n<meta property=\"article:published_time\" content=\"2023-12-15T22:08:38+00:00\" \/>\n<meta property=\"og:image\" content=\"https:\/\/kibrisdakik.com\/wp-content\/uploads\/2023\/12\/guterres-insan-haklari-odul-toreninde-gazzede-yasanan-acilara-dikkati-cekti-1702676509.webp.webp\" \/>\n\t<meta property=\"og:image:width\" content=\"710\" \/>\n\t<meta property=\"og:image:height\" content=\"370\" \/>\n\t<meta property=\"og:image:type\" content=\"image\/webp\" \/>\n<meta name=\"author\" content=\"admin\" \/>\n<meta name=\"twitter:card\" content=\"summary_large_image\" \/>\n<meta name=\"twitter:label1\" content=\"Yazan:\" \/>\n\t<meta name=\"twitter:data1\" content=\"admin\" \/>\n\t<meta name=\"twitter:label2\" content=\"Tahmini okuma s\u00fcresi\" \/>\n\t<meta name=\"twitter:data2\" content=\"3 dakika\" \/>\n<script type=\"application\/ld+json\" class=\"yoast-schema-graph\">{\"@context\":\"https:\\\/\\\/schema.org\",\"@graph\":[{\"@type\":\"Article\",\"@id\":\"https:\\\/\\\/kibrisdakik.com\\\/?p=22454#article\",\"isPartOf\":{\"@id\":\"https:\\\/\\\/kibrisdakik.com\\\/?p=22454\"},\"author\":{\"name\":\"admin\",\"@id\":\"https:\\\/\\\/kibrisdakik.com\\\/#\\\/schema\\\/person\\\/9cd9d437bbb44f72b73ba127e06d8e79\"},\"headline\":\"Guterres, \u0130nsan Haklar\u0131 \u00d6d\u00fcl T\u00f6reni&#039;nde, Gazze&#039;de ya\u015fanan &quot;ac\u0131lara&quot; dikkati \u00e7ekti\",\"datePublished\":\"2023-12-15T22:08:38+00:00\",\"mainEntityOfPage\":{\"@id\":\"https:\\\/\\\/kibrisdakik.com\\\/?p=22454\"},\"wordCount\":571,\"commentCount\":0,\"image\":{\"@id\":\"https:\\\/\\\/kibrisdakik.com\\\/?p=22454#primaryimage\"},\"thumbnailUrl\":\"https:\\\/\\\/kibrisdakik.com\\\/wp-content\\\/uploads\\\/2023\\\/12\\\/guterres-insan-haklari-odul-toreninde-gazzede-yasanan-acilara-dikkati-cekti-1702676509.webp.webp\",\"articleSection\":[\"Ekonomi\"],\"inLanguage\":\"tr\",\"potentialAction\":[{\"@type\":\"CommentAction\",\"name\":\"Comment\",\"target\":[\"https:\\\/\\\/kibrisdakik.com\\\/?p=22454#respond\"]}]},{\"@type\":\"WebPage\",\"@id\":\"https:\\\/\\\/kibrisdakik.com\\\/?p=22454\",\"url\":\"https:\\\/\\\/kibrisdakik.com\\\/?p=22454\",\"name\":\"Guterres, \u0130nsan Haklar\u0131 \u00d6d\u00fcl T\u00f6reni&#039;nde, Gazze&#039;de ya\u015fanan &quot;ac\u0131lara&quot; dikkati \u00e7ekti -\",\"isPartOf\":{\"@id\":\"https:\\\/\\\/kibrisdakik.com\\\/#website\"},\"primaryImageOfPage\":{\"@id\":\"https:\\\/\\\/kibrisdakik.com\\\/?p=22454#primaryimage\"},\"image\":{\"@id\":\"https:\\\/\\\/kibrisdakik.com\\\/?p=22454#primaryimage\"},\"thumbnailUrl\":\"https:\\\/\\\/kibrisdakik.com\\\/wp-content\\\/uploads\\\/2023\\\/12\\\/guterres-insan-haklari-odul-toreninde-gazzede-yasanan-acilara-dikkati-cekti-1702676509.webp.webp\",\"datePublished\":\"2023-12-15T22:08:38+00:00\",\"author\":{\"@id\":\"https:\\\/\\\/kibrisdakik.com\\\/#\\\/schema\\\/person\\\/9cd9d437bbb44f72b73ba127e06d8e79\"},\"breadcrumb\":{\"@id\":\"https:\\\/\\\/kibrisdakik.com\\\/?p=22454#breadcrumb\"},\"inLanguage\":\"tr\",\"potentialAction\":[{\"@type\":\"ReadAction\",\"target\":[\"https:\\\/\\\/kibrisdakik.com\\\/?p=22454\"]}]},{\"@type\":\"ImageObject\",\"inLanguage\":\"tr\",\"@id\":\"https:\\\/\\\/kibrisdakik.com\\\/?p=22454#primaryimage\",\"url\":\"https:\\\/\\\/kibrisdakik.com\\\/wp-content\\\/uploads\\\/2023\\\/12\\\/guterres-insan-haklari-odul-toreninde-gazzede-yasanan-acilara-dikkati-cekti-1702676509.webp.webp\",\"contentUrl\":\"https:\\\/\\\/kibrisdakik.com\\\/wp-content\\\/uploads\\\/2023\\\/12\\\/guterres-insan-haklari-odul-toreninde-gazzede-yasanan-acilara-dikkati-cekti-1702676509.webp.webp\",\"width\":710,\"height\":370},{\"@type\":\"BreadcrumbList\",\"@id\":\"https:\\\/\\\/kibrisdakik.com\\\/?p=22454#breadcrumb\",\"itemListElement\":[{\"@type\":\"ListItem\",\"position\":1,\"name\":\"Home\",\"item\":\"https:\\\/\\\/kibrisdakik.com\\\/\"},{\"@type\":\"ListItem\",\"position\":2,\"name\":\"Guterres, \u0130nsan Haklar\u0131 \u00d6d\u00fcl T\u00f6reni&#039;nde, Gazze&#039;de ya\u015fanan &quot;ac\u0131lara&quot; dikkati \u00e7ekti\"}]},{\"@type\":\"WebSite\",\"@id\":\"https:\\\/\\\/kibrisdakik.com\\\/#website\",\"url\":\"https:\\\/\\\/kibrisdakik.com\\\/\",\"name\":\"\",\"description\":\"Tam vaktinde haber\",\"potentialAction\":[{\"@type\":\"SearchAction\",\"target\":{\"@type\":\"EntryPoint\",\"urlTemplate\":\"https:\\\/\\\/kibrisdakik.com\\\/?s={search_term_string}\"},\"query-input\":{\"@type\":\"PropertyValueSpecification\",\"valueRequired\":true,\"valueName\":\"search_term_string\"}}],\"inLanguage\":\"tr\"},{\"@type\":\"Person\",\"@id\":\"https:\\\/\\\/kibrisdakik.com\\\/#\\\/schema\\\/person\\\/9cd9d437bbb44f72b73ba127e06d8e79\",\"name\":\"admin\",\"image\":{\"@type\":\"ImageObject\",\"inLanguage\":\"tr\",\"@id\":\"https:\\\/\\\/secure.gravatar.com\\\/avatar\\\/ccc17943b9d660506c869530f897617f7cb1c21a4bf30023f252596d83e1f007?s=96&d=mm&r=g\",\"url\":\"https:\\\/\\\/secure.gravatar.com\\\/avatar\\\/ccc17943b9d660506c869530f897617f7cb1c21a4bf30023f252596d83e1f007?s=96&d=mm&r=g\",\"contentUrl\":\"https:\\\/\\\/secure.gravatar.com\\\/avatar\\\/ccc17943b9d660506c869530f897617f7cb1c21a4bf30023f252596d83e1f007?s=96&d=mm&r=g\",\"caption\":\"admin\"},\"sameAs\":[\"https:\\\/\\\/kibrisdakik.com\"],\"url\":\"https:\\\/\\\/kibrisdakik.com\\\/?author=1\"}]}<\/script>\n<!-- \/ Yoast SEO plugin. -->","yoast_head_json":{"title":"Guterres, \u0130nsan Haklar\u0131 \u00d6d\u00fcl T\u00f6reni&#039;nde, Gazze&#039;de ya\u015fanan &quot;ac\u0131lara&quot; dikkati \u00e7ekti -","robots":{"index":"index","follow":"follow","max-snippet":"max-snippet:-1","max-image-preview":"max-image-preview:large","max-video-preview":"max-video-preview:-1"},"canonical":"https:\/\/kibrisdakik.com\/?p=22454","og_locale":"tr_TR","og_type":"article","og_title":"Guterres, \u0130nsan Haklar\u0131 \u00d6d\u00fcl T\u00f6reni&#039;nde, Gazze&#039;de ya\u015fanan &quot;ac\u0131lara&quot; dikkati \u00e7ekti -","og_description":"BM&#8217;nin New York&#8217;taki Genel Kurulu&#8217;nda, \u0130nsan Haklar\u0131 Evrensel Beyannamesi&#8217;nin 75. y\u0131l\u0131 i\u00e7in belirlenen BM \u0130nsan Haklar\u0131 \u00d6d\u00fclleri sahiplerine takdim edildi. \u00d6d\u00fcl t\u00f6reninde konu\u015fan Guterres, 7 Ekim&#8217;de ba\u015flayan \u00e7at\u0131\u015fmalar sonras\u0131nda &#8220;Gazze&#8217;de her g\u00fcn dramatik \u00f6l\u00fcmlere ve ac\u0131lara tan\u0131k olduklar\u0131na&#8221; ve &#8220;siviller a\u00e7\u0131s\u0131ndan korkun\u00e7 sonu\u00e7lara yol a\u00e7an \u00e7at\u0131\u015fmalar\u0131n t\u00fcm \u015fiddetiyle s\u00fcrd\u00fc\u011f\u00fcne&#8221; dikkati \u00e7ekti. Guterres, &#8220;D\u00fcnyan\u0131n, antisemitizme, M\u00fcsl\u00fcman","og_url":"https:\/\/kibrisdakik.com\/?p=22454","article_published_time":"2023-12-15T22:08:38+00:00","og_image":[{"width":710,"height":370,"url":"https:\/\/kibrisdakik.com\/wp-content\/uploads\/2023\/12\/guterres-insan-haklari-odul-toreninde-gazzede-yasanan-acilara-dikkati-cekti-1702676509.webp.webp","type":"image\/webp"}],"author":"admin","twitter_card":"summary_large_image","twitter_misc":{"Yazan:":"admin","Tahmini okuma s\u00fcresi":"3 dakika"},"schema":{"@context":"https:\/\/schema.org","@graph":[{"@type":"Article","@id":"https:\/\/kibrisdakik.com\/?p=22454#article","isPartOf":{"@id":"https:\/\/kibrisdakik.com\/?p=22454"},"author":{"name":"admin","@id":"https:\/\/kibrisdakik.com\/#\/schema\/person\/9cd9d437bbb44f72b73ba127e06d8e79"},"headline":"Guterres, \u0130nsan Haklar\u0131 \u00d6d\u00fcl T\u00f6reni&#039;nde, Gazze&#039;de ya\u015fanan &quot;ac\u0131lara&quot; dikkati \u00e7ekti","datePublished":"2023-12-15T22:08:38+00:00","mainEntityOfPage":{"@id":"https:\/\/kibrisdakik.com\/?p=22454"},"wordCount":571,"commentCount":0,"image":{"@id":"https:\/\/kibrisdakik.com\/?p=22454#primaryimage"},"thumbnailUrl":"https:\/\/kibrisdakik.com\/wp-content\/uploads\/2023\/12\/guterres-insan-haklari-odul-toreninde-gazzede-yasanan-acilara-dikkati-cekti-1702676509.webp.webp","articleSection":["Ekonomi"],"inLanguage":"tr","potentialAction":[{"@type":"CommentAction","name":"Comment","target":["https:\/\/kibrisdakik.com\/?p=22454#respond"]}]},{"@type":"WebPage","@id":"https:\/\/kibrisdakik.com\/?p=22454","url":"https:\/\/kibrisdakik.com\/?p=22454","name":"Guterres, \u0130nsan Haklar\u0131 \u00d6d\u00fcl T\u00f6reni&#039;nde, Gazze&#039;de ya\u015fanan &quot;ac\u0131lara&quot; dikkati \u00e7ekti -","isPartOf":{"@id":"https:\/\/kibrisdakik.com\/#website"},"primaryImageOfPage":{"@id":"https:\/\/kibrisdakik.com\/?p=22454#primaryimage"},"image":{"@id":"https:\/\/kibrisdakik.com\/?p=22454#primaryimage"},"thumbnailUrl":"https:\/\/kibrisdakik.com\/wp-content\/uploads\/2023\/12\/guterres-insan-haklari-odul-toreninde-gazzede-yasanan-acilara-dikkati-cekti-1702676509.webp.webp","datePublished":"2023-12-15T22:08:38+00:00","author":{"@id":"https:\/\/kibrisdakik.com\/#\/schema\/person\/9cd9d437bbb44f72b73ba127e06d8e79"},"breadcrumb":{"@id":"https:\/\/kibrisdakik.com\/?p=22454#breadcrumb"},"inLanguage":"tr","potentialAction":[{"@type":"ReadAction","target":["https:\/\/kibrisdakik.com\/?p=22454"]}]},{"@type":"ImageObject","inLanguage":"tr","@id":"https:\/\/kibrisdakik.com\/?p=22454#primaryimage","url":"https:\/\/kibrisdakik.com\/wp-content\/uploads\/2023\/12\/guterres-insan-haklari-odul-toreninde-gazzede-yasanan-acilara-dikkati-cekti-1702676509.webp.webp","contentUrl":"https:\/\/kibrisdakik.com\/wp-content\/uploads\/2023\/12\/guterres-insan-haklari-odul-toreninde-gazzede-yasanan-acilara-dikkati-cekti-1702676509.webp.webp","width":710,"height":370},{"@type":"BreadcrumbList","@id":"https:\/\/kibrisdakik.com\/?p=22454#breadcrumb","itemListElement":[{"@type":"ListItem","position":1,"name":"Home","item":"https:\/\/kibrisdakik.com\/"},{"@type":"ListItem","position":2,"name":"Guterres, \u0130nsan Haklar\u0131 \u00d6d\u00fcl T\u00f6reni&#039;nde, Gazze&#039;de ya\u015fanan &quot;ac\u0131lara&quot; dikkati \u00e7ekti"}]},{"@type":"WebSite","@id":"https:\/\/kibrisdakik.com\/#website","url":"https:\/\/kibrisdakik.com\/","name":"","description":"Tam vaktinde haber","potentialAction":[{"@type":"SearchAction","target":{"@type":"EntryPoint","urlTemplate":"https:\/\/kibrisdakik.com\/?s={search_term_string}"},"query-input":{"@type":"PropertyValueSpecification","valueRequired":true,"valueName":"search_term_string"}}],"inLanguage":"tr"},{"@type":"Person","@id":"https:\/\/kibrisdakik.com\/#\/schema\/person\/9cd9d437bbb44f72b73ba127e06d8e79","name":"admin","image":{"@type":"ImageObject","inLanguage":"tr","@id":"https:\/\/secure.gravatar.com\/avatar\/ccc17943b9d660506c869530f897617f7cb1c21a4bf30023f252596d83e1f007?s=96&d=mm&r=g","url":"https:\/\/secure.gravatar.com\/avatar\/ccc17943b9d660506c869530f897617f7cb1c21a4bf30023f252596d83e1f007?s=96&d=mm&r=g","contentUrl":"https:\/\/secure.gravatar.com\/avatar\/ccc17943b9d660506c869530f897617f7cb1c21a4bf30023f252596d83e1f007?s=96&d=mm&r=g","caption":"admin"},"sameAs":["https:\/\/kibrisdakik.com"],"url":"https:\/\/kibrisdakik.com\/?author=1"}]}},"_links":{"self":[{"href":"https:\/\/kibrisdakik.com\/index.php?rest_route=\/wp\/v2\/posts\/22454","targetHints":{"allow":["GET"]}}],"collection":[{"href":"https:\/\/kibrisdakik.com\/index.php?rest_route=\/wp\/v2\/posts"}],"about":[{"href":"https:\/\/kibrisdakik.com\/index.php?rest_route=\/wp\/v2\/types\/post"}],"author":[{"embeddable":true,"href":"https:\/\/kibrisdakik.com\/index.php?rest_route=\/wp\/v2\/users\/1"}],"replies":[{"embeddable":true,"href":"https:\/\/kibrisdakik.com\/index.php?rest_route=%2Fwp%2Fv2%2Fcomments&post=22454"}],"version-history":[{"count":0,"href":"https:\/\/kibrisdakik.com\/index.php?rest_route=\/wp\/v2\/posts\/22454\/revisions"}],"wp:featuredmedia":[{"embeddable":true,"href":"https:\/\/kibrisdakik.com\/index.php?rest_route=\/wp\/v2\/media\/22455"}],"wp:attachment":[{"href":"https:\/\/kibrisdakik.com\/index.php?rest_route=%2Fwp%2Fv2%2Fmedia&parent=22454"}],"wp:term":[{"taxonomy":"category","embeddable":true,"href":"https:\/\/kibrisdakik.com\/index.php?rest_route=%2Fwp%2Fv2%2Fcategories&post=22454"},{"taxonomy":"post_tag","embeddable":true,"href":"https:\/\/kibrisdakik.com\/index.php?rest_route=%2Fwp%2Fv2%2Ftags&post=22454"}],"curies":[{"name":"wp","href":"https:\/\/api.w.org\/{rel}","templated":true}]}}