{"id":22498,"date":"2023-12-16T09:43:33","date_gmt":"2023-12-16T09:43:33","guid":{"rendered":"https:\/\/kibrisdakik.com\/index.php\/2023\/12\/16\/lefkede-park-halindeki-aracta-cikan-yangin-sonduruldu\/"},"modified":"2023-12-16T09:43:33","modified_gmt":"2023-12-16T09:43:33","slug":"lefkede-park-halindeki-aracta-cikan-yangin-sonduruldu","status":"publish","type":"post","link":"https:\/\/kibrisdakik.com\/?p=22498","title":{"rendered":"Lefke\u2019de park halindeki ara\u00e7ta \u00e7\u0131kan yang\u0131n s\u00f6nd\u00fcr\u00fcld\u00fc"},"content":{"rendered":"<p><img decoding=\"async\" src=\"https:\/\/www.kibristurk.com\/images\/haberler\/2023\/12\/lefkede-park-halindeki-aracta-cikan-yangin-sonduruldu-1702719032.webp\" \/><\/p>\n<p>Polis Bas\u0131n Subayl\u0131\u011f\u0131\u2019ndan yap\u0131lan a\u00e7\u0131klamaya g\u00f6re, d\u00fcn saat 10.00 s\u0131ralar\u0131nda, Lefke\u2019de Pir Pa\u015fa Sokak \u00fczerinde, Emel Azim\u2019e ait park halinde bulunan HS 191 plakal\u0131 salon ara\u00e7ta, muhtemelen arac\u0131n \u00f6n i\u00e7 k\u0131sm\u0131nda bulunan sigorta panelinde meydana gelen k\u0131sa devre sonucu, bahse konu ara\u00e7ta yang\u0131n meydana geldi.<\/p>\n<p>Yang\u0131n itfaiye ekipleri taraf\u0131ndan s\u00f6nd\u00fcr\u00fcl\u00fcrken, \u00e7\u0131kan yang\u0131n sonucu, bahse konu arac\u0131n \u00f6n g\u00f6\u011f\u00fcs k\u0131sm\u0131 ile sigorta kablolar\u0131 yanarak zarar g\u00f6rd\u00fc.<\/p>\n<p>Soru\u015fturma devam ediyor.<\/p>\n","protected":false},"excerpt":{"rendered":"<p>Polis Bas\u0131n Subayl\u0131\u011f\u0131\u2019ndan yap\u0131lan a\u00e7\u0131klamaya g\u00f6re, d\u00fcn saat 10.00 s\u0131ralar\u0131nda, Lefke\u2019de Pir Pa\u015fa Sokak \u00fczerinde, Emel Azim\u2019e ait park halinde bulunan HS 191 plakal\u0131 salon ara\u00e7ta, muhtemelen arac\u0131n \u00f6n i\u00e7 k\u0131sm\u0131nda bulunan sigorta panelinde meydana gelen k\u0131sa devre sonucu, bahse konu ara\u00e7ta yang\u0131n meydana geldi. Yang\u0131n itfaiye ekipleri taraf\u0131ndan s\u00f6nd\u00fcr\u00fcl\u00fcrken, \u00e7\u0131kan yang\u0131n sonucu, bahse konu<\/p>\n","protected":false},"author":1,"featured_media":22499,"comment_status":"open","ping_status":"open","sticky":false,"template":"","format":"standard","meta":{"footnotes":""},"categories":[1],"tags":[],"class_list":["post-22498","post","type-post","status-publish","format-standard","has-post-thumbnail","hentry","category-gundem"],"yoast_head":"<!-- This site is optimized with the Yoast SEO plugin v27.4 - https:\/\/yoast.com\/product\/yoast-seo-wordpress\/ -->\n<title>Lefke\u2019de park halindeki ara\u00e7ta \u00e7\u0131kan yang\u0131n s\u00f6nd\u00fcr\u00fcld\u00fc -<\/title>\n<meta name=\"robots\" content=\"index, follow, max-snippet:-1, max-image-preview:large, max-video-preview:-1\" \/>\n<link rel=\"canonical\" href=\"https:\/\/kibrisdakik.com\/?p=22498\" \/>\n<meta property=\"og:locale\" content=\"tr_TR\" \/>\n<meta property=\"og:type\" content=\"article\" \/>\n<meta property=\"og:title\" content=\"Lefke\u2019de park halindeki ara\u00e7ta \u00e7\u0131kan yang\u0131n s\u00f6nd\u00fcr\u00fcld\u00fc -\" \/>\n<meta property=\"og:description\" content=\"Polis Bas\u0131n Subayl\u0131\u011f\u0131\u2019ndan yap\u0131lan a\u00e7\u0131klamaya g\u00f6re, d\u00fcn saat 10.00 s\u0131ralar\u0131nda, Lefke\u2019de Pir Pa\u015fa Sokak \u00fczerinde, Emel Azim\u2019e ait park halinde bulunan HS 191 plakal\u0131 salon ara\u00e7ta, muhtemelen arac\u0131n \u00f6n i\u00e7 k\u0131sm\u0131nda bulunan sigorta panelinde meydana gelen k\u0131sa devre sonucu, bahse konu ara\u00e7ta yang\u0131n meydana geldi. Yang\u0131n itfaiye ekipleri taraf\u0131ndan s\u00f6nd\u00fcr\u00fcl\u00fcrken, \u00e7\u0131kan yang\u0131n sonucu, bahse konu\" \/>\n<meta property=\"og:url\" content=\"https:\/\/kibrisdakik.com\/?p=22498\" \/>\n<meta property=\"article:published_time\" content=\"2023-12-16T09:43:33+00:00\" \/>\n<meta property=\"og:image\" content=\"https:\/\/kibrisdakik.com\/wp-content\/uploads\/2023\/12\/lefkede-park-halindeki-aracta-cikan-yangin-sonduruldu-1702719032.webp.webp\" \/>\n\t<meta property=\"og:image:width\" content=\"710\" \/>\n\t<meta property=\"og:image:height\" content=\"370\" \/>\n\t<meta property=\"og:image:type\" content=\"image\/webp\" \/>\n<meta name=\"author\" content=\"admin\" \/>\n<meta name=\"twitter:card\" content=\"summary_large_image\" \/>\n<meta name=\"twitter:label1\" content=\"Yazan:\" \/>\n\t<meta name=\"twitter:data1\" content=\"admin\" \/>\n<script type=\"application\/ld+json\" class=\"yoast-schema-graph\">{\"@context\":\"https:\\\/\\\/schema.org\",\"@graph\":[{\"@type\":\"Article\",\"@id\":\"https:\\\/\\\/kibrisdakik.com\\\/?p=22498#article\",\"isPartOf\":{\"@id\":\"https:\\\/\\\/kibrisdakik.com\\\/?p=22498\"},\"author\":{\"name\":\"admin\",\"@id\":\"https:\\\/\\\/kibrisdakik.com\\\/#\\\/schema\\\/person\\\/9cd9d437bbb44f72b73ba127e06d8e79\"},\"headline\":\"Lefke\u2019de park halindeki ara\u00e7ta \u00e7\u0131kan yang\u0131n s\u00f6nd\u00fcr\u00fcld\u00fc\",\"datePublished\":\"2023-12-16T09:43:33+00:00\",\"mainEntityOfPage\":{\"@id\":\"https:\\\/\\\/kibrisdakik.com\\\/?p=22498\"},\"wordCount\":109,\"commentCount\":0,\"image\":{\"@id\":\"https:\\\/\\\/kibrisdakik.com\\\/?p=22498#primaryimage\"},\"thumbnailUrl\":\"https:\\\/\\\/kibrisdakik.com\\\/wp-content\\\/uploads\\\/2023\\\/12\\\/lefkede-park-halindeki-aracta-cikan-yangin-sonduruldu-1702719032.webp.webp\",\"articleSection\":[\"G\u00fcndem\"],\"inLanguage\":\"tr\",\"potentialAction\":[{\"@type\":\"CommentAction\",\"name\":\"Comment\",\"target\":[\"https:\\\/\\\/kibrisdakik.com\\\/?p=22498#respond\"]}]},{\"@type\":\"WebPage\",\"@id\":\"https:\\\/\\\/kibrisdakik.com\\\/?p=22498\",\"url\":\"https:\\\/\\\/kibrisdakik.com\\\/?p=22498\",\"name\":\"Lefke\u2019de park halindeki ara\u00e7ta \u00e7\u0131kan yang\u0131n s\u00f6nd\u00fcr\u00fcld\u00fc -\",\"isPartOf\":{\"@id\":\"https:\\\/\\\/kibrisdakik.com\\\/#website\"},\"primaryImageOfPage\":{\"@id\":\"https:\\\/\\\/kibrisdakik.com\\\/?p=22498#primaryimage\"},\"image\":{\"@id\":\"https:\\\/\\\/kibrisdakik.com\\\/?p=22498#primaryimage\"},\"thumbnailUrl\":\"https:\\\/\\\/kibrisdakik.com\\\/wp-content\\\/uploads\\\/2023\\\/12\\\/lefkede-park-halindeki-aracta-cikan-yangin-sonduruldu-1702719032.webp.webp\",\"datePublished\":\"2023-12-16T09:43:33+00:00\",\"author\":{\"@id\":\"https:\\\/\\\/kibrisdakik.com\\\/#\\\/schema\\\/person\\\/9cd9d437bbb44f72b73ba127e06d8e79\"},\"breadcrumb\":{\"@id\":\"https:\\\/\\\/kibrisdakik.com\\\/?p=22498#breadcrumb\"},\"inLanguage\":\"tr\",\"potentialAction\":[{\"@type\":\"ReadAction\",\"target\":[\"https:\\\/\\\/kibrisdakik.com\\\/?p=22498\"]}]},{\"@type\":\"ImageObject\",\"inLanguage\":\"tr\",\"@id\":\"https:\\\/\\\/kibrisdakik.com\\\/?p=22498#primaryimage\",\"url\":\"https:\\\/\\\/kibrisdakik.com\\\/wp-content\\\/uploads\\\/2023\\\/12\\\/lefkede-park-halindeki-aracta-cikan-yangin-sonduruldu-1702719032.webp.webp\",\"contentUrl\":\"https:\\\/\\\/kibrisdakik.com\\\/wp-content\\\/uploads\\\/2023\\\/12\\\/lefkede-park-halindeki-aracta-cikan-yangin-sonduruldu-1702719032.webp.webp\",\"width\":710,\"height\":370},{\"@type\":\"BreadcrumbList\",\"@id\":\"https:\\\/\\\/kibrisdakik.com\\\/?p=22498#breadcrumb\",\"itemListElement\":[{\"@type\":\"ListItem\",\"position\":1,\"name\":\"Home\",\"item\":\"https:\\\/\\\/kibrisdakik.com\\\/\"},{\"@type\":\"ListItem\",\"position\":2,\"name\":\"Lefke\u2019de park halindeki ara\u00e7ta \u00e7\u0131kan yang\u0131n s\u00f6nd\u00fcr\u00fcld\u00fc\"}]},{\"@type\":\"WebSite\",\"@id\":\"https:\\\/\\\/kibrisdakik.com\\\/#website\",\"url\":\"https:\\\/\\\/kibrisdakik.com\\\/\",\"name\":\"\",\"description\":\"Tam vaktinde haber\",\"potentialAction\":[{\"@type\":\"SearchAction\",\"target\":{\"@type\":\"EntryPoint\",\"urlTemplate\":\"https:\\\/\\\/kibrisdakik.com\\\/?s={search_term_string}\"},\"query-input\":{\"@type\":\"PropertyValueSpecification\",\"valueRequired\":true,\"valueName\":\"search_term_string\"}}],\"inLanguage\":\"tr\"},{\"@type\":\"Person\",\"@id\":\"https:\\\/\\\/kibrisdakik.com\\\/#\\\/schema\\\/person\\\/9cd9d437bbb44f72b73ba127e06d8e79\",\"name\":\"admin\",\"image\":{\"@type\":\"ImageObject\",\"inLanguage\":\"tr\",\"@id\":\"https:\\\/\\\/secure.gravatar.com\\\/avatar\\\/ccc17943b9d660506c869530f897617f7cb1c21a4bf30023f252596d83e1f007?s=96&d=mm&r=g\",\"url\":\"https:\\\/\\\/secure.gravatar.com\\\/avatar\\\/ccc17943b9d660506c869530f897617f7cb1c21a4bf30023f252596d83e1f007?s=96&d=mm&r=g\",\"contentUrl\":\"https:\\\/\\\/secure.gravatar.com\\\/avatar\\\/ccc17943b9d660506c869530f897617f7cb1c21a4bf30023f252596d83e1f007?s=96&d=mm&r=g\",\"caption\":\"admin\"},\"sameAs\":[\"https:\\\/\\\/kibrisdakik.com\"],\"url\":\"https:\\\/\\\/kibrisdakik.com\\\/?author=1\"}]}<\/script>\n<!-- \/ Yoast SEO plugin. -->","yoast_head_json":{"title":"Lefke\u2019de park halindeki ara\u00e7ta \u00e7\u0131kan yang\u0131n s\u00f6nd\u00fcr\u00fcld\u00fc -","robots":{"index":"index","follow":"follow","max-snippet":"max-snippet:-1","max-image-preview":"max-image-preview:large","max-video-preview":"max-video-preview:-1"},"canonical":"https:\/\/kibrisdakik.com\/?p=22498","og_locale":"tr_TR","og_type":"article","og_title":"Lefke\u2019de park halindeki ara\u00e7ta \u00e7\u0131kan yang\u0131n s\u00f6nd\u00fcr\u00fcld\u00fc -","og_description":"Polis Bas\u0131n Subayl\u0131\u011f\u0131\u2019ndan yap\u0131lan a\u00e7\u0131klamaya g\u00f6re, d\u00fcn saat 10.00 s\u0131ralar\u0131nda, Lefke\u2019de Pir Pa\u015fa Sokak \u00fczerinde, Emel Azim\u2019e ait park halinde bulunan HS 191 plakal\u0131 salon ara\u00e7ta, muhtemelen arac\u0131n \u00f6n i\u00e7 k\u0131sm\u0131nda bulunan sigorta panelinde meydana gelen k\u0131sa devre sonucu, bahse konu ara\u00e7ta yang\u0131n meydana geldi. Yang\u0131n itfaiye ekipleri taraf\u0131ndan s\u00f6nd\u00fcr\u00fcl\u00fcrken, \u00e7\u0131kan yang\u0131n sonucu, bahse konu","og_url":"https:\/\/kibrisdakik.com\/?p=22498","article_published_time":"2023-12-16T09:43:33+00:00","og_image":[{"width":710,"height":370,"url":"https:\/\/kibrisdakik.com\/wp-content\/uploads\/2023\/12\/lefkede-park-halindeki-aracta-cikan-yangin-sonduruldu-1702719032.webp.webp","type":"image\/webp"}],"author":"admin","twitter_card":"summary_large_image","twitter_misc":{"Yazan:":"admin"},"schema":{"@context":"https:\/\/schema.org","@graph":[{"@type":"Article","@id":"https:\/\/kibrisdakik.com\/?p=22498#article","isPartOf":{"@id":"https:\/\/kibrisdakik.com\/?p=22498"},"author":{"name":"admin","@id":"https:\/\/kibrisdakik.com\/#\/schema\/person\/9cd9d437bbb44f72b73ba127e06d8e79"},"headline":"Lefke\u2019de park halindeki ara\u00e7ta \u00e7\u0131kan yang\u0131n s\u00f6nd\u00fcr\u00fcld\u00fc","datePublished":"2023-12-16T09:43:33+00:00","mainEntityOfPage":{"@id":"https:\/\/kibrisdakik.com\/?p=22498"},"wordCount":109,"commentCount":0,"image":{"@id":"https:\/\/kibrisdakik.com\/?p=22498#primaryimage"},"thumbnailUrl":"https:\/\/kibrisdakik.com\/wp-content\/uploads\/2023\/12\/lefkede-park-halindeki-aracta-cikan-yangin-sonduruldu-1702719032.webp.webp","articleSection":["G\u00fcndem"],"inLanguage":"tr","potentialAction":[{"@type":"CommentAction","name":"Comment","target":["https:\/\/kibrisdakik.com\/?p=22498#respond"]}]},{"@type":"WebPage","@id":"https:\/\/kibrisdakik.com\/?p=22498","url":"https:\/\/kibrisdakik.com\/?p=22498","name":"Lefke\u2019de park halindeki ara\u00e7ta \u00e7\u0131kan yang\u0131n s\u00f6nd\u00fcr\u00fcld\u00fc -","isPartOf":{"@id":"https:\/\/kibrisdakik.com\/#website"},"primaryImageOfPage":{"@id":"https:\/\/kibrisdakik.com\/?p=22498#primaryimage"},"image":{"@id":"https:\/\/kibrisdakik.com\/?p=22498#primaryimage"},"thumbnailUrl":"https:\/\/kibrisdakik.com\/wp-content\/uploads\/2023\/12\/lefkede-park-halindeki-aracta-cikan-yangin-sonduruldu-1702719032.webp.webp","datePublished":"2023-12-16T09:43:33+00:00","author":{"@id":"https:\/\/kibrisdakik.com\/#\/schema\/person\/9cd9d437bbb44f72b73ba127e06d8e79"},"breadcrumb":{"@id":"https:\/\/kibrisdakik.com\/?p=22498#breadcrumb"},"inLanguage":"tr","potentialAction":[{"@type":"ReadAction","target":["https:\/\/kibrisdakik.com\/?p=22498"]}]},{"@type":"ImageObject","inLanguage":"tr","@id":"https:\/\/kibrisdakik.com\/?p=22498#primaryimage","url":"https:\/\/kibrisdakik.com\/wp-content\/uploads\/2023\/12\/lefkede-park-halindeki-aracta-cikan-yangin-sonduruldu-1702719032.webp.webp","contentUrl":"https:\/\/kibrisdakik.com\/wp-content\/uploads\/2023\/12\/lefkede-park-halindeki-aracta-cikan-yangin-sonduruldu-1702719032.webp.webp","width":710,"height":370},{"@type":"BreadcrumbList","@id":"https:\/\/kibrisdakik.com\/?p=22498#breadcrumb","itemListElement":[{"@type":"ListItem","position":1,"name":"Home","item":"https:\/\/kibrisdakik.com\/"},{"@type":"ListItem","position":2,"name":"Lefke\u2019de park halindeki ara\u00e7ta \u00e7\u0131kan yang\u0131n s\u00f6nd\u00fcr\u00fcld\u00fc"}]},{"@type":"WebSite","@id":"https:\/\/kibrisdakik.com\/#website","url":"https:\/\/kibrisdakik.com\/","name":"","description":"Tam vaktinde haber","potentialAction":[{"@type":"SearchAction","target":{"@type":"EntryPoint","urlTemplate":"https:\/\/kibrisdakik.com\/?s={search_term_string}"},"query-input":{"@type":"PropertyValueSpecification","valueRequired":true,"valueName":"search_term_string"}}],"inLanguage":"tr"},{"@type":"Person","@id":"https:\/\/kibrisdakik.com\/#\/schema\/person\/9cd9d437bbb44f72b73ba127e06d8e79","name":"admin","image":{"@type":"ImageObject","inLanguage":"tr","@id":"https:\/\/secure.gravatar.com\/avatar\/ccc17943b9d660506c869530f897617f7cb1c21a4bf30023f252596d83e1f007?s=96&d=mm&r=g","url":"https:\/\/secure.gravatar.com\/avatar\/ccc17943b9d660506c869530f897617f7cb1c21a4bf30023f252596d83e1f007?s=96&d=mm&r=g","contentUrl":"https:\/\/secure.gravatar.com\/avatar\/ccc17943b9d660506c869530f897617f7cb1c21a4bf30023f252596d83e1f007?s=96&d=mm&r=g","caption":"admin"},"sameAs":["https:\/\/kibrisdakik.com"],"url":"https:\/\/kibrisdakik.com\/?author=1"}]}},"_links":{"self":[{"href":"https:\/\/kibrisdakik.com\/index.php?rest_route=\/wp\/v2\/posts\/22498","targetHints":{"allow":["GET"]}}],"collection":[{"href":"https:\/\/kibrisdakik.com\/index.php?rest_route=\/wp\/v2\/posts"}],"about":[{"href":"https:\/\/kibrisdakik.com\/index.php?rest_route=\/wp\/v2\/types\/post"}],"author":[{"embeddable":true,"href":"https:\/\/kibrisdakik.com\/index.php?rest_route=\/wp\/v2\/users\/1"}],"replies":[{"embeddable":true,"href":"https:\/\/kibrisdakik.com\/index.php?rest_route=%2Fwp%2Fv2%2Fcomments&post=22498"}],"version-history":[{"count":0,"href":"https:\/\/kibrisdakik.com\/index.php?rest_route=\/wp\/v2\/posts\/22498\/revisions"}],"wp:featuredmedia":[{"embeddable":true,"href":"https:\/\/kibrisdakik.com\/index.php?rest_route=\/wp\/v2\/media\/22499"}],"wp:attachment":[{"href":"https:\/\/kibrisdakik.com\/index.php?rest_route=%2Fwp%2Fv2%2Fmedia&parent=22498"}],"wp:term":[{"taxonomy":"category","embeddable":true,"href":"https:\/\/kibrisdakik.com\/index.php?rest_route=%2Fwp%2Fv2%2Fcategories&post=22498"},{"taxonomy":"post_tag","embeddable":true,"href":"https:\/\/kibrisdakik.com\/index.php?rest_route=%2Fwp%2Fv2%2Ftags&post=22498"}],"curies":[{"name":"wp","href":"https:\/\/api.w.org\/{rel}","templated":true}]}}